{"id":2086,"date":"2020-12-14T16:04:51","date_gmt":"2020-12-14T16:04:51","guid":{"rendered":"https:\/\/www.latribunedufaso.net\/?p=2086"},"modified":"2020-12-14T16:04:51","modified_gmt":"2020-12-14T16:04:51","slug":"ressources-minieres-lorpaillage-emploie-plus-que-lindustriel","status":"publish","type":"post","link":"https:\/\/www.latribunedufaso.net\/?p=2086","title":{"rendered":"Ressources mini\u00e8res : L\u2019orpaillage emploie plus que l&rsquo;industriel"},"content":{"rendered":"<p><strong><span style=\"font-size: 1.0625rem;\">Les 08 et 09 d\u00e9cembre 2020, le R\u00e9seau national de lutte anti-corruption (REN-LAC) a anim\u00e9 un forum national sur la transparence et la redevabilit\u00e9 dans la gestion des ressources mini\u00e8res au Burkina Faso, au niveau de la salle de spectacle du Centre national du spectacle et de l\u2019audiovisuel (CENASA) \u00e0 Ouagadougou. Ledit forum comptait pour la 15e \u00e9dition des Journ\u00e9es nationales du refus de la corruption (JNRC).<\/span><\/strong><!--more--><\/p>\n<p><a href=\"https:\/\/latribunedufaso.net\/wp-content\/uploads\/2020\/12\/IMG-20201210-WA0008.jpg\"><img loading=\"lazy\" decoding=\"async\" class=\"size-medium wp-image-2087 aligncenter\" src=\"https:\/\/latribunedufaso.net\/wp-content\/uploads\/2020\/12\/IMG-20201210-WA0008-300x193.jpg\" alt=\"\" width=\"300\" height=\"193\" srcset=\"https:\/\/www.latribunedufaso.net\/wp-content\/uploads\/2020\/12\/IMG-20201210-WA0008-300x193.jpg 300w, https:\/\/www.latribunedufaso.net\/wp-content\/uploads\/2020\/12\/IMG-20201210-WA0008.jpg 682w\" sizes=\"auto, (max-width: 300px) 100vw, 300px\" \/><\/a> Pour la deuxi\u00e8me journ\u00e9e du forum national sur la transparence et la redevabilit\u00e9 dans la gestion des ressources mini\u00e8res au Burkina Faso, initi\u00e9 par le R\u00e9seau national de lutte anti-corruption (REN-LAC), un panel sur la lutte contre la corruption dans le secteur minier a \u00e9t\u00e9 organis\u00e9. Ce panel, anim\u00e9 par le Pr Taladidia Thiombiano et Dr Ra-Sablaga Ou\u00e9draogo a \u00e9t\u00e9 mod\u00e9r\u00e9 par le Secr\u00e9taire g\u00e9n\u00e9ral (SG) de la Conf\u00e9d\u00e9ration g\u00e9n\u00e9rale des travailleurs du Burkina (CGTB), Bassolma Bazi\u00e9.<\/p>\n<p>Le Pr Taladidia Thiombiano a, pour sa part, trait\u00e9 de la th\u00e9matique : \u00ab la nationalisation des industries mini\u00e8res au Burkina : solution possible et faisabilit\u00e9 \u00bb. Il a tenu \u00e0 rappeler d\u00e8s l\u2019entame de son intervention que la nationalisation est une op\u00e9ration par laquelle la propri\u00e9t\u00e9 d\u2019une entreprise est transf\u00e9r\u00e9e \u00e0 la collectivit\u00e9 de mani\u00e8re \u00e0 la soustraire de la direction capitaliste. La conviction du Pr Taladidia Thiombiano est qu\u2019en nationalisant une soci\u00e9t\u00e9, l\u2019\u00c9tat fait un transfert du pouvoir d\u00e9cisionnel en g\u00e9n\u00e9ral, et des moyens de production en particulier, de ladite soci\u00e9t\u00e9 \u00e0 la nation. \u00ab Placer les ensembles \u00e9conomiques sous le contr\u00f4le et la direction de l\u2019\u00c9tat permet d\u2019orienter dans un certain sens l\u2019activit\u00e9 de l\u2019entreprise, qui \u00e9tait essentiellement priv\u00e9e, vers un int\u00e9r\u00eat g\u00e9n\u00e9ral \u00bb, explique-t-il. Pour une nationalisation, le professeur d\u2019\u00e9conomie pr\u00e9cise qu\u2019il y a des pr\u00e9alables \u00e0 remplir tels que le syst\u00e8me politique qui, \u00e0 d\u00e9faut d\u2019\u00eatre r\u00e9volutionnaire, doit \u00eatre nationaliste. A cela, il ajoute que les autorit\u00e9s politiques ne doivent pas \u00eatre parties prenantes dans ces soci\u00e9t\u00e9s mini\u00e8res ; ce qui est, estime-t-il, loin d\u2019\u00eatre le cas au Burkina Faso.<\/p>\n<p>\u00c0 la suite de l\u2019intervention du Pr Taladidia Thiombiano, est intervenu Dr Ra-Sablaga Ou\u00e9draogo. Il a \u00e9t\u00e9 question pour lui d\u2019aborder le th\u00e8me : \u00ab Ressources mini\u00e8res : que gagne le Burkina ? Que perd le Burkina ? \u00bb. <span style=\"font-size: 1.0625rem;\">Apr\u00e8s une analyse minutieuse des nombreux profits que le Burkina Faso peut tirer du secteur minier, il a port\u00e9 une analyse critique sur le taux d\u2019employabilit\u00e9 qu\u2019offre ce secteur au Burkinab\u00e9. \u00ab On se rend compte que le secteur de l\u2019orpaillage emploie plus d\u2019un million de personne au Burkina. \u00bb, renseigne-t-il avant de poursuivre : \u00ab le secteur de l\u2019exploitation industrielle emploie quelques dizaine de millier dans le meilleur des cas \u00bb. Pour ce dernier, le manque de strat\u00e9gie d\u2019industrialisation du secteur minier est \u00e0 la base de son sous-d\u00e9veloppement, \u00ab La d\u00e9ception se trouve dans les impacts \u00e9conomiques du secteur qui n\u2019a pas r\u00e9ussi une transformation industrielle \u00bb, confie-t-il. Il regrette \u00e9galement le fait que les recettes fiscales ne permettent pas de faire de l\u2019investissement public, \u00ab les recettes fiscales sont tr\u00e8s faibles parce qu\u2019elles sont b\u00e2ties sur un mod\u00e8le autre que celui vertueux \u00bb, a-t-il d\u00e9clar\u00e9.<\/span><\/p>\n<p><a href=\"https:\/\/latribunedufaso.net\/wp-content\/uploads\/2020\/12\/IMG-20201210-WA0010.jpg\"><img loading=\"lazy\" decoding=\"async\" class=\"size-medium wp-image-2088 aligncenter\" src=\"https:\/\/latribunedufaso.net\/wp-content\/uploads\/2020\/12\/IMG-20201210-WA0010-300x233.jpg\" alt=\"\" width=\"300\" height=\"233\" srcset=\"https:\/\/www.latribunedufaso.net\/wp-content\/uploads\/2020\/12\/IMG-20201210-WA0010-300x233.jpg 300w, https:\/\/www.latribunedufaso.net\/wp-content\/uploads\/2020\/12\/IMG-20201210-WA0010.jpg 640w\" sizes=\"auto, (max-width: 300px) 100vw, 300px\" \/><\/a><\/p>\n<p>Lors de son intervention, Dr Ra-Sablaga Ou\u00e9draogo n\u2019a pas manqu\u00e9 de fustiger les autorit\u00e9s politiques et les investisseurs \u00e9trangers dans les mines tout en s\u2019appuyant sur le taux du fond minier qui est de 1% et qui peine \u00e0 \u00eatre recouvr\u00e9 \u00e0 cause du marchandage entre pouvoir politique et investisseur. La question des d\u00e9g\u00e2ts environnementaux li\u00e9s \u00e0 l\u2019exploitation mini\u00e8re a de m\u00eame \u00e9t\u00e9 pass\u00e9e en revue. Pour le communicateur, hormis la destruction de l\u2019environnement avec son corollaire de pollution d\u2019eau, les d\u00e9g\u00e2ts environnementaux g\u00e9n\u00e8rent aussi des conflits sociaux avec l\u2019accaparement des terres des \u00ab sans voix \u00bb et des d\u00e9g\u00e2ts communautaires. Afin d\u2019aboutir \u00e0 une meilleure gestion des ressources mini\u00e8res qui profitera \u00e0 toute la population du Burkina, il invite les Organisations de la soci\u00e9t\u00e9 civile (OSC) et toute la population \u00e0 s\u2019engager dans la r\u00e9flexion et \u00e0 se mettre en rang de bataille. \u00ab Je nous engage \u00e0 r\u00e9fl\u00e9chir sur ce sujet au sein de la soci\u00e9t\u00e9 civile. Je m\u2019engage y compris \u00e0 porter plainte contre qui vous savez \u00bb a-t-il indiqu\u00e9. Il a conclu en rappelant que la bonne gouvernance du secteur minier ne viendra pas des hautes autorit\u00e9s du pays.<\/p>\n<p><strong>Tiba Kassamse Ou\u00e9draogo (Stagiaire)<\/strong><br \/>\n<strong>Latribunedufaso.net<\/strong><\/p>\n","protected":false},"excerpt":{"rendered":"<p>Les 08 et 09 d\u00e9cembre 2020, le R\u00e9seau national de lutte anti-corruption (REN-LAC) a anim\u00e9 un forum national sur la transparence et la redevabilit\u00e9 dans la gestion des ressources mini\u00e8res au Burkina Faso, au niveau de la salle de spectacle du Centre national du spectacle et de l\u2019audiovisuel (CENASA) \u00e0 Ouagadougou. Ledit forum comptait pour la 15e \u00e9dition des Journ\u00e9es nationales du refus de la corruption (JNRC).<\/p>\n","protected":false},"author":2,"featured_media":2089,"comment_status":"open","ping_status":"open","sticky":false,"template":"","format":"standard","meta":{"footnotes":""},"categories":[13,1,19],"tags":[],"class_list":["post-2086","post","type-post","status-publish","format-standard","has-post-thumbnail","hentry","category-une","category-actu","category-mines-et-carrieres"],"yoast_head":"<!-- This site is optimized with the Yoast SEO plugin v27.5 - https:\/\/yoast.com\/product\/yoast-seo-wordpress\/ -->\n<title>Ressources mini\u00e8res : L\u2019orpaillage emploie plus que l&#039;industriel - La Tribune du Faso<\/title>\n<meta name=\"robots\" content=\"index, follow, max-snippet:-1, max-image-preview:large, max-video-preview:-1\" \/>\n<link rel=\"canonical\" href=\"https:\/\/www.latribunedufaso.net\/?p=2086\" \/>\n<meta property=\"og:locale\" content=\"fr_FR\" \/>\n<meta property=\"og:type\" content=\"article\" \/>\n<meta property=\"og:title\" content=\"Ressources mini\u00e8res : L\u2019orpaillage emploie plus que l&#039;industriel - La Tribune du Faso\" \/>\n<meta property=\"og:description\" content=\"Les 08 et 09 d\u00e9cembre 2020, le R\u00e9seau national de lutte anti-corruption (REN-LAC) a anim\u00e9 un forum national sur la transparence et la redevabilit\u00e9 dans la gestion des ressources mini\u00e8res au Burkina Faso, au niveau de la salle de spectacle du Centre national du spectacle et de l\u2019audiovisuel (CENASA) \u00e0 Ouagadougou. Ledit forum comptait pour la 15e \u00e9dition des Journ\u00e9es nationales du refus de la corruption (JNRC).\" \/>\n<meta property=\"og:url\" content=\"https:\/\/www.latribunedufaso.net\/?p=2086\" \/>\n<meta property=\"og:site_name\" content=\"La Tribune du Faso\" \/>\n<meta property=\"article:publisher\" content=\"https:\/\/www.facebook.com\/LatribuneduFaso\/\" \/>\n<meta property=\"article:published_time\" content=\"2020-12-14T16:04:51+00:00\" \/>\n<meta property=\"og:image\" content=\"https:\/\/latribunedufaso.net\/wp-content\/uploads\/2020\/12\/img-8-small580.jpg\" \/>\n\t<meta property=\"og:image:width\" content=\"580\" \/>\n\t<meta property=\"og:image:height\" content=\"326\" \/>\n\t<meta property=\"og:image:type\" content=\"image\/jpeg\" \/>\n<meta name=\"author\" content=\"Administrateur\" \/>\n<meta name=\"twitter:label1\" content=\"\u00c9crit par\" \/>\n\t<meta name=\"twitter:data1\" content=\"Administrateur\" \/>\n\t<meta name=\"twitter:label2\" content=\"Dur\u00e9e de lecture estim\u00e9e\" \/>\n\t<meta name=\"twitter:data2\" content=\"4 minutes\" \/>\n<script type=\"application\/ld+json\" class=\"yoast-schema-graph\">{\"@context\":\"https:\\\/\\\/schema.org\",\"@graph\":[{\"@type\":\"Article\",\"@id\":\"https:\\\/\\\/www.latribunedufaso.net\\\/?p=2086#article\",\"isPartOf\":{\"@id\":\"https:\\\/\\\/www.latribunedufaso.net\\\/?p=2086\"},\"author\":{\"name\":\"Administrateur\",\"@id\":\"https:\\\/\\\/www.latribunedufaso.net\\\/#\\\/schema\\\/person\\\/a380782d0605bb8aae27c40ea93b35b1\"},\"headline\":\"Ressources mini\u00e8res : L\u2019orpaillage emploie plus que l&rsquo;industriel\",\"datePublished\":\"2020-12-14T16:04:51+00:00\",\"mainEntityOfPage\":{\"@id\":\"https:\\\/\\\/www.latribunedufaso.net\\\/?p=2086\"},\"wordCount\":789,\"commentCount\":0,\"publisher\":{\"@id\":\"https:\\\/\\\/www.latribunedufaso.net\\\/#organization\"},\"image\":{\"@id\":\"https:\\\/\\\/www.latribunedufaso.net\\\/?p=2086#primaryimage\"},\"thumbnailUrl\":\"https:\\\/\\\/www.latribunedufaso.net\\\/wp-content\\\/uploads\\\/2020\\\/12\\\/img-8-small580.jpg\",\"articleSection\":[\"A la une\",\"Actualit\u00e9\",\"Mines et Carri\u00e8res\"],\"inLanguage\":\"fr-FR\",\"potentialAction\":[{\"@type\":\"CommentAction\",\"name\":\"Comment\",\"target\":[\"https:\\\/\\\/www.latribunedufaso.net\\\/?p=2086#respond\"]}]},{\"@type\":\"WebPage\",\"@id\":\"https:\\\/\\\/www.latribunedufaso.net\\\/?p=2086\",\"url\":\"https:\\\/\\\/www.latribunedufaso.net\\\/?p=2086\",\"name\":\"Ressources mini\u00e8res : L\u2019orpaillage emploie plus que l'industriel - La Tribune du Faso\",\"isPartOf\":{\"@id\":\"https:\\\/\\\/www.latribunedufaso.net\\\/#website\"},\"primaryImageOfPage\":{\"@id\":\"https:\\\/\\\/www.latribunedufaso.net\\\/?p=2086#primaryimage\"},\"image\":{\"@id\":\"https:\\\/\\\/www.latribunedufaso.net\\\/?p=2086#primaryimage\"},\"thumbnailUrl\":\"https:\\\/\\\/www.latribunedufaso.net\\\/wp-content\\\/uploads\\\/2020\\\/12\\\/img-8-small580.jpg\",\"datePublished\":\"2020-12-14T16:04:51+00:00\",\"breadcrumb\":{\"@id\":\"https:\\\/\\\/www.latribunedufaso.net\\\/?p=2086#breadcrumb\"},\"inLanguage\":\"fr-FR\",\"potentialAction\":[{\"@type\":\"ReadAction\",\"target\":[\"https:\\\/\\\/www.latribunedufaso.net\\\/?p=2086\"]}]},{\"@type\":\"ImageObject\",\"inLanguage\":\"fr-FR\",\"@id\":\"https:\\\/\\\/www.latribunedufaso.net\\\/?p=2086#primaryimage\",\"url\":\"https:\\\/\\\/www.latribunedufaso.net\\\/wp-content\\\/uploads\\\/2020\\\/12\\\/img-8-small580.jpg\",\"contentUrl\":\"https:\\\/\\\/www.latribunedufaso.net\\\/wp-content\\\/uploads\\\/2020\\\/12\\\/img-8-small580.jpg\",\"width\":580,\"height\":326},{\"@type\":\"BreadcrumbList\",\"@id\":\"https:\\\/\\\/www.latribunedufaso.net\\\/?p=2086#breadcrumb\",\"itemListElement\":[{\"@type\":\"ListItem\",\"position\":1,\"name\":\"Accueil\",\"item\":\"https:\\\/\\\/www.latribunedufaso.net\\\/\"},{\"@type\":\"ListItem\",\"position\":2,\"name\":\"Ressources mini\u00e8res : L\u2019orpaillage emploie plus que l&#8217;industriel\"}]},{\"@type\":\"WebSite\",\"@id\":\"https:\\\/\\\/www.latribunedufaso.net\\\/#website\",\"url\":\"https:\\\/\\\/www.latribunedufaso.net\\\/\",\"name\":\"La Tribune du Faso\",\"description\":\"L&#039;information du monde rural en un clic\",\"publisher\":{\"@id\":\"https:\\\/\\\/www.latribunedufaso.net\\\/#organization\"},\"potentialAction\":[{\"@type\":\"SearchAction\",\"target\":{\"@type\":\"EntryPoint\",\"urlTemplate\":\"https:\\\/\\\/www.latribunedufaso.net\\\/?s={search_term_string}\"},\"query-input\":{\"@type\":\"PropertyValueSpecification\",\"valueRequired\":true,\"valueName\":\"search_term_string\"}}],\"inLanguage\":\"fr-FR\"},{\"@type\":\"Organization\",\"@id\":\"https:\\\/\\\/www.latribunedufaso.net\\\/#organization\",\"name\":\"La Tribune du Faso\",\"url\":\"https:\\\/\\\/www.latribunedufaso.net\\\/\",\"logo\":{\"@type\":\"ImageObject\",\"inLanguage\":\"fr-FR\",\"@id\":\"https:\\\/\\\/www.latribunedufaso.net\\\/#\\\/schema\\\/logo\\\/image\\\/\",\"url\":\"https:\\\/\\\/www.latribunedufaso.net\\\/wp-content\\\/uploads\\\/2020\\\/08\\\/Logo-Tribune-du-Faso-final-scaled.jpg\",\"contentUrl\":\"https:\\\/\\\/www.latribunedufaso.net\\\/wp-content\\\/uploads\\\/2020\\\/08\\\/Logo-Tribune-du-Faso-final-scaled.jpg\",\"width\":2560,\"height\":1856,\"caption\":\"La Tribune du Faso\"},\"image\":{\"@id\":\"https:\\\/\\\/www.latribunedufaso.net\\\/#\\\/schema\\\/logo\\\/image\\\/\"},\"sameAs\":[\"https:\\\/\\\/www.facebook.com\\\/LatribuneduFaso\\\/\"]},{\"@type\":\"Person\",\"@id\":\"https:\\\/\\\/www.latribunedufaso.net\\\/#\\\/schema\\\/person\\\/a380782d0605bb8aae27c40ea93b35b1\",\"name\":\"Administrateur\",\"image\":{\"@type\":\"ImageObject\",\"inLanguage\":\"fr-FR\",\"@id\":\"https:\\\/\\\/secure.gravatar.com\\\/avatar\\\/e20266f97d741f0e80ba1f60283074a9b3317fd7bfb727e0d95b51dafbf854a1?s=96&d=mm&r=g\",\"url\":\"https:\\\/\\\/secure.gravatar.com\\\/avatar\\\/e20266f97d741f0e80ba1f60283074a9b3317fd7bfb727e0d95b51dafbf854a1?s=96&d=mm&r=g\",\"contentUrl\":\"https:\\\/\\\/secure.gravatar.com\\\/avatar\\\/e20266f97d741f0e80ba1f60283074a9b3317fd7bfb727e0d95b51dafbf854a1?s=96&d=mm&r=g\",\"caption\":\"Administrateur\"},\"url\":\"https:\\\/\\\/www.latribunedufaso.net\\\/?author=2\"}]}<\/script>\n<!-- \/ Yoast SEO plugin. -->","yoast_head_json":{"title":"Ressources mini\u00e8res : L\u2019orpaillage emploie plus que l'industriel - La Tribune du Faso","robots":{"index":"index","follow":"follow","max-snippet":"max-snippet:-1","max-image-preview":"max-image-preview:large","max-video-preview":"max-video-preview:-1"},"canonical":"https:\/\/www.latribunedufaso.net\/?p=2086","og_locale":"fr_FR","og_type":"article","og_title":"Ressources mini\u00e8res : L\u2019orpaillage emploie plus que l'industriel - La Tribune du Faso","og_description":"Les 08 et 09 d\u00e9cembre 2020, le R\u00e9seau national de lutte anti-corruption (REN-LAC) a anim\u00e9 un forum national sur la transparence et la redevabilit\u00e9 dans la gestion des ressources mini\u00e8res au Burkina Faso, au niveau de la salle de spectacle du Centre national du spectacle et de l\u2019audiovisuel (CENASA) \u00e0 Ouagadougou. Ledit forum comptait pour la 15e \u00e9dition des Journ\u00e9es nationales du refus de la corruption (JNRC).","og_url":"https:\/\/www.latribunedufaso.net\/?p=2086","og_site_name":"La Tribune du Faso","article_publisher":"https:\/\/www.facebook.com\/LatribuneduFaso\/","article_published_time":"2020-12-14T16:04:51+00:00","og_image":[{"width":580,"height":326,"url":"https:\/\/latribunedufaso.net\/wp-content\/uploads\/2020\/12\/img-8-small580.jpg","type":"image\/jpeg"}],"author":"Administrateur","twitter_misc":{"\u00c9crit par":"Administrateur","Dur\u00e9e de lecture estim\u00e9e":"4 minutes"},"schema":{"@context":"https:\/\/schema.org","@graph":[{"@type":"Article","@id":"https:\/\/www.latribunedufaso.net\/?p=2086#article","isPartOf":{"@id":"https:\/\/www.latribunedufaso.net\/?p=2086"},"author":{"name":"Administrateur","@id":"https:\/\/www.latribunedufaso.net\/#\/schema\/person\/a380782d0605bb8aae27c40ea93b35b1"},"headline":"Ressources mini\u00e8res : L\u2019orpaillage emploie plus que l&rsquo;industriel","datePublished":"2020-12-14T16:04:51+00:00","mainEntityOfPage":{"@id":"https:\/\/www.latribunedufaso.net\/?p=2086"},"wordCount":789,"commentCount":0,"publisher":{"@id":"https:\/\/www.latribunedufaso.net\/#organization"},"image":{"@id":"https:\/\/www.latribunedufaso.net\/?p=2086#primaryimage"},"thumbnailUrl":"https:\/\/www.latribunedufaso.net\/wp-content\/uploads\/2020\/12\/img-8-small580.jpg","articleSection":["A la une","Actualit\u00e9","Mines et Carri\u00e8res"],"inLanguage":"fr-FR","potentialAction":[{"@type":"CommentAction","name":"Comment","target":["https:\/\/www.latribunedufaso.net\/?p=2086#respond"]}]},{"@type":"WebPage","@id":"https:\/\/www.latribunedufaso.net\/?p=2086","url":"https:\/\/www.latribunedufaso.net\/?p=2086","name":"Ressources mini\u00e8res : L\u2019orpaillage emploie plus que l'industriel - La Tribune du Faso","isPartOf":{"@id":"https:\/\/www.latribunedufaso.net\/#website"},"primaryImageOfPage":{"@id":"https:\/\/www.latribunedufaso.net\/?p=2086#primaryimage"},"image":{"@id":"https:\/\/www.latribunedufaso.net\/?p=2086#primaryimage"},"thumbnailUrl":"https:\/\/www.latribunedufaso.net\/wp-content\/uploads\/2020\/12\/img-8-small580.jpg","datePublished":"2020-12-14T16:04:51+00:00","breadcrumb":{"@id":"https:\/\/www.latribunedufaso.net\/?p=2086#breadcrumb"},"inLanguage":"fr-FR","potentialAction":[{"@type":"ReadAction","target":["https:\/\/www.latribunedufaso.net\/?p=2086"]}]},{"@type":"ImageObject","inLanguage":"fr-FR","@id":"https:\/\/www.latribunedufaso.net\/?p=2086#primaryimage","url":"https:\/\/www.latribunedufaso.net\/wp-content\/uploads\/2020\/12\/img-8-small580.jpg","contentUrl":"https:\/\/www.latribunedufaso.net\/wp-content\/uploads\/2020\/12\/img-8-small580.jpg","width":580,"height":326},{"@type":"BreadcrumbList","@id":"https:\/\/www.latribunedufaso.net\/?p=2086#breadcrumb","itemListElement":[{"@type":"ListItem","position":1,"name":"Accueil","item":"https:\/\/www.latribunedufaso.net\/"},{"@type":"ListItem","position":2,"name":"Ressources mini\u00e8res : L\u2019orpaillage emploie plus que l&#8217;industriel"}]},{"@type":"WebSite","@id":"https:\/\/www.latribunedufaso.net\/#website","url":"https:\/\/www.latribunedufaso.net\/","name":"La Tribune du Faso","description":"L&#039;information du monde rural en un clic","publisher":{"@id":"https:\/\/www.latribunedufaso.net\/#organization"},"potentialAction":[{"@type":"SearchAction","target":{"@type":"EntryPoint","urlTemplate":"https:\/\/www.latribunedufaso.net\/?s={search_term_string}"},"query-input":{"@type":"PropertyValueSpecification","valueRequired":true,"valueName":"search_term_string"}}],"inLanguage":"fr-FR"},{"@type":"Organization","@id":"https:\/\/www.latribunedufaso.net\/#organization","name":"La Tribune du Faso","url":"https:\/\/www.latribunedufaso.net\/","logo":{"@type":"ImageObject","inLanguage":"fr-FR","@id":"https:\/\/www.latribunedufaso.net\/#\/schema\/logo\/image\/","url":"https:\/\/www.latribunedufaso.net\/wp-content\/uploads\/2020\/08\/Logo-Tribune-du-Faso-final-scaled.jpg","contentUrl":"https:\/\/www.latribunedufaso.net\/wp-content\/uploads\/2020\/08\/Logo-Tribune-du-Faso-final-scaled.jpg","width":2560,"height":1856,"caption":"La Tribune du Faso"},"image":{"@id":"https:\/\/www.latribunedufaso.net\/#\/schema\/logo\/image\/"},"sameAs":["https:\/\/www.facebook.com\/LatribuneduFaso\/"]},{"@type":"Person","@id":"https:\/\/www.latribunedufaso.net\/#\/schema\/person\/a380782d0605bb8aae27c40ea93b35b1","name":"Administrateur","image":{"@type":"ImageObject","inLanguage":"fr-FR","@id":"https:\/\/secure.gravatar.com\/avatar\/e20266f97d741f0e80ba1f60283074a9b3317fd7bfb727e0d95b51dafbf854a1?s=96&d=mm&r=g","url":"https:\/\/secure.gravatar.com\/avatar\/e20266f97d741f0e80ba1f60283074a9b3317fd7bfb727e0d95b51dafbf854a1?s=96&d=mm&r=g","contentUrl":"https:\/\/secure.gravatar.com\/avatar\/e20266f97d741f0e80ba1f60283074a9b3317fd7bfb727e0d95b51dafbf854a1?s=96&d=mm&r=g","caption":"Administrateur"},"url":"https:\/\/www.latribunedufaso.net\/?author=2"}]}},"_links":{"self":[{"href":"https:\/\/www.latribunedufaso.net\/index.php?rest_route=\/wp\/v2\/posts\/2086","targetHints":{"allow":["GET"]}}],"collection":[{"href":"https:\/\/www.latribunedufaso.net\/index.php?rest_route=\/wp\/v2\/posts"}],"about":[{"href":"https:\/\/www.latribunedufaso.net\/index.php?rest_route=\/wp\/v2\/types\/post"}],"author":[{"embeddable":true,"href":"https:\/\/www.latribunedufaso.net\/index.php?rest_route=\/wp\/v2\/users\/2"}],"replies":[{"embeddable":true,"href":"https:\/\/www.latribunedufaso.net\/index.php?rest_route=%2Fwp%2Fv2%2Fcomments&post=2086"}],"version-history":[{"count":1,"href":"https:\/\/www.latribunedufaso.net\/index.php?rest_route=\/wp\/v2\/posts\/2086\/revisions"}],"predecessor-version":[{"id":2090,"href":"https:\/\/www.latribunedufaso.net\/index.php?rest_route=\/wp\/v2\/posts\/2086\/revisions\/2090"}],"wp:featuredmedia":[{"embeddable":true,"href":"https:\/\/www.latribunedufaso.net\/index.php?rest_route=\/wp\/v2\/media\/2089"}],"wp:attachment":[{"href":"https:\/\/www.latribunedufaso.net\/index.php?rest_route=%2Fwp%2Fv2%2Fmedia&parent=2086"}],"wp:term":[{"taxonomy":"category","embeddable":true,"href":"https:\/\/www.latribunedufaso.net\/index.php?rest_route=%2Fwp%2Fv2%2Fcategories&post=2086"},{"taxonomy":"post_tag","embeddable":true,"href":"https:\/\/www.latribunedufaso.net\/index.php?rest_route=%2Fwp%2Fv2%2Ftags&post=2086"}],"curies":[{"name":"wp","href":"https:\/\/api.w.org\/{rel}","templated":true}]}}