{"id":20821,"date":"2025-05-26T19:04:29","date_gmt":"2025-05-26T19:04:29","guid":{"rendered":"https:\/\/www.latribunedufaso.net\/?p=20821"},"modified":"2025-05-26T19:04:29","modified_gmt":"2025-05-26T19:04:29","slug":"62e-journee-de-lafrique-une-celebration-sous-le-signe-dune-interpellation-a-reparer-linjustice-subie-par-les-africains","status":"publish","type":"post","link":"https:\/\/www.latribunedufaso.net\/?p=20821","title":{"rendered":"62e Journ\u00e9e de l\u2019Afrique : Une c\u00e9l\u00e9bration sous le signe d&rsquo;une interpellation \u00e0 r\u00e9parer l&rsquo;injustice subie par les Africains\u00a0"},"content":{"rendered":"<p><strong>Le minist\u00e8re des Affaires \u00e9trang\u00e8res, de la Coop\u00e9ration r\u00e9gionale et des Burkinab\u00e8 de l\u2019Ext\u00e9rieur, a organis\u00e9 en diff\u00e9r\u00e9 le lundi 26 mai 2025, la 62e journ\u00e9e de l&rsquo;Afrique, conjointement avec le Groupe africain des ambassadeurs accr\u00e9dit\u00e9s au Burkina Faso.<\/strong><!--more--><\/p>\n<p>La c\u00e9l\u00e9bration plac\u00e9e sous le th\u00e8me <em><strong>: \u00ab Justice pour les africains et les personnes d\u2019ascendance africaine par le biais des r\u00e9parations \u00bb<\/strong><\/em>, a \u00e9t\u00e9 pr\u00e9sid\u00e9e par le ministre des Affaires \u00e9trang\u00e8res, de la Coop\u00e9ration r\u00e9gionale et des Burkinab\u00e8 de l\u2019Ext\u00e9rieur, Karamoko Jean Marie Traor\u00e9.<\/p>\n<figure id=\"attachment_20823\" aria-describedby=\"caption-attachment-20823\" style=\"width: 720px\" class=\"wp-caption aligncenter\"><a href=\"https:\/\/www.latribunedufaso.net\/wp-content\/uploads\/2025\/05\/FB_IMG_1748284972819.jpg\"><img loading=\"lazy\" decoding=\"async\" class=\"size-full wp-image-20823\" src=\"https:\/\/www.latribunedufaso.net\/wp-content\/uploads\/2025\/05\/FB_IMG_1748284972819.jpg\" alt=\"Le minist\u00e8re en charge des Affaires \u00e9trang\u00e8res a organis\u00e9 la c\u00e9l\u00e9bration en diff\u00e9r\u00e9 de la 62e journ\u00e9e de l'Afrique, 26 mai 2025\" width=\"720\" height=\"480\" srcset=\"https:\/\/www.latribunedufaso.net\/wp-content\/uploads\/2025\/05\/FB_IMG_1748284972819.jpg 720w, https:\/\/www.latribunedufaso.net\/wp-content\/uploads\/2025\/05\/FB_IMG_1748284972819-300x200.jpg 300w, https:\/\/www.latribunedufaso.net\/wp-content\/uploads\/2025\/05\/FB_IMG_1748284972819-120x80.jpg 120w, https:\/\/www.latribunedufaso.net\/wp-content\/uploads\/2025\/05\/FB_IMG_1748284972819-360x240.jpg 360w, https:\/\/www.latribunedufaso.net\/wp-content\/uploads\/2025\/05\/FB_IMG_1748284972819-600x400.jpg 600w\" sizes=\"auto, (max-width: 720px) 100vw, 720px\" \/><\/a><figcaption id=\"caption-attachment-20823\" class=\"wp-caption-text\">Le ministre en charge des Affaires \u00e9trang\u00e8res, Karamoko Jean Marie Traor\u00e9 &#8211; Ph. DR<\/figcaption><\/figure>\n<p>Selon lui, cette c\u00e9l\u00e9bration est une occasion de se rem\u00e9morer le pass\u00e9 douloureux de l\u2019Afrique et d\u2019affirmer que l\u2019esclavage, la colonisation, la d\u00e9portation sont des crimes contre l\u2019humanit\u00e9 qu\u2019aucune page de l\u2019histoire ne saurait blanchir.<\/p>\n<p><em><strong>\u00ab Il ne s\u2019agit pas ici, de r\u00e9clamer justice pour venger l\u2019Afrique qui a subi les pires formes d\u2019exploitation, il s\u2019agit plut\u00f4t de b\u00e2tir un futur fond\u00e9 sur la reconnaissance, la m\u00e9moire, la dignit\u00e9 et de la libert\u00e9 C\u00e9l\u00e9brer l\u2019Afrique, est donc un acte de m\u00e9moire et de projection vers le futur. C\u2019est une occasion pour les africains de marquer une halte pour non seulement \u00e9valuer les acquis et les d\u00e9fis de l\u2019int\u00e9gration continentale mais aussi pour honorer les sacrifices des P\u00e8res fondateurs de l\u2019Union Africaine \u00bb,<\/strong><\/em> pr\u00e9cise le ministre Traor\u00e9.<\/p>\n<figure id=\"attachment_20825\" aria-describedby=\"caption-attachment-20825\" style=\"width: 720px\" class=\"wp-caption aligncenter\"><a href=\"https:\/\/www.latribunedufaso.net\/wp-content\/uploads\/2025\/05\/FB_IMG_1748285011127.jpg\"><img loading=\"lazy\" decoding=\"async\" class=\"size-full wp-image-20825\" src=\"https:\/\/www.latribunedufaso.net\/wp-content\/uploads\/2025\/05\/FB_IMG_1748285011127.jpg\" alt=\"Le minist\u00e8re en charge des Affaires \u00e9trang\u00e8res a organis\u00e9 la c\u00e9l\u00e9bration en diff\u00e9r\u00e9 de la 62e journ\u00e9e de l'Afrique, 26 mai 2025\" width=\"720\" height=\"420\" srcset=\"https:\/\/www.latribunedufaso.net\/wp-content\/uploads\/2025\/05\/FB_IMG_1748285011127.jpg 720w, https:\/\/www.latribunedufaso.net\/wp-content\/uploads\/2025\/05\/FB_IMG_1748285011127-300x175.jpg 300w\" sizes=\"auto, (max-width: 720px) 100vw, 720px\" \/><\/a><figcaption id=\"caption-attachment-20825\" class=\"wp-caption-text\">Une vue des participants \u00e0 la c\u00e9r\u00e9monie &#8211; Ph. DR<\/figcaption><\/figure>\n<p>Dans le contexte du Burkina Faso et de l&rsquo;AES, cette 62e journ\u00e9e de l\u2019Afrique se tient au moment o\u00f9 se m\u00e8ne une lutte farouche contre le terrorisme, une lutte existentielle qui doit raviver la fibre de l\u2019unit\u00e9, de la fraternit\u00e9 et de la solidarit\u00e9 de tous les Africains.<\/p>\n<p>Partant de l\u00e0, le ministre des Affaires \u00e9trang\u00e8res de la Coop\u00e9ration r\u00e9gionale et des Burkinab\u00e8 de l\u2019Ext\u00e9rieur, dira que la c\u00e9l\u00e9bration est aussi une occasion de <em><strong>\u00ab promouvoir une Afrique souveraine, et r\u00e9sistante \u00e0 toute forme de domination, d\u2019ing\u00e9rence et de m\u00e9pris \u00bb.<\/strong><\/em><\/p>\n<figure id=\"attachment_20824\" aria-describedby=\"caption-attachment-20824\" style=\"width: 720px\" class=\"wp-caption aligncenter\"><a href=\"https:\/\/www.latribunedufaso.net\/wp-content\/uploads\/2025\/05\/FB_IMG_1748284980414.jpg\"><img loading=\"lazy\" decoding=\"async\" class=\"size-full wp-image-20824\" src=\"https:\/\/www.latribunedufaso.net\/wp-content\/uploads\/2025\/05\/FB_IMG_1748284980414.jpg\" alt=\"Le minist\u00e8re en charge des Affaires \u00e9trang\u00e8res a organis\u00e9 la c\u00e9l\u00e9bration en diff\u00e9r\u00e9 de la 62e journ\u00e9e de l'Afrique, 26 mai 2025\" width=\"720\" height=\"454\" srcset=\"https:\/\/www.latribunedufaso.net\/wp-content\/uploads\/2025\/05\/FB_IMG_1748284980414.jpg 720w, https:\/\/www.latribunedufaso.net\/wp-content\/uploads\/2025\/05\/FB_IMG_1748284980414-300x189.jpg 300w\" sizes=\"auto, (max-width: 720px) 100vw, 720px\" \/><\/a><figcaption id=\"caption-attachment-20824\" class=\"wp-caption-text\">L&rsquo;Ambassadeur du Royaume du Maroc, Youssef Slaoui &#8211; Ph. DR<\/figcaption><\/figure>\n<p>Pour l\u2019Ambassadeur du Royaume du Maroc, Doyen des ambassadeurs africains accr\u00e9dit\u00e9s au Burkina Faso, Youssef Slaoui, la c\u00e9l\u00e9bration commune de cette journ\u00e9e de l\u2019Afrique, est une tribune pour mettre en lumi\u00e8re les questions li\u00e9es \u00e0 la r\u00e9paration des pr\u00e9judices subies par l\u2019Afrique, sujet de d\u00e9bats depuis les ann\u00e9es des ind\u00e9pendances.\u00a0<\/p>\n<p>Selon lui, c\u2019est aussi un cadre de r\u00e9flexion sur le recadrage du d\u00e9bat en mettant l\u2019accent sur l\u2019avenir du continent et sa place sur l\u2019\u00e9chiquier international.<\/p>\n<h3>La journ\u00e9e de l\u2019Afrique est c\u00e9l\u00e9br\u00e9e chaque 25 mai<\/h3>\n<p>Cette ann\u00e9e, la 62e journ\u00e9e a \u00e9t\u00e9 marqu\u00e9e par un panel sur le th\u00e8me <em><strong>\u00ab Justice pour les Africains et les personnes d\u2019ascendance africaine par le biais des r\u00e9parations \u00bb<\/strong><\/em>, et une exposition culturelle et gastronomique des pays africains repr\u00e9sent\u00e9s \u00e0 l&rsquo;occasion.<\/p>\n<p><strong>Latribunedufaso.net<\/strong><\/p>\n<p><strong>Source : DCRP\/MAECRBE<\/strong><\/p>\n<p>Lire aussi &gt;&gt; <a href=\"https:\/\/www.latribunedufaso.net\/?p=20088\">Gestion des d\u00e9chets chimiques et biologiques : Le minist\u00e8re charg\u00e9 des Affaires \u00e9trang\u00e8res formes des acteurs\u00a0<\/a><\/p>\n","protected":false},"excerpt":{"rendered":"<p>Le minist\u00e8re des Affaires \u00e9trang\u00e8res, de la Coop\u00e9ration r\u00e9gionale et des Burkinab\u00e8 de l\u2019Ext\u00e9rieur, a organis\u00e9 en diff\u00e9r\u00e9 le lundi 26 mai 2025, la 62e journ\u00e9e de l&rsquo;Afrique, conjointement avec le Groupe africain des ambassadeurs accr\u00e9dit\u00e9s au Burkina Faso.<\/p>\n","protected":false},"author":5,"featured_media":20822,"comment_status":"open","ping_status":"open","sticky":false,"template":"","format":"standard","meta":{"footnotes":""},"categories":[13,1,8],"tags":[1083,1080,1082,1081,39],"class_list":["post-20821","post","type-post","status-publish","format-standard","has-post-thumbnail","hentry","category-une","category-actu","category-societe","tag-afrique","tag-celebration-de-la-journee-de-lafrique","tag-colonisation","tag-esclavage","tag-latribunedufaso-net"],"yoast_head":"<!-- This site is optimized with the Yoast SEO plugin v27.4 - https:\/\/yoast.com\/product\/yoast-seo-wordpress\/ -->\n<title>62e Journ\u00e9e de l\u2019Afrique : Une c\u00e9l\u00e9bration sous le signe d&#039;une interpellation \u00e0 r\u00e9parer l&#039;injustice subie par les Africains\u00a0 - La Tribune du Faso<\/title>\n<meta name=\"robots\" content=\"index, follow, max-snippet:-1, max-image-preview:large, max-video-preview:-1\" \/>\n<link rel=\"canonical\" href=\"https:\/\/www.latribunedufaso.net\/?p=20821\" \/>\n<meta property=\"og:locale\" content=\"fr_FR\" \/>\n<meta property=\"og:type\" content=\"article\" \/>\n<meta property=\"og:title\" content=\"62e Journ\u00e9e de l\u2019Afrique : Une c\u00e9l\u00e9bration sous le signe d&#039;une interpellation \u00e0 r\u00e9parer l&#039;injustice subie par les Africains\u00a0 - La Tribune du Faso\" \/>\n<meta property=\"og:description\" content=\"Le minist\u00e8re des Affaires \u00e9trang\u00e8res, de la Coop\u00e9ration r\u00e9gionale et des Burkinab\u00e8 de l\u2019Ext\u00e9rieur, a organis\u00e9 en diff\u00e9r\u00e9 le lundi 26 mai 2025, la 62e journ\u00e9e de l&rsquo;Afrique, conjointement avec le Groupe africain des ambassadeurs accr\u00e9dit\u00e9s au Burkina Faso.\" \/>\n<meta property=\"og:url\" content=\"https:\/\/www.latribunedufaso.net\/?p=20821\" \/>\n<meta property=\"og:site_name\" content=\"La Tribune du Faso\" \/>\n<meta property=\"article:publisher\" content=\"https:\/\/www.facebook.com\/LatribuneduFaso\/\" \/>\n<meta property=\"article:published_time\" content=\"2025-05-26T19:04:29+00:00\" \/>\n<meta property=\"og:image\" content=\"https:\/\/www.latribunedufaso.net\/wp-content\/uploads\/2025\/05\/FB_IMG_1748284967875.jpg\" \/>\n\t<meta property=\"og:image:width\" content=\"720\" \/>\n\t<meta property=\"og:image:height\" content=\"480\" \/>\n\t<meta property=\"og:image:type\" content=\"image\/jpeg\" \/>\n<meta name=\"author\" content=\"Issouf Tapsoba\" \/>\n<meta name=\"twitter:label1\" content=\"\u00c9crit par\" \/>\n\t<meta name=\"twitter:data1\" content=\"Issouf Tapsoba\" \/>\n\t<meta name=\"twitter:label2\" content=\"Dur\u00e9e de lecture estim\u00e9e\" \/>\n\t<meta name=\"twitter:data2\" content=\"3 minutes\" \/>\n<script type=\"application\/ld+json\" class=\"yoast-schema-graph\">{\"@context\":\"https:\\\/\\\/schema.org\",\"@graph\":[{\"@type\":\"Article\",\"@id\":\"https:\\\/\\\/www.latribunedufaso.net\\\/?p=20821#article\",\"isPartOf\":{\"@id\":\"https:\\\/\\\/www.latribunedufaso.net\\\/?p=20821\"},\"author\":{\"name\":\"Issouf Tapsoba\",\"@id\":\"https:\\\/\\\/www.latribunedufaso.net\\\/#\\\/schema\\\/person\\\/e54e64c5778a7e72cf80a318b7a622b0\"},\"headline\":\"62e Journ\u00e9e de l\u2019Afrique : Une c\u00e9l\u00e9bration sous le signe d&rsquo;une interpellation \u00e0 r\u00e9parer l&rsquo;injustice subie par les Africains\u00a0\",\"datePublished\":\"2025-05-26T19:04:29+00:00\",\"mainEntityOfPage\":{\"@id\":\"https:\\\/\\\/www.latribunedufaso.net\\\/?p=20821\"},\"wordCount\":626,\"commentCount\":0,\"publisher\":{\"@id\":\"https:\\\/\\\/www.latribunedufaso.net\\\/#organization\"},\"image\":{\"@id\":\"https:\\\/\\\/www.latribunedufaso.net\\\/?p=20821#primaryimage\"},\"thumbnailUrl\":\"https:\\\/\\\/www.latribunedufaso.net\\\/wp-content\\\/uploads\\\/2025\\\/05\\\/FB_IMG_1748284967875.jpg\",\"keywords\":[\"Afrique\",\"C\u00e9l\u00e9bration de la journ\u00e9e de l'Afrique\",\"colonisation\",\"Esclavage\",\"latribunedufaso.net\"],\"articleSection\":[\"A la une\",\"Actualit\u00e9\",\"Soci\u00e9t\u00e9\"],\"inLanguage\":\"fr-FR\",\"potentialAction\":[{\"@type\":\"CommentAction\",\"name\":\"Comment\",\"target\":[\"https:\\\/\\\/www.latribunedufaso.net\\\/?p=20821#respond\"]}]},{\"@type\":\"WebPage\",\"@id\":\"https:\\\/\\\/www.latribunedufaso.net\\\/?p=20821\",\"url\":\"https:\\\/\\\/www.latribunedufaso.net\\\/?p=20821\",\"name\":\"62e Journ\u00e9e de l\u2019Afrique : Une c\u00e9l\u00e9bration sous le signe d'une interpellation \u00e0 r\u00e9parer l'injustice subie par les Africains\u00a0 - La Tribune du Faso\",\"isPartOf\":{\"@id\":\"https:\\\/\\\/www.latribunedufaso.net\\\/#website\"},\"primaryImageOfPage\":{\"@id\":\"https:\\\/\\\/www.latribunedufaso.net\\\/?p=20821#primaryimage\"},\"image\":{\"@id\":\"https:\\\/\\\/www.latribunedufaso.net\\\/?p=20821#primaryimage\"},\"thumbnailUrl\":\"https:\\\/\\\/www.latribunedufaso.net\\\/wp-content\\\/uploads\\\/2025\\\/05\\\/FB_IMG_1748284967875.jpg\",\"datePublished\":\"2025-05-26T19:04:29+00:00\",\"breadcrumb\":{\"@id\":\"https:\\\/\\\/www.latribunedufaso.net\\\/?p=20821#breadcrumb\"},\"inLanguage\":\"fr-FR\",\"potentialAction\":[{\"@type\":\"ReadAction\",\"target\":[\"https:\\\/\\\/www.latribunedufaso.net\\\/?p=20821\"]}]},{\"@type\":\"ImageObject\",\"inLanguage\":\"fr-FR\",\"@id\":\"https:\\\/\\\/www.latribunedufaso.net\\\/?p=20821#primaryimage\",\"url\":\"https:\\\/\\\/www.latribunedufaso.net\\\/wp-content\\\/uploads\\\/2025\\\/05\\\/FB_IMG_1748284967875.jpg\",\"contentUrl\":\"https:\\\/\\\/www.latribunedufaso.net\\\/wp-content\\\/uploads\\\/2025\\\/05\\\/FB_IMG_1748284967875.jpg\",\"width\":720,\"height\":480,\"caption\":\"Le minist\u00e8re en charge des Affaires \u00e9trang\u00e8res a organis\u00e9 la c\u00e9l\u00e9bration en diff\u00e9r\u00e9 de la 62e journ\u00e9e de l'Afrique, 26 mai 2025\"},{\"@type\":\"BreadcrumbList\",\"@id\":\"https:\\\/\\\/www.latribunedufaso.net\\\/?p=20821#breadcrumb\",\"itemListElement\":[{\"@type\":\"ListItem\",\"position\":1,\"name\":\"Accueil\",\"item\":\"https:\\\/\\\/www.latribunedufaso.net\\\/\"},{\"@type\":\"ListItem\",\"position\":2,\"name\":\"62e Journ\u00e9e de l\u2019Afrique : Une c\u00e9l\u00e9bration sous le signe d&rsquo;une interpellation \u00e0 r\u00e9parer l&rsquo;injustice subie par les Africains\u00a0\"}]},{\"@type\":\"WebSite\",\"@id\":\"https:\\\/\\\/www.latribunedufaso.net\\\/#website\",\"url\":\"https:\\\/\\\/www.latribunedufaso.net\\\/\",\"name\":\"La Tribune du Faso\",\"description\":\"L&#039;information du monde rural en un clic\",\"publisher\":{\"@id\":\"https:\\\/\\\/www.latribunedufaso.net\\\/#organization\"},\"potentialAction\":[{\"@type\":\"SearchAction\",\"target\":{\"@type\":\"EntryPoint\",\"urlTemplate\":\"https:\\\/\\\/www.latribunedufaso.net\\\/?s={search_term_string}\"},\"query-input\":{\"@type\":\"PropertyValueSpecification\",\"valueRequired\":true,\"valueName\":\"search_term_string\"}}],\"inLanguage\":\"fr-FR\"},{\"@type\":\"Organization\",\"@id\":\"https:\\\/\\\/www.latribunedufaso.net\\\/#organization\",\"name\":\"La Tribune du Faso\",\"url\":\"https:\\\/\\\/www.latribunedufaso.net\\\/\",\"logo\":{\"@type\":\"ImageObject\",\"inLanguage\":\"fr-FR\",\"@id\":\"https:\\\/\\\/www.latribunedufaso.net\\\/#\\\/schema\\\/logo\\\/image\\\/\",\"url\":\"https:\\\/\\\/www.latribunedufaso.net\\\/wp-content\\\/uploads\\\/2020\\\/08\\\/Logo-Tribune-du-Faso-final-scaled.jpg\",\"contentUrl\":\"https:\\\/\\\/www.latribunedufaso.net\\\/wp-content\\\/uploads\\\/2020\\\/08\\\/Logo-Tribune-du-Faso-final-scaled.jpg\",\"width\":2560,\"height\":1856,\"caption\":\"La Tribune du Faso\"},\"image\":{\"@id\":\"https:\\\/\\\/www.latribunedufaso.net\\\/#\\\/schema\\\/logo\\\/image\\\/\"},\"sameAs\":[\"https:\\\/\\\/www.facebook.com\\\/LatribuneduFaso\\\/\"]},{\"@type\":\"Person\",\"@id\":\"https:\\\/\\\/www.latribunedufaso.net\\\/#\\\/schema\\\/person\\\/e54e64c5778a7e72cf80a318b7a622b0\",\"name\":\"Issouf Tapsoba\",\"image\":{\"@type\":\"ImageObject\",\"inLanguage\":\"fr-FR\",\"@id\":\"https:\\\/\\\/secure.gravatar.com\\\/avatar\\\/5e6c05150ce3230247d167f5b94d678eb05936197436d69b7921e3a95c9107ac?s=96&d=mm&r=g\",\"url\":\"https:\\\/\\\/secure.gravatar.com\\\/avatar\\\/5e6c05150ce3230247d167f5b94d678eb05936197436d69b7921e3a95c9107ac?s=96&d=mm&r=g\",\"contentUrl\":\"https:\\\/\\\/secure.gravatar.com\\\/avatar\\\/5e6c05150ce3230247d167f5b94d678eb05936197436d69b7921e3a95c9107ac?s=96&d=mm&r=g\",\"caption\":\"Issouf Tapsoba\"},\"url\":\"https:\\\/\\\/www.latribunedufaso.net\\\/?author=5\"}]}<\/script>\n<!-- \/ Yoast SEO plugin. -->","yoast_head_json":{"title":"62e Journ\u00e9e de l\u2019Afrique : Une c\u00e9l\u00e9bration sous le signe d'une interpellation \u00e0 r\u00e9parer l'injustice subie par les Africains\u00a0 - La Tribune du Faso","robots":{"index":"index","follow":"follow","max-snippet":"max-snippet:-1","max-image-preview":"max-image-preview:large","max-video-preview":"max-video-preview:-1"},"canonical":"https:\/\/www.latribunedufaso.net\/?p=20821","og_locale":"fr_FR","og_type":"article","og_title":"62e Journ\u00e9e de l\u2019Afrique : Une c\u00e9l\u00e9bration sous le signe d'une interpellation \u00e0 r\u00e9parer l'injustice subie par les Africains\u00a0 - La Tribune du Faso","og_description":"Le minist\u00e8re des Affaires \u00e9trang\u00e8res, de la Coop\u00e9ration r\u00e9gionale et des Burkinab\u00e8 de l\u2019Ext\u00e9rieur, a organis\u00e9 en diff\u00e9r\u00e9 le lundi 26 mai 2025, la 62e journ\u00e9e de l&rsquo;Afrique, conjointement avec le Groupe africain des ambassadeurs accr\u00e9dit\u00e9s au Burkina Faso.","og_url":"https:\/\/www.latribunedufaso.net\/?p=20821","og_site_name":"La Tribune du Faso","article_publisher":"https:\/\/www.facebook.com\/LatribuneduFaso\/","article_published_time":"2025-05-26T19:04:29+00:00","og_image":[{"width":720,"height":480,"url":"https:\/\/www.latribunedufaso.net\/wp-content\/uploads\/2025\/05\/FB_IMG_1748284967875.jpg","type":"image\/jpeg"}],"author":"Issouf Tapsoba","twitter_misc":{"\u00c9crit par":"Issouf Tapsoba","Dur\u00e9e de lecture estim\u00e9e":"3 minutes"},"schema":{"@context":"https:\/\/schema.org","@graph":[{"@type":"Article","@id":"https:\/\/www.latribunedufaso.net\/?p=20821#article","isPartOf":{"@id":"https:\/\/www.latribunedufaso.net\/?p=20821"},"author":{"name":"Issouf Tapsoba","@id":"https:\/\/www.latribunedufaso.net\/#\/schema\/person\/e54e64c5778a7e72cf80a318b7a622b0"},"headline":"62e Journ\u00e9e de l\u2019Afrique : Une c\u00e9l\u00e9bration sous le signe d&rsquo;une interpellation \u00e0 r\u00e9parer l&rsquo;injustice subie par les Africains\u00a0","datePublished":"2025-05-26T19:04:29+00:00","mainEntityOfPage":{"@id":"https:\/\/www.latribunedufaso.net\/?p=20821"},"wordCount":626,"commentCount":0,"publisher":{"@id":"https:\/\/www.latribunedufaso.net\/#organization"},"image":{"@id":"https:\/\/www.latribunedufaso.net\/?p=20821#primaryimage"},"thumbnailUrl":"https:\/\/www.latribunedufaso.net\/wp-content\/uploads\/2025\/05\/FB_IMG_1748284967875.jpg","keywords":["Afrique","C\u00e9l\u00e9bration de la journ\u00e9e de l'Afrique","colonisation","Esclavage","latribunedufaso.net"],"articleSection":["A la une","Actualit\u00e9","Soci\u00e9t\u00e9"],"inLanguage":"fr-FR","potentialAction":[{"@type":"CommentAction","name":"Comment","target":["https:\/\/www.latribunedufaso.net\/?p=20821#respond"]}]},{"@type":"WebPage","@id":"https:\/\/www.latribunedufaso.net\/?p=20821","url":"https:\/\/www.latribunedufaso.net\/?p=20821","name":"62e Journ\u00e9e de l\u2019Afrique : Une c\u00e9l\u00e9bration sous le signe d'une interpellation \u00e0 r\u00e9parer l'injustice subie par les Africains\u00a0 - La Tribune du Faso","isPartOf":{"@id":"https:\/\/www.latribunedufaso.net\/#website"},"primaryImageOfPage":{"@id":"https:\/\/www.latribunedufaso.net\/?p=20821#primaryimage"},"image":{"@id":"https:\/\/www.latribunedufaso.net\/?p=20821#primaryimage"},"thumbnailUrl":"https:\/\/www.latribunedufaso.net\/wp-content\/uploads\/2025\/05\/FB_IMG_1748284967875.jpg","datePublished":"2025-05-26T19:04:29+00:00","breadcrumb":{"@id":"https:\/\/www.latribunedufaso.net\/?p=20821#breadcrumb"},"inLanguage":"fr-FR","potentialAction":[{"@type":"ReadAction","target":["https:\/\/www.latribunedufaso.net\/?p=20821"]}]},{"@type":"ImageObject","inLanguage":"fr-FR","@id":"https:\/\/www.latribunedufaso.net\/?p=20821#primaryimage","url":"https:\/\/www.latribunedufaso.net\/wp-content\/uploads\/2025\/05\/FB_IMG_1748284967875.jpg","contentUrl":"https:\/\/www.latribunedufaso.net\/wp-content\/uploads\/2025\/05\/FB_IMG_1748284967875.jpg","width":720,"height":480,"caption":"Le minist\u00e8re en charge des Affaires \u00e9trang\u00e8res a organis\u00e9 la c\u00e9l\u00e9bration en diff\u00e9r\u00e9 de la 62e journ\u00e9e de l'Afrique, 26 mai 2025"},{"@type":"BreadcrumbList","@id":"https:\/\/www.latribunedufaso.net\/?p=20821#breadcrumb","itemListElement":[{"@type":"ListItem","position":1,"name":"Accueil","item":"https:\/\/www.latribunedufaso.net\/"},{"@type":"ListItem","position":2,"name":"62e Journ\u00e9e de l\u2019Afrique : Une c\u00e9l\u00e9bration sous le signe d&rsquo;une interpellation \u00e0 r\u00e9parer l&rsquo;injustice subie par les Africains\u00a0"}]},{"@type":"WebSite","@id":"https:\/\/www.latribunedufaso.net\/#website","url":"https:\/\/www.latribunedufaso.net\/","name":"La Tribune du Faso","description":"L&#039;information du monde rural en un clic","publisher":{"@id":"https:\/\/www.latribunedufaso.net\/#organization"},"potentialAction":[{"@type":"SearchAction","target":{"@type":"EntryPoint","urlTemplate":"https:\/\/www.latribunedufaso.net\/?s={search_term_string}"},"query-input":{"@type":"PropertyValueSpecification","valueRequired":true,"valueName":"search_term_string"}}],"inLanguage":"fr-FR"},{"@type":"Organization","@id":"https:\/\/www.latribunedufaso.net\/#organization","name":"La Tribune du Faso","url":"https:\/\/www.latribunedufaso.net\/","logo":{"@type":"ImageObject","inLanguage":"fr-FR","@id":"https:\/\/www.latribunedufaso.net\/#\/schema\/logo\/image\/","url":"https:\/\/www.latribunedufaso.net\/wp-content\/uploads\/2020\/08\/Logo-Tribune-du-Faso-final-scaled.jpg","contentUrl":"https:\/\/www.latribunedufaso.net\/wp-content\/uploads\/2020\/08\/Logo-Tribune-du-Faso-final-scaled.jpg","width":2560,"height":1856,"caption":"La Tribune du Faso"},"image":{"@id":"https:\/\/www.latribunedufaso.net\/#\/schema\/logo\/image\/"},"sameAs":["https:\/\/www.facebook.com\/LatribuneduFaso\/"]},{"@type":"Person","@id":"https:\/\/www.latribunedufaso.net\/#\/schema\/person\/e54e64c5778a7e72cf80a318b7a622b0","name":"Issouf Tapsoba","image":{"@type":"ImageObject","inLanguage":"fr-FR","@id":"https:\/\/secure.gravatar.com\/avatar\/5e6c05150ce3230247d167f5b94d678eb05936197436d69b7921e3a95c9107ac?s=96&d=mm&r=g","url":"https:\/\/secure.gravatar.com\/avatar\/5e6c05150ce3230247d167f5b94d678eb05936197436d69b7921e3a95c9107ac?s=96&d=mm&r=g","contentUrl":"https:\/\/secure.gravatar.com\/avatar\/5e6c05150ce3230247d167f5b94d678eb05936197436d69b7921e3a95c9107ac?s=96&d=mm&r=g","caption":"Issouf Tapsoba"},"url":"https:\/\/www.latribunedufaso.net\/?author=5"}]}},"_links":{"self":[{"href":"https:\/\/www.latribunedufaso.net\/index.php?rest_route=\/wp\/v2\/posts\/20821","targetHints":{"allow":["GET"]}}],"collection":[{"href":"https:\/\/www.latribunedufaso.net\/index.php?rest_route=\/wp\/v2\/posts"}],"about":[{"href":"https:\/\/www.latribunedufaso.net\/index.php?rest_route=\/wp\/v2\/types\/post"}],"author":[{"embeddable":true,"href":"https:\/\/www.latribunedufaso.net\/index.php?rest_route=\/wp\/v2\/users\/5"}],"replies":[{"embeddable":true,"href":"https:\/\/www.latribunedufaso.net\/index.php?rest_route=%2Fwp%2Fv2%2Fcomments&post=20821"}],"version-history":[{"count":1,"href":"https:\/\/www.latribunedufaso.net\/index.php?rest_route=\/wp\/v2\/posts\/20821\/revisions"}],"predecessor-version":[{"id":20826,"href":"https:\/\/www.latribunedufaso.net\/index.php?rest_route=\/wp\/v2\/posts\/20821\/revisions\/20826"}],"wp:featuredmedia":[{"embeddable":true,"href":"https:\/\/www.latribunedufaso.net\/index.php?rest_route=\/wp\/v2\/media\/20822"}],"wp:attachment":[{"href":"https:\/\/www.latribunedufaso.net\/index.php?rest_route=%2Fwp%2Fv2%2Fmedia&parent=20821"}],"wp:term":[{"taxonomy":"category","embeddable":true,"href":"https:\/\/www.latribunedufaso.net\/index.php?rest_route=%2Fwp%2Fv2%2Fcategories&post=20821"},{"taxonomy":"post_tag","embeddable":true,"href":"https:\/\/www.latribunedufaso.net\/index.php?rest_route=%2Fwp%2Fv2%2Ftags&post=20821"}],"curies":[{"name":"wp","href":"https:\/\/api.w.org\/{rel}","templated":true}]}}