{"id":20737,"date":"2025-05-22T15:44:35","date_gmt":"2025-05-22T15:44:35","guid":{"rendered":"https:\/\/www.latribunedufaso.net\/?p=20737"},"modified":"2025-05-30T20:32:39","modified_gmt":"2025-05-30T20:32:39","slug":"burkina-faso-une-session-foraine-de-retrait-de-permis-pour-sensibiliser-les-chauffeurs-a-la-securite-routiere","status":"publish","type":"post","link":"https:\/\/www.latribunedufaso.net\/?p=20737","title":{"rendered":"Burkina Faso : Une session foraine de retrait de permis pour sensibiliser les chauffeurs \u00e0 la s\u00e9curit\u00e9 routi\u00e8re"},"content":{"rendered":"<p><strong>Pour rapprocher l\u2019administration des citoyens et renforcer la pr\u00e9vention routi\u00e8re, la Commission technique sp\u00e9ciale de retrait de permis de conduire a tenu une session foraine ce 22 mai 2025 \u00e0 la gare routi\u00e8re de l\u2019Est, \u00e0 Ouagadougou. Une douzaine de dossiers li\u00e9s \u00e0 des accidents graves ont \u00e9t\u00e9 examin\u00e9s, dans un <em>\u00ab esprit de transparence \u00bb<\/em> et de responsabilit\u00e9.<\/strong><!--more--><\/p>\n<p>En organisant cette session, l\u2019Office national de la s\u00e9curit\u00e9 routi\u00e8re (ONASER), en partenariat avec les structures comp\u00e9tentes, souhaite rapprocher l\u2019administration des usagers de la route, tout en instaurant un cadre de traitement transparent des dossiers de chauffeurs impliqu\u00e9s dans des accidents graves.<\/p>\n<p>Au total, 12 dossiers devrait \u00eatre examin\u00e9s par la Commission. Il s\u2019agira principalement de cas d\u2019imprudence, d\u2019exc\u00e8s de vitesse, de d\u00e9passements dangereux ou encore de mauvais stationnements ayant caus\u00e9 des accidents, parfois mortels. \u00c0 l\u2019issue des travaux, des sanctions pourraient \u00eatre prononc\u00e9es : suspension temporaire, retrait provisoire, voire annulation d\u00e9finitive du permis de conduire.<\/p>\n<figure id=\"attachment_20742\" aria-describedby=\"caption-attachment-20742\" style=\"width: 1212px\" class=\"wp-caption aligncenter\"><a href=\"https:\/\/www.latribunedufaso.net\/wp-content\/uploads\/2025\/05\/IMG-20250522-WA0044.jpg\"><img loading=\"lazy\" decoding=\"async\" class=\"size-full wp-image-20742\" src=\"https:\/\/www.latribunedufaso.net\/wp-content\/uploads\/2025\/05\/IMG-20250522-WA0044.jpg\" alt=\"La Commission technique sp\u00e9ciale de retrait de permis de conduire a tenu une session foraine, 22 mai 2025\" width=\"1212\" height=\"987\" srcset=\"https:\/\/www.latribunedufaso.net\/wp-content\/uploads\/2025\/05\/IMG-20250522-WA0044.jpg 1212w, https:\/\/www.latribunedufaso.net\/wp-content\/uploads\/2025\/05\/IMG-20250522-WA0044-300x244.jpg 300w, https:\/\/www.latribunedufaso.net\/wp-content\/uploads\/2025\/05\/IMG-20250522-WA0044-1024x834.jpg 1024w, https:\/\/www.latribunedufaso.net\/wp-content\/uploads\/2025\/05\/IMG-20250522-WA0044-768x625.jpg 768w\" sizes=\"auto, (max-width: 1212px) 100vw, 1212px\" \/><\/a><figcaption id=\"caption-attachment-20742\" class=\"wp-caption-text\">Le directeur g\u00e9n\u00e9ral des transports terrestres et maritimes (DGTTM), Vincent Tougri &#8211; Ph. N. Ouattara<\/figcaption><\/figure>\n<p>Lors de la c\u00e9r\u00e9monie d\u2019ouverture, le Directeur g\u00e9n\u00e9ral des transports terrestres et maritimes (DGTTM), Vincent Tougri, a soulign\u00e9 la port\u00e9e \u00e9ducative de cette session foraine. <em><strong>\u00ab Le retrait de permis n\u2019est pas une sanction anodine. C\u2019est une mesure forte, destin\u00e9e \u00e0 prot\u00e9ger les usagers de la route et \u00e0 dissuader les comportements dangereux \u00bb,<\/strong><\/em> a-t-il expliqu\u00e9.\u00a0<\/p>\n<p>De ses dires, l\u2019objectif de cette session est de rendre le processus plus accessible et plus efficace, tout en consolidant la confiance entre citoyens et institutions.<\/p>\n<figure id=\"attachment_20740\" aria-describedby=\"caption-attachment-20740\" style=\"width: 2560px\" class=\"wp-caption aligncenter\"><a href=\"https:\/\/www.latribunedufaso.net\/wp-content\/uploads\/2025\/05\/IMG-20250522-WA0047.jpg\"><img loading=\"lazy\" decoding=\"async\" class=\"size-full wp-image-20740\" src=\"https:\/\/www.latribunedufaso.net\/wp-content\/uploads\/2025\/05\/IMG-20250522-WA0047.jpg\" alt=\"La Commission technique sp\u00e9ciale de retrait de permis de conduire a tenu une session foraine, 22 mai 2025\" width=\"2560\" height=\"1539\" srcset=\"https:\/\/www.latribunedufaso.net\/wp-content\/uploads\/2025\/05\/IMG-20250522-WA0047.jpg 2560w, https:\/\/www.latribunedufaso.net\/wp-content\/uploads\/2025\/05\/IMG-20250522-WA0047-300x180.jpg 300w, https:\/\/www.latribunedufaso.net\/wp-content\/uploads\/2025\/05\/IMG-20250522-WA0047-1024x616.jpg 1024w, https:\/\/www.latribunedufaso.net\/wp-content\/uploads\/2025\/05\/IMG-20250522-WA0047-768x462.jpg 768w, https:\/\/www.latribunedufaso.net\/wp-content\/uploads\/2025\/05\/IMG-20250522-WA0047-1536x923.jpg 1536w, https:\/\/www.latribunedufaso.net\/wp-content\/uploads\/2025\/05\/IMG-20250522-WA0047-2048x1231.jpg 2048w\" sizes=\"auto, (max-width: 2560px) 100vw, 2560px\" \/><\/a><figcaption id=\"caption-attachment-20740\" class=\"wp-caption-text\">La directrice de la planification de la promotion de la s\u00e9curit\u00e9 routi\u00e8re \u00e0 l\u2019ONASER, Nina Sam\u00e9\/Yam\u00e9ogo &#8211; Ph. N. Ouattara<\/figcaption><\/figure>\n<p>Les travaux de la Commission se d\u00e9roulent selon un processus bien d\u00e9fini. Comme l\u2019explique Nina Sam\u00e9\/Yam\u00e9ogo, Directrice de la planification de la promotion de la s\u00e9curit\u00e9 routi\u00e8re \u00e0 l\u2019ONASER,<em><strong> \u00ab le chauffeur est invit\u00e9 \u00e0 s\u2019expliquer devant la Commission. Celle-ci analyse les pi\u00e8ces du dossier (croquis, proc\u00e8s-verbal, CNIB, permis) pour \u00e9tablir la v\u00e9racit\u00e9 des faits. Ensuite, des sanctions sont prononc\u00e9es en fonction de la gravit\u00e9 des infractions. \u00bb<\/strong><\/em><\/p>\n<figure id=\"attachment_20743\" aria-describedby=\"caption-attachment-20743\" style=\"width: 2560px\" class=\"wp-caption aligncenter\"><a href=\"https:\/\/www.latribunedufaso.net\/wp-content\/uploads\/2025\/05\/IMG-20250522-WA0053.jpg\"><img loading=\"lazy\" decoding=\"async\" class=\"size-full wp-image-20743\" src=\"https:\/\/www.latribunedufaso.net\/wp-content\/uploads\/2025\/05\/IMG-20250522-WA0053.jpg\" alt=\"La Commission technique sp\u00e9ciale de retrait de permis de conduire a tenu une session foraine, 22 mai 2025\" width=\"2560\" height=\"1514\" srcset=\"https:\/\/www.latribunedufaso.net\/wp-content\/uploads\/2025\/05\/IMG-20250522-WA0053.jpg 2560w, https:\/\/www.latribunedufaso.net\/wp-content\/uploads\/2025\/05\/IMG-20250522-WA0053-300x177.jpg 300w, https:\/\/www.latribunedufaso.net\/wp-content\/uploads\/2025\/05\/IMG-20250522-WA0053-1024x606.jpg 1024w, https:\/\/www.latribunedufaso.net\/wp-content\/uploads\/2025\/05\/IMG-20250522-WA0053-768x454.jpg 768w, https:\/\/www.latribunedufaso.net\/wp-content\/uploads\/2025\/05\/IMG-20250522-WA0053-1536x908.jpg 1536w, https:\/\/www.latribunedufaso.net\/wp-content\/uploads\/2025\/05\/IMG-20250522-WA0053-2048x1211.jpg 2048w\" sizes=\"auto, (max-width: 2560px) 100vw, 2560px\" \/><\/a><figcaption id=\"caption-attachment-20743\" class=\"wp-caption-text\">Une vue des participants lors de la session foraine &#8211; Ph. N. Ouattara<\/figcaption><\/figure>\n<p>Dans certains cas, le chauffeur peut \u00eatre reconnu non fautif. Il est alors soit acquitt\u00e9, soit orient\u00e9 vers un recyclage obligatoire avant la restitution de ses documents.<\/p>\n<p>Du c\u00f4t\u00e9 des professionnels du secteur, cette d\u00e9marche est per\u00e7ue comme une opportunit\u00e9 de renforcer la sensibilisation et d\u2019am\u00e9liorer les pratiques professionnelles.<\/p>\n<figure id=\"attachment_20739\" aria-describedby=\"caption-attachment-20739\" style=\"width: 1263px\" class=\"wp-caption aligncenter\"><a href=\"https:\/\/www.latribunedufaso.net\/wp-content\/uploads\/2025\/05\/IMG-20250522-WA0045.jpg\"><img loading=\"lazy\" decoding=\"async\" class=\"size-full wp-image-20739\" src=\"https:\/\/www.latribunedufaso.net\/wp-content\/uploads\/2025\/05\/IMG-20250522-WA0045.jpg\" alt=\"La Commission technique sp\u00e9ciale de retrait de permis de conduire a tenu une session foraine, 22 mai 2025\" width=\"1263\" height=\"1113\" srcset=\"https:\/\/www.latribunedufaso.net\/wp-content\/uploads\/2025\/05\/IMG-20250522-WA0045.jpg 1263w, https:\/\/www.latribunedufaso.net\/wp-content\/uploads\/2025\/05\/IMG-20250522-WA0045-300x264.jpg 300w, https:\/\/www.latribunedufaso.net\/wp-content\/uploads\/2025\/05\/IMG-20250522-WA0045-1024x902.jpg 1024w, https:\/\/www.latribunedufaso.net\/wp-content\/uploads\/2025\/05\/IMG-20250522-WA0045-768x677.jpg 768w\" sizes=\"auto, (max-width: 1263px) 100vw, 1263px\" \/><\/a><figcaption id=\"caption-attachment-20739\" class=\"wp-caption-text\">L&rsquo;administrateur de la gare de l\u2019Est de Ouagadougou, Antoine Kabor\u00e9 &#8211; Ph. N. Ouattara<\/figcaption><\/figure>\n<p><em><strong>\u00ab Nous sommes tr\u00e8s contents, tr\u00e8s fiers. C\u2019est une action qui va contribuer \u00e0 recycler nos chauffeurs et \u00e0 changer les comportements sur la route \u00bb<\/strong><\/em>, s\u2019est r\u00e9joui Antoine Kabor\u00e9, administrateur de la gare de l\u2019Est et pr\u00e9sident de l\u2019Union des transporteurs routiers et de voyageurs du site.<\/p>\n<p>Il en appelle \u00e0 la responsabilit\u00e9 de chaque conducteur : <em><strong>\u00ab que chacun respecte scrupuleusement le code de la route. Il en va de la s\u00e9curit\u00e9 de tous. \u00bb<\/strong><\/em><\/p>\n<p><iframe loading=\"lazy\" width=\"560\" height=\"315\" src=\"https:\/\/www.youtube.com\/embed\/SmguLTq7_Js?si=C8R0Wk7U8SXtLr4h\" title=\"YouTube video player\" frameborder=\"0\" allow=\"accelerometer; autoplay; clipboard-write; encrypted-media; gyroscope; picture-in-picture; web-share\" referrerpolicy=\"strict-origin-when-cross-origin\" allowfullscreen><\/iframe><\/p>\n<h3>R\u00e9sultats de l&rsquo;examen des dossiers\u00a0<\/h3>\n<p>Sur 12 dossiers programm\u00e9s, c&rsquo;est 9 qui ont \u00e9t\u00e9 examin\u00e9s par la commission. Au terme des travaux, elle a d\u00e9cid\u00e9 de restituer le permis de conduire \u00e0 2 conducteurs dont la responsabilit\u00e9 dans les accidents mortels n&rsquo;a pas \u00e9t\u00e9 retenue. Elle a prononc\u00e9 la suspension du permis \u00e0 l&rsquo;encontre de 7 autres conducteurs pour des dur\u00e9es allant de 1 \u00e0 5 mois.<\/p>\n<p>Notons qu&rsquo;il y a eu des victimes d\u00e9c\u00e9d\u00e9es dans tous les dossier d&rsquo;accidents examin\u00e9s par la commission.<\/p>\n<blockquote>\n<p>Lire aussi &gt;&gt; <a href=\"https:\/\/www.latribunedufaso.net\/?p=17009\">Promotion de la s\u00e9curit\u00e9 routi\u00e8re : La campagne de sensibilisation au profit des \u00e9l\u00e8ves officiellement lanc\u00e9e\u00a0<\/a><\/p>\n<\/blockquote>\n<p>Au l&rsquo;issue de ses travaux, la commission a prodigu\u00e9 des conseils aux conducteurs mis en cause et leur a demand\u00e9 de respecter d\u00e9sormais scrupuleusement le code de la route dans leur conduite.<\/p>\n<p><strong>Nabintou OUATTARA\u00a0<\/strong><\/p>\n<p><strong>Latribunedufaso.net<\/strong><\/p>\n","protected":false},"excerpt":{"rendered":"<p>Pour rapprocher l\u2019administration des citoyens et renforcer la pr\u00e9vention routi\u00e8re, la Commission technique sp\u00e9ciale de retrait de permis de conduire a tenu une session foraine ce 22 mai 2025 \u00e0 la gare routi\u00e8re de l\u2019Est, \u00e0 Ouagadougou. Une douzaine de dossiers li\u00e9s \u00e0 des accidents graves ont \u00e9t\u00e9 examin\u00e9s, dans un \u00ab esprit de transparence \u00bb et de responsabilit\u00e9.<\/p>\n","protected":false},"author":5,"featured_media":20741,"comment_status":"open","ping_status":"open","sticky":false,"template":"","format":"standard","meta":{"footnotes":""},"categories":[13,1,22],"tags":[1062,1059,434,1061,161],"class_list":["post-20737","post","type-post","status-publish","format-standard","has-post-thumbnail","hentry","category-une","category-actu","category-securite-routiere","tag-commission-technique-speciale-de-retrait-de-permis-de-conduire","tag-faitieres-des-transporteurs","tag-onaser","tag-retrait-de-permis-de-conduire","tag-securite-routiere"],"yoast_head":"<!-- This site is optimized with the Yoast SEO plugin v27.4 - https:\/\/yoast.com\/product\/yoast-seo-wordpress\/ -->\n<title>Burkina Faso : Une session foraine de retrait de permis pour sensibiliser les chauffeurs \u00e0 la s\u00e9curit\u00e9 routi\u00e8re - La Tribune du Faso<\/title>\n<meta name=\"robots\" content=\"index, follow, max-snippet:-1, max-image-preview:large, max-video-preview:-1\" \/>\n<link rel=\"canonical\" href=\"https:\/\/www.latribunedufaso.net\/?p=20737\" \/>\n<meta property=\"og:locale\" content=\"fr_FR\" \/>\n<meta property=\"og:type\" content=\"article\" \/>\n<meta property=\"og:title\" content=\"Burkina Faso : Une session foraine de retrait de permis pour sensibiliser les chauffeurs \u00e0 la s\u00e9curit\u00e9 routi\u00e8re - La Tribune du Faso\" \/>\n<meta property=\"og:description\" content=\"Pour rapprocher l\u2019administration des citoyens et renforcer la pr\u00e9vention routi\u00e8re, la Commission technique sp\u00e9ciale de retrait de permis de conduire a tenu une session foraine ce 22 mai 2025 \u00e0 la gare routi\u00e8re de l\u2019Est, \u00e0 Ouagadougou. Une douzaine de dossiers li\u00e9s \u00e0 des accidents graves ont \u00e9t\u00e9 examin\u00e9s, dans un \u00ab esprit de transparence \u00bb et de responsabilit\u00e9.\" \/>\n<meta property=\"og:url\" content=\"https:\/\/www.latribunedufaso.net\/?p=20737\" \/>\n<meta property=\"og:site_name\" content=\"La Tribune du Faso\" \/>\n<meta property=\"article:publisher\" content=\"https:\/\/www.facebook.com\/LatribuneduFaso\/\" \/>\n<meta property=\"article:published_time\" content=\"2025-05-22T15:44:35+00:00\" \/>\n<meta property=\"article:modified_time\" content=\"2025-05-30T20:32:39+00:00\" \/>\n<meta property=\"og:image\" content=\"https:\/\/www.latribunedufaso.net\/wp-content\/uploads\/2025\/05\/IMG-20250522-WA0043.jpg\" \/>\n\t<meta property=\"og:image:width\" content=\"2560\" \/>\n\t<meta property=\"og:image:height\" content=\"1180\" \/>\n\t<meta property=\"og:image:type\" content=\"image\/jpeg\" \/>\n<meta name=\"author\" content=\"Issouf Tapsoba\" \/>\n<meta name=\"twitter:label1\" content=\"\u00c9crit par\" \/>\n\t<meta name=\"twitter:data1\" content=\"Issouf Tapsoba\" \/>\n\t<meta name=\"twitter:label2\" content=\"Dur\u00e9e de lecture estim\u00e9e\" \/>\n\t<meta name=\"twitter:data2\" content=\"4 minutes\" \/>\n<script type=\"application\/ld+json\" class=\"yoast-schema-graph\">{\"@context\":\"https:\\\/\\\/schema.org\",\"@graph\":[{\"@type\":\"Article\",\"@id\":\"https:\\\/\\\/www.latribunedufaso.net\\\/?p=20737#article\",\"isPartOf\":{\"@id\":\"https:\\\/\\\/www.latribunedufaso.net\\\/?p=20737\"},\"author\":{\"name\":\"Issouf Tapsoba\",\"@id\":\"https:\\\/\\\/www.latribunedufaso.net\\\/#\\\/schema\\\/person\\\/e54e64c5778a7e72cf80a318b7a622b0\"},\"headline\":\"Burkina Faso : Une session foraine de retrait de permis pour sensibiliser les chauffeurs \u00e0 la s\u00e9curit\u00e9 routi\u00e8re\",\"datePublished\":\"2025-05-22T15:44:35+00:00\",\"dateModified\":\"2025-05-30T20:32:39+00:00\",\"mainEntityOfPage\":{\"@id\":\"https:\\\/\\\/www.latribunedufaso.net\\\/?p=20737\"},\"wordCount\":733,\"commentCount\":0,\"publisher\":{\"@id\":\"https:\\\/\\\/www.latribunedufaso.net\\\/#organization\"},\"image\":{\"@id\":\"https:\\\/\\\/www.latribunedufaso.net\\\/?p=20737#primaryimage\"},\"thumbnailUrl\":\"https:\\\/\\\/www.latribunedufaso.net\\\/wp-content\\\/uploads\\\/2025\\\/05\\\/IMG-20250522-WA0043.jpg\",\"keywords\":[\"Commission technique sp\u00e9ciale de retrait de permis de conduire\",\"fa\u00eeti\u00e8res des transporteurs\",\"ONASER\",\"retrait de permis de conduire\",\"S\u00e9curit\u00e9 routi\u00e8re\"],\"articleSection\":[\"A la une\",\"Actualit\u00e9\",\"S\u00e9curit\u00e9 routi\u00e8re\"],\"inLanguage\":\"fr-FR\",\"potentialAction\":[{\"@type\":\"CommentAction\",\"name\":\"Comment\",\"target\":[\"https:\\\/\\\/www.latribunedufaso.net\\\/?p=20737#respond\"]}]},{\"@type\":\"WebPage\",\"@id\":\"https:\\\/\\\/www.latribunedufaso.net\\\/?p=20737\",\"url\":\"https:\\\/\\\/www.latribunedufaso.net\\\/?p=20737\",\"name\":\"Burkina Faso : Une session foraine de retrait de permis pour sensibiliser les chauffeurs \u00e0 la s\u00e9curit\u00e9 routi\u00e8re - La Tribune du Faso\",\"isPartOf\":{\"@id\":\"https:\\\/\\\/www.latribunedufaso.net\\\/#website\"},\"primaryImageOfPage\":{\"@id\":\"https:\\\/\\\/www.latribunedufaso.net\\\/?p=20737#primaryimage\"},\"image\":{\"@id\":\"https:\\\/\\\/www.latribunedufaso.net\\\/?p=20737#primaryimage\"},\"thumbnailUrl\":\"https:\\\/\\\/www.latribunedufaso.net\\\/wp-content\\\/uploads\\\/2025\\\/05\\\/IMG-20250522-WA0043.jpg\",\"datePublished\":\"2025-05-22T15:44:35+00:00\",\"dateModified\":\"2025-05-30T20:32:39+00:00\",\"breadcrumb\":{\"@id\":\"https:\\\/\\\/www.latribunedufaso.net\\\/?p=20737#breadcrumb\"},\"inLanguage\":\"fr-FR\",\"potentialAction\":[{\"@type\":\"ReadAction\",\"target\":[\"https:\\\/\\\/www.latribunedufaso.net\\\/?p=20737\"]}]},{\"@type\":\"ImageObject\",\"inLanguage\":\"fr-FR\",\"@id\":\"https:\\\/\\\/www.latribunedufaso.net\\\/?p=20737#primaryimage\",\"url\":\"https:\\\/\\\/www.latribunedufaso.net\\\/wp-content\\\/uploads\\\/2025\\\/05\\\/IMG-20250522-WA0043.jpg\",\"contentUrl\":\"https:\\\/\\\/www.latribunedufaso.net\\\/wp-content\\\/uploads\\\/2025\\\/05\\\/IMG-20250522-WA0043.jpg\",\"width\":2560,\"height\":1180,\"caption\":\"Photo des membres du comit\u00e9 technique sp\u00e9ciale de retrait de permis de conduire lors de la session - Ph. N. Ouattara\"},{\"@type\":\"BreadcrumbList\",\"@id\":\"https:\\\/\\\/www.latribunedufaso.net\\\/?p=20737#breadcrumb\",\"itemListElement\":[{\"@type\":\"ListItem\",\"position\":1,\"name\":\"Accueil\",\"item\":\"https:\\\/\\\/www.latribunedufaso.net\\\/\"},{\"@type\":\"ListItem\",\"position\":2,\"name\":\"Burkina Faso : Une session foraine de retrait de permis pour sensibiliser les chauffeurs \u00e0 la s\u00e9curit\u00e9 routi\u00e8re\"}]},{\"@type\":\"WebSite\",\"@id\":\"https:\\\/\\\/www.latribunedufaso.net\\\/#website\",\"url\":\"https:\\\/\\\/www.latribunedufaso.net\\\/\",\"name\":\"La Tribune du Faso\",\"description\":\"L&#039;information du monde rural en un clic\",\"publisher\":{\"@id\":\"https:\\\/\\\/www.latribunedufaso.net\\\/#organization\"},\"potentialAction\":[{\"@type\":\"SearchAction\",\"target\":{\"@type\":\"EntryPoint\",\"urlTemplate\":\"https:\\\/\\\/www.latribunedufaso.net\\\/?s={search_term_string}\"},\"query-input\":{\"@type\":\"PropertyValueSpecification\",\"valueRequired\":true,\"valueName\":\"search_term_string\"}}],\"inLanguage\":\"fr-FR\"},{\"@type\":\"Organization\",\"@id\":\"https:\\\/\\\/www.latribunedufaso.net\\\/#organization\",\"name\":\"La Tribune du Faso\",\"url\":\"https:\\\/\\\/www.latribunedufaso.net\\\/\",\"logo\":{\"@type\":\"ImageObject\",\"inLanguage\":\"fr-FR\",\"@id\":\"https:\\\/\\\/www.latribunedufaso.net\\\/#\\\/schema\\\/logo\\\/image\\\/\",\"url\":\"https:\\\/\\\/www.latribunedufaso.net\\\/wp-content\\\/uploads\\\/2020\\\/08\\\/Logo-Tribune-du-Faso-final-scaled.jpg\",\"contentUrl\":\"https:\\\/\\\/www.latribunedufaso.net\\\/wp-content\\\/uploads\\\/2020\\\/08\\\/Logo-Tribune-du-Faso-final-scaled.jpg\",\"width\":2560,\"height\":1856,\"caption\":\"La Tribune du Faso\"},\"image\":{\"@id\":\"https:\\\/\\\/www.latribunedufaso.net\\\/#\\\/schema\\\/logo\\\/image\\\/\"},\"sameAs\":[\"https:\\\/\\\/www.facebook.com\\\/LatribuneduFaso\\\/\"]},{\"@type\":\"Person\",\"@id\":\"https:\\\/\\\/www.latribunedufaso.net\\\/#\\\/schema\\\/person\\\/e54e64c5778a7e72cf80a318b7a622b0\",\"name\":\"Issouf Tapsoba\",\"image\":{\"@type\":\"ImageObject\",\"inLanguage\":\"fr-FR\",\"@id\":\"https:\\\/\\\/secure.gravatar.com\\\/avatar\\\/5e6c05150ce3230247d167f5b94d678eb05936197436d69b7921e3a95c9107ac?s=96&d=mm&r=g\",\"url\":\"https:\\\/\\\/secure.gravatar.com\\\/avatar\\\/5e6c05150ce3230247d167f5b94d678eb05936197436d69b7921e3a95c9107ac?s=96&d=mm&r=g\",\"contentUrl\":\"https:\\\/\\\/secure.gravatar.com\\\/avatar\\\/5e6c05150ce3230247d167f5b94d678eb05936197436d69b7921e3a95c9107ac?s=96&d=mm&r=g\",\"caption\":\"Issouf Tapsoba\"},\"url\":\"https:\\\/\\\/www.latribunedufaso.net\\\/?author=5\"}]}<\/script>\n<!-- \/ Yoast SEO plugin. -->","yoast_head_json":{"title":"Burkina Faso : Une session foraine de retrait de permis pour sensibiliser les chauffeurs \u00e0 la s\u00e9curit\u00e9 routi\u00e8re - La Tribune du Faso","robots":{"index":"index","follow":"follow","max-snippet":"max-snippet:-1","max-image-preview":"max-image-preview:large","max-video-preview":"max-video-preview:-1"},"canonical":"https:\/\/www.latribunedufaso.net\/?p=20737","og_locale":"fr_FR","og_type":"article","og_title":"Burkina Faso : Une session foraine de retrait de permis pour sensibiliser les chauffeurs \u00e0 la s\u00e9curit\u00e9 routi\u00e8re - La Tribune du Faso","og_description":"Pour rapprocher l\u2019administration des citoyens et renforcer la pr\u00e9vention routi\u00e8re, la Commission technique sp\u00e9ciale de retrait de permis de conduire a tenu une session foraine ce 22 mai 2025 \u00e0 la gare routi\u00e8re de l\u2019Est, \u00e0 Ouagadougou. Une douzaine de dossiers li\u00e9s \u00e0 des accidents graves ont \u00e9t\u00e9 examin\u00e9s, dans un \u00ab esprit de transparence \u00bb et de responsabilit\u00e9.","og_url":"https:\/\/www.latribunedufaso.net\/?p=20737","og_site_name":"La Tribune du Faso","article_publisher":"https:\/\/www.facebook.com\/LatribuneduFaso\/","article_published_time":"2025-05-22T15:44:35+00:00","article_modified_time":"2025-05-30T20:32:39+00:00","og_image":[{"width":2560,"height":1180,"url":"https:\/\/www.latribunedufaso.net\/wp-content\/uploads\/2025\/05\/IMG-20250522-WA0043.jpg","type":"image\/jpeg"}],"author":"Issouf Tapsoba","twitter_misc":{"\u00c9crit par":"Issouf Tapsoba","Dur\u00e9e de lecture estim\u00e9e":"4 minutes"},"schema":{"@context":"https:\/\/schema.org","@graph":[{"@type":"Article","@id":"https:\/\/www.latribunedufaso.net\/?p=20737#article","isPartOf":{"@id":"https:\/\/www.latribunedufaso.net\/?p=20737"},"author":{"name":"Issouf Tapsoba","@id":"https:\/\/www.latribunedufaso.net\/#\/schema\/person\/e54e64c5778a7e72cf80a318b7a622b0"},"headline":"Burkina Faso : Une session foraine de retrait de permis pour sensibiliser les chauffeurs \u00e0 la s\u00e9curit\u00e9 routi\u00e8re","datePublished":"2025-05-22T15:44:35+00:00","dateModified":"2025-05-30T20:32:39+00:00","mainEntityOfPage":{"@id":"https:\/\/www.latribunedufaso.net\/?p=20737"},"wordCount":733,"commentCount":0,"publisher":{"@id":"https:\/\/www.latribunedufaso.net\/#organization"},"image":{"@id":"https:\/\/www.latribunedufaso.net\/?p=20737#primaryimage"},"thumbnailUrl":"https:\/\/www.latribunedufaso.net\/wp-content\/uploads\/2025\/05\/IMG-20250522-WA0043.jpg","keywords":["Commission technique sp\u00e9ciale de retrait de permis de conduire","fa\u00eeti\u00e8res des transporteurs","ONASER","retrait de permis de conduire","S\u00e9curit\u00e9 routi\u00e8re"],"articleSection":["A la une","Actualit\u00e9","S\u00e9curit\u00e9 routi\u00e8re"],"inLanguage":"fr-FR","potentialAction":[{"@type":"CommentAction","name":"Comment","target":["https:\/\/www.latribunedufaso.net\/?p=20737#respond"]}]},{"@type":"WebPage","@id":"https:\/\/www.latribunedufaso.net\/?p=20737","url":"https:\/\/www.latribunedufaso.net\/?p=20737","name":"Burkina Faso : Une session foraine de retrait de permis pour sensibiliser les chauffeurs \u00e0 la s\u00e9curit\u00e9 routi\u00e8re - La Tribune du Faso","isPartOf":{"@id":"https:\/\/www.latribunedufaso.net\/#website"},"primaryImageOfPage":{"@id":"https:\/\/www.latribunedufaso.net\/?p=20737#primaryimage"},"image":{"@id":"https:\/\/www.latribunedufaso.net\/?p=20737#primaryimage"},"thumbnailUrl":"https:\/\/www.latribunedufaso.net\/wp-content\/uploads\/2025\/05\/IMG-20250522-WA0043.jpg","datePublished":"2025-05-22T15:44:35+00:00","dateModified":"2025-05-30T20:32:39+00:00","breadcrumb":{"@id":"https:\/\/www.latribunedufaso.net\/?p=20737#breadcrumb"},"inLanguage":"fr-FR","potentialAction":[{"@type":"ReadAction","target":["https:\/\/www.latribunedufaso.net\/?p=20737"]}]},{"@type":"ImageObject","inLanguage":"fr-FR","@id":"https:\/\/www.latribunedufaso.net\/?p=20737#primaryimage","url":"https:\/\/www.latribunedufaso.net\/wp-content\/uploads\/2025\/05\/IMG-20250522-WA0043.jpg","contentUrl":"https:\/\/www.latribunedufaso.net\/wp-content\/uploads\/2025\/05\/IMG-20250522-WA0043.jpg","width":2560,"height":1180,"caption":"Photo des membres du comit\u00e9 technique sp\u00e9ciale de retrait de permis de conduire lors de la session - Ph. N. Ouattara"},{"@type":"BreadcrumbList","@id":"https:\/\/www.latribunedufaso.net\/?p=20737#breadcrumb","itemListElement":[{"@type":"ListItem","position":1,"name":"Accueil","item":"https:\/\/www.latribunedufaso.net\/"},{"@type":"ListItem","position":2,"name":"Burkina Faso : Une session foraine de retrait de permis pour sensibiliser les chauffeurs \u00e0 la s\u00e9curit\u00e9 routi\u00e8re"}]},{"@type":"WebSite","@id":"https:\/\/www.latribunedufaso.net\/#website","url":"https:\/\/www.latribunedufaso.net\/","name":"La Tribune du Faso","description":"L&#039;information du monde rural en un clic","publisher":{"@id":"https:\/\/www.latribunedufaso.net\/#organization"},"potentialAction":[{"@type":"SearchAction","target":{"@type":"EntryPoint","urlTemplate":"https:\/\/www.latribunedufaso.net\/?s={search_term_string}"},"query-input":{"@type":"PropertyValueSpecification","valueRequired":true,"valueName":"search_term_string"}}],"inLanguage":"fr-FR"},{"@type":"Organization","@id":"https:\/\/www.latribunedufaso.net\/#organization","name":"La Tribune du Faso","url":"https:\/\/www.latribunedufaso.net\/","logo":{"@type":"ImageObject","inLanguage":"fr-FR","@id":"https:\/\/www.latribunedufaso.net\/#\/schema\/logo\/image\/","url":"https:\/\/www.latribunedufaso.net\/wp-content\/uploads\/2020\/08\/Logo-Tribune-du-Faso-final-scaled.jpg","contentUrl":"https:\/\/www.latribunedufaso.net\/wp-content\/uploads\/2020\/08\/Logo-Tribune-du-Faso-final-scaled.jpg","width":2560,"height":1856,"caption":"La Tribune du Faso"},"image":{"@id":"https:\/\/www.latribunedufaso.net\/#\/schema\/logo\/image\/"},"sameAs":["https:\/\/www.facebook.com\/LatribuneduFaso\/"]},{"@type":"Person","@id":"https:\/\/www.latribunedufaso.net\/#\/schema\/person\/e54e64c5778a7e72cf80a318b7a622b0","name":"Issouf Tapsoba","image":{"@type":"ImageObject","inLanguage":"fr-FR","@id":"https:\/\/secure.gravatar.com\/avatar\/5e6c05150ce3230247d167f5b94d678eb05936197436d69b7921e3a95c9107ac?s=96&d=mm&r=g","url":"https:\/\/secure.gravatar.com\/avatar\/5e6c05150ce3230247d167f5b94d678eb05936197436d69b7921e3a95c9107ac?s=96&d=mm&r=g","contentUrl":"https:\/\/secure.gravatar.com\/avatar\/5e6c05150ce3230247d167f5b94d678eb05936197436d69b7921e3a95c9107ac?s=96&d=mm&r=g","caption":"Issouf Tapsoba"},"url":"https:\/\/www.latribunedufaso.net\/?author=5"}]}},"_links":{"self":[{"href":"https:\/\/www.latribunedufaso.net\/index.php?rest_route=\/wp\/v2\/posts\/20737","targetHints":{"allow":["GET"]}}],"collection":[{"href":"https:\/\/www.latribunedufaso.net\/index.php?rest_route=\/wp\/v2\/posts"}],"about":[{"href":"https:\/\/www.latribunedufaso.net\/index.php?rest_route=\/wp\/v2\/types\/post"}],"author":[{"embeddable":true,"href":"https:\/\/www.latribunedufaso.net\/index.php?rest_route=\/wp\/v2\/users\/5"}],"replies":[{"embeddable":true,"href":"https:\/\/www.latribunedufaso.net\/index.php?rest_route=%2Fwp%2Fv2%2Fcomments&post=20737"}],"version-history":[{"count":5,"href":"https:\/\/www.latribunedufaso.net\/index.php?rest_route=\/wp\/v2\/posts\/20737\/revisions"}],"predecessor-version":[{"id":20972,"href":"https:\/\/www.latribunedufaso.net\/index.php?rest_route=\/wp\/v2\/posts\/20737\/revisions\/20972"}],"wp:featuredmedia":[{"embeddable":true,"href":"https:\/\/www.latribunedufaso.net\/index.php?rest_route=\/wp\/v2\/media\/20741"}],"wp:attachment":[{"href":"https:\/\/www.latribunedufaso.net\/index.php?rest_route=%2Fwp%2Fv2%2Fmedia&parent=20737"}],"wp:term":[{"taxonomy":"category","embeddable":true,"href":"https:\/\/www.latribunedufaso.net\/index.php?rest_route=%2Fwp%2Fv2%2Fcategories&post=20737"},{"taxonomy":"post_tag","embeddable":true,"href":"https:\/\/www.latribunedufaso.net\/index.php?rest_route=%2Fwp%2Fv2%2Ftags&post=20737"}],"curies":[{"name":"wp","href":"https:\/\/api.w.org\/{rel}","templated":true}]}}