{"id":20722,"date":"2025-05-22T13:45:31","date_gmt":"2025-05-22T13:45:31","guid":{"rendered":"https:\/\/www.latribunedufaso.net\/?p=20722"},"modified":"2025-05-22T13:45:31","modified_gmt":"2025-05-22T13:45:31","slug":"visibilite-des-actions-des-federations-sportives-la-dcrp-et-les-acteurs-en-synergie-dactions","status":"publish","type":"post","link":"https:\/\/www.latribunedufaso.net\/?p=20722","title":{"rendered":"Visibilit\u00e9 des actions des f\u00e9d\u00e9rations sportives : La DCRP et les acteurs en synergie d&rsquo;actions"},"content":{"rendered":"<p><strong>La Direction de la Communication et des Relations Presse (DCRP) du minist\u00e8re des Sports, de la Jeunesse et de l\u2019Emploi (MSJE) a tenu, le 21 mai 2025 \u00e0 Ouagadougou, la premi\u00e8re session du cadre de concertation avec les charg\u00e9s de communication des f\u00e9d\u00e9rations sportives nationales.<\/strong><!--more--><\/p>\n<p>Pr\u00e9sid\u00e9e par le Directeur de la Communication et des Relations Presse, Ghildas Ouedraogo, cette rencontre statutaire a permis de dresser le bilan des acquis cons\u00e9cutifs \u00e0 la formation en \u00e9criture journalistique et en montage vid\u00e9o, tout en d\u00e9finissant des perspectives claires pour renforcer la visibilit\u00e9 des actions des f\u00e9d\u00e9rations sur les canaux institutionnels.<\/p>\n<figure id=\"attachment_20723\" aria-describedby=\"caption-attachment-20723\" style=\"width: 720px\" class=\"wp-caption aligncenter\"><a href=\"https:\/\/www.latribunedufaso.net\/wp-content\/uploads\/2025\/05\/FB_IMG_1747920743285.jpg\"><img loading=\"lazy\" decoding=\"async\" class=\"size-full wp-image-20723\" src=\"https:\/\/www.latribunedufaso.net\/wp-content\/uploads\/2025\/05\/FB_IMG_1747920743285.jpg\" alt=\"La premi\u00e8re session du cadre de concertation de la DCRP avec les charg\u00e9s de communication des f\u00e9d\u00e9rations sportives nationales, 21 mai 2025\" width=\"720\" height=\"527\" srcset=\"https:\/\/www.latribunedufaso.net\/wp-content\/uploads\/2025\/05\/FB_IMG_1747920743285.jpg 720w, https:\/\/www.latribunedufaso.net\/wp-content\/uploads\/2025\/05\/FB_IMG_1747920743285-300x220.jpg 300w, https:\/\/www.latribunedufaso.net\/wp-content\/uploads\/2025\/05\/FB_IMG_1747920743285-90x65.jpg 90w\" sizes=\"auto, (max-width: 720px) 100vw, 720px\" \/><\/a><figcaption id=\"caption-attachment-20723\" class=\"wp-caption-text\">Le Directeur de la Communication et des Relations Presse, Ghildas Ouedraogo &#8211; Ph. DR<\/figcaption><\/figure>\n<p>Les participants ont expos\u00e9 les difficult\u00e9s rencontr\u00e9es en mati\u00e8re de promotion des plateformes digitales de communication et de valorisation des activit\u00e9s des f\u00e9d\u00e9rations sportives. En r\u00e9ponse, un canevas \u00e9ditorial harmonis\u00e9 a \u00e9t\u00e9 propos\u00e9, en vue d\u2019uniformiser les productions et de mieux mettre en lumi\u00e8re les initiatives sportives. Monsieur Ouedraogo a insist\u00e9 sur la n\u00e9cessit\u00e9 d\u2019une approche proactive, en encourageant notamment la production d\u2019avant-papiers, la r\u00e9alisation de capsules vid\u00e9o inspirantes, ainsi que la valorisation des athl\u00e8tes, des encadreurs et des sp\u00e9cificit\u00e9s propres \u00e0 chaque discipline.<\/p>\n<figure id=\"attachment_20725\" aria-describedby=\"caption-attachment-20725\" style=\"width: 720px\" class=\"wp-caption aligncenter\"><a href=\"https:\/\/www.latribunedufaso.net\/wp-content\/uploads\/2025\/05\/FB_IMG_1747920900885.jpg\"><img loading=\"lazy\" decoding=\"async\" class=\"size-full wp-image-20725\" src=\"https:\/\/www.latribunedufaso.net\/wp-content\/uploads\/2025\/05\/FB_IMG_1747920900885.jpg\" alt=\"La premi\u00e8re session du cadre de concertation de la DCRP avec les charg\u00e9s de communication des f\u00e9d\u00e9rations sportives nationales, 21 mai 2025\" width=\"720\" height=\"480\" srcset=\"https:\/\/www.latribunedufaso.net\/wp-content\/uploads\/2025\/05\/FB_IMG_1747920900885.jpg 720w, https:\/\/www.latribunedufaso.net\/wp-content\/uploads\/2025\/05\/FB_IMG_1747920900885-300x200.jpg 300w, https:\/\/www.latribunedufaso.net\/wp-content\/uploads\/2025\/05\/FB_IMG_1747920900885-120x80.jpg 120w, https:\/\/www.latribunedufaso.net\/wp-content\/uploads\/2025\/05\/FB_IMG_1747920900885-360x240.jpg 360w, https:\/\/www.latribunedufaso.net\/wp-content\/uploads\/2025\/05\/FB_IMG_1747920900885-600x400.jpg 600w\" sizes=\"auto, (max-width: 720px) 100vw, 720px\" \/><\/a><figcaption id=\"caption-attachment-20725\" class=\"wp-caption-text\">Photo de famille des participants &#8211; Ph. DR<\/figcaption><\/figure>\n<p>Ce premier cadre de concertation de l\u2019ann\u00e9e 2025 a \u00e9galement abouti \u00e0 la mise en place d\u2019un comit\u00e9 charg\u00e9 de l\u2019\u00e9laboration de projets destin\u00e9s \u00e0 mobiliser des partenaires, en vue du renforcement des capacit\u00e9s techniques et op\u00e9rationnelles des charg\u00e9s de communication des f\u00e9d\u00e9rations sportives.<\/p>\n<p><strong>Latribunefufaso.net<\/strong><\/p>\n<p><strong>Source : DCRP MSJE<\/strong><\/p>\n<p>Lire aussi &gt;&gt; <a href=\"https:\/\/www.latribunedufaso.net\/?p=19955\">Assises nationales du Sport et des Loisirs : Des recommandations pour d\u00e9velopper l\u2019\u00e9conomie du secteur\u00a0<\/a><\/p>\n","protected":false},"excerpt":{"rendered":"<p>La Direction de la Communication et des Relations Presse (DCRP) du minist\u00e8re des Sports, de la Jeunesse et de l\u2019Emploi (MSJE) a tenu, le 21 mai 2025 \u00e0 Ouagadougou, la premi\u00e8re session du cadre de concertation avec les charg\u00e9s de communication des f\u00e9d\u00e9rations sportives nationales.<\/p>\n","protected":false},"author":5,"featured_media":20724,"comment_status":"open","ping_status":"open","sticky":false,"template":"","format":"standard","meta":{"footnotes":""},"categories":[13,1,17],"tags":[1055,489],"class_list":["post-20722","post","type-post","status-publish","format-standard","has-post-thumbnail","hentry","category-une","category-actu","category-sport","tag-cadre-de-concertation","tag-sport"],"yoast_head":"<!-- This site is optimized with the Yoast SEO plugin v27.4 - https:\/\/yoast.com\/product\/yoast-seo-wordpress\/ -->\n<title>Visibilit\u00e9 des actions des f\u00e9d\u00e9rations sportives : La DCRP et les acteurs en synergie d&#039;actions - La Tribune du Faso<\/title>\n<meta name=\"robots\" content=\"index, follow, max-snippet:-1, max-image-preview:large, max-video-preview:-1\" \/>\n<link rel=\"canonical\" href=\"https:\/\/www.latribunedufaso.net\/?p=20722\" \/>\n<meta property=\"og:locale\" content=\"fr_FR\" \/>\n<meta property=\"og:type\" content=\"article\" \/>\n<meta property=\"og:title\" content=\"Visibilit\u00e9 des actions des f\u00e9d\u00e9rations sportives : La DCRP et les acteurs en synergie d&#039;actions - La Tribune du Faso\" \/>\n<meta property=\"og:description\" content=\"La Direction de la Communication et des Relations Presse (DCRP) du minist\u00e8re des Sports, de la Jeunesse et de l\u2019Emploi (MSJE) a tenu, le 21 mai 2025 \u00e0 Ouagadougou, la premi\u00e8re session du cadre de concertation avec les charg\u00e9s de communication des f\u00e9d\u00e9rations sportives nationales.\" \/>\n<meta property=\"og:url\" content=\"https:\/\/www.latribunedufaso.net\/?p=20722\" \/>\n<meta property=\"og:site_name\" content=\"La Tribune du Faso\" \/>\n<meta property=\"article:publisher\" content=\"https:\/\/www.facebook.com\/LatribuneduFaso\/\" \/>\n<meta property=\"article:published_time\" content=\"2025-05-22T13:45:31+00:00\" \/>\n<meta property=\"og:image\" content=\"https:\/\/www.latribunedufaso.net\/wp-content\/uploads\/2025\/05\/FB_IMG_1747920752903.jpg\" \/>\n\t<meta property=\"og:image:width\" content=\"720\" \/>\n\t<meta property=\"og:image:height\" content=\"480\" \/>\n\t<meta property=\"og:image:type\" content=\"image\/jpeg\" \/>\n<meta name=\"author\" content=\"Issouf Tapsoba\" \/>\n<meta name=\"twitter:label1\" content=\"\u00c9crit par\" \/>\n\t<meta name=\"twitter:data1\" content=\"Issouf Tapsoba\" \/>\n\t<meta name=\"twitter:label2\" content=\"Dur\u00e9e de lecture estim\u00e9e\" \/>\n\t<meta name=\"twitter:data2\" content=\"2 minutes\" \/>\n<script type=\"application\/ld+json\" class=\"yoast-schema-graph\">{\"@context\":\"https:\\\/\\\/schema.org\",\"@graph\":[{\"@type\":\"Article\",\"@id\":\"https:\\\/\\\/www.latribunedufaso.net\\\/?p=20722#article\",\"isPartOf\":{\"@id\":\"https:\\\/\\\/www.latribunedufaso.net\\\/?p=20722\"},\"author\":{\"name\":\"Issouf Tapsoba\",\"@id\":\"https:\\\/\\\/www.latribunedufaso.net\\\/#\\\/schema\\\/person\\\/e54e64c5778a7e72cf80a318b7a622b0\"},\"headline\":\"Visibilit\u00e9 des actions des f\u00e9d\u00e9rations sportives : La DCRP et les acteurs en synergie d&rsquo;actions\",\"datePublished\":\"2025-05-22T13:45:31+00:00\",\"mainEntityOfPage\":{\"@id\":\"https:\\\/\\\/www.latribunedufaso.net\\\/?p=20722\"},\"wordCount\":336,\"commentCount\":0,\"publisher\":{\"@id\":\"https:\\\/\\\/www.latribunedufaso.net\\\/#organization\"},\"image\":{\"@id\":\"https:\\\/\\\/www.latribunedufaso.net\\\/?p=20722#primaryimage\"},\"thumbnailUrl\":\"https:\\\/\\\/www.latribunedufaso.net\\\/wp-content\\\/uploads\\\/2025\\\/05\\\/FB_IMG_1747920752903.jpg\",\"keywords\":[\"cadre de concertation\",\"sport\"],\"articleSection\":[\"A la une\",\"Actualit\u00e9\",\"Sport\"],\"inLanguage\":\"fr-FR\",\"potentialAction\":[{\"@type\":\"CommentAction\",\"name\":\"Comment\",\"target\":[\"https:\\\/\\\/www.latribunedufaso.net\\\/?p=20722#respond\"]}]},{\"@type\":\"WebPage\",\"@id\":\"https:\\\/\\\/www.latribunedufaso.net\\\/?p=20722\",\"url\":\"https:\\\/\\\/www.latribunedufaso.net\\\/?p=20722\",\"name\":\"Visibilit\u00e9 des actions des f\u00e9d\u00e9rations sportives : La DCRP et les acteurs en synergie d'actions - La Tribune du Faso\",\"isPartOf\":{\"@id\":\"https:\\\/\\\/www.latribunedufaso.net\\\/#website\"},\"primaryImageOfPage\":{\"@id\":\"https:\\\/\\\/www.latribunedufaso.net\\\/?p=20722#primaryimage\"},\"image\":{\"@id\":\"https:\\\/\\\/www.latribunedufaso.net\\\/?p=20722#primaryimage\"},\"thumbnailUrl\":\"https:\\\/\\\/www.latribunedufaso.net\\\/wp-content\\\/uploads\\\/2025\\\/05\\\/FB_IMG_1747920752903.jpg\",\"datePublished\":\"2025-05-22T13:45:31+00:00\",\"breadcrumb\":{\"@id\":\"https:\\\/\\\/www.latribunedufaso.net\\\/?p=20722#breadcrumb\"},\"inLanguage\":\"fr-FR\",\"potentialAction\":[{\"@type\":\"ReadAction\",\"target\":[\"https:\\\/\\\/www.latribunedufaso.net\\\/?p=20722\"]}]},{\"@type\":\"ImageObject\",\"inLanguage\":\"fr-FR\",\"@id\":\"https:\\\/\\\/www.latribunedufaso.net\\\/?p=20722#primaryimage\",\"url\":\"https:\\\/\\\/www.latribunedufaso.net\\\/wp-content\\\/uploads\\\/2025\\\/05\\\/FB_IMG_1747920752903.jpg\",\"contentUrl\":\"https:\\\/\\\/www.latribunedufaso.net\\\/wp-content\\\/uploads\\\/2025\\\/05\\\/FB_IMG_1747920752903.jpg\",\"width\":720,\"height\":480,\"caption\":\"La premi\u00e8re session du cadre de concertation de la DCRP avec les charg\u00e9s de communication des f\u00e9d\u00e9rations sportives nationales, 21 mai 2025\"},{\"@type\":\"BreadcrumbList\",\"@id\":\"https:\\\/\\\/www.latribunedufaso.net\\\/?p=20722#breadcrumb\",\"itemListElement\":[{\"@type\":\"ListItem\",\"position\":1,\"name\":\"Accueil\",\"item\":\"https:\\\/\\\/www.latribunedufaso.net\\\/\"},{\"@type\":\"ListItem\",\"position\":2,\"name\":\"Visibilit\u00e9 des actions des f\u00e9d\u00e9rations sportives : La DCRP et les acteurs en synergie d&rsquo;actions\"}]},{\"@type\":\"WebSite\",\"@id\":\"https:\\\/\\\/www.latribunedufaso.net\\\/#website\",\"url\":\"https:\\\/\\\/www.latribunedufaso.net\\\/\",\"name\":\"La Tribune du Faso\",\"description\":\"L&#039;information du monde rural en un clic\",\"publisher\":{\"@id\":\"https:\\\/\\\/www.latribunedufaso.net\\\/#organization\"},\"potentialAction\":[{\"@type\":\"SearchAction\",\"target\":{\"@type\":\"EntryPoint\",\"urlTemplate\":\"https:\\\/\\\/www.latribunedufaso.net\\\/?s={search_term_string}\"},\"query-input\":{\"@type\":\"PropertyValueSpecification\",\"valueRequired\":true,\"valueName\":\"search_term_string\"}}],\"inLanguage\":\"fr-FR\"},{\"@type\":\"Organization\",\"@id\":\"https:\\\/\\\/www.latribunedufaso.net\\\/#organization\",\"name\":\"La Tribune du Faso\",\"url\":\"https:\\\/\\\/www.latribunedufaso.net\\\/\",\"logo\":{\"@type\":\"ImageObject\",\"inLanguage\":\"fr-FR\",\"@id\":\"https:\\\/\\\/www.latribunedufaso.net\\\/#\\\/schema\\\/logo\\\/image\\\/\",\"url\":\"https:\\\/\\\/www.latribunedufaso.net\\\/wp-content\\\/uploads\\\/2020\\\/08\\\/Logo-Tribune-du-Faso-final-scaled.jpg\",\"contentUrl\":\"https:\\\/\\\/www.latribunedufaso.net\\\/wp-content\\\/uploads\\\/2020\\\/08\\\/Logo-Tribune-du-Faso-final-scaled.jpg\",\"width\":2560,\"height\":1856,\"caption\":\"La Tribune du Faso\"},\"image\":{\"@id\":\"https:\\\/\\\/www.latribunedufaso.net\\\/#\\\/schema\\\/logo\\\/image\\\/\"},\"sameAs\":[\"https:\\\/\\\/www.facebook.com\\\/LatribuneduFaso\\\/\"]},{\"@type\":\"Person\",\"@id\":\"https:\\\/\\\/www.latribunedufaso.net\\\/#\\\/schema\\\/person\\\/e54e64c5778a7e72cf80a318b7a622b0\",\"name\":\"Issouf Tapsoba\",\"image\":{\"@type\":\"ImageObject\",\"inLanguage\":\"fr-FR\",\"@id\":\"https:\\\/\\\/secure.gravatar.com\\\/avatar\\\/5e6c05150ce3230247d167f5b94d678eb05936197436d69b7921e3a95c9107ac?s=96&d=mm&r=g\",\"url\":\"https:\\\/\\\/secure.gravatar.com\\\/avatar\\\/5e6c05150ce3230247d167f5b94d678eb05936197436d69b7921e3a95c9107ac?s=96&d=mm&r=g\",\"contentUrl\":\"https:\\\/\\\/secure.gravatar.com\\\/avatar\\\/5e6c05150ce3230247d167f5b94d678eb05936197436d69b7921e3a95c9107ac?s=96&d=mm&r=g\",\"caption\":\"Issouf Tapsoba\"},\"url\":\"https:\\\/\\\/www.latribunedufaso.net\\\/?author=5\"}]}<\/script>\n<!-- \/ Yoast SEO plugin. -->","yoast_head_json":{"title":"Visibilit\u00e9 des actions des f\u00e9d\u00e9rations sportives : La DCRP et les acteurs en synergie d'actions - La Tribune du Faso","robots":{"index":"index","follow":"follow","max-snippet":"max-snippet:-1","max-image-preview":"max-image-preview:large","max-video-preview":"max-video-preview:-1"},"canonical":"https:\/\/www.latribunedufaso.net\/?p=20722","og_locale":"fr_FR","og_type":"article","og_title":"Visibilit\u00e9 des actions des f\u00e9d\u00e9rations sportives : La DCRP et les acteurs en synergie d'actions - La Tribune du Faso","og_description":"La Direction de la Communication et des Relations Presse (DCRP) du minist\u00e8re des Sports, de la Jeunesse et de l\u2019Emploi (MSJE) a tenu, le 21 mai 2025 \u00e0 Ouagadougou, la premi\u00e8re session du cadre de concertation avec les charg\u00e9s de communication des f\u00e9d\u00e9rations sportives nationales.","og_url":"https:\/\/www.latribunedufaso.net\/?p=20722","og_site_name":"La Tribune du Faso","article_publisher":"https:\/\/www.facebook.com\/LatribuneduFaso\/","article_published_time":"2025-05-22T13:45:31+00:00","og_image":[{"width":720,"height":480,"url":"https:\/\/www.latribunedufaso.net\/wp-content\/uploads\/2025\/05\/FB_IMG_1747920752903.jpg","type":"image\/jpeg"}],"author":"Issouf Tapsoba","twitter_misc":{"\u00c9crit par":"Issouf Tapsoba","Dur\u00e9e de lecture estim\u00e9e":"2 minutes"},"schema":{"@context":"https:\/\/schema.org","@graph":[{"@type":"Article","@id":"https:\/\/www.latribunedufaso.net\/?p=20722#article","isPartOf":{"@id":"https:\/\/www.latribunedufaso.net\/?p=20722"},"author":{"name":"Issouf Tapsoba","@id":"https:\/\/www.latribunedufaso.net\/#\/schema\/person\/e54e64c5778a7e72cf80a318b7a622b0"},"headline":"Visibilit\u00e9 des actions des f\u00e9d\u00e9rations sportives : La DCRP et les acteurs en synergie d&rsquo;actions","datePublished":"2025-05-22T13:45:31+00:00","mainEntityOfPage":{"@id":"https:\/\/www.latribunedufaso.net\/?p=20722"},"wordCount":336,"commentCount":0,"publisher":{"@id":"https:\/\/www.latribunedufaso.net\/#organization"},"image":{"@id":"https:\/\/www.latribunedufaso.net\/?p=20722#primaryimage"},"thumbnailUrl":"https:\/\/www.latribunedufaso.net\/wp-content\/uploads\/2025\/05\/FB_IMG_1747920752903.jpg","keywords":["cadre de concertation","sport"],"articleSection":["A la une","Actualit\u00e9","Sport"],"inLanguage":"fr-FR","potentialAction":[{"@type":"CommentAction","name":"Comment","target":["https:\/\/www.latribunedufaso.net\/?p=20722#respond"]}]},{"@type":"WebPage","@id":"https:\/\/www.latribunedufaso.net\/?p=20722","url":"https:\/\/www.latribunedufaso.net\/?p=20722","name":"Visibilit\u00e9 des actions des f\u00e9d\u00e9rations sportives : La DCRP et les acteurs en synergie d'actions - La Tribune du Faso","isPartOf":{"@id":"https:\/\/www.latribunedufaso.net\/#website"},"primaryImageOfPage":{"@id":"https:\/\/www.latribunedufaso.net\/?p=20722#primaryimage"},"image":{"@id":"https:\/\/www.latribunedufaso.net\/?p=20722#primaryimage"},"thumbnailUrl":"https:\/\/www.latribunedufaso.net\/wp-content\/uploads\/2025\/05\/FB_IMG_1747920752903.jpg","datePublished":"2025-05-22T13:45:31+00:00","breadcrumb":{"@id":"https:\/\/www.latribunedufaso.net\/?p=20722#breadcrumb"},"inLanguage":"fr-FR","potentialAction":[{"@type":"ReadAction","target":["https:\/\/www.latribunedufaso.net\/?p=20722"]}]},{"@type":"ImageObject","inLanguage":"fr-FR","@id":"https:\/\/www.latribunedufaso.net\/?p=20722#primaryimage","url":"https:\/\/www.latribunedufaso.net\/wp-content\/uploads\/2025\/05\/FB_IMG_1747920752903.jpg","contentUrl":"https:\/\/www.latribunedufaso.net\/wp-content\/uploads\/2025\/05\/FB_IMG_1747920752903.jpg","width":720,"height":480,"caption":"La premi\u00e8re session du cadre de concertation de la DCRP avec les charg\u00e9s de communication des f\u00e9d\u00e9rations sportives nationales, 21 mai 2025"},{"@type":"BreadcrumbList","@id":"https:\/\/www.latribunedufaso.net\/?p=20722#breadcrumb","itemListElement":[{"@type":"ListItem","position":1,"name":"Accueil","item":"https:\/\/www.latribunedufaso.net\/"},{"@type":"ListItem","position":2,"name":"Visibilit\u00e9 des actions des f\u00e9d\u00e9rations sportives : La DCRP et les acteurs en synergie d&rsquo;actions"}]},{"@type":"WebSite","@id":"https:\/\/www.latribunedufaso.net\/#website","url":"https:\/\/www.latribunedufaso.net\/","name":"La Tribune du Faso","description":"L&#039;information du monde rural en un clic","publisher":{"@id":"https:\/\/www.latribunedufaso.net\/#organization"},"potentialAction":[{"@type":"SearchAction","target":{"@type":"EntryPoint","urlTemplate":"https:\/\/www.latribunedufaso.net\/?s={search_term_string}"},"query-input":{"@type":"PropertyValueSpecification","valueRequired":true,"valueName":"search_term_string"}}],"inLanguage":"fr-FR"},{"@type":"Organization","@id":"https:\/\/www.latribunedufaso.net\/#organization","name":"La Tribune du Faso","url":"https:\/\/www.latribunedufaso.net\/","logo":{"@type":"ImageObject","inLanguage":"fr-FR","@id":"https:\/\/www.latribunedufaso.net\/#\/schema\/logo\/image\/","url":"https:\/\/www.latribunedufaso.net\/wp-content\/uploads\/2020\/08\/Logo-Tribune-du-Faso-final-scaled.jpg","contentUrl":"https:\/\/www.latribunedufaso.net\/wp-content\/uploads\/2020\/08\/Logo-Tribune-du-Faso-final-scaled.jpg","width":2560,"height":1856,"caption":"La Tribune du Faso"},"image":{"@id":"https:\/\/www.latribunedufaso.net\/#\/schema\/logo\/image\/"},"sameAs":["https:\/\/www.facebook.com\/LatribuneduFaso\/"]},{"@type":"Person","@id":"https:\/\/www.latribunedufaso.net\/#\/schema\/person\/e54e64c5778a7e72cf80a318b7a622b0","name":"Issouf Tapsoba","image":{"@type":"ImageObject","inLanguage":"fr-FR","@id":"https:\/\/secure.gravatar.com\/avatar\/5e6c05150ce3230247d167f5b94d678eb05936197436d69b7921e3a95c9107ac?s=96&d=mm&r=g","url":"https:\/\/secure.gravatar.com\/avatar\/5e6c05150ce3230247d167f5b94d678eb05936197436d69b7921e3a95c9107ac?s=96&d=mm&r=g","contentUrl":"https:\/\/secure.gravatar.com\/avatar\/5e6c05150ce3230247d167f5b94d678eb05936197436d69b7921e3a95c9107ac?s=96&d=mm&r=g","caption":"Issouf Tapsoba"},"url":"https:\/\/www.latribunedufaso.net\/?author=5"}]}},"_links":{"self":[{"href":"https:\/\/www.latribunedufaso.net\/index.php?rest_route=\/wp\/v2\/posts\/20722","targetHints":{"allow":["GET"]}}],"collection":[{"href":"https:\/\/www.latribunedufaso.net\/index.php?rest_route=\/wp\/v2\/posts"}],"about":[{"href":"https:\/\/www.latribunedufaso.net\/index.php?rest_route=\/wp\/v2\/types\/post"}],"author":[{"embeddable":true,"href":"https:\/\/www.latribunedufaso.net\/index.php?rest_route=\/wp\/v2\/users\/5"}],"replies":[{"embeddable":true,"href":"https:\/\/www.latribunedufaso.net\/index.php?rest_route=%2Fwp%2Fv2%2Fcomments&post=20722"}],"version-history":[{"count":1,"href":"https:\/\/www.latribunedufaso.net\/index.php?rest_route=\/wp\/v2\/posts\/20722\/revisions"}],"predecessor-version":[{"id":20726,"href":"https:\/\/www.latribunedufaso.net\/index.php?rest_route=\/wp\/v2\/posts\/20722\/revisions\/20726"}],"wp:featuredmedia":[{"embeddable":true,"href":"https:\/\/www.latribunedufaso.net\/index.php?rest_route=\/wp\/v2\/media\/20724"}],"wp:attachment":[{"href":"https:\/\/www.latribunedufaso.net\/index.php?rest_route=%2Fwp%2Fv2%2Fmedia&parent=20722"}],"wp:term":[{"taxonomy":"category","embeddable":true,"href":"https:\/\/www.latribunedufaso.net\/index.php?rest_route=%2Fwp%2Fv2%2Fcategories&post=20722"},{"taxonomy":"post_tag","embeddable":true,"href":"https:\/\/www.latribunedufaso.net\/index.php?rest_route=%2Fwp%2Fv2%2Ftags&post=20722"}],"curies":[{"name":"wp","href":"https:\/\/api.w.org\/{rel}","templated":true}]}}