{"id":20707,"date":"2025-05-21T12:16:34","date_gmt":"2025-05-21T12:16:34","guid":{"rendered":"https:\/\/www.latribunedufaso.net\/?p=20707"},"modified":"2025-05-21T12:16:34","modified_gmt":"2025-05-21T12:16:34","slug":"semaine-regionale-du-vivre-ensemble-du-centre-le-top-depart-de-la-3e-edition-donne-a-komsilga","status":"publish","type":"post","link":"https:\/\/www.latribunedufaso.net\/?p=20707","title":{"rendered":"Semaine R\u00e9gionale du vivre-ensemble du Centre : Le Top d\u00e9part de la 3e \u00e9dition donn\u00e9 \u00e0 Komsilga\u00a0"},"content":{"rendered":"<p><strong>La 3e \u00e9dition de la Semaine R\u00e9gionale du Vivre-Ensemble du Centre (SRV-C) se tiendra du 26 mai au 1er juin 2025 sous le th\u00e8me : <em>\u00ab Civisme et dialogue communautaire : fondements d&rsquo;une coh\u00e9sion sociale durable dans la R\u00e9gion du Centre \u00bb<\/em>. Le lancement de l\u2019\u00e9v\u00e9nement a eu lieu dans l\u2019apr\u00e8s-midi du 20 mai 2025 dans la commune rurale de Komsilga.\u00a0\u00a0<\/strong><!--more--><\/p>\n<p>Le Gouverneur de la r\u00e9gion du Centre, Abdoulaye Bassinga a proc\u00e9d\u00e9 au lancement de la 3e \u00e9dition de la Semaine R\u00e9gionale du Vivre-Ensemble du Centre (SRV-C), ce 20 mai 2025 dans la commune rurale de Komsillga.<\/p>\n<figure id=\"attachment_20709\" aria-describedby=\"caption-attachment-20709\" style=\"width: 1080px\" class=\"wp-caption aligncenter\"><a href=\"https:\/\/www.latribunedufaso.net\/wp-content\/uploads\/2025\/05\/IMG-20250521-WA0029.jpg\"><img loading=\"lazy\" decoding=\"async\" class=\"size-full wp-image-20709\" src=\"https:\/\/www.latribunedufaso.net\/wp-content\/uploads\/2025\/05\/IMG-20250521-WA0029.jpg\" alt=\"C\u00e9r\u00e9monie de lancement de la Semaine R\u00e9gionale du Vivre-Ensemble du Centre (SRV-C), 20 mai 2025 a Komsilga\" width=\"1080\" height=\"1080\" srcset=\"https:\/\/www.latribunedufaso.net\/wp-content\/uploads\/2025\/05\/IMG-20250521-WA0029.jpg 1080w, https:\/\/www.latribunedufaso.net\/wp-content\/uploads\/2025\/05\/IMG-20250521-WA0029-300x300.jpg 300w, https:\/\/www.latribunedufaso.net\/wp-content\/uploads\/2025\/05\/IMG-20250521-WA0029-1024x1024.jpg 1024w, https:\/\/www.latribunedufaso.net\/wp-content\/uploads\/2025\/05\/IMG-20250521-WA0029-150x150.jpg 150w, https:\/\/www.latribunedufaso.net\/wp-content\/uploads\/2025\/05\/IMG-20250521-WA0029-768x768.jpg 768w\" sizes=\"auto, (max-width: 1080px) 100vw, 1080px\" \/><\/a><figcaption id=\"caption-attachment-20709\" class=\"wp-caption-text\">Le Gouverneur de la r\u00e9gion du Centre, Abdoulaye Bassinga &#8211; Ph. A. Kiendrebeogo<\/figcaption><\/figure>\n<p>Plac\u00e9 sous le haut patronage du ministre d&rsquo;\u00c9tat, ministre en charge de l&rsquo;Administration territoriale, \u00c9mile Zerbo, cette \u00e9dition se d\u00e9roulera du 26 mai au 1er juin 2025 autour du th\u00e8me :\u00a0 <em><strong>\u00ab Civisme et dialogue communautaire : fondements d&rsquo;une coh\u00e9sion sociale durable dans la R\u00e9gion du Centre \u00bb.<\/strong><\/em><\/p>\n<p>La c\u00e9r\u00e9monie de lancement a \u00e9t\u00e9 marqu\u00e9e par un cross populaire, une s\u00e9ance d\u2019a\u00e9robic, des plantations d\u2019arbres ainsi qu\u2019une sensibilisation sur l\u2019importance du port du casque.\u00a0<\/p>\n<p>Tout au long de la semaine, plusieurs activit\u00e9s seront men\u00e9es. Il s&rsquo;agit notamment des conf\u00e9rences publiques sur des th\u00e9matiques li\u00e9es \u00e0 la citoyennet\u00e9 et \u00e0 la coh\u00e9sion sociale, la formation des jeunes et des femmes sur l\u2019\u00e9ducation financi\u00e8re et aux m\u00e9tiers, une visite touristique pour valoriser le patrimoine r\u00e9gional, des journ\u00e9es de communaut\u00e9s, une course cycliste f\u00e9minine, des dons en faveur des Personnes d\u00e9plac\u00e9es internes (PDI), des campagnes de d\u00e9pistage et de vaccination contre l\u2019h\u00e9patite B, le VIH, les troubles visuels, etc.<\/p>\n<p>Selon le gouverneur Aboulaye Bassinga, l&rsquo;innovation majeure de cette 3e \u00e9dition est la journ\u00e9e de salubrit\u00e9 sur toute l\u2019\u00e9tendue de la r\u00e9gion. Une comp\u00e9tition entre les 12 arrondissements de la ville de Ouagadougou a \u00e9t\u00e9 lanc\u00e9e pour d\u00e9signer l\u2019arrondissement le plus propre et le plus civique, qui recevra une distinction sp\u00e9ciale.<\/p>\n<figure id=\"attachment_20708\" aria-describedby=\"caption-attachment-20708\" style=\"width: 2560px\" class=\"wp-caption aligncenter\"><a href=\"https:\/\/www.latribunedufaso.net\/wp-content\/uploads\/2025\/05\/IMG-20250521-WA0038.jpg\"><img loading=\"lazy\" decoding=\"async\" class=\"size-full wp-image-20708\" src=\"https:\/\/www.latribunedufaso.net\/wp-content\/uploads\/2025\/05\/IMG-20250521-WA0038.jpg\" alt=\"C\u00e9r\u00e9monie de lancement de la Semaine R\u00e9gionale du Vivre-Ensemble du Centre (SRV-C), 20 mai 2025 a Komsilga\" width=\"2560\" height=\"2560\" srcset=\"https:\/\/www.latribunedufaso.net\/wp-content\/uploads\/2025\/05\/IMG-20250521-WA0038.jpg 2560w, https:\/\/www.latribunedufaso.net\/wp-content\/uploads\/2025\/05\/IMG-20250521-WA0038-300x300.jpg 300w, https:\/\/www.latribunedufaso.net\/wp-content\/uploads\/2025\/05\/IMG-20250521-WA0038-1024x1024.jpg 1024w, https:\/\/www.latribunedufaso.net\/wp-content\/uploads\/2025\/05\/IMG-20250521-WA0038-150x150.jpg 150w, https:\/\/www.latribunedufaso.net\/wp-content\/uploads\/2025\/05\/IMG-20250521-WA0038-768x768.jpg 768w, https:\/\/www.latribunedufaso.net\/wp-content\/uploads\/2025\/05\/IMG-20250521-WA0038-1536x1536.jpg 1536w, https:\/\/www.latribunedufaso.net\/wp-content\/uploads\/2025\/05\/IMG-20250521-WA0038-2048x2048.jpg 2048w\" sizes=\"auto, (max-width: 2560px) 100vw, 2560px\" \/><\/a><figcaption id=\"caption-attachment-20708\" class=\"wp-caption-text\">Les populations de Komsillga mobilis\u00e9es pour le Cross populaire de lancement de la 3e \u00e9dition de la Semaine R\u00e9gionale du Vivre-Ensemble du Centre &#8211; Ph. A. Kiendrebeogo<\/figcaption><\/figure>\n<p>En rappel, la Semaine R\u00e9gionale du Vivre-Ensemble a \u00e9t\u00e9 lanc\u00e9e en 2023. Elle vise \u00e0 consolider la coh\u00e9sion sociale et l\u2019unit\u00e9 nationale. Apr\u00e8s la commune de Saaba pour la premi\u00e8re \u00e9dition et celle de Koubri pour la deuxi\u00e8me, c\u2019est donc Komsilga qui a \u00e9t\u00e9 choisie pour lancer cette 3e \u00e9dition. Un choix qui r\u00e9jouit les autorit\u00e9s locales de la commune.<\/p>\n<blockquote>\n<p>Lire aussi &gt;&gt; <a href=\"https:\/\/www.latribunedufaso.net\/?p=20045\">3e \u00e9dition du Mois du patrimoine burkinab\u00e8 : La r\u00e9gion du Centre lance ses activit\u00e9s\u00a0<\/a><\/p>\n<\/blockquote>\n<p><em><strong>\u00ab Ce choix t\u00e9moigne de la confiance plac\u00e9e en notre commune et du dynamisme de nos populations \u00bb,<\/strong><\/em> a d\u00e9clar\u00e9 le Pr\u00e9fet de Komsilga, Antarest Batiana, avant d\u2019assurer que <em><strong>\u00ab tous les leaders communautaires, coutumiers et religieux \u0153uvrent chaque jour, parfois dans l\u2019ombre, \u00e0 la promotion de l\u2019\u00e9coute mutuelle et du rejet de la division. \u00bb<\/strong><\/em><\/p>\n<p><strong>Rosana Astride KIENDREBEOGO\u00a0<\/strong><\/p>\n<p><strong>Latribunedufaso.net<\/strong><\/p>\n","protected":false},"excerpt":{"rendered":"<p>La 3e \u00e9dition de la Semaine R\u00e9gionale du Vivre-Ensemble du Centre (SRV-C) se tiendra du 26 mai au 1er juin 2025 sous le th\u00e8me : \u00ab Civisme et dialogue communautaire : fondements d&rsquo;une coh\u00e9sion sociale durable dans la R\u00e9gion du Centre \u00bb. Le lancement de l\u2019\u00e9v\u00e9nement a eu lieu dans l\u2019apr\u00e8s-midi du 20 mai 2025 dans la commune rurale de Komsilga.\u00a0\u00a0<\/p>\n","protected":false},"author":5,"featured_media":20710,"comment_status":"open","ping_status":"open","sticky":false,"template":"","format":"standard","meta":{"footnotes":""},"categories":[13,1,8],"tags":[39,256,1054],"class_list":["post-20707","post","type-post","status-publish","format-standard","has-post-thumbnail","hentry","category-une","category-actu","category-societe","tag-latribunedufaso-net","tag-region-du-centre","tag-semaine-regionale-du-vivre-ensemble-du-centre-srv-c"],"yoast_head":"<!-- This site is optimized with the Yoast SEO plugin v27.4 - https:\/\/yoast.com\/product\/yoast-seo-wordpress\/ -->\n<title>Semaine R\u00e9gionale du vivre-ensemble du Centre : Le Top d\u00e9part de la 3e \u00e9dition donn\u00e9 \u00e0 Komsilga\u00a0 - La Tribune du Faso<\/title>\n<meta name=\"robots\" content=\"index, follow, max-snippet:-1, max-image-preview:large, max-video-preview:-1\" \/>\n<link rel=\"canonical\" href=\"https:\/\/www.latribunedufaso.net\/?p=20707\" \/>\n<meta property=\"og:locale\" content=\"fr_FR\" \/>\n<meta property=\"og:type\" content=\"article\" \/>\n<meta property=\"og:title\" content=\"Semaine R\u00e9gionale du vivre-ensemble du Centre : Le Top d\u00e9part de la 3e \u00e9dition donn\u00e9 \u00e0 Komsilga\u00a0 - La Tribune du Faso\" \/>\n<meta property=\"og:description\" content=\"La 3e \u00e9dition de la Semaine R\u00e9gionale du Vivre-Ensemble du Centre (SRV-C) se tiendra du 26 mai au 1er juin 2025 sous le th\u00e8me : \u00ab Civisme et dialogue communautaire : fondements d&rsquo;une coh\u00e9sion sociale durable dans la R\u00e9gion du Centre \u00bb. Le lancement de l\u2019\u00e9v\u00e9nement a eu lieu dans l\u2019apr\u00e8s-midi du 20 mai 2025 dans la commune rurale de Komsilga.\u00a0\u00a0\" \/>\n<meta property=\"og:url\" content=\"https:\/\/www.latribunedufaso.net\/?p=20707\" \/>\n<meta property=\"og:site_name\" content=\"La Tribune du Faso\" \/>\n<meta property=\"article:publisher\" content=\"https:\/\/www.facebook.com\/LatribuneduFaso\/\" \/>\n<meta property=\"article:published_time\" content=\"2025-05-21T12:16:34+00:00\" \/>\n<meta property=\"og:image\" content=\"https:\/\/www.latribunedufaso.net\/wp-content\/uploads\/2025\/05\/IMG-20250521-WA0032.jpg\" \/>\n\t<meta property=\"og:image:width\" content=\"2560\" \/>\n\t<meta property=\"og:image:height\" content=\"1948\" \/>\n\t<meta property=\"og:image:type\" content=\"image\/jpeg\" \/>\n<meta name=\"author\" content=\"Issouf Tapsoba\" \/>\n<meta name=\"twitter:label1\" content=\"\u00c9crit par\" \/>\n\t<meta name=\"twitter:data1\" content=\"Issouf Tapsoba\" \/>\n\t<meta name=\"twitter:label2\" content=\"Dur\u00e9e de lecture estim\u00e9e\" \/>\n\t<meta name=\"twitter:data2\" content=\"3 minutes\" \/>\n<script type=\"application\/ld+json\" class=\"yoast-schema-graph\">{\"@context\":\"https:\\\/\\\/schema.org\",\"@graph\":[{\"@type\":\"Article\",\"@id\":\"https:\\\/\\\/www.latribunedufaso.net\\\/?p=20707#article\",\"isPartOf\":{\"@id\":\"https:\\\/\\\/www.latribunedufaso.net\\\/?p=20707\"},\"author\":{\"name\":\"Issouf Tapsoba\",\"@id\":\"https:\\\/\\\/www.latribunedufaso.net\\\/#\\\/schema\\\/person\\\/e54e64c5778a7e72cf80a318b7a622b0\"},\"headline\":\"Semaine R\u00e9gionale du vivre-ensemble du Centre : Le Top d\u00e9part de la 3e \u00e9dition donn\u00e9 \u00e0 Komsilga\u00a0\",\"datePublished\":\"2025-05-21T12:16:34+00:00\",\"mainEntityOfPage\":{\"@id\":\"https:\\\/\\\/www.latribunedufaso.net\\\/?p=20707\"},\"wordCount\":566,\"commentCount\":0,\"publisher\":{\"@id\":\"https:\\\/\\\/www.latribunedufaso.net\\\/#organization\"},\"image\":{\"@id\":\"https:\\\/\\\/www.latribunedufaso.net\\\/?p=20707#primaryimage\"},\"thumbnailUrl\":\"https:\\\/\\\/www.latribunedufaso.net\\\/wp-content\\\/uploads\\\/2025\\\/05\\\/IMG-20250521-WA0032.jpg\",\"keywords\":[\"latribunedufaso.net\",\"R\u00e9gion du Centre\",\"Semaine R\u00e9gionale du Vivre-Ensemble du Centre (SRV-C)\"],\"articleSection\":[\"A la une\",\"Actualit\u00e9\",\"Soci\u00e9t\u00e9\"],\"inLanguage\":\"fr-FR\",\"potentialAction\":[{\"@type\":\"CommentAction\",\"name\":\"Comment\",\"target\":[\"https:\\\/\\\/www.latribunedufaso.net\\\/?p=20707#respond\"]}]},{\"@type\":\"WebPage\",\"@id\":\"https:\\\/\\\/www.latribunedufaso.net\\\/?p=20707\",\"url\":\"https:\\\/\\\/www.latribunedufaso.net\\\/?p=20707\",\"name\":\"Semaine R\u00e9gionale du vivre-ensemble du Centre : Le Top d\u00e9part de la 3e \u00e9dition donn\u00e9 \u00e0 Komsilga\u00a0 - La Tribune du Faso\",\"isPartOf\":{\"@id\":\"https:\\\/\\\/www.latribunedufaso.net\\\/#website\"},\"primaryImageOfPage\":{\"@id\":\"https:\\\/\\\/www.latribunedufaso.net\\\/?p=20707#primaryimage\"},\"image\":{\"@id\":\"https:\\\/\\\/www.latribunedufaso.net\\\/?p=20707#primaryimage\"},\"thumbnailUrl\":\"https:\\\/\\\/www.latribunedufaso.net\\\/wp-content\\\/uploads\\\/2025\\\/05\\\/IMG-20250521-WA0032.jpg\",\"datePublished\":\"2025-05-21T12:16:34+00:00\",\"breadcrumb\":{\"@id\":\"https:\\\/\\\/www.latribunedufaso.net\\\/?p=20707#breadcrumb\"},\"inLanguage\":\"fr-FR\",\"potentialAction\":[{\"@type\":\"ReadAction\",\"target\":[\"https:\\\/\\\/www.latribunedufaso.net\\\/?p=20707\"]}]},{\"@type\":\"ImageObject\",\"inLanguage\":\"fr-FR\",\"@id\":\"https:\\\/\\\/www.latribunedufaso.net\\\/?p=20707#primaryimage\",\"url\":\"https:\\\/\\\/www.latribunedufaso.net\\\/wp-content\\\/uploads\\\/2025\\\/05\\\/IMG-20250521-WA0032.jpg\",\"contentUrl\":\"https:\\\/\\\/www.latribunedufaso.net\\\/wp-content\\\/uploads\\\/2025\\\/05\\\/IMG-20250521-WA0032.jpg\",\"width\":2560,\"height\":1948,\"caption\":\"C\u00e9r\u00e9monie de lancement de la Semaine R\u00e9gionale du Vivre-Ensemble du Centre (SRV-C), 20 mai 2025 a Komsilga\"},{\"@type\":\"BreadcrumbList\",\"@id\":\"https:\\\/\\\/www.latribunedufaso.net\\\/?p=20707#breadcrumb\",\"itemListElement\":[{\"@type\":\"ListItem\",\"position\":1,\"name\":\"Accueil\",\"item\":\"https:\\\/\\\/www.latribunedufaso.net\\\/\"},{\"@type\":\"ListItem\",\"position\":2,\"name\":\"Semaine R\u00e9gionale du vivre-ensemble du Centre : Le Top d\u00e9part de la 3e \u00e9dition donn\u00e9 \u00e0 Komsilga\u00a0\"}]},{\"@type\":\"WebSite\",\"@id\":\"https:\\\/\\\/www.latribunedufaso.net\\\/#website\",\"url\":\"https:\\\/\\\/www.latribunedufaso.net\\\/\",\"name\":\"La Tribune du Faso\",\"description\":\"L&#039;information du monde rural en un clic\",\"publisher\":{\"@id\":\"https:\\\/\\\/www.latribunedufaso.net\\\/#organization\"},\"potentialAction\":[{\"@type\":\"SearchAction\",\"target\":{\"@type\":\"EntryPoint\",\"urlTemplate\":\"https:\\\/\\\/www.latribunedufaso.net\\\/?s={search_term_string}\"},\"query-input\":{\"@type\":\"PropertyValueSpecification\",\"valueRequired\":true,\"valueName\":\"search_term_string\"}}],\"inLanguage\":\"fr-FR\"},{\"@type\":\"Organization\",\"@id\":\"https:\\\/\\\/www.latribunedufaso.net\\\/#organization\",\"name\":\"La Tribune du Faso\",\"url\":\"https:\\\/\\\/www.latribunedufaso.net\\\/\",\"logo\":{\"@type\":\"ImageObject\",\"inLanguage\":\"fr-FR\",\"@id\":\"https:\\\/\\\/www.latribunedufaso.net\\\/#\\\/schema\\\/logo\\\/image\\\/\",\"url\":\"https:\\\/\\\/www.latribunedufaso.net\\\/wp-content\\\/uploads\\\/2020\\\/08\\\/Logo-Tribune-du-Faso-final-scaled.jpg\",\"contentUrl\":\"https:\\\/\\\/www.latribunedufaso.net\\\/wp-content\\\/uploads\\\/2020\\\/08\\\/Logo-Tribune-du-Faso-final-scaled.jpg\",\"width\":2560,\"height\":1856,\"caption\":\"La Tribune du Faso\"},\"image\":{\"@id\":\"https:\\\/\\\/www.latribunedufaso.net\\\/#\\\/schema\\\/logo\\\/image\\\/\"},\"sameAs\":[\"https:\\\/\\\/www.facebook.com\\\/LatribuneduFaso\\\/\"]},{\"@type\":\"Person\",\"@id\":\"https:\\\/\\\/www.latribunedufaso.net\\\/#\\\/schema\\\/person\\\/e54e64c5778a7e72cf80a318b7a622b0\",\"name\":\"Issouf Tapsoba\",\"image\":{\"@type\":\"ImageObject\",\"inLanguage\":\"fr-FR\",\"@id\":\"https:\\\/\\\/secure.gravatar.com\\\/avatar\\\/5e6c05150ce3230247d167f5b94d678eb05936197436d69b7921e3a95c9107ac?s=96&d=mm&r=g\",\"url\":\"https:\\\/\\\/secure.gravatar.com\\\/avatar\\\/5e6c05150ce3230247d167f5b94d678eb05936197436d69b7921e3a95c9107ac?s=96&d=mm&r=g\",\"contentUrl\":\"https:\\\/\\\/secure.gravatar.com\\\/avatar\\\/5e6c05150ce3230247d167f5b94d678eb05936197436d69b7921e3a95c9107ac?s=96&d=mm&r=g\",\"caption\":\"Issouf Tapsoba\"},\"url\":\"https:\\\/\\\/www.latribunedufaso.net\\\/?author=5\"}]}<\/script>\n<!-- \/ Yoast SEO plugin. -->","yoast_head_json":{"title":"Semaine R\u00e9gionale du vivre-ensemble du Centre : Le Top d\u00e9part de la 3e \u00e9dition donn\u00e9 \u00e0 Komsilga\u00a0 - La Tribune du Faso","robots":{"index":"index","follow":"follow","max-snippet":"max-snippet:-1","max-image-preview":"max-image-preview:large","max-video-preview":"max-video-preview:-1"},"canonical":"https:\/\/www.latribunedufaso.net\/?p=20707","og_locale":"fr_FR","og_type":"article","og_title":"Semaine R\u00e9gionale du vivre-ensemble du Centre : Le Top d\u00e9part de la 3e \u00e9dition donn\u00e9 \u00e0 Komsilga\u00a0 - La Tribune du Faso","og_description":"La 3e \u00e9dition de la Semaine R\u00e9gionale du Vivre-Ensemble du Centre (SRV-C) se tiendra du 26 mai au 1er juin 2025 sous le th\u00e8me : \u00ab Civisme et dialogue communautaire : fondements d&rsquo;une coh\u00e9sion sociale durable dans la R\u00e9gion du Centre \u00bb. Le lancement de l\u2019\u00e9v\u00e9nement a eu lieu dans l\u2019apr\u00e8s-midi du 20 mai 2025 dans la commune rurale de Komsilga.\u00a0\u00a0","og_url":"https:\/\/www.latribunedufaso.net\/?p=20707","og_site_name":"La Tribune du Faso","article_publisher":"https:\/\/www.facebook.com\/LatribuneduFaso\/","article_published_time":"2025-05-21T12:16:34+00:00","og_image":[{"width":2560,"height":1948,"url":"https:\/\/www.latribunedufaso.net\/wp-content\/uploads\/2025\/05\/IMG-20250521-WA0032.jpg","type":"image\/jpeg"}],"author":"Issouf Tapsoba","twitter_misc":{"\u00c9crit par":"Issouf Tapsoba","Dur\u00e9e de lecture estim\u00e9e":"3 minutes"},"schema":{"@context":"https:\/\/schema.org","@graph":[{"@type":"Article","@id":"https:\/\/www.latribunedufaso.net\/?p=20707#article","isPartOf":{"@id":"https:\/\/www.latribunedufaso.net\/?p=20707"},"author":{"name":"Issouf Tapsoba","@id":"https:\/\/www.latribunedufaso.net\/#\/schema\/person\/e54e64c5778a7e72cf80a318b7a622b0"},"headline":"Semaine R\u00e9gionale du vivre-ensemble du Centre : Le Top d\u00e9part de la 3e \u00e9dition donn\u00e9 \u00e0 Komsilga\u00a0","datePublished":"2025-05-21T12:16:34+00:00","mainEntityOfPage":{"@id":"https:\/\/www.latribunedufaso.net\/?p=20707"},"wordCount":566,"commentCount":0,"publisher":{"@id":"https:\/\/www.latribunedufaso.net\/#organization"},"image":{"@id":"https:\/\/www.latribunedufaso.net\/?p=20707#primaryimage"},"thumbnailUrl":"https:\/\/www.latribunedufaso.net\/wp-content\/uploads\/2025\/05\/IMG-20250521-WA0032.jpg","keywords":["latribunedufaso.net","R\u00e9gion du Centre","Semaine R\u00e9gionale du Vivre-Ensemble du Centre (SRV-C)"],"articleSection":["A la une","Actualit\u00e9","Soci\u00e9t\u00e9"],"inLanguage":"fr-FR","potentialAction":[{"@type":"CommentAction","name":"Comment","target":["https:\/\/www.latribunedufaso.net\/?p=20707#respond"]}]},{"@type":"WebPage","@id":"https:\/\/www.latribunedufaso.net\/?p=20707","url":"https:\/\/www.latribunedufaso.net\/?p=20707","name":"Semaine R\u00e9gionale du vivre-ensemble du Centre : Le Top d\u00e9part de la 3e \u00e9dition donn\u00e9 \u00e0 Komsilga\u00a0 - La Tribune du Faso","isPartOf":{"@id":"https:\/\/www.latribunedufaso.net\/#website"},"primaryImageOfPage":{"@id":"https:\/\/www.latribunedufaso.net\/?p=20707#primaryimage"},"image":{"@id":"https:\/\/www.latribunedufaso.net\/?p=20707#primaryimage"},"thumbnailUrl":"https:\/\/www.latribunedufaso.net\/wp-content\/uploads\/2025\/05\/IMG-20250521-WA0032.jpg","datePublished":"2025-05-21T12:16:34+00:00","breadcrumb":{"@id":"https:\/\/www.latribunedufaso.net\/?p=20707#breadcrumb"},"inLanguage":"fr-FR","potentialAction":[{"@type":"ReadAction","target":["https:\/\/www.latribunedufaso.net\/?p=20707"]}]},{"@type":"ImageObject","inLanguage":"fr-FR","@id":"https:\/\/www.latribunedufaso.net\/?p=20707#primaryimage","url":"https:\/\/www.latribunedufaso.net\/wp-content\/uploads\/2025\/05\/IMG-20250521-WA0032.jpg","contentUrl":"https:\/\/www.latribunedufaso.net\/wp-content\/uploads\/2025\/05\/IMG-20250521-WA0032.jpg","width":2560,"height":1948,"caption":"C\u00e9r\u00e9monie de lancement de la Semaine R\u00e9gionale du Vivre-Ensemble du Centre (SRV-C), 20 mai 2025 a Komsilga"},{"@type":"BreadcrumbList","@id":"https:\/\/www.latribunedufaso.net\/?p=20707#breadcrumb","itemListElement":[{"@type":"ListItem","position":1,"name":"Accueil","item":"https:\/\/www.latribunedufaso.net\/"},{"@type":"ListItem","position":2,"name":"Semaine R\u00e9gionale du vivre-ensemble du Centre : Le Top d\u00e9part de la 3e \u00e9dition donn\u00e9 \u00e0 Komsilga\u00a0"}]},{"@type":"WebSite","@id":"https:\/\/www.latribunedufaso.net\/#website","url":"https:\/\/www.latribunedufaso.net\/","name":"La Tribune du Faso","description":"L&#039;information du monde rural en un clic","publisher":{"@id":"https:\/\/www.latribunedufaso.net\/#organization"},"potentialAction":[{"@type":"SearchAction","target":{"@type":"EntryPoint","urlTemplate":"https:\/\/www.latribunedufaso.net\/?s={search_term_string}"},"query-input":{"@type":"PropertyValueSpecification","valueRequired":true,"valueName":"search_term_string"}}],"inLanguage":"fr-FR"},{"@type":"Organization","@id":"https:\/\/www.latribunedufaso.net\/#organization","name":"La Tribune du Faso","url":"https:\/\/www.latribunedufaso.net\/","logo":{"@type":"ImageObject","inLanguage":"fr-FR","@id":"https:\/\/www.latribunedufaso.net\/#\/schema\/logo\/image\/","url":"https:\/\/www.latribunedufaso.net\/wp-content\/uploads\/2020\/08\/Logo-Tribune-du-Faso-final-scaled.jpg","contentUrl":"https:\/\/www.latribunedufaso.net\/wp-content\/uploads\/2020\/08\/Logo-Tribune-du-Faso-final-scaled.jpg","width":2560,"height":1856,"caption":"La Tribune du Faso"},"image":{"@id":"https:\/\/www.latribunedufaso.net\/#\/schema\/logo\/image\/"},"sameAs":["https:\/\/www.facebook.com\/LatribuneduFaso\/"]},{"@type":"Person","@id":"https:\/\/www.latribunedufaso.net\/#\/schema\/person\/e54e64c5778a7e72cf80a318b7a622b0","name":"Issouf Tapsoba","image":{"@type":"ImageObject","inLanguage":"fr-FR","@id":"https:\/\/secure.gravatar.com\/avatar\/5e6c05150ce3230247d167f5b94d678eb05936197436d69b7921e3a95c9107ac?s=96&d=mm&r=g","url":"https:\/\/secure.gravatar.com\/avatar\/5e6c05150ce3230247d167f5b94d678eb05936197436d69b7921e3a95c9107ac?s=96&d=mm&r=g","contentUrl":"https:\/\/secure.gravatar.com\/avatar\/5e6c05150ce3230247d167f5b94d678eb05936197436d69b7921e3a95c9107ac?s=96&d=mm&r=g","caption":"Issouf Tapsoba"},"url":"https:\/\/www.latribunedufaso.net\/?author=5"}]}},"_links":{"self":[{"href":"https:\/\/www.latribunedufaso.net\/index.php?rest_route=\/wp\/v2\/posts\/20707","targetHints":{"allow":["GET"]}}],"collection":[{"href":"https:\/\/www.latribunedufaso.net\/index.php?rest_route=\/wp\/v2\/posts"}],"about":[{"href":"https:\/\/www.latribunedufaso.net\/index.php?rest_route=\/wp\/v2\/types\/post"}],"author":[{"embeddable":true,"href":"https:\/\/www.latribunedufaso.net\/index.php?rest_route=\/wp\/v2\/users\/5"}],"replies":[{"embeddable":true,"href":"https:\/\/www.latribunedufaso.net\/index.php?rest_route=%2Fwp%2Fv2%2Fcomments&post=20707"}],"version-history":[{"count":1,"href":"https:\/\/www.latribunedufaso.net\/index.php?rest_route=\/wp\/v2\/posts\/20707\/revisions"}],"predecessor-version":[{"id":20711,"href":"https:\/\/www.latribunedufaso.net\/index.php?rest_route=\/wp\/v2\/posts\/20707\/revisions\/20711"}],"wp:featuredmedia":[{"embeddable":true,"href":"https:\/\/www.latribunedufaso.net\/index.php?rest_route=\/wp\/v2\/media\/20710"}],"wp:attachment":[{"href":"https:\/\/www.latribunedufaso.net\/index.php?rest_route=%2Fwp%2Fv2%2Fmedia&parent=20707"}],"wp:term":[{"taxonomy":"category","embeddable":true,"href":"https:\/\/www.latribunedufaso.net\/index.php?rest_route=%2Fwp%2Fv2%2Fcategories&post=20707"},{"taxonomy":"post_tag","embeddable":true,"href":"https:\/\/www.latribunedufaso.net\/index.php?rest_route=%2Fwp%2Fv2%2Ftags&post=20707"}],"curies":[{"name":"wp","href":"https:\/\/api.w.org\/{rel}","templated":true}]}}