{"id":20631,"date":"2025-05-10T19:20:47","date_gmt":"2025-05-10T19:20:47","guid":{"rendered":"https:\/\/www.latribunedufaso.net\/?p=20631"},"modified":"2025-05-30T20:06:26","modified_gmt":"2025-05-30T20:06:26","slug":"25-ans-de-presence-de-la-communaute-don-orione-au-burkina-faso-une-messe-daction-de-grace-pour-marquer-le-jubile","status":"publish","type":"post","link":"https:\/\/www.latribunedufaso.net\/?p=20631","title":{"rendered":"25 ans de pr\u00e9sence de la communaut\u00e9 Don Orione au Burkina Faso : une messe d\u2019action de gr\u00e2ce pour marquer le jubil\u00e9"},"content":{"rendered":"<p><strong>\u00c0 l\u2019occasion de son jubil\u00e9 d\u2019argent, c\u00e9l\u00e9br\u00e9 en cette ann\u00e9e 2025, la communaut\u00e9 orioniste au Burkina Faso a organis\u00e9 une s\u00e9rie d\u2019activit\u00e9s spirituelles et communautaires. Les c\u00e9l\u00e9brations ont pris fin ce dimanche 18 mai 2025 avec une messe d\u2019action de gr\u00e2ce tenue \u00e0 Ouagadougou.<\/strong><!--more--><\/p>\n<p>La Congr\u00e9gation Don Orione, \u00e9galement connue sous le nom de la Petite \u0152uvre de la Divine Providence, c\u00e9l\u00e8bre cette ann\u00e9e, un quart de si\u00e8cle de mission au Burkina Faso.<\/p>\n<p>Pour marquer ce jubil\u00e9 d\u2019argent, une s\u00e9rie d\u2019activit\u00e9s a \u00e9t\u00e9 initi\u00e9e depuis le 13 mai 2025, dont une Neuvaine de pri\u00e8re du 9 au 17 mai, d\u00e9di\u00e9e \u00e0 la paix et aux vocations. Le Conseil provincial tenu les 13 et 14 mai a permis d\u2019\u00e9valuer la mission de la Congr\u00e9gation \u00e0 l\u2019\u00e9chelle r\u00e9gionale. Il a \u00e9t\u00e9 suivi de l\u2019Assembl\u00e9e provinciale de v\u00e9rification (15-17 mai), qui a permis de faire le point sur les trois derni\u00e8res ann\u00e9es et de planifier les actions futures.<\/p>\n<figure id=\"attachment_20635\" aria-describedby=\"caption-attachment-20635\" style=\"width: 2560px\" class=\"wp-caption aligncenter\"><a href=\"https:\/\/www.latribunedufaso.net\/wp-content\/uploads\/2025\/05\/IMG-20250519-WA0048.jpg\"><img loading=\"lazy\" decoding=\"async\" class=\"size-full wp-image-20635\" src=\"https:\/\/www.latribunedufaso.net\/wp-content\/uploads\/2025\/05\/IMG-20250519-WA0048.jpg\" alt=\"C\u00e9l\u00e9bration conclusive du jubil\u00e9 d'argent de la Congr\u00e9gation Don Orione, 18 mai 2025\" width=\"2560\" height=\"2560\" srcset=\"https:\/\/www.latribunedufaso.net\/wp-content\/uploads\/2025\/05\/IMG-20250519-WA0048.jpg 2560w, https:\/\/www.latribunedufaso.net\/wp-content\/uploads\/2025\/05\/IMG-20250519-WA0048-300x300.jpg 300w, https:\/\/www.latribunedufaso.net\/wp-content\/uploads\/2025\/05\/IMG-20250519-WA0048-1024x1024.jpg 1024w, https:\/\/www.latribunedufaso.net\/wp-content\/uploads\/2025\/05\/IMG-20250519-WA0048-150x150.jpg 150w, https:\/\/www.latribunedufaso.net\/wp-content\/uploads\/2025\/05\/IMG-20250519-WA0048-768x768.jpg 768w, https:\/\/www.latribunedufaso.net\/wp-content\/uploads\/2025\/05\/IMG-20250519-WA0048-1536x1536.jpg 1536w, https:\/\/www.latribunedufaso.net\/wp-content\/uploads\/2025\/05\/IMG-20250519-WA0048-2048x2048.jpg 2048w\" sizes=\"auto, (max-width: 2560px) 100vw, 2560px\" \/><\/a><figcaption id=\"caption-attachment-20635\" class=\"wp-caption-text\">L&rsquo;\u00e9v\u00eaque de Gaoua, Mgr Modeste Kambou &#8211; Ph. A. Kiendrebeogo<\/figcaption><\/figure>\n<p>Le point d\u2019orgue de ces festivit\u00e9s a \u00e9t\u00e9 la messe d\u2019action de gr\u00e2ce du 18 mai. Plac\u00e9e sous le haut patronage de l\u2019archev\u00eaque m\u00e9tropolitain de Ouagadougou, Mgr Prosper Konti\u00e9bo, repr\u00e9sent\u00e9 \u00e0 l\u2019occasion, la c\u00e9l\u00e9bration eucharistique a \u00e9t\u00e9 pr\u00e9sid\u00e9e par l\u2019\u00e9v\u00eaque de Gaoua, Mgr Modeste Kambou.<\/p>\n<p>La messe du jubil\u00e9 a \u00e9t\u00e9 l\u2019occasion de remercier le Seigneur pour ces nombreuses r\u00e9alisations, mais aussi de lui confier les d\u00e9fis \u00e0 venir.<\/p>\n<figure id=\"attachment_20636\" aria-describedby=\"caption-attachment-20636\" style=\"width: 2560px\" class=\"wp-caption aligncenter\"><a href=\"https:\/\/www.latribunedufaso.net\/wp-content\/uploads\/2025\/05\/IMG-20250519-WA0041.jpg\"><img loading=\"lazy\" decoding=\"async\" class=\"size-full wp-image-20636\" src=\"https:\/\/www.latribunedufaso.net\/wp-content\/uploads\/2025\/05\/IMG-20250519-WA0041.jpg\" alt=\"C\u00e9l\u00e9bration conclusive du jubil\u00e9 d'argent de la Congr\u00e9gation Don Orione, 18 mai 2025\" width=\"2560\" height=\"2560\" srcset=\"https:\/\/www.latribunedufaso.net\/wp-content\/uploads\/2025\/05\/IMG-20250519-WA0041.jpg 2560w, https:\/\/www.latribunedufaso.net\/wp-content\/uploads\/2025\/05\/IMG-20250519-WA0041-300x300.jpg 300w, https:\/\/www.latribunedufaso.net\/wp-content\/uploads\/2025\/05\/IMG-20250519-WA0041-1024x1024.jpg 1024w, https:\/\/www.latribunedufaso.net\/wp-content\/uploads\/2025\/05\/IMG-20250519-WA0041-150x150.jpg 150w, https:\/\/www.latribunedufaso.net\/wp-content\/uploads\/2025\/05\/IMG-20250519-WA0041-768x768.jpg 768w, https:\/\/www.latribunedufaso.net\/wp-content\/uploads\/2025\/05\/IMG-20250519-WA0041-1536x1536.jpg 1536w, https:\/\/www.latribunedufaso.net\/wp-content\/uploads\/2025\/05\/IMG-20250519-WA0041-2048x2048.jpg 2048w\" sizes=\"auto, (max-width: 2560px) 100vw, 2560px\" \/><\/a><figcaption id=\"caption-attachment-20636\" class=\"wp-caption-text\">Une vue des participants lors de la c\u00e9r\u00e9monie de c\u00e9l\u00e9bration &#8211; Ph. A. Kiendrebeogo<\/figcaption><\/figure>\n<p>Dans son hom\u00e9lie, Mgr Kambou a invit\u00e9 les fid\u00e8les \u00e0 rendre gr\u00e2ce \u00e0 Dieu pour les nombreuses \u0153uvres accomplies par la communaut\u00e9 orioniste au service du peuple burkinab\u00e8. Il a \u00e9galement implor\u00e9 les gr\u00e2ces divines sur cette famille religieuse afin qu\u2019elle poursuive sa mission avec foi et d\u00e9termination.<\/p>\n<h3>Des d\u00e9fis \u00e0 relever<\/h3>\n<p>Selon le p\u00e8re Alain Kini, repr\u00e9sentant de la communaut\u00e9 orioniste au Burkina Faso, plusieurs d\u00e9fis restent \u00e0 relever. Il s\u2019agit notamment de consolider les acquis, d\u2019assurer la p\u00e9rennit\u00e9 des \u0153uvres existantes, et de renforcer la reconnaissance de la congr\u00e9gation en tant qu\u2019organisation non gouvernementale.<\/p>\n<figure id=\"attachment_20634\" aria-describedby=\"caption-attachment-20634\" style=\"width: 1080px\" class=\"wp-caption aligncenter\"><a href=\"https:\/\/www.latribunedufaso.net\/wp-content\/uploads\/2025\/05\/IMG-20250519-WA0049.jpg\"><img loading=\"lazy\" decoding=\"async\" class=\"size-full wp-image-20634\" src=\"https:\/\/www.latribunedufaso.net\/wp-content\/uploads\/2025\/05\/IMG-20250519-WA0049.jpg\" alt=\"C\u00e9l\u00e9bration conclusive du jubil\u00e9 d'argent de la Congr\u00e9gation Don Orione, 18 mai 2025\" width=\"1080\" height=\"613\" srcset=\"https:\/\/www.latribunedufaso.net\/wp-content\/uploads\/2025\/05\/IMG-20250519-WA0049.jpg 1080w, https:\/\/www.latribunedufaso.net\/wp-content\/uploads\/2025\/05\/IMG-20250519-WA0049-300x170.jpg 300w, https:\/\/www.latribunedufaso.net\/wp-content\/uploads\/2025\/05\/IMG-20250519-WA0049-1024x581.jpg 1024w, https:\/\/www.latribunedufaso.net\/wp-content\/uploads\/2025\/05\/IMG-20250519-WA0049-768x436.jpg 768w\" sizes=\"auto, (max-width: 1080px) 100vw, 1080px\" \/><\/a><figcaption id=\"caption-attachment-20634\" class=\"wp-caption-text\">Le repr\u00e9sentant de la Congr\u00e9gation Don Orione au Burkina Faso, P\u00e8re Alain Kini &#8211; Ph. A. Kiendrebeogo<\/figcaption><\/figure>\n<p><em><strong>\u00ab Il nous faut mobiliser les ressources n\u00e9cessaires pour mieux r\u00e9pondre aux besoins des populations et contribuer efficacement au d\u00e9veloppement du pays \u00bb<\/strong><\/em>, a-t-il soulign\u00e9.<\/p>\n<p><iframe loading=\"lazy\" width=\"560\" height=\"315\" src=\"https:\/\/www.youtube.com\/embed\/4p0cr7eFdB0?si=LBqs7iKuC5vAiu2H\" title=\"YouTube video player\" frameborder=\"0\" allow=\"accelerometer; autoplay; clipboard-write; encrypted-media; gyroscope; picture-in-picture; web-share\" referrerpolicy=\"strict-origin-when-cross-origin\" allowfullscreen><\/iframe><\/p>\n<h3>Fraternit\u00e9 et partage<\/h3>\n<p>\u00c0 l\u2019issue de la messe, fid\u00e8les, religieux et invit\u00e9s se sont retrouv\u00e9s dans un cadre de convivialit\u00e9 \u00e0 travers une kermesse et une journ\u00e9e portes ouvertes. Ces moments de fraternisation ont \u00e9t\u00e9 ponctu\u00e9s de prestations d\u2019artistes, aussi bien religieux que la\u00efcs.<\/p>\n<figure id=\"attachment_20633\" aria-describedby=\"caption-attachment-20633\" style=\"width: 2560px\" class=\"wp-caption aligncenter\"><a href=\"https:\/\/www.latribunedufaso.net\/wp-content\/uploads\/2025\/05\/IMG-20250519-WA0042.jpg\"><img loading=\"lazy\" decoding=\"async\" class=\"size-full wp-image-20633\" src=\"https:\/\/www.latribunedufaso.net\/wp-content\/uploads\/2025\/05\/IMG-20250519-WA0042.jpg\" alt=\"C\u00e9l\u00e9bration conclusive du jubil\u00e9 d'argent de la Congr\u00e9gation Don Orione, 18 mai 2025\" width=\"2560\" height=\"1313\" srcset=\"https:\/\/www.latribunedufaso.net\/wp-content\/uploads\/2025\/05\/IMG-20250519-WA0042.jpg 2560w, https:\/\/www.latribunedufaso.net\/wp-content\/uploads\/2025\/05\/IMG-20250519-WA0042-300x154.jpg 300w, https:\/\/www.latribunedufaso.net\/wp-content\/uploads\/2025\/05\/IMG-20250519-WA0042-1024x525.jpg 1024w, https:\/\/www.latribunedufaso.net\/wp-content\/uploads\/2025\/05\/IMG-20250519-WA0042-768x394.jpg 768w, https:\/\/www.latribunedufaso.net\/wp-content\/uploads\/2025\/05\/IMG-20250519-WA0042-1536x788.jpg 1536w, https:\/\/www.latribunedufaso.net\/wp-content\/uploads\/2025\/05\/IMG-20250519-WA0042-2048x1050.jpg 2048w\" sizes=\"auto, (max-width: 2560px) 100vw, 2560px\" \/><\/a><figcaption id=\"caption-attachment-20633\" class=\"wp-caption-text\">Photo de famille des \u00e0 l&rsquo;issue de la c\u00e9r\u00e9monie &#8211; Ph. A. Kiendrebeogo<\/figcaption><\/figure>\n<h3>Une congr\u00e9gation tourn\u00e9e vers le service de la charit\u00e9<\/h3>\n<p>Pour rappel, la Congr\u00e9gation Don Orione a \u00e9t\u00e9 fond\u00e9e en 1893 par Luigi Orione, alors qu\u2019il \u00e9tait encore s\u00e9minariste. Elle s\u2019est progressivement \u00e9tendue \u00e0 travers le monde et comprend plusieurs branches, les Fils de la Divine Providence (branche masculine), les Petites S\u0153urs Missionnaires de la Charit\u00e9 (branche f\u00e9minine), les S\u0153urs Sacramentines non-voyantes, les ermites, un institut s\u00e9culier et un Mouvement la\u00efcal orioniste. La Congr\u00e9gation agit dans plusieurs domaines, avec pour mission principale de venir en aide \u00e0 ceux qui sont dans le besoin. Son charisme est, \u00ab Restaurer tout dans le Christ \u00e0 travers les \u0153uvres de mis\u00e9ricorde \u00bb.<\/p>\n<p><strong>Rosana Astride KIENDREBEOGO\u00a0<\/strong><\/p>\n<p><strong>Latribunedufaso.net<\/strong><\/p>\n<p>Lire aussi &gt;&gt; <a href=\"https:\/\/www.latribunedufaso.net\/?p=20451\">25 ans de mission : La Congr\u00e9gation Don Orione c\u00e9l\u00e8bre son jubil\u00e9 d\u2019argent au Burkina Faso<\/a><\/p>\n","protected":false},"excerpt":{"rendered":"<p>\u00c0 l\u2019occasion de son jubil\u00e9 d\u2019argent, c\u00e9l\u00e9br\u00e9 en cette ann\u00e9e 2025, la communaut\u00e9 orioniste au Burkina Faso a organis\u00e9 une s\u00e9rie d\u2019activit\u00e9s spirituelles et communautaires. Les c\u00e9l\u00e9brations ont pris fin ce dimanche 18 mai 2025 avec une messe d\u2019action de gr\u00e2ce tenue \u00e0 Ouagadougou.<\/p>\n","protected":false},"author":5,"featured_media":20632,"comment_status":"open","ping_status":"open","sticky":false,"template":"","format":"standard","meta":{"footnotes":""},"categories":[13,1,8],"tags":[993,222,995,910],"class_list":["post-20631","post","type-post","status-publish","format-standard","has-post-thumbnail","hentry","category-une","category-actu","category-societe","tag-congratulation-don-orione","tag-eglise-catholique","tag-jubile-dargent-de-la-congregation-don-orione","tag-religion"],"yoast_head":"<!-- This site is optimized with the Yoast SEO plugin v27.5 - https:\/\/yoast.com\/product\/yoast-seo-wordpress\/ -->\n<title>25 ans de pr\u00e9sence de la communaut\u00e9 Don Orione au Burkina Faso : une messe d\u2019action de gr\u00e2ce pour marquer le jubil\u00e9 - La Tribune du Faso<\/title>\n<meta name=\"robots\" content=\"index, follow, max-snippet:-1, max-image-preview:large, max-video-preview:-1\" \/>\n<link rel=\"canonical\" href=\"https:\/\/www.latribunedufaso.net\/?p=20631\" \/>\n<meta property=\"og:locale\" content=\"fr_FR\" \/>\n<meta property=\"og:type\" content=\"article\" \/>\n<meta property=\"og:title\" content=\"25 ans de pr\u00e9sence de la communaut\u00e9 Don Orione au Burkina Faso : une messe d\u2019action de gr\u00e2ce pour marquer le jubil\u00e9 - La Tribune du Faso\" \/>\n<meta property=\"og:description\" content=\"\u00c0 l\u2019occasion de son jubil\u00e9 d\u2019argent, c\u00e9l\u00e9br\u00e9 en cette ann\u00e9e 2025, la communaut\u00e9 orioniste au Burkina Faso a organis\u00e9 une s\u00e9rie d\u2019activit\u00e9s spirituelles et communautaires. Les c\u00e9l\u00e9brations ont pris fin ce dimanche 18 mai 2025 avec une messe d\u2019action de gr\u00e2ce tenue \u00e0 Ouagadougou.\" \/>\n<meta property=\"og:url\" content=\"https:\/\/www.latribunedufaso.net\/?p=20631\" \/>\n<meta property=\"og:site_name\" content=\"La Tribune du Faso\" \/>\n<meta property=\"article:publisher\" content=\"https:\/\/www.facebook.com\/LatribuneduFaso\/\" \/>\n<meta property=\"article:published_time\" content=\"2025-05-10T19:20:47+00:00\" \/>\n<meta property=\"article:modified_time\" content=\"2025-05-30T20:06:26+00:00\" \/>\n<meta property=\"og:image\" content=\"https:\/\/www.latribunedufaso.net\/wp-content\/uploads\/2025\/05\/IMG-20250519-WA0037.jpg\" \/>\n\t<meta property=\"og:image:width\" content=\"2560\" \/>\n\t<meta property=\"og:image:height\" content=\"2560\" \/>\n\t<meta property=\"og:image:type\" content=\"image\/jpeg\" \/>\n<meta name=\"author\" content=\"Issouf Tapsoba\" \/>\n<meta name=\"twitter:label1\" content=\"\u00c9crit par\" \/>\n\t<meta name=\"twitter:data1\" content=\"Issouf Tapsoba\" \/>\n\t<meta name=\"twitter:label2\" content=\"Dur\u00e9e de lecture estim\u00e9e\" \/>\n\t<meta name=\"twitter:data2\" content=\"3 minutes\" \/>\n<script type=\"application\/ld+json\" class=\"yoast-schema-graph\">{\"@context\":\"https:\\\/\\\/schema.org\",\"@graph\":[{\"@type\":\"Article\",\"@id\":\"https:\\\/\\\/www.latribunedufaso.net\\\/?p=20631#article\",\"isPartOf\":{\"@id\":\"https:\\\/\\\/www.latribunedufaso.net\\\/?p=20631\"},\"author\":{\"name\":\"Issouf Tapsoba\",\"@id\":\"https:\\\/\\\/www.latribunedufaso.net\\\/#\\\/schema\\\/person\\\/e54e64c5778a7e72cf80a318b7a622b0\"},\"headline\":\"25 ans de pr\u00e9sence de la communaut\u00e9 Don Orione au Burkina Faso : une messe d\u2019action de gr\u00e2ce pour marquer le jubil\u00e9\",\"datePublished\":\"2025-05-10T19:20:47+00:00\",\"dateModified\":\"2025-05-30T20:06:26+00:00\",\"mainEntityOfPage\":{\"@id\":\"https:\\\/\\\/www.latribunedufaso.net\\\/?p=20631\"},\"wordCount\":704,\"commentCount\":0,\"publisher\":{\"@id\":\"https:\\\/\\\/www.latribunedufaso.net\\\/#organization\"},\"image\":{\"@id\":\"https:\\\/\\\/www.latribunedufaso.net\\\/?p=20631#primaryimage\"},\"thumbnailUrl\":\"https:\\\/\\\/www.latribunedufaso.net\\\/wp-content\\\/uploads\\\/2025\\\/05\\\/IMG-20250519-WA0037.jpg\",\"keywords\":[\"Congratulation Don Orione\",\"Eglise catholique\",\"Jubil\u00e9 d'argent de la Congr\u00e9gation Don Orione\",\"Religion\"],\"articleSection\":[\"A la une\",\"Actualit\u00e9\",\"Soci\u00e9t\u00e9\"],\"inLanguage\":\"fr-FR\",\"potentialAction\":[{\"@type\":\"CommentAction\",\"name\":\"Comment\",\"target\":[\"https:\\\/\\\/www.latribunedufaso.net\\\/?p=20631#respond\"]}]},{\"@type\":\"WebPage\",\"@id\":\"https:\\\/\\\/www.latribunedufaso.net\\\/?p=20631\",\"url\":\"https:\\\/\\\/www.latribunedufaso.net\\\/?p=20631\",\"name\":\"25 ans de pr\u00e9sence de la communaut\u00e9 Don Orione au Burkina Faso : une messe d\u2019action de gr\u00e2ce pour marquer le jubil\u00e9 - La Tribune du Faso\",\"isPartOf\":{\"@id\":\"https:\\\/\\\/www.latribunedufaso.net\\\/#website\"},\"primaryImageOfPage\":{\"@id\":\"https:\\\/\\\/www.latribunedufaso.net\\\/?p=20631#primaryimage\"},\"image\":{\"@id\":\"https:\\\/\\\/www.latribunedufaso.net\\\/?p=20631#primaryimage\"},\"thumbnailUrl\":\"https:\\\/\\\/www.latribunedufaso.net\\\/wp-content\\\/uploads\\\/2025\\\/05\\\/IMG-20250519-WA0037.jpg\",\"datePublished\":\"2025-05-10T19:20:47+00:00\",\"dateModified\":\"2025-05-30T20:06:26+00:00\",\"breadcrumb\":{\"@id\":\"https:\\\/\\\/www.latribunedufaso.net\\\/?p=20631#breadcrumb\"},\"inLanguage\":\"fr-FR\",\"potentialAction\":[{\"@type\":\"ReadAction\",\"target\":[\"https:\\\/\\\/www.latribunedufaso.net\\\/?p=20631\"]}]},{\"@type\":\"ImageObject\",\"inLanguage\":\"fr-FR\",\"@id\":\"https:\\\/\\\/www.latribunedufaso.net\\\/?p=20631#primaryimage\",\"url\":\"https:\\\/\\\/www.latribunedufaso.net\\\/wp-content\\\/uploads\\\/2025\\\/05\\\/IMG-20250519-WA0037.jpg\",\"contentUrl\":\"https:\\\/\\\/www.latribunedufaso.net\\\/wp-content\\\/uploads\\\/2025\\\/05\\\/IMG-20250519-WA0037.jpg\",\"width\":2560,\"height\":2560,\"caption\":\"C\u00e9l\u00e9bration conclusive du jubil\u00e9 d'argent de la Congr\u00e9gation Don Orione, 18 mai 2025\"},{\"@type\":\"BreadcrumbList\",\"@id\":\"https:\\\/\\\/www.latribunedufaso.net\\\/?p=20631#breadcrumb\",\"itemListElement\":[{\"@type\":\"ListItem\",\"position\":1,\"name\":\"Accueil\",\"item\":\"https:\\\/\\\/www.latribunedufaso.net\\\/\"},{\"@type\":\"ListItem\",\"position\":2,\"name\":\"25 ans de pr\u00e9sence de la communaut\u00e9 Don Orione au Burkina Faso : une messe d\u2019action de gr\u00e2ce pour marquer le jubil\u00e9\"}]},{\"@type\":\"WebSite\",\"@id\":\"https:\\\/\\\/www.latribunedufaso.net\\\/#website\",\"url\":\"https:\\\/\\\/www.latribunedufaso.net\\\/\",\"name\":\"La Tribune du Faso\",\"description\":\"L&#039;information du monde rural en un clic\",\"publisher\":{\"@id\":\"https:\\\/\\\/www.latribunedufaso.net\\\/#organization\"},\"potentialAction\":[{\"@type\":\"SearchAction\",\"target\":{\"@type\":\"EntryPoint\",\"urlTemplate\":\"https:\\\/\\\/www.latribunedufaso.net\\\/?s={search_term_string}\"},\"query-input\":{\"@type\":\"PropertyValueSpecification\",\"valueRequired\":true,\"valueName\":\"search_term_string\"}}],\"inLanguage\":\"fr-FR\"},{\"@type\":\"Organization\",\"@id\":\"https:\\\/\\\/www.latribunedufaso.net\\\/#organization\",\"name\":\"La Tribune du Faso\",\"url\":\"https:\\\/\\\/www.latribunedufaso.net\\\/\",\"logo\":{\"@type\":\"ImageObject\",\"inLanguage\":\"fr-FR\",\"@id\":\"https:\\\/\\\/www.latribunedufaso.net\\\/#\\\/schema\\\/logo\\\/image\\\/\",\"url\":\"https:\\\/\\\/www.latribunedufaso.net\\\/wp-content\\\/uploads\\\/2020\\\/08\\\/Logo-Tribune-du-Faso-final-scaled.jpg\",\"contentUrl\":\"https:\\\/\\\/www.latribunedufaso.net\\\/wp-content\\\/uploads\\\/2020\\\/08\\\/Logo-Tribune-du-Faso-final-scaled.jpg\",\"width\":2560,\"height\":1856,\"caption\":\"La Tribune du Faso\"},\"image\":{\"@id\":\"https:\\\/\\\/www.latribunedufaso.net\\\/#\\\/schema\\\/logo\\\/image\\\/\"},\"sameAs\":[\"https:\\\/\\\/www.facebook.com\\\/LatribuneduFaso\\\/\"]},{\"@type\":\"Person\",\"@id\":\"https:\\\/\\\/www.latribunedufaso.net\\\/#\\\/schema\\\/person\\\/e54e64c5778a7e72cf80a318b7a622b0\",\"name\":\"Issouf Tapsoba\",\"image\":{\"@type\":\"ImageObject\",\"inLanguage\":\"fr-FR\",\"@id\":\"https:\\\/\\\/secure.gravatar.com\\\/avatar\\\/5e6c05150ce3230247d167f5b94d678eb05936197436d69b7921e3a95c9107ac?s=96&d=mm&r=g\",\"url\":\"https:\\\/\\\/secure.gravatar.com\\\/avatar\\\/5e6c05150ce3230247d167f5b94d678eb05936197436d69b7921e3a95c9107ac?s=96&d=mm&r=g\",\"contentUrl\":\"https:\\\/\\\/secure.gravatar.com\\\/avatar\\\/5e6c05150ce3230247d167f5b94d678eb05936197436d69b7921e3a95c9107ac?s=96&d=mm&r=g\",\"caption\":\"Issouf Tapsoba\"},\"url\":\"https:\\\/\\\/www.latribunedufaso.net\\\/?author=5\"}]}<\/script>\n<!-- \/ Yoast SEO plugin. -->","yoast_head_json":{"title":"25 ans de pr\u00e9sence de la communaut\u00e9 Don Orione au Burkina Faso : une messe d\u2019action de gr\u00e2ce pour marquer le jubil\u00e9 - La Tribune du Faso","robots":{"index":"index","follow":"follow","max-snippet":"max-snippet:-1","max-image-preview":"max-image-preview:large","max-video-preview":"max-video-preview:-1"},"canonical":"https:\/\/www.latribunedufaso.net\/?p=20631","og_locale":"fr_FR","og_type":"article","og_title":"25 ans de pr\u00e9sence de la communaut\u00e9 Don Orione au Burkina Faso : une messe d\u2019action de gr\u00e2ce pour marquer le jubil\u00e9 - La Tribune du Faso","og_description":"\u00c0 l\u2019occasion de son jubil\u00e9 d\u2019argent, c\u00e9l\u00e9br\u00e9 en cette ann\u00e9e 2025, la communaut\u00e9 orioniste au Burkina Faso a organis\u00e9 une s\u00e9rie d\u2019activit\u00e9s spirituelles et communautaires. Les c\u00e9l\u00e9brations ont pris fin ce dimanche 18 mai 2025 avec une messe d\u2019action de gr\u00e2ce tenue \u00e0 Ouagadougou.","og_url":"https:\/\/www.latribunedufaso.net\/?p=20631","og_site_name":"La Tribune du Faso","article_publisher":"https:\/\/www.facebook.com\/LatribuneduFaso\/","article_published_time":"2025-05-10T19:20:47+00:00","article_modified_time":"2025-05-30T20:06:26+00:00","og_image":[{"width":2560,"height":2560,"url":"https:\/\/www.latribunedufaso.net\/wp-content\/uploads\/2025\/05\/IMG-20250519-WA0037.jpg","type":"image\/jpeg"}],"author":"Issouf Tapsoba","twitter_misc":{"\u00c9crit par":"Issouf Tapsoba","Dur\u00e9e de lecture estim\u00e9e":"3 minutes"},"schema":{"@context":"https:\/\/schema.org","@graph":[{"@type":"Article","@id":"https:\/\/www.latribunedufaso.net\/?p=20631#article","isPartOf":{"@id":"https:\/\/www.latribunedufaso.net\/?p=20631"},"author":{"name":"Issouf Tapsoba","@id":"https:\/\/www.latribunedufaso.net\/#\/schema\/person\/e54e64c5778a7e72cf80a318b7a622b0"},"headline":"25 ans de pr\u00e9sence de la communaut\u00e9 Don Orione au Burkina Faso : une messe d\u2019action de gr\u00e2ce pour marquer le jubil\u00e9","datePublished":"2025-05-10T19:20:47+00:00","dateModified":"2025-05-30T20:06:26+00:00","mainEntityOfPage":{"@id":"https:\/\/www.latribunedufaso.net\/?p=20631"},"wordCount":704,"commentCount":0,"publisher":{"@id":"https:\/\/www.latribunedufaso.net\/#organization"},"image":{"@id":"https:\/\/www.latribunedufaso.net\/?p=20631#primaryimage"},"thumbnailUrl":"https:\/\/www.latribunedufaso.net\/wp-content\/uploads\/2025\/05\/IMG-20250519-WA0037.jpg","keywords":["Congratulation Don Orione","Eglise catholique","Jubil\u00e9 d'argent de la Congr\u00e9gation Don Orione","Religion"],"articleSection":["A la une","Actualit\u00e9","Soci\u00e9t\u00e9"],"inLanguage":"fr-FR","potentialAction":[{"@type":"CommentAction","name":"Comment","target":["https:\/\/www.latribunedufaso.net\/?p=20631#respond"]}]},{"@type":"WebPage","@id":"https:\/\/www.latribunedufaso.net\/?p=20631","url":"https:\/\/www.latribunedufaso.net\/?p=20631","name":"25 ans de pr\u00e9sence de la communaut\u00e9 Don Orione au Burkina Faso : une messe d\u2019action de gr\u00e2ce pour marquer le jubil\u00e9 - La Tribune du Faso","isPartOf":{"@id":"https:\/\/www.latribunedufaso.net\/#website"},"primaryImageOfPage":{"@id":"https:\/\/www.latribunedufaso.net\/?p=20631#primaryimage"},"image":{"@id":"https:\/\/www.latribunedufaso.net\/?p=20631#primaryimage"},"thumbnailUrl":"https:\/\/www.latribunedufaso.net\/wp-content\/uploads\/2025\/05\/IMG-20250519-WA0037.jpg","datePublished":"2025-05-10T19:20:47+00:00","dateModified":"2025-05-30T20:06:26+00:00","breadcrumb":{"@id":"https:\/\/www.latribunedufaso.net\/?p=20631#breadcrumb"},"inLanguage":"fr-FR","potentialAction":[{"@type":"ReadAction","target":["https:\/\/www.latribunedufaso.net\/?p=20631"]}]},{"@type":"ImageObject","inLanguage":"fr-FR","@id":"https:\/\/www.latribunedufaso.net\/?p=20631#primaryimage","url":"https:\/\/www.latribunedufaso.net\/wp-content\/uploads\/2025\/05\/IMG-20250519-WA0037.jpg","contentUrl":"https:\/\/www.latribunedufaso.net\/wp-content\/uploads\/2025\/05\/IMG-20250519-WA0037.jpg","width":2560,"height":2560,"caption":"C\u00e9l\u00e9bration conclusive du jubil\u00e9 d'argent de la Congr\u00e9gation Don Orione, 18 mai 2025"},{"@type":"BreadcrumbList","@id":"https:\/\/www.latribunedufaso.net\/?p=20631#breadcrumb","itemListElement":[{"@type":"ListItem","position":1,"name":"Accueil","item":"https:\/\/www.latribunedufaso.net\/"},{"@type":"ListItem","position":2,"name":"25 ans de pr\u00e9sence de la communaut\u00e9 Don Orione au Burkina Faso : une messe d\u2019action de gr\u00e2ce pour marquer le jubil\u00e9"}]},{"@type":"WebSite","@id":"https:\/\/www.latribunedufaso.net\/#website","url":"https:\/\/www.latribunedufaso.net\/","name":"La Tribune du Faso","description":"L&#039;information du monde rural en un clic","publisher":{"@id":"https:\/\/www.latribunedufaso.net\/#organization"},"potentialAction":[{"@type":"SearchAction","target":{"@type":"EntryPoint","urlTemplate":"https:\/\/www.latribunedufaso.net\/?s={search_term_string}"},"query-input":{"@type":"PropertyValueSpecification","valueRequired":true,"valueName":"search_term_string"}}],"inLanguage":"fr-FR"},{"@type":"Organization","@id":"https:\/\/www.latribunedufaso.net\/#organization","name":"La Tribune du Faso","url":"https:\/\/www.latribunedufaso.net\/","logo":{"@type":"ImageObject","inLanguage":"fr-FR","@id":"https:\/\/www.latribunedufaso.net\/#\/schema\/logo\/image\/","url":"https:\/\/www.latribunedufaso.net\/wp-content\/uploads\/2020\/08\/Logo-Tribune-du-Faso-final-scaled.jpg","contentUrl":"https:\/\/www.latribunedufaso.net\/wp-content\/uploads\/2020\/08\/Logo-Tribune-du-Faso-final-scaled.jpg","width":2560,"height":1856,"caption":"La Tribune du Faso"},"image":{"@id":"https:\/\/www.latribunedufaso.net\/#\/schema\/logo\/image\/"},"sameAs":["https:\/\/www.facebook.com\/LatribuneduFaso\/"]},{"@type":"Person","@id":"https:\/\/www.latribunedufaso.net\/#\/schema\/person\/e54e64c5778a7e72cf80a318b7a622b0","name":"Issouf Tapsoba","image":{"@type":"ImageObject","inLanguage":"fr-FR","@id":"https:\/\/secure.gravatar.com\/avatar\/5e6c05150ce3230247d167f5b94d678eb05936197436d69b7921e3a95c9107ac?s=96&d=mm&r=g","url":"https:\/\/secure.gravatar.com\/avatar\/5e6c05150ce3230247d167f5b94d678eb05936197436d69b7921e3a95c9107ac?s=96&d=mm&r=g","contentUrl":"https:\/\/secure.gravatar.com\/avatar\/5e6c05150ce3230247d167f5b94d678eb05936197436d69b7921e3a95c9107ac?s=96&d=mm&r=g","caption":"Issouf Tapsoba"},"url":"https:\/\/www.latribunedufaso.net\/?author=5"}]}},"_links":{"self":[{"href":"https:\/\/www.latribunedufaso.net\/index.php?rest_route=\/wp\/v2\/posts\/20631","targetHints":{"allow":["GET"]}}],"collection":[{"href":"https:\/\/www.latribunedufaso.net\/index.php?rest_route=\/wp\/v2\/posts"}],"about":[{"href":"https:\/\/www.latribunedufaso.net\/index.php?rest_route=\/wp\/v2\/types\/post"}],"author":[{"embeddable":true,"href":"https:\/\/www.latribunedufaso.net\/index.php?rest_route=\/wp\/v2\/users\/5"}],"replies":[{"embeddable":true,"href":"https:\/\/www.latribunedufaso.net\/index.php?rest_route=%2Fwp%2Fv2%2Fcomments&post=20631"}],"version-history":[{"count":2,"href":"https:\/\/www.latribunedufaso.net\/index.php?rest_route=\/wp\/v2\/posts\/20631\/revisions"}],"predecessor-version":[{"id":20961,"href":"https:\/\/www.latribunedufaso.net\/index.php?rest_route=\/wp\/v2\/posts\/20631\/revisions\/20961"}],"wp:featuredmedia":[{"embeddable":true,"href":"https:\/\/www.latribunedufaso.net\/index.php?rest_route=\/wp\/v2\/media\/20632"}],"wp:attachment":[{"href":"https:\/\/www.latribunedufaso.net\/index.php?rest_route=%2Fwp%2Fv2%2Fmedia&parent=20631"}],"wp:term":[{"taxonomy":"category","embeddable":true,"href":"https:\/\/www.latribunedufaso.net\/index.php?rest_route=%2Fwp%2Fv2%2Fcategories&post=20631"},{"taxonomy":"post_tag","embeddable":true,"href":"https:\/\/www.latribunedufaso.net\/index.php?rest_route=%2Fwp%2Fv2%2Ftags&post=20631"}],"curies":[{"name":"wp","href":"https:\/\/api.w.org\/{rel}","templated":true}]}}