{"id":20595,"date":"2025-05-18T18:26:48","date_gmt":"2025-05-18T18:26:48","guid":{"rendered":"https:\/\/www.latribunedufaso.net\/?p=20595"},"modified":"2025-05-18T18:26:48","modified_gmt":"2025-05-18T18:26:48","slug":"commune-de-ouagadougou-une-avenue-en-hommage-au-president-john-jerry-rawlings","status":"publish","type":"post","link":"https:\/\/www.latribunedufaso.net\/?p=20595","title":{"rendered":"Commune de Ouagadougou : Une avenue en hommage au Pr\u00e9sident John Jerry Rawlings"},"content":{"rendered":"<p>\u00a0<strong>Au lendemain de l\u2019inauguration du Mausol\u00e9e d\u00e9di\u00e9 au Pr\u00e9sident Thomas Sankara et ses douze compagnons, la Commune de Ouagadougou a immortalis\u00e9 un<em> \u00ab des fid\u00e8les amis \u00bb<\/em> du p\u00e8re de la R\u00e9volution burkinab\u00e8. Le 18 mai 2025, elle a baptis\u00e9 du nom de l\u2019ancien pr\u00e9sident du Ghana une avenue nouvellement am\u00e9nag\u00e9e dans l\u2019arrondissement 05. La c\u00e9r\u00e9monie, plac\u00e9e sous la pr\u00e9sidence du Premier ministre, Jean Emmanuel Ou\u00e9draogo, s\u2019est d\u00e9roul\u00e9e en pr\u00e9sence d\u2019une d\u00e9l\u00e9gation de la famille Rawlings et de nombreuses personnalit\u00e9s.<\/strong><!--more--><\/p>\n<p>Longue de plus de deux kilom\u00e8tres en deux fois deux voies s\u00e9par\u00e9es par un terre-plein central, l\u2019avenue baptis\u00e9e du nom de feu Pr\u00e9sident John Jerry Rawlings d\u00e9bute au nord par l\u2019avenue Jean-Paul II et finit au sud par le boulevard Capitaine Isidore No\u00ebl Thomas Sankara.<\/p>\n<p>C&rsquo;est le ministre de la Communication, de la Culture, des Arts et du Tourisme, porte-parole du Gouvernement, Gilbert Ou\u00e9draogo, qui a port\u00e9 \u00e0 l\u2019assistance le mot du Premier ministre \u00e0 l\u2019occasion de cette c\u00e9r\u00e9monie d\u2019hommage. Il a salu\u00e9 la m\u00e9moire d\u2019un grand combattant de l\u2019\u00e9mancipation de notre continent, un porte-voix du panafricanisme, un digne fils de l\u2019Afrique, un grand ami du capitaine Thomas Sankara et du Burkina Faso.<\/p>\n<figure id=\"attachment_20596\" aria-describedby=\"caption-attachment-20596\" style=\"width: 720px\" class=\"wp-caption aligncenter\"><a href=\"https:\/\/www.latribunedufaso.net\/wp-content\/uploads\/2025\/05\/FB_IMG_1747591748348.jpg\"><img loading=\"lazy\" decoding=\"async\" class=\"size-full wp-image-20596\" src=\"https:\/\/www.latribunedufaso.net\/wp-content\/uploads\/2025\/05\/FB_IMG_1747591748348.jpg\" alt=\"C\u00e9r\u00e9monie de bapt\u00eame de rue au nom de l'ancien pr\u00e9sident Ghan\u00e9en John Rawlings,18 mai 2025 \" width=\"720\" height=\"549\" srcset=\"https:\/\/www.latribunedufaso.net\/wp-content\/uploads\/2025\/05\/FB_IMG_1747591748348.jpg 720w, https:\/\/www.latribunedufaso.net\/wp-content\/uploads\/2025\/05\/FB_IMG_1747591748348-300x229.jpg 300w\" sizes=\"auto, (max-width: 720px) 100vw, 720px\" \/><\/a><figcaption id=\"caption-attachment-20596\" class=\"wp-caption-text\">La fille du John Jerry Rawlings, Yaa Asantewaa Rawlings &#8211; Ph. DR<\/figcaption><\/figure>\n<p><em><strong>\u00ab Dans notre histoire, nous reconnaissons \u00e0 sa juste valeur les appuis multiformes et d\u00e9sint\u00e9ress\u00e9s que le Pr\u00e9sident Jerry John Rawlings a jadis apport\u00e9s au Capitaine Thomas Isidore No\u00ebl Sankara p\u00e8re de la R\u00e9volution du Burkina Faso. Nous ne pouvons pas passer sous silence la disponibilit\u00e9 dont il a fait preuve en son temps pour la manifestation de la v\u00e9rit\u00e9 lors de la proc\u00e9dure d\u2019instruction du proc\u00e8s de l\u2019assassinat du Pr\u00e9sident Sankara \u00bb,<\/strong><\/em> a-t-il d\u00e9clar\u00e9.<\/p>\n<p>En fin de propos, le porte-parole du Gouvernement burkinab\u00e8 a affirm\u00e9 que<em><strong> \u00ab pour notre pays o\u00f9 l\u2019int\u00e9gration et l\u2019unit\u00e9 des peuples sont d\u00e9j\u00e0 une r\u00e9alit\u00e9 dans le v\u00e9cu quotidien, le bapt\u00eame d\u2019une avenue \u00e0 la m\u00e9moire du Pr\u00e9sident John Jerry Rawlings se veut une invite \u00e0 consolider tout ce qui unit nos deux peuples et \u00e0 faire en sorte que les g\u00e9n\u00e9rations pr\u00e9sentes et futures poursuivent notre objectif commun, celui de construire une Afrique unie et prosp\u00e8re. \u00bb<\/strong><\/em><\/p>\n<figure id=\"attachment_20598\" aria-describedby=\"caption-attachment-20598\" style=\"width: 720px\" class=\"wp-caption aligncenter\"><a href=\"https:\/\/www.latribunedufaso.net\/wp-content\/uploads\/2025\/05\/FB_IMG_1747591755256.jpg\"><img loading=\"lazy\" decoding=\"async\" class=\"size-full wp-image-20598\" src=\"https:\/\/www.latribunedufaso.net\/wp-content\/uploads\/2025\/05\/FB_IMG_1747591755256.jpg\" alt=\"C\u00e9r\u00e9monie de bapt\u00eame de rue au nom de l'ancien pr\u00e9sident Ghan\u00e9en John Rawlings,18 mai 2025 \" width=\"720\" height=\"453\" srcset=\"https:\/\/www.latribunedufaso.net\/wp-content\/uploads\/2025\/05\/FB_IMG_1747591755256.jpg 720w, https:\/\/www.latribunedufaso.net\/wp-content\/uploads\/2025\/05\/FB_IMG_1747591755256-300x189.jpg 300w\" sizes=\"auto, (max-width: 720px) 100vw, 720px\" \/><\/a><figcaption id=\"caption-attachment-20598\" class=\"wp-caption-text\">Photo de famille des officiels apr\u00e8s la c\u00e9r\u00e9monie &#8211; Ph. DR<\/figcaption><\/figure>\n<p>Pr\u00e9sente \u00e0 la c\u00e9r\u00e9monie, Yaa Asantewaa Rawlings, fille de l\u2019illustre disparu, a rappel\u00e9 le grand estime et l\u2019attachement que son d\u00e9funt p\u00e8re a t\u00e9moign\u00e9 au Pr\u00e9sident Thomas Sankara jusqu\u2019\u00e0 sa disparition le 12 novembre 2020. Elle a affirm\u00e9 que cet hommage du peuple burkinab\u00e8 est une fiert\u00e9 pour toute sa famille et la Fondation Jerry John Rawlings.<\/p>\n<blockquote>\n<p>Lire aussi &gt;&gt; <a href=\"https:\/\/www.latribunedufaso.net\/?p=20571\">Burkina Faso : Inauguration du Mausol\u00e9e Thomas Sankara, un lieu de m\u00e9moire pour les g\u00e9n\u00e9rations futures<\/a><\/p>\n<\/blockquote>\n<p>En rappel, l\u2019engagement dont a fait montre feu Pr\u00e9sident John Jerry Rawlings pour la r\u00e9alisation du M\u00e9morial Thomas Sankara est de notori\u00e9t\u00e9 publique. Il \u00e9tait au rang des officiels lors de la c\u00e9r\u00e9monie de lancement du projet, le 02 octobre 2016 \u00e0 la place de la R\u00e9volution.<\/p>\n<p><strong>Latribunedufaso.net<\/strong><\/p>\n<p><strong>Source : DCRP\/Primature<\/strong><\/p>\n","protected":false},"excerpt":{"rendered":"<p>\u00a0Au lendemain de l\u2019inauguration du Mausol\u00e9e d\u00e9di\u00e9 au Pr\u00e9sident Thomas Sankara et ses douze compagnons, la Commune de Ouagadougou a immortalis\u00e9 un \u00ab des fid\u00e8les amis \u00bb du p\u00e8re de la R\u00e9volution burkinab\u00e8. Le 18 mai 2025, elle a baptis\u00e9 du nom de l\u2019ancien pr\u00e9sident du Ghana une avenue nouvellement am\u00e9nag\u00e9e dans l\u2019arrondissement 05. La c\u00e9r\u00e9monie, plac\u00e9e sous la pr\u00e9sidence du Premier ministre, Jean Emmanuel Ou\u00e9draogo, s\u2019est d\u00e9roul\u00e9e en pr\u00e9sence d\u2019une d\u00e9l\u00e9gation de la famille Rawlings et de nombreuses personnalit\u00e9s.<\/p>\n","protected":false},"author":5,"featured_media":20597,"comment_status":"open","ping_status":"open","sticky":false,"template":"","format":"standard","meta":{"footnotes":""},"categories":[13,1,30],"tags":[1030,39],"class_list":["post-20595","post","type-post","status-publish","format-standard","has-post-thumbnail","hentry","category-une","category-actu","category-art-et-culture","tag-bapteme-de-rue-au-nom-de-john-rawlings","tag-latribunedufaso-net"],"yoast_head":"<!-- This site is optimized with the Yoast SEO plugin v27.4 - https:\/\/yoast.com\/product\/yoast-seo-wordpress\/ -->\n<title>Commune de Ouagadougou : Une avenue en hommage au Pr\u00e9sident John Jerry Rawlings - La Tribune du Faso<\/title>\n<meta name=\"robots\" content=\"index, follow, max-snippet:-1, max-image-preview:large, max-video-preview:-1\" \/>\n<link rel=\"canonical\" href=\"https:\/\/www.latribunedufaso.net\/?p=20595\" \/>\n<meta property=\"og:locale\" content=\"fr_FR\" \/>\n<meta property=\"og:type\" content=\"article\" \/>\n<meta property=\"og:title\" content=\"Commune de Ouagadougou : Une avenue en hommage au Pr\u00e9sident John Jerry Rawlings - La Tribune du Faso\" \/>\n<meta property=\"og:description\" content=\"\u00a0Au lendemain de l\u2019inauguration du Mausol\u00e9e d\u00e9di\u00e9 au Pr\u00e9sident Thomas Sankara et ses douze compagnons, la Commune de Ouagadougou a immortalis\u00e9 un \u00ab des fid\u00e8les amis \u00bb du p\u00e8re de la R\u00e9volution burkinab\u00e8. Le 18 mai 2025, elle a baptis\u00e9 du nom de l\u2019ancien pr\u00e9sident du Ghana une avenue nouvellement am\u00e9nag\u00e9e dans l\u2019arrondissement 05. La c\u00e9r\u00e9monie, plac\u00e9e sous la pr\u00e9sidence du Premier ministre, Jean Emmanuel Ou\u00e9draogo, s\u2019est d\u00e9roul\u00e9e en pr\u00e9sence d\u2019une d\u00e9l\u00e9gation de la famille Rawlings et de nombreuses personnalit\u00e9s.\" \/>\n<meta property=\"og:url\" content=\"https:\/\/www.latribunedufaso.net\/?p=20595\" \/>\n<meta property=\"og:site_name\" content=\"La Tribune du Faso\" \/>\n<meta property=\"article:publisher\" content=\"https:\/\/www.facebook.com\/LatribuneduFaso\/\" \/>\n<meta property=\"article:published_time\" content=\"2025-05-18T18:26:48+00:00\" \/>\n<meta property=\"og:image\" content=\"https:\/\/www.latribunedufaso.net\/wp-content\/uploads\/2025\/05\/FB_IMG_1747591737880.jpg\" \/>\n\t<meta property=\"og:image:width\" content=\"720\" \/>\n\t<meta property=\"og:image:height\" content=\"539\" \/>\n\t<meta property=\"og:image:type\" content=\"image\/jpeg\" \/>\n<meta name=\"author\" content=\"Issouf Tapsoba\" \/>\n<meta name=\"twitter:label1\" content=\"\u00c9crit par\" \/>\n\t<meta name=\"twitter:data1\" content=\"Issouf Tapsoba\" \/>\n\t<meta name=\"twitter:label2\" content=\"Dur\u00e9e de lecture estim\u00e9e\" \/>\n\t<meta name=\"twitter:data2\" content=\"3 minutes\" \/>\n<script type=\"application\/ld+json\" class=\"yoast-schema-graph\">{\"@context\":\"https:\\\/\\\/schema.org\",\"@graph\":[{\"@type\":\"Article\",\"@id\":\"https:\\\/\\\/www.latribunedufaso.net\\\/?p=20595#article\",\"isPartOf\":{\"@id\":\"https:\\\/\\\/www.latribunedufaso.net\\\/?p=20595\"},\"author\":{\"name\":\"Issouf Tapsoba\",\"@id\":\"https:\\\/\\\/www.latribunedufaso.net\\\/#\\\/schema\\\/person\\\/e54e64c5778a7e72cf80a318b7a622b0\"},\"headline\":\"Commune de Ouagadougou : Une avenue en hommage au Pr\u00e9sident John Jerry Rawlings\",\"datePublished\":\"2025-05-18T18:26:48+00:00\",\"mainEntityOfPage\":{\"@id\":\"https:\\\/\\\/www.latribunedufaso.net\\\/?p=20595\"},\"wordCount\":602,\"commentCount\":0,\"publisher\":{\"@id\":\"https:\\\/\\\/www.latribunedufaso.net\\\/#organization\"},\"image\":{\"@id\":\"https:\\\/\\\/www.latribunedufaso.net\\\/?p=20595#primaryimage\"},\"thumbnailUrl\":\"https:\\\/\\\/www.latribunedufaso.net\\\/wp-content\\\/uploads\\\/2025\\\/05\\\/FB_IMG_1747591737880.jpg\",\"keywords\":[\"Bapt\u00eame de rue au nom de John Rawlings\",\"latribunedufaso.net\"],\"articleSection\":[\"A la une\",\"Actualit\u00e9\",\"Art et Culture\"],\"inLanguage\":\"fr-FR\",\"potentialAction\":[{\"@type\":\"CommentAction\",\"name\":\"Comment\",\"target\":[\"https:\\\/\\\/www.latribunedufaso.net\\\/?p=20595#respond\"]}]},{\"@type\":\"WebPage\",\"@id\":\"https:\\\/\\\/www.latribunedufaso.net\\\/?p=20595\",\"url\":\"https:\\\/\\\/www.latribunedufaso.net\\\/?p=20595\",\"name\":\"Commune de Ouagadougou : Une avenue en hommage au Pr\u00e9sident John Jerry Rawlings - La Tribune du Faso\",\"isPartOf\":{\"@id\":\"https:\\\/\\\/www.latribunedufaso.net\\\/#website\"},\"primaryImageOfPage\":{\"@id\":\"https:\\\/\\\/www.latribunedufaso.net\\\/?p=20595#primaryimage\"},\"image\":{\"@id\":\"https:\\\/\\\/www.latribunedufaso.net\\\/?p=20595#primaryimage\"},\"thumbnailUrl\":\"https:\\\/\\\/www.latribunedufaso.net\\\/wp-content\\\/uploads\\\/2025\\\/05\\\/FB_IMG_1747591737880.jpg\",\"datePublished\":\"2025-05-18T18:26:48+00:00\",\"breadcrumb\":{\"@id\":\"https:\\\/\\\/www.latribunedufaso.net\\\/?p=20595#breadcrumb\"},\"inLanguage\":\"fr-FR\",\"potentialAction\":[{\"@type\":\"ReadAction\",\"target\":[\"https:\\\/\\\/www.latribunedufaso.net\\\/?p=20595\"]}]},{\"@type\":\"ImageObject\",\"inLanguage\":\"fr-FR\",\"@id\":\"https:\\\/\\\/www.latribunedufaso.net\\\/?p=20595#primaryimage\",\"url\":\"https:\\\/\\\/www.latribunedufaso.net\\\/wp-content\\\/uploads\\\/2025\\\/05\\\/FB_IMG_1747591737880.jpg\",\"contentUrl\":\"https:\\\/\\\/www.latribunedufaso.net\\\/wp-content\\\/uploads\\\/2025\\\/05\\\/FB_IMG_1747591737880.jpg\",\"width\":720,\"height\":539,\"caption\":\"C\u00e9r\u00e9monie de bapt\u00eame de rue au nom de l'ancien pr\u00e9sident Ghan\u00e9en John Rawlings,18 mai 2025\"},{\"@type\":\"BreadcrumbList\",\"@id\":\"https:\\\/\\\/www.latribunedufaso.net\\\/?p=20595#breadcrumb\",\"itemListElement\":[{\"@type\":\"ListItem\",\"position\":1,\"name\":\"Accueil\",\"item\":\"https:\\\/\\\/www.latribunedufaso.net\\\/\"},{\"@type\":\"ListItem\",\"position\":2,\"name\":\"Commune de Ouagadougou : Une avenue en hommage au Pr\u00e9sident John Jerry Rawlings\"}]},{\"@type\":\"WebSite\",\"@id\":\"https:\\\/\\\/www.latribunedufaso.net\\\/#website\",\"url\":\"https:\\\/\\\/www.latribunedufaso.net\\\/\",\"name\":\"La Tribune du Faso\",\"description\":\"L&#039;information du monde rural en un clic\",\"publisher\":{\"@id\":\"https:\\\/\\\/www.latribunedufaso.net\\\/#organization\"},\"potentialAction\":[{\"@type\":\"SearchAction\",\"target\":{\"@type\":\"EntryPoint\",\"urlTemplate\":\"https:\\\/\\\/www.latribunedufaso.net\\\/?s={search_term_string}\"},\"query-input\":{\"@type\":\"PropertyValueSpecification\",\"valueRequired\":true,\"valueName\":\"search_term_string\"}}],\"inLanguage\":\"fr-FR\"},{\"@type\":\"Organization\",\"@id\":\"https:\\\/\\\/www.latribunedufaso.net\\\/#organization\",\"name\":\"La Tribune du Faso\",\"url\":\"https:\\\/\\\/www.latribunedufaso.net\\\/\",\"logo\":{\"@type\":\"ImageObject\",\"inLanguage\":\"fr-FR\",\"@id\":\"https:\\\/\\\/www.latribunedufaso.net\\\/#\\\/schema\\\/logo\\\/image\\\/\",\"url\":\"https:\\\/\\\/www.latribunedufaso.net\\\/wp-content\\\/uploads\\\/2020\\\/08\\\/Logo-Tribune-du-Faso-final-scaled.jpg\",\"contentUrl\":\"https:\\\/\\\/www.latribunedufaso.net\\\/wp-content\\\/uploads\\\/2020\\\/08\\\/Logo-Tribune-du-Faso-final-scaled.jpg\",\"width\":2560,\"height\":1856,\"caption\":\"La Tribune du Faso\"},\"image\":{\"@id\":\"https:\\\/\\\/www.latribunedufaso.net\\\/#\\\/schema\\\/logo\\\/image\\\/\"},\"sameAs\":[\"https:\\\/\\\/www.facebook.com\\\/LatribuneduFaso\\\/\"]},{\"@type\":\"Person\",\"@id\":\"https:\\\/\\\/www.latribunedufaso.net\\\/#\\\/schema\\\/person\\\/e54e64c5778a7e72cf80a318b7a622b0\",\"name\":\"Issouf Tapsoba\",\"image\":{\"@type\":\"ImageObject\",\"inLanguage\":\"fr-FR\",\"@id\":\"https:\\\/\\\/secure.gravatar.com\\\/avatar\\\/5e6c05150ce3230247d167f5b94d678eb05936197436d69b7921e3a95c9107ac?s=96&d=mm&r=g\",\"url\":\"https:\\\/\\\/secure.gravatar.com\\\/avatar\\\/5e6c05150ce3230247d167f5b94d678eb05936197436d69b7921e3a95c9107ac?s=96&d=mm&r=g\",\"contentUrl\":\"https:\\\/\\\/secure.gravatar.com\\\/avatar\\\/5e6c05150ce3230247d167f5b94d678eb05936197436d69b7921e3a95c9107ac?s=96&d=mm&r=g\",\"caption\":\"Issouf Tapsoba\"},\"url\":\"https:\\\/\\\/www.latribunedufaso.net\\\/?author=5\"}]}<\/script>\n<!-- \/ Yoast SEO plugin. -->","yoast_head_json":{"title":"Commune de Ouagadougou : Une avenue en hommage au Pr\u00e9sident John Jerry Rawlings - La Tribune du Faso","robots":{"index":"index","follow":"follow","max-snippet":"max-snippet:-1","max-image-preview":"max-image-preview:large","max-video-preview":"max-video-preview:-1"},"canonical":"https:\/\/www.latribunedufaso.net\/?p=20595","og_locale":"fr_FR","og_type":"article","og_title":"Commune de Ouagadougou : Une avenue en hommage au Pr\u00e9sident John Jerry Rawlings - La Tribune du Faso","og_description":"\u00a0Au lendemain de l\u2019inauguration du Mausol\u00e9e d\u00e9di\u00e9 au Pr\u00e9sident Thomas Sankara et ses douze compagnons, la Commune de Ouagadougou a immortalis\u00e9 un \u00ab des fid\u00e8les amis \u00bb du p\u00e8re de la R\u00e9volution burkinab\u00e8. Le 18 mai 2025, elle a baptis\u00e9 du nom de l\u2019ancien pr\u00e9sident du Ghana une avenue nouvellement am\u00e9nag\u00e9e dans l\u2019arrondissement 05. La c\u00e9r\u00e9monie, plac\u00e9e sous la pr\u00e9sidence du Premier ministre, Jean Emmanuel Ou\u00e9draogo, s\u2019est d\u00e9roul\u00e9e en pr\u00e9sence d\u2019une d\u00e9l\u00e9gation de la famille Rawlings et de nombreuses personnalit\u00e9s.","og_url":"https:\/\/www.latribunedufaso.net\/?p=20595","og_site_name":"La Tribune du Faso","article_publisher":"https:\/\/www.facebook.com\/LatribuneduFaso\/","article_published_time":"2025-05-18T18:26:48+00:00","og_image":[{"width":720,"height":539,"url":"https:\/\/www.latribunedufaso.net\/wp-content\/uploads\/2025\/05\/FB_IMG_1747591737880.jpg","type":"image\/jpeg"}],"author":"Issouf Tapsoba","twitter_misc":{"\u00c9crit par":"Issouf Tapsoba","Dur\u00e9e de lecture estim\u00e9e":"3 minutes"},"schema":{"@context":"https:\/\/schema.org","@graph":[{"@type":"Article","@id":"https:\/\/www.latribunedufaso.net\/?p=20595#article","isPartOf":{"@id":"https:\/\/www.latribunedufaso.net\/?p=20595"},"author":{"name":"Issouf Tapsoba","@id":"https:\/\/www.latribunedufaso.net\/#\/schema\/person\/e54e64c5778a7e72cf80a318b7a622b0"},"headline":"Commune de Ouagadougou : Une avenue en hommage au Pr\u00e9sident John Jerry Rawlings","datePublished":"2025-05-18T18:26:48+00:00","mainEntityOfPage":{"@id":"https:\/\/www.latribunedufaso.net\/?p=20595"},"wordCount":602,"commentCount":0,"publisher":{"@id":"https:\/\/www.latribunedufaso.net\/#organization"},"image":{"@id":"https:\/\/www.latribunedufaso.net\/?p=20595#primaryimage"},"thumbnailUrl":"https:\/\/www.latribunedufaso.net\/wp-content\/uploads\/2025\/05\/FB_IMG_1747591737880.jpg","keywords":["Bapt\u00eame de rue au nom de John Rawlings","latribunedufaso.net"],"articleSection":["A la une","Actualit\u00e9","Art et Culture"],"inLanguage":"fr-FR","potentialAction":[{"@type":"CommentAction","name":"Comment","target":["https:\/\/www.latribunedufaso.net\/?p=20595#respond"]}]},{"@type":"WebPage","@id":"https:\/\/www.latribunedufaso.net\/?p=20595","url":"https:\/\/www.latribunedufaso.net\/?p=20595","name":"Commune de Ouagadougou : Une avenue en hommage au Pr\u00e9sident John Jerry Rawlings - La Tribune du Faso","isPartOf":{"@id":"https:\/\/www.latribunedufaso.net\/#website"},"primaryImageOfPage":{"@id":"https:\/\/www.latribunedufaso.net\/?p=20595#primaryimage"},"image":{"@id":"https:\/\/www.latribunedufaso.net\/?p=20595#primaryimage"},"thumbnailUrl":"https:\/\/www.latribunedufaso.net\/wp-content\/uploads\/2025\/05\/FB_IMG_1747591737880.jpg","datePublished":"2025-05-18T18:26:48+00:00","breadcrumb":{"@id":"https:\/\/www.latribunedufaso.net\/?p=20595#breadcrumb"},"inLanguage":"fr-FR","potentialAction":[{"@type":"ReadAction","target":["https:\/\/www.latribunedufaso.net\/?p=20595"]}]},{"@type":"ImageObject","inLanguage":"fr-FR","@id":"https:\/\/www.latribunedufaso.net\/?p=20595#primaryimage","url":"https:\/\/www.latribunedufaso.net\/wp-content\/uploads\/2025\/05\/FB_IMG_1747591737880.jpg","contentUrl":"https:\/\/www.latribunedufaso.net\/wp-content\/uploads\/2025\/05\/FB_IMG_1747591737880.jpg","width":720,"height":539,"caption":"C\u00e9r\u00e9monie de bapt\u00eame de rue au nom de l'ancien pr\u00e9sident Ghan\u00e9en John Rawlings,18 mai 2025"},{"@type":"BreadcrumbList","@id":"https:\/\/www.latribunedufaso.net\/?p=20595#breadcrumb","itemListElement":[{"@type":"ListItem","position":1,"name":"Accueil","item":"https:\/\/www.latribunedufaso.net\/"},{"@type":"ListItem","position":2,"name":"Commune de Ouagadougou : Une avenue en hommage au Pr\u00e9sident John Jerry Rawlings"}]},{"@type":"WebSite","@id":"https:\/\/www.latribunedufaso.net\/#website","url":"https:\/\/www.latribunedufaso.net\/","name":"La Tribune du Faso","description":"L&#039;information du monde rural en un clic","publisher":{"@id":"https:\/\/www.latribunedufaso.net\/#organization"},"potentialAction":[{"@type":"SearchAction","target":{"@type":"EntryPoint","urlTemplate":"https:\/\/www.latribunedufaso.net\/?s={search_term_string}"},"query-input":{"@type":"PropertyValueSpecification","valueRequired":true,"valueName":"search_term_string"}}],"inLanguage":"fr-FR"},{"@type":"Organization","@id":"https:\/\/www.latribunedufaso.net\/#organization","name":"La Tribune du Faso","url":"https:\/\/www.latribunedufaso.net\/","logo":{"@type":"ImageObject","inLanguage":"fr-FR","@id":"https:\/\/www.latribunedufaso.net\/#\/schema\/logo\/image\/","url":"https:\/\/www.latribunedufaso.net\/wp-content\/uploads\/2020\/08\/Logo-Tribune-du-Faso-final-scaled.jpg","contentUrl":"https:\/\/www.latribunedufaso.net\/wp-content\/uploads\/2020\/08\/Logo-Tribune-du-Faso-final-scaled.jpg","width":2560,"height":1856,"caption":"La Tribune du Faso"},"image":{"@id":"https:\/\/www.latribunedufaso.net\/#\/schema\/logo\/image\/"},"sameAs":["https:\/\/www.facebook.com\/LatribuneduFaso\/"]},{"@type":"Person","@id":"https:\/\/www.latribunedufaso.net\/#\/schema\/person\/e54e64c5778a7e72cf80a318b7a622b0","name":"Issouf Tapsoba","image":{"@type":"ImageObject","inLanguage":"fr-FR","@id":"https:\/\/secure.gravatar.com\/avatar\/5e6c05150ce3230247d167f5b94d678eb05936197436d69b7921e3a95c9107ac?s=96&d=mm&r=g","url":"https:\/\/secure.gravatar.com\/avatar\/5e6c05150ce3230247d167f5b94d678eb05936197436d69b7921e3a95c9107ac?s=96&d=mm&r=g","contentUrl":"https:\/\/secure.gravatar.com\/avatar\/5e6c05150ce3230247d167f5b94d678eb05936197436d69b7921e3a95c9107ac?s=96&d=mm&r=g","caption":"Issouf Tapsoba"},"url":"https:\/\/www.latribunedufaso.net\/?author=5"}]}},"_links":{"self":[{"href":"https:\/\/www.latribunedufaso.net\/index.php?rest_route=\/wp\/v2\/posts\/20595","targetHints":{"allow":["GET"]}}],"collection":[{"href":"https:\/\/www.latribunedufaso.net\/index.php?rest_route=\/wp\/v2\/posts"}],"about":[{"href":"https:\/\/www.latribunedufaso.net\/index.php?rest_route=\/wp\/v2\/types\/post"}],"author":[{"embeddable":true,"href":"https:\/\/www.latribunedufaso.net\/index.php?rest_route=\/wp\/v2\/users\/5"}],"replies":[{"embeddable":true,"href":"https:\/\/www.latribunedufaso.net\/index.php?rest_route=%2Fwp%2Fv2%2Fcomments&post=20595"}],"version-history":[{"count":2,"href":"https:\/\/www.latribunedufaso.net\/index.php?rest_route=\/wp\/v2\/posts\/20595\/revisions"}],"predecessor-version":[{"id":20600,"href":"https:\/\/www.latribunedufaso.net\/index.php?rest_route=\/wp\/v2\/posts\/20595\/revisions\/20600"}],"wp:featuredmedia":[{"embeddable":true,"href":"https:\/\/www.latribunedufaso.net\/index.php?rest_route=\/wp\/v2\/media\/20597"}],"wp:attachment":[{"href":"https:\/\/www.latribunedufaso.net\/index.php?rest_route=%2Fwp%2Fv2%2Fmedia&parent=20595"}],"wp:term":[{"taxonomy":"category","embeddable":true,"href":"https:\/\/www.latribunedufaso.net\/index.php?rest_route=%2Fwp%2Fv2%2Fcategories&post=20595"},{"taxonomy":"post_tag","embeddable":true,"href":"https:\/\/www.latribunedufaso.net\/index.php?rest_route=%2Fwp%2Fv2%2Ftags&post=20595"}],"curies":[{"name":"wp","href":"https:\/\/api.w.org\/{rel}","templated":true}]}}