{"id":20521,"date":"2025-05-16T14:08:12","date_gmt":"2025-05-16T14:08:12","guid":{"rendered":"https:\/\/www.latribunedufaso.net\/?p=20521"},"modified":"2025-05-16T14:08:12","modified_gmt":"2025-05-16T14:08:12","slug":"mois-du-patrimoine-burkinabe-le-personnel-de-la-primature-en-excursion-touristique-dans-le-nahouri","status":"publish","type":"post","link":"https:\/\/www.latribunedufaso.net\/?p=20521","title":{"rendered":"Mois du patrimoine burkinab\u00e8 : Le personnel de la Primature en excursion touristique dans le Nahouri"},"content":{"rendered":"<p><strong>Dans le cadre de la troisi\u00e8me \u00e9dition du Mois du patrimoine burkinab\u00e8, la Primature a organis\u00e9, le 15 mai 2025, dans les communes de P\u00f4 et Ti\u00e9b\u00e9l\u00e9, dans la province du Nahouri, une sortie touristique au profit de son personnel. Cette excursion marque l\u2019adh\u00e9sion et l\u2019implication de l\u2019institution dans la mise en \u0153uvre de cette initiative gouvernementale, notamment la promotion du tourisme interne.\u00a0<\/strong><!--more--><\/p>\n<p>Deux sites touristiques et culturels du pays Kass\u00e9na, dans la province du Nahouri, r\u00e9gion du Centre-sud, ont \u00e9t\u00e9 retenus pour cette excursion. Il s\u2019agit du Pic du Nahouri et de la Cour royale de Ti\u00e9b\u00e9l\u00e9.\u00a0\u00a0<\/p>\n<p>C\u2019est par une randonn\u00e9e sur le Pic du Nahouri que les agents de la Primature ont d\u00e9but\u00e9 leur p\u00e9riple. Sur une centaine au d\u00e9part, seule une vingtaine d\u2019agents dont deux femmes ont pu dompter ce sommet qui accueille chaque ann\u00e9e, depuis 2009 une course de fond, le semi-marathon international Altitude Nahouri.\u00a0<\/p>\n<p>La seconde \u00e9tape de cette sortie touristique a \u00e9t\u00e9 le site embl\u00e9matique de la Cour royale de Ti\u00e9b\u00e9l\u00e9. La particularit\u00e9 de la Cour royale de Ti\u00e9b\u00e9l\u00e9 tient en son architecture traditionnelle en terre, un ensemble de cases d\u00e9cor\u00e9es de motifs g\u00e9om\u00e9triques. Ces peintures murales esth\u00e9tiques sont r\u00e9alis\u00e9es par les femmes et refl\u00e8tent les croyances, l&rsquo;histoire et les valeurs de la communaut\u00e9. Ces traditions artistiques se transmettent de g\u00e9n\u00e9ration en g\u00e9n\u00e9ration. Ce complexe traditionnel est \u00e9galement inscrit sur la Liste du patrimoine mondial de l\u2019UNESCO depuis le 26 juillet 2024.\u00a0\u00a0<\/p>\n<figure id=\"attachment_20522\" aria-describedby=\"caption-attachment-20522\" style=\"width: 1080px\" class=\"wp-caption aligncenter\"><a href=\"https:\/\/www.latribunedufaso.net\/wp-content\/uploads\/2025\/05\/FB_IMG_1747401594956.jpg\"><img loading=\"lazy\" decoding=\"async\" class=\"size-full wp-image-20522\" src=\"https:\/\/www.latribunedufaso.net\/wp-content\/uploads\/2025\/05\/FB_IMG_1747401594956.jpg\" alt=\"Dans le cadre de la troisi\u00e8me \u00e9dition du Mois du patrimoine burkinab\u00e8, la Primature a organis\u00e9 une sortie touristique au profit de son personnel \u00e0 Ti\u00e9b\u00e9l\u00e9 et sur le Pic du Nahouri, 15 mai\" width=\"1080\" height=\"1119\" srcset=\"https:\/\/www.latribunedufaso.net\/wp-content\/uploads\/2025\/05\/FB_IMG_1747401594956.jpg 1080w, https:\/\/www.latribunedufaso.net\/wp-content\/uploads\/2025\/05\/FB_IMG_1747401594956-290x300.jpg 290w, https:\/\/www.latribunedufaso.net\/wp-content\/uploads\/2025\/05\/FB_IMG_1747401594956-988x1024.jpg 988w, https:\/\/www.latribunedufaso.net\/wp-content\/uploads\/2025\/05\/FB_IMG_1747401594956-768x796.jpg 768w\" sizes=\"auto, (max-width: 1080px) 100vw, 1080px\" \/><\/a><figcaption id=\"caption-attachment-20522\" class=\"wp-caption-text\">Le Secr\u00e9taire g\u00e9n\u00e9ral de la Primature, Abdou-Salam Gamp\u00e9n\u00e9 &#8211; Ph. DR<\/figcaption><\/figure>\n<p>A l\u2019issue de cette sortie touristique, le Secr\u00e9taire g\u00e9n\u00e9ral de la Primature, Abdou-Salam Gamp\u00e9n\u00e9, a f\u00e9licit\u00e9 le personnel pour sa forte mobilisation, puis il a situ\u00e9 le contexte de cette excursion.\u00a0<\/p>\n<p><em><strong>\u00ab Il se trouve que depuis le 18 avril, notre pays c\u00e9l\u00e8bre le Mois du patrimoine burkinab\u00e8. La Primature ne peut pas rester en marge de cet \u00e9v\u00e9nement d\u00e9di\u00e9 \u00e0 la valorisation de notre richesse culturelle. Par cette sortie, la Primature marque son adh\u00e9sion \u00e0 la vision des plus hautes autorit\u00e9s de faire la promotion de nos sites culturels. C\u2019est tout le sens de cette excursion accompagn\u00e9e par Son Excellence Monsieur le Premier ministre qui a bien voulu la soutenir et l\u2019appuyer. En tant qu\u2019homme de culture, c\u2019est tout \u00e0 fait normal qu\u2019il soit la toute premi\u00e8re autorit\u00e9 \u00e0 soutenir une telle initiative. Son Excellence Monsieur le Premier ministre appr\u00e9cie positivement cette excursion. En son nom, je voudrais faire une mention sp\u00e9ciale \u00e0 tous ceux qui d\u2019une mani\u00e8re ou d\u2019une autre ont contribu\u00e9 \u00e0 l\u2019organisation de cette excursion \u00bb,<\/strong><\/em> a-t-il expliqu\u00e9.<\/p>\n<p>Le Secr\u00e9taire g\u00e9n\u00e9ral de la Primature dit repartir satisfait de cette excursion, pour la simple raison que le personnel a appris un pan de l\u2019histoire de la culture Kass\u00e9na.\u00a0<\/p>\n<p><em><strong>\u00ab Nous repartons avec de bons souvenirs. Ce qu\u2019il faut surtout retenir est que nous devons \u00eatre les premiers consommateurs de notre tourisme, avant d\u2019attendre quoi que ce soit de l\u2019ext\u00e9rieur. Il faut que les Burkinab\u00e8 soient les premiers consommateurs de leur tourisme, avant les autres.<\/strong><\/em><\/p>\n<figure id=\"attachment_20523\" aria-describedby=\"caption-attachment-20523\" style=\"width: 1080px\" class=\"wp-caption aligncenter\"><a href=\"https:\/\/www.latribunedufaso.net\/wp-content\/uploads\/2025\/05\/FB_IMG_1747401575930.jpg\"><img loading=\"lazy\" decoding=\"async\" class=\"size-full wp-image-20523\" src=\"https:\/\/www.latribunedufaso.net\/wp-content\/uploads\/2025\/05\/FB_IMG_1747401575930.jpg\" alt=\"Dans le cadre de la troisi\u00e8me \u00e9dition du Mois du patrimoine burkinab\u00e8, la Primature a organis\u00e9 une sortie touristique au profit de son personnel \u00e0 Ti\u00e9b\u00e9l\u00e9 et sur le Pic du Nahouri, 15 mai\" width=\"1080\" height=\"650\" srcset=\"https:\/\/www.latribunedufaso.net\/wp-content\/uploads\/2025\/05\/FB_IMG_1747401575930.jpg 1080w, https:\/\/www.latribunedufaso.net\/wp-content\/uploads\/2025\/05\/FB_IMG_1747401575930-300x181.jpg 300w, https:\/\/www.latribunedufaso.net\/wp-content\/uploads\/2025\/05\/FB_IMG_1747401575930-1024x616.jpg 1024w, https:\/\/www.latribunedufaso.net\/wp-content\/uploads\/2025\/05\/FB_IMG_1747401575930-768x462.jpg 768w\" sizes=\"auto, (max-width: 1080px) 100vw, 1080px\" \/><\/a><figcaption id=\"caption-attachment-20523\" class=\"wp-caption-text\">Une vue de l&rsquo;\u00e9quipe du personnel sur le sommet du Pic du Nahouri &#8211; Ph. DR<\/figcaption><\/figure>\n<p><em><strong>La Cour royale de Ti\u00e9b\u00e9l\u00e9, par exemple, est une merveille architecturale qui doit pouvoir inspirer nos architectes, en terme de vecteur de notre identit\u00e9 culturelle. Nos sites culturels, notre histoire doivent pouvoir contribuer au d\u00e9veloppement \u00e9conomique de notre pays \u00bb<\/strong><\/em>, a soutenu Abdou-Salam Gamp\u00e9n\u00e9.<\/p>\n<p>En rappel, le Mois du patrimoine burkinab\u00e8 est c\u00e9l\u00e9br\u00e9 chaque ann\u00e9e du 18 avril au 18 mai, sur toute l\u2019\u00e9tendue du territoire national, pour valoriser l&rsquo;h\u00e9ritage culturel du Burkina Faso.<\/p>\n<blockquote>\n<p>Lire aussi &gt;&gt; <a href=\"https:\/\/www.latribunedufaso.net\/?p=20190\">Patrimoine culturel et Recherche Scientifique : Moctar Sanfo se penche sur le Site de sculptures sur granite de Laongo<\/a><\/p>\n<\/blockquote>\n<p>Pour cette troisi\u00e8me \u00e9dition, le th\u00e8me est : <em><strong>\u00ab Patrimoine culturel et d\u00e9veloppement \u00e9conomique \u00bb.<\/strong><\/em><\/p>\n<p><strong>Source : DCRP\/Primature<\/strong><\/p>\n<p><strong>Latribunedufaso.net<\/strong><\/p>\n","protected":false},"excerpt":{"rendered":"<p>Dans le cadre de la troisi\u00e8me \u00e9dition du Mois du patrimoine burkinab\u00e8, la Primature a organis\u00e9, le 15 mai 2025, dans les communes de P\u00f4 et Ti\u00e9b\u00e9l\u00e9, dans la province du Nahouri, une sortie touristique au profit de son personnel. Cette excursion marque l\u2019adh\u00e9sion et l\u2019implication de l\u2019institution dans la mise en \u0153uvre de cette initiative gouvernementale, notamment la promotion du tourisme interne.\u00a0<\/p>\n","protected":false},"author":5,"featured_media":20524,"comment_status":"open","ping_status":"open","sticky":false,"template":"","format":"standard","meta":{"footnotes":""},"categories":[13,1,30],"tags":[],"class_list":["post-20521","post","type-post","status-publish","format-standard","has-post-thumbnail","hentry","category-une","category-actu","category-art-et-culture"],"yoast_head":"<!-- This site is optimized with the Yoast SEO plugin v27.5 - https:\/\/yoast.com\/product\/yoast-seo-wordpress\/ -->\n<title>Mois du patrimoine burkinab\u00e8 : Le personnel de la Primature en excursion touristique dans le Nahouri - La Tribune du Faso<\/title>\n<meta name=\"robots\" content=\"index, follow, max-snippet:-1, max-image-preview:large, max-video-preview:-1\" \/>\n<link rel=\"canonical\" href=\"https:\/\/www.latribunedufaso.net\/?p=20521\" \/>\n<meta property=\"og:locale\" content=\"fr_FR\" \/>\n<meta property=\"og:type\" content=\"article\" \/>\n<meta property=\"og:title\" content=\"Mois du patrimoine burkinab\u00e8 : Le personnel de la Primature en excursion touristique dans le Nahouri - La Tribune du Faso\" \/>\n<meta property=\"og:description\" content=\"Dans le cadre de la troisi\u00e8me \u00e9dition du Mois du patrimoine burkinab\u00e8, la Primature a organis\u00e9, le 15 mai 2025, dans les communes de P\u00f4 et Ti\u00e9b\u00e9l\u00e9, dans la province du Nahouri, une sortie touristique au profit de son personnel. Cette excursion marque l\u2019adh\u00e9sion et l\u2019implication de l\u2019institution dans la mise en \u0153uvre de cette initiative gouvernementale, notamment la promotion du tourisme interne.\u00a0\" \/>\n<meta property=\"og:url\" content=\"https:\/\/www.latribunedufaso.net\/?p=20521\" \/>\n<meta property=\"og:site_name\" content=\"La Tribune du Faso\" \/>\n<meta property=\"article:publisher\" content=\"https:\/\/www.facebook.com\/LatribuneduFaso\/\" \/>\n<meta property=\"article:published_time\" content=\"2025-05-16T14:08:12+00:00\" \/>\n<meta property=\"og:image\" content=\"https:\/\/www.latribunedufaso.net\/wp-content\/uploads\/2025\/05\/FB_IMG_1747401569982.jpg\" \/>\n\t<meta property=\"og:image:width\" content=\"1080\" \/>\n\t<meta property=\"og:image:height\" content=\"720\" \/>\n\t<meta property=\"og:image:type\" content=\"image\/jpeg\" \/>\n<meta name=\"author\" content=\"Issouf Tapsoba\" \/>\n<meta name=\"twitter:label1\" content=\"\u00c9crit par\" \/>\n\t<meta name=\"twitter:data1\" content=\"Issouf Tapsoba\" \/>\n\t<meta name=\"twitter:label2\" content=\"Dur\u00e9e de lecture estim\u00e9e\" \/>\n\t<meta name=\"twitter:data2\" content=\"4 minutes\" \/>\n<script type=\"application\/ld+json\" class=\"yoast-schema-graph\">{\"@context\":\"https:\\\/\\\/schema.org\",\"@graph\":[{\"@type\":\"Article\",\"@id\":\"https:\\\/\\\/www.latribunedufaso.net\\\/?p=20521#article\",\"isPartOf\":{\"@id\":\"https:\\\/\\\/www.latribunedufaso.net\\\/?p=20521\"},\"author\":{\"name\":\"Issouf Tapsoba\",\"@id\":\"https:\\\/\\\/www.latribunedufaso.net\\\/#\\\/schema\\\/person\\\/e54e64c5778a7e72cf80a318b7a622b0\"},\"headline\":\"Mois du patrimoine burkinab\u00e8 : Le personnel de la Primature en excursion touristique dans le Nahouri\",\"datePublished\":\"2025-05-16T14:08:12+00:00\",\"mainEntityOfPage\":{\"@id\":\"https:\\\/\\\/www.latribunedufaso.net\\\/?p=20521\"},\"wordCount\":726,\"commentCount\":0,\"publisher\":{\"@id\":\"https:\\\/\\\/www.latribunedufaso.net\\\/#organization\"},\"image\":{\"@id\":\"https:\\\/\\\/www.latribunedufaso.net\\\/?p=20521#primaryimage\"},\"thumbnailUrl\":\"https:\\\/\\\/www.latribunedufaso.net\\\/wp-content\\\/uploads\\\/2025\\\/05\\\/FB_IMG_1747401569982.jpg\",\"articleSection\":[\"A la une\",\"Actualit\u00e9\",\"Art et Culture\"],\"inLanguage\":\"fr-FR\",\"potentialAction\":[{\"@type\":\"CommentAction\",\"name\":\"Comment\",\"target\":[\"https:\\\/\\\/www.latribunedufaso.net\\\/?p=20521#respond\"]}]},{\"@type\":\"WebPage\",\"@id\":\"https:\\\/\\\/www.latribunedufaso.net\\\/?p=20521\",\"url\":\"https:\\\/\\\/www.latribunedufaso.net\\\/?p=20521\",\"name\":\"Mois du patrimoine burkinab\u00e8 : Le personnel de la Primature en excursion touristique dans le Nahouri - La Tribune du Faso\",\"isPartOf\":{\"@id\":\"https:\\\/\\\/www.latribunedufaso.net\\\/#website\"},\"primaryImageOfPage\":{\"@id\":\"https:\\\/\\\/www.latribunedufaso.net\\\/?p=20521#primaryimage\"},\"image\":{\"@id\":\"https:\\\/\\\/www.latribunedufaso.net\\\/?p=20521#primaryimage\"},\"thumbnailUrl\":\"https:\\\/\\\/www.latribunedufaso.net\\\/wp-content\\\/uploads\\\/2025\\\/05\\\/FB_IMG_1747401569982.jpg\",\"datePublished\":\"2025-05-16T14:08:12+00:00\",\"breadcrumb\":{\"@id\":\"https:\\\/\\\/www.latribunedufaso.net\\\/?p=20521#breadcrumb\"},\"inLanguage\":\"fr-FR\",\"potentialAction\":[{\"@type\":\"ReadAction\",\"target\":[\"https:\\\/\\\/www.latribunedufaso.net\\\/?p=20521\"]}]},{\"@type\":\"ImageObject\",\"inLanguage\":\"fr-FR\",\"@id\":\"https:\\\/\\\/www.latribunedufaso.net\\\/?p=20521#primaryimage\",\"url\":\"https:\\\/\\\/www.latribunedufaso.net\\\/wp-content\\\/uploads\\\/2025\\\/05\\\/FB_IMG_1747401569982.jpg\",\"contentUrl\":\"https:\\\/\\\/www.latribunedufaso.net\\\/wp-content\\\/uploads\\\/2025\\\/05\\\/FB_IMG_1747401569982.jpg\",\"width\":1080,\"height\":720,\"caption\":\"Dans le cadre de la troisi\u00e8me \u00e9dition du Mois du patrimoine burkinab\u00e8, la Primature a organis\u00e9 une sortie touristique au profit de son personnel \u00e0 Ti\u00e9b\u00e9l\u00e9 et sur le Pic du Nahouri, 15 mai\"},{\"@type\":\"BreadcrumbList\",\"@id\":\"https:\\\/\\\/www.latribunedufaso.net\\\/?p=20521#breadcrumb\",\"itemListElement\":[{\"@type\":\"ListItem\",\"position\":1,\"name\":\"Accueil\",\"item\":\"https:\\\/\\\/www.latribunedufaso.net\\\/\"},{\"@type\":\"ListItem\",\"position\":2,\"name\":\"Mois du patrimoine burkinab\u00e8 : Le personnel de la Primature en excursion touristique dans le Nahouri\"}]},{\"@type\":\"WebSite\",\"@id\":\"https:\\\/\\\/www.latribunedufaso.net\\\/#website\",\"url\":\"https:\\\/\\\/www.latribunedufaso.net\\\/\",\"name\":\"La Tribune du Faso\",\"description\":\"L&#039;information du monde rural en un clic\",\"publisher\":{\"@id\":\"https:\\\/\\\/www.latribunedufaso.net\\\/#organization\"},\"potentialAction\":[{\"@type\":\"SearchAction\",\"target\":{\"@type\":\"EntryPoint\",\"urlTemplate\":\"https:\\\/\\\/www.latribunedufaso.net\\\/?s={search_term_string}\"},\"query-input\":{\"@type\":\"PropertyValueSpecification\",\"valueRequired\":true,\"valueName\":\"search_term_string\"}}],\"inLanguage\":\"fr-FR\"},{\"@type\":\"Organization\",\"@id\":\"https:\\\/\\\/www.latribunedufaso.net\\\/#organization\",\"name\":\"La Tribune du Faso\",\"url\":\"https:\\\/\\\/www.latribunedufaso.net\\\/\",\"logo\":{\"@type\":\"ImageObject\",\"inLanguage\":\"fr-FR\",\"@id\":\"https:\\\/\\\/www.latribunedufaso.net\\\/#\\\/schema\\\/logo\\\/image\\\/\",\"url\":\"https:\\\/\\\/www.latribunedufaso.net\\\/wp-content\\\/uploads\\\/2020\\\/08\\\/Logo-Tribune-du-Faso-final-scaled.jpg\",\"contentUrl\":\"https:\\\/\\\/www.latribunedufaso.net\\\/wp-content\\\/uploads\\\/2020\\\/08\\\/Logo-Tribune-du-Faso-final-scaled.jpg\",\"width\":2560,\"height\":1856,\"caption\":\"La Tribune du Faso\"},\"image\":{\"@id\":\"https:\\\/\\\/www.latribunedufaso.net\\\/#\\\/schema\\\/logo\\\/image\\\/\"},\"sameAs\":[\"https:\\\/\\\/www.facebook.com\\\/LatribuneduFaso\\\/\"]},{\"@type\":\"Person\",\"@id\":\"https:\\\/\\\/www.latribunedufaso.net\\\/#\\\/schema\\\/person\\\/e54e64c5778a7e72cf80a318b7a622b0\",\"name\":\"Issouf Tapsoba\",\"image\":{\"@type\":\"ImageObject\",\"inLanguage\":\"fr-FR\",\"@id\":\"https:\\\/\\\/secure.gravatar.com\\\/avatar\\\/5e6c05150ce3230247d167f5b94d678eb05936197436d69b7921e3a95c9107ac?s=96&d=mm&r=g\",\"url\":\"https:\\\/\\\/secure.gravatar.com\\\/avatar\\\/5e6c05150ce3230247d167f5b94d678eb05936197436d69b7921e3a95c9107ac?s=96&d=mm&r=g\",\"contentUrl\":\"https:\\\/\\\/secure.gravatar.com\\\/avatar\\\/5e6c05150ce3230247d167f5b94d678eb05936197436d69b7921e3a95c9107ac?s=96&d=mm&r=g\",\"caption\":\"Issouf Tapsoba\"},\"url\":\"https:\\\/\\\/www.latribunedufaso.net\\\/?author=5\"}]}<\/script>\n<!-- \/ Yoast SEO plugin. -->","yoast_head_json":{"title":"Mois du patrimoine burkinab\u00e8 : Le personnel de la Primature en excursion touristique dans le Nahouri - La Tribune du Faso","robots":{"index":"index","follow":"follow","max-snippet":"max-snippet:-1","max-image-preview":"max-image-preview:large","max-video-preview":"max-video-preview:-1"},"canonical":"https:\/\/www.latribunedufaso.net\/?p=20521","og_locale":"fr_FR","og_type":"article","og_title":"Mois du patrimoine burkinab\u00e8 : Le personnel de la Primature en excursion touristique dans le Nahouri - La Tribune du Faso","og_description":"Dans le cadre de la troisi\u00e8me \u00e9dition du Mois du patrimoine burkinab\u00e8, la Primature a organis\u00e9, le 15 mai 2025, dans les communes de P\u00f4 et Ti\u00e9b\u00e9l\u00e9, dans la province du Nahouri, une sortie touristique au profit de son personnel. Cette excursion marque l\u2019adh\u00e9sion et l\u2019implication de l\u2019institution dans la mise en \u0153uvre de cette initiative gouvernementale, notamment la promotion du tourisme interne.\u00a0","og_url":"https:\/\/www.latribunedufaso.net\/?p=20521","og_site_name":"La Tribune du Faso","article_publisher":"https:\/\/www.facebook.com\/LatribuneduFaso\/","article_published_time":"2025-05-16T14:08:12+00:00","og_image":[{"width":1080,"height":720,"url":"https:\/\/www.latribunedufaso.net\/wp-content\/uploads\/2025\/05\/FB_IMG_1747401569982.jpg","type":"image\/jpeg"}],"author":"Issouf Tapsoba","twitter_misc":{"\u00c9crit par":"Issouf Tapsoba","Dur\u00e9e de lecture estim\u00e9e":"4 minutes"},"schema":{"@context":"https:\/\/schema.org","@graph":[{"@type":"Article","@id":"https:\/\/www.latribunedufaso.net\/?p=20521#article","isPartOf":{"@id":"https:\/\/www.latribunedufaso.net\/?p=20521"},"author":{"name":"Issouf Tapsoba","@id":"https:\/\/www.latribunedufaso.net\/#\/schema\/person\/e54e64c5778a7e72cf80a318b7a622b0"},"headline":"Mois du patrimoine burkinab\u00e8 : Le personnel de la Primature en excursion touristique dans le Nahouri","datePublished":"2025-05-16T14:08:12+00:00","mainEntityOfPage":{"@id":"https:\/\/www.latribunedufaso.net\/?p=20521"},"wordCount":726,"commentCount":0,"publisher":{"@id":"https:\/\/www.latribunedufaso.net\/#organization"},"image":{"@id":"https:\/\/www.latribunedufaso.net\/?p=20521#primaryimage"},"thumbnailUrl":"https:\/\/www.latribunedufaso.net\/wp-content\/uploads\/2025\/05\/FB_IMG_1747401569982.jpg","articleSection":["A la une","Actualit\u00e9","Art et Culture"],"inLanguage":"fr-FR","potentialAction":[{"@type":"CommentAction","name":"Comment","target":["https:\/\/www.latribunedufaso.net\/?p=20521#respond"]}]},{"@type":"WebPage","@id":"https:\/\/www.latribunedufaso.net\/?p=20521","url":"https:\/\/www.latribunedufaso.net\/?p=20521","name":"Mois du patrimoine burkinab\u00e8 : Le personnel de la Primature en excursion touristique dans le Nahouri - La Tribune du Faso","isPartOf":{"@id":"https:\/\/www.latribunedufaso.net\/#website"},"primaryImageOfPage":{"@id":"https:\/\/www.latribunedufaso.net\/?p=20521#primaryimage"},"image":{"@id":"https:\/\/www.latribunedufaso.net\/?p=20521#primaryimage"},"thumbnailUrl":"https:\/\/www.latribunedufaso.net\/wp-content\/uploads\/2025\/05\/FB_IMG_1747401569982.jpg","datePublished":"2025-05-16T14:08:12+00:00","breadcrumb":{"@id":"https:\/\/www.latribunedufaso.net\/?p=20521#breadcrumb"},"inLanguage":"fr-FR","potentialAction":[{"@type":"ReadAction","target":["https:\/\/www.latribunedufaso.net\/?p=20521"]}]},{"@type":"ImageObject","inLanguage":"fr-FR","@id":"https:\/\/www.latribunedufaso.net\/?p=20521#primaryimage","url":"https:\/\/www.latribunedufaso.net\/wp-content\/uploads\/2025\/05\/FB_IMG_1747401569982.jpg","contentUrl":"https:\/\/www.latribunedufaso.net\/wp-content\/uploads\/2025\/05\/FB_IMG_1747401569982.jpg","width":1080,"height":720,"caption":"Dans le cadre de la troisi\u00e8me \u00e9dition du Mois du patrimoine burkinab\u00e8, la Primature a organis\u00e9 une sortie touristique au profit de son personnel \u00e0 Ti\u00e9b\u00e9l\u00e9 et sur le Pic du Nahouri, 15 mai"},{"@type":"BreadcrumbList","@id":"https:\/\/www.latribunedufaso.net\/?p=20521#breadcrumb","itemListElement":[{"@type":"ListItem","position":1,"name":"Accueil","item":"https:\/\/www.latribunedufaso.net\/"},{"@type":"ListItem","position":2,"name":"Mois du patrimoine burkinab\u00e8 : Le personnel de la Primature en excursion touristique dans le Nahouri"}]},{"@type":"WebSite","@id":"https:\/\/www.latribunedufaso.net\/#website","url":"https:\/\/www.latribunedufaso.net\/","name":"La Tribune du Faso","description":"L&#039;information du monde rural en un clic","publisher":{"@id":"https:\/\/www.latribunedufaso.net\/#organization"},"potentialAction":[{"@type":"SearchAction","target":{"@type":"EntryPoint","urlTemplate":"https:\/\/www.latribunedufaso.net\/?s={search_term_string}"},"query-input":{"@type":"PropertyValueSpecification","valueRequired":true,"valueName":"search_term_string"}}],"inLanguage":"fr-FR"},{"@type":"Organization","@id":"https:\/\/www.latribunedufaso.net\/#organization","name":"La Tribune du Faso","url":"https:\/\/www.latribunedufaso.net\/","logo":{"@type":"ImageObject","inLanguage":"fr-FR","@id":"https:\/\/www.latribunedufaso.net\/#\/schema\/logo\/image\/","url":"https:\/\/www.latribunedufaso.net\/wp-content\/uploads\/2020\/08\/Logo-Tribune-du-Faso-final-scaled.jpg","contentUrl":"https:\/\/www.latribunedufaso.net\/wp-content\/uploads\/2020\/08\/Logo-Tribune-du-Faso-final-scaled.jpg","width":2560,"height":1856,"caption":"La Tribune du Faso"},"image":{"@id":"https:\/\/www.latribunedufaso.net\/#\/schema\/logo\/image\/"},"sameAs":["https:\/\/www.facebook.com\/LatribuneduFaso\/"]},{"@type":"Person","@id":"https:\/\/www.latribunedufaso.net\/#\/schema\/person\/e54e64c5778a7e72cf80a318b7a622b0","name":"Issouf Tapsoba","image":{"@type":"ImageObject","inLanguage":"fr-FR","@id":"https:\/\/secure.gravatar.com\/avatar\/5e6c05150ce3230247d167f5b94d678eb05936197436d69b7921e3a95c9107ac?s=96&d=mm&r=g","url":"https:\/\/secure.gravatar.com\/avatar\/5e6c05150ce3230247d167f5b94d678eb05936197436d69b7921e3a95c9107ac?s=96&d=mm&r=g","contentUrl":"https:\/\/secure.gravatar.com\/avatar\/5e6c05150ce3230247d167f5b94d678eb05936197436d69b7921e3a95c9107ac?s=96&d=mm&r=g","caption":"Issouf Tapsoba"},"url":"https:\/\/www.latribunedufaso.net\/?author=5"}]}},"_links":{"self":[{"href":"https:\/\/www.latribunedufaso.net\/index.php?rest_route=\/wp\/v2\/posts\/20521","targetHints":{"allow":["GET"]}}],"collection":[{"href":"https:\/\/www.latribunedufaso.net\/index.php?rest_route=\/wp\/v2\/posts"}],"about":[{"href":"https:\/\/www.latribunedufaso.net\/index.php?rest_route=\/wp\/v2\/types\/post"}],"author":[{"embeddable":true,"href":"https:\/\/www.latribunedufaso.net\/index.php?rest_route=\/wp\/v2\/users\/5"}],"replies":[{"embeddable":true,"href":"https:\/\/www.latribunedufaso.net\/index.php?rest_route=%2Fwp%2Fv2%2Fcomments&post=20521"}],"version-history":[{"count":2,"href":"https:\/\/www.latribunedufaso.net\/index.php?rest_route=\/wp\/v2\/posts\/20521\/revisions"}],"predecessor-version":[{"id":20526,"href":"https:\/\/www.latribunedufaso.net\/index.php?rest_route=\/wp\/v2\/posts\/20521\/revisions\/20526"}],"wp:featuredmedia":[{"embeddable":true,"href":"https:\/\/www.latribunedufaso.net\/index.php?rest_route=\/wp\/v2\/media\/20524"}],"wp:attachment":[{"href":"https:\/\/www.latribunedufaso.net\/index.php?rest_route=%2Fwp%2Fv2%2Fmedia&parent=20521"}],"wp:term":[{"taxonomy":"category","embeddable":true,"href":"https:\/\/www.latribunedufaso.net\/index.php?rest_route=%2Fwp%2Fv2%2Fcategories&post=20521"},{"taxonomy":"post_tag","embeddable":true,"href":"https:\/\/www.latribunedufaso.net\/index.php?rest_route=%2Fwp%2Fv2%2Ftags&post=20521"}],"curies":[{"name":"wp","href":"https:\/\/api.w.org\/{rel}","templated":true}]}}