{"id":2050,"date":"2020-12-10T22:26:39","date_gmt":"2020-12-10T22:26:39","guid":{"rendered":"https:\/\/www.latribunedufaso.net\/?p=2050"},"modified":"2020-12-10T22:52:58","modified_gmt":"2020-12-10T22:52:58","slug":"commune-de-sabou-les-personnes-agees-toujours-a-lhonneur","status":"publish","type":"post","link":"https:\/\/www.latribunedufaso.net\/?p=2050","title":{"rendered":"Commune de Sabou\u00a0: Les personnes \u00e2g\u00e9es toujours \u00e0 l\u2019honneur"},"content":{"rendered":"<p><strong><span style=\"font-size: 1.0625rem;\">A Sabou, dans la province du Boulkiemd\u00e9, au Centre-ouest du Burkina Faso, un hommage a \u00e9t\u00e9 rendu aux personnes \u00e2g\u00e9es. C\u2019\u00e9tait au cours d\u2019une c\u00e9r\u00e9monie organis\u00e9e le dimanche 6 d\u00e9cembre 2020, dans ladite ville, et sous le patronage de Lassan\u00e9 Kabor\u00e9, ministre de l\u2019Economie, des finances et du d\u00e9veloppement.<\/span><\/strong><br \/>\n<!--more--><\/p>\n<p><a href=\"https:\/\/latribunedufaso.net\/wp-content\/uploads\/2020\/12\/IMG_3221-scaled.jpg\"><img loading=\"lazy\" decoding=\"async\" class=\"size-medium wp-image-2051 aligncenter\" src=\"https:\/\/latribunedufaso.net\/wp-content\/uploads\/2020\/12\/IMG_3221-300x200.jpg\" alt=\"\" width=\"300\" height=\"200\" srcset=\"https:\/\/www.latribunedufaso.net\/wp-content\/uploads\/2020\/12\/IMG_3221-300x200.jpg 300w, https:\/\/www.latribunedufaso.net\/wp-content\/uploads\/2020\/12\/IMG_3221-1024x683.jpg 1024w, https:\/\/www.latribunedufaso.net\/wp-content\/uploads\/2020\/12\/IMG_3221-768x512.jpg 768w, https:\/\/www.latribunedufaso.net\/wp-content\/uploads\/2020\/12\/IMG_3221-1536x1024.jpg 1536w, https:\/\/www.latribunedufaso.net\/wp-content\/uploads\/2020\/12\/IMG_3221-2048x1365.jpg 2048w, https:\/\/www.latribunedufaso.net\/wp-content\/uploads\/2020\/12\/IMG_3221-840x560.jpg 840w, https:\/\/www.latribunedufaso.net\/wp-content\/uploads\/2020\/12\/IMG_3221-120x80.jpg 120w, https:\/\/www.latribunedufaso.net\/wp-content\/uploads\/2020\/12\/IMG_3221-360x240.jpg 360w, https:\/\/www.latribunedufaso.net\/wp-content\/uploads\/2020\/12\/IMG_3221-600x400.jpg 600w\" sizes=\"auto, (max-width: 300px) 100vw, 300px\" \/><\/a>Pour la deuxi\u00e8me ann\u00e9e cons\u00e9cutive, la commune de Sabou, \u00e0 travers le Comit\u00e9 communal de jumelage de Sabou (CCJS), s\u2019est souvenue de ses personnes \u00e2g\u00e9es. En effet, pour cette seconde \u00e9dition d\u2019hommage aux devanciers, il a \u00e9t\u00e9 retenu comme th\u00e8me\u00a0: \u00ab\u00a0contribution des personnes \u00e2g\u00e9es \u00e0 l\u2019av\u00e8nement d\u2019un meilleur vivre ensemble\u00a0\u00bb. Selon El Hadj Salifou Zongo, pr\u00e9sident dudit comit\u00e9, la journ\u00e9e des personnes \u00e2g\u00e9es de Sabou, initiative qu\u2019ils veulent dynamique, vise principalement la sensibilisation des populations et des partenaires au d\u00e9veloppement sur les probl\u00e8mes li\u00e9es \u00e0 la vieillesse et, \u00e0 la mobilisation des ressources n\u00e9cessaires \u00e0 la mise en \u0153uvre d\u2019actions de soutiens imm\u00e9diats et durables au profit des personnes \u00e2g\u00e9es.<\/p>\n<p>Cette ann\u00e9e la contibution des filles et fils est de l&rsquo;ordre de plus de 8 millions FCFA. Ce qui a permis l&rsquo;achat de 16 tonnes de vivres d&rsquo;une valeur de plus de 5 millions FCA et de plus de 2 millions FCFA en num\u00e9raire pour les personnes du 3e \u00e2ge. Aussi, avant de saluer le soutien du patron de la c\u00e9r\u00e9monie, qui a permis de renforcer la coh\u00e9sion sociale et de mettre en \u0153uvre des activit\u00e9s de d\u00e9veloppement au profit de la population, El Hadj Salifou Zongo dit \u00eatre un pr\u00e9sident combl\u00e9. \u00ab Je suis un pr\u00e9sident combl\u00e9, car quand nous prenions les reines du comit\u00e9 de jumelage il y a quatre ans, les choses n\u2019\u00e9taient pas donn\u00e9es d\u2019office \u00bb, a-t-il d\u00e9clar\u00e9.<\/p>\n<p><a href=\"https:\/\/latribunedufaso.net\/wp-content\/uploads\/2020\/12\/IMG_3380-scaled.jpg\"><img loading=\"lazy\" decoding=\"async\" class=\"size-medium wp-image-2056 aligncenter\" src=\"https:\/\/latribunedufaso.net\/wp-content\/uploads\/2020\/12\/IMG_3380-300x200.jpg\" alt=\"\" width=\"300\" height=\"200\" srcset=\"https:\/\/www.latribunedufaso.net\/wp-content\/uploads\/2020\/12\/IMG_3380-300x200.jpg 300w, https:\/\/www.latribunedufaso.net\/wp-content\/uploads\/2020\/12\/IMG_3380-1024x683.jpg 1024w, https:\/\/www.latribunedufaso.net\/wp-content\/uploads\/2020\/12\/IMG_3380-768x512.jpg 768w, https:\/\/www.latribunedufaso.net\/wp-content\/uploads\/2020\/12\/IMG_3380-1536x1024.jpg 1536w, https:\/\/www.latribunedufaso.net\/wp-content\/uploads\/2020\/12\/IMG_3380-2048x1365.jpg 2048w, https:\/\/www.latribunedufaso.net\/wp-content\/uploads\/2020\/12\/IMG_3380-840x560.jpg 840w, https:\/\/www.latribunedufaso.net\/wp-content\/uploads\/2020\/12\/IMG_3380-120x80.jpg 120w, https:\/\/www.latribunedufaso.net\/wp-content\/uploads\/2020\/12\/IMG_3380-360x240.jpg 360w, https:\/\/www.latribunedufaso.net\/wp-content\/uploads\/2020\/12\/IMG_3380-600x400.jpg 600w\" sizes=\"auto, (max-width: 300px) 100vw, 300px\" \/><\/a><\/p>\n<p>Par ailleurs, il a annonc\u00e9, en plus du projet \u2018\u2019 ma\u00efs de case\u2019\u2019 qui va se poursuivre, la mise en place de la banque de pension c\u00e9r\u00e9ali\u00e8re pour les personnes \u00e2g\u00e9es. \u00ab\u00a0Cette initiative vise \u00e0 r\u00e9duire l\u2019impact de la p\u00e9riode de soudure sur les personnes \u00e2g\u00e9es en leur dotant, par trimestre, d\u2019un sac de riz et d\u2019un sac de sorgho\u00a0\u00bb, a-t-il expliqu\u00e9 tout en signifiant au ministre Lassan\u00e9 Kabor\u00e9 son apport combien important dans la r\u00e9alisation dudit projet, \u00ab\u00a0nous comptons sur vous pour que ce projet qui nous tient \u00e0 c\u0153ur soit bient\u00f4t une r\u00e9alit\u00e9\u00a0\u00bb, a-t-il indiqu\u00e9.<\/p>\n<p><a href=\"https:\/\/latribunedufaso.net\/wp-content\/uploads\/2020\/12\/IMG_3313-scaled.jpg\"><img loading=\"lazy\" decoding=\"async\" class=\"size-medium wp-image-2061 aligncenter\" src=\"https:\/\/latribunedufaso.net\/wp-content\/uploads\/2020\/12\/IMG_3313-300x200.jpg\" alt=\"\" width=\"300\" height=\"200\" srcset=\"https:\/\/www.latribunedufaso.net\/wp-content\/uploads\/2020\/12\/IMG_3313-300x200.jpg 300w, https:\/\/www.latribunedufaso.net\/wp-content\/uploads\/2020\/12\/IMG_3313-1024x683.jpg 1024w, https:\/\/www.latribunedufaso.net\/wp-content\/uploads\/2020\/12\/IMG_3313-768x512.jpg 768w, https:\/\/www.latribunedufaso.net\/wp-content\/uploads\/2020\/12\/IMG_3313-1536x1024.jpg 1536w, https:\/\/www.latribunedufaso.net\/wp-content\/uploads\/2020\/12\/IMG_3313-2048x1365.jpg 2048w, https:\/\/www.latribunedufaso.net\/wp-content\/uploads\/2020\/12\/IMG_3313-840x560.jpg 840w, https:\/\/www.latribunedufaso.net\/wp-content\/uploads\/2020\/12\/IMG_3313-120x80.jpg 120w, https:\/\/www.latribunedufaso.net\/wp-content\/uploads\/2020\/12\/IMG_3313-360x240.jpg 360w, https:\/\/www.latribunedufaso.net\/wp-content\/uploads\/2020\/12\/IMG_3313-600x400.jpg 600w\" sizes=\"auto, (max-width: 300px) 100vw, 300px\" \/><\/a><\/p>\n<p>Bernard Zongo, parrain de la c\u00e9r\u00e9monie et coordinateur du Centre f\u00e9minin d\u2019initiation et d\u2019apprentissage aux m\u00e9tiers (CFIAM), f\u00e9licitant le comit\u00e9 communal de jumelage pour son dynamisme et son engagement r\u00e9el dans la cause des personnes \u00e2g\u00e9es, l\u2019a invit\u00e9 \u00e0 travailler dans le sens de l\u2019institutionnalisation de la journ\u00e9e. Il leur a \u00e9galement signifi\u00e9 sa disponibilit\u00e9 \u00e0 accompagner toutes initiatives de leur part. \u00ab\u00a0Tout en r\u00e9it\u00e9rant mes f\u00e9licitations au comit\u00e9 communal de jumelage ainsi que toutes les autorit\u00e9s communales, je leur signifie que les portes de notre organisation leur sont ouvertes et nous resterons toujours disponibles pour les accompagner dans toutes initiatives allant dans le sens du d\u00e9veloppement de la commune\u00a0\u00bb, a-t-il ajout\u00e9. Aux b\u00e9n\u00e9ficiaires, il a souhait\u00e9 longue vie. \u00ab\u00a0Quant aux b\u00e9n\u00e9ficiaires, je leur souhaite encore et encore longue vie pour que nous puissions b\u00e9n\u00e9ficier de leurs sages conseils\u00a0\u00bb, a-t-il formul\u00e9.<\/p>\n<p>Des dires de Lassan\u00e9 Kabor\u00e9, deux fois patron de la c\u00e9r\u00e9monie d\u2019hommage (1re et 2e \u00e9dition), vivre longtemps est le souhait de tous, mais vieillir en bonne sant\u00e9 et dans la paix est ce que tous, devons travailler \u00e0 apporter aux ain\u00e9s pour certains, papy et mamy pour d\u2019autres. Il a donc souhait\u00e9 que les mesures d\u2019accompagnement mises en place lors de la premi\u00e8re \u00e9dition soient encore adopt\u00e9es pour une r\u00e9elle prise en charge des malades diagnostiqu\u00e9s. Tout en transmettant \u00e0 l&rsquo;assistance les salutations et les encouragements du Pr\u00e9sident du Faso et du Premier ministre, Lassan\u00e9 Kabor\u00e9, a souhait\u00e9 aussi que l\u2019exp\u00e9rience de Sabou inspire d\u2019autres parties du pays pour le bien \u00eatre et le bonheur des personnes \u00e2g\u00e9es<\/p>\n<p><a href=\"https:\/\/latribunedufaso.net\/wp-content\/uploads\/2020\/12\/IMG_3159-scaled.jpg\"><img loading=\"lazy\" decoding=\"async\" class=\"size-medium wp-image-2060 aligncenter\" src=\"https:\/\/latribunedufaso.net\/wp-content\/uploads\/2020\/12\/IMG_3159-300x200.jpg\" alt=\"\" width=\"300\" height=\"200\" srcset=\"https:\/\/www.latribunedufaso.net\/wp-content\/uploads\/2020\/12\/IMG_3159-300x200.jpg 300w, https:\/\/www.latribunedufaso.net\/wp-content\/uploads\/2020\/12\/IMG_3159-1024x683.jpg 1024w, https:\/\/www.latribunedufaso.net\/wp-content\/uploads\/2020\/12\/IMG_3159-768x512.jpg 768w, https:\/\/www.latribunedufaso.net\/wp-content\/uploads\/2020\/12\/IMG_3159-1536x1024.jpg 1536w, https:\/\/www.latribunedufaso.net\/wp-content\/uploads\/2020\/12\/IMG_3159-2048x1365.jpg 2048w, https:\/\/www.latribunedufaso.net\/wp-content\/uploads\/2020\/12\/IMG_3159-840x560.jpg 840w, https:\/\/www.latribunedufaso.net\/wp-content\/uploads\/2020\/12\/IMG_3159-120x80.jpg 120w, https:\/\/www.latribunedufaso.net\/wp-content\/uploads\/2020\/12\/IMG_3159-360x240.jpg 360w, https:\/\/www.latribunedufaso.net\/wp-content\/uploads\/2020\/12\/IMG_3159-600x400.jpg 600w\" sizes=\"auto, (max-width: 300px) 100vw, 300px\" \/><\/a><\/p>\n<p>Il a de m\u00eame \u00e9t\u00e9 question pour lui de rassurer que le gouvernement burkinab\u00e9 accorde une place de choix \u00e0 la personne \u00e2g\u00e9e. Il en a alors voulu pour preuve la Journ\u00e9e mondiale des personnes \u00e2g\u00e9es, c\u00e9l\u00e9br\u00e9e le jeudi 1er octobre 2020, qui fut un moment de r\u00e9flexion en vue de d\u00e9finir des voies et moyens pour am\u00e9liorer les conditions de vie des ain\u00e9s. Avant de lancer un appel \u00e0 tous les fils, filles et amis de la ville de Sabou afin que leurs appuis permettent d\u2019inaugurer officiellement la maison des personnes \u00e2g\u00e9es \u00e0 l\u2019occasion de la 3e \u00e9dition de la journ\u00e9e d\u2019hommage aux personnes \u00e2g\u00e9es de la ville, en 2021, il s\u2019est dit certain que les personnes \u00e2g\u00e9es, au regard des actions du comit\u00e9 de jumelage, que les personnes \u00e2g\u00e9es ont encore de beaux jours devant elles.<\/p>\n<p><a href=\"https:\/\/latribunedufaso.net\/wp-content\/uploads\/2020\/12\/IMG_3390-scaled.jpg\"><img loading=\"lazy\" decoding=\"async\" class=\"size-medium wp-image-2058 aligncenter\" src=\"https:\/\/latribunedufaso.net\/wp-content\/uploads\/2020\/12\/IMG_3390-300x200.jpg\" alt=\"\" width=\"300\" height=\"200\" srcset=\"https:\/\/www.latribunedufaso.net\/wp-content\/uploads\/2020\/12\/IMG_3390-300x200.jpg 300w, https:\/\/www.latribunedufaso.net\/wp-content\/uploads\/2020\/12\/IMG_3390-1024x683.jpg 1024w, https:\/\/www.latribunedufaso.net\/wp-content\/uploads\/2020\/12\/IMG_3390-768x512.jpg 768w, https:\/\/www.latribunedufaso.net\/wp-content\/uploads\/2020\/12\/IMG_3390-1536x1024.jpg 1536w, https:\/\/www.latribunedufaso.net\/wp-content\/uploads\/2020\/12\/IMG_3390-2048x1365.jpg 2048w, https:\/\/www.latribunedufaso.net\/wp-content\/uploads\/2020\/12\/IMG_3390-840x560.jpg 840w, https:\/\/www.latribunedufaso.net\/wp-content\/uploads\/2020\/12\/IMG_3390-120x80.jpg 120w, https:\/\/www.latribunedufaso.net\/wp-content\/uploads\/2020\/12\/IMG_3390-360x240.jpg 360w, https:\/\/www.latribunedufaso.net\/wp-content\/uploads\/2020\/12\/IMG_3390-600x400.jpg 600w\" sizes=\"auto, (max-width: 300px) 100vw, 300px\" \/><\/a><\/p>\n<p>Pour l&rsquo;occasion, le patron de la c\u00e9r\u00e9monie a proc\u00e9d\u00e9, en fin de c\u00e9r\u00e9monie, \u00e0 la pose de la premi\u00e8re pierre du projet de construction de la maison des personnes \u00e2g\u00e9es. Une table d\u2019accouchement et d\u2019autres mat\u00e9riels ont en outre \u00e9t\u00e9 remis \u00e0 la maternit\u00e9 de Sabou par le parrain de la c\u00e9r\u00e9monie. Pour l\u2019organisation de cette 2e \u00e9dition, le comit\u00e9 communal de jumelage a b\u00e9n\u00e9fici\u00e9 de l\u2019accompagnement du minist\u00e8re de la sant\u00e9, du minist\u00e8re en charge de l\u2019action sociale et de la solidarit\u00e9 nationale, de la commune soeur de Salies et de bien d\u2019autres structures.<\/p>\n<p><strong>Tambi Serge Pac\u00f4me Zongo<\/strong><br \/>\n<strong>Latribunedufaso.net<\/strong><\/p>\n<p><a href=\"https:\/\/latribunedufaso.net\/wp-content\/uploads\/2020\/12\/IMG_3278-scaled.jpg\"><img loading=\"lazy\" decoding=\"async\" class=\"alignnone size-medium wp-image-2059\" src=\"https:\/\/latribunedufaso.net\/wp-content\/uploads\/2020\/12\/IMG_3278-300x200.jpg\" alt=\"\" width=\"300\" height=\"200\" srcset=\"https:\/\/www.latribunedufaso.net\/wp-content\/uploads\/2020\/12\/IMG_3278-300x200.jpg 300w, https:\/\/www.latribunedufaso.net\/wp-content\/uploads\/2020\/12\/IMG_3278-1024x683.jpg 1024w, https:\/\/www.latribunedufaso.net\/wp-content\/uploads\/2020\/12\/IMG_3278-768x512.jpg 768w, https:\/\/www.latribunedufaso.net\/wp-content\/uploads\/2020\/12\/IMG_3278-1536x1024.jpg 1536w, https:\/\/www.latribunedufaso.net\/wp-content\/uploads\/2020\/12\/IMG_3278-2048x1365.jpg 2048w, https:\/\/www.latribunedufaso.net\/wp-content\/uploads\/2020\/12\/IMG_3278-840x560.jpg 840w, https:\/\/www.latribunedufaso.net\/wp-content\/uploads\/2020\/12\/IMG_3278-120x80.jpg 120w, https:\/\/www.latribunedufaso.net\/wp-content\/uploads\/2020\/12\/IMG_3278-360x240.jpg 360w, https:\/\/www.latribunedufaso.net\/wp-content\/uploads\/2020\/12\/IMG_3278-600x400.jpg 600w\" sizes=\"auto, (max-width: 300px) 100vw, 300px\" \/><\/a><a href=\"https:\/\/latribunedufaso.net\/wp-content\/uploads\/2020\/12\/IMG_3227-scaled.jpg\"><img loading=\"lazy\" decoding=\"async\" class=\"alignnone size-medium wp-image-2057\" src=\"https:\/\/latribunedufaso.net\/wp-content\/uploads\/2020\/12\/IMG_3227-300x200.jpg\" alt=\"\" width=\"300\" height=\"200\" srcset=\"https:\/\/www.latribunedufaso.net\/wp-content\/uploads\/2020\/12\/IMG_3227-300x200.jpg 300w, https:\/\/www.latribunedufaso.net\/wp-content\/uploads\/2020\/12\/IMG_3227-1024x683.jpg 1024w, https:\/\/www.latribunedufaso.net\/wp-content\/uploads\/2020\/12\/IMG_3227-768x512.jpg 768w, https:\/\/www.latribunedufaso.net\/wp-content\/uploads\/2020\/12\/IMG_3227-1536x1024.jpg 1536w, https:\/\/www.latribunedufaso.net\/wp-content\/uploads\/2020\/12\/IMG_3227-2048x1365.jpg 2048w, https:\/\/www.latribunedufaso.net\/wp-content\/uploads\/2020\/12\/IMG_3227-840x560.jpg 840w, https:\/\/www.latribunedufaso.net\/wp-content\/uploads\/2020\/12\/IMG_3227-120x80.jpg 120w, https:\/\/www.latribunedufaso.net\/wp-content\/uploads\/2020\/12\/IMG_3227-360x240.jpg 360w, https:\/\/www.latribunedufaso.net\/wp-content\/uploads\/2020\/12\/IMG_3227-600x400.jpg 600w\" sizes=\"auto, (max-width: 300px) 100vw, 300px\" \/><\/a><a href=\"https:\/\/latribunedufaso.net\/wp-content\/uploads\/2020\/12\/IMG_3217-scaled.jpg\"><img loading=\"lazy\" decoding=\"async\" class=\"alignnone size-medium wp-image-2055\" src=\"https:\/\/latribunedufaso.net\/wp-content\/uploads\/2020\/12\/IMG_3217-300x200.jpg\" alt=\"\" width=\"300\" height=\"200\" srcset=\"https:\/\/www.latribunedufaso.net\/wp-content\/uploads\/2020\/12\/IMG_3217-300x200.jpg 300w, https:\/\/www.latribunedufaso.net\/wp-content\/uploads\/2020\/12\/IMG_3217-1024x683.jpg 1024w, https:\/\/www.latribunedufaso.net\/wp-content\/uploads\/2020\/12\/IMG_3217-768x512.jpg 768w, https:\/\/www.latribunedufaso.net\/wp-content\/uploads\/2020\/12\/IMG_3217-1536x1024.jpg 1536w, https:\/\/www.latribunedufaso.net\/wp-content\/uploads\/2020\/12\/IMG_3217-2048x1365.jpg 2048w, https:\/\/www.latribunedufaso.net\/wp-content\/uploads\/2020\/12\/IMG_3217-840x560.jpg 840w, https:\/\/www.latribunedufaso.net\/wp-content\/uploads\/2020\/12\/IMG_3217-120x80.jpg 120w, https:\/\/www.latribunedufaso.net\/wp-content\/uploads\/2020\/12\/IMG_3217-360x240.jpg 360w, https:\/\/www.latribunedufaso.net\/wp-content\/uploads\/2020\/12\/IMG_3217-600x400.jpg 600w\" sizes=\"auto, (max-width: 300px) 100vw, 300px\" \/><\/a><\/p>\n","protected":false},"excerpt":{"rendered":"<p>A Sabou, dans la province du Boulkiemd\u00e9, au Centre-ouest du Burkina Faso, un hommage a \u00e9t\u00e9 rendu aux personnes \u00e2g\u00e9es. C\u2019\u00e9tait au cours d\u2019une c\u00e9r\u00e9monie organis\u00e9e le dimanche 6 d\u00e9cembre 2020, dans ladite ville, et sous le patronage de Lassan\u00e9 Kabor\u00e9, ministre de l\u2019Economie, des finances et du d\u00e9veloppement.<\/p>\n","protected":false},"author":2,"featured_media":2062,"comment_status":"open","ping_status":"open","sticky":false,"template":"","format":"standard","meta":{"footnotes":""},"categories":[13,1,8],"tags":[],"class_list":["post-2050","post","type-post","status-publish","format-standard","has-post-thumbnail","hentry","category-une","category-actu","category-societe"],"yoast_head":"<!-- This site is optimized with the Yoast SEO plugin v27.5 - https:\/\/yoast.com\/product\/yoast-seo-wordpress\/ -->\n<title>Commune de Sabou\u00a0: Les personnes \u00e2g\u00e9es toujours \u00e0 l\u2019honneur - La Tribune du Faso<\/title>\n<meta name=\"robots\" content=\"index, follow, max-snippet:-1, max-image-preview:large, max-video-preview:-1\" \/>\n<link rel=\"canonical\" href=\"https:\/\/www.latribunedufaso.net\/?p=2050\" \/>\n<meta property=\"og:locale\" content=\"fr_FR\" \/>\n<meta property=\"og:type\" content=\"article\" \/>\n<meta property=\"og:title\" content=\"Commune de Sabou\u00a0: Les personnes \u00e2g\u00e9es toujours \u00e0 l\u2019honneur - La Tribune du Faso\" \/>\n<meta property=\"og:description\" content=\"A Sabou, dans la province du Boulkiemd\u00e9, au Centre-ouest du Burkina Faso, un hommage a \u00e9t\u00e9 rendu aux personnes \u00e2g\u00e9es. C\u2019\u00e9tait au cours d\u2019une c\u00e9r\u00e9monie organis\u00e9e le dimanche 6 d\u00e9cembre 2020, dans ladite ville, et sous le patronage de Lassan\u00e9 Kabor\u00e9, ministre de l\u2019Economie, des finances et du d\u00e9veloppement.\" \/>\n<meta property=\"og:url\" content=\"https:\/\/www.latribunedufaso.net\/?p=2050\" \/>\n<meta property=\"og:site_name\" content=\"La Tribune du Faso\" \/>\n<meta property=\"article:publisher\" content=\"https:\/\/www.facebook.com\/LatribuneduFaso\/\" \/>\n<meta property=\"article:published_time\" content=\"2020-12-10T22:26:39+00:00\" \/>\n<meta property=\"article:modified_time\" content=\"2020-12-10T22:52:58+00:00\" \/>\n<meta property=\"og:image\" content=\"https:\/\/latribunedufaso.net\/wp-content\/uploads\/2020\/12\/IMG_3369-scaled.jpg\" \/>\n\t<meta property=\"og:image:width\" content=\"2560\" \/>\n\t<meta property=\"og:image:height\" content=\"1707\" \/>\n\t<meta property=\"og:image:type\" content=\"image\/jpeg\" \/>\n<meta name=\"author\" content=\"Administrateur\" \/>\n<meta name=\"twitter:label1\" content=\"\u00c9crit par\" \/>\n\t<meta name=\"twitter:data1\" content=\"Administrateur\" \/>\n\t<meta name=\"twitter:label2\" content=\"Dur\u00e9e de lecture estim\u00e9e\" \/>\n\t<meta name=\"twitter:data2\" content=\"5 minutes\" \/>\n<script type=\"application\/ld+json\" class=\"yoast-schema-graph\">{\"@context\":\"https:\\\/\\\/schema.org\",\"@graph\":[{\"@type\":\"Article\",\"@id\":\"https:\\\/\\\/www.latribunedufaso.net\\\/?p=2050#article\",\"isPartOf\":{\"@id\":\"https:\\\/\\\/www.latribunedufaso.net\\\/?p=2050\"},\"author\":{\"name\":\"Administrateur\",\"@id\":\"https:\\\/\\\/www.latribunedufaso.net\\\/#\\\/schema\\\/person\\\/a380782d0605bb8aae27c40ea93b35b1\"},\"headline\":\"Commune de Sabou\u00a0: Les personnes \u00e2g\u00e9es toujours \u00e0 l\u2019honneur\",\"datePublished\":\"2020-12-10T22:26:39+00:00\",\"dateModified\":\"2020-12-10T22:52:58+00:00\",\"mainEntityOfPage\":{\"@id\":\"https:\\\/\\\/www.latribunedufaso.net\\\/?p=2050\"},\"wordCount\":1003,\"commentCount\":0,\"publisher\":{\"@id\":\"https:\\\/\\\/www.latribunedufaso.net\\\/#organization\"},\"image\":{\"@id\":\"https:\\\/\\\/www.latribunedufaso.net\\\/?p=2050#primaryimage\"},\"thumbnailUrl\":\"https:\\\/\\\/www.latribunedufaso.net\\\/wp-content\\\/uploads\\\/2020\\\/12\\\/IMG_3369-scaled.jpg\",\"articleSection\":[\"A la une\",\"Actualit\u00e9\",\"Soci\u00e9t\u00e9\"],\"inLanguage\":\"fr-FR\",\"potentialAction\":[{\"@type\":\"CommentAction\",\"name\":\"Comment\",\"target\":[\"https:\\\/\\\/www.latribunedufaso.net\\\/?p=2050#respond\"]}]},{\"@type\":\"WebPage\",\"@id\":\"https:\\\/\\\/www.latribunedufaso.net\\\/?p=2050\",\"url\":\"https:\\\/\\\/www.latribunedufaso.net\\\/?p=2050\",\"name\":\"Commune de Sabou\u00a0: Les personnes \u00e2g\u00e9es toujours \u00e0 l\u2019honneur - La Tribune du Faso\",\"isPartOf\":{\"@id\":\"https:\\\/\\\/www.latribunedufaso.net\\\/#website\"},\"primaryImageOfPage\":{\"@id\":\"https:\\\/\\\/www.latribunedufaso.net\\\/?p=2050#primaryimage\"},\"image\":{\"@id\":\"https:\\\/\\\/www.latribunedufaso.net\\\/?p=2050#primaryimage\"},\"thumbnailUrl\":\"https:\\\/\\\/www.latribunedufaso.net\\\/wp-content\\\/uploads\\\/2020\\\/12\\\/IMG_3369-scaled.jpg\",\"datePublished\":\"2020-12-10T22:26:39+00:00\",\"dateModified\":\"2020-12-10T22:52:58+00:00\",\"breadcrumb\":{\"@id\":\"https:\\\/\\\/www.latribunedufaso.net\\\/?p=2050#breadcrumb\"},\"inLanguage\":\"fr-FR\",\"potentialAction\":[{\"@type\":\"ReadAction\",\"target\":[\"https:\\\/\\\/www.latribunedufaso.net\\\/?p=2050\"]}]},{\"@type\":\"ImageObject\",\"inLanguage\":\"fr-FR\",\"@id\":\"https:\\\/\\\/www.latribunedufaso.net\\\/?p=2050#primaryimage\",\"url\":\"https:\\\/\\\/www.latribunedufaso.net\\\/wp-content\\\/uploads\\\/2020\\\/12\\\/IMG_3369-scaled.jpg\",\"contentUrl\":\"https:\\\/\\\/www.latribunedufaso.net\\\/wp-content\\\/uploads\\\/2020\\\/12\\\/IMG_3369-scaled.jpg\",\"width\":2560,\"height\":1707},{\"@type\":\"BreadcrumbList\",\"@id\":\"https:\\\/\\\/www.latribunedufaso.net\\\/?p=2050#breadcrumb\",\"itemListElement\":[{\"@type\":\"ListItem\",\"position\":1,\"name\":\"Accueil\",\"item\":\"https:\\\/\\\/www.latribunedufaso.net\\\/\"},{\"@type\":\"ListItem\",\"position\":2,\"name\":\"Commune de Sabou\u00a0: Les personnes \u00e2g\u00e9es toujours \u00e0 l\u2019honneur\"}]},{\"@type\":\"WebSite\",\"@id\":\"https:\\\/\\\/www.latribunedufaso.net\\\/#website\",\"url\":\"https:\\\/\\\/www.latribunedufaso.net\\\/\",\"name\":\"La Tribune du Faso\",\"description\":\"L&#039;information du monde rural en un clic\",\"publisher\":{\"@id\":\"https:\\\/\\\/www.latribunedufaso.net\\\/#organization\"},\"potentialAction\":[{\"@type\":\"SearchAction\",\"target\":{\"@type\":\"EntryPoint\",\"urlTemplate\":\"https:\\\/\\\/www.latribunedufaso.net\\\/?s={search_term_string}\"},\"query-input\":{\"@type\":\"PropertyValueSpecification\",\"valueRequired\":true,\"valueName\":\"search_term_string\"}}],\"inLanguage\":\"fr-FR\"},{\"@type\":\"Organization\",\"@id\":\"https:\\\/\\\/www.latribunedufaso.net\\\/#organization\",\"name\":\"La Tribune du Faso\",\"url\":\"https:\\\/\\\/www.latribunedufaso.net\\\/\",\"logo\":{\"@type\":\"ImageObject\",\"inLanguage\":\"fr-FR\",\"@id\":\"https:\\\/\\\/www.latribunedufaso.net\\\/#\\\/schema\\\/logo\\\/image\\\/\",\"url\":\"https:\\\/\\\/www.latribunedufaso.net\\\/wp-content\\\/uploads\\\/2020\\\/08\\\/Logo-Tribune-du-Faso-final-scaled.jpg\",\"contentUrl\":\"https:\\\/\\\/www.latribunedufaso.net\\\/wp-content\\\/uploads\\\/2020\\\/08\\\/Logo-Tribune-du-Faso-final-scaled.jpg\",\"width\":2560,\"height\":1856,\"caption\":\"La Tribune du Faso\"},\"image\":{\"@id\":\"https:\\\/\\\/www.latribunedufaso.net\\\/#\\\/schema\\\/logo\\\/image\\\/\"},\"sameAs\":[\"https:\\\/\\\/www.facebook.com\\\/LatribuneduFaso\\\/\"]},{\"@type\":\"Person\",\"@id\":\"https:\\\/\\\/www.latribunedufaso.net\\\/#\\\/schema\\\/person\\\/a380782d0605bb8aae27c40ea93b35b1\",\"name\":\"Administrateur\",\"image\":{\"@type\":\"ImageObject\",\"inLanguage\":\"fr-FR\",\"@id\":\"https:\\\/\\\/secure.gravatar.com\\\/avatar\\\/e20266f97d741f0e80ba1f60283074a9b3317fd7bfb727e0d95b51dafbf854a1?s=96&d=mm&r=g\",\"url\":\"https:\\\/\\\/secure.gravatar.com\\\/avatar\\\/e20266f97d741f0e80ba1f60283074a9b3317fd7bfb727e0d95b51dafbf854a1?s=96&d=mm&r=g\",\"contentUrl\":\"https:\\\/\\\/secure.gravatar.com\\\/avatar\\\/e20266f97d741f0e80ba1f60283074a9b3317fd7bfb727e0d95b51dafbf854a1?s=96&d=mm&r=g\",\"caption\":\"Administrateur\"},\"url\":\"https:\\\/\\\/www.latribunedufaso.net\\\/?author=2\"}]}<\/script>\n<!-- \/ Yoast SEO plugin. -->","yoast_head_json":{"title":"Commune de Sabou\u00a0: Les personnes \u00e2g\u00e9es toujours \u00e0 l\u2019honneur - La Tribune du Faso","robots":{"index":"index","follow":"follow","max-snippet":"max-snippet:-1","max-image-preview":"max-image-preview:large","max-video-preview":"max-video-preview:-1"},"canonical":"https:\/\/www.latribunedufaso.net\/?p=2050","og_locale":"fr_FR","og_type":"article","og_title":"Commune de Sabou\u00a0: Les personnes \u00e2g\u00e9es toujours \u00e0 l\u2019honneur - La Tribune du Faso","og_description":"A Sabou, dans la province du Boulkiemd\u00e9, au Centre-ouest du Burkina Faso, un hommage a \u00e9t\u00e9 rendu aux personnes \u00e2g\u00e9es. C\u2019\u00e9tait au cours d\u2019une c\u00e9r\u00e9monie organis\u00e9e le dimanche 6 d\u00e9cembre 2020, dans ladite ville, et sous le patronage de Lassan\u00e9 Kabor\u00e9, ministre de l\u2019Economie, des finances et du d\u00e9veloppement.","og_url":"https:\/\/www.latribunedufaso.net\/?p=2050","og_site_name":"La Tribune du Faso","article_publisher":"https:\/\/www.facebook.com\/LatribuneduFaso\/","article_published_time":"2020-12-10T22:26:39+00:00","article_modified_time":"2020-12-10T22:52:58+00:00","og_image":[{"width":2560,"height":1707,"url":"https:\/\/latribunedufaso.net\/wp-content\/uploads\/2020\/12\/IMG_3369-scaled.jpg","type":"image\/jpeg"}],"author":"Administrateur","twitter_misc":{"\u00c9crit par":"Administrateur","Dur\u00e9e de lecture estim\u00e9e":"5 minutes"},"schema":{"@context":"https:\/\/schema.org","@graph":[{"@type":"Article","@id":"https:\/\/www.latribunedufaso.net\/?p=2050#article","isPartOf":{"@id":"https:\/\/www.latribunedufaso.net\/?p=2050"},"author":{"name":"Administrateur","@id":"https:\/\/www.latribunedufaso.net\/#\/schema\/person\/a380782d0605bb8aae27c40ea93b35b1"},"headline":"Commune de Sabou\u00a0: Les personnes \u00e2g\u00e9es toujours \u00e0 l\u2019honneur","datePublished":"2020-12-10T22:26:39+00:00","dateModified":"2020-12-10T22:52:58+00:00","mainEntityOfPage":{"@id":"https:\/\/www.latribunedufaso.net\/?p=2050"},"wordCount":1003,"commentCount":0,"publisher":{"@id":"https:\/\/www.latribunedufaso.net\/#organization"},"image":{"@id":"https:\/\/www.latribunedufaso.net\/?p=2050#primaryimage"},"thumbnailUrl":"https:\/\/www.latribunedufaso.net\/wp-content\/uploads\/2020\/12\/IMG_3369-scaled.jpg","articleSection":["A la une","Actualit\u00e9","Soci\u00e9t\u00e9"],"inLanguage":"fr-FR","potentialAction":[{"@type":"CommentAction","name":"Comment","target":["https:\/\/www.latribunedufaso.net\/?p=2050#respond"]}]},{"@type":"WebPage","@id":"https:\/\/www.latribunedufaso.net\/?p=2050","url":"https:\/\/www.latribunedufaso.net\/?p=2050","name":"Commune de Sabou\u00a0: Les personnes \u00e2g\u00e9es toujours \u00e0 l\u2019honneur - La Tribune du Faso","isPartOf":{"@id":"https:\/\/www.latribunedufaso.net\/#website"},"primaryImageOfPage":{"@id":"https:\/\/www.latribunedufaso.net\/?p=2050#primaryimage"},"image":{"@id":"https:\/\/www.latribunedufaso.net\/?p=2050#primaryimage"},"thumbnailUrl":"https:\/\/www.latribunedufaso.net\/wp-content\/uploads\/2020\/12\/IMG_3369-scaled.jpg","datePublished":"2020-12-10T22:26:39+00:00","dateModified":"2020-12-10T22:52:58+00:00","breadcrumb":{"@id":"https:\/\/www.latribunedufaso.net\/?p=2050#breadcrumb"},"inLanguage":"fr-FR","potentialAction":[{"@type":"ReadAction","target":["https:\/\/www.latribunedufaso.net\/?p=2050"]}]},{"@type":"ImageObject","inLanguage":"fr-FR","@id":"https:\/\/www.latribunedufaso.net\/?p=2050#primaryimage","url":"https:\/\/www.latribunedufaso.net\/wp-content\/uploads\/2020\/12\/IMG_3369-scaled.jpg","contentUrl":"https:\/\/www.latribunedufaso.net\/wp-content\/uploads\/2020\/12\/IMG_3369-scaled.jpg","width":2560,"height":1707},{"@type":"BreadcrumbList","@id":"https:\/\/www.latribunedufaso.net\/?p=2050#breadcrumb","itemListElement":[{"@type":"ListItem","position":1,"name":"Accueil","item":"https:\/\/www.latribunedufaso.net\/"},{"@type":"ListItem","position":2,"name":"Commune de Sabou\u00a0: Les personnes \u00e2g\u00e9es toujours \u00e0 l\u2019honneur"}]},{"@type":"WebSite","@id":"https:\/\/www.latribunedufaso.net\/#website","url":"https:\/\/www.latribunedufaso.net\/","name":"La Tribune du Faso","description":"L&#039;information du monde rural en un clic","publisher":{"@id":"https:\/\/www.latribunedufaso.net\/#organization"},"potentialAction":[{"@type":"SearchAction","target":{"@type":"EntryPoint","urlTemplate":"https:\/\/www.latribunedufaso.net\/?s={search_term_string}"},"query-input":{"@type":"PropertyValueSpecification","valueRequired":true,"valueName":"search_term_string"}}],"inLanguage":"fr-FR"},{"@type":"Organization","@id":"https:\/\/www.latribunedufaso.net\/#organization","name":"La Tribune du Faso","url":"https:\/\/www.latribunedufaso.net\/","logo":{"@type":"ImageObject","inLanguage":"fr-FR","@id":"https:\/\/www.latribunedufaso.net\/#\/schema\/logo\/image\/","url":"https:\/\/www.latribunedufaso.net\/wp-content\/uploads\/2020\/08\/Logo-Tribune-du-Faso-final-scaled.jpg","contentUrl":"https:\/\/www.latribunedufaso.net\/wp-content\/uploads\/2020\/08\/Logo-Tribune-du-Faso-final-scaled.jpg","width":2560,"height":1856,"caption":"La Tribune du Faso"},"image":{"@id":"https:\/\/www.latribunedufaso.net\/#\/schema\/logo\/image\/"},"sameAs":["https:\/\/www.facebook.com\/LatribuneduFaso\/"]},{"@type":"Person","@id":"https:\/\/www.latribunedufaso.net\/#\/schema\/person\/a380782d0605bb8aae27c40ea93b35b1","name":"Administrateur","image":{"@type":"ImageObject","inLanguage":"fr-FR","@id":"https:\/\/secure.gravatar.com\/avatar\/e20266f97d741f0e80ba1f60283074a9b3317fd7bfb727e0d95b51dafbf854a1?s=96&d=mm&r=g","url":"https:\/\/secure.gravatar.com\/avatar\/e20266f97d741f0e80ba1f60283074a9b3317fd7bfb727e0d95b51dafbf854a1?s=96&d=mm&r=g","contentUrl":"https:\/\/secure.gravatar.com\/avatar\/e20266f97d741f0e80ba1f60283074a9b3317fd7bfb727e0d95b51dafbf854a1?s=96&d=mm&r=g","caption":"Administrateur"},"url":"https:\/\/www.latribunedufaso.net\/?author=2"}]}},"_links":{"self":[{"href":"https:\/\/www.latribunedufaso.net\/index.php?rest_route=\/wp\/v2\/posts\/2050","targetHints":{"allow":["GET"]}}],"collection":[{"href":"https:\/\/www.latribunedufaso.net\/index.php?rest_route=\/wp\/v2\/posts"}],"about":[{"href":"https:\/\/www.latribunedufaso.net\/index.php?rest_route=\/wp\/v2\/types\/post"}],"author":[{"embeddable":true,"href":"https:\/\/www.latribunedufaso.net\/index.php?rest_route=\/wp\/v2\/users\/2"}],"replies":[{"embeddable":true,"href":"https:\/\/www.latribunedufaso.net\/index.php?rest_route=%2Fwp%2Fv2%2Fcomments&post=2050"}],"version-history":[{"count":4,"href":"https:\/\/www.latribunedufaso.net\/index.php?rest_route=\/wp\/v2\/posts\/2050\/revisions"}],"predecessor-version":[{"id":2066,"href":"https:\/\/www.latribunedufaso.net\/index.php?rest_route=\/wp\/v2\/posts\/2050\/revisions\/2066"}],"wp:featuredmedia":[{"embeddable":true,"href":"https:\/\/www.latribunedufaso.net\/index.php?rest_route=\/wp\/v2\/media\/2062"}],"wp:attachment":[{"href":"https:\/\/www.latribunedufaso.net\/index.php?rest_route=%2Fwp%2Fv2%2Fmedia&parent=2050"}],"wp:term":[{"taxonomy":"category","embeddable":true,"href":"https:\/\/www.latribunedufaso.net\/index.php?rest_route=%2Fwp%2Fv2%2Fcategories&post=2050"},{"taxonomy":"post_tag","embeddable":true,"href":"https:\/\/www.latribunedufaso.net\/index.php?rest_route=%2Fwp%2Fv2%2Ftags&post=2050"}],"curies":[{"name":"wp","href":"https:\/\/api.w.org\/{rel}","templated":true}]}}