{"id":20451,"date":"2025-05-11T21:34:44","date_gmt":"2025-05-11T21:34:44","guid":{"rendered":"https:\/\/www.latribunedufaso.net\/?p=20451"},"modified":"2025-05-30T20:05:14","modified_gmt":"2025-05-30T20:05:14","slug":"25-ans-de-mission-la-congregation-don-orione-celebre-son-jubile-dargent-au-burkina-faso","status":"publish","type":"post","link":"https:\/\/www.latribunedufaso.net\/?p=20451","title":{"rendered":"25 ans de mission : La Congr\u00e9gation Don Orione c\u00e9l\u00e8bre son jubil\u00e9 d\u2019argent au Burkina Faso"},"content":{"rendered":"<p><strong>Pr\u00e9sente depuis 1999 au Burkina Faso, la Petite \u0152uvre de la Divine Providence, commun\u00e9ment appel\u00e9e Congr\u00e9gation Don Orione, c\u00e9l\u00e8bre cette ann\u00e9e son jubil\u00e9 d\u2019argent. La c\u00e9r\u00e9monie officielle de c\u00e9l\u00e9bration conclusive aura lieu le dimanche 18 mai 2025 \u00e0 la Maison Don Orione de Ouagadougou, sous le haut patronage de Mgr Prosper Kontiebo, Archev\u00eaque m\u00e9tropolitain de Ouagadougou et de Mgr Modeste Kambou, \u00c9v\u00eaque du dioc\u00e8se de Gaoua. \u00c0 cette occasion, une \u00e9quipe de latribunedufaso.net a rencontr\u00e9 le P\u00e8re Alain Kini, repr\u00e9sentant de la Congr\u00e9gation au Burkina, pour faire le point sur cette mission vieille de 25 ans.<\/strong><!--more--><\/p>\n<h3>Pr\u00e9sentez-nous la Petite \u0152uvre de la Divine Providence, commun\u00e9ment appel\u00e9e la Congr\u00e9gation Don Orione.<\/h3>\n<p>La Congr\u00e9gation Don Orione a \u00e9t\u00e9 fond\u00e9e en 1893 par Luigi Orione alors qu\u2019il \u00e9tait encore s\u00e9minariste. Elle s\u2019est progressivement \u00e9tendue pour devenir une grande famille charismatique regroupant plusieurs branches\u202f : les Fils de la Divine Providence (branche masculine), les Petites S\u0153urs Missionnaires de la Charit\u00e9 (branche f\u00e9minine), les S\u0153urs Sacramentines non-voyantes, les ermites, ainsi qu\u2019un institut s\u00e9culier et divers groupes de la\u00efcs appel\u00e9s <em><strong>\u00ab Mouvement la\u00efcal orioniste \u00bb.<\/strong><\/em><\/p>\n<p>Au Burkina Faso, la Congr\u00e9gation compte plusieurs groupes de fid\u00e8les, notamment les Amis Sympathisants de Don Orione (ASYDO), la chorale C\u0153ur Life-History-La-Divine-Providence, Institut S\u00e9culier orioniste (ISO), l\u2019institut S\u00e9culier Marie de Nazareth (ISMN) et le Mouvement des Jeunes Orionistes (MJO), sans oublier les plus petits, les Petits Orionistes Missionnaires appel\u00e9s <em><strong>\u00ab\u202fPOM\u202f\u00bb.<\/strong><\/em><\/p>\n<p>Don Orione est n\u00e9 le 23 juin 1872, et il est mort le 12 mars 1940. Canonis\u00e9 le 16 mai 2004, il est pr\u00e9sent\u00e9 par le Pape Jean-Paul II comme \u202fl\u2019ap\u00f4tre de la charit\u00e9, le p\u00e8re des pauvres, le bienfaiteur de l\u2019humanit\u00e9 souffrante et abandonn\u00e9e. Son id\u00e9al repose sur la devise <em><strong>\u00ab\u202fInstaurare Omnia in Christo\u202f\u00bb<\/strong><\/em> (Tout r\u00e9capituler dans le Christ) par la charit\u00e9 et le service.<\/p>\n<p>La Petite \u0152uvre de la Divine Providence est pr\u00e9sente dans 34 Nations dont le Burkina Faso. Au niveau du Burkina Faso, nous avons 8 communaut\u00e9s r\u00e9parties dans 5 dioc\u00e8ses.\u00a0<\/p>\n<p>Nous avons 3 communaut\u00e9s dans l\u2019archidioc\u00e8se de Ouagadougou : la Maison Don Orione de philosophie, le Centre m\u00e9dical Don Orione, et la communaut\u00e9 de Kayao. Dans le dioc\u00e8se de Koup\u00e9la, nous avons la Communaut\u00e9 de Tampelin. Nous avons \u00e9galement une Communaut\u00e9 dans le dioc\u00e8se de Banfora. Nous sommes pr\u00e9sents dans le dioc\u00e8se de Di\u00e9bougou o\u00f9 nous avons 2 Communaut\u00e9s \u00e0 Ouessa : la Communaut\u00e9 de la paroisse et celle du Centre technique professionnel Saint-Louis Orione de Ouessa. La Communaut\u00e9 de Tonkar, la toute derni\u00e8re est cr\u00e9\u00e9e dans le dioc\u00e8se de Gaoua.<\/p>\n<h3>Quelles sont les r\u00e9alisations de la Congr\u00e9gation au Burkina Faso ?<\/h3>\n<p>Depuis l\u2019ouverture de la Maison de philosophie \u00e0 Ouagadougou le 30 mars 1999, la Congr\u00e9gation n\u2019a cess\u00e9 d\u2019\u00e9tendre son action. \u00c0 Ouagadougou, le Centre m\u00e9dical Don Orione et le Petit Cottolengo accueillent et soignent gratuitement les personnes vuln\u00e9rables, notamment les enfants polyhandicap\u00e9s. Ce sont les Petites S\u0153urs Missionnaires de la Charit\u00e9 qui assurent la gestion du Petit Cottolengo.<\/p>\n<p>La Communaut\u00e9 de Tampelin (Koup\u00e9la) s\u2019occupe de deux \u0153uvres : un CSPS qui offre des soins de qualit\u00e9 dans une zone rurale et une \u00e9cole maternelle en d\u00e9veloppement vers un complexe scolaire.<\/p>\n<figure id=\"attachment_20452\" aria-describedby=\"caption-attachment-20452\" style=\"width: 2560px\" class=\"wp-caption aligncenter\"><a href=\"https:\/\/www.latribunedufaso.net\/wp-content\/uploads\/2025\/05\/IMG_20250509_155704_503-scaled.jpg\"><img loading=\"lazy\" decoding=\"async\" class=\"size-full wp-image-20452\" src=\"https:\/\/www.latribunedufaso.net\/wp-content\/uploads\/2025\/05\/IMG_20250509_155704_503-scaled.jpg\" alt=\"A l'occasion de la c\u00e9l\u00e9bration du jubil\u00e9 d'argent de la Congr\u00e9gation Don Orione au Burkina, le P\u00e8re Alain Kini, repr\u00e9sentant de la Congr\u00e9gation a accord\u00e9 une interview sur l'organisation du Jubil\u00e9 \" width=\"2560\" height=\"1920\" srcset=\"https:\/\/www.latribunedufaso.net\/wp-content\/uploads\/2025\/05\/IMG_20250509_155704_503-scaled.jpg 2560w, https:\/\/www.latribunedufaso.net\/wp-content\/uploads\/2025\/05\/IMG_20250509_155704_503-300x225.jpg 300w, https:\/\/www.latribunedufaso.net\/wp-content\/uploads\/2025\/05\/IMG_20250509_155704_503-1024x768.jpg 1024w, https:\/\/www.latribunedufaso.net\/wp-content\/uploads\/2025\/05\/IMG_20250509_155704_503-768x576.jpg 768w, https:\/\/www.latribunedufaso.net\/wp-content\/uploads\/2025\/05\/IMG_20250509_155704_503-1536x1152.jpg 1536w, https:\/\/www.latribunedufaso.net\/wp-content\/uploads\/2025\/05\/IMG_20250509_155704_503-2048x1536.jpg 2048w\" sizes=\"auto, (max-width: 2560px) 100vw, 2560px\" \/><\/a><figcaption id=\"caption-attachment-20452\" class=\"wp-caption-text\">Le P\u00e8re Alain Kini, repr\u00e9sentant de la Congr\u00e9gation Don Orione au Burkina &#8211; Ph. I. Tapsoba<\/figcaption><\/figure>\n<p>\u00c0 Banfora, la Congr\u00e9gation g\u00e8re l\u2019aum\u00f4nerie de la prison et du Centre hospitalier r\u00e9gional (CHR) de Banfora. Nous envisageons aussi cr\u00e9er une unit\u00e9 de sant\u00e9 ophtalmologique. Nous avons construit un espace oratoire o\u00f9 les enfants, les jeunes viennent s\u2019amuser. Ils sont aussi accompagn\u00e9s et encadr\u00e9s pour mieux r\u00e9ussir dans les \u00e9tudes et dans leur vie.\u00a0<\/p>\n<p>\u00c0 Ouessa (Di\u00e9bougou), en plus de la paroisse, un centre technique professionnel avec internat pour gar\u00e7ons forme les jeunes. Un projet d\u2019internat pour filles est \u00e0 l\u2019\u00e9tude.<\/p>\n<p>En 2023, nous avons ouvert la Communaut\u00e9 Don Orione dans le dioc\u00e8se de Gaoua. L\u00e0-bas, nous avons la gestion de la paroisse Saint-Louis Orione de Tonkar et les S\u0153urs de Don Orione \u00e0 Nako interviennent dans la formation et l\u2019\u00e9ducation de la jeune fille. Nous sommes \u00e0 nos d\u00e9buts, nous avons l\u2019ambition de d\u00e9velopper de nouvelles \u0153uvres pour r\u00e9pondre aux besoins locaux.<\/p>\n<h3>Cette ann\u00e9e, vous c\u00e9l\u00e9brez le jubil\u00e9 d\u2019argent de la Congr\u00e9gation Don Orione. Sous quel th\u00e8me vous placez cette c\u00e9l\u00e9bration ?\u00a0<\/h3>\n<p>Le th\u00e8me principal qui guide notre r\u00e9flexion est la d\u00e9vise principale du fondateur : R\u00e9capituler tout dans le Christ pour b\u00e2tir un monde juste, fraternel et pacifique. Cette r\u00e9flexion de repartir vraiment du Christ, elle est fondamentale pour nous. En tant que chr\u00e9tien, nous avons besoin de soigner notre communion avec le Christ. Pour \u00eatre vraiment efficace sur le terrain de la mission. C\u2019est une invitation \u00e0 r\u00e9capituler, r\u00e9organiser, reconstruire toute r\u00e9alit\u00e9 autour du Christ .<\/p>\n<h3>Quelles sont les activit\u00e9s qui sont au programme ?\u00a0<\/h3>\n<p>En Eglise, nous c\u00e9l\u00e9brons un jubil\u00e9 sur une ann\u00e9e. Cette ann\u00e9e est appel\u00e9e ann\u00e9e sainte. Plusieurs activit\u00e9s sont men\u00e9es pendant la p\u00e9riode. Mais l\u00e0, nous nous sommes d\u00e9j\u00e0 \u00e0 la conclusion.<\/p>\n<p>Les festivit\u00e9s conclusives sont organis\u00e9es autour d\u2019un programme sobre mais riche de sens. Le Conseil provincial se tiendra du 13 au 14 mai 2025 pour \u00e9valuer la mission de la Congr\u00e9gation \u00e0 l\u2019\u00e9chelle de la Province. Du 15 au 17 mai 2025, il y aura l\u2019Assembl\u00e9e provinciale de v\u00e9rification. Elle permettra de faire le point sur les trois derni\u00e8res ann\u00e9es et de planifier les trois suivantes. Au niveau de la Congr\u00e9gation, nous avons un programme de 6 ans. Il y a \u00e9galement une Neuvaine de pri\u00e8re au programme pour la paix et les vocations qui se tiendra du 9 au 17 mai 2025.<\/p>\n<p><iframe loading=\"lazy\" width=\"560\" height=\"315\" src=\"https:\/\/www.youtube.com\/embed\/CJtZ6oG6l8U?si=AhPrC-I_amMZYd5P\" title=\"YouTube video player\" frameborder=\"0\" allow=\"accelerometer; autoplay; clipboard-write; encrypted-media; gyroscope; picture-in-picture; web-share\" referrerpolicy=\"strict-origin-when-cross-origin\" allowfullscreen><\/iframe><\/p>\n<p>Le 18 mai 2025 sera consacr\u00e9e aux c\u00e9l\u00e9brations conclusives. Cette journ\u00e9e qui se tiendra a Ouagadougou sera marqu\u00e9e par une messe solennelle pr\u00e9sid\u00e9e par Mgr Modeste Kambou. Apr\u00e8s la messe, nous aurons un espace de fraternisation, une kermesse, une journ\u00e9e porte ouverte, pour donner l\u2019occasion aux participants de fraterniser, de partager des moments de joie ensemble sous l\u2019animation de quelques artistes religieux et la\u00efcs.<\/p>\n<h3>Quel message souhaitez-vous adresser \u00e0 nos lecteurs ?<\/h3>\n<p>J\u2019exprime une profonde gratitude \u00e0 Dieu, \u00e0 l\u2019\u00c9glise Famille de Dieu au Burkina, aux \u00e9v\u00eaques et au gouvernement burkinab\u00e8, pour leur appui constant. J\u2019invite chacun \u00e0 d\u00e9couvrir le charisme de Don Orione et \u00e0 se souvenir de cette parole centrale :<\/p>\n<p><em><strong>\u00ab\u202fSeule et seulement la charit\u00e9 sauvera le monde. Faire le bien, toujours le bien, le mal, jamais, \u00e0 personne\u202f\u00bb<\/strong><\/em>, Don Orione.<\/p>\n<p><strong>Issouf TAPSOBA\u00a0<\/strong><\/p>\n<p><strong>Latribunedufaso.net<\/strong><\/p>\n<p>Lire aussi &gt;&gt; <a href=\"https:\/\/www.latribunedufaso.net\/?p=17073\">Religion : L\u2019Eglise catholique annonce le jubil\u00e9 des 125 ans d\u2019Evang\u00e9lisation au Burkina Faso<\/a><\/p>\n","protected":false},"excerpt":{"rendered":"<p>Pr\u00e9sente depuis 1999 au Burkina Faso, la Petite \u0152uvre de la Divine Providence, commun\u00e9ment appel\u00e9e Congr\u00e9gation Don Orione, c\u00e9l\u00e8bre cette ann\u00e9e son jubil\u00e9 d\u2019argent. La c\u00e9r\u00e9monie officielle de c\u00e9l\u00e9bration conclusive aura lieu le dimanche 18 mai 2025 \u00e0 la Maison Don Orione de Ouagadougou, sous le haut patronage de Mgr Prosper Kontiebo, Archev\u00eaque m\u00e9tropolitain de Ouagadougou et de Mgr Modeste Kambou, \u00c9v\u00eaque du dioc\u00e8se de Gaoua. \u00c0 cette occasion, une \u00e9quipe de latribunedufaso.net a rencontr\u00e9 le P\u00e8re Alain Kini, repr\u00e9sentant de la Congr\u00e9gation au Burkina, pour faire le point sur cette mission vieille de 25 ans.<\/p>\n","protected":false},"author":5,"featured_media":20452,"comment_status":"open","ping_status":"open","sticky":false,"template":"","format":"standard","meta":{"footnotes":""},"categories":[13,1,8],"tags":[993,222,995,994,39],"class_list":["post-20451","post","type-post","status-publish","format-standard","has-post-thumbnail","hentry","category-une","category-actu","category-societe","tag-congratulation-don-orione","tag-eglise-catholique","tag-jubile-dargent-de-la-congregation-don-orione","tag-la-petite-oeuvre-de-la-divine-providence","tag-latribunedufaso-net"],"yoast_head":"<!-- This site is optimized with the Yoast SEO plugin v27.4 - https:\/\/yoast.com\/product\/yoast-seo-wordpress\/ -->\n<title>25 ans de mission : La Congr\u00e9gation Don Orione c\u00e9l\u00e8bre son jubil\u00e9 d\u2019argent au Burkina Faso - La Tribune du Faso<\/title>\n<meta name=\"robots\" content=\"index, follow, max-snippet:-1, max-image-preview:large, max-video-preview:-1\" \/>\n<link rel=\"canonical\" href=\"https:\/\/www.latribunedufaso.net\/?p=20451\" \/>\n<meta property=\"og:locale\" content=\"fr_FR\" \/>\n<meta property=\"og:type\" content=\"article\" \/>\n<meta property=\"og:title\" content=\"25 ans de mission : La Congr\u00e9gation Don Orione c\u00e9l\u00e8bre son jubil\u00e9 d\u2019argent au Burkina Faso - La Tribune du Faso\" \/>\n<meta property=\"og:description\" content=\"Pr\u00e9sente depuis 1999 au Burkina Faso, la Petite \u0152uvre de la Divine Providence, commun\u00e9ment appel\u00e9e Congr\u00e9gation Don Orione, c\u00e9l\u00e8bre cette ann\u00e9e son jubil\u00e9 d\u2019argent. La c\u00e9r\u00e9monie officielle de c\u00e9l\u00e9bration conclusive aura lieu le dimanche 18 mai 2025 \u00e0 la Maison Don Orione de Ouagadougou, sous le haut patronage de Mgr Prosper Kontiebo, Archev\u00eaque m\u00e9tropolitain de Ouagadougou et de Mgr Modeste Kambou, \u00c9v\u00eaque du dioc\u00e8se de Gaoua. \u00c0 cette occasion, une \u00e9quipe de latribunedufaso.net a rencontr\u00e9 le P\u00e8re Alain Kini, repr\u00e9sentant de la Congr\u00e9gation au Burkina, pour faire le point sur cette mission vieille de 25 ans.\" \/>\n<meta property=\"og:url\" content=\"https:\/\/www.latribunedufaso.net\/?p=20451\" \/>\n<meta property=\"og:site_name\" content=\"La Tribune du Faso\" \/>\n<meta property=\"article:publisher\" content=\"https:\/\/www.facebook.com\/LatribuneduFaso\/\" \/>\n<meta property=\"article:published_time\" content=\"2025-05-11T21:34:44+00:00\" \/>\n<meta property=\"article:modified_time\" content=\"2025-05-30T20:05:14+00:00\" \/>\n<meta property=\"og:image\" content=\"https:\/\/www.latribunedufaso.net\/wp-content\/uploads\/2025\/05\/IMG_20250509_155704_503-scaled.jpg\" \/>\n\t<meta property=\"og:image:width\" content=\"2560\" \/>\n\t<meta property=\"og:image:height\" content=\"1920\" \/>\n\t<meta property=\"og:image:type\" content=\"image\/jpeg\" \/>\n<meta name=\"author\" content=\"Issouf Tapsoba\" \/>\n<meta name=\"twitter:label1\" content=\"\u00c9crit par\" \/>\n\t<meta name=\"twitter:data1\" content=\"Issouf Tapsoba\" \/>\n\t<meta name=\"twitter:label2\" content=\"Dur\u00e9e de lecture estim\u00e9e\" \/>\n\t<meta name=\"twitter:data2\" content=\"6 minutes\" \/>\n<script type=\"application\/ld+json\" class=\"yoast-schema-graph\">{\"@context\":\"https:\\\/\\\/schema.org\",\"@graph\":[{\"@type\":\"Article\",\"@id\":\"https:\\\/\\\/www.latribunedufaso.net\\\/?p=20451#article\",\"isPartOf\":{\"@id\":\"https:\\\/\\\/www.latribunedufaso.net\\\/?p=20451\"},\"author\":{\"name\":\"Issouf Tapsoba\",\"@id\":\"https:\\\/\\\/www.latribunedufaso.net\\\/#\\\/schema\\\/person\\\/e54e64c5778a7e72cf80a318b7a622b0\"},\"headline\":\"25 ans de mission : La Congr\u00e9gation Don Orione c\u00e9l\u00e8bre son jubil\u00e9 d\u2019argent au Burkina Faso\",\"datePublished\":\"2025-05-11T21:34:44+00:00\",\"dateModified\":\"2025-05-30T20:05:14+00:00\",\"mainEntityOfPage\":{\"@id\":\"https:\\\/\\\/www.latribunedufaso.net\\\/?p=20451\"},\"wordCount\":1201,\"commentCount\":0,\"publisher\":{\"@id\":\"https:\\\/\\\/www.latribunedufaso.net\\\/#organization\"},\"image\":{\"@id\":\"https:\\\/\\\/www.latribunedufaso.net\\\/?p=20451#primaryimage\"},\"thumbnailUrl\":\"https:\\\/\\\/www.latribunedufaso.net\\\/wp-content\\\/uploads\\\/2025\\\/05\\\/IMG_20250509_155704_503-scaled.jpg\",\"keywords\":[\"Congratulation Don Orione\",\"Eglise catholique\",\"Jubil\u00e9 d'argent de la Congr\u00e9gation Don Orione\",\"la Petite \u0152uvre de la Divine Providence\",\"latribunedufaso.net\"],\"articleSection\":[\"A la une\",\"Actualit\u00e9\",\"Soci\u00e9t\u00e9\"],\"inLanguage\":\"fr-FR\",\"potentialAction\":[{\"@type\":\"CommentAction\",\"name\":\"Comment\",\"target\":[\"https:\\\/\\\/www.latribunedufaso.net\\\/?p=20451#respond\"]}]},{\"@type\":\"WebPage\",\"@id\":\"https:\\\/\\\/www.latribunedufaso.net\\\/?p=20451\",\"url\":\"https:\\\/\\\/www.latribunedufaso.net\\\/?p=20451\",\"name\":\"25 ans de mission : La Congr\u00e9gation Don Orione c\u00e9l\u00e8bre son jubil\u00e9 d\u2019argent au Burkina Faso - La Tribune du Faso\",\"isPartOf\":{\"@id\":\"https:\\\/\\\/www.latribunedufaso.net\\\/#website\"},\"primaryImageOfPage\":{\"@id\":\"https:\\\/\\\/www.latribunedufaso.net\\\/?p=20451#primaryimage\"},\"image\":{\"@id\":\"https:\\\/\\\/www.latribunedufaso.net\\\/?p=20451#primaryimage\"},\"thumbnailUrl\":\"https:\\\/\\\/www.latribunedufaso.net\\\/wp-content\\\/uploads\\\/2025\\\/05\\\/IMG_20250509_155704_503-scaled.jpg\",\"datePublished\":\"2025-05-11T21:34:44+00:00\",\"dateModified\":\"2025-05-30T20:05:14+00:00\",\"breadcrumb\":{\"@id\":\"https:\\\/\\\/www.latribunedufaso.net\\\/?p=20451#breadcrumb\"},\"inLanguage\":\"fr-FR\",\"potentialAction\":[{\"@type\":\"ReadAction\",\"target\":[\"https:\\\/\\\/www.latribunedufaso.net\\\/?p=20451\"]}]},{\"@type\":\"ImageObject\",\"inLanguage\":\"fr-FR\",\"@id\":\"https:\\\/\\\/www.latribunedufaso.net\\\/?p=20451#primaryimage\",\"url\":\"https:\\\/\\\/www.latribunedufaso.net\\\/wp-content\\\/uploads\\\/2025\\\/05\\\/IMG_20250509_155704_503-scaled.jpg\",\"contentUrl\":\"https:\\\/\\\/www.latribunedufaso.net\\\/wp-content\\\/uploads\\\/2025\\\/05\\\/IMG_20250509_155704_503-scaled.jpg\",\"width\":2560,\"height\":1920,\"caption\":\"Le P\u00e8re Alain Kini, repr\u00e9sentant de la Congr\u00e9gation Don Orione au Burkina - Ph. I. Tapsoba\"},{\"@type\":\"BreadcrumbList\",\"@id\":\"https:\\\/\\\/www.latribunedufaso.net\\\/?p=20451#breadcrumb\",\"itemListElement\":[{\"@type\":\"ListItem\",\"position\":1,\"name\":\"Accueil\",\"item\":\"https:\\\/\\\/www.latribunedufaso.net\\\/\"},{\"@type\":\"ListItem\",\"position\":2,\"name\":\"25 ans de mission : La Congr\u00e9gation Don Orione c\u00e9l\u00e8bre son jubil\u00e9 d\u2019argent au Burkina Faso\"}]},{\"@type\":\"WebSite\",\"@id\":\"https:\\\/\\\/www.latribunedufaso.net\\\/#website\",\"url\":\"https:\\\/\\\/www.latribunedufaso.net\\\/\",\"name\":\"La Tribune du Faso\",\"description\":\"L&#039;information du monde rural en un clic\",\"publisher\":{\"@id\":\"https:\\\/\\\/www.latribunedufaso.net\\\/#organization\"},\"potentialAction\":[{\"@type\":\"SearchAction\",\"target\":{\"@type\":\"EntryPoint\",\"urlTemplate\":\"https:\\\/\\\/www.latribunedufaso.net\\\/?s={search_term_string}\"},\"query-input\":{\"@type\":\"PropertyValueSpecification\",\"valueRequired\":true,\"valueName\":\"search_term_string\"}}],\"inLanguage\":\"fr-FR\"},{\"@type\":\"Organization\",\"@id\":\"https:\\\/\\\/www.latribunedufaso.net\\\/#organization\",\"name\":\"La Tribune du Faso\",\"url\":\"https:\\\/\\\/www.latribunedufaso.net\\\/\",\"logo\":{\"@type\":\"ImageObject\",\"inLanguage\":\"fr-FR\",\"@id\":\"https:\\\/\\\/www.latribunedufaso.net\\\/#\\\/schema\\\/logo\\\/image\\\/\",\"url\":\"https:\\\/\\\/www.latribunedufaso.net\\\/wp-content\\\/uploads\\\/2020\\\/08\\\/Logo-Tribune-du-Faso-final-scaled.jpg\",\"contentUrl\":\"https:\\\/\\\/www.latribunedufaso.net\\\/wp-content\\\/uploads\\\/2020\\\/08\\\/Logo-Tribune-du-Faso-final-scaled.jpg\",\"width\":2560,\"height\":1856,\"caption\":\"La Tribune du Faso\"},\"image\":{\"@id\":\"https:\\\/\\\/www.latribunedufaso.net\\\/#\\\/schema\\\/logo\\\/image\\\/\"},\"sameAs\":[\"https:\\\/\\\/www.facebook.com\\\/LatribuneduFaso\\\/\"]},{\"@type\":\"Person\",\"@id\":\"https:\\\/\\\/www.latribunedufaso.net\\\/#\\\/schema\\\/person\\\/e54e64c5778a7e72cf80a318b7a622b0\",\"name\":\"Issouf Tapsoba\",\"image\":{\"@type\":\"ImageObject\",\"inLanguage\":\"fr-FR\",\"@id\":\"https:\\\/\\\/secure.gravatar.com\\\/avatar\\\/5e6c05150ce3230247d167f5b94d678eb05936197436d69b7921e3a95c9107ac?s=96&d=mm&r=g\",\"url\":\"https:\\\/\\\/secure.gravatar.com\\\/avatar\\\/5e6c05150ce3230247d167f5b94d678eb05936197436d69b7921e3a95c9107ac?s=96&d=mm&r=g\",\"contentUrl\":\"https:\\\/\\\/secure.gravatar.com\\\/avatar\\\/5e6c05150ce3230247d167f5b94d678eb05936197436d69b7921e3a95c9107ac?s=96&d=mm&r=g\",\"caption\":\"Issouf Tapsoba\"},\"url\":\"https:\\\/\\\/www.latribunedufaso.net\\\/?author=5\"}]}<\/script>\n<!-- \/ Yoast SEO plugin. -->","yoast_head_json":{"title":"25 ans de mission : La Congr\u00e9gation Don Orione c\u00e9l\u00e8bre son jubil\u00e9 d\u2019argent au Burkina Faso - La Tribune du Faso","robots":{"index":"index","follow":"follow","max-snippet":"max-snippet:-1","max-image-preview":"max-image-preview:large","max-video-preview":"max-video-preview:-1"},"canonical":"https:\/\/www.latribunedufaso.net\/?p=20451","og_locale":"fr_FR","og_type":"article","og_title":"25 ans de mission : La Congr\u00e9gation Don Orione c\u00e9l\u00e8bre son jubil\u00e9 d\u2019argent au Burkina Faso - La Tribune du Faso","og_description":"Pr\u00e9sente depuis 1999 au Burkina Faso, la Petite \u0152uvre de la Divine Providence, commun\u00e9ment appel\u00e9e Congr\u00e9gation Don Orione, c\u00e9l\u00e8bre cette ann\u00e9e son jubil\u00e9 d\u2019argent. La c\u00e9r\u00e9monie officielle de c\u00e9l\u00e9bration conclusive aura lieu le dimanche 18 mai 2025 \u00e0 la Maison Don Orione de Ouagadougou, sous le haut patronage de Mgr Prosper Kontiebo, Archev\u00eaque m\u00e9tropolitain de Ouagadougou et de Mgr Modeste Kambou, \u00c9v\u00eaque du dioc\u00e8se de Gaoua. \u00c0 cette occasion, une \u00e9quipe de latribunedufaso.net a rencontr\u00e9 le P\u00e8re Alain Kini, repr\u00e9sentant de la Congr\u00e9gation au Burkina, pour faire le point sur cette mission vieille de 25 ans.","og_url":"https:\/\/www.latribunedufaso.net\/?p=20451","og_site_name":"La Tribune du Faso","article_publisher":"https:\/\/www.facebook.com\/LatribuneduFaso\/","article_published_time":"2025-05-11T21:34:44+00:00","article_modified_time":"2025-05-30T20:05:14+00:00","og_image":[{"width":2560,"height":1920,"url":"https:\/\/www.latribunedufaso.net\/wp-content\/uploads\/2025\/05\/IMG_20250509_155704_503-scaled.jpg","type":"image\/jpeg"}],"author":"Issouf Tapsoba","twitter_misc":{"\u00c9crit par":"Issouf Tapsoba","Dur\u00e9e de lecture estim\u00e9e":"6 minutes"},"schema":{"@context":"https:\/\/schema.org","@graph":[{"@type":"Article","@id":"https:\/\/www.latribunedufaso.net\/?p=20451#article","isPartOf":{"@id":"https:\/\/www.latribunedufaso.net\/?p=20451"},"author":{"name":"Issouf Tapsoba","@id":"https:\/\/www.latribunedufaso.net\/#\/schema\/person\/e54e64c5778a7e72cf80a318b7a622b0"},"headline":"25 ans de mission : La Congr\u00e9gation Don Orione c\u00e9l\u00e8bre son jubil\u00e9 d\u2019argent au Burkina Faso","datePublished":"2025-05-11T21:34:44+00:00","dateModified":"2025-05-30T20:05:14+00:00","mainEntityOfPage":{"@id":"https:\/\/www.latribunedufaso.net\/?p=20451"},"wordCount":1201,"commentCount":0,"publisher":{"@id":"https:\/\/www.latribunedufaso.net\/#organization"},"image":{"@id":"https:\/\/www.latribunedufaso.net\/?p=20451#primaryimage"},"thumbnailUrl":"https:\/\/www.latribunedufaso.net\/wp-content\/uploads\/2025\/05\/IMG_20250509_155704_503-scaled.jpg","keywords":["Congratulation Don Orione","Eglise catholique","Jubil\u00e9 d'argent de la Congr\u00e9gation Don Orione","la Petite \u0152uvre de la Divine Providence","latribunedufaso.net"],"articleSection":["A la une","Actualit\u00e9","Soci\u00e9t\u00e9"],"inLanguage":"fr-FR","potentialAction":[{"@type":"CommentAction","name":"Comment","target":["https:\/\/www.latribunedufaso.net\/?p=20451#respond"]}]},{"@type":"WebPage","@id":"https:\/\/www.latribunedufaso.net\/?p=20451","url":"https:\/\/www.latribunedufaso.net\/?p=20451","name":"25 ans de mission : La Congr\u00e9gation Don Orione c\u00e9l\u00e8bre son jubil\u00e9 d\u2019argent au Burkina Faso - La Tribune du Faso","isPartOf":{"@id":"https:\/\/www.latribunedufaso.net\/#website"},"primaryImageOfPage":{"@id":"https:\/\/www.latribunedufaso.net\/?p=20451#primaryimage"},"image":{"@id":"https:\/\/www.latribunedufaso.net\/?p=20451#primaryimage"},"thumbnailUrl":"https:\/\/www.latribunedufaso.net\/wp-content\/uploads\/2025\/05\/IMG_20250509_155704_503-scaled.jpg","datePublished":"2025-05-11T21:34:44+00:00","dateModified":"2025-05-30T20:05:14+00:00","breadcrumb":{"@id":"https:\/\/www.latribunedufaso.net\/?p=20451#breadcrumb"},"inLanguage":"fr-FR","potentialAction":[{"@type":"ReadAction","target":["https:\/\/www.latribunedufaso.net\/?p=20451"]}]},{"@type":"ImageObject","inLanguage":"fr-FR","@id":"https:\/\/www.latribunedufaso.net\/?p=20451#primaryimage","url":"https:\/\/www.latribunedufaso.net\/wp-content\/uploads\/2025\/05\/IMG_20250509_155704_503-scaled.jpg","contentUrl":"https:\/\/www.latribunedufaso.net\/wp-content\/uploads\/2025\/05\/IMG_20250509_155704_503-scaled.jpg","width":2560,"height":1920,"caption":"Le P\u00e8re Alain Kini, repr\u00e9sentant de la Congr\u00e9gation Don Orione au Burkina - Ph. I. Tapsoba"},{"@type":"BreadcrumbList","@id":"https:\/\/www.latribunedufaso.net\/?p=20451#breadcrumb","itemListElement":[{"@type":"ListItem","position":1,"name":"Accueil","item":"https:\/\/www.latribunedufaso.net\/"},{"@type":"ListItem","position":2,"name":"25 ans de mission : La Congr\u00e9gation Don Orione c\u00e9l\u00e8bre son jubil\u00e9 d\u2019argent au Burkina Faso"}]},{"@type":"WebSite","@id":"https:\/\/www.latribunedufaso.net\/#website","url":"https:\/\/www.latribunedufaso.net\/","name":"La Tribune du Faso","description":"L&#039;information du monde rural en un clic","publisher":{"@id":"https:\/\/www.latribunedufaso.net\/#organization"},"potentialAction":[{"@type":"SearchAction","target":{"@type":"EntryPoint","urlTemplate":"https:\/\/www.latribunedufaso.net\/?s={search_term_string}"},"query-input":{"@type":"PropertyValueSpecification","valueRequired":true,"valueName":"search_term_string"}}],"inLanguage":"fr-FR"},{"@type":"Organization","@id":"https:\/\/www.latribunedufaso.net\/#organization","name":"La Tribune du Faso","url":"https:\/\/www.latribunedufaso.net\/","logo":{"@type":"ImageObject","inLanguage":"fr-FR","@id":"https:\/\/www.latribunedufaso.net\/#\/schema\/logo\/image\/","url":"https:\/\/www.latribunedufaso.net\/wp-content\/uploads\/2020\/08\/Logo-Tribune-du-Faso-final-scaled.jpg","contentUrl":"https:\/\/www.latribunedufaso.net\/wp-content\/uploads\/2020\/08\/Logo-Tribune-du-Faso-final-scaled.jpg","width":2560,"height":1856,"caption":"La Tribune du Faso"},"image":{"@id":"https:\/\/www.latribunedufaso.net\/#\/schema\/logo\/image\/"},"sameAs":["https:\/\/www.facebook.com\/LatribuneduFaso\/"]},{"@type":"Person","@id":"https:\/\/www.latribunedufaso.net\/#\/schema\/person\/e54e64c5778a7e72cf80a318b7a622b0","name":"Issouf Tapsoba","image":{"@type":"ImageObject","inLanguage":"fr-FR","@id":"https:\/\/secure.gravatar.com\/avatar\/5e6c05150ce3230247d167f5b94d678eb05936197436d69b7921e3a95c9107ac?s=96&d=mm&r=g","url":"https:\/\/secure.gravatar.com\/avatar\/5e6c05150ce3230247d167f5b94d678eb05936197436d69b7921e3a95c9107ac?s=96&d=mm&r=g","contentUrl":"https:\/\/secure.gravatar.com\/avatar\/5e6c05150ce3230247d167f5b94d678eb05936197436d69b7921e3a95c9107ac?s=96&d=mm&r=g","caption":"Issouf Tapsoba"},"url":"https:\/\/www.latribunedufaso.net\/?author=5"}]}},"_links":{"self":[{"href":"https:\/\/www.latribunedufaso.net\/index.php?rest_route=\/wp\/v2\/posts\/20451","targetHints":{"allow":["GET"]}}],"collection":[{"href":"https:\/\/www.latribunedufaso.net\/index.php?rest_route=\/wp\/v2\/posts"}],"about":[{"href":"https:\/\/www.latribunedufaso.net\/index.php?rest_route=\/wp\/v2\/types\/post"}],"author":[{"embeddable":true,"href":"https:\/\/www.latribunedufaso.net\/index.php?rest_route=\/wp\/v2\/users\/5"}],"replies":[{"embeddable":true,"href":"https:\/\/www.latribunedufaso.net\/index.php?rest_route=%2Fwp%2Fv2%2Fcomments&post=20451"}],"version-history":[{"count":2,"href":"https:\/\/www.latribunedufaso.net\/index.php?rest_route=\/wp\/v2\/posts\/20451\/revisions"}],"predecessor-version":[{"id":20960,"href":"https:\/\/www.latribunedufaso.net\/index.php?rest_route=\/wp\/v2\/posts\/20451\/revisions\/20960"}],"wp:featuredmedia":[{"embeddable":true,"href":"https:\/\/www.latribunedufaso.net\/index.php?rest_route=\/wp\/v2\/media\/20452"}],"wp:attachment":[{"href":"https:\/\/www.latribunedufaso.net\/index.php?rest_route=%2Fwp%2Fv2%2Fmedia&parent=20451"}],"wp:term":[{"taxonomy":"category","embeddable":true,"href":"https:\/\/www.latribunedufaso.net\/index.php?rest_route=%2Fwp%2Fv2%2Fcategories&post=20451"},{"taxonomy":"post_tag","embeddable":true,"href":"https:\/\/www.latribunedufaso.net\/index.php?rest_route=%2Fwp%2Fv2%2Ftags&post=20451"}],"curies":[{"name":"wp","href":"https:\/\/api.w.org\/{rel}","templated":true}]}}