{"id":20430,"date":"2025-05-10T18:36:31","date_gmt":"2025-05-10T18:36:31","guid":{"rendered":"https:\/\/www.latribunedufaso.net\/?p=20430"},"modified":"2025-05-10T18:36:31","modified_gmt":"2025-05-10T18:36:31","slug":"burkina-energie-vers-une-nouvelle-strategie-nationale-energetique","status":"publish","type":"post","link":"https:\/\/www.latribunedufaso.net\/?p=20430","title":{"rendered":"Burkina\/Energie : Vers une nouvelle Strat\u00e9gie nationale \u00e9nerg\u00e9tique\u00a0"},"content":{"rendered":"<p><strong>Le Secr\u00e9taire g\u00e9n\u00e9ral (SG) du minist\u00e8re de l\u2019Energie, des Mines et des Carri\u00e8res (MEMC), Doulaye Sanou, a pr\u00e9sid\u00e9 les travaux de l&rsquo;\u00e9laboration de la nouvelle strat\u00e9gie nationale de l&rsquo;\u00e9nergie, le 9 mai 2025 \u00e0 Ouagadougou.<\/strong><!--more--><\/p>\n<p>Cette rencontre a eu pour objet, la validation de la feuille de route et la m\u00e9thodologie d\u2019\u00e9laboration de la nouvelle strat\u00e9gie assortie de son premier plan d\u2019actions triennal.<\/p>\n<p>Organis\u00e9e par la Direction g\u00e9n\u00e9rale des \u00e9tudes et des statistiques sectorielles (DGESS), cette r\u00e9union intervient apr\u00e8s l\u2019\u00e9valuation finale de la Strat\u00e9gie 2019-2023 qui a permis de prendre en compte les nouveaux d\u00e9fis pour \u00eatre en coh\u00e9rence avec la Politique nationale de d\u00e9veloppement (PND). Et pour l\u2019\u00e9laboration de cette strat\u00e9gie, le MEMC a re\u00e7u l\u2019autorisation pr\u00e9alable de la Commission nationale de la planification et de d\u00e9veloppement (CNPD).\u00a0<\/p>\n<figure id=\"attachment_20433\" aria-describedby=\"caption-attachment-20433\" style=\"width: 720px\" class=\"wp-caption aligncenter\"><a href=\"https:\/\/www.latribunedufaso.net\/wp-content\/uploads\/2025\/05\/FB_IMG_1746901782433.jpg\"><img loading=\"lazy\" decoding=\"async\" class=\"size-full wp-image-20433\" src=\"https:\/\/www.latribunedufaso.net\/wp-content\/uploads\/2025\/05\/FB_IMG_1746901782433.jpg\" alt=\"Le SG du minist\u00e8re en charge des Mines, Doulaye Sanou a pr\u00e9sid\u00e9 les travaux de l'\u00e9laboration de la nouvelle strat\u00e9gie nationale de l'\u00e9nergie, le 9 mai 2025 \u00e0 Ouagadougou\" width=\"720\" height=\"342\" srcset=\"https:\/\/www.latribunedufaso.net\/wp-content\/uploads\/2025\/05\/FB_IMG_1746901782433.jpg 720w, https:\/\/www.latribunedufaso.net\/wp-content\/uploads\/2025\/05\/FB_IMG_1746901782433-300x143.jpg 300w\" sizes=\"auto, (max-width: 720px) 100vw, 720px\" \/><\/a><figcaption id=\"caption-attachment-20433\" class=\"wp-caption-text\">Une vue des participants lors de la rencontre &#8211; Ph. DR<\/figcaption><\/figure>\n<p>Le pr\u00e9sent cadre de dialogue a r\u00e9uni, en plus des acteurs de l\u2019\u00e9nergie, des repr\u00e9sentants d\u2019autres minist\u00e8res, les PTF et des planificateurs. Il a permis \u00e0 la DGESS de pr\u00e9senter le cadre logique et de mesurer la performance et le cadre programmatique du plan d\u2019actions des activit\u00e9s \u00e0 mettre en \u0153uvre pour la p\u00e9riode 2026-2028.<\/p>\n<figure id=\"attachment_20431\" aria-describedby=\"caption-attachment-20431\" style=\"width: 720px\" class=\"wp-caption aligncenter\"><a href=\"https:\/\/www.latribunedufaso.net\/wp-content\/uploads\/2025\/05\/FB_IMG_1746901775296.jpg\"><img loading=\"lazy\" decoding=\"async\" class=\"size-full wp-image-20431\" src=\"https:\/\/www.latribunedufaso.net\/wp-content\/uploads\/2025\/05\/FB_IMG_1746901775296.jpg\" alt=\"Le SG du minist\u00e8re en charge des Mines, Doulaye Sanou a pr\u00e9sid\u00e9 les travaux de l'\u00e9laboration de la nouvelle strat\u00e9gie nationale de l'\u00e9nergie, le 9 mai 2025 \u00e0 Ouagadougou\" width=\"720\" height=\"626\" srcset=\"https:\/\/www.latribunedufaso.net\/wp-content\/uploads\/2025\/05\/FB_IMG_1746901775296.jpg 720w, https:\/\/www.latribunedufaso.net\/wp-content\/uploads\/2025\/05\/FB_IMG_1746901775296-300x261.jpg 300w\" sizes=\"auto, (max-width: 720px) 100vw, 720px\" \/><\/a><figcaption id=\"caption-attachment-20431\" class=\"wp-caption-text\">Le Secr\u00e9taire g\u00e9n\u00e9ral du minist\u00e8re en charge de l&rsquo;Energie, Doulaye Sanou a pr\u00e9sid\u00e9 la rencontre &#8211; Ph. DR<\/figcaption><\/figure>\n<p>Selon le SG, Doulaye Sanou, il s\u2019agit d\u2019harmoniser la compr\u00e9hension des canevas de collecte des donn\u00e9es et d\u2019adopter la feuille de route. Et pour cela, il a invit\u00e9 les participants \u00e0 prendre en compte les r\u00e9centes orientations du gouvernement sur le budget et de renforcer l\u2019encadrement des interventions des acteurs du domaine de l\u2019\u00e9nergie pour les cinq prochaines ann\u00e9es.<\/p>\n<p><strong>Latribunedufaso.net<\/strong><\/p>\n<p><strong>Source : DCRP MEMC<\/strong><\/p>\n<blockquote>\n<p>Lire aussi &gt;&gt; <a href=\"https:\/\/www.latribunedufaso.net\/?p=16726\">Bonne conduite des projets dans le domaine de l\u2019\u00e9nergie solaire : Le Burkina Faso re\u00e7oit un troph\u00e9e \u00e0 la 7\u00e8me session de l\u2019ISA<\/a><\/p>\n<\/blockquote>\n","protected":false},"excerpt":{"rendered":"<p>Le Secr\u00e9taire g\u00e9n\u00e9ral (SG) du minist\u00e8re de l\u2019Energie, des Mines et des Carri\u00e8res (MEMC), Doulaye Sanou, a pr\u00e9sid\u00e9 les travaux de l&rsquo;\u00e9laboration de la nouvelle strat\u00e9gie nationale de l&rsquo;\u00e9nergie, le 9 mai 2025 \u00e0 Ouagadougou.<\/p>\n","protected":false},"author":5,"featured_media":20432,"comment_status":"open","ping_status":"open","sticky":false,"template":"","format":"standard","meta":{"footnotes":""},"categories":[13,1,20],"tags":[988,53,39],"class_list":["post-20430","post","type-post","status-publish","format-standard","has-post-thumbnail","hentry","category-une","category-actu","category-energie","tag-elaboration-dune-nouvelle-strategie-nationale-denergie","tag-energie","tag-latribunedufaso-net"],"yoast_head":"<!-- This site is optimized with the Yoast SEO plugin v27.5 - https:\/\/yoast.com\/product\/yoast-seo-wordpress\/ -->\n<title>Burkina\/Energie : Vers une nouvelle Strat\u00e9gie nationale \u00e9nerg\u00e9tique\u00a0 - La Tribune du Faso<\/title>\n<meta name=\"robots\" content=\"index, follow, max-snippet:-1, max-image-preview:large, max-video-preview:-1\" \/>\n<link rel=\"canonical\" href=\"https:\/\/www.latribunedufaso.net\/?p=20430\" \/>\n<meta property=\"og:locale\" content=\"fr_FR\" \/>\n<meta property=\"og:type\" content=\"article\" \/>\n<meta property=\"og:title\" content=\"Burkina\/Energie : Vers une nouvelle Strat\u00e9gie nationale \u00e9nerg\u00e9tique\u00a0 - La Tribune du Faso\" \/>\n<meta property=\"og:description\" content=\"Le Secr\u00e9taire g\u00e9n\u00e9ral (SG) du minist\u00e8re de l\u2019Energie, des Mines et des Carri\u00e8res (MEMC), Doulaye Sanou, a pr\u00e9sid\u00e9 les travaux de l&rsquo;\u00e9laboration de la nouvelle strat\u00e9gie nationale de l&rsquo;\u00e9nergie, le 9 mai 2025 \u00e0 Ouagadougou.\" \/>\n<meta property=\"og:url\" content=\"https:\/\/www.latribunedufaso.net\/?p=20430\" \/>\n<meta property=\"og:site_name\" content=\"La Tribune du Faso\" \/>\n<meta property=\"article:publisher\" content=\"https:\/\/www.facebook.com\/LatribuneduFaso\/\" \/>\n<meta property=\"article:published_time\" content=\"2025-05-10T18:36:31+00:00\" \/>\n<meta property=\"og:image\" content=\"https:\/\/www.latribunedufaso.net\/wp-content\/uploads\/2025\/05\/FB_IMG_1746901756528.jpg\" \/>\n\t<meta property=\"og:image:width\" content=\"720\" \/>\n\t<meta property=\"og:image:height\" content=\"386\" \/>\n\t<meta property=\"og:image:type\" content=\"image\/jpeg\" \/>\n<meta name=\"author\" content=\"Issouf Tapsoba\" \/>\n<meta name=\"twitter:label1\" content=\"\u00c9crit par\" \/>\n\t<meta name=\"twitter:data1\" content=\"Issouf Tapsoba\" \/>\n\t<meta name=\"twitter:label2\" content=\"Dur\u00e9e de lecture estim\u00e9e\" \/>\n\t<meta name=\"twitter:data2\" content=\"2 minutes\" \/>\n<script type=\"application\/ld+json\" class=\"yoast-schema-graph\">{\"@context\":\"https:\\\/\\\/schema.org\",\"@graph\":[{\"@type\":\"Article\",\"@id\":\"https:\\\/\\\/www.latribunedufaso.net\\\/?p=20430#article\",\"isPartOf\":{\"@id\":\"https:\\\/\\\/www.latribunedufaso.net\\\/?p=20430\"},\"author\":{\"name\":\"Issouf Tapsoba\",\"@id\":\"https:\\\/\\\/www.latribunedufaso.net\\\/#\\\/schema\\\/person\\\/e54e64c5778a7e72cf80a318b7a622b0\"},\"headline\":\"Burkina\\\/Energie : Vers une nouvelle Strat\u00e9gie nationale \u00e9nerg\u00e9tique\u00a0\",\"datePublished\":\"2025-05-10T18:36:31+00:00\",\"mainEntityOfPage\":{\"@id\":\"https:\\\/\\\/www.latribunedufaso.net\\\/?p=20430\"},\"wordCount\":379,\"commentCount\":0,\"publisher\":{\"@id\":\"https:\\\/\\\/www.latribunedufaso.net\\\/#organization\"},\"image\":{\"@id\":\"https:\\\/\\\/www.latribunedufaso.net\\\/?p=20430#primaryimage\"},\"thumbnailUrl\":\"https:\\\/\\\/www.latribunedufaso.net\\\/wp-content\\\/uploads\\\/2025\\\/05\\\/FB_IMG_1746901756528.jpg\",\"keywords\":[\"\u00c9laboration d'une nouvelle strat\u00e9gie nationale d'\u00e9nergie\",\"\u00e9nergie\",\"latribunedufaso.net\"],\"articleSection\":[\"A la une\",\"Actualit\u00e9\",\"Energie\"],\"inLanguage\":\"fr-FR\",\"potentialAction\":[{\"@type\":\"CommentAction\",\"name\":\"Comment\",\"target\":[\"https:\\\/\\\/www.latribunedufaso.net\\\/?p=20430#respond\"]}]},{\"@type\":\"WebPage\",\"@id\":\"https:\\\/\\\/www.latribunedufaso.net\\\/?p=20430\",\"url\":\"https:\\\/\\\/www.latribunedufaso.net\\\/?p=20430\",\"name\":\"Burkina\\\/Energie : Vers une nouvelle Strat\u00e9gie nationale \u00e9nerg\u00e9tique\u00a0 - La Tribune du Faso\",\"isPartOf\":{\"@id\":\"https:\\\/\\\/www.latribunedufaso.net\\\/#website\"},\"primaryImageOfPage\":{\"@id\":\"https:\\\/\\\/www.latribunedufaso.net\\\/?p=20430#primaryimage\"},\"image\":{\"@id\":\"https:\\\/\\\/www.latribunedufaso.net\\\/?p=20430#primaryimage\"},\"thumbnailUrl\":\"https:\\\/\\\/www.latribunedufaso.net\\\/wp-content\\\/uploads\\\/2025\\\/05\\\/FB_IMG_1746901756528.jpg\",\"datePublished\":\"2025-05-10T18:36:31+00:00\",\"breadcrumb\":{\"@id\":\"https:\\\/\\\/www.latribunedufaso.net\\\/?p=20430#breadcrumb\"},\"inLanguage\":\"fr-FR\",\"potentialAction\":[{\"@type\":\"ReadAction\",\"target\":[\"https:\\\/\\\/www.latribunedufaso.net\\\/?p=20430\"]}]},{\"@type\":\"ImageObject\",\"inLanguage\":\"fr-FR\",\"@id\":\"https:\\\/\\\/www.latribunedufaso.net\\\/?p=20430#primaryimage\",\"url\":\"https:\\\/\\\/www.latribunedufaso.net\\\/wp-content\\\/uploads\\\/2025\\\/05\\\/FB_IMG_1746901756528.jpg\",\"contentUrl\":\"https:\\\/\\\/www.latribunedufaso.net\\\/wp-content\\\/uploads\\\/2025\\\/05\\\/FB_IMG_1746901756528.jpg\",\"width\":720,\"height\":386,\"caption\":\"Le SG du minist\u00e8re en charge des Mines, Doulaye Sanou a pr\u00e9sid\u00e9 les travaux de l'\u00e9laboration de la nouvelle strat\u00e9gie nationale de l'\u00e9nergie, le 9 mai 2025 \u00e0 Ouagadougou\"},{\"@type\":\"BreadcrumbList\",\"@id\":\"https:\\\/\\\/www.latribunedufaso.net\\\/?p=20430#breadcrumb\",\"itemListElement\":[{\"@type\":\"ListItem\",\"position\":1,\"name\":\"Accueil\",\"item\":\"https:\\\/\\\/www.latribunedufaso.net\\\/\"},{\"@type\":\"ListItem\",\"position\":2,\"name\":\"Burkina\\\/Energie : Vers une nouvelle Strat\u00e9gie nationale \u00e9nerg\u00e9tique\u00a0\"}]},{\"@type\":\"WebSite\",\"@id\":\"https:\\\/\\\/www.latribunedufaso.net\\\/#website\",\"url\":\"https:\\\/\\\/www.latribunedufaso.net\\\/\",\"name\":\"La Tribune du Faso\",\"description\":\"L&#039;information du monde rural en un clic\",\"publisher\":{\"@id\":\"https:\\\/\\\/www.latribunedufaso.net\\\/#organization\"},\"potentialAction\":[{\"@type\":\"SearchAction\",\"target\":{\"@type\":\"EntryPoint\",\"urlTemplate\":\"https:\\\/\\\/www.latribunedufaso.net\\\/?s={search_term_string}\"},\"query-input\":{\"@type\":\"PropertyValueSpecification\",\"valueRequired\":true,\"valueName\":\"search_term_string\"}}],\"inLanguage\":\"fr-FR\"},{\"@type\":\"Organization\",\"@id\":\"https:\\\/\\\/www.latribunedufaso.net\\\/#organization\",\"name\":\"La Tribune du Faso\",\"url\":\"https:\\\/\\\/www.latribunedufaso.net\\\/\",\"logo\":{\"@type\":\"ImageObject\",\"inLanguage\":\"fr-FR\",\"@id\":\"https:\\\/\\\/www.latribunedufaso.net\\\/#\\\/schema\\\/logo\\\/image\\\/\",\"url\":\"https:\\\/\\\/www.latribunedufaso.net\\\/wp-content\\\/uploads\\\/2020\\\/08\\\/Logo-Tribune-du-Faso-final-scaled.jpg\",\"contentUrl\":\"https:\\\/\\\/www.latribunedufaso.net\\\/wp-content\\\/uploads\\\/2020\\\/08\\\/Logo-Tribune-du-Faso-final-scaled.jpg\",\"width\":2560,\"height\":1856,\"caption\":\"La Tribune du Faso\"},\"image\":{\"@id\":\"https:\\\/\\\/www.latribunedufaso.net\\\/#\\\/schema\\\/logo\\\/image\\\/\"},\"sameAs\":[\"https:\\\/\\\/www.facebook.com\\\/LatribuneduFaso\\\/\"]},{\"@type\":\"Person\",\"@id\":\"https:\\\/\\\/www.latribunedufaso.net\\\/#\\\/schema\\\/person\\\/e54e64c5778a7e72cf80a318b7a622b0\",\"name\":\"Issouf Tapsoba\",\"image\":{\"@type\":\"ImageObject\",\"inLanguage\":\"fr-FR\",\"@id\":\"https:\\\/\\\/secure.gravatar.com\\\/avatar\\\/5e6c05150ce3230247d167f5b94d678eb05936197436d69b7921e3a95c9107ac?s=96&d=mm&r=g\",\"url\":\"https:\\\/\\\/secure.gravatar.com\\\/avatar\\\/5e6c05150ce3230247d167f5b94d678eb05936197436d69b7921e3a95c9107ac?s=96&d=mm&r=g\",\"contentUrl\":\"https:\\\/\\\/secure.gravatar.com\\\/avatar\\\/5e6c05150ce3230247d167f5b94d678eb05936197436d69b7921e3a95c9107ac?s=96&d=mm&r=g\",\"caption\":\"Issouf Tapsoba\"},\"url\":\"https:\\\/\\\/www.latribunedufaso.net\\\/?author=5\"}]}<\/script>\n<!-- \/ Yoast SEO plugin. -->","yoast_head_json":{"title":"Burkina\/Energie : Vers une nouvelle Strat\u00e9gie nationale \u00e9nerg\u00e9tique\u00a0 - La Tribune du Faso","robots":{"index":"index","follow":"follow","max-snippet":"max-snippet:-1","max-image-preview":"max-image-preview:large","max-video-preview":"max-video-preview:-1"},"canonical":"https:\/\/www.latribunedufaso.net\/?p=20430","og_locale":"fr_FR","og_type":"article","og_title":"Burkina\/Energie : Vers une nouvelle Strat\u00e9gie nationale \u00e9nerg\u00e9tique\u00a0 - La Tribune du Faso","og_description":"Le Secr\u00e9taire g\u00e9n\u00e9ral (SG) du minist\u00e8re de l\u2019Energie, des Mines et des Carri\u00e8res (MEMC), Doulaye Sanou, a pr\u00e9sid\u00e9 les travaux de l&rsquo;\u00e9laboration de la nouvelle strat\u00e9gie nationale de l&rsquo;\u00e9nergie, le 9 mai 2025 \u00e0 Ouagadougou.","og_url":"https:\/\/www.latribunedufaso.net\/?p=20430","og_site_name":"La Tribune du Faso","article_publisher":"https:\/\/www.facebook.com\/LatribuneduFaso\/","article_published_time":"2025-05-10T18:36:31+00:00","og_image":[{"width":720,"height":386,"url":"https:\/\/www.latribunedufaso.net\/wp-content\/uploads\/2025\/05\/FB_IMG_1746901756528.jpg","type":"image\/jpeg"}],"author":"Issouf Tapsoba","twitter_misc":{"\u00c9crit par":"Issouf Tapsoba","Dur\u00e9e de lecture estim\u00e9e":"2 minutes"},"schema":{"@context":"https:\/\/schema.org","@graph":[{"@type":"Article","@id":"https:\/\/www.latribunedufaso.net\/?p=20430#article","isPartOf":{"@id":"https:\/\/www.latribunedufaso.net\/?p=20430"},"author":{"name":"Issouf Tapsoba","@id":"https:\/\/www.latribunedufaso.net\/#\/schema\/person\/e54e64c5778a7e72cf80a318b7a622b0"},"headline":"Burkina\/Energie : Vers une nouvelle Strat\u00e9gie nationale \u00e9nerg\u00e9tique\u00a0","datePublished":"2025-05-10T18:36:31+00:00","mainEntityOfPage":{"@id":"https:\/\/www.latribunedufaso.net\/?p=20430"},"wordCount":379,"commentCount":0,"publisher":{"@id":"https:\/\/www.latribunedufaso.net\/#organization"},"image":{"@id":"https:\/\/www.latribunedufaso.net\/?p=20430#primaryimage"},"thumbnailUrl":"https:\/\/www.latribunedufaso.net\/wp-content\/uploads\/2025\/05\/FB_IMG_1746901756528.jpg","keywords":["\u00c9laboration d'une nouvelle strat\u00e9gie nationale d'\u00e9nergie","\u00e9nergie","latribunedufaso.net"],"articleSection":["A la une","Actualit\u00e9","Energie"],"inLanguage":"fr-FR","potentialAction":[{"@type":"CommentAction","name":"Comment","target":["https:\/\/www.latribunedufaso.net\/?p=20430#respond"]}]},{"@type":"WebPage","@id":"https:\/\/www.latribunedufaso.net\/?p=20430","url":"https:\/\/www.latribunedufaso.net\/?p=20430","name":"Burkina\/Energie : Vers une nouvelle Strat\u00e9gie nationale \u00e9nerg\u00e9tique\u00a0 - La Tribune du Faso","isPartOf":{"@id":"https:\/\/www.latribunedufaso.net\/#website"},"primaryImageOfPage":{"@id":"https:\/\/www.latribunedufaso.net\/?p=20430#primaryimage"},"image":{"@id":"https:\/\/www.latribunedufaso.net\/?p=20430#primaryimage"},"thumbnailUrl":"https:\/\/www.latribunedufaso.net\/wp-content\/uploads\/2025\/05\/FB_IMG_1746901756528.jpg","datePublished":"2025-05-10T18:36:31+00:00","breadcrumb":{"@id":"https:\/\/www.latribunedufaso.net\/?p=20430#breadcrumb"},"inLanguage":"fr-FR","potentialAction":[{"@type":"ReadAction","target":["https:\/\/www.latribunedufaso.net\/?p=20430"]}]},{"@type":"ImageObject","inLanguage":"fr-FR","@id":"https:\/\/www.latribunedufaso.net\/?p=20430#primaryimage","url":"https:\/\/www.latribunedufaso.net\/wp-content\/uploads\/2025\/05\/FB_IMG_1746901756528.jpg","contentUrl":"https:\/\/www.latribunedufaso.net\/wp-content\/uploads\/2025\/05\/FB_IMG_1746901756528.jpg","width":720,"height":386,"caption":"Le SG du minist\u00e8re en charge des Mines, Doulaye Sanou a pr\u00e9sid\u00e9 les travaux de l'\u00e9laboration de la nouvelle strat\u00e9gie nationale de l'\u00e9nergie, le 9 mai 2025 \u00e0 Ouagadougou"},{"@type":"BreadcrumbList","@id":"https:\/\/www.latribunedufaso.net\/?p=20430#breadcrumb","itemListElement":[{"@type":"ListItem","position":1,"name":"Accueil","item":"https:\/\/www.latribunedufaso.net\/"},{"@type":"ListItem","position":2,"name":"Burkina\/Energie : Vers une nouvelle Strat\u00e9gie nationale \u00e9nerg\u00e9tique\u00a0"}]},{"@type":"WebSite","@id":"https:\/\/www.latribunedufaso.net\/#website","url":"https:\/\/www.latribunedufaso.net\/","name":"La Tribune du Faso","description":"L&#039;information du monde rural en un clic","publisher":{"@id":"https:\/\/www.latribunedufaso.net\/#organization"},"potentialAction":[{"@type":"SearchAction","target":{"@type":"EntryPoint","urlTemplate":"https:\/\/www.latribunedufaso.net\/?s={search_term_string}"},"query-input":{"@type":"PropertyValueSpecification","valueRequired":true,"valueName":"search_term_string"}}],"inLanguage":"fr-FR"},{"@type":"Organization","@id":"https:\/\/www.latribunedufaso.net\/#organization","name":"La Tribune du Faso","url":"https:\/\/www.latribunedufaso.net\/","logo":{"@type":"ImageObject","inLanguage":"fr-FR","@id":"https:\/\/www.latribunedufaso.net\/#\/schema\/logo\/image\/","url":"https:\/\/www.latribunedufaso.net\/wp-content\/uploads\/2020\/08\/Logo-Tribune-du-Faso-final-scaled.jpg","contentUrl":"https:\/\/www.latribunedufaso.net\/wp-content\/uploads\/2020\/08\/Logo-Tribune-du-Faso-final-scaled.jpg","width":2560,"height":1856,"caption":"La Tribune du Faso"},"image":{"@id":"https:\/\/www.latribunedufaso.net\/#\/schema\/logo\/image\/"},"sameAs":["https:\/\/www.facebook.com\/LatribuneduFaso\/"]},{"@type":"Person","@id":"https:\/\/www.latribunedufaso.net\/#\/schema\/person\/e54e64c5778a7e72cf80a318b7a622b0","name":"Issouf Tapsoba","image":{"@type":"ImageObject","inLanguage":"fr-FR","@id":"https:\/\/secure.gravatar.com\/avatar\/5e6c05150ce3230247d167f5b94d678eb05936197436d69b7921e3a95c9107ac?s=96&d=mm&r=g","url":"https:\/\/secure.gravatar.com\/avatar\/5e6c05150ce3230247d167f5b94d678eb05936197436d69b7921e3a95c9107ac?s=96&d=mm&r=g","contentUrl":"https:\/\/secure.gravatar.com\/avatar\/5e6c05150ce3230247d167f5b94d678eb05936197436d69b7921e3a95c9107ac?s=96&d=mm&r=g","caption":"Issouf Tapsoba"},"url":"https:\/\/www.latribunedufaso.net\/?author=5"}]}},"_links":{"self":[{"href":"https:\/\/www.latribunedufaso.net\/index.php?rest_route=\/wp\/v2\/posts\/20430","targetHints":{"allow":["GET"]}}],"collection":[{"href":"https:\/\/www.latribunedufaso.net\/index.php?rest_route=\/wp\/v2\/posts"}],"about":[{"href":"https:\/\/www.latribunedufaso.net\/index.php?rest_route=\/wp\/v2\/types\/post"}],"author":[{"embeddable":true,"href":"https:\/\/www.latribunedufaso.net\/index.php?rest_route=\/wp\/v2\/users\/5"}],"replies":[{"embeddable":true,"href":"https:\/\/www.latribunedufaso.net\/index.php?rest_route=%2Fwp%2Fv2%2Fcomments&post=20430"}],"version-history":[{"count":1,"href":"https:\/\/www.latribunedufaso.net\/index.php?rest_route=\/wp\/v2\/posts\/20430\/revisions"}],"predecessor-version":[{"id":20434,"href":"https:\/\/www.latribunedufaso.net\/index.php?rest_route=\/wp\/v2\/posts\/20430\/revisions\/20434"}],"wp:featuredmedia":[{"embeddable":true,"href":"https:\/\/www.latribunedufaso.net\/index.php?rest_route=\/wp\/v2\/media\/20432"}],"wp:attachment":[{"href":"https:\/\/www.latribunedufaso.net\/index.php?rest_route=%2Fwp%2Fv2%2Fmedia&parent=20430"}],"wp:term":[{"taxonomy":"category","embeddable":true,"href":"https:\/\/www.latribunedufaso.net\/index.php?rest_route=%2Fwp%2Fv2%2Fcategories&post=20430"},{"taxonomy":"post_tag","embeddable":true,"href":"https:\/\/www.latribunedufaso.net\/index.php?rest_route=%2Fwp%2Fv2%2Ftags&post=20430"}],"curies":[{"name":"wp","href":"https:\/\/api.w.org\/{rel}","templated":true}]}}