{"id":20425,"date":"2025-05-10T12:22:11","date_gmt":"2025-05-10T12:22:11","guid":{"rendered":"https:\/\/www.latribunedufaso.net\/?p=20425"},"modified":"2025-05-10T12:22:11","modified_gmt":"2025-05-10T12:22:11","slug":"sejour-officiel-du-president-du-faso-a-moscou-une-delegation-du-parlement-russe-recue-par-le-capitaine-ibrahim-traore","status":"publish","type":"post","link":"https:\/\/www.latribunedufaso.net\/?p=20425","title":{"rendered":"S\u00e9jour officiel du Pr\u00e9sident du Faso \u00e0 Moscou : Une d\u00e9l\u00e9gation du parlement russe re\u00e7ue par le Capitaine Ibrahim Traor\u00e9\u00a0"},"content":{"rendered":"<p><strong>Le Pr\u00e9sident du Faso, Chef de l\u2019\u00c9tat, le Capitaine Ibrahim Traor\u00e9, a re\u00e7u en audience, dans l\u2019apr\u00e8s-midi du 9 mai 2025, une d\u00e9l\u00e9gation de la Douma d\u2019\u00c9tat, le parlement de la F\u00e9d\u00e9ration de Russie, conduite par le d\u00e9put\u00e9 Dimitri Ivanovish Savielev, Coordonnateur du groupe d\u2019amiti\u00e9 avec le parlement du Burkina Faso.\u00a0<\/strong><!--more--><\/p>\n<p>Le renforcement de la coop\u00e9ration parlementaire entre les deux pays, \u00e9tait au c\u0153ur des \u00e9changes entre la d\u00e9l\u00e9gation des d\u00e9put\u00e9s russes et le Chef de l\u2019\u00c9tat burkinab\u00e8. Pr\u00e9cis\u00e9ment la coop\u00e9ration dans les domaines de l\u2019\u00e9ducation et de la culture.\u00a0<\/p>\n<figure id=\"attachment_20427\" aria-describedby=\"caption-attachment-20427\" style=\"width: 2560px\" class=\"wp-caption aligncenter\"><a href=\"https:\/\/www.latribunedufaso.net\/wp-content\/uploads\/2025\/05\/IMG-20250510-WA0061-scaled.jpg\"><img loading=\"lazy\" decoding=\"async\" class=\"size-full wp-image-20427\" src=\"https:\/\/www.latribunedufaso.net\/wp-content\/uploads\/2025\/05\/IMG-20250510-WA0061-scaled.jpg\" alt=\"En visite \u00e0 Moscou dans le cadre de la comm\u00e9moration du 80e anniversaire de la grande victoire russe sur les envahisseurs nazis, le Capitaine Ibrahim Traor\u00e9 a re\u00e7u en audience \u00e0 une d\u00e9l\u00e9gation de la Douma d\u2019\u00c9tat, le parlement de la F\u00e9d\u00e9ration de Russie, 9 mai 2025\" width=\"2560\" height=\"1786\" srcset=\"https:\/\/www.latribunedufaso.net\/wp-content\/uploads\/2025\/05\/IMG-20250510-WA0061-scaled.jpg 2560w, https:\/\/www.latribunedufaso.net\/wp-content\/uploads\/2025\/05\/IMG-20250510-WA0061-300x209.jpg 300w, https:\/\/www.latribunedufaso.net\/wp-content\/uploads\/2025\/05\/IMG-20250510-WA0061-1024x715.jpg 1024w, https:\/\/www.latribunedufaso.net\/wp-content\/uploads\/2025\/05\/IMG-20250510-WA0061-768x536.jpg 768w, https:\/\/www.latribunedufaso.net\/wp-content\/uploads\/2025\/05\/IMG-20250510-WA0061-1536x1072.jpg 1536w, https:\/\/www.latribunedufaso.net\/wp-content\/uploads\/2025\/05\/IMG-20250510-WA0061-2048x1429.jpg 2048w\" sizes=\"auto, (max-width: 2560px) 100vw, 2560px\" \/><\/a><figcaption id=\"caption-attachment-20427\" class=\"wp-caption-text\">La partie russe a \u00e9voqu\u00e9 les coop\u00e9rations parlementaire, \u00e9ducative et culturelle &#8211; Ph. DR<\/figcaption><\/figure>\n<p><em><strong>\u00ab Nous avons aussi discut\u00e9 des activit\u00e9s de la Maison russe, du Centre de la diplomatie publique \u00e0 Ouagadougou \u00bb,<\/strong><\/em> d\u00e9clare Dimitri Ivanovish Savielev, Coordonnateur du groupe d\u2019amiti\u00e9 avec le parlement du Burkina Faso.<\/p>\n<figure id=\"attachment_20426\" aria-describedby=\"caption-attachment-20426\" style=\"width: 2560px\" class=\"wp-caption aligncenter\"><a href=\"https:\/\/www.latribunedufaso.net\/wp-content\/uploads\/2025\/05\/IMG-20250510-WA0063-scaled.jpg\"><img loading=\"lazy\" decoding=\"async\" class=\"size-full wp-image-20426\" src=\"https:\/\/www.latribunedufaso.net\/wp-content\/uploads\/2025\/05\/IMG-20250510-WA0063-scaled.jpg\" alt=\"En visite \u00e0 Moscou dans le cadre de la comm\u00e9moration du 80e anniversaire de la grande victoire russe sur les envahisseurs nazis, le Capitaine Ibrahim Traor\u00e9 a re\u00e7u en audience \u00e0 une d\u00e9l\u00e9gation de la Douma d\u2019\u00c9tat, le parlement de la F\u00e9d\u00e9ration de Russie, 9 mai 2025\" width=\"2560\" height=\"1706\" srcset=\"https:\/\/www.latribunedufaso.net\/wp-content\/uploads\/2025\/05\/IMG-20250510-WA0063-scaled.jpg 2560w, https:\/\/www.latribunedufaso.net\/wp-content\/uploads\/2025\/05\/IMG-20250510-WA0063-300x200.jpg 300w, https:\/\/www.latribunedufaso.net\/wp-content\/uploads\/2025\/05\/IMG-20250510-WA0063-1024x683.jpg 1024w, https:\/\/www.latribunedufaso.net\/wp-content\/uploads\/2025\/05\/IMG-20250510-WA0063-768x512.jpg 768w, https:\/\/www.latribunedufaso.net\/wp-content\/uploads\/2025\/05\/IMG-20250510-WA0063-1536x1024.jpg 1536w, https:\/\/www.latribunedufaso.net\/wp-content\/uploads\/2025\/05\/IMG-20250510-WA0063-2048x1365.jpg 2048w, https:\/\/www.latribunedufaso.net\/wp-content\/uploads\/2025\/05\/IMG-20250510-WA0063-840x560.jpg 840w, https:\/\/www.latribunedufaso.net\/wp-content\/uploads\/2025\/05\/IMG-20250510-WA0063-120x80.jpg 120w, https:\/\/www.latribunedufaso.net\/wp-content\/uploads\/2025\/05\/IMG-20250510-WA0063-360x240.jpg 360w, https:\/\/www.latribunedufaso.net\/wp-content\/uploads\/2025\/05\/IMG-20250510-WA0063-600x400.jpg 600w\" sizes=\"auto, (max-width: 2560px) 100vw, 2560px\" \/><\/a><figcaption id=\"caption-attachment-20426\" class=\"wp-caption-text\">Dimitri Savielev, Coordonnateur du groupe d\u2019amiti\u00e9 parlementaire &#8211; Ph. DR<\/figcaption><\/figure>\n<p>La d\u00e9l\u00e9gation de parlementaire russe s&rsquo;est r\u00e9jouie de la venue du Pr\u00e9sident du Faso \u00e0 Moscou. Selon Dimitri Ivanovish Savielev, c&rsquo;est un honneur de recevoir \u00e0 Moscou le Pr\u00e9sident du Faso, Ibrahim Traor\u00e9, <em><strong>\u00ab grand ami de la F\u00e9d\u00e9ration de Russie \u00bb.<\/strong><\/em><\/p>\n<p><strong>Latribunedufaso.net<\/strong><\/p>\n<p><strong>Source : Direction de la Communication de la Pr\u00e9sidence du Faso<\/strong><\/p>\n<blockquote>\n<p>Lire aussi &gt;&gt; <a href=\"https:\/\/www.latribunedufaso.net\/?p=20420\">Visite officielle du Pr\u00e9sident du Faso \u00e0 Moscou : Les ministres de la D\u00e9fense de l\u2019AES re\u00e7oivent des orientations du Capitaine Ibrahim Traor\u00e9<\/a><\/p>\n<\/blockquote>\n","protected":false},"excerpt":{"rendered":"<p>Le Pr\u00e9sident du Faso, Chef de l\u2019\u00c9tat, le Capitaine Ibrahim Traor\u00e9, a re\u00e7u en audience, dans l\u2019apr\u00e8s-midi du 9 mai 2025, une d\u00e9l\u00e9gation de la Douma d\u2019\u00c9tat, le parlement de la F\u00e9d\u00e9ration de Russie, conduite par le d\u00e9put\u00e9 Dimitri Ivanovish Savielev, Coordonnateur du groupe d\u2019amiti\u00e9 avec le parlement du Burkina Faso.\u00a0<\/p>\n","protected":false},"author":5,"featured_media":20428,"comment_status":"open","ping_status":"open","sticky":false,"template":"","format":"standard","meta":{"footnotes":""},"categories":[13,1,8],"tags":[977,987,986,39],"class_list":["post-20425","post","type-post","status-publish","format-standard","has-post-thumbnail","hentry","category-une","category-actu","category-societe","tag-80e-anniversaire-de-la-victoire-russe-sur-les-envahisseurs-nazis","tag-audience-capitaine-ibrahim-traore-et-parlementaire-russe","tag-cooperation-burkina-russie","tag-latribunedufaso-net"],"yoast_head":"<!-- This site is optimized with the Yoast SEO plugin v27.5 - https:\/\/yoast.com\/product\/yoast-seo-wordpress\/ -->\n<title>S\u00e9jour officiel du Pr\u00e9sident du Faso \u00e0 Moscou : Une d\u00e9l\u00e9gation du parlement russe re\u00e7ue par le Capitaine Ibrahim Traor\u00e9\u00a0 - La Tribune du Faso<\/title>\n<meta name=\"robots\" content=\"index, follow, max-snippet:-1, max-image-preview:large, max-video-preview:-1\" \/>\n<link rel=\"canonical\" href=\"https:\/\/www.latribunedufaso.net\/?p=20425\" \/>\n<meta property=\"og:locale\" content=\"fr_FR\" \/>\n<meta property=\"og:type\" content=\"article\" \/>\n<meta property=\"og:title\" content=\"S\u00e9jour officiel du Pr\u00e9sident du Faso \u00e0 Moscou : Une d\u00e9l\u00e9gation du parlement russe re\u00e7ue par le Capitaine Ibrahim Traor\u00e9\u00a0 - La Tribune du Faso\" \/>\n<meta property=\"og:description\" content=\"Le Pr\u00e9sident du Faso, Chef de l\u2019\u00c9tat, le Capitaine Ibrahim Traor\u00e9, a re\u00e7u en audience, dans l\u2019apr\u00e8s-midi du 9 mai 2025, une d\u00e9l\u00e9gation de la Douma d\u2019\u00c9tat, le parlement de la F\u00e9d\u00e9ration de Russie, conduite par le d\u00e9put\u00e9 Dimitri Ivanovish Savielev, Coordonnateur du groupe d\u2019amiti\u00e9 avec le parlement du Burkina Faso.\u00a0\" \/>\n<meta property=\"og:url\" content=\"https:\/\/www.latribunedufaso.net\/?p=20425\" \/>\n<meta property=\"og:site_name\" content=\"La Tribune du Faso\" \/>\n<meta property=\"article:publisher\" content=\"https:\/\/www.facebook.com\/LatribuneduFaso\/\" \/>\n<meta property=\"article:published_time\" content=\"2025-05-10T12:22:11+00:00\" \/>\n<meta property=\"og:image\" content=\"https:\/\/www.latribunedufaso.net\/wp-content\/uploads\/2025\/05\/IMG-20250510-WA0055-scaled.jpg\" \/>\n\t<meta property=\"og:image:width\" content=\"2560\" \/>\n\t<meta property=\"og:image:height\" content=\"1959\" \/>\n\t<meta property=\"og:image:type\" content=\"image\/jpeg\" \/>\n<meta name=\"author\" content=\"Issouf Tapsoba\" \/>\n<meta name=\"twitter:label1\" content=\"\u00c9crit par\" \/>\n\t<meta name=\"twitter:data1\" content=\"Issouf Tapsoba\" \/>\n\t<meta name=\"twitter:label2\" content=\"Dur\u00e9e de lecture estim\u00e9e\" \/>\n\t<meta name=\"twitter:data2\" content=\"1 minute\" \/>\n<script type=\"application\/ld+json\" class=\"yoast-schema-graph\">{\"@context\":\"https:\\\/\\\/schema.org\",\"@graph\":[{\"@type\":\"Article\",\"@id\":\"https:\\\/\\\/www.latribunedufaso.net\\\/?p=20425#article\",\"isPartOf\":{\"@id\":\"https:\\\/\\\/www.latribunedufaso.net\\\/?p=20425\"},\"author\":{\"name\":\"Issouf Tapsoba\",\"@id\":\"https:\\\/\\\/www.latribunedufaso.net\\\/#\\\/schema\\\/person\\\/e54e64c5778a7e72cf80a318b7a622b0\"},\"headline\":\"S\u00e9jour officiel du Pr\u00e9sident du Faso \u00e0 Moscou : Une d\u00e9l\u00e9gation du parlement russe re\u00e7ue par le Capitaine Ibrahim Traor\u00e9\u00a0\",\"datePublished\":\"2025-05-10T12:22:11+00:00\",\"mainEntityOfPage\":{\"@id\":\"https:\\\/\\\/www.latribunedufaso.net\\\/?p=20425\"},\"wordCount\":297,\"commentCount\":0,\"publisher\":{\"@id\":\"https:\\\/\\\/www.latribunedufaso.net\\\/#organization\"},\"image\":{\"@id\":\"https:\\\/\\\/www.latribunedufaso.net\\\/?p=20425#primaryimage\"},\"thumbnailUrl\":\"https:\\\/\\\/www.latribunedufaso.net\\\/wp-content\\\/uploads\\\/2025\\\/05\\\/IMG-20250510-WA0055-scaled.jpg\",\"keywords\":[\"80e anniversaire de la Victoire russe sur les envahisseurs nazis\",\"audience Capitaine Ibrahim Traor\u00e9 et parlementaire russe\",\"Coop\u00e9ration Burkina-Russie\",\"latribunedufaso.net\"],\"articleSection\":[\"A la une\",\"Actualit\u00e9\",\"Soci\u00e9t\u00e9\"],\"inLanguage\":\"fr-FR\",\"potentialAction\":[{\"@type\":\"CommentAction\",\"name\":\"Comment\",\"target\":[\"https:\\\/\\\/www.latribunedufaso.net\\\/?p=20425#respond\"]}]},{\"@type\":\"WebPage\",\"@id\":\"https:\\\/\\\/www.latribunedufaso.net\\\/?p=20425\",\"url\":\"https:\\\/\\\/www.latribunedufaso.net\\\/?p=20425\",\"name\":\"S\u00e9jour officiel du Pr\u00e9sident du Faso \u00e0 Moscou : Une d\u00e9l\u00e9gation du parlement russe re\u00e7ue par le Capitaine Ibrahim Traor\u00e9\u00a0 - La Tribune du Faso\",\"isPartOf\":{\"@id\":\"https:\\\/\\\/www.latribunedufaso.net\\\/#website\"},\"primaryImageOfPage\":{\"@id\":\"https:\\\/\\\/www.latribunedufaso.net\\\/?p=20425#primaryimage\"},\"image\":{\"@id\":\"https:\\\/\\\/www.latribunedufaso.net\\\/?p=20425#primaryimage\"},\"thumbnailUrl\":\"https:\\\/\\\/www.latribunedufaso.net\\\/wp-content\\\/uploads\\\/2025\\\/05\\\/IMG-20250510-WA0055-scaled.jpg\",\"datePublished\":\"2025-05-10T12:22:11+00:00\",\"breadcrumb\":{\"@id\":\"https:\\\/\\\/www.latribunedufaso.net\\\/?p=20425#breadcrumb\"},\"inLanguage\":\"fr-FR\",\"potentialAction\":[{\"@type\":\"ReadAction\",\"target\":[\"https:\\\/\\\/www.latribunedufaso.net\\\/?p=20425\"]}]},{\"@type\":\"ImageObject\",\"inLanguage\":\"fr-FR\",\"@id\":\"https:\\\/\\\/www.latribunedufaso.net\\\/?p=20425#primaryimage\",\"url\":\"https:\\\/\\\/www.latribunedufaso.net\\\/wp-content\\\/uploads\\\/2025\\\/05\\\/IMG-20250510-WA0055-scaled.jpg\",\"contentUrl\":\"https:\\\/\\\/www.latribunedufaso.net\\\/wp-content\\\/uploads\\\/2025\\\/05\\\/IMG-20250510-WA0055-scaled.jpg\",\"width\":2560,\"height\":1959,\"caption\":\"En visite \u00e0 Moscou dans le cadre de la comm\u00e9moration du 80e anniversaire de la grande victoire russe sur les envahisseurs nazis, le Capitaine Ibrahim Traor\u00e9 a re\u00e7u en audience \u00e0 une d\u00e9l\u00e9gation de la Douma d\u2019\u00c9tat, le parlement de la F\u00e9d\u00e9ration de Russie, 9 mai 2025\"},{\"@type\":\"BreadcrumbList\",\"@id\":\"https:\\\/\\\/www.latribunedufaso.net\\\/?p=20425#breadcrumb\",\"itemListElement\":[{\"@type\":\"ListItem\",\"position\":1,\"name\":\"Accueil\",\"item\":\"https:\\\/\\\/www.latribunedufaso.net\\\/\"},{\"@type\":\"ListItem\",\"position\":2,\"name\":\"S\u00e9jour officiel du Pr\u00e9sident du Faso \u00e0 Moscou : Une d\u00e9l\u00e9gation du parlement russe re\u00e7ue par le Capitaine Ibrahim Traor\u00e9\u00a0\"}]},{\"@type\":\"WebSite\",\"@id\":\"https:\\\/\\\/www.latribunedufaso.net\\\/#website\",\"url\":\"https:\\\/\\\/www.latribunedufaso.net\\\/\",\"name\":\"La Tribune du Faso\",\"description\":\"L&#039;information du monde rural en un clic\",\"publisher\":{\"@id\":\"https:\\\/\\\/www.latribunedufaso.net\\\/#organization\"},\"potentialAction\":[{\"@type\":\"SearchAction\",\"target\":{\"@type\":\"EntryPoint\",\"urlTemplate\":\"https:\\\/\\\/www.latribunedufaso.net\\\/?s={search_term_string}\"},\"query-input\":{\"@type\":\"PropertyValueSpecification\",\"valueRequired\":true,\"valueName\":\"search_term_string\"}}],\"inLanguage\":\"fr-FR\"},{\"@type\":\"Organization\",\"@id\":\"https:\\\/\\\/www.latribunedufaso.net\\\/#organization\",\"name\":\"La Tribune du Faso\",\"url\":\"https:\\\/\\\/www.latribunedufaso.net\\\/\",\"logo\":{\"@type\":\"ImageObject\",\"inLanguage\":\"fr-FR\",\"@id\":\"https:\\\/\\\/www.latribunedufaso.net\\\/#\\\/schema\\\/logo\\\/image\\\/\",\"url\":\"https:\\\/\\\/www.latribunedufaso.net\\\/wp-content\\\/uploads\\\/2020\\\/08\\\/Logo-Tribune-du-Faso-final-scaled.jpg\",\"contentUrl\":\"https:\\\/\\\/www.latribunedufaso.net\\\/wp-content\\\/uploads\\\/2020\\\/08\\\/Logo-Tribune-du-Faso-final-scaled.jpg\",\"width\":2560,\"height\":1856,\"caption\":\"La Tribune du Faso\"},\"image\":{\"@id\":\"https:\\\/\\\/www.latribunedufaso.net\\\/#\\\/schema\\\/logo\\\/image\\\/\"},\"sameAs\":[\"https:\\\/\\\/www.facebook.com\\\/LatribuneduFaso\\\/\"]},{\"@type\":\"Person\",\"@id\":\"https:\\\/\\\/www.latribunedufaso.net\\\/#\\\/schema\\\/person\\\/e54e64c5778a7e72cf80a318b7a622b0\",\"name\":\"Issouf Tapsoba\",\"image\":{\"@type\":\"ImageObject\",\"inLanguage\":\"fr-FR\",\"@id\":\"https:\\\/\\\/secure.gravatar.com\\\/avatar\\\/5e6c05150ce3230247d167f5b94d678eb05936197436d69b7921e3a95c9107ac?s=96&d=mm&r=g\",\"url\":\"https:\\\/\\\/secure.gravatar.com\\\/avatar\\\/5e6c05150ce3230247d167f5b94d678eb05936197436d69b7921e3a95c9107ac?s=96&d=mm&r=g\",\"contentUrl\":\"https:\\\/\\\/secure.gravatar.com\\\/avatar\\\/5e6c05150ce3230247d167f5b94d678eb05936197436d69b7921e3a95c9107ac?s=96&d=mm&r=g\",\"caption\":\"Issouf Tapsoba\"},\"url\":\"https:\\\/\\\/www.latribunedufaso.net\\\/?author=5\"}]}<\/script>\n<!-- \/ Yoast SEO plugin. -->","yoast_head_json":{"title":"S\u00e9jour officiel du Pr\u00e9sident du Faso \u00e0 Moscou : Une d\u00e9l\u00e9gation du parlement russe re\u00e7ue par le Capitaine Ibrahim Traor\u00e9\u00a0 - La Tribune du Faso","robots":{"index":"index","follow":"follow","max-snippet":"max-snippet:-1","max-image-preview":"max-image-preview:large","max-video-preview":"max-video-preview:-1"},"canonical":"https:\/\/www.latribunedufaso.net\/?p=20425","og_locale":"fr_FR","og_type":"article","og_title":"S\u00e9jour officiel du Pr\u00e9sident du Faso \u00e0 Moscou : Une d\u00e9l\u00e9gation du parlement russe re\u00e7ue par le Capitaine Ibrahim Traor\u00e9\u00a0 - La Tribune du Faso","og_description":"Le Pr\u00e9sident du Faso, Chef de l\u2019\u00c9tat, le Capitaine Ibrahim Traor\u00e9, a re\u00e7u en audience, dans l\u2019apr\u00e8s-midi du 9 mai 2025, une d\u00e9l\u00e9gation de la Douma d\u2019\u00c9tat, le parlement de la F\u00e9d\u00e9ration de Russie, conduite par le d\u00e9put\u00e9 Dimitri Ivanovish Savielev, Coordonnateur du groupe d\u2019amiti\u00e9 avec le parlement du Burkina Faso.\u00a0","og_url":"https:\/\/www.latribunedufaso.net\/?p=20425","og_site_name":"La Tribune du Faso","article_publisher":"https:\/\/www.facebook.com\/LatribuneduFaso\/","article_published_time":"2025-05-10T12:22:11+00:00","og_image":[{"width":2560,"height":1959,"url":"https:\/\/www.latribunedufaso.net\/wp-content\/uploads\/2025\/05\/IMG-20250510-WA0055-scaled.jpg","type":"image\/jpeg"}],"author":"Issouf Tapsoba","twitter_misc":{"\u00c9crit par":"Issouf Tapsoba","Dur\u00e9e de lecture estim\u00e9e":"1 minute"},"schema":{"@context":"https:\/\/schema.org","@graph":[{"@type":"Article","@id":"https:\/\/www.latribunedufaso.net\/?p=20425#article","isPartOf":{"@id":"https:\/\/www.latribunedufaso.net\/?p=20425"},"author":{"name":"Issouf Tapsoba","@id":"https:\/\/www.latribunedufaso.net\/#\/schema\/person\/e54e64c5778a7e72cf80a318b7a622b0"},"headline":"S\u00e9jour officiel du Pr\u00e9sident du Faso \u00e0 Moscou : Une d\u00e9l\u00e9gation du parlement russe re\u00e7ue par le Capitaine Ibrahim Traor\u00e9\u00a0","datePublished":"2025-05-10T12:22:11+00:00","mainEntityOfPage":{"@id":"https:\/\/www.latribunedufaso.net\/?p=20425"},"wordCount":297,"commentCount":0,"publisher":{"@id":"https:\/\/www.latribunedufaso.net\/#organization"},"image":{"@id":"https:\/\/www.latribunedufaso.net\/?p=20425#primaryimage"},"thumbnailUrl":"https:\/\/www.latribunedufaso.net\/wp-content\/uploads\/2025\/05\/IMG-20250510-WA0055-scaled.jpg","keywords":["80e anniversaire de la Victoire russe sur les envahisseurs nazis","audience Capitaine Ibrahim Traor\u00e9 et parlementaire russe","Coop\u00e9ration Burkina-Russie","latribunedufaso.net"],"articleSection":["A la une","Actualit\u00e9","Soci\u00e9t\u00e9"],"inLanguage":"fr-FR","potentialAction":[{"@type":"CommentAction","name":"Comment","target":["https:\/\/www.latribunedufaso.net\/?p=20425#respond"]}]},{"@type":"WebPage","@id":"https:\/\/www.latribunedufaso.net\/?p=20425","url":"https:\/\/www.latribunedufaso.net\/?p=20425","name":"S\u00e9jour officiel du Pr\u00e9sident du Faso \u00e0 Moscou : Une d\u00e9l\u00e9gation du parlement russe re\u00e7ue par le Capitaine Ibrahim Traor\u00e9\u00a0 - La Tribune du Faso","isPartOf":{"@id":"https:\/\/www.latribunedufaso.net\/#website"},"primaryImageOfPage":{"@id":"https:\/\/www.latribunedufaso.net\/?p=20425#primaryimage"},"image":{"@id":"https:\/\/www.latribunedufaso.net\/?p=20425#primaryimage"},"thumbnailUrl":"https:\/\/www.latribunedufaso.net\/wp-content\/uploads\/2025\/05\/IMG-20250510-WA0055-scaled.jpg","datePublished":"2025-05-10T12:22:11+00:00","breadcrumb":{"@id":"https:\/\/www.latribunedufaso.net\/?p=20425#breadcrumb"},"inLanguage":"fr-FR","potentialAction":[{"@type":"ReadAction","target":["https:\/\/www.latribunedufaso.net\/?p=20425"]}]},{"@type":"ImageObject","inLanguage":"fr-FR","@id":"https:\/\/www.latribunedufaso.net\/?p=20425#primaryimage","url":"https:\/\/www.latribunedufaso.net\/wp-content\/uploads\/2025\/05\/IMG-20250510-WA0055-scaled.jpg","contentUrl":"https:\/\/www.latribunedufaso.net\/wp-content\/uploads\/2025\/05\/IMG-20250510-WA0055-scaled.jpg","width":2560,"height":1959,"caption":"En visite \u00e0 Moscou dans le cadre de la comm\u00e9moration du 80e anniversaire de la grande victoire russe sur les envahisseurs nazis, le Capitaine Ibrahim Traor\u00e9 a re\u00e7u en audience \u00e0 une d\u00e9l\u00e9gation de la Douma d\u2019\u00c9tat, le parlement de la F\u00e9d\u00e9ration de Russie, 9 mai 2025"},{"@type":"BreadcrumbList","@id":"https:\/\/www.latribunedufaso.net\/?p=20425#breadcrumb","itemListElement":[{"@type":"ListItem","position":1,"name":"Accueil","item":"https:\/\/www.latribunedufaso.net\/"},{"@type":"ListItem","position":2,"name":"S\u00e9jour officiel du Pr\u00e9sident du Faso \u00e0 Moscou : Une d\u00e9l\u00e9gation du parlement russe re\u00e7ue par le Capitaine Ibrahim Traor\u00e9\u00a0"}]},{"@type":"WebSite","@id":"https:\/\/www.latribunedufaso.net\/#website","url":"https:\/\/www.latribunedufaso.net\/","name":"La Tribune du Faso","description":"L&#039;information du monde rural en un clic","publisher":{"@id":"https:\/\/www.latribunedufaso.net\/#organization"},"potentialAction":[{"@type":"SearchAction","target":{"@type":"EntryPoint","urlTemplate":"https:\/\/www.latribunedufaso.net\/?s={search_term_string}"},"query-input":{"@type":"PropertyValueSpecification","valueRequired":true,"valueName":"search_term_string"}}],"inLanguage":"fr-FR"},{"@type":"Organization","@id":"https:\/\/www.latribunedufaso.net\/#organization","name":"La Tribune du Faso","url":"https:\/\/www.latribunedufaso.net\/","logo":{"@type":"ImageObject","inLanguage":"fr-FR","@id":"https:\/\/www.latribunedufaso.net\/#\/schema\/logo\/image\/","url":"https:\/\/www.latribunedufaso.net\/wp-content\/uploads\/2020\/08\/Logo-Tribune-du-Faso-final-scaled.jpg","contentUrl":"https:\/\/www.latribunedufaso.net\/wp-content\/uploads\/2020\/08\/Logo-Tribune-du-Faso-final-scaled.jpg","width":2560,"height":1856,"caption":"La Tribune du Faso"},"image":{"@id":"https:\/\/www.latribunedufaso.net\/#\/schema\/logo\/image\/"},"sameAs":["https:\/\/www.facebook.com\/LatribuneduFaso\/"]},{"@type":"Person","@id":"https:\/\/www.latribunedufaso.net\/#\/schema\/person\/e54e64c5778a7e72cf80a318b7a622b0","name":"Issouf Tapsoba","image":{"@type":"ImageObject","inLanguage":"fr-FR","@id":"https:\/\/secure.gravatar.com\/avatar\/5e6c05150ce3230247d167f5b94d678eb05936197436d69b7921e3a95c9107ac?s=96&d=mm&r=g","url":"https:\/\/secure.gravatar.com\/avatar\/5e6c05150ce3230247d167f5b94d678eb05936197436d69b7921e3a95c9107ac?s=96&d=mm&r=g","contentUrl":"https:\/\/secure.gravatar.com\/avatar\/5e6c05150ce3230247d167f5b94d678eb05936197436d69b7921e3a95c9107ac?s=96&d=mm&r=g","caption":"Issouf Tapsoba"},"url":"https:\/\/www.latribunedufaso.net\/?author=5"}]}},"_links":{"self":[{"href":"https:\/\/www.latribunedufaso.net\/index.php?rest_route=\/wp\/v2\/posts\/20425","targetHints":{"allow":["GET"]}}],"collection":[{"href":"https:\/\/www.latribunedufaso.net\/index.php?rest_route=\/wp\/v2\/posts"}],"about":[{"href":"https:\/\/www.latribunedufaso.net\/index.php?rest_route=\/wp\/v2\/types\/post"}],"author":[{"embeddable":true,"href":"https:\/\/www.latribunedufaso.net\/index.php?rest_route=\/wp\/v2\/users\/5"}],"replies":[{"embeddable":true,"href":"https:\/\/www.latribunedufaso.net\/index.php?rest_route=%2Fwp%2Fv2%2Fcomments&post=20425"}],"version-history":[{"count":1,"href":"https:\/\/www.latribunedufaso.net\/index.php?rest_route=\/wp\/v2\/posts\/20425\/revisions"}],"predecessor-version":[{"id":20429,"href":"https:\/\/www.latribunedufaso.net\/index.php?rest_route=\/wp\/v2\/posts\/20425\/revisions\/20429"}],"wp:featuredmedia":[{"embeddable":true,"href":"https:\/\/www.latribunedufaso.net\/index.php?rest_route=\/wp\/v2\/media\/20428"}],"wp:attachment":[{"href":"https:\/\/www.latribunedufaso.net\/index.php?rest_route=%2Fwp%2Fv2%2Fmedia&parent=20425"}],"wp:term":[{"taxonomy":"category","embeddable":true,"href":"https:\/\/www.latribunedufaso.net\/index.php?rest_route=%2Fwp%2Fv2%2Fcategories&post=20425"},{"taxonomy":"post_tag","embeddable":true,"href":"https:\/\/www.latribunedufaso.net\/index.php?rest_route=%2Fwp%2Fv2%2Ftags&post=20425"}],"curies":[{"name":"wp","href":"https:\/\/api.w.org\/{rel}","templated":true}]}}