{"id":20420,"date":"2025-05-10T09:11:54","date_gmt":"2025-05-10T09:11:54","guid":{"rendered":"https:\/\/www.latribunedufaso.net\/?p=20420"},"modified":"2025-05-10T09:11:54","modified_gmt":"2025-05-10T09:11:54","slug":"visite-officielle-du-president-du-faso-a-moscou-les-ministres-de-la-defense-de-laes-recoivent-des-orientations-du-capitaine-ibrahim-traore","status":"publish","type":"post","link":"https:\/\/www.latribunedufaso.net\/?p=20420","title":{"rendered":"Visite officielle du Pr\u00e9sident du Faso \u00e0 Moscou : Les ministres de la D\u00e9fense de l\u2019AES re\u00e7oivent des orientations du Capitaine Ibrahim Traor\u00e9"},"content":{"rendered":"<p><strong>Le Pr\u00e9sident du Faso, Chef de l\u2019\u00c9tat, le Capitaine Ibrahim Traor\u00e9, a accord\u00e9 une audience le vendredi 09 mai 2025, dans l\u2019apr\u00e8s-midi, aux ministres charg\u00e9s de la D\u00e9fense de la Conf\u00e9d\u00e9ration des \u00c9tats du Sahel.\u00a0<\/strong><!--more--><\/p>\n<p>Les ministres charg\u00e9s de la D\u00e9fense ont rendu compte de la situation s\u00e9curitaire dans l&rsquo;espace AES au Pr\u00e9sident du Faso, le Capitaine Ibrahim Traor\u00e9, pr\u00e9sent \u00e0 Moscou dans le cadre de la c\u00e9l\u00e9bration du 80e anniversaire de la Grande victoire russe lors de la deuxi\u00e8me Guerre mondiale.<\/p>\n<figure id=\"attachment_20423\" aria-describedby=\"caption-attachment-20423\" style=\"width: 2560px\" class=\"wp-caption aligncenter\"><a href=\"https:\/\/www.latribunedufaso.net\/wp-content\/uploads\/2025\/05\/IMG-20250510-WA0017-scaled.jpg\"><img loading=\"lazy\" decoding=\"async\" class=\"size-full wp-image-20423\" src=\"https:\/\/www.latribunedufaso.net\/wp-content\/uploads\/2025\/05\/IMG-20250510-WA0017-scaled.jpg\" alt=\"En visite \u00e0 Moscou dans le cadre de la comm\u00e9moration du 80e anniversaire de la grande victoire russe sur les envahisseurs nazis, le Capitaine Ibrahim Traor\u00e9 a accord\u00e9 une audience aux ministres de la D\u00e9fense de l'AES, 9 mai 2025\" width=\"2560\" height=\"1829\" srcset=\"https:\/\/www.latribunedufaso.net\/wp-content\/uploads\/2025\/05\/IMG-20250510-WA0017-scaled.jpg 2560w, https:\/\/www.latribunedufaso.net\/wp-content\/uploads\/2025\/05\/IMG-20250510-WA0017-300x214.jpg 300w, https:\/\/www.latribunedufaso.net\/wp-content\/uploads\/2025\/05\/IMG-20250510-WA0017-1024x732.jpg 1024w, https:\/\/www.latribunedufaso.net\/wp-content\/uploads\/2025\/05\/IMG-20250510-WA0017-768x549.jpg 768w, https:\/\/www.latribunedufaso.net\/wp-content\/uploads\/2025\/05\/IMG-20250510-WA0017-1536x1097.jpg 1536w, https:\/\/www.latribunedufaso.net\/wp-content\/uploads\/2025\/05\/IMG-20250510-WA0017-2048x1463.jpg 2048w, https:\/\/www.latribunedufaso.net\/wp-content\/uploads\/2025\/05\/IMG-20250510-WA0017-90x65.jpg 90w\" sizes=\"auto, (max-width: 2560px) 100vw, 2560px\" \/><\/a><figcaption id=\"caption-attachment-20423\" class=\"wp-caption-text\">Le pr\u00e9sident du Faso a donn\u00e9 des orientations pour une acc\u00e9l\u00e9ration de la lutte et le retour diligent de la stabilit\u00e9 et de la paix dans l\u2019AES &#8211; Ph. DR<\/figcaption><\/figure>\n<p><em><strong>\u00ab Nous avons particuli\u00e8rement fait le point de l\u2019avanc\u00e9e concr\u00e8te de la mise en \u0153uvre de la Force unifi\u00e9e de l\u2019AES qui enregistre des victoires sur le terrain \u00bb, <\/strong><\/em>souligne le porte-parole de la d\u00e9l\u00e9gation, le ministre malien de la D\u00e9fense et des anciens Combattants, le G\u00e9n\u00e9ral de corps d\u2019arm\u00e9e, Sadio Camara.<\/p>\n<p>Le Capitaine Ibrahim Traor\u00e9 a donn\u00e9 aux ministres charg\u00e9s de la D\u00e9fense de nouvelles orientations en vue d\u2019engranger plus de r\u00e9sultats positifs dans la lutte contre le terrorisme.<\/p>\n<p>Selon le ministre malien de la D\u00e9fense : <em><strong>\u00ab \u00e0 travers une lecture de l\u2019environnement g\u00e9opolitique et g\u00e9ostrat\u00e9gique internationale, r\u00e9gionale et sous-r\u00e9gionale, Son Excellence le Pr\u00e9sident du Faso a donn\u00e9 des orientations et conseils \u00e0 m\u00eame d\u2019acc\u00e9l\u00e9rer le processus de reconqu\u00eate de l\u2019espace conf\u00e9d\u00e9ral \u00bb.<\/strong><\/em><\/p>\n<p><a href=\"https:\/\/www.latribunedufaso.net\/wp-content\/uploads\/2025\/05\/IMG-20250510-WA00191-scaled.jpg\"><img loading=\"lazy\" decoding=\"async\" class=\"size-full wp-image-20421 aligncenter\" src=\"https:\/\/www.latribunedufaso.net\/wp-content\/uploads\/2025\/05\/IMG-20250510-WA00191-scaled.jpg\" alt=\"En visite \u00e0 Moscou dans le cadre de la comm\u00e9moration du 80e anniversaire de la grande victoire russe sur les envahisseurs nazis, le Capitaine Ibrahim Traor\u00e9 a accord\u00e9 une audience aux ministres de la D\u00e9fense de l'AES, 9 mai 2025\" width=\"2560\" height=\"1754\" srcset=\"https:\/\/www.latribunedufaso.net\/wp-content\/uploads\/2025\/05\/IMG-20250510-WA00191-scaled.jpg 2560w, https:\/\/www.latribunedufaso.net\/wp-content\/uploads\/2025\/05\/IMG-20250510-WA00191-300x206.jpg 300w, https:\/\/www.latribunedufaso.net\/wp-content\/uploads\/2025\/05\/IMG-20250510-WA00191-1024x702.jpg 1024w, https:\/\/www.latribunedufaso.net\/wp-content\/uploads\/2025\/05\/IMG-20250510-WA00191-768x526.jpg 768w, https:\/\/www.latribunedufaso.net\/wp-content\/uploads\/2025\/05\/IMG-20250510-WA00191-1536x1053.jpg 1536w, https:\/\/www.latribunedufaso.net\/wp-content\/uploads\/2025\/05\/IMG-20250510-WA00191-2048x1404.jpg 2048w\" sizes=\"auto, (max-width: 2560px) 100vw, 2560px\" \/><\/a><\/p>\n<p>Ces orientations participeront \u00e0 la transformation <em><strong>\u00ab des victoires tactiques en victoires strat\u00e9giques pour le retour de la paix et la stabilit\u00e9 \u00bb<\/strong><\/em> dans l\u2019espace AES.<\/p>\n<p><strong>Latribunedufaso.net<\/strong><\/p>\n<p><strong>Source : Direction de la communication de la Pr\u00e9sidence du Faso<\/strong><\/p>\n<p>Lire aussi &gt;&gt; <a href=\"https:\/\/www.latribunedufaso.net\/?p=20383\">S\u00e9jour officiel du Pr\u00e9sident du Faso en Russie : La premi\u00e8re audience est accord\u00e9e au Pr\u00e9sident v\u00e9n\u00e9zuelien\u00a0<\/a><\/p>\n","protected":false},"excerpt":{"rendered":"<p>Le Pr\u00e9sident du Faso, Chef de l\u2019\u00c9tat, le Capitaine Ibrahim Traor\u00e9, a accord\u00e9 une audience le vendredi 09 mai 2025, dans l\u2019apr\u00e8s-midi, aux ministres charg\u00e9s de la D\u00e9fense de la Conf\u00e9d\u00e9ration des \u00c9tats du Sahel.\u00a0<\/p>\n","protected":false},"author":5,"featured_media":20422,"comment_status":"open","ping_status":"open","sticky":false,"template":"","format":"standard","meta":{"footnotes":""},"categories":[13,1,8],"tags":[977,577,39],"class_list":["post-20420","post","type-post","status-publish","format-standard","has-post-thumbnail","hentry","category-une","category-actu","category-societe","tag-80e-anniversaire-de-la-victoire-russe-sur-les-envahisseurs-nazis","tag-alliance-des-etats-du-sahel-aes","tag-latribunedufaso-net"],"yoast_head":"<!-- This site is optimized with the Yoast SEO plugin v27.5 - https:\/\/yoast.com\/product\/yoast-seo-wordpress\/ -->\n<title>Visite officielle du Pr\u00e9sident du Faso \u00e0 Moscou : Les ministres de la D\u00e9fense de l\u2019AES re\u00e7oivent des orientations du Capitaine Ibrahim Traor\u00e9 - La Tribune du Faso<\/title>\n<meta name=\"robots\" content=\"index, follow, max-snippet:-1, max-image-preview:large, max-video-preview:-1\" \/>\n<link rel=\"canonical\" href=\"https:\/\/www.latribunedufaso.net\/?p=20420\" \/>\n<meta property=\"og:locale\" content=\"fr_FR\" \/>\n<meta property=\"og:type\" content=\"article\" \/>\n<meta property=\"og:title\" content=\"Visite officielle du Pr\u00e9sident du Faso \u00e0 Moscou : Les ministres de la D\u00e9fense de l\u2019AES re\u00e7oivent des orientations du Capitaine Ibrahim Traor\u00e9 - La Tribune du Faso\" \/>\n<meta property=\"og:description\" content=\"Le Pr\u00e9sident du Faso, Chef de l\u2019\u00c9tat, le Capitaine Ibrahim Traor\u00e9, a accord\u00e9 une audience le vendredi 09 mai 2025, dans l\u2019apr\u00e8s-midi, aux ministres charg\u00e9s de la D\u00e9fense de la Conf\u00e9d\u00e9ration des \u00c9tats du Sahel.\u00a0\" \/>\n<meta property=\"og:url\" content=\"https:\/\/www.latribunedufaso.net\/?p=20420\" \/>\n<meta property=\"og:site_name\" content=\"La Tribune du Faso\" \/>\n<meta property=\"article:publisher\" content=\"https:\/\/www.facebook.com\/LatribuneduFaso\/\" \/>\n<meta property=\"article:published_time\" content=\"2025-05-10T09:11:54+00:00\" \/>\n<meta property=\"og:image\" content=\"https:\/\/www.latribunedufaso.net\/wp-content\/uploads\/2025\/05\/IMG-20250510-WA0025-scaled.jpg\" \/>\n\t<meta property=\"og:image:width\" content=\"2560\" \/>\n\t<meta property=\"og:image:height\" content=\"1706\" \/>\n\t<meta property=\"og:image:type\" content=\"image\/jpeg\" \/>\n<meta name=\"author\" content=\"Issouf Tapsoba\" \/>\n<meta name=\"twitter:label1\" content=\"\u00c9crit par\" \/>\n\t<meta name=\"twitter:data1\" content=\"Issouf Tapsoba\" \/>\n\t<meta name=\"twitter:label2\" content=\"Dur\u00e9e de lecture estim\u00e9e\" \/>\n\t<meta name=\"twitter:data2\" content=\"2 minutes\" \/>\n<script type=\"application\/ld+json\" class=\"yoast-schema-graph\">{\"@context\":\"https:\\\/\\\/schema.org\",\"@graph\":[{\"@type\":\"Article\",\"@id\":\"https:\\\/\\\/www.latribunedufaso.net\\\/?p=20420#article\",\"isPartOf\":{\"@id\":\"https:\\\/\\\/www.latribunedufaso.net\\\/?p=20420\"},\"author\":{\"name\":\"Issouf Tapsoba\",\"@id\":\"https:\\\/\\\/www.latribunedufaso.net\\\/#\\\/schema\\\/person\\\/e54e64c5778a7e72cf80a318b7a622b0\"},\"headline\":\"Visite officielle du Pr\u00e9sident du Faso \u00e0 Moscou : Les ministres de la D\u00e9fense de l\u2019AES re\u00e7oivent des orientations du Capitaine Ibrahim Traor\u00e9\",\"datePublished\":\"2025-05-10T09:11:54+00:00\",\"mainEntityOfPage\":{\"@id\":\"https:\\\/\\\/www.latribunedufaso.net\\\/?p=20420\"},\"wordCount\":378,\"commentCount\":0,\"publisher\":{\"@id\":\"https:\\\/\\\/www.latribunedufaso.net\\\/#organization\"},\"image\":{\"@id\":\"https:\\\/\\\/www.latribunedufaso.net\\\/?p=20420#primaryimage\"},\"thumbnailUrl\":\"https:\\\/\\\/www.latribunedufaso.net\\\/wp-content\\\/uploads\\\/2025\\\/05\\\/IMG-20250510-WA0025-scaled.jpg\",\"keywords\":[\"80e anniversaire de la Victoire russe sur les envahisseurs nazis\",\"Alliance des \u00c9tats du Sahel (AES)\",\"latribunedufaso.net\"],\"articleSection\":[\"A la une\",\"Actualit\u00e9\",\"Soci\u00e9t\u00e9\"],\"inLanguage\":\"fr-FR\",\"potentialAction\":[{\"@type\":\"CommentAction\",\"name\":\"Comment\",\"target\":[\"https:\\\/\\\/www.latribunedufaso.net\\\/?p=20420#respond\"]}]},{\"@type\":\"WebPage\",\"@id\":\"https:\\\/\\\/www.latribunedufaso.net\\\/?p=20420\",\"url\":\"https:\\\/\\\/www.latribunedufaso.net\\\/?p=20420\",\"name\":\"Visite officielle du Pr\u00e9sident du Faso \u00e0 Moscou : Les ministres de la D\u00e9fense de l\u2019AES re\u00e7oivent des orientations du Capitaine Ibrahim Traor\u00e9 - La Tribune du Faso\",\"isPartOf\":{\"@id\":\"https:\\\/\\\/www.latribunedufaso.net\\\/#website\"},\"primaryImageOfPage\":{\"@id\":\"https:\\\/\\\/www.latribunedufaso.net\\\/?p=20420#primaryimage\"},\"image\":{\"@id\":\"https:\\\/\\\/www.latribunedufaso.net\\\/?p=20420#primaryimage\"},\"thumbnailUrl\":\"https:\\\/\\\/www.latribunedufaso.net\\\/wp-content\\\/uploads\\\/2025\\\/05\\\/IMG-20250510-WA0025-scaled.jpg\",\"datePublished\":\"2025-05-10T09:11:54+00:00\",\"breadcrumb\":{\"@id\":\"https:\\\/\\\/www.latribunedufaso.net\\\/?p=20420#breadcrumb\"},\"inLanguage\":\"fr-FR\",\"potentialAction\":[{\"@type\":\"ReadAction\",\"target\":[\"https:\\\/\\\/www.latribunedufaso.net\\\/?p=20420\"]}]},{\"@type\":\"ImageObject\",\"inLanguage\":\"fr-FR\",\"@id\":\"https:\\\/\\\/www.latribunedufaso.net\\\/?p=20420#primaryimage\",\"url\":\"https:\\\/\\\/www.latribunedufaso.net\\\/wp-content\\\/uploads\\\/2025\\\/05\\\/IMG-20250510-WA0025-scaled.jpg\",\"contentUrl\":\"https:\\\/\\\/www.latribunedufaso.net\\\/wp-content\\\/uploads\\\/2025\\\/05\\\/IMG-20250510-WA0025-scaled.jpg\",\"width\":2560,\"height\":1706,\"caption\":\"Les ministres charg\u00e9s de la D\u00e9fense ont fait le point de la situation s\u00e9curitaire actuelle dans l\u2019espace conf\u00e9d\u00e9ral, au Chef de l\u2019\u00c9tat burkinab\u00e8 - Ph. DR\"},{\"@type\":\"BreadcrumbList\",\"@id\":\"https:\\\/\\\/www.latribunedufaso.net\\\/?p=20420#breadcrumb\",\"itemListElement\":[{\"@type\":\"ListItem\",\"position\":1,\"name\":\"Accueil\",\"item\":\"https:\\\/\\\/www.latribunedufaso.net\\\/\"},{\"@type\":\"ListItem\",\"position\":2,\"name\":\"Visite officielle du Pr\u00e9sident du Faso \u00e0 Moscou : Les ministres de la D\u00e9fense de l\u2019AES re\u00e7oivent des orientations du Capitaine Ibrahim Traor\u00e9\"}]},{\"@type\":\"WebSite\",\"@id\":\"https:\\\/\\\/www.latribunedufaso.net\\\/#website\",\"url\":\"https:\\\/\\\/www.latribunedufaso.net\\\/\",\"name\":\"La Tribune du Faso\",\"description\":\"L&#039;information du monde rural en un clic\",\"publisher\":{\"@id\":\"https:\\\/\\\/www.latribunedufaso.net\\\/#organization\"},\"potentialAction\":[{\"@type\":\"SearchAction\",\"target\":{\"@type\":\"EntryPoint\",\"urlTemplate\":\"https:\\\/\\\/www.latribunedufaso.net\\\/?s={search_term_string}\"},\"query-input\":{\"@type\":\"PropertyValueSpecification\",\"valueRequired\":true,\"valueName\":\"search_term_string\"}}],\"inLanguage\":\"fr-FR\"},{\"@type\":\"Organization\",\"@id\":\"https:\\\/\\\/www.latribunedufaso.net\\\/#organization\",\"name\":\"La Tribune du Faso\",\"url\":\"https:\\\/\\\/www.latribunedufaso.net\\\/\",\"logo\":{\"@type\":\"ImageObject\",\"inLanguage\":\"fr-FR\",\"@id\":\"https:\\\/\\\/www.latribunedufaso.net\\\/#\\\/schema\\\/logo\\\/image\\\/\",\"url\":\"https:\\\/\\\/www.latribunedufaso.net\\\/wp-content\\\/uploads\\\/2020\\\/08\\\/Logo-Tribune-du-Faso-final-scaled.jpg\",\"contentUrl\":\"https:\\\/\\\/www.latribunedufaso.net\\\/wp-content\\\/uploads\\\/2020\\\/08\\\/Logo-Tribune-du-Faso-final-scaled.jpg\",\"width\":2560,\"height\":1856,\"caption\":\"La Tribune du Faso\"},\"image\":{\"@id\":\"https:\\\/\\\/www.latribunedufaso.net\\\/#\\\/schema\\\/logo\\\/image\\\/\"},\"sameAs\":[\"https:\\\/\\\/www.facebook.com\\\/LatribuneduFaso\\\/\"]},{\"@type\":\"Person\",\"@id\":\"https:\\\/\\\/www.latribunedufaso.net\\\/#\\\/schema\\\/person\\\/e54e64c5778a7e72cf80a318b7a622b0\",\"name\":\"Issouf Tapsoba\",\"image\":{\"@type\":\"ImageObject\",\"inLanguage\":\"fr-FR\",\"@id\":\"https:\\\/\\\/secure.gravatar.com\\\/avatar\\\/5e6c05150ce3230247d167f5b94d678eb05936197436d69b7921e3a95c9107ac?s=96&d=mm&r=g\",\"url\":\"https:\\\/\\\/secure.gravatar.com\\\/avatar\\\/5e6c05150ce3230247d167f5b94d678eb05936197436d69b7921e3a95c9107ac?s=96&d=mm&r=g\",\"contentUrl\":\"https:\\\/\\\/secure.gravatar.com\\\/avatar\\\/5e6c05150ce3230247d167f5b94d678eb05936197436d69b7921e3a95c9107ac?s=96&d=mm&r=g\",\"caption\":\"Issouf Tapsoba\"},\"url\":\"https:\\\/\\\/www.latribunedufaso.net\\\/?author=5\"}]}<\/script>\n<!-- \/ Yoast SEO plugin. -->","yoast_head_json":{"title":"Visite officielle du Pr\u00e9sident du Faso \u00e0 Moscou : Les ministres de la D\u00e9fense de l\u2019AES re\u00e7oivent des orientations du Capitaine Ibrahim Traor\u00e9 - La Tribune du Faso","robots":{"index":"index","follow":"follow","max-snippet":"max-snippet:-1","max-image-preview":"max-image-preview:large","max-video-preview":"max-video-preview:-1"},"canonical":"https:\/\/www.latribunedufaso.net\/?p=20420","og_locale":"fr_FR","og_type":"article","og_title":"Visite officielle du Pr\u00e9sident du Faso \u00e0 Moscou : Les ministres de la D\u00e9fense de l\u2019AES re\u00e7oivent des orientations du Capitaine Ibrahim Traor\u00e9 - La Tribune du Faso","og_description":"Le Pr\u00e9sident du Faso, Chef de l\u2019\u00c9tat, le Capitaine Ibrahim Traor\u00e9, a accord\u00e9 une audience le vendredi 09 mai 2025, dans l\u2019apr\u00e8s-midi, aux ministres charg\u00e9s de la D\u00e9fense de la Conf\u00e9d\u00e9ration des \u00c9tats du Sahel.\u00a0","og_url":"https:\/\/www.latribunedufaso.net\/?p=20420","og_site_name":"La Tribune du Faso","article_publisher":"https:\/\/www.facebook.com\/LatribuneduFaso\/","article_published_time":"2025-05-10T09:11:54+00:00","og_image":[{"width":2560,"height":1706,"url":"https:\/\/www.latribunedufaso.net\/wp-content\/uploads\/2025\/05\/IMG-20250510-WA0025-scaled.jpg","type":"image\/jpeg"}],"author":"Issouf Tapsoba","twitter_misc":{"\u00c9crit par":"Issouf Tapsoba","Dur\u00e9e de lecture estim\u00e9e":"2 minutes"},"schema":{"@context":"https:\/\/schema.org","@graph":[{"@type":"Article","@id":"https:\/\/www.latribunedufaso.net\/?p=20420#article","isPartOf":{"@id":"https:\/\/www.latribunedufaso.net\/?p=20420"},"author":{"name":"Issouf Tapsoba","@id":"https:\/\/www.latribunedufaso.net\/#\/schema\/person\/e54e64c5778a7e72cf80a318b7a622b0"},"headline":"Visite officielle du Pr\u00e9sident du Faso \u00e0 Moscou : Les ministres de la D\u00e9fense de l\u2019AES re\u00e7oivent des orientations du Capitaine Ibrahim Traor\u00e9","datePublished":"2025-05-10T09:11:54+00:00","mainEntityOfPage":{"@id":"https:\/\/www.latribunedufaso.net\/?p=20420"},"wordCount":378,"commentCount":0,"publisher":{"@id":"https:\/\/www.latribunedufaso.net\/#organization"},"image":{"@id":"https:\/\/www.latribunedufaso.net\/?p=20420#primaryimage"},"thumbnailUrl":"https:\/\/www.latribunedufaso.net\/wp-content\/uploads\/2025\/05\/IMG-20250510-WA0025-scaled.jpg","keywords":["80e anniversaire de la Victoire russe sur les envahisseurs nazis","Alliance des \u00c9tats du Sahel (AES)","latribunedufaso.net"],"articleSection":["A la une","Actualit\u00e9","Soci\u00e9t\u00e9"],"inLanguage":"fr-FR","potentialAction":[{"@type":"CommentAction","name":"Comment","target":["https:\/\/www.latribunedufaso.net\/?p=20420#respond"]}]},{"@type":"WebPage","@id":"https:\/\/www.latribunedufaso.net\/?p=20420","url":"https:\/\/www.latribunedufaso.net\/?p=20420","name":"Visite officielle du Pr\u00e9sident du Faso \u00e0 Moscou : Les ministres de la D\u00e9fense de l\u2019AES re\u00e7oivent des orientations du Capitaine Ibrahim Traor\u00e9 - La Tribune du Faso","isPartOf":{"@id":"https:\/\/www.latribunedufaso.net\/#website"},"primaryImageOfPage":{"@id":"https:\/\/www.latribunedufaso.net\/?p=20420#primaryimage"},"image":{"@id":"https:\/\/www.latribunedufaso.net\/?p=20420#primaryimage"},"thumbnailUrl":"https:\/\/www.latribunedufaso.net\/wp-content\/uploads\/2025\/05\/IMG-20250510-WA0025-scaled.jpg","datePublished":"2025-05-10T09:11:54+00:00","breadcrumb":{"@id":"https:\/\/www.latribunedufaso.net\/?p=20420#breadcrumb"},"inLanguage":"fr-FR","potentialAction":[{"@type":"ReadAction","target":["https:\/\/www.latribunedufaso.net\/?p=20420"]}]},{"@type":"ImageObject","inLanguage":"fr-FR","@id":"https:\/\/www.latribunedufaso.net\/?p=20420#primaryimage","url":"https:\/\/www.latribunedufaso.net\/wp-content\/uploads\/2025\/05\/IMG-20250510-WA0025-scaled.jpg","contentUrl":"https:\/\/www.latribunedufaso.net\/wp-content\/uploads\/2025\/05\/IMG-20250510-WA0025-scaled.jpg","width":2560,"height":1706,"caption":"Les ministres charg\u00e9s de la D\u00e9fense ont fait le point de la situation s\u00e9curitaire actuelle dans l\u2019espace conf\u00e9d\u00e9ral, au Chef de l\u2019\u00c9tat burkinab\u00e8 - Ph. DR"},{"@type":"BreadcrumbList","@id":"https:\/\/www.latribunedufaso.net\/?p=20420#breadcrumb","itemListElement":[{"@type":"ListItem","position":1,"name":"Accueil","item":"https:\/\/www.latribunedufaso.net\/"},{"@type":"ListItem","position":2,"name":"Visite officielle du Pr\u00e9sident du Faso \u00e0 Moscou : Les ministres de la D\u00e9fense de l\u2019AES re\u00e7oivent des orientations du Capitaine Ibrahim Traor\u00e9"}]},{"@type":"WebSite","@id":"https:\/\/www.latribunedufaso.net\/#website","url":"https:\/\/www.latribunedufaso.net\/","name":"La Tribune du Faso","description":"L&#039;information du monde rural en un clic","publisher":{"@id":"https:\/\/www.latribunedufaso.net\/#organization"},"potentialAction":[{"@type":"SearchAction","target":{"@type":"EntryPoint","urlTemplate":"https:\/\/www.latribunedufaso.net\/?s={search_term_string}"},"query-input":{"@type":"PropertyValueSpecification","valueRequired":true,"valueName":"search_term_string"}}],"inLanguage":"fr-FR"},{"@type":"Organization","@id":"https:\/\/www.latribunedufaso.net\/#organization","name":"La Tribune du Faso","url":"https:\/\/www.latribunedufaso.net\/","logo":{"@type":"ImageObject","inLanguage":"fr-FR","@id":"https:\/\/www.latribunedufaso.net\/#\/schema\/logo\/image\/","url":"https:\/\/www.latribunedufaso.net\/wp-content\/uploads\/2020\/08\/Logo-Tribune-du-Faso-final-scaled.jpg","contentUrl":"https:\/\/www.latribunedufaso.net\/wp-content\/uploads\/2020\/08\/Logo-Tribune-du-Faso-final-scaled.jpg","width":2560,"height":1856,"caption":"La Tribune du Faso"},"image":{"@id":"https:\/\/www.latribunedufaso.net\/#\/schema\/logo\/image\/"},"sameAs":["https:\/\/www.facebook.com\/LatribuneduFaso\/"]},{"@type":"Person","@id":"https:\/\/www.latribunedufaso.net\/#\/schema\/person\/e54e64c5778a7e72cf80a318b7a622b0","name":"Issouf Tapsoba","image":{"@type":"ImageObject","inLanguage":"fr-FR","@id":"https:\/\/secure.gravatar.com\/avatar\/5e6c05150ce3230247d167f5b94d678eb05936197436d69b7921e3a95c9107ac?s=96&d=mm&r=g","url":"https:\/\/secure.gravatar.com\/avatar\/5e6c05150ce3230247d167f5b94d678eb05936197436d69b7921e3a95c9107ac?s=96&d=mm&r=g","contentUrl":"https:\/\/secure.gravatar.com\/avatar\/5e6c05150ce3230247d167f5b94d678eb05936197436d69b7921e3a95c9107ac?s=96&d=mm&r=g","caption":"Issouf Tapsoba"},"url":"https:\/\/www.latribunedufaso.net\/?author=5"}]}},"_links":{"self":[{"href":"https:\/\/www.latribunedufaso.net\/index.php?rest_route=\/wp\/v2\/posts\/20420","targetHints":{"allow":["GET"]}}],"collection":[{"href":"https:\/\/www.latribunedufaso.net\/index.php?rest_route=\/wp\/v2\/posts"}],"about":[{"href":"https:\/\/www.latribunedufaso.net\/index.php?rest_route=\/wp\/v2\/types\/post"}],"author":[{"embeddable":true,"href":"https:\/\/www.latribunedufaso.net\/index.php?rest_route=\/wp\/v2\/users\/5"}],"replies":[{"embeddable":true,"href":"https:\/\/www.latribunedufaso.net\/index.php?rest_route=%2Fwp%2Fv2%2Fcomments&post=20420"}],"version-history":[{"count":1,"href":"https:\/\/www.latribunedufaso.net\/index.php?rest_route=\/wp\/v2\/posts\/20420\/revisions"}],"predecessor-version":[{"id":20424,"href":"https:\/\/www.latribunedufaso.net\/index.php?rest_route=\/wp\/v2\/posts\/20420\/revisions\/20424"}],"wp:featuredmedia":[{"embeddable":true,"href":"https:\/\/www.latribunedufaso.net\/index.php?rest_route=\/wp\/v2\/media\/20422"}],"wp:attachment":[{"href":"https:\/\/www.latribunedufaso.net\/index.php?rest_route=%2Fwp%2Fv2%2Fmedia&parent=20420"}],"wp:term":[{"taxonomy":"category","embeddable":true,"href":"https:\/\/www.latribunedufaso.net\/index.php?rest_route=%2Fwp%2Fv2%2Fcategories&post=20420"},{"taxonomy":"post_tag","embeddable":true,"href":"https:\/\/www.latribunedufaso.net\/index.php?rest_route=%2Fwp%2Fv2%2Ftags&post=20420"}],"curies":[{"name":"wp","href":"https:\/\/api.w.org\/{rel}","templated":true}]}}