{"id":20382,"date":"2025-05-08T13:29:12","date_gmt":"2025-05-08T13:29:12","guid":{"rendered":"https:\/\/www.latribunedufaso.net\/?p=20382"},"modified":"2025-05-09T13:50:29","modified_gmt":"2025-05-09T13:50:29","slug":"salon-sysdef-2025-les-travaux-officiellement-lances","status":"publish","type":"post","link":"https:\/\/www.latribunedufaso.net\/?p=20382","title":{"rendered":"Salon SYSDEF 2025 : Les travaux officiellement lanc\u00e9s"},"content":{"rendered":"<p><strong>Les travaux de la <a href=\"https:\/\/www.latribunedufaso.net\/?p=20343\">2e \u00e9dition du Salon international Synergie s\u00fbret\u00e9, d\u00e9fense et s\u00e9curit\u00e9<\/a> (SYSDEF 2025) ont d\u00e9but\u00e9 ce 08 mai 2025 \u00e0 Ouagadougou. C\u2019\u00e9tait sous la pr\u00e9sidence du ministre d\u2019Etat, ministre en charge de l\u2019Administration territoriale, Emile Zerbo repr\u00e9sentant le Capitaine Ibrahim Traor\u00e9, Patron de l\u2019\u00e9dition.<\/strong><!--more--><\/p>\n<p>Le ministre d\u2019Etat, ministre en charge de l\u2019Administration territoriale, Emile Zerbo,\u00a0 repr\u00e9sentant le Capitaine Ibrahim Traor\u00e9, Patron de la 2e \u00e9dition du Salon international Synergie s\u00fbret\u00e9, d\u00e9fense et s\u00e9curit\u00e9 (SYSDEF), a donn\u00e9 le top d\u00e9part de l\u2019\u00e9v\u00e9nement, ce 08 mai 2025 \u00e0 Ouagadougou.<\/p>\n<p>Le SYSDEF est un cadre de rencontre entre les acteurs de la s\u00e9curit\u00e9 (int\u00e9rieure et priv\u00e9e) et les entreprises intervenant dans ce secteur. La deuxi\u00e8me \u00e9dition se tient du 08 au 10 mai 2025 au Centre des conf\u00e9rences de Ouaga 2000, sous le th\u00e8me <em><strong>\u00ab D\u00e9fense, s\u00e9curit\u00e9 et protection civile :enjeux et approches innovantes pour des territoires pacifi\u00e9s et prosp\u00e8res \u00bb.\u00a0<\/strong><\/em><\/p>\n<figure id=\"attachment_20396\" aria-describedby=\"caption-attachment-20396\" style=\"width: 720px\" class=\"wp-caption aligncenter\"><a href=\"https:\/\/www.latribunedufaso.net\/wp-content\/uploads\/2025\/05\/FB_IMG_1746797813316.jpg\"><img loading=\"lazy\" decoding=\"async\" class=\"size-full wp-image-20396\" src=\"https:\/\/www.latribunedufaso.net\/wp-content\/uploads\/2025\/05\/FB_IMG_1746797813316.jpg\" alt=\"Lancement du Salon SYSDEF 2025, 8 mai 2025\" width=\"720\" height=\"480\" srcset=\"https:\/\/www.latribunedufaso.net\/wp-content\/uploads\/2025\/05\/FB_IMG_1746797813316.jpg 720w, https:\/\/www.latribunedufaso.net\/wp-content\/uploads\/2025\/05\/FB_IMG_1746797813316-300x200.jpg 300w, https:\/\/www.latribunedufaso.net\/wp-content\/uploads\/2025\/05\/FB_IMG_1746797813316-120x80.jpg 120w, https:\/\/www.latribunedufaso.net\/wp-content\/uploads\/2025\/05\/FB_IMG_1746797813316-360x240.jpg 360w, https:\/\/www.latribunedufaso.net\/wp-content\/uploads\/2025\/05\/FB_IMG_1746797813316-600x400.jpg 600w\" sizes=\"auto, (max-width: 720px) 100vw, 720px\" \/><\/a><figcaption id=\"caption-attachment-20396\" class=\"wp-caption-text\">Le ministre d&rsquo;Etat, ministre en charge de l&rsquo;Administration territoriale, \u00c9mile Zerbo, repr\u00e9sentant le Pr\u00e9sident du Faso &#8211; Ph. DR<\/figcaption><\/figure>\n<p>Selon le Pr\u00e9sident du comit\u00e9 d\u2019organisation, Hyacinthe Zour\u00e9, de nombreuses activit\u00e9s sont au programme. Il s\u2019agit, entre autres, des expositions, des conf\u00e9rences et rencontre B to B, des d\u00e9monstrations en plein air, un espace <em><strong>\u00ab vocations \u00bb<\/strong><\/em> destin\u00e9 aux \u00e9l\u00e8ves et \u00e9tudiants, une op\u00e9ration de don de sang, une op\u00e9ration sp\u00e9ciale de d\u00e9livrance de CNIB en 24h. Il est \u00e9galement pr\u00e9vu une collecte de dons de toutes natures pour soutenir les Forces de d\u00e9fense et de s\u00e9curit\u00e9 et leurs familles.<\/p>\n<p>Plus de 10 pays prennent part \u00e0 l\u2019\u00e9v\u00e9nement. Il s\u2019agit notamment des \u00c9tats-Unis, de la Chine , la Turquie, le Niger, le Mali. La Turquie est le pays invit\u00e9 d\u2019honneur.<\/p>\n<figure id=\"attachment_20395\" aria-describedby=\"caption-attachment-20395\" style=\"width: 720px\" class=\"wp-caption aligncenter\"><a href=\"https:\/\/www.latribunedufaso.net\/wp-content\/uploads\/2025\/05\/FB_IMG_1746797891015.jpg\"><img loading=\"lazy\" decoding=\"async\" class=\"size-full wp-image-20395\" src=\"https:\/\/www.latribunedufaso.net\/wp-content\/uploads\/2025\/05\/FB_IMG_1746797891015.jpg\" alt=\"Lancement du Salon SYSDEF 2025, 8 mai 2025\" width=\"720\" height=\"480\" srcset=\"https:\/\/www.latribunedufaso.net\/wp-content\/uploads\/2025\/05\/FB_IMG_1746797891015.jpg 720w, https:\/\/www.latribunedufaso.net\/wp-content\/uploads\/2025\/05\/FB_IMG_1746797891015-300x200.jpg 300w, https:\/\/www.latribunedufaso.net\/wp-content\/uploads\/2025\/05\/FB_IMG_1746797891015-120x80.jpg 120w, https:\/\/www.latribunedufaso.net\/wp-content\/uploads\/2025\/05\/FB_IMG_1746797891015-360x240.jpg 360w, https:\/\/www.latribunedufaso.net\/wp-content\/uploads\/2025\/05\/FB_IMG_1746797891015-600x400.jpg 600w\" sizes=\"auto, (max-width: 720px) 100vw, 720px\" \/><\/a><figcaption id=\"caption-attachment-20395\" class=\"wp-caption-text\">La c\u00e9r\u00e9monie a \u00e9t\u00e9 marqu\u00e9e par une visite des stands &#8211; Ph. DR<\/figcaption><\/figure>\n<p>Dans son mot d\u2019ouverture, le Pr\u00e9sident du Faso a salu\u00e9 l\u2019esprit de r\u00e9silience et de vision qui a guid\u00e9 les promoteurs du SYSDEF.<em><strong> \u00ab Organiser un tel rendez-vous, dans un contexte aussi exigeant que le n\u00f4tre, est carr\u00e9ment un acte de foi envers notre pays ; mieux, une preuve de patriotisme \u00bb<\/strong><\/em>, a indiqu\u00e9 le ministre \u00c9mile Zerbo qui a prononc\u00e9 le discours.<\/p>\n<figure id=\"attachment_20394\" aria-describedby=\"caption-attachment-20394\" style=\"width: 720px\" class=\"wp-caption aligncenter\"><a href=\"https:\/\/www.latribunedufaso.net\/wp-content\/uploads\/2025\/05\/FB_IMG_1746797914444.jpg\"><img loading=\"lazy\" decoding=\"async\" class=\"size-full wp-image-20394\" src=\"https:\/\/www.latribunedufaso.net\/wp-content\/uploads\/2025\/05\/FB_IMG_1746797914444.jpg\" alt=\"Lancement du Salon SYSDEF 2025, 8 mai 2025\" width=\"720\" height=\"480\" srcset=\"https:\/\/www.latribunedufaso.net\/wp-content\/uploads\/2025\/05\/FB_IMG_1746797914444.jpg 720w, https:\/\/www.latribunedufaso.net\/wp-content\/uploads\/2025\/05\/FB_IMG_1746797914444-300x200.jpg 300w, https:\/\/www.latribunedufaso.net\/wp-content\/uploads\/2025\/05\/FB_IMG_1746797914444-120x80.jpg 120w, https:\/\/www.latribunedufaso.net\/wp-content\/uploads\/2025\/05\/FB_IMG_1746797914444-360x240.jpg 360w, https:\/\/www.latribunedufaso.net\/wp-content\/uploads\/2025\/05\/FB_IMG_1746797914444-600x400.jpg 600w\" sizes=\"auto, (max-width: 720px) 100vw, 720px\" \/><\/a><figcaption id=\"caption-attachment-20394\" class=\"wp-caption-text\">Le Pr\u00e9sident du comit\u00e9 d\u2019organisation, Hyacinthe Zour\u00e9 &#8211; Ph. DR<\/figcaption><\/figure>\n<p>Il a, par ailleurs, promis de faire de ce salon, une plateforme de r\u00e9f\u00e9rence en Afrique. <em><strong>\u00ab Nous mettrons tout en \u0153uvre pour faire du SYSDEF une plateforme de r\u00e9f\u00e9rence en Afrique, un lieu o\u00f9 naissent des projets concrets, o\u00f9 se forge la solidarit\u00e9 entre peuples libres et souverains, et o\u00f9 se con\u00e7oivent, ann\u00e9e apr\u00e8s ann\u00e9e, des solutions innovantes au service de la paix et de la prosp\u00e9rit\u00e9 \u00bb<\/strong><\/em>, a-t-il promis .<\/p>\n<figure id=\"attachment_20397\" aria-describedby=\"caption-attachment-20397\" style=\"width: 720px\" class=\"wp-caption aligncenter\"><a href=\"https:\/\/www.latribunedufaso.net\/wp-content\/uploads\/2025\/05\/FB_IMG_1746797830108.jpg\"><img loading=\"lazy\" decoding=\"async\" class=\"size-full wp-image-20397\" src=\"https:\/\/www.latribunedufaso.net\/wp-content\/uploads\/2025\/05\/FB_IMG_1746797830108.jpg\" alt=\"Lancement du Salon SYSDEF 2025, 8 mai 2025\" width=\"720\" height=\"480\" srcset=\"https:\/\/www.latribunedufaso.net\/wp-content\/uploads\/2025\/05\/FB_IMG_1746797830108.jpg 720w, https:\/\/www.latribunedufaso.net\/wp-content\/uploads\/2025\/05\/FB_IMG_1746797830108-300x200.jpg 300w, https:\/\/www.latribunedufaso.net\/wp-content\/uploads\/2025\/05\/FB_IMG_1746797830108-120x80.jpg 120w, https:\/\/www.latribunedufaso.net\/wp-content\/uploads\/2025\/05\/FB_IMG_1746797830108-360x240.jpg 360w, https:\/\/www.latribunedufaso.net\/wp-content\/uploads\/2025\/05\/FB_IMG_1746797830108-600x400.jpg 600w\" sizes=\"auto, (max-width: 720px) 100vw, 720px\" \/><\/a><figcaption id=\"caption-attachment-20397\" class=\"wp-caption-text\">Une vue des participants \u00e0 la c\u00e9r\u00e9monie d&rsquo;ouverture du salon &#8211; Ph. DR<\/figcaption><\/figure>\n<p>Il faut rappeler que le SYSDEF est une initiative de l\u2019entreprise Sensid Syst\u00e8me. La pr\u00e9sente \u00e9dition est plac\u00e9e sous le tr\u00e8s haut patronage du Pr\u00e9sident du Faso, le Capitaine Ibrahim Traor\u00e9 et le parrainage du ministre en charge de la D\u00e9fense, le g\u00e9n\u00e9ral de brigade C\u00e9lestin Simpor\u00e9.<\/p>\n<p><strong>Rosana Astride KIENDREBEOGO\u00a0<\/strong><\/p>\n<p><strong>Latribunedufaso.net<\/strong><\/p>\n<p>Lire aussi &gt;&gt;\u00a0<\/p>\n","protected":false},"excerpt":{"rendered":"<p>Les travaux de la 2e \u00e9dition du Salon international Synergie s\u00fbret\u00e9, d\u00e9fense et s\u00e9curit\u00e9 (SYSDEF 2025) ont d\u00e9but\u00e9 ce 08 mai 2025 \u00e0 Ouagadougou. C\u2019\u00e9tait sous la pr\u00e9sidence du ministre d\u2019Etat, ministre en charge de l\u2019Administration territoriale, Emile Zerbo repr\u00e9sentant le Capitaine Ibrahim Traor\u00e9, Patron de l\u2019\u00e9dition.<\/p>\n","protected":false},"author":5,"featured_media":20393,"comment_status":"open","ping_status":"open","sticky":false,"template":"","format":"standard","meta":{"footnotes":""},"categories":[13,1,8],"tags":[39,965,231],"class_list":["post-20382","post","type-post","status-publish","format-standard","has-post-thumbnail","hentry","category-une","category-actu","category-societe","tag-latribunedufaso-net","tag-salon-sysdef","tag-securite"],"yoast_head":"<!-- This site is optimized with the Yoast SEO plugin v27.4 - https:\/\/yoast.com\/product\/yoast-seo-wordpress\/ -->\n<title>Salon SYSDEF 2025 : Les travaux officiellement lanc\u00e9s - La Tribune du Faso<\/title>\n<meta name=\"robots\" content=\"index, follow, max-snippet:-1, max-image-preview:large, max-video-preview:-1\" \/>\n<link rel=\"canonical\" href=\"https:\/\/www.latribunedufaso.net\/?p=20382\" \/>\n<meta property=\"og:locale\" content=\"fr_FR\" \/>\n<meta property=\"og:type\" content=\"article\" \/>\n<meta property=\"og:title\" content=\"Salon SYSDEF 2025 : Les travaux officiellement lanc\u00e9s - La Tribune du Faso\" \/>\n<meta property=\"og:description\" content=\"Les travaux de la 2e \u00e9dition du Salon international Synergie s\u00fbret\u00e9, d\u00e9fense et s\u00e9curit\u00e9 (SYSDEF 2025) ont d\u00e9but\u00e9 ce 08 mai 2025 \u00e0 Ouagadougou. C\u2019\u00e9tait sous la pr\u00e9sidence du ministre d\u2019Etat, ministre en charge de l\u2019Administration territoriale, Emile Zerbo repr\u00e9sentant le Capitaine Ibrahim Traor\u00e9, Patron de l\u2019\u00e9dition.\" \/>\n<meta property=\"og:url\" content=\"https:\/\/www.latribunedufaso.net\/?p=20382\" \/>\n<meta property=\"og:site_name\" content=\"La Tribune du Faso\" \/>\n<meta property=\"article:publisher\" content=\"https:\/\/www.facebook.com\/LatribuneduFaso\/\" \/>\n<meta property=\"article:published_time\" content=\"2025-05-08T13:29:12+00:00\" \/>\n<meta property=\"article:modified_time\" content=\"2025-05-09T13:50:29+00:00\" \/>\n<meta property=\"og:image\" content=\"https:\/\/www.latribunedufaso.net\/wp-content\/uploads\/2025\/05\/FB_IMG_1746797902853.jpg\" \/>\n\t<meta property=\"og:image:width\" content=\"720\" \/>\n\t<meta property=\"og:image:height\" content=\"480\" \/>\n\t<meta property=\"og:image:type\" content=\"image\/jpeg\" \/>\n<meta name=\"author\" content=\"Issouf Tapsoba\" \/>\n<meta name=\"twitter:label1\" content=\"\u00c9crit par\" \/>\n\t<meta name=\"twitter:data1\" content=\"Issouf Tapsoba\" \/>\n\t<meta name=\"twitter:label2\" content=\"Dur\u00e9e de lecture estim\u00e9e\" \/>\n\t<meta name=\"twitter:data2\" content=\"3 minutes\" \/>\n<script type=\"application\/ld+json\" class=\"yoast-schema-graph\">{\"@context\":\"https:\\\/\\\/schema.org\",\"@graph\":[{\"@type\":\"Article\",\"@id\":\"https:\\\/\\\/www.latribunedufaso.net\\\/?p=20382#article\",\"isPartOf\":{\"@id\":\"https:\\\/\\\/www.latribunedufaso.net\\\/?p=20382\"},\"author\":{\"name\":\"Issouf Tapsoba\",\"@id\":\"https:\\\/\\\/www.latribunedufaso.net\\\/#\\\/schema\\\/person\\\/e54e64c5778a7e72cf80a318b7a622b0\"},\"headline\":\"Salon SYSDEF 2025 : Les travaux officiellement lanc\u00e9s\",\"datePublished\":\"2025-05-08T13:29:12+00:00\",\"dateModified\":\"2025-05-09T13:50:29+00:00\",\"mainEntityOfPage\":{\"@id\":\"https:\\\/\\\/www.latribunedufaso.net\\\/?p=20382\"},\"wordCount\":601,\"commentCount\":0,\"publisher\":{\"@id\":\"https:\\\/\\\/www.latribunedufaso.net\\\/#organization\"},\"image\":{\"@id\":\"https:\\\/\\\/www.latribunedufaso.net\\\/?p=20382#primaryimage\"},\"thumbnailUrl\":\"https:\\\/\\\/www.latribunedufaso.net\\\/wp-content\\\/uploads\\\/2025\\\/05\\\/FB_IMG_1746797902853.jpg\",\"keywords\":[\"latribunedufaso.net\",\"salon SYSDEF\",\"s\u00e9curit\u00e9\"],\"articleSection\":[\"A la une\",\"Actualit\u00e9\",\"Soci\u00e9t\u00e9\"],\"inLanguage\":\"fr-FR\",\"potentialAction\":[{\"@type\":\"CommentAction\",\"name\":\"Comment\",\"target\":[\"https:\\\/\\\/www.latribunedufaso.net\\\/?p=20382#respond\"]}]},{\"@type\":\"WebPage\",\"@id\":\"https:\\\/\\\/www.latribunedufaso.net\\\/?p=20382\",\"url\":\"https:\\\/\\\/www.latribunedufaso.net\\\/?p=20382\",\"name\":\"Salon SYSDEF 2025 : Les travaux officiellement lanc\u00e9s - La Tribune du Faso\",\"isPartOf\":{\"@id\":\"https:\\\/\\\/www.latribunedufaso.net\\\/#website\"},\"primaryImageOfPage\":{\"@id\":\"https:\\\/\\\/www.latribunedufaso.net\\\/?p=20382#primaryimage\"},\"image\":{\"@id\":\"https:\\\/\\\/www.latribunedufaso.net\\\/?p=20382#primaryimage\"},\"thumbnailUrl\":\"https:\\\/\\\/www.latribunedufaso.net\\\/wp-content\\\/uploads\\\/2025\\\/05\\\/FB_IMG_1746797902853.jpg\",\"datePublished\":\"2025-05-08T13:29:12+00:00\",\"dateModified\":\"2025-05-09T13:50:29+00:00\",\"breadcrumb\":{\"@id\":\"https:\\\/\\\/www.latribunedufaso.net\\\/?p=20382#breadcrumb\"},\"inLanguage\":\"fr-FR\",\"potentialAction\":[{\"@type\":\"ReadAction\",\"target\":[\"https:\\\/\\\/www.latribunedufaso.net\\\/?p=20382\"]}]},{\"@type\":\"ImageObject\",\"inLanguage\":\"fr-FR\",\"@id\":\"https:\\\/\\\/www.latribunedufaso.net\\\/?p=20382#primaryimage\",\"url\":\"https:\\\/\\\/www.latribunedufaso.net\\\/wp-content\\\/uploads\\\/2025\\\/05\\\/FB_IMG_1746797902853.jpg\",\"contentUrl\":\"https:\\\/\\\/www.latribunedufaso.net\\\/wp-content\\\/uploads\\\/2025\\\/05\\\/FB_IMG_1746797902853.jpg\",\"width\":720,\"height\":480,\"caption\":\"Lancement du Salon SYSDEF 2025, 8 mai 2025\"},{\"@type\":\"BreadcrumbList\",\"@id\":\"https:\\\/\\\/www.latribunedufaso.net\\\/?p=20382#breadcrumb\",\"itemListElement\":[{\"@type\":\"ListItem\",\"position\":1,\"name\":\"Accueil\",\"item\":\"https:\\\/\\\/www.latribunedufaso.net\\\/\"},{\"@type\":\"ListItem\",\"position\":2,\"name\":\"Salon SYSDEF 2025 : Les travaux officiellement lanc\u00e9s\"}]},{\"@type\":\"WebSite\",\"@id\":\"https:\\\/\\\/www.latribunedufaso.net\\\/#website\",\"url\":\"https:\\\/\\\/www.latribunedufaso.net\\\/\",\"name\":\"La Tribune du Faso\",\"description\":\"L&#039;information du monde rural en un clic\",\"publisher\":{\"@id\":\"https:\\\/\\\/www.latribunedufaso.net\\\/#organization\"},\"potentialAction\":[{\"@type\":\"SearchAction\",\"target\":{\"@type\":\"EntryPoint\",\"urlTemplate\":\"https:\\\/\\\/www.latribunedufaso.net\\\/?s={search_term_string}\"},\"query-input\":{\"@type\":\"PropertyValueSpecification\",\"valueRequired\":true,\"valueName\":\"search_term_string\"}}],\"inLanguage\":\"fr-FR\"},{\"@type\":\"Organization\",\"@id\":\"https:\\\/\\\/www.latribunedufaso.net\\\/#organization\",\"name\":\"La Tribune du Faso\",\"url\":\"https:\\\/\\\/www.latribunedufaso.net\\\/\",\"logo\":{\"@type\":\"ImageObject\",\"inLanguage\":\"fr-FR\",\"@id\":\"https:\\\/\\\/www.latribunedufaso.net\\\/#\\\/schema\\\/logo\\\/image\\\/\",\"url\":\"https:\\\/\\\/www.latribunedufaso.net\\\/wp-content\\\/uploads\\\/2020\\\/08\\\/Logo-Tribune-du-Faso-final-scaled.jpg\",\"contentUrl\":\"https:\\\/\\\/www.latribunedufaso.net\\\/wp-content\\\/uploads\\\/2020\\\/08\\\/Logo-Tribune-du-Faso-final-scaled.jpg\",\"width\":2560,\"height\":1856,\"caption\":\"La Tribune du Faso\"},\"image\":{\"@id\":\"https:\\\/\\\/www.latribunedufaso.net\\\/#\\\/schema\\\/logo\\\/image\\\/\"},\"sameAs\":[\"https:\\\/\\\/www.facebook.com\\\/LatribuneduFaso\\\/\"]},{\"@type\":\"Person\",\"@id\":\"https:\\\/\\\/www.latribunedufaso.net\\\/#\\\/schema\\\/person\\\/e54e64c5778a7e72cf80a318b7a622b0\",\"name\":\"Issouf Tapsoba\",\"image\":{\"@type\":\"ImageObject\",\"inLanguage\":\"fr-FR\",\"@id\":\"https:\\\/\\\/secure.gravatar.com\\\/avatar\\\/5e6c05150ce3230247d167f5b94d678eb05936197436d69b7921e3a95c9107ac?s=96&d=mm&r=g\",\"url\":\"https:\\\/\\\/secure.gravatar.com\\\/avatar\\\/5e6c05150ce3230247d167f5b94d678eb05936197436d69b7921e3a95c9107ac?s=96&d=mm&r=g\",\"contentUrl\":\"https:\\\/\\\/secure.gravatar.com\\\/avatar\\\/5e6c05150ce3230247d167f5b94d678eb05936197436d69b7921e3a95c9107ac?s=96&d=mm&r=g\",\"caption\":\"Issouf Tapsoba\"},\"url\":\"https:\\\/\\\/www.latribunedufaso.net\\\/?author=5\"}]}<\/script>\n<!-- \/ Yoast SEO plugin. -->","yoast_head_json":{"title":"Salon SYSDEF 2025 : Les travaux officiellement lanc\u00e9s - La Tribune du Faso","robots":{"index":"index","follow":"follow","max-snippet":"max-snippet:-1","max-image-preview":"max-image-preview:large","max-video-preview":"max-video-preview:-1"},"canonical":"https:\/\/www.latribunedufaso.net\/?p=20382","og_locale":"fr_FR","og_type":"article","og_title":"Salon SYSDEF 2025 : Les travaux officiellement lanc\u00e9s - La Tribune du Faso","og_description":"Les travaux de la 2e \u00e9dition du Salon international Synergie s\u00fbret\u00e9, d\u00e9fense et s\u00e9curit\u00e9 (SYSDEF 2025) ont d\u00e9but\u00e9 ce 08 mai 2025 \u00e0 Ouagadougou. C\u2019\u00e9tait sous la pr\u00e9sidence du ministre d\u2019Etat, ministre en charge de l\u2019Administration territoriale, Emile Zerbo repr\u00e9sentant le Capitaine Ibrahim Traor\u00e9, Patron de l\u2019\u00e9dition.","og_url":"https:\/\/www.latribunedufaso.net\/?p=20382","og_site_name":"La Tribune du Faso","article_publisher":"https:\/\/www.facebook.com\/LatribuneduFaso\/","article_published_time":"2025-05-08T13:29:12+00:00","article_modified_time":"2025-05-09T13:50:29+00:00","og_image":[{"width":720,"height":480,"url":"https:\/\/www.latribunedufaso.net\/wp-content\/uploads\/2025\/05\/FB_IMG_1746797902853.jpg","type":"image\/jpeg"}],"author":"Issouf Tapsoba","twitter_misc":{"\u00c9crit par":"Issouf Tapsoba","Dur\u00e9e de lecture estim\u00e9e":"3 minutes"},"schema":{"@context":"https:\/\/schema.org","@graph":[{"@type":"Article","@id":"https:\/\/www.latribunedufaso.net\/?p=20382#article","isPartOf":{"@id":"https:\/\/www.latribunedufaso.net\/?p=20382"},"author":{"name":"Issouf Tapsoba","@id":"https:\/\/www.latribunedufaso.net\/#\/schema\/person\/e54e64c5778a7e72cf80a318b7a622b0"},"headline":"Salon SYSDEF 2025 : Les travaux officiellement lanc\u00e9s","datePublished":"2025-05-08T13:29:12+00:00","dateModified":"2025-05-09T13:50:29+00:00","mainEntityOfPage":{"@id":"https:\/\/www.latribunedufaso.net\/?p=20382"},"wordCount":601,"commentCount":0,"publisher":{"@id":"https:\/\/www.latribunedufaso.net\/#organization"},"image":{"@id":"https:\/\/www.latribunedufaso.net\/?p=20382#primaryimage"},"thumbnailUrl":"https:\/\/www.latribunedufaso.net\/wp-content\/uploads\/2025\/05\/FB_IMG_1746797902853.jpg","keywords":["latribunedufaso.net","salon SYSDEF","s\u00e9curit\u00e9"],"articleSection":["A la une","Actualit\u00e9","Soci\u00e9t\u00e9"],"inLanguage":"fr-FR","potentialAction":[{"@type":"CommentAction","name":"Comment","target":["https:\/\/www.latribunedufaso.net\/?p=20382#respond"]}]},{"@type":"WebPage","@id":"https:\/\/www.latribunedufaso.net\/?p=20382","url":"https:\/\/www.latribunedufaso.net\/?p=20382","name":"Salon SYSDEF 2025 : Les travaux officiellement lanc\u00e9s - La Tribune du Faso","isPartOf":{"@id":"https:\/\/www.latribunedufaso.net\/#website"},"primaryImageOfPage":{"@id":"https:\/\/www.latribunedufaso.net\/?p=20382#primaryimage"},"image":{"@id":"https:\/\/www.latribunedufaso.net\/?p=20382#primaryimage"},"thumbnailUrl":"https:\/\/www.latribunedufaso.net\/wp-content\/uploads\/2025\/05\/FB_IMG_1746797902853.jpg","datePublished":"2025-05-08T13:29:12+00:00","dateModified":"2025-05-09T13:50:29+00:00","breadcrumb":{"@id":"https:\/\/www.latribunedufaso.net\/?p=20382#breadcrumb"},"inLanguage":"fr-FR","potentialAction":[{"@type":"ReadAction","target":["https:\/\/www.latribunedufaso.net\/?p=20382"]}]},{"@type":"ImageObject","inLanguage":"fr-FR","@id":"https:\/\/www.latribunedufaso.net\/?p=20382#primaryimage","url":"https:\/\/www.latribunedufaso.net\/wp-content\/uploads\/2025\/05\/FB_IMG_1746797902853.jpg","contentUrl":"https:\/\/www.latribunedufaso.net\/wp-content\/uploads\/2025\/05\/FB_IMG_1746797902853.jpg","width":720,"height":480,"caption":"Lancement du Salon SYSDEF 2025, 8 mai 2025"},{"@type":"BreadcrumbList","@id":"https:\/\/www.latribunedufaso.net\/?p=20382#breadcrumb","itemListElement":[{"@type":"ListItem","position":1,"name":"Accueil","item":"https:\/\/www.latribunedufaso.net\/"},{"@type":"ListItem","position":2,"name":"Salon SYSDEF 2025 : Les travaux officiellement lanc\u00e9s"}]},{"@type":"WebSite","@id":"https:\/\/www.latribunedufaso.net\/#website","url":"https:\/\/www.latribunedufaso.net\/","name":"La Tribune du Faso","description":"L&#039;information du monde rural en un clic","publisher":{"@id":"https:\/\/www.latribunedufaso.net\/#organization"},"potentialAction":[{"@type":"SearchAction","target":{"@type":"EntryPoint","urlTemplate":"https:\/\/www.latribunedufaso.net\/?s={search_term_string}"},"query-input":{"@type":"PropertyValueSpecification","valueRequired":true,"valueName":"search_term_string"}}],"inLanguage":"fr-FR"},{"@type":"Organization","@id":"https:\/\/www.latribunedufaso.net\/#organization","name":"La Tribune du Faso","url":"https:\/\/www.latribunedufaso.net\/","logo":{"@type":"ImageObject","inLanguage":"fr-FR","@id":"https:\/\/www.latribunedufaso.net\/#\/schema\/logo\/image\/","url":"https:\/\/www.latribunedufaso.net\/wp-content\/uploads\/2020\/08\/Logo-Tribune-du-Faso-final-scaled.jpg","contentUrl":"https:\/\/www.latribunedufaso.net\/wp-content\/uploads\/2020\/08\/Logo-Tribune-du-Faso-final-scaled.jpg","width":2560,"height":1856,"caption":"La Tribune du Faso"},"image":{"@id":"https:\/\/www.latribunedufaso.net\/#\/schema\/logo\/image\/"},"sameAs":["https:\/\/www.facebook.com\/LatribuneduFaso\/"]},{"@type":"Person","@id":"https:\/\/www.latribunedufaso.net\/#\/schema\/person\/e54e64c5778a7e72cf80a318b7a622b0","name":"Issouf Tapsoba","image":{"@type":"ImageObject","inLanguage":"fr-FR","@id":"https:\/\/secure.gravatar.com\/avatar\/5e6c05150ce3230247d167f5b94d678eb05936197436d69b7921e3a95c9107ac?s=96&d=mm&r=g","url":"https:\/\/secure.gravatar.com\/avatar\/5e6c05150ce3230247d167f5b94d678eb05936197436d69b7921e3a95c9107ac?s=96&d=mm&r=g","contentUrl":"https:\/\/secure.gravatar.com\/avatar\/5e6c05150ce3230247d167f5b94d678eb05936197436d69b7921e3a95c9107ac?s=96&d=mm&r=g","caption":"Issouf Tapsoba"},"url":"https:\/\/www.latribunedufaso.net\/?author=5"}]}},"_links":{"self":[{"href":"https:\/\/www.latribunedufaso.net\/index.php?rest_route=\/wp\/v2\/posts\/20382","targetHints":{"allow":["GET"]}}],"collection":[{"href":"https:\/\/www.latribunedufaso.net\/index.php?rest_route=\/wp\/v2\/posts"}],"about":[{"href":"https:\/\/www.latribunedufaso.net\/index.php?rest_route=\/wp\/v2\/types\/post"}],"author":[{"embeddable":true,"href":"https:\/\/www.latribunedufaso.net\/index.php?rest_route=\/wp\/v2\/users\/5"}],"replies":[{"embeddable":true,"href":"https:\/\/www.latribunedufaso.net\/index.php?rest_route=%2Fwp%2Fv2%2Fcomments&post=20382"}],"version-history":[{"count":1,"href":"https:\/\/www.latribunedufaso.net\/index.php?rest_route=\/wp\/v2\/posts\/20382\/revisions"}],"predecessor-version":[{"id":20398,"href":"https:\/\/www.latribunedufaso.net\/index.php?rest_route=\/wp\/v2\/posts\/20382\/revisions\/20398"}],"wp:featuredmedia":[{"embeddable":true,"href":"https:\/\/www.latribunedufaso.net\/index.php?rest_route=\/wp\/v2\/media\/20393"}],"wp:attachment":[{"href":"https:\/\/www.latribunedufaso.net\/index.php?rest_route=%2Fwp%2Fv2%2Fmedia&parent=20382"}],"wp:term":[{"taxonomy":"category","embeddable":true,"href":"https:\/\/www.latribunedufaso.net\/index.php?rest_route=%2Fwp%2Fv2%2Fcategories&post=20382"},{"taxonomy":"post_tag","embeddable":true,"href":"https:\/\/www.latribunedufaso.net\/index.php?rest_route=%2Fwp%2Fv2%2Ftags&post=20382"}],"curies":[{"name":"wp","href":"https:\/\/api.w.org\/{rel}","templated":true}]}}