{"id":20337,"date":"2025-05-06T12:58:21","date_gmt":"2025-05-06T12:58:21","guid":{"rendered":"https:\/\/www.latribunedufaso.net\/?p=20337"},"modified":"2025-05-07T11:10:51","modified_gmt":"2025-05-07T11:10:51","slug":"burkina-sante-le-ministere-de-la-sante-organise-une-campagne-contre-la-bilharziose-du-5-au-10-mai-2025","status":"publish","type":"post","link":"https:\/\/www.latribunedufaso.net\/?p=20337","title":{"rendered":"Burkina\/sant\u00e9 : Le minist\u00e8re de la Sant\u00e9 organise une campagne contre la bilharziose du 5 au 10 mai 2025"},"content":{"rendered":"<p><strong>Dans le cadre de la lutte contre les Maladies tropicales n\u00e9glig\u00e9es (MTN), le minist\u00e8re de la Sant\u00e9 organise une campagne de traitement de masse contre la Shistosomiase (bilharziose) du 5 au 10 mai 2025. Le lancement officiel de la campagne a eu lieu<\/strong><strong>\u00a0ce 06 mai 2025 au Centre m\u00e9dical urbain (CMU) 16 et \u00e0 l\u2019\u00e9cole primaire kolog-koom dans l\u2019arrondissement n\u00b03 \u00e0 Ouagadougou.<\/strong><!--more--><\/p>\n<p>L\u2019objectif de cette campagne est de r\u00e9duire la morbidit\u00e9 et la mortalit\u00e9 ainsi que la pr\u00e9vention des maladies graves. Cette compagne vise \u00e9galement \u00e0 contribuer a l\u2019\u00e9limination des maladies tropicales n\u00e9glig\u00e9s au Burkina Faso.<\/p>\n<p>Elle a pour cible les enfants \u00e2g\u00e9s de 5 \u00e0 14 ans et les adultes r\u00e9sidant dans les zones \u00e0 risque (zone fortement humide). Elle va concerner environ 03 millions d\u2019enfants dans 08 r\u00e9gions et 27 districts sanitaires.<\/p>\n<figure id=\"attachment_20341\" aria-describedby=\"caption-attachment-20341\" style=\"width: 720px\" class=\"wp-caption aligncenter\"><a href=\"https:\/\/www.latribunedufaso.net\/wp-content\/uploads\/2025\/05\/FB_IMG_1746613732626.jpg\"><img loading=\"lazy\" decoding=\"async\" class=\"size-full wp-image-20341\" src=\"https:\/\/www.latribunedufaso.net\/wp-content\/uploads\/2025\/05\/FB_IMG_1746613732626.jpg\" alt=\"Lancement de la campagne de lutte contre les Maladies tropicales n\u00e9glig\u00e9es (MTN) dans 08 r\u00e9gions et 27 districts sanitaires, 6 mai 2025 \" width=\"720\" height=\"489\" srcset=\"https:\/\/www.latribunedufaso.net\/wp-content\/uploads\/2025\/05\/FB_IMG_1746613732626.jpg 720w, https:\/\/www.latribunedufaso.net\/wp-content\/uploads\/2025\/05\/FB_IMG_1746613732626-300x204.jpg 300w\" sizes=\"auto, (max-width: 720px) 100vw, 720px\" \/><\/a><figcaption id=\"caption-attachment-20341\" class=\"wp-caption-text\">Une vue de l&rsquo;\u00e9quipe de la campagne &#8211; Ph. DR<\/figcaption><\/figure>\n<p>Pour le Charg\u00e9 de mission repr\u00e9sentant le ministre de la Sant\u00e9, <span style=\"font-size: 1.0625rem;\">Dr Sylvestre Tiendreb\u00e9ogo, cette c\u00e9r\u00e9monie marque une \u00e9tape symbolique et d\u00e9cisive dans la mise en \u0153uvre de la campagne de distribution de m\u00e9dicaments contre la schistosomiase et d\u2019autres maladies parasitaires. Il a insist\u00e9 sur l\u2019importance de la pr\u00e9vention en sant\u00e9 publique, en particulier chez les enfants.<\/span><\/p>\n<figure id=\"attachment_20339\" aria-describedby=\"caption-attachment-20339\" style=\"width: 720px\" class=\"wp-caption aligncenter\"><a href=\"https:\/\/www.latribunedufaso.net\/wp-content\/uploads\/2025\/05\/FB_IMG_1746613707653.jpg\"><img loading=\"lazy\" decoding=\"async\" class=\"size-full wp-image-20339\" src=\"https:\/\/www.latribunedufaso.net\/wp-content\/uploads\/2025\/05\/FB_IMG_1746613707653.jpg\" alt=\"Lancement de la campagne de lutte contre les Maladies tropicales n\u00e9glig\u00e9es (MTN) dans 08 r\u00e9gions et 27 districts sanitaires, 6 mai 2025 \" width=\"720\" height=\"480\" srcset=\"https:\/\/www.latribunedufaso.net\/wp-content\/uploads\/2025\/05\/FB_IMG_1746613707653.jpg 720w, https:\/\/www.latribunedufaso.net\/wp-content\/uploads\/2025\/05\/FB_IMG_1746613707653-300x200.jpg 300w, https:\/\/www.latribunedufaso.net\/wp-content\/uploads\/2025\/05\/FB_IMG_1746613707653-120x80.jpg 120w, https:\/\/www.latribunedufaso.net\/wp-content\/uploads\/2025\/05\/FB_IMG_1746613707653-360x240.jpg 360w, https:\/\/www.latribunedufaso.net\/wp-content\/uploads\/2025\/05\/FB_IMG_1746613707653-600x400.jpg 600w\" sizes=\"auto, (max-width: 720px) 100vw, 720px\" \/><\/a><figcaption id=\"caption-attachment-20339\" class=\"wp-caption-text\">La coordonnatrice du programme national de lutte contre les maladies tropicales n\u00e9glig\u00e9s, Dr Boenzemwend\u00e9 Kabor\u00e9, Ph. DR<\/figcaption><\/figure>\n<p>A \u00e9couter la coordonnatrice du Programme national de lutte contre les maladies tropicales n\u00e9glig\u00e9s, Dr Boenzemwend\u00e9 Kabor\u00e9, cette campagne vise \u00e0 faire un traitement de masse contre la bilharziose qui est une maladie tropicale n\u00e9glig\u00e9e li\u00e9 a un parasite. Selon elle, la contamination se fait \u00e0 travers l\u2019eau souill\u00e9 par les excr\u00e9ments ou les urines contamin\u00e9s.<\/p>\n<figure id=\"attachment_20338\" aria-describedby=\"caption-attachment-20338\" style=\"width: 720px\" class=\"wp-caption aligncenter\"><a href=\"https:\/\/www.latribunedufaso.net\/wp-content\/uploads\/2025\/05\/FB_IMG_1746613671690.jpg\"><img loading=\"lazy\" decoding=\"async\" class=\"size-full wp-image-20338\" src=\"https:\/\/www.latribunedufaso.net\/wp-content\/uploads\/2025\/05\/FB_IMG_1746613671690.jpg\" alt=\"Lancement de la campagne de lutte contre les Maladies tropicales n\u00e9glig\u00e9es (MTN) dans 08 r\u00e9gions et 27 districts sanitaires, 6 mai 2025 \" width=\"720\" height=\"480\" srcset=\"https:\/\/www.latribunedufaso.net\/wp-content\/uploads\/2025\/05\/FB_IMG_1746613671690.jpg 720w, https:\/\/www.latribunedufaso.net\/wp-content\/uploads\/2025\/05\/FB_IMG_1746613671690-300x200.jpg 300w, https:\/\/www.latribunedufaso.net\/wp-content\/uploads\/2025\/05\/FB_IMG_1746613671690-120x80.jpg 120w, https:\/\/www.latribunedufaso.net\/wp-content\/uploads\/2025\/05\/FB_IMG_1746613671690-360x240.jpg 360w, https:\/\/www.latribunedufaso.net\/wp-content\/uploads\/2025\/05\/FB_IMG_1746613671690-600x400.jpg 600w\" sizes=\"auto, (max-width: 720px) 100vw, 720px\" \/><\/a><figcaption id=\"caption-attachment-20338\" class=\"wp-caption-text\">Le repr\u00e9sentant du ministre en charge de Enseignement de base, Eric Tenkodogo &#8211; Ph. DR<\/figcaption><\/figure>\n<p>La strat\u00e9gie de lutte \u00e0 \u00e9t\u00e9 fix\u00e9e au niveau des \u00e9coles parce qu\u2019elle a une plus grande cible, selon le repr\u00e9sentant du ministre en charge de Enseignement de base, Eric Tenkodogo. Il a soulign\u00e9 l&rsquo;importance de cette campagne qui permettra aux \u00e9l\u00e8ves d&rsquo;\u00eatre en bonne sant\u00e9 afin de mieux suivre les cours. Il a par ailleurs inviter la population cible \u00e0 adh\u00e9rer et \u00e0 ne pas tenir compte des pr\u00e9jug\u00e9s parce que la sant\u00e9 de la population est une priorit\u00e9 pour le gouvernement.<\/p>\n<blockquote>\n<p>Lire aussi &gt;&gt; <a href=\"https:\/\/www.latribunedufaso.net\/?p=19785\">Campagne nationale de vaccination 2024-2025 : Pr\u00e8s de 14 millions de volailles vaccin\u00e9es (Conseil des ministres)<\/a><\/p>\n<\/blockquote>\n<p>Notons que la bilharziose est une maladie end\u00e9mique dans plusieurs r\u00e9gions du Burkina Faso avec une pr\u00e9valence faible autour de 10%. Elle est plus constat\u00e9 au niveau des enfants d\u2019\u00e2ge scolaire. Elle se manifeste par la pr\u00e9sence de sang dans les urines et une douleur lors des urines.<\/p>\n<p><strong>In\u00e8s TOUGMA\u00a0<\/strong><\/p>\n<p><strong>latribunedufaso.net<\/strong><\/p>\n","protected":false},"excerpt":{"rendered":"<p>Dans le cadre de la lutte contre les Maladies tropicales n\u00e9glig\u00e9es (MTN), le minist\u00e8re de la Sant\u00e9 organise une campagne de traitement de masse contre la Shistosomiase (bilharziose) du 5 au 10 mai 2025. Le lancement officiel de la campagne a eu lieu\u00a0ce 06 mai 2025 au Centre m\u00e9dical urbain (CMU) 16 et \u00e0 l\u2019\u00e9cole primaire kolog-koom dans l\u2019arrondissement n\u00b03 \u00e0 Ouagadougou.<\/p>\n","protected":false},"author":5,"featured_media":20340,"comment_status":"open","ping_status":"open","sticky":false,"template":"","format":"standard","meta":{"footnotes":""},"categories":[13,1,7],"tags":[964,39,963],"class_list":["post-20337","post","type-post","status-publish","format-standard","has-post-thumbnail","hentry","category-une","category-actu","category-sante","tag-campagne-de-lutte-contre-bilharziose","tag-latribunedufaso-net","tag-lutte-contre-la-shistosomiase"],"yoast_head":"<!-- This site is optimized with the Yoast SEO plugin v27.5 - https:\/\/yoast.com\/product\/yoast-seo-wordpress\/ -->\n<title>Burkina\/sant\u00e9 : Le minist\u00e8re de la Sant\u00e9 organise une campagne contre la bilharziose du 5 au 10 mai 2025 - La Tribune du Faso<\/title>\n<meta name=\"robots\" content=\"index, follow, max-snippet:-1, max-image-preview:large, max-video-preview:-1\" \/>\n<link rel=\"canonical\" href=\"https:\/\/www.latribunedufaso.net\/?p=20337\" \/>\n<meta property=\"og:locale\" content=\"fr_FR\" \/>\n<meta property=\"og:type\" content=\"article\" \/>\n<meta property=\"og:title\" content=\"Burkina\/sant\u00e9 : Le minist\u00e8re de la Sant\u00e9 organise une campagne contre la bilharziose du 5 au 10 mai 2025 - La Tribune du Faso\" \/>\n<meta property=\"og:description\" content=\"Dans le cadre de la lutte contre les Maladies tropicales n\u00e9glig\u00e9es (MTN), le minist\u00e8re de la Sant\u00e9 organise une campagne de traitement de masse contre la Shistosomiase (bilharziose) du 5 au 10 mai 2025. Le lancement officiel de la campagne a eu lieu\u00a0ce 06 mai 2025 au Centre m\u00e9dical urbain (CMU) 16 et \u00e0 l\u2019\u00e9cole primaire kolog-koom dans l\u2019arrondissement n\u00b03 \u00e0 Ouagadougou.\" \/>\n<meta property=\"og:url\" content=\"https:\/\/www.latribunedufaso.net\/?p=20337\" \/>\n<meta property=\"og:site_name\" content=\"La Tribune du Faso\" \/>\n<meta property=\"article:publisher\" content=\"https:\/\/www.facebook.com\/LatribuneduFaso\/\" \/>\n<meta property=\"article:published_time\" content=\"2025-05-06T12:58:21+00:00\" \/>\n<meta property=\"article:modified_time\" content=\"2025-05-07T11:10:51+00:00\" \/>\n<meta property=\"og:image\" content=\"https:\/\/www.latribunedufaso.net\/wp-content\/uploads\/2025\/05\/IMG-20250507-WA0016.jpg\" \/>\n\t<meta property=\"og:image:width\" content=\"1280\" \/>\n\t<meta property=\"og:image:height\" content=\"960\" \/>\n\t<meta property=\"og:image:type\" content=\"image\/jpeg\" \/>\n<meta name=\"author\" content=\"Issouf Tapsoba\" \/>\n<meta name=\"twitter:label1\" content=\"\u00c9crit par\" \/>\n\t<meta name=\"twitter:data1\" content=\"Issouf Tapsoba\" \/>\n\t<meta name=\"twitter:label2\" content=\"Dur\u00e9e de lecture estim\u00e9e\" \/>\n\t<meta name=\"twitter:data2\" content=\"2 minutes\" \/>\n<script type=\"application\/ld+json\" class=\"yoast-schema-graph\">{\"@context\":\"https:\\\/\\\/schema.org\",\"@graph\":[{\"@type\":\"Article\",\"@id\":\"https:\\\/\\\/www.latribunedufaso.net\\\/?p=20337#article\",\"isPartOf\":{\"@id\":\"https:\\\/\\\/www.latribunedufaso.net\\\/?p=20337\"},\"author\":{\"name\":\"Issouf Tapsoba\",\"@id\":\"https:\\\/\\\/www.latribunedufaso.net\\\/#\\\/schema\\\/person\\\/e54e64c5778a7e72cf80a318b7a622b0\"},\"headline\":\"Burkina\\\/sant\u00e9 : Le minist\u00e8re de la Sant\u00e9 organise une campagne contre la bilharziose du 5 au 10 mai 2025\",\"datePublished\":\"2025-05-06T12:58:21+00:00\",\"dateModified\":\"2025-05-07T11:10:51+00:00\",\"mainEntityOfPage\":{\"@id\":\"https:\\\/\\\/www.latribunedufaso.net\\\/?p=20337\"},\"wordCount\":513,\"commentCount\":0,\"publisher\":{\"@id\":\"https:\\\/\\\/www.latribunedufaso.net\\\/#organization\"},\"image\":{\"@id\":\"https:\\\/\\\/www.latribunedufaso.net\\\/?p=20337#primaryimage\"},\"thumbnailUrl\":\"https:\\\/\\\/www.latribunedufaso.net\\\/wp-content\\\/uploads\\\/2025\\\/05\\\/IMG-20250507-WA0016.jpg\",\"keywords\":[\"campagne de lutte contre bilharziose\",\"latribunedufaso.net\",\"Lutte contre la Shistosomiase\"],\"articleSection\":[\"A la une\",\"Actualit\u00e9\",\"Sant\u00e9\"],\"inLanguage\":\"fr-FR\",\"potentialAction\":[{\"@type\":\"CommentAction\",\"name\":\"Comment\",\"target\":[\"https:\\\/\\\/www.latribunedufaso.net\\\/?p=20337#respond\"]}]},{\"@type\":\"WebPage\",\"@id\":\"https:\\\/\\\/www.latribunedufaso.net\\\/?p=20337\",\"url\":\"https:\\\/\\\/www.latribunedufaso.net\\\/?p=20337\",\"name\":\"Burkina\\\/sant\u00e9 : Le minist\u00e8re de la Sant\u00e9 organise une campagne contre la bilharziose du 5 au 10 mai 2025 - La Tribune du Faso\",\"isPartOf\":{\"@id\":\"https:\\\/\\\/www.latribunedufaso.net\\\/#website\"},\"primaryImageOfPage\":{\"@id\":\"https:\\\/\\\/www.latribunedufaso.net\\\/?p=20337#primaryimage\"},\"image\":{\"@id\":\"https:\\\/\\\/www.latribunedufaso.net\\\/?p=20337#primaryimage\"},\"thumbnailUrl\":\"https:\\\/\\\/www.latribunedufaso.net\\\/wp-content\\\/uploads\\\/2025\\\/05\\\/IMG-20250507-WA0016.jpg\",\"datePublished\":\"2025-05-06T12:58:21+00:00\",\"dateModified\":\"2025-05-07T11:10:51+00:00\",\"breadcrumb\":{\"@id\":\"https:\\\/\\\/www.latribunedufaso.net\\\/?p=20337#breadcrumb\"},\"inLanguage\":\"fr-FR\",\"potentialAction\":[{\"@type\":\"ReadAction\",\"target\":[\"https:\\\/\\\/www.latribunedufaso.net\\\/?p=20337\"]}]},{\"@type\":\"ImageObject\",\"inLanguage\":\"fr-FR\",\"@id\":\"https:\\\/\\\/www.latribunedufaso.net\\\/?p=20337#primaryimage\",\"url\":\"https:\\\/\\\/www.latribunedufaso.net\\\/wp-content\\\/uploads\\\/2025\\\/05\\\/IMG-20250507-WA0016.jpg\",\"contentUrl\":\"https:\\\/\\\/www.latribunedufaso.net\\\/wp-content\\\/uploads\\\/2025\\\/05\\\/IMG-20250507-WA0016.jpg\",\"width\":1280,\"height\":960,\"caption\":\"Lancement de la campagne de lutte contre les Maladies tropicales n\u00e9glig\u00e9es (MTN) dans 08 r\u00e9gions et 27 districts sanitaires, 6 mai 2025\"},{\"@type\":\"BreadcrumbList\",\"@id\":\"https:\\\/\\\/www.latribunedufaso.net\\\/?p=20337#breadcrumb\",\"itemListElement\":[{\"@type\":\"ListItem\",\"position\":1,\"name\":\"Accueil\",\"item\":\"https:\\\/\\\/www.latribunedufaso.net\\\/\"},{\"@type\":\"ListItem\",\"position\":2,\"name\":\"Burkina\\\/sant\u00e9 : Le minist\u00e8re de la Sant\u00e9 organise une campagne contre la bilharziose du 5 au 10 mai 2025\"}]},{\"@type\":\"WebSite\",\"@id\":\"https:\\\/\\\/www.latribunedufaso.net\\\/#website\",\"url\":\"https:\\\/\\\/www.latribunedufaso.net\\\/\",\"name\":\"La Tribune du Faso\",\"description\":\"L&#039;information du monde rural en un clic\",\"publisher\":{\"@id\":\"https:\\\/\\\/www.latribunedufaso.net\\\/#organization\"},\"potentialAction\":[{\"@type\":\"SearchAction\",\"target\":{\"@type\":\"EntryPoint\",\"urlTemplate\":\"https:\\\/\\\/www.latribunedufaso.net\\\/?s={search_term_string}\"},\"query-input\":{\"@type\":\"PropertyValueSpecification\",\"valueRequired\":true,\"valueName\":\"search_term_string\"}}],\"inLanguage\":\"fr-FR\"},{\"@type\":\"Organization\",\"@id\":\"https:\\\/\\\/www.latribunedufaso.net\\\/#organization\",\"name\":\"La Tribune du Faso\",\"url\":\"https:\\\/\\\/www.latribunedufaso.net\\\/\",\"logo\":{\"@type\":\"ImageObject\",\"inLanguage\":\"fr-FR\",\"@id\":\"https:\\\/\\\/www.latribunedufaso.net\\\/#\\\/schema\\\/logo\\\/image\\\/\",\"url\":\"https:\\\/\\\/www.latribunedufaso.net\\\/wp-content\\\/uploads\\\/2020\\\/08\\\/Logo-Tribune-du-Faso-final-scaled.jpg\",\"contentUrl\":\"https:\\\/\\\/www.latribunedufaso.net\\\/wp-content\\\/uploads\\\/2020\\\/08\\\/Logo-Tribune-du-Faso-final-scaled.jpg\",\"width\":2560,\"height\":1856,\"caption\":\"La Tribune du Faso\"},\"image\":{\"@id\":\"https:\\\/\\\/www.latribunedufaso.net\\\/#\\\/schema\\\/logo\\\/image\\\/\"},\"sameAs\":[\"https:\\\/\\\/www.facebook.com\\\/LatribuneduFaso\\\/\"]},{\"@type\":\"Person\",\"@id\":\"https:\\\/\\\/www.latribunedufaso.net\\\/#\\\/schema\\\/person\\\/e54e64c5778a7e72cf80a318b7a622b0\",\"name\":\"Issouf Tapsoba\",\"image\":{\"@type\":\"ImageObject\",\"inLanguage\":\"fr-FR\",\"@id\":\"https:\\\/\\\/secure.gravatar.com\\\/avatar\\\/5e6c05150ce3230247d167f5b94d678eb05936197436d69b7921e3a95c9107ac?s=96&d=mm&r=g\",\"url\":\"https:\\\/\\\/secure.gravatar.com\\\/avatar\\\/5e6c05150ce3230247d167f5b94d678eb05936197436d69b7921e3a95c9107ac?s=96&d=mm&r=g\",\"contentUrl\":\"https:\\\/\\\/secure.gravatar.com\\\/avatar\\\/5e6c05150ce3230247d167f5b94d678eb05936197436d69b7921e3a95c9107ac?s=96&d=mm&r=g\",\"caption\":\"Issouf Tapsoba\"},\"url\":\"https:\\\/\\\/www.latribunedufaso.net\\\/?author=5\"}]}<\/script>\n<!-- \/ Yoast SEO plugin. -->","yoast_head_json":{"title":"Burkina\/sant\u00e9 : Le minist\u00e8re de la Sant\u00e9 organise une campagne contre la bilharziose du 5 au 10 mai 2025 - La Tribune du Faso","robots":{"index":"index","follow":"follow","max-snippet":"max-snippet:-1","max-image-preview":"max-image-preview:large","max-video-preview":"max-video-preview:-1"},"canonical":"https:\/\/www.latribunedufaso.net\/?p=20337","og_locale":"fr_FR","og_type":"article","og_title":"Burkina\/sant\u00e9 : Le minist\u00e8re de la Sant\u00e9 organise une campagne contre la bilharziose du 5 au 10 mai 2025 - La Tribune du Faso","og_description":"Dans le cadre de la lutte contre les Maladies tropicales n\u00e9glig\u00e9es (MTN), le minist\u00e8re de la Sant\u00e9 organise une campagne de traitement de masse contre la Shistosomiase (bilharziose) du 5 au 10 mai 2025. Le lancement officiel de la campagne a eu lieu\u00a0ce 06 mai 2025 au Centre m\u00e9dical urbain (CMU) 16 et \u00e0 l\u2019\u00e9cole primaire kolog-koom dans l\u2019arrondissement n\u00b03 \u00e0 Ouagadougou.","og_url":"https:\/\/www.latribunedufaso.net\/?p=20337","og_site_name":"La Tribune du Faso","article_publisher":"https:\/\/www.facebook.com\/LatribuneduFaso\/","article_published_time":"2025-05-06T12:58:21+00:00","article_modified_time":"2025-05-07T11:10:51+00:00","og_image":[{"width":1280,"height":960,"url":"https:\/\/www.latribunedufaso.net\/wp-content\/uploads\/2025\/05\/IMG-20250507-WA0016.jpg","type":"image\/jpeg"}],"author":"Issouf Tapsoba","twitter_misc":{"\u00c9crit par":"Issouf Tapsoba","Dur\u00e9e de lecture estim\u00e9e":"2 minutes"},"schema":{"@context":"https:\/\/schema.org","@graph":[{"@type":"Article","@id":"https:\/\/www.latribunedufaso.net\/?p=20337#article","isPartOf":{"@id":"https:\/\/www.latribunedufaso.net\/?p=20337"},"author":{"name":"Issouf Tapsoba","@id":"https:\/\/www.latribunedufaso.net\/#\/schema\/person\/e54e64c5778a7e72cf80a318b7a622b0"},"headline":"Burkina\/sant\u00e9 : Le minist\u00e8re de la Sant\u00e9 organise une campagne contre la bilharziose du 5 au 10 mai 2025","datePublished":"2025-05-06T12:58:21+00:00","dateModified":"2025-05-07T11:10:51+00:00","mainEntityOfPage":{"@id":"https:\/\/www.latribunedufaso.net\/?p=20337"},"wordCount":513,"commentCount":0,"publisher":{"@id":"https:\/\/www.latribunedufaso.net\/#organization"},"image":{"@id":"https:\/\/www.latribunedufaso.net\/?p=20337#primaryimage"},"thumbnailUrl":"https:\/\/www.latribunedufaso.net\/wp-content\/uploads\/2025\/05\/IMG-20250507-WA0016.jpg","keywords":["campagne de lutte contre bilharziose","latribunedufaso.net","Lutte contre la Shistosomiase"],"articleSection":["A la une","Actualit\u00e9","Sant\u00e9"],"inLanguage":"fr-FR","potentialAction":[{"@type":"CommentAction","name":"Comment","target":["https:\/\/www.latribunedufaso.net\/?p=20337#respond"]}]},{"@type":"WebPage","@id":"https:\/\/www.latribunedufaso.net\/?p=20337","url":"https:\/\/www.latribunedufaso.net\/?p=20337","name":"Burkina\/sant\u00e9 : Le minist\u00e8re de la Sant\u00e9 organise une campagne contre la bilharziose du 5 au 10 mai 2025 - La Tribune du Faso","isPartOf":{"@id":"https:\/\/www.latribunedufaso.net\/#website"},"primaryImageOfPage":{"@id":"https:\/\/www.latribunedufaso.net\/?p=20337#primaryimage"},"image":{"@id":"https:\/\/www.latribunedufaso.net\/?p=20337#primaryimage"},"thumbnailUrl":"https:\/\/www.latribunedufaso.net\/wp-content\/uploads\/2025\/05\/IMG-20250507-WA0016.jpg","datePublished":"2025-05-06T12:58:21+00:00","dateModified":"2025-05-07T11:10:51+00:00","breadcrumb":{"@id":"https:\/\/www.latribunedufaso.net\/?p=20337#breadcrumb"},"inLanguage":"fr-FR","potentialAction":[{"@type":"ReadAction","target":["https:\/\/www.latribunedufaso.net\/?p=20337"]}]},{"@type":"ImageObject","inLanguage":"fr-FR","@id":"https:\/\/www.latribunedufaso.net\/?p=20337#primaryimage","url":"https:\/\/www.latribunedufaso.net\/wp-content\/uploads\/2025\/05\/IMG-20250507-WA0016.jpg","contentUrl":"https:\/\/www.latribunedufaso.net\/wp-content\/uploads\/2025\/05\/IMG-20250507-WA0016.jpg","width":1280,"height":960,"caption":"Lancement de la campagne de lutte contre les Maladies tropicales n\u00e9glig\u00e9es (MTN) dans 08 r\u00e9gions et 27 districts sanitaires, 6 mai 2025"},{"@type":"BreadcrumbList","@id":"https:\/\/www.latribunedufaso.net\/?p=20337#breadcrumb","itemListElement":[{"@type":"ListItem","position":1,"name":"Accueil","item":"https:\/\/www.latribunedufaso.net\/"},{"@type":"ListItem","position":2,"name":"Burkina\/sant\u00e9 : Le minist\u00e8re de la Sant\u00e9 organise une campagne contre la bilharziose du 5 au 10 mai 2025"}]},{"@type":"WebSite","@id":"https:\/\/www.latribunedufaso.net\/#website","url":"https:\/\/www.latribunedufaso.net\/","name":"La Tribune du Faso","description":"L&#039;information du monde rural en un clic","publisher":{"@id":"https:\/\/www.latribunedufaso.net\/#organization"},"potentialAction":[{"@type":"SearchAction","target":{"@type":"EntryPoint","urlTemplate":"https:\/\/www.latribunedufaso.net\/?s={search_term_string}"},"query-input":{"@type":"PropertyValueSpecification","valueRequired":true,"valueName":"search_term_string"}}],"inLanguage":"fr-FR"},{"@type":"Organization","@id":"https:\/\/www.latribunedufaso.net\/#organization","name":"La Tribune du Faso","url":"https:\/\/www.latribunedufaso.net\/","logo":{"@type":"ImageObject","inLanguage":"fr-FR","@id":"https:\/\/www.latribunedufaso.net\/#\/schema\/logo\/image\/","url":"https:\/\/www.latribunedufaso.net\/wp-content\/uploads\/2020\/08\/Logo-Tribune-du-Faso-final-scaled.jpg","contentUrl":"https:\/\/www.latribunedufaso.net\/wp-content\/uploads\/2020\/08\/Logo-Tribune-du-Faso-final-scaled.jpg","width":2560,"height":1856,"caption":"La Tribune du Faso"},"image":{"@id":"https:\/\/www.latribunedufaso.net\/#\/schema\/logo\/image\/"},"sameAs":["https:\/\/www.facebook.com\/LatribuneduFaso\/"]},{"@type":"Person","@id":"https:\/\/www.latribunedufaso.net\/#\/schema\/person\/e54e64c5778a7e72cf80a318b7a622b0","name":"Issouf Tapsoba","image":{"@type":"ImageObject","inLanguage":"fr-FR","@id":"https:\/\/secure.gravatar.com\/avatar\/5e6c05150ce3230247d167f5b94d678eb05936197436d69b7921e3a95c9107ac?s=96&d=mm&r=g","url":"https:\/\/secure.gravatar.com\/avatar\/5e6c05150ce3230247d167f5b94d678eb05936197436d69b7921e3a95c9107ac?s=96&d=mm&r=g","contentUrl":"https:\/\/secure.gravatar.com\/avatar\/5e6c05150ce3230247d167f5b94d678eb05936197436d69b7921e3a95c9107ac?s=96&d=mm&r=g","caption":"Issouf Tapsoba"},"url":"https:\/\/www.latribunedufaso.net\/?author=5"}]}},"_links":{"self":[{"href":"https:\/\/www.latribunedufaso.net\/index.php?rest_route=\/wp\/v2\/posts\/20337","targetHints":{"allow":["GET"]}}],"collection":[{"href":"https:\/\/www.latribunedufaso.net\/index.php?rest_route=\/wp\/v2\/posts"}],"about":[{"href":"https:\/\/www.latribunedufaso.net\/index.php?rest_route=\/wp\/v2\/types\/post"}],"author":[{"embeddable":true,"href":"https:\/\/www.latribunedufaso.net\/index.php?rest_route=\/wp\/v2\/users\/5"}],"replies":[{"embeddable":true,"href":"https:\/\/www.latribunedufaso.net\/index.php?rest_route=%2Fwp%2Fv2%2Fcomments&post=20337"}],"version-history":[{"count":1,"href":"https:\/\/www.latribunedufaso.net\/index.php?rest_route=\/wp\/v2\/posts\/20337\/revisions"}],"predecessor-version":[{"id":20342,"href":"https:\/\/www.latribunedufaso.net\/index.php?rest_route=\/wp\/v2\/posts\/20337\/revisions\/20342"}],"wp:featuredmedia":[{"embeddable":true,"href":"https:\/\/www.latribunedufaso.net\/index.php?rest_route=\/wp\/v2\/media\/20340"}],"wp:attachment":[{"href":"https:\/\/www.latribunedufaso.net\/index.php?rest_route=%2Fwp%2Fv2%2Fmedia&parent=20337"}],"wp:term":[{"taxonomy":"category","embeddable":true,"href":"https:\/\/www.latribunedufaso.net\/index.php?rest_route=%2Fwp%2Fv2%2Fcategories&post=20337"},{"taxonomy":"post_tag","embeddable":true,"href":"https:\/\/www.latribunedufaso.net\/index.php?rest_route=%2Fwp%2Fv2%2Ftags&post=20337"}],"curies":[{"name":"wp","href":"https:\/\/api.w.org\/{rel}","templated":true}]}}