{"id":20326,"date":"2025-05-05T18:52:21","date_gmt":"2025-05-05T18:52:21","guid":{"rendered":"https:\/\/www.latribunedufaso.net\/?p=20326"},"modified":"2025-05-06T08:53:27","modified_gmt":"2025-05-06T08:53:27","slug":"burkina-le-ministre-gilbert-ouedraogo-invite-les-medias-a-une-coalition-de-linformation-pour-la-paix","status":"publish","type":"post","link":"https:\/\/www.latribunedufaso.net\/?p=20326","title":{"rendered":"Burkina : Le ministre Gilbert Ou\u00e9draogo invite les m\u00e9dias \u00e0 \u00ab une coalition de l\u2019information pour la paix \u00bb"},"content":{"rendered":"<p><strong>Le ministre de la Communication, de la Culture, des Arts et du Tourisme, Gilbert Ou\u00e9draogo, a \u00e9chang\u00e9 le 5 mai 2025 \u00e0 Ouagadougou, avec les responsables des m\u00e9dias. Organis\u00e9e par son d\u00e9partement, cette rencontre visait \u00e0 renforcer le partenariat entre le gouvernement et la presse, dans le but de promouvoir la paix, dans un contexte de d\u00e9fis s\u00e9curitaire.<\/strong><!--more--><\/p>\n<p>Selon le ministre Gilbert Ou\u00e9draogo, cette rencontre est <em><strong>\u00ab un appel au sursaut collectif, une occasion de renforcer le partenariat entre le gouvernement et la presse \u00bb<\/strong><\/em>. Dans son discours d\u2019ouverture, il a salu\u00e9 la contribution significative des m\u00e9dias dans la lutte contre le terrorisme et les efforts de d\u00e9veloppement, soulignant que <em><strong>\u00ab l\u2019information et la communication sont des armes redoutables \u00bb<\/strong><\/em> en temps de crise. Il a \u00e9galement propos\u00e9 la cr\u00e9ation d\u2019une <em><strong>\u00ab coalition nationale de l\u2019information pour la paix \u00bb<\/strong><\/em>, fond\u00e9e sur le respect de la d\u00e9ontologie journalistique, et a insist\u00e9 sur la n\u00e9cessit\u00e9 d\u2019une information responsable.<\/p>\n<figure id=\"attachment_20329\" aria-describedby=\"caption-attachment-20329\" style=\"width: 1224px\" class=\"wp-caption aligncenter\"><a href=\"https:\/\/www.latribunedufaso.net\/wp-content\/uploads\/2025\/05\/IMG-20250506-WA0005.jpg\"><img loading=\"lazy\" decoding=\"async\" class=\"size-full wp-image-20329\" src=\"https:\/\/www.latribunedufaso.net\/wp-content\/uploads\/2025\/05\/IMG-20250506-WA0005.jpg\" alt=\"Rencontre ministre de la communication et patrons de presse, 5 mai 2025\" width=\"1224\" height=\"1280\" srcset=\"https:\/\/www.latribunedufaso.net\/wp-content\/uploads\/2025\/05\/IMG-20250506-WA0005.jpg 1224w, https:\/\/www.latribunedufaso.net\/wp-content\/uploads\/2025\/05\/IMG-20250506-WA0005-287x300.jpg 287w, https:\/\/www.latribunedufaso.net\/wp-content\/uploads\/2025\/05\/IMG-20250506-WA0005-979x1024.jpg 979w, https:\/\/www.latribunedufaso.net\/wp-content\/uploads\/2025\/05\/IMG-20250506-WA0005-768x803.jpg 768w\" sizes=\"auto, (max-width: 1224px) 100vw, 1224px\" \/><\/a><figcaption id=\"caption-attachment-20329\" class=\"wp-caption-text\">Cette rencontre est un un appel au sursaut collectif, une occasion de renforcer le partenariat entre le gouvernement et la presse, selon le ministre charg\u00e9 de la Communication, Gilbert Ou\u00e9draogo &#8211; Ph. N. Ouattara<\/figcaption><\/figure>\n<p><em><strong>\u00ab Nous ne vous demandons pas de taire la v\u00e9rit\u00e9, nous vous appelons \u00e0 la responsabilit\u00e9. Cette responsabilit\u00e9 constitue le fondement de votre m\u00e9tier. Nous ne cherchons pas \u00e0 censurer, mais plut\u00f4t \u00e0 coordonner. Nous ne voulons pas dominer l\u2019information, mais lui redonner du sens au service de la survie nationale \u00bb<\/strong><\/em>, a-t-il affirm\u00e9, d\u00e9clarant que sa vision est celle d\u2019un partenariat sinc\u00e8re et strat\u00e9gique entre le gouvernement et les m\u00e9dias.\u00a0<\/p>\n<p>Les responsables des m\u00e9dias pr\u00e9sents \u00e0 la rencontre ont salu\u00e9 l\u2019initiative du ministre.<\/p>\n<p>Bass\u00e9ratou Kindo, directrice de publication du journal en ligne <em><strong>\u00ab Mousso News \u00bb<\/strong><\/em>, a exprim\u00e9 sa satisfaction apr\u00e8s cette rencontre \u00e0 laquelle elle s&rsquo;attendait. Elle a rappel\u00e9 que bien que le ministre ait pris ses fonctions en d\u00e9cembre 2024, cette rencontre avec les m\u00e9dias n\u2019avait pas encore eu lieu.<\/p>\n<figure id=\"attachment_20328\" aria-describedby=\"caption-attachment-20328\" style=\"width: 966px\" class=\"wp-caption aligncenter\"><a href=\"https:\/\/www.latribunedufaso.net\/wp-content\/uploads\/2025\/05\/IMG-20250506-WA0004.jpg\"><img loading=\"lazy\" decoding=\"async\" class=\"size-full wp-image-20328\" src=\"https:\/\/www.latribunedufaso.net\/wp-content\/uploads\/2025\/05\/IMG-20250506-WA0004.jpg\" alt=\"Rencontre ministre de la communication et patrons de presse, 5 mai 2025\" width=\"966\" height=\"720\" srcset=\"https:\/\/www.latribunedufaso.net\/wp-content\/uploads\/2025\/05\/IMG-20250506-WA0004.jpg 966w, https:\/\/www.latribunedufaso.net\/wp-content\/uploads\/2025\/05\/IMG-20250506-WA0004-300x224.jpg 300w, https:\/\/www.latribunedufaso.net\/wp-content\/uploads\/2025\/05\/IMG-20250506-WA0004-768x572.jpg 768w\" sizes=\"auto, (max-width: 966px) 100vw, 966px\" \/><\/a><figcaption id=\"caption-attachment-20328\" class=\"wp-caption-text\">La Directrice de publication du journal en ligne \u00ab Mousso News \u00bb, Bass\u00e9ratou Kindo &#8211; Ph. N. Ouattara<\/figcaption><\/figure>\n<p>Selon elle, dans une nation, les m\u00e9dias occupent une place importante en termes de communication et d\u2019information. A l\u2019\u00e9couter, le ministre a insist\u00e9 sur le fait que les m\u00e9dias doivent rester soud\u00e9s, surtout dans ce contexte d\u2019ins\u00e9curit\u00e9 et de terrorisme.<\/p>\n<p>Elle a \u00e9galement mis en avant l\u2019importance de l\u2019engagement des m\u00e9dias \u00e0 soutenir l\u2019\u00c9tat de mani\u00e8re <em><strong>\u00ab patriotique<\/strong> <\/em>\u00bb, sans chercher \u00e0 faire de la propagande. <em><strong>\u00ab Le ministre nous a rappel\u00e9 qu\u2019il faut que les m\u00e9dias restent aupr\u00e8s de l\u2019Etat, non pas pour faire la propagande, mais les accompagner de fa\u00e7on patriotique et je pense que le message a bien \u00e9t\u00e9 compris par l\u2019ensemble des responsables de m\u00e9dias pr\u00e9sents, qui se sont engag\u00e9s \u00e0 \u0153uvrer pour le meilleur du Burkina Faso \u00bb<\/strong><\/em>, a-t-elle ajout\u00e9.<\/p>\n<h3>Un soutien mutuel pour un climat apais\u00e9<\/h3>\n<p>Dr Cyriaque Par\u00e9, directeur de publication du journal en ligne <em><strong>\u00ab Lefaso.net \u00bb<\/strong><\/em>, a \u00e9galement salu\u00e9 cette initiative. Selon lui, l\u2019initiative du ministre de r\u00e9unir les responsables des m\u00e9dias pour discuter des pr\u00e9occupations communes et <em><strong>\u00ab cr\u00e9er la d\u00e9tente \u00bb<\/strong><\/em>, comme il l\u2019a dit, \u00e9tait d\u2019une grande pertinence parce que le besoin se faisait ressentir.\u00a0<\/p>\n<figure id=\"attachment_20327\" aria-describedby=\"caption-attachment-20327\" style=\"width: 955px\" class=\"wp-caption aligncenter\"><a href=\"https:\/\/www.latribunedufaso.net\/wp-content\/uploads\/2025\/05\/IMG-20250506-WA0003.jpg\"><img loading=\"lazy\" decoding=\"async\" class=\"size-full wp-image-20327\" src=\"https:\/\/www.latribunedufaso.net\/wp-content\/uploads\/2025\/05\/IMG-20250506-WA0003.jpg\" alt=\"Rencontre ministre de la communication et patrons de presse, 5 mai 2025\" width=\"955\" height=\"720\" srcset=\"https:\/\/www.latribunedufaso.net\/wp-content\/uploads\/2025\/05\/IMG-20250506-WA0003.jpg 955w, https:\/\/www.latribunedufaso.net\/wp-content\/uploads\/2025\/05\/IMG-20250506-WA0003-300x226.jpg 300w, https:\/\/www.latribunedufaso.net\/wp-content\/uploads\/2025\/05\/IMG-20250506-WA0003-768x579.jpg 768w\" sizes=\"auto, (max-width: 955px) 100vw, 955px\" \/><\/a><figcaption id=\"caption-attachment-20327\" class=\"wp-caption-text\">Le Directeur de publication du journal en ligne \u00ab Lefaso.net \u00bb, Dr Cyriaque Par\u00e9 &#8211; Ph. N. Ouattara<\/figcaption><\/figure>\n<p>Il a \u00e9galement salu\u00e9 les engagements pris par le ministre et a assur\u00e9 que les responsables des m\u00e9dias sont pr\u00eats \u00e0 soutenir cette d\u00e9marche. <em><strong>\u00ab Nous avons rassur\u00e9 le ministre de notre disponibilit\u00e9 et de notre soutien dans cette direction. Nous n\u2019avons pas de raison de douter que, dans les prochains jours, des mesures concr\u00e8tes seront prises pour apaiser le climat de travail des m\u00e9dias et favoriser l\u2019\u00e9panouissement des entreprises de presse \u00bb<\/strong><\/em>, a d\u00e9clar\u00e9 Dr Cyriaque Par\u00e9.<\/p>\n<blockquote>\n<p>Lire aussi &gt;&gt; <a href=\"https:\/\/www.latribunedufaso.net\/?p=20293\">Burkina : Un atelier de r\u00e9flexion pour marquer un nouveau d\u00e9part dans les relations entre le gouvernement et la presse nationale<\/a><\/p>\n<\/blockquote>\n<p>En rappel, le ministre Gilbert Ou\u00e9draogo a \u00e9t\u00e9 nomm\u00e9 le 8 d\u00e9cembre 2024 et a pris fonction le 10 d\u00e9cembre. Cette rencontre avec les responsables des medias est donc la toute premi\u00e8re depuis sa prise de fonction.<\/p>\n<p><strong>Nabintou OUATTARA\u00a0<\/strong><\/p>\n<p><strong>latribunedufaso.net<\/strong><\/p>\n","protected":false},"excerpt":{"rendered":"<p>Le ministre de la Communication, de la Culture, des Arts et du Tourisme, Gilbert Ou\u00e9draogo, a \u00e9chang\u00e9 le 5 mai 2025 \u00e0 Ouagadougou, avec les responsables des m\u00e9dias. Organis\u00e9e par son d\u00e9partement, cette rencontre visait \u00e0 renforcer le partenariat entre le gouvernement et la presse, dans le but de promouvoir la paix, dans un contexte de d\u00e9fis s\u00e9curitaire.<\/p>\n","protected":false},"author":5,"featured_media":20331,"comment_status":"open","ping_status":"open","sticky":false,"template":"","format":"standard","meta":{"footnotes":""},"categories":[13,1,8],"tags":[960,415,39,84,231],"class_list":["post-20326","post","type-post","status-publish","format-standard","has-post-thumbnail","hentry","category-une","category-actu","category-societe","tag-coalition-nationale-de-linformation-pour-la-paix","tag-journalisme-et-communication","tag-latribunedufaso-net","tag-medias","tag-securite"],"yoast_head":"<!-- This site is optimized with the Yoast SEO plugin v27.5 - https:\/\/yoast.com\/product\/yoast-seo-wordpress\/ -->\n<title>Burkina : Le ministre Gilbert Ou\u00e9draogo invite les m\u00e9dias \u00e0 \u00ab une coalition de l\u2019information pour la paix \u00bb - La Tribune du Faso<\/title>\n<meta name=\"robots\" content=\"index, follow, max-snippet:-1, max-image-preview:large, max-video-preview:-1\" \/>\n<link rel=\"canonical\" href=\"https:\/\/www.latribunedufaso.net\/?p=20326\" \/>\n<meta property=\"og:locale\" content=\"fr_FR\" \/>\n<meta property=\"og:type\" content=\"article\" \/>\n<meta property=\"og:title\" content=\"Burkina : Le ministre Gilbert Ou\u00e9draogo invite les m\u00e9dias \u00e0 \u00ab une coalition de l\u2019information pour la paix \u00bb - La Tribune du Faso\" \/>\n<meta property=\"og:description\" content=\"Le ministre de la Communication, de la Culture, des Arts et du Tourisme, Gilbert Ou\u00e9draogo, a \u00e9chang\u00e9 le 5 mai 2025 \u00e0 Ouagadougou, avec les responsables des m\u00e9dias. Organis\u00e9e par son d\u00e9partement, cette rencontre visait \u00e0 renforcer le partenariat entre le gouvernement et la presse, dans le but de promouvoir la paix, dans un contexte de d\u00e9fis s\u00e9curitaire.\" \/>\n<meta property=\"og:url\" content=\"https:\/\/www.latribunedufaso.net\/?p=20326\" \/>\n<meta property=\"og:site_name\" content=\"La Tribune du Faso\" \/>\n<meta property=\"article:publisher\" content=\"https:\/\/www.facebook.com\/LatribuneduFaso\/\" \/>\n<meta property=\"article:published_time\" content=\"2025-05-05T18:52:21+00:00\" \/>\n<meta property=\"article:modified_time\" content=\"2025-05-06T08:53:27+00:00\" \/>\n<meta property=\"og:image\" content=\"https:\/\/www.latribunedufaso.net\/wp-content\/uploads\/2025\/05\/FB_IMG_1746520019521.jpg\" \/>\n\t<meta property=\"og:image:width\" content=\"720\" \/>\n\t<meta property=\"og:image:height\" content=\"480\" \/>\n\t<meta property=\"og:image:type\" content=\"image\/jpeg\" \/>\n<meta name=\"author\" content=\"Issouf Tapsoba\" \/>\n<meta name=\"twitter:label1\" content=\"\u00c9crit par\" \/>\n\t<meta name=\"twitter:data1\" content=\"Issouf Tapsoba\" \/>\n\t<meta name=\"twitter:label2\" content=\"Dur\u00e9e de lecture estim\u00e9e\" \/>\n\t<meta name=\"twitter:data2\" content=\"4 minutes\" \/>\n<script type=\"application\/ld+json\" class=\"yoast-schema-graph\">{\"@context\":\"https:\\\/\\\/schema.org\",\"@graph\":[{\"@type\":\"Article\",\"@id\":\"https:\\\/\\\/www.latribunedufaso.net\\\/?p=20326#article\",\"isPartOf\":{\"@id\":\"https:\\\/\\\/www.latribunedufaso.net\\\/?p=20326\"},\"author\":{\"name\":\"Issouf Tapsoba\",\"@id\":\"https:\\\/\\\/www.latribunedufaso.net\\\/#\\\/schema\\\/person\\\/e54e64c5778a7e72cf80a318b7a622b0\"},\"headline\":\"Burkina : Le ministre Gilbert Ou\u00e9draogo invite les m\u00e9dias \u00e0 \u00ab une coalition de l\u2019information pour la paix \u00bb\",\"datePublished\":\"2025-05-05T18:52:21+00:00\",\"dateModified\":\"2025-05-06T08:53:27+00:00\",\"mainEntityOfPage\":{\"@id\":\"https:\\\/\\\/www.latribunedufaso.net\\\/?p=20326\"},\"wordCount\":771,\"commentCount\":0,\"publisher\":{\"@id\":\"https:\\\/\\\/www.latribunedufaso.net\\\/#organization\"},\"image\":{\"@id\":\"https:\\\/\\\/www.latribunedufaso.net\\\/?p=20326#primaryimage\"},\"thumbnailUrl\":\"https:\\\/\\\/www.latribunedufaso.net\\\/wp-content\\\/uploads\\\/2025\\\/05\\\/FB_IMG_1746520019521.jpg\",\"keywords\":[\"coalition nationale de l\u2019information pour la paix\",\"journalisme et communication\",\"latribunedufaso.net\",\"m\u00e9dias\",\"s\u00e9curit\u00e9\"],\"articleSection\":[\"A la une\",\"Actualit\u00e9\",\"Soci\u00e9t\u00e9\"],\"inLanguage\":\"fr-FR\",\"potentialAction\":[{\"@type\":\"CommentAction\",\"name\":\"Comment\",\"target\":[\"https:\\\/\\\/www.latribunedufaso.net\\\/?p=20326#respond\"]}]},{\"@type\":\"WebPage\",\"@id\":\"https:\\\/\\\/www.latribunedufaso.net\\\/?p=20326\",\"url\":\"https:\\\/\\\/www.latribunedufaso.net\\\/?p=20326\",\"name\":\"Burkina : Le ministre Gilbert Ou\u00e9draogo invite les m\u00e9dias \u00e0 \u00ab une coalition de l\u2019information pour la paix \u00bb - La Tribune du Faso\",\"isPartOf\":{\"@id\":\"https:\\\/\\\/www.latribunedufaso.net\\\/#website\"},\"primaryImageOfPage\":{\"@id\":\"https:\\\/\\\/www.latribunedufaso.net\\\/?p=20326#primaryimage\"},\"image\":{\"@id\":\"https:\\\/\\\/www.latribunedufaso.net\\\/?p=20326#primaryimage\"},\"thumbnailUrl\":\"https:\\\/\\\/www.latribunedufaso.net\\\/wp-content\\\/uploads\\\/2025\\\/05\\\/FB_IMG_1746520019521.jpg\",\"datePublished\":\"2025-05-05T18:52:21+00:00\",\"dateModified\":\"2025-05-06T08:53:27+00:00\",\"breadcrumb\":{\"@id\":\"https:\\\/\\\/www.latribunedufaso.net\\\/?p=20326#breadcrumb\"},\"inLanguage\":\"fr-FR\",\"potentialAction\":[{\"@type\":\"ReadAction\",\"target\":[\"https:\\\/\\\/www.latribunedufaso.net\\\/?p=20326\"]}]},{\"@type\":\"ImageObject\",\"inLanguage\":\"fr-FR\",\"@id\":\"https:\\\/\\\/www.latribunedufaso.net\\\/?p=20326#primaryimage\",\"url\":\"https:\\\/\\\/www.latribunedufaso.net\\\/wp-content\\\/uploads\\\/2025\\\/05\\\/FB_IMG_1746520019521.jpg\",\"contentUrl\":\"https:\\\/\\\/www.latribunedufaso.net\\\/wp-content\\\/uploads\\\/2025\\\/05\\\/FB_IMG_1746520019521.jpg\",\"width\":720,\"height\":480,\"caption\":\"Rencontre ministre de la communication et patrons de presse, 5 mai 2025\"},{\"@type\":\"BreadcrumbList\",\"@id\":\"https:\\\/\\\/www.latribunedufaso.net\\\/?p=20326#breadcrumb\",\"itemListElement\":[{\"@type\":\"ListItem\",\"position\":1,\"name\":\"Accueil\",\"item\":\"https:\\\/\\\/www.latribunedufaso.net\\\/\"},{\"@type\":\"ListItem\",\"position\":2,\"name\":\"Burkina : Le ministre Gilbert Ou\u00e9draogo invite les m\u00e9dias \u00e0 \u00ab une coalition de l\u2019information pour la paix \u00bb\"}]},{\"@type\":\"WebSite\",\"@id\":\"https:\\\/\\\/www.latribunedufaso.net\\\/#website\",\"url\":\"https:\\\/\\\/www.latribunedufaso.net\\\/\",\"name\":\"La Tribune du Faso\",\"description\":\"L&#039;information du monde rural en un clic\",\"publisher\":{\"@id\":\"https:\\\/\\\/www.latribunedufaso.net\\\/#organization\"},\"potentialAction\":[{\"@type\":\"SearchAction\",\"target\":{\"@type\":\"EntryPoint\",\"urlTemplate\":\"https:\\\/\\\/www.latribunedufaso.net\\\/?s={search_term_string}\"},\"query-input\":{\"@type\":\"PropertyValueSpecification\",\"valueRequired\":true,\"valueName\":\"search_term_string\"}}],\"inLanguage\":\"fr-FR\"},{\"@type\":\"Organization\",\"@id\":\"https:\\\/\\\/www.latribunedufaso.net\\\/#organization\",\"name\":\"La Tribune du Faso\",\"url\":\"https:\\\/\\\/www.latribunedufaso.net\\\/\",\"logo\":{\"@type\":\"ImageObject\",\"inLanguage\":\"fr-FR\",\"@id\":\"https:\\\/\\\/www.latribunedufaso.net\\\/#\\\/schema\\\/logo\\\/image\\\/\",\"url\":\"https:\\\/\\\/www.latribunedufaso.net\\\/wp-content\\\/uploads\\\/2020\\\/08\\\/Logo-Tribune-du-Faso-final-scaled.jpg\",\"contentUrl\":\"https:\\\/\\\/www.latribunedufaso.net\\\/wp-content\\\/uploads\\\/2020\\\/08\\\/Logo-Tribune-du-Faso-final-scaled.jpg\",\"width\":2560,\"height\":1856,\"caption\":\"La Tribune du Faso\"},\"image\":{\"@id\":\"https:\\\/\\\/www.latribunedufaso.net\\\/#\\\/schema\\\/logo\\\/image\\\/\"},\"sameAs\":[\"https:\\\/\\\/www.facebook.com\\\/LatribuneduFaso\\\/\"]},{\"@type\":\"Person\",\"@id\":\"https:\\\/\\\/www.latribunedufaso.net\\\/#\\\/schema\\\/person\\\/e54e64c5778a7e72cf80a318b7a622b0\",\"name\":\"Issouf Tapsoba\",\"image\":{\"@type\":\"ImageObject\",\"inLanguage\":\"fr-FR\",\"@id\":\"https:\\\/\\\/secure.gravatar.com\\\/avatar\\\/5e6c05150ce3230247d167f5b94d678eb05936197436d69b7921e3a95c9107ac?s=96&d=mm&r=g\",\"url\":\"https:\\\/\\\/secure.gravatar.com\\\/avatar\\\/5e6c05150ce3230247d167f5b94d678eb05936197436d69b7921e3a95c9107ac?s=96&d=mm&r=g\",\"contentUrl\":\"https:\\\/\\\/secure.gravatar.com\\\/avatar\\\/5e6c05150ce3230247d167f5b94d678eb05936197436d69b7921e3a95c9107ac?s=96&d=mm&r=g\",\"caption\":\"Issouf Tapsoba\"},\"url\":\"https:\\\/\\\/www.latribunedufaso.net\\\/?author=5\"}]}<\/script>\n<!-- \/ Yoast SEO plugin. -->","yoast_head_json":{"title":"Burkina : Le ministre Gilbert Ou\u00e9draogo invite les m\u00e9dias \u00e0 \u00ab une coalition de l\u2019information pour la paix \u00bb - La Tribune du Faso","robots":{"index":"index","follow":"follow","max-snippet":"max-snippet:-1","max-image-preview":"max-image-preview:large","max-video-preview":"max-video-preview:-1"},"canonical":"https:\/\/www.latribunedufaso.net\/?p=20326","og_locale":"fr_FR","og_type":"article","og_title":"Burkina : Le ministre Gilbert Ou\u00e9draogo invite les m\u00e9dias \u00e0 \u00ab une coalition de l\u2019information pour la paix \u00bb - La Tribune du Faso","og_description":"Le ministre de la Communication, de la Culture, des Arts et du Tourisme, Gilbert Ou\u00e9draogo, a \u00e9chang\u00e9 le 5 mai 2025 \u00e0 Ouagadougou, avec les responsables des m\u00e9dias. Organis\u00e9e par son d\u00e9partement, cette rencontre visait \u00e0 renforcer le partenariat entre le gouvernement et la presse, dans le but de promouvoir la paix, dans un contexte de d\u00e9fis s\u00e9curitaire.","og_url":"https:\/\/www.latribunedufaso.net\/?p=20326","og_site_name":"La Tribune du Faso","article_publisher":"https:\/\/www.facebook.com\/LatribuneduFaso\/","article_published_time":"2025-05-05T18:52:21+00:00","article_modified_time":"2025-05-06T08:53:27+00:00","og_image":[{"width":720,"height":480,"url":"https:\/\/www.latribunedufaso.net\/wp-content\/uploads\/2025\/05\/FB_IMG_1746520019521.jpg","type":"image\/jpeg"}],"author":"Issouf Tapsoba","twitter_misc":{"\u00c9crit par":"Issouf Tapsoba","Dur\u00e9e de lecture estim\u00e9e":"4 minutes"},"schema":{"@context":"https:\/\/schema.org","@graph":[{"@type":"Article","@id":"https:\/\/www.latribunedufaso.net\/?p=20326#article","isPartOf":{"@id":"https:\/\/www.latribunedufaso.net\/?p=20326"},"author":{"name":"Issouf Tapsoba","@id":"https:\/\/www.latribunedufaso.net\/#\/schema\/person\/e54e64c5778a7e72cf80a318b7a622b0"},"headline":"Burkina : Le ministre Gilbert Ou\u00e9draogo invite les m\u00e9dias \u00e0 \u00ab une coalition de l\u2019information pour la paix \u00bb","datePublished":"2025-05-05T18:52:21+00:00","dateModified":"2025-05-06T08:53:27+00:00","mainEntityOfPage":{"@id":"https:\/\/www.latribunedufaso.net\/?p=20326"},"wordCount":771,"commentCount":0,"publisher":{"@id":"https:\/\/www.latribunedufaso.net\/#organization"},"image":{"@id":"https:\/\/www.latribunedufaso.net\/?p=20326#primaryimage"},"thumbnailUrl":"https:\/\/www.latribunedufaso.net\/wp-content\/uploads\/2025\/05\/FB_IMG_1746520019521.jpg","keywords":["coalition nationale de l\u2019information pour la paix","journalisme et communication","latribunedufaso.net","m\u00e9dias","s\u00e9curit\u00e9"],"articleSection":["A la une","Actualit\u00e9","Soci\u00e9t\u00e9"],"inLanguage":"fr-FR","potentialAction":[{"@type":"CommentAction","name":"Comment","target":["https:\/\/www.latribunedufaso.net\/?p=20326#respond"]}]},{"@type":"WebPage","@id":"https:\/\/www.latribunedufaso.net\/?p=20326","url":"https:\/\/www.latribunedufaso.net\/?p=20326","name":"Burkina : Le ministre Gilbert Ou\u00e9draogo invite les m\u00e9dias \u00e0 \u00ab une coalition de l\u2019information pour la paix \u00bb - La Tribune du Faso","isPartOf":{"@id":"https:\/\/www.latribunedufaso.net\/#website"},"primaryImageOfPage":{"@id":"https:\/\/www.latribunedufaso.net\/?p=20326#primaryimage"},"image":{"@id":"https:\/\/www.latribunedufaso.net\/?p=20326#primaryimage"},"thumbnailUrl":"https:\/\/www.latribunedufaso.net\/wp-content\/uploads\/2025\/05\/FB_IMG_1746520019521.jpg","datePublished":"2025-05-05T18:52:21+00:00","dateModified":"2025-05-06T08:53:27+00:00","breadcrumb":{"@id":"https:\/\/www.latribunedufaso.net\/?p=20326#breadcrumb"},"inLanguage":"fr-FR","potentialAction":[{"@type":"ReadAction","target":["https:\/\/www.latribunedufaso.net\/?p=20326"]}]},{"@type":"ImageObject","inLanguage":"fr-FR","@id":"https:\/\/www.latribunedufaso.net\/?p=20326#primaryimage","url":"https:\/\/www.latribunedufaso.net\/wp-content\/uploads\/2025\/05\/FB_IMG_1746520019521.jpg","contentUrl":"https:\/\/www.latribunedufaso.net\/wp-content\/uploads\/2025\/05\/FB_IMG_1746520019521.jpg","width":720,"height":480,"caption":"Rencontre ministre de la communication et patrons de presse, 5 mai 2025"},{"@type":"BreadcrumbList","@id":"https:\/\/www.latribunedufaso.net\/?p=20326#breadcrumb","itemListElement":[{"@type":"ListItem","position":1,"name":"Accueil","item":"https:\/\/www.latribunedufaso.net\/"},{"@type":"ListItem","position":2,"name":"Burkina : Le ministre Gilbert Ou\u00e9draogo invite les m\u00e9dias \u00e0 \u00ab une coalition de l\u2019information pour la paix \u00bb"}]},{"@type":"WebSite","@id":"https:\/\/www.latribunedufaso.net\/#website","url":"https:\/\/www.latribunedufaso.net\/","name":"La Tribune du Faso","description":"L&#039;information du monde rural en un clic","publisher":{"@id":"https:\/\/www.latribunedufaso.net\/#organization"},"potentialAction":[{"@type":"SearchAction","target":{"@type":"EntryPoint","urlTemplate":"https:\/\/www.latribunedufaso.net\/?s={search_term_string}"},"query-input":{"@type":"PropertyValueSpecification","valueRequired":true,"valueName":"search_term_string"}}],"inLanguage":"fr-FR"},{"@type":"Organization","@id":"https:\/\/www.latribunedufaso.net\/#organization","name":"La Tribune du Faso","url":"https:\/\/www.latribunedufaso.net\/","logo":{"@type":"ImageObject","inLanguage":"fr-FR","@id":"https:\/\/www.latribunedufaso.net\/#\/schema\/logo\/image\/","url":"https:\/\/www.latribunedufaso.net\/wp-content\/uploads\/2020\/08\/Logo-Tribune-du-Faso-final-scaled.jpg","contentUrl":"https:\/\/www.latribunedufaso.net\/wp-content\/uploads\/2020\/08\/Logo-Tribune-du-Faso-final-scaled.jpg","width":2560,"height":1856,"caption":"La Tribune du Faso"},"image":{"@id":"https:\/\/www.latribunedufaso.net\/#\/schema\/logo\/image\/"},"sameAs":["https:\/\/www.facebook.com\/LatribuneduFaso\/"]},{"@type":"Person","@id":"https:\/\/www.latribunedufaso.net\/#\/schema\/person\/e54e64c5778a7e72cf80a318b7a622b0","name":"Issouf Tapsoba","image":{"@type":"ImageObject","inLanguage":"fr-FR","@id":"https:\/\/secure.gravatar.com\/avatar\/5e6c05150ce3230247d167f5b94d678eb05936197436d69b7921e3a95c9107ac?s=96&d=mm&r=g","url":"https:\/\/secure.gravatar.com\/avatar\/5e6c05150ce3230247d167f5b94d678eb05936197436d69b7921e3a95c9107ac?s=96&d=mm&r=g","contentUrl":"https:\/\/secure.gravatar.com\/avatar\/5e6c05150ce3230247d167f5b94d678eb05936197436d69b7921e3a95c9107ac?s=96&d=mm&r=g","caption":"Issouf Tapsoba"},"url":"https:\/\/www.latribunedufaso.net\/?author=5"}]}},"_links":{"self":[{"href":"https:\/\/www.latribunedufaso.net\/index.php?rest_route=\/wp\/v2\/posts\/20326","targetHints":{"allow":["GET"]}}],"collection":[{"href":"https:\/\/www.latribunedufaso.net\/index.php?rest_route=\/wp\/v2\/posts"}],"about":[{"href":"https:\/\/www.latribunedufaso.net\/index.php?rest_route=\/wp\/v2\/types\/post"}],"author":[{"embeddable":true,"href":"https:\/\/www.latribunedufaso.net\/index.php?rest_route=\/wp\/v2\/users\/5"}],"replies":[{"embeddable":true,"href":"https:\/\/www.latribunedufaso.net\/index.php?rest_route=%2Fwp%2Fv2%2Fcomments&post=20326"}],"version-history":[{"count":2,"href":"https:\/\/www.latribunedufaso.net\/index.php?rest_route=\/wp\/v2\/posts\/20326\/revisions"}],"predecessor-version":[{"id":20333,"href":"https:\/\/www.latribunedufaso.net\/index.php?rest_route=\/wp\/v2\/posts\/20326\/revisions\/20333"}],"wp:featuredmedia":[{"embeddable":true,"href":"https:\/\/www.latribunedufaso.net\/index.php?rest_route=\/wp\/v2\/media\/20331"}],"wp:attachment":[{"href":"https:\/\/www.latribunedufaso.net\/index.php?rest_route=%2Fwp%2Fv2%2Fmedia&parent=20326"}],"wp:term":[{"taxonomy":"category","embeddable":true,"href":"https:\/\/www.latribunedufaso.net\/index.php?rest_route=%2Fwp%2Fv2%2Fcategories&post=20326"},{"taxonomy":"post_tag","embeddable":true,"href":"https:\/\/www.latribunedufaso.net\/index.php?rest_route=%2Fwp%2Fv2%2Ftags&post=20326"}],"curies":[{"name":"wp","href":"https:\/\/api.w.org\/{rel}","templated":true}]}}