{"id":20255,"date":"2025-05-02T14:26:26","date_gmt":"2025-05-02T14:26:26","guid":{"rendered":"https:\/\/www.latribunedufaso.net\/?p=20255"},"modified":"2025-05-02T14:26:26","modified_gmt":"2025-05-02T14:26:26","slug":"festicom-cest-parti-pour-la-premiere-edition","status":"publish","type":"post","link":"https:\/\/www.latribunedufaso.net\/?p=20255","title":{"rendered":"FestiCom : C\u2019est parti pour la premi\u00e8re \u00e9dition"},"content":{"rendered":"<p><strong>Du 1er au 04 mai 2025, le quartier Bonheur Ville de Ouagadougou va vibrer au rythme du Festival des communicateurs d\u00e9nomm\u00e9 \u00ab FestiCom \u00bb. Initi\u00e9 par l\u2019Association des jeunes journalistes, communicateurs et marketeurs (AJJCM), la c\u00e9r\u00e9monie d\u2019ouverture s\u2019est tenue ce jeudi 1er mai 2025.<\/strong><!--more--><\/p>\n<p><em><strong>\u00ab Pour un Burkina r\u00e9silient et prosp\u00e8re, jeune, engage-toi pour une communication saine \u00bb,<\/strong><\/em> c\u2019est sous ce th\u00e8me que se tient la premi\u00e8re \u00e9dition du FestiCom du 1er au 4 mai 2025 \u00e0 Bonheur Ville \u00e0 Ouagadougou.<\/p>\n<figure id=\"attachment_20257\" aria-describedby=\"caption-attachment-20257\" style=\"width: 2560px\" class=\"wp-caption aligncenter\"><a href=\"https:\/\/www.latribunedufaso.net\/wp-content\/uploads\/2025\/05\/IMG_20250501_200650_341-scaled.jpg\"><img loading=\"lazy\" decoding=\"async\" class=\"size-full wp-image-20257\" src=\"https:\/\/www.latribunedufaso.net\/wp-content\/uploads\/2025\/05\/IMG_20250501_200650_341-scaled.jpg\" alt=\"C\u00e9r\u00e9monie d'ouverture de la premi\u00e8re \u00e9dition du festival des communicateurs, 1er mai 2025\" width=\"2560\" height=\"1920\" srcset=\"https:\/\/www.latribunedufaso.net\/wp-content\/uploads\/2025\/05\/IMG_20250501_200650_341-scaled.jpg 2560w, https:\/\/www.latribunedufaso.net\/wp-content\/uploads\/2025\/05\/IMG_20250501_200650_341-300x225.jpg 300w, https:\/\/www.latribunedufaso.net\/wp-content\/uploads\/2025\/05\/IMG_20250501_200650_341-1024x768.jpg 1024w, https:\/\/www.latribunedufaso.net\/wp-content\/uploads\/2025\/05\/IMG_20250501_200650_341-768x576.jpg 768w, https:\/\/www.latribunedufaso.net\/wp-content\/uploads\/2025\/05\/IMG_20250501_200650_341-1536x1152.jpg 1536w, https:\/\/www.latribunedufaso.net\/wp-content\/uploads\/2025\/05\/IMG_20250501_200650_341-2048x1536.jpg 2048w\" sizes=\"auto, (max-width: 2560px) 100vw, 2560px\" \/><\/a><figcaption id=\"caption-attachment-20257\" class=\"wp-caption-text\">Le repr\u00e9sentant de la PDS de l&rsquo;arrondissement 7 de Ouagadougou (marraine), Sosth\u00e8ne Kabor\u00e9 &#8211; Ph. I. Tapsoba<\/figcaption><\/figure>\n<p>Ce th\u00e8me est en phase avec les r\u00e9alit\u00e9s du moment, selon le repr\u00e9sentant de la Pr\u00e9sidente de la d\u00e9l\u00e9gation sp\u00e9ciale (PDS) de l\u2019arrondissement 7 de Ouagadougou, Sosth\u00e8ne Kabor\u00e9. <em><strong>\u00ab Il interpelle et invite chaque acteur au sens de la responsabilit\u00e9 \u00e0 une utilisation saine des r\u00e9seaux sociaux et des outils de communication \u00bb,<\/strong><\/em> a-t-il indiqu\u00e9.<\/p>\n<p>\u00c0 l\u2019\u00e9couter, dans un contexte de d\u00e9fis s\u00e9curitaires, <em><strong>\u00ab il est plus que n\u00e9cessaire d\u2019assainir le secteur de la communication pour ne pas servir de relais aux terroristes \u00bb.<\/strong><\/em><\/p>\n<figure id=\"attachment_20258\" aria-describedby=\"caption-attachment-20258\" style=\"width: 2560px\" class=\"wp-caption aligncenter\"><a href=\"https:\/\/www.latribunedufaso.net\/wp-content\/uploads\/2025\/05\/IMG_20250501_193233_110-scaled.jpg\"><img loading=\"lazy\" decoding=\"async\" class=\"size-full wp-image-20258\" src=\"https:\/\/www.latribunedufaso.net\/wp-content\/uploads\/2025\/05\/IMG_20250501_193233_110-scaled.jpg\" alt=\"C\u00e9r\u00e9monie d'ouverture de la premi\u00e8re \u00e9dition du festival des communicateurs, 1er mai 2025\" width=\"2560\" height=\"1920\" srcset=\"https:\/\/www.latribunedufaso.net\/wp-content\/uploads\/2025\/05\/IMG_20250501_193233_110-scaled.jpg 2560w, https:\/\/www.latribunedufaso.net\/wp-content\/uploads\/2025\/05\/IMG_20250501_193233_110-300x225.jpg 300w, https:\/\/www.latribunedufaso.net\/wp-content\/uploads\/2025\/05\/IMG_20250501_193233_110-1024x768.jpg 1024w, https:\/\/www.latribunedufaso.net\/wp-content\/uploads\/2025\/05\/IMG_20250501_193233_110-768x576.jpg 768w, https:\/\/www.latribunedufaso.net\/wp-content\/uploads\/2025\/05\/IMG_20250501_193233_110-1536x1152.jpg 1536w, https:\/\/www.latribunedufaso.net\/wp-content\/uploads\/2025\/05\/IMG_20250501_193233_110-2048x1536.jpg 2048w\" sizes=\"auto, (max-width: 2560px) 100vw, 2560px\" \/><\/a><figcaption id=\"caption-attachment-20258\" class=\"wp-caption-text\">Le pr\u00e9sident du comit\u00e9 d&rsquo;organisation du FestiCom, Mathieu Sana &#8211; Ph. I. Tapsoba<\/figcaption><\/figure>\n<p>Au programme, il y aura des prestations artistiques et une rue marchande au niveau du rond-point de la Transition \u00e0 Bonheur Ville, selon le Pr\u00e9sident du comit\u00e9 d\u2019organisation, Mathieu Sana. Il y aura \u00e9galement un panel sur le th\u00e8me de l\u2019\u00e9dition le samedi 03 mai 2025 au Palais de la jeunesse et de la culture Jean Pierre Guingan\u00e9.<\/p>\n<blockquote>\n<p>Lire aussi &gt;&gt; <a href=\"https:\/\/www.latribunedufaso.net\/?p=19988\">1\u00e8re \u00e9dition du FestiCom : Rendez-vous du 1er au 04 mai 2025 \u00e0 Ouagadougou<\/a><\/p>\n<\/blockquote>\n<p>Le repr\u00e9sentant du parrain, Sonkolognaaba Karfo du Sanmatenga, a salu\u00e9 l\u2019initiative. <em><strong>\u00ab Ce festival est un lieu de valorisation de la culture burkinab\u00e8 \u00bb,<\/strong><\/em> a-t-il poursuivi. En s\u2019adressant aux participants, il les a invit\u00e9s \u00e0 profiter de chaque instant, \u00e0 tisser des liens, \u00e0 construire leur r\u00e9seau afin de nourrir leur passion.<\/p>\n<p><strong>Issouf TAPSOBA<\/strong><\/p>\n<p><strong>latribunedufaso.net<\/strong><\/p>\n<figure id=\"attachment_20260\" aria-describedby=\"caption-attachment-20260\" style=\"width: 2560px\" class=\"wp-caption aligncenter\"><a href=\"https:\/\/www.latribunedufaso.net\/wp-content\/uploads\/2025\/05\/IMG_20250501_192239_410-scaled.jpg\"><img loading=\"lazy\" decoding=\"async\" class=\"size-full wp-image-20260\" src=\"https:\/\/www.latribunedufaso.net\/wp-content\/uploads\/2025\/05\/IMG_20250501_192239_410-scaled.jpg\" alt=\"C\u00e9r\u00e9monie d'ouverture de la premi\u00e8re \u00e9dition du festival des communicateurs, 1er mai 2025\" width=\"2560\" height=\"1920\" srcset=\"https:\/\/www.latribunedufaso.net\/wp-content\/uploads\/2025\/05\/IMG_20250501_192239_410-scaled.jpg 2560w, https:\/\/www.latribunedufaso.net\/wp-content\/uploads\/2025\/05\/IMG_20250501_192239_410-300x225.jpg 300w, https:\/\/www.latribunedufaso.net\/wp-content\/uploads\/2025\/05\/IMG_20250501_192239_410-1024x768.jpg 1024w, https:\/\/www.latribunedufaso.net\/wp-content\/uploads\/2025\/05\/IMG_20250501_192239_410-768x576.jpg 768w, https:\/\/www.latribunedufaso.net\/wp-content\/uploads\/2025\/05\/IMG_20250501_192239_410-1536x1152.jpg 1536w, https:\/\/www.latribunedufaso.net\/wp-content\/uploads\/2025\/05\/IMG_20250501_192239_410-2048x1536.jpg 2048w\" sizes=\"auto, (max-width: 2560px) 100vw, 2560px\" \/><\/a><figcaption id=\"caption-attachment-20260\" class=\"wp-caption-text\">Une vue des participants \u00e0 la c\u00e9r\u00e9monie d&rsquo;ouverture &#8211; Ph. I. Tapsoba<\/figcaption><\/figure>\n","protected":false},"excerpt":{"rendered":"<p>Du 1er au 04 mai 2025, le quartier Bonheur Ville de Ouagadougou va vibrer au rythme du Festival des communicateurs d\u00e9nomm\u00e9 \u00ab FestiCom \u00bb. Initi\u00e9 par l\u2019Association des jeunes journalistes, communicateurs et marketeurs (AJJCM), la c\u00e9r\u00e9monie d\u2019ouverture s\u2019est tenue ce jeudi 1er mai 2025.<\/p>\n","protected":false},"author":5,"featured_media":20259,"comment_status":"open","ping_status":"open","sticky":false,"template":"","format":"standard","meta":{"footnotes":""},"categories":[13,1,30],"tags":[945,892,415,39],"class_list":["post-20255","post","type-post","status-publish","format-standard","has-post-thumbnail","hentry","category-une","category-actu","category-art-et-culture","tag-ajjcm","tag-festicom","tag-journalisme-et-communication","tag-latribunedufaso-net"],"yoast_head":"<!-- This site is optimized with the Yoast SEO plugin v27.5 - https:\/\/yoast.com\/product\/yoast-seo-wordpress\/ -->\n<title>FestiCom : C\u2019est parti pour la premi\u00e8re \u00e9dition - La Tribune du Faso<\/title>\n<meta name=\"robots\" content=\"index, follow, max-snippet:-1, max-image-preview:large, max-video-preview:-1\" \/>\n<link rel=\"canonical\" href=\"https:\/\/www.latribunedufaso.net\/?p=20255\" \/>\n<meta property=\"og:locale\" content=\"fr_FR\" \/>\n<meta property=\"og:type\" content=\"article\" \/>\n<meta property=\"og:title\" content=\"FestiCom : C\u2019est parti pour la premi\u00e8re \u00e9dition - La Tribune du Faso\" \/>\n<meta property=\"og:description\" content=\"Du 1er au 04 mai 2025, le quartier Bonheur Ville de Ouagadougou va vibrer au rythme du Festival des communicateurs d\u00e9nomm\u00e9 \u00ab FestiCom \u00bb. Initi\u00e9 par l\u2019Association des jeunes journalistes, communicateurs et marketeurs (AJJCM), la c\u00e9r\u00e9monie d\u2019ouverture s\u2019est tenue ce jeudi 1er mai 2025.\" \/>\n<meta property=\"og:url\" content=\"https:\/\/www.latribunedufaso.net\/?p=20255\" \/>\n<meta property=\"og:site_name\" content=\"La Tribune du Faso\" \/>\n<meta property=\"article:publisher\" content=\"https:\/\/www.facebook.com\/LatribuneduFaso\/\" \/>\n<meta property=\"article:published_time\" content=\"2025-05-02T14:26:26+00:00\" \/>\n<meta property=\"og:image\" content=\"https:\/\/www.latribunedufaso.net\/wp-content\/uploads\/2025\/05\/IMG_20250501_192313_384-scaled.jpg\" \/>\n\t<meta property=\"og:image:width\" content=\"2560\" \/>\n\t<meta property=\"og:image:height\" content=\"1920\" \/>\n\t<meta property=\"og:image:type\" content=\"image\/jpeg\" \/>\n<meta name=\"author\" content=\"Issouf Tapsoba\" \/>\n<meta name=\"twitter:label1\" content=\"\u00c9crit par\" \/>\n\t<meta name=\"twitter:data1\" content=\"Issouf Tapsoba\" \/>\n\t<meta name=\"twitter:label2\" content=\"Dur\u00e9e de lecture estim\u00e9e\" \/>\n\t<meta name=\"twitter:data2\" content=\"2 minutes\" \/>\n<script type=\"application\/ld+json\" class=\"yoast-schema-graph\">{\"@context\":\"https:\\\/\\\/schema.org\",\"@graph\":[{\"@type\":\"Article\",\"@id\":\"https:\\\/\\\/www.latribunedufaso.net\\\/?p=20255#article\",\"isPartOf\":{\"@id\":\"https:\\\/\\\/www.latribunedufaso.net\\\/?p=20255\"},\"author\":{\"name\":\"Issouf Tapsoba\",\"@id\":\"https:\\\/\\\/www.latribunedufaso.net\\\/#\\\/schema\\\/person\\\/e54e64c5778a7e72cf80a318b7a622b0\"},\"headline\":\"FestiCom : C\u2019est parti pour la premi\u00e8re \u00e9dition\",\"datePublished\":\"2025-05-02T14:26:26+00:00\",\"mainEntityOfPage\":{\"@id\":\"https:\\\/\\\/www.latribunedufaso.net\\\/?p=20255\"},\"wordCount\":381,\"commentCount\":0,\"publisher\":{\"@id\":\"https:\\\/\\\/www.latribunedufaso.net\\\/#organization\"},\"image\":{\"@id\":\"https:\\\/\\\/www.latribunedufaso.net\\\/?p=20255#primaryimage\"},\"thumbnailUrl\":\"https:\\\/\\\/www.latribunedufaso.net\\\/wp-content\\\/uploads\\\/2025\\\/05\\\/IMG_20250501_192313_384-scaled.jpg\",\"keywords\":[\"AJJCM\",\"FESTICOM\",\"journalisme et communication\",\"latribunedufaso.net\"],\"articleSection\":[\"A la une\",\"Actualit\u00e9\",\"Art et Culture\"],\"inLanguage\":\"fr-FR\",\"potentialAction\":[{\"@type\":\"CommentAction\",\"name\":\"Comment\",\"target\":[\"https:\\\/\\\/www.latribunedufaso.net\\\/?p=20255#respond\"]}]},{\"@type\":\"WebPage\",\"@id\":\"https:\\\/\\\/www.latribunedufaso.net\\\/?p=20255\",\"url\":\"https:\\\/\\\/www.latribunedufaso.net\\\/?p=20255\",\"name\":\"FestiCom : C\u2019est parti pour la premi\u00e8re \u00e9dition - La Tribune du Faso\",\"isPartOf\":{\"@id\":\"https:\\\/\\\/www.latribunedufaso.net\\\/#website\"},\"primaryImageOfPage\":{\"@id\":\"https:\\\/\\\/www.latribunedufaso.net\\\/?p=20255#primaryimage\"},\"image\":{\"@id\":\"https:\\\/\\\/www.latribunedufaso.net\\\/?p=20255#primaryimage\"},\"thumbnailUrl\":\"https:\\\/\\\/www.latribunedufaso.net\\\/wp-content\\\/uploads\\\/2025\\\/05\\\/IMG_20250501_192313_384-scaled.jpg\",\"datePublished\":\"2025-05-02T14:26:26+00:00\",\"breadcrumb\":{\"@id\":\"https:\\\/\\\/www.latribunedufaso.net\\\/?p=20255#breadcrumb\"},\"inLanguage\":\"fr-FR\",\"potentialAction\":[{\"@type\":\"ReadAction\",\"target\":[\"https:\\\/\\\/www.latribunedufaso.net\\\/?p=20255\"]}]},{\"@type\":\"ImageObject\",\"inLanguage\":\"fr-FR\",\"@id\":\"https:\\\/\\\/www.latribunedufaso.net\\\/?p=20255#primaryimage\",\"url\":\"https:\\\/\\\/www.latribunedufaso.net\\\/wp-content\\\/uploads\\\/2025\\\/05\\\/IMG_20250501_192313_384-scaled.jpg\",\"contentUrl\":\"https:\\\/\\\/www.latribunedufaso.net\\\/wp-content\\\/uploads\\\/2025\\\/05\\\/IMG_20250501_192313_384-scaled.jpg\",\"width\":2560,\"height\":1920,\"caption\":\"C\u00e9r\u00e9monie d'ouverture de la premi\u00e8re \u00e9dition du festival des communicateurs, 1er mai 2025\"},{\"@type\":\"BreadcrumbList\",\"@id\":\"https:\\\/\\\/www.latribunedufaso.net\\\/?p=20255#breadcrumb\",\"itemListElement\":[{\"@type\":\"ListItem\",\"position\":1,\"name\":\"Accueil\",\"item\":\"https:\\\/\\\/www.latribunedufaso.net\\\/\"},{\"@type\":\"ListItem\",\"position\":2,\"name\":\"FestiCom : C\u2019est parti pour la premi\u00e8re \u00e9dition\"}]},{\"@type\":\"WebSite\",\"@id\":\"https:\\\/\\\/www.latribunedufaso.net\\\/#website\",\"url\":\"https:\\\/\\\/www.latribunedufaso.net\\\/\",\"name\":\"La Tribune du Faso\",\"description\":\"L&#039;information du monde rural en un clic\",\"publisher\":{\"@id\":\"https:\\\/\\\/www.latribunedufaso.net\\\/#organization\"},\"potentialAction\":[{\"@type\":\"SearchAction\",\"target\":{\"@type\":\"EntryPoint\",\"urlTemplate\":\"https:\\\/\\\/www.latribunedufaso.net\\\/?s={search_term_string}\"},\"query-input\":{\"@type\":\"PropertyValueSpecification\",\"valueRequired\":true,\"valueName\":\"search_term_string\"}}],\"inLanguage\":\"fr-FR\"},{\"@type\":\"Organization\",\"@id\":\"https:\\\/\\\/www.latribunedufaso.net\\\/#organization\",\"name\":\"La Tribune du Faso\",\"url\":\"https:\\\/\\\/www.latribunedufaso.net\\\/\",\"logo\":{\"@type\":\"ImageObject\",\"inLanguage\":\"fr-FR\",\"@id\":\"https:\\\/\\\/www.latribunedufaso.net\\\/#\\\/schema\\\/logo\\\/image\\\/\",\"url\":\"https:\\\/\\\/www.latribunedufaso.net\\\/wp-content\\\/uploads\\\/2020\\\/08\\\/Logo-Tribune-du-Faso-final-scaled.jpg\",\"contentUrl\":\"https:\\\/\\\/www.latribunedufaso.net\\\/wp-content\\\/uploads\\\/2020\\\/08\\\/Logo-Tribune-du-Faso-final-scaled.jpg\",\"width\":2560,\"height\":1856,\"caption\":\"La Tribune du Faso\"},\"image\":{\"@id\":\"https:\\\/\\\/www.latribunedufaso.net\\\/#\\\/schema\\\/logo\\\/image\\\/\"},\"sameAs\":[\"https:\\\/\\\/www.facebook.com\\\/LatribuneduFaso\\\/\"]},{\"@type\":\"Person\",\"@id\":\"https:\\\/\\\/www.latribunedufaso.net\\\/#\\\/schema\\\/person\\\/e54e64c5778a7e72cf80a318b7a622b0\",\"name\":\"Issouf Tapsoba\",\"image\":{\"@type\":\"ImageObject\",\"inLanguage\":\"fr-FR\",\"@id\":\"https:\\\/\\\/secure.gravatar.com\\\/avatar\\\/5e6c05150ce3230247d167f5b94d678eb05936197436d69b7921e3a95c9107ac?s=96&d=mm&r=g\",\"url\":\"https:\\\/\\\/secure.gravatar.com\\\/avatar\\\/5e6c05150ce3230247d167f5b94d678eb05936197436d69b7921e3a95c9107ac?s=96&d=mm&r=g\",\"contentUrl\":\"https:\\\/\\\/secure.gravatar.com\\\/avatar\\\/5e6c05150ce3230247d167f5b94d678eb05936197436d69b7921e3a95c9107ac?s=96&d=mm&r=g\",\"caption\":\"Issouf Tapsoba\"},\"url\":\"https:\\\/\\\/www.latribunedufaso.net\\\/?author=5\"}]}<\/script>\n<!-- \/ Yoast SEO plugin. -->","yoast_head_json":{"title":"FestiCom : C\u2019est parti pour la premi\u00e8re \u00e9dition - La Tribune du Faso","robots":{"index":"index","follow":"follow","max-snippet":"max-snippet:-1","max-image-preview":"max-image-preview:large","max-video-preview":"max-video-preview:-1"},"canonical":"https:\/\/www.latribunedufaso.net\/?p=20255","og_locale":"fr_FR","og_type":"article","og_title":"FestiCom : C\u2019est parti pour la premi\u00e8re \u00e9dition - La Tribune du Faso","og_description":"Du 1er au 04 mai 2025, le quartier Bonheur Ville de Ouagadougou va vibrer au rythme du Festival des communicateurs d\u00e9nomm\u00e9 \u00ab FestiCom \u00bb. Initi\u00e9 par l\u2019Association des jeunes journalistes, communicateurs et marketeurs (AJJCM), la c\u00e9r\u00e9monie d\u2019ouverture s\u2019est tenue ce jeudi 1er mai 2025.","og_url":"https:\/\/www.latribunedufaso.net\/?p=20255","og_site_name":"La Tribune du Faso","article_publisher":"https:\/\/www.facebook.com\/LatribuneduFaso\/","article_published_time":"2025-05-02T14:26:26+00:00","og_image":[{"width":2560,"height":1920,"url":"https:\/\/www.latribunedufaso.net\/wp-content\/uploads\/2025\/05\/IMG_20250501_192313_384-scaled.jpg","type":"image\/jpeg"}],"author":"Issouf Tapsoba","twitter_misc":{"\u00c9crit par":"Issouf Tapsoba","Dur\u00e9e de lecture estim\u00e9e":"2 minutes"},"schema":{"@context":"https:\/\/schema.org","@graph":[{"@type":"Article","@id":"https:\/\/www.latribunedufaso.net\/?p=20255#article","isPartOf":{"@id":"https:\/\/www.latribunedufaso.net\/?p=20255"},"author":{"name":"Issouf Tapsoba","@id":"https:\/\/www.latribunedufaso.net\/#\/schema\/person\/e54e64c5778a7e72cf80a318b7a622b0"},"headline":"FestiCom : C\u2019est parti pour la premi\u00e8re \u00e9dition","datePublished":"2025-05-02T14:26:26+00:00","mainEntityOfPage":{"@id":"https:\/\/www.latribunedufaso.net\/?p=20255"},"wordCount":381,"commentCount":0,"publisher":{"@id":"https:\/\/www.latribunedufaso.net\/#organization"},"image":{"@id":"https:\/\/www.latribunedufaso.net\/?p=20255#primaryimage"},"thumbnailUrl":"https:\/\/www.latribunedufaso.net\/wp-content\/uploads\/2025\/05\/IMG_20250501_192313_384-scaled.jpg","keywords":["AJJCM","FESTICOM","journalisme et communication","latribunedufaso.net"],"articleSection":["A la une","Actualit\u00e9","Art et Culture"],"inLanguage":"fr-FR","potentialAction":[{"@type":"CommentAction","name":"Comment","target":["https:\/\/www.latribunedufaso.net\/?p=20255#respond"]}]},{"@type":"WebPage","@id":"https:\/\/www.latribunedufaso.net\/?p=20255","url":"https:\/\/www.latribunedufaso.net\/?p=20255","name":"FestiCom : C\u2019est parti pour la premi\u00e8re \u00e9dition - La Tribune du Faso","isPartOf":{"@id":"https:\/\/www.latribunedufaso.net\/#website"},"primaryImageOfPage":{"@id":"https:\/\/www.latribunedufaso.net\/?p=20255#primaryimage"},"image":{"@id":"https:\/\/www.latribunedufaso.net\/?p=20255#primaryimage"},"thumbnailUrl":"https:\/\/www.latribunedufaso.net\/wp-content\/uploads\/2025\/05\/IMG_20250501_192313_384-scaled.jpg","datePublished":"2025-05-02T14:26:26+00:00","breadcrumb":{"@id":"https:\/\/www.latribunedufaso.net\/?p=20255#breadcrumb"},"inLanguage":"fr-FR","potentialAction":[{"@type":"ReadAction","target":["https:\/\/www.latribunedufaso.net\/?p=20255"]}]},{"@type":"ImageObject","inLanguage":"fr-FR","@id":"https:\/\/www.latribunedufaso.net\/?p=20255#primaryimage","url":"https:\/\/www.latribunedufaso.net\/wp-content\/uploads\/2025\/05\/IMG_20250501_192313_384-scaled.jpg","contentUrl":"https:\/\/www.latribunedufaso.net\/wp-content\/uploads\/2025\/05\/IMG_20250501_192313_384-scaled.jpg","width":2560,"height":1920,"caption":"C\u00e9r\u00e9monie d'ouverture de la premi\u00e8re \u00e9dition du festival des communicateurs, 1er mai 2025"},{"@type":"BreadcrumbList","@id":"https:\/\/www.latribunedufaso.net\/?p=20255#breadcrumb","itemListElement":[{"@type":"ListItem","position":1,"name":"Accueil","item":"https:\/\/www.latribunedufaso.net\/"},{"@type":"ListItem","position":2,"name":"FestiCom : C\u2019est parti pour la premi\u00e8re \u00e9dition"}]},{"@type":"WebSite","@id":"https:\/\/www.latribunedufaso.net\/#website","url":"https:\/\/www.latribunedufaso.net\/","name":"La Tribune du Faso","description":"L&#039;information du monde rural en un clic","publisher":{"@id":"https:\/\/www.latribunedufaso.net\/#organization"},"potentialAction":[{"@type":"SearchAction","target":{"@type":"EntryPoint","urlTemplate":"https:\/\/www.latribunedufaso.net\/?s={search_term_string}"},"query-input":{"@type":"PropertyValueSpecification","valueRequired":true,"valueName":"search_term_string"}}],"inLanguage":"fr-FR"},{"@type":"Organization","@id":"https:\/\/www.latribunedufaso.net\/#organization","name":"La Tribune du Faso","url":"https:\/\/www.latribunedufaso.net\/","logo":{"@type":"ImageObject","inLanguage":"fr-FR","@id":"https:\/\/www.latribunedufaso.net\/#\/schema\/logo\/image\/","url":"https:\/\/www.latribunedufaso.net\/wp-content\/uploads\/2020\/08\/Logo-Tribune-du-Faso-final-scaled.jpg","contentUrl":"https:\/\/www.latribunedufaso.net\/wp-content\/uploads\/2020\/08\/Logo-Tribune-du-Faso-final-scaled.jpg","width":2560,"height":1856,"caption":"La Tribune du Faso"},"image":{"@id":"https:\/\/www.latribunedufaso.net\/#\/schema\/logo\/image\/"},"sameAs":["https:\/\/www.facebook.com\/LatribuneduFaso\/"]},{"@type":"Person","@id":"https:\/\/www.latribunedufaso.net\/#\/schema\/person\/e54e64c5778a7e72cf80a318b7a622b0","name":"Issouf Tapsoba","image":{"@type":"ImageObject","inLanguage":"fr-FR","@id":"https:\/\/secure.gravatar.com\/avatar\/5e6c05150ce3230247d167f5b94d678eb05936197436d69b7921e3a95c9107ac?s=96&d=mm&r=g","url":"https:\/\/secure.gravatar.com\/avatar\/5e6c05150ce3230247d167f5b94d678eb05936197436d69b7921e3a95c9107ac?s=96&d=mm&r=g","contentUrl":"https:\/\/secure.gravatar.com\/avatar\/5e6c05150ce3230247d167f5b94d678eb05936197436d69b7921e3a95c9107ac?s=96&d=mm&r=g","caption":"Issouf Tapsoba"},"url":"https:\/\/www.latribunedufaso.net\/?author=5"}]}},"_links":{"self":[{"href":"https:\/\/www.latribunedufaso.net\/index.php?rest_route=\/wp\/v2\/posts\/20255","targetHints":{"allow":["GET"]}}],"collection":[{"href":"https:\/\/www.latribunedufaso.net\/index.php?rest_route=\/wp\/v2\/posts"}],"about":[{"href":"https:\/\/www.latribunedufaso.net\/index.php?rest_route=\/wp\/v2\/types\/post"}],"author":[{"embeddable":true,"href":"https:\/\/www.latribunedufaso.net\/index.php?rest_route=\/wp\/v2\/users\/5"}],"replies":[{"embeddable":true,"href":"https:\/\/www.latribunedufaso.net\/index.php?rest_route=%2Fwp%2Fv2%2Fcomments&post=20255"}],"version-history":[{"count":2,"href":"https:\/\/www.latribunedufaso.net\/index.php?rest_route=\/wp\/v2\/posts\/20255\/revisions"}],"predecessor-version":[{"id":20261,"href":"https:\/\/www.latribunedufaso.net\/index.php?rest_route=\/wp\/v2\/posts\/20255\/revisions\/20261"}],"wp:featuredmedia":[{"embeddable":true,"href":"https:\/\/www.latribunedufaso.net\/index.php?rest_route=\/wp\/v2\/media\/20259"}],"wp:attachment":[{"href":"https:\/\/www.latribunedufaso.net\/index.php?rest_route=%2Fwp%2Fv2%2Fmedia&parent=20255"}],"wp:term":[{"taxonomy":"category","embeddable":true,"href":"https:\/\/www.latribunedufaso.net\/index.php?rest_route=%2Fwp%2Fv2%2Fcategories&post=20255"},{"taxonomy":"post_tag","embeddable":true,"href":"https:\/\/www.latribunedufaso.net\/index.php?rest_route=%2Fwp%2Fv2%2Ftags&post=20255"}],"curies":[{"name":"wp","href":"https:\/\/api.w.org\/{rel}","templated":true}]}}