{"id":20157,"date":"2025-04-27T16:24:00","date_gmt":"2025-04-27T16:24:00","guid":{"rendered":"https:\/\/www.latribunedufaso.net\/?p=20157"},"modified":"2025-05-30T20:03:30","modified_gmt":"2025-05-30T20:03:30","slug":"culture-lassociation-we-buamu-initie-la-premiere-edition-des-journees-des-expressions-culturelles-buamu-sinh","status":"publish","type":"post","link":"https:\/\/www.latribunedufaso.net\/?p=20157","title":{"rendered":"Culture : L\u2019association We Buamu initie la premi\u00e8re \u00e9dition des Journ\u00e9es des expressions culturelles \u00ab Buamu sinh \u00bb"},"content":{"rendered":"<p><strong>Du 25 au 27 avril 2025, au palais de la jeunesse et de la culture Jean-Pierre Guingan\u00e9 \u00e0 Ouagadougou, se tient la premi\u00e8re \u00e9dition des Journ\u00e9es des expressions culturelles <em>\u00ab Buamu sinh \u00bb<\/em>. Organis\u00e9e par l\u2019association We Buamu, cette initiative vise \u00e0 promouvoir la culture buaba.<\/strong><!--more--><\/p>\n<p>Dans le but de promouvoir la culture buaba, l\u2019association We Buamu a initi\u00e9 la premi\u00e8re \u00e9dition des Journ\u00e9es des expressions culturelles <em><strong>\u00ab Buamu sinh \u00bb<\/strong><\/em>. Cet \u00e9v\u00e9nement se tient du 25 au 27 avril 2025 au palais de la jeunesse et de la culture Jean-Pierre Guingan\u00e9 \u00e0 Ouagadougou, sous le th\u00e8me : <em><strong>\u00ab Culture Buaba, r\u00e9silience et paix au Burkina Faso \u00bb<\/strong><\/em>. La c\u00e9r\u00e9monie d\u2019ouverture a eu lieu dans l\u2019apr\u00e8s-midi de ce 25 avril 2025 sous la pr\u00e9sidence du ministre en charge de l\u2019Urbanisme, Mika\u00eflou Sidib\u00e9.<\/p>\n<figure id=\"attachment_20163\" aria-describedby=\"caption-attachment-20163\" style=\"width: 2560px\" class=\"wp-caption aligncenter\"><a href=\"https:\/\/www.latribunedufaso.net\/wp-content\/uploads\/2025\/04\/IMG-20250427-WA0102.jpg\"><img loading=\"lazy\" decoding=\"async\" class=\"size-full wp-image-20163\" src=\"https:\/\/www.latribunedufaso.net\/wp-content\/uploads\/2025\/04\/IMG-20250427-WA0102.jpg\" alt=\"l\u2019association We Buamu organise du 25 au 27 avril 2025 \u00e0 Ouagadougou, la premi\u00e8re \u00e9dition des Journ\u00e9es des expressions culturelles \u00ab Buamu sinh \u00bb\" width=\"2560\" height=\"1927\" srcset=\"https:\/\/www.latribunedufaso.net\/wp-content\/uploads\/2025\/04\/IMG-20250427-WA0102.jpg 2560w, https:\/\/www.latribunedufaso.net\/wp-content\/uploads\/2025\/04\/IMG-20250427-WA0102-300x226.jpg 300w, https:\/\/www.latribunedufaso.net\/wp-content\/uploads\/2025\/04\/IMG-20250427-WA0102-1024x771.jpg 1024w, https:\/\/www.latribunedufaso.net\/wp-content\/uploads\/2025\/04\/IMG-20250427-WA0102-768x578.jpg 768w, https:\/\/www.latribunedufaso.net\/wp-content\/uploads\/2025\/04\/IMG-20250427-WA0102-1536x1156.jpg 1536w, https:\/\/www.latribunedufaso.net\/wp-content\/uploads\/2025\/04\/IMG-20250427-WA0102-2048x1542.jpg 2048w\" sizes=\"auto, (max-width: 2560px) 100vw, 2560px\" \/><\/a><figcaption id=\"caption-attachment-20163\" class=\"wp-caption-text\">Le pr\u00e9sident de l\u2019association We Buamu, Bi Y\u00eak\u00e8 Nabi\u00e9 &#8211; Ph. A. Kiendrebeogo<\/figcaption><\/figure>\n<p>Ce festival vise \u00e0 c\u00e9l\u00e9brer <em><strong>\u00ab notre identit\u00e9 culturelle, notre langue, nos traditions et nos valeurs communes \u00bb,<\/strong><\/em> a fait savoir le pr\u00e9sident de l\u2019association We Buamu, Bi Y\u00eak\u00e8 Nabi\u00e9. Il s\u2019agit, ajoute-t-il, d\u2019un festival int\u00e9grateur, cadre de retrouvailles de la communaut\u00e9 buaba.<\/p>\n<p>Durant 72 heures, le palais de la jeunesse et de la culture Jean-Pierre Guingan\u00e9 sera anim\u00e9 par plusieurs activit\u00e9s, notamment des conf\u00e9rences et panels, une foire artisanale avec rue marchande, des plateaux artistiques et des danses de masques.<\/p>\n<figure id=\"attachment_20162\" aria-describedby=\"caption-attachment-20162\" style=\"width: 2560px\" class=\"wp-caption aligncenter\"><a href=\"https:\/\/www.latribunedufaso.net\/wp-content\/uploads\/2025\/04\/IMG-20250427-WA0110.jpg\"><img loading=\"lazy\" decoding=\"async\" class=\"size-full wp-image-20162\" src=\"https:\/\/www.latribunedufaso.net\/wp-content\/uploads\/2025\/04\/IMG-20250427-WA0110.jpg\" alt=\"l\u2019association We Buamu organise du 25 au 27 avril 2025 \u00e0 Ouagadougou, la premi\u00e8re \u00e9dition des Journ\u00e9es des expressions culturelles \u00ab Buamu sinh \u00bb\" width=\"2560\" height=\"1927\" srcset=\"https:\/\/www.latribunedufaso.net\/wp-content\/uploads\/2025\/04\/IMG-20250427-WA0110.jpg 2560w, https:\/\/www.latribunedufaso.net\/wp-content\/uploads\/2025\/04\/IMG-20250427-WA0110-300x226.jpg 300w, https:\/\/www.latribunedufaso.net\/wp-content\/uploads\/2025\/04\/IMG-20250427-WA0110-1024x771.jpg 1024w, https:\/\/www.latribunedufaso.net\/wp-content\/uploads\/2025\/04\/IMG-20250427-WA0110-768x578.jpg 768w, https:\/\/www.latribunedufaso.net\/wp-content\/uploads\/2025\/04\/IMG-20250427-WA0110-1536x1156.jpg 1536w, https:\/\/www.latribunedufaso.net\/wp-content\/uploads\/2025\/04\/IMG-20250427-WA0110-2048x1542.jpg 2048w\" sizes=\"auto, (max-width: 2560px) 100vw, 2560px\" \/><\/a><figcaption id=\"caption-attachment-20162\" class=\"wp-caption-text\">Le ministre en charge de l\u2019Urbanisme, Mika\u00eflou Sidib\u00e9, pr\u00e9sident de la c\u00e9r\u00e9monie (au centre en noir) &#8211; Ph. A. Kiendrebeogo<\/figcaption><\/figure>\n<p>Cette premi\u00e8re \u00e9dition a \u00e9t\u00e9 plac\u00e9e sous le patronage du ministre en charge de l\u2019Urbanisme, Mika\u00eflou Sidib\u00e9. En prenant la parole, le ministre a f\u00e9licit\u00e9 les promoteurs de l\u2019\u00e9v\u00e9nement et a souhait\u00e9 que ces trois jours de festivit\u00e9s soient un moment de communion entre la communaut\u00e9 buaba et les autres communaut\u00e9s du Burkina Faso.<\/p>\n<blockquote><p>\n<iframe loading=\"lazy\" width=\"560\" height=\"315\" src=\"https:\/\/www.youtube.com\/embed\/MLlRqTvjKEs?si=emU4i9D-Vc8iT5TG\" title=\"YouTube video player\" frameborder=\"0\" allow=\"accelerometer; autoplay; clipboard-write; encrypted-media; gyroscope; picture-in-picture; web-share\" referrerpolicy=\"strict-origin-when-cross-origin\" allowfullscreen><\/iframe>  <\/p>\n<p>Lire aussi &gt;&gt; <a href=\"https:\/\/www.latribunedufaso.net\/?p=16169\">Mont\u00e9e des couleurs : Le Ditany\u00e8 entonn\u00e9 en langue Bwamu \u00e0 l\u2019h\u00f4tel administratif\u00a0<\/a><\/p>\n<\/blockquote>\n<p>Il faut noter que les Peulhs, parents \u00e0 plaisanterie des Bwa, sont la communaut\u00e9 invit\u00e9e d\u2019honneur de cette premi\u00e8re \u00e9dition des Journ\u00e9es des expressions culturelles <em><strong>\u00ab Buamu sinh \u00bb.<\/strong><\/em><\/p>\n<figure id=\"attachment_20160\" aria-describedby=\"caption-attachment-20160\" style=\"width: 1080px\" class=\"wp-caption aligncenter\"><a href=\"https:\/\/www.latribunedufaso.net\/wp-content\/uploads\/2025\/04\/IMG-20250427-WA0104.jpg\"><img loading=\"lazy\" decoding=\"async\" class=\"size-full wp-image-20160\" src=\"https:\/\/www.latribunedufaso.net\/wp-content\/uploads\/2025\/04\/IMG-20250427-WA0104.jpg\" alt=\"l\u2019association We Buamu organise du 25 au 27 avril 2025 \u00e0 Ouagadougou, la premi\u00e8re \u00e9dition des Journ\u00e9es des expressions culturelles \u00ab Buamu sinh \u00bb\" width=\"1080\" height=\"634\" srcset=\"https:\/\/www.latribunedufaso.net\/wp-content\/uploads\/2025\/04\/IMG-20250427-WA0104.jpg 1080w, https:\/\/www.latribunedufaso.net\/wp-content\/uploads\/2025\/04\/IMG-20250427-WA0104-300x176.jpg 300w, https:\/\/www.latribunedufaso.net\/wp-content\/uploads\/2025\/04\/IMG-20250427-WA0104-1024x601.jpg 1024w, https:\/\/www.latribunedufaso.net\/wp-content\/uploads\/2025\/04\/IMG-20250427-WA0104-768x451.jpg 768w\" sizes=\"auto, (max-width: 1080px) 100vw, 1080px\" \/><\/a><figcaption id=\"caption-attachment-20160\" class=\"wp-caption-text\">Une vue des femme bwa entrain de danser &#8211; Ph. A. Kiendrebeogo<\/figcaption><\/figure>\n<p>Pour information, l\u2019association We Buamu a \u00e9t\u00e9 cr\u00e9\u00e9e en 2021. Elle regroupe en son sein des fils et des filles bwa. L\u2019objectif principal de l\u2019association est de promouvoir la culture buaba dans toute sa diversit\u00e9.<\/p>\n<p><strong>Rosana Astride KIENDREBEOGO<\/strong><\/p>\n<p><strong>latribunedufaso.net<\/strong><\/p>\n","protected":false},"excerpt":{"rendered":"<p>Du 25 au 27 avril 2025, au palais de la jeunesse et de la culture Jean-Pierre Guingan\u00e9 \u00e0 Ouagadougou, se tient la premi\u00e8re \u00e9dition des Journ\u00e9es des expressions culturelles \u00ab Buamu sinh \u00bb. Organis\u00e9e par l\u2019association We Buamu, cette initiative vise \u00e0 promouvoir la culture buaba.<\/p>\n","protected":false},"author":5,"featured_media":20161,"comment_status":"open","ping_status":"open","sticky":false,"template":"","format":"standard","meta":{"footnotes":""},"categories":[13,1,30],"tags":[926,927,928,39,409],"class_list":["post-20157","post","type-post","status-publish","format-standard","has-post-thumbnail","hentry","category-une","category-actu","category-art-et-culture","tag-association-we-buamu","tag-bwa","tag-journees-des-expressions-culturelles-buamu-sinh","tag-latribunedufaso-net","tag-parente-a-plaisanterie"],"yoast_head":"<!-- This site is optimized with the Yoast SEO plugin v27.5 - https:\/\/yoast.com\/product\/yoast-seo-wordpress\/ -->\n<title>Culture : L\u2019association We Buamu initie la premi\u00e8re \u00e9dition des Journ\u00e9es des expressions culturelles \u00ab Buamu sinh \u00bb - La Tribune du Faso<\/title>\n<meta name=\"robots\" content=\"index, follow, max-snippet:-1, max-image-preview:large, max-video-preview:-1\" \/>\n<link rel=\"canonical\" href=\"https:\/\/www.latribunedufaso.net\/?p=20157\" \/>\n<meta property=\"og:locale\" content=\"fr_FR\" \/>\n<meta property=\"og:type\" content=\"article\" \/>\n<meta property=\"og:title\" content=\"Culture : L\u2019association We Buamu initie la premi\u00e8re \u00e9dition des Journ\u00e9es des expressions culturelles \u00ab Buamu sinh \u00bb - La Tribune du Faso\" \/>\n<meta property=\"og:description\" content=\"Du 25 au 27 avril 2025, au palais de la jeunesse et de la culture Jean-Pierre Guingan\u00e9 \u00e0 Ouagadougou, se tient la premi\u00e8re \u00e9dition des Journ\u00e9es des expressions culturelles \u00ab Buamu sinh \u00bb. Organis\u00e9e par l\u2019association We Buamu, cette initiative vise \u00e0 promouvoir la culture buaba.\" \/>\n<meta property=\"og:url\" content=\"https:\/\/www.latribunedufaso.net\/?p=20157\" \/>\n<meta property=\"og:site_name\" content=\"La Tribune du Faso\" \/>\n<meta property=\"article:publisher\" content=\"https:\/\/www.facebook.com\/LatribuneduFaso\/\" \/>\n<meta property=\"article:published_time\" content=\"2025-04-27T16:24:00+00:00\" \/>\n<meta property=\"article:modified_time\" content=\"2025-05-30T20:03:30+00:00\" \/>\n<meta property=\"og:image\" content=\"https:\/\/www.latribunedufaso.net\/wp-content\/uploads\/2025\/04\/IMG-20250427-WA0103.jpg\" \/>\n\t<meta property=\"og:image:width\" content=\"1080\" \/>\n\t<meta property=\"og:image:height\" content=\"654\" \/>\n\t<meta property=\"og:image:type\" content=\"image\/jpeg\" \/>\n<meta name=\"author\" content=\"Issouf Tapsoba\" \/>\n<meta name=\"twitter:label1\" content=\"\u00c9crit par\" \/>\n\t<meta name=\"twitter:data1\" content=\"Issouf Tapsoba\" \/>\n\t<meta name=\"twitter:label2\" content=\"Dur\u00e9e de lecture estim\u00e9e\" \/>\n\t<meta name=\"twitter:data2\" content=\"2 minutes\" \/>\n<script type=\"application\/ld+json\" class=\"yoast-schema-graph\">{\"@context\":\"https:\\\/\\\/schema.org\",\"@graph\":[{\"@type\":\"Article\",\"@id\":\"https:\\\/\\\/www.latribunedufaso.net\\\/?p=20157#article\",\"isPartOf\":{\"@id\":\"https:\\\/\\\/www.latribunedufaso.net\\\/?p=20157\"},\"author\":{\"name\":\"Issouf Tapsoba\",\"@id\":\"https:\\\/\\\/www.latribunedufaso.net\\\/#\\\/schema\\\/person\\\/e54e64c5778a7e72cf80a318b7a622b0\"},\"headline\":\"Culture : L\u2019association We Buamu initie la premi\u00e8re \u00e9dition des Journ\u00e9es des expressions culturelles \u00ab Buamu sinh \u00bb\",\"datePublished\":\"2025-04-27T16:24:00+00:00\",\"dateModified\":\"2025-05-30T20:03:30+00:00\",\"mainEntityOfPage\":{\"@id\":\"https:\\\/\\\/www.latribunedufaso.net\\\/?p=20157\"},\"wordCount\":465,\"commentCount\":0,\"publisher\":{\"@id\":\"https:\\\/\\\/www.latribunedufaso.net\\\/#organization\"},\"image\":{\"@id\":\"https:\\\/\\\/www.latribunedufaso.net\\\/?p=20157#primaryimage\"},\"thumbnailUrl\":\"https:\\\/\\\/www.latribunedufaso.net\\\/wp-content\\\/uploads\\\/2025\\\/04\\\/IMG-20250427-WA0103.jpg\",\"keywords\":[\"association We Buamu\",\"bwa\",\"Journ\u00e9es des expressions culturelles \u00ab Buamu sinh \u00bb\",\"latribunedufaso.net\",\"Parent\u00e9 \u00e0 plaisanterie\"],\"articleSection\":[\"A la une\",\"Actualit\u00e9\",\"Art et Culture\"],\"inLanguage\":\"fr-FR\",\"potentialAction\":[{\"@type\":\"CommentAction\",\"name\":\"Comment\",\"target\":[\"https:\\\/\\\/www.latribunedufaso.net\\\/?p=20157#respond\"]}]},{\"@type\":\"WebPage\",\"@id\":\"https:\\\/\\\/www.latribunedufaso.net\\\/?p=20157\",\"url\":\"https:\\\/\\\/www.latribunedufaso.net\\\/?p=20157\",\"name\":\"Culture : L\u2019association We Buamu initie la premi\u00e8re \u00e9dition des Journ\u00e9es des expressions culturelles \u00ab Buamu sinh \u00bb - La Tribune du Faso\",\"isPartOf\":{\"@id\":\"https:\\\/\\\/www.latribunedufaso.net\\\/#website\"},\"primaryImageOfPage\":{\"@id\":\"https:\\\/\\\/www.latribunedufaso.net\\\/?p=20157#primaryimage\"},\"image\":{\"@id\":\"https:\\\/\\\/www.latribunedufaso.net\\\/?p=20157#primaryimage\"},\"thumbnailUrl\":\"https:\\\/\\\/www.latribunedufaso.net\\\/wp-content\\\/uploads\\\/2025\\\/04\\\/IMG-20250427-WA0103.jpg\",\"datePublished\":\"2025-04-27T16:24:00+00:00\",\"dateModified\":\"2025-05-30T20:03:30+00:00\",\"breadcrumb\":{\"@id\":\"https:\\\/\\\/www.latribunedufaso.net\\\/?p=20157#breadcrumb\"},\"inLanguage\":\"fr-FR\",\"potentialAction\":[{\"@type\":\"ReadAction\",\"target\":[\"https:\\\/\\\/www.latribunedufaso.net\\\/?p=20157\"]}]},{\"@type\":\"ImageObject\",\"inLanguage\":\"fr-FR\",\"@id\":\"https:\\\/\\\/www.latribunedufaso.net\\\/?p=20157#primaryimage\",\"url\":\"https:\\\/\\\/www.latribunedufaso.net\\\/wp-content\\\/uploads\\\/2025\\\/04\\\/IMG-20250427-WA0103.jpg\",\"contentUrl\":\"https:\\\/\\\/www.latribunedufaso.net\\\/wp-content\\\/uploads\\\/2025\\\/04\\\/IMG-20250427-WA0103.jpg\",\"width\":1080,\"height\":654,\"caption\":\"Une vue des masques bwa - Ph. A. Kiendrebeogo\"},{\"@type\":\"BreadcrumbList\",\"@id\":\"https:\\\/\\\/www.latribunedufaso.net\\\/?p=20157#breadcrumb\",\"itemListElement\":[{\"@type\":\"ListItem\",\"position\":1,\"name\":\"Accueil\",\"item\":\"https:\\\/\\\/www.latribunedufaso.net\\\/\"},{\"@type\":\"ListItem\",\"position\":2,\"name\":\"Culture : L\u2019association We Buamu initie la premi\u00e8re \u00e9dition des Journ\u00e9es des expressions culturelles \u00ab Buamu sinh \u00bb\"}]},{\"@type\":\"WebSite\",\"@id\":\"https:\\\/\\\/www.latribunedufaso.net\\\/#website\",\"url\":\"https:\\\/\\\/www.latribunedufaso.net\\\/\",\"name\":\"La Tribune du Faso\",\"description\":\"L&#039;information du monde rural en un clic\",\"publisher\":{\"@id\":\"https:\\\/\\\/www.latribunedufaso.net\\\/#organization\"},\"potentialAction\":[{\"@type\":\"SearchAction\",\"target\":{\"@type\":\"EntryPoint\",\"urlTemplate\":\"https:\\\/\\\/www.latribunedufaso.net\\\/?s={search_term_string}\"},\"query-input\":{\"@type\":\"PropertyValueSpecification\",\"valueRequired\":true,\"valueName\":\"search_term_string\"}}],\"inLanguage\":\"fr-FR\"},{\"@type\":\"Organization\",\"@id\":\"https:\\\/\\\/www.latribunedufaso.net\\\/#organization\",\"name\":\"La Tribune du Faso\",\"url\":\"https:\\\/\\\/www.latribunedufaso.net\\\/\",\"logo\":{\"@type\":\"ImageObject\",\"inLanguage\":\"fr-FR\",\"@id\":\"https:\\\/\\\/www.latribunedufaso.net\\\/#\\\/schema\\\/logo\\\/image\\\/\",\"url\":\"https:\\\/\\\/www.latribunedufaso.net\\\/wp-content\\\/uploads\\\/2020\\\/08\\\/Logo-Tribune-du-Faso-final-scaled.jpg\",\"contentUrl\":\"https:\\\/\\\/www.latribunedufaso.net\\\/wp-content\\\/uploads\\\/2020\\\/08\\\/Logo-Tribune-du-Faso-final-scaled.jpg\",\"width\":2560,\"height\":1856,\"caption\":\"La Tribune du Faso\"},\"image\":{\"@id\":\"https:\\\/\\\/www.latribunedufaso.net\\\/#\\\/schema\\\/logo\\\/image\\\/\"},\"sameAs\":[\"https:\\\/\\\/www.facebook.com\\\/LatribuneduFaso\\\/\"]},{\"@type\":\"Person\",\"@id\":\"https:\\\/\\\/www.latribunedufaso.net\\\/#\\\/schema\\\/person\\\/e54e64c5778a7e72cf80a318b7a622b0\",\"name\":\"Issouf Tapsoba\",\"image\":{\"@type\":\"ImageObject\",\"inLanguage\":\"fr-FR\",\"@id\":\"https:\\\/\\\/secure.gravatar.com\\\/avatar\\\/5e6c05150ce3230247d167f5b94d678eb05936197436d69b7921e3a95c9107ac?s=96&d=mm&r=g\",\"url\":\"https:\\\/\\\/secure.gravatar.com\\\/avatar\\\/5e6c05150ce3230247d167f5b94d678eb05936197436d69b7921e3a95c9107ac?s=96&d=mm&r=g\",\"contentUrl\":\"https:\\\/\\\/secure.gravatar.com\\\/avatar\\\/5e6c05150ce3230247d167f5b94d678eb05936197436d69b7921e3a95c9107ac?s=96&d=mm&r=g\",\"caption\":\"Issouf Tapsoba\"},\"url\":\"https:\\\/\\\/www.latribunedufaso.net\\\/?author=5\"}]}<\/script>\n<!-- \/ Yoast SEO plugin. -->","yoast_head_json":{"title":"Culture : L\u2019association We Buamu initie la premi\u00e8re \u00e9dition des Journ\u00e9es des expressions culturelles \u00ab Buamu sinh \u00bb - La Tribune du Faso","robots":{"index":"index","follow":"follow","max-snippet":"max-snippet:-1","max-image-preview":"max-image-preview:large","max-video-preview":"max-video-preview:-1"},"canonical":"https:\/\/www.latribunedufaso.net\/?p=20157","og_locale":"fr_FR","og_type":"article","og_title":"Culture : L\u2019association We Buamu initie la premi\u00e8re \u00e9dition des Journ\u00e9es des expressions culturelles \u00ab Buamu sinh \u00bb - La Tribune du Faso","og_description":"Du 25 au 27 avril 2025, au palais de la jeunesse et de la culture Jean-Pierre Guingan\u00e9 \u00e0 Ouagadougou, se tient la premi\u00e8re \u00e9dition des Journ\u00e9es des expressions culturelles \u00ab Buamu sinh \u00bb. Organis\u00e9e par l\u2019association We Buamu, cette initiative vise \u00e0 promouvoir la culture buaba.","og_url":"https:\/\/www.latribunedufaso.net\/?p=20157","og_site_name":"La Tribune du Faso","article_publisher":"https:\/\/www.facebook.com\/LatribuneduFaso\/","article_published_time":"2025-04-27T16:24:00+00:00","article_modified_time":"2025-05-30T20:03:30+00:00","og_image":[{"width":1080,"height":654,"url":"https:\/\/www.latribunedufaso.net\/wp-content\/uploads\/2025\/04\/IMG-20250427-WA0103.jpg","type":"image\/jpeg"}],"author":"Issouf Tapsoba","twitter_misc":{"\u00c9crit par":"Issouf Tapsoba","Dur\u00e9e de lecture estim\u00e9e":"2 minutes"},"schema":{"@context":"https:\/\/schema.org","@graph":[{"@type":"Article","@id":"https:\/\/www.latribunedufaso.net\/?p=20157#article","isPartOf":{"@id":"https:\/\/www.latribunedufaso.net\/?p=20157"},"author":{"name":"Issouf Tapsoba","@id":"https:\/\/www.latribunedufaso.net\/#\/schema\/person\/e54e64c5778a7e72cf80a318b7a622b0"},"headline":"Culture : L\u2019association We Buamu initie la premi\u00e8re \u00e9dition des Journ\u00e9es des expressions culturelles \u00ab Buamu sinh \u00bb","datePublished":"2025-04-27T16:24:00+00:00","dateModified":"2025-05-30T20:03:30+00:00","mainEntityOfPage":{"@id":"https:\/\/www.latribunedufaso.net\/?p=20157"},"wordCount":465,"commentCount":0,"publisher":{"@id":"https:\/\/www.latribunedufaso.net\/#organization"},"image":{"@id":"https:\/\/www.latribunedufaso.net\/?p=20157#primaryimage"},"thumbnailUrl":"https:\/\/www.latribunedufaso.net\/wp-content\/uploads\/2025\/04\/IMG-20250427-WA0103.jpg","keywords":["association We Buamu","bwa","Journ\u00e9es des expressions culturelles \u00ab Buamu sinh \u00bb","latribunedufaso.net","Parent\u00e9 \u00e0 plaisanterie"],"articleSection":["A la une","Actualit\u00e9","Art et Culture"],"inLanguage":"fr-FR","potentialAction":[{"@type":"CommentAction","name":"Comment","target":["https:\/\/www.latribunedufaso.net\/?p=20157#respond"]}]},{"@type":"WebPage","@id":"https:\/\/www.latribunedufaso.net\/?p=20157","url":"https:\/\/www.latribunedufaso.net\/?p=20157","name":"Culture : L\u2019association We Buamu initie la premi\u00e8re \u00e9dition des Journ\u00e9es des expressions culturelles \u00ab Buamu sinh \u00bb - La Tribune du Faso","isPartOf":{"@id":"https:\/\/www.latribunedufaso.net\/#website"},"primaryImageOfPage":{"@id":"https:\/\/www.latribunedufaso.net\/?p=20157#primaryimage"},"image":{"@id":"https:\/\/www.latribunedufaso.net\/?p=20157#primaryimage"},"thumbnailUrl":"https:\/\/www.latribunedufaso.net\/wp-content\/uploads\/2025\/04\/IMG-20250427-WA0103.jpg","datePublished":"2025-04-27T16:24:00+00:00","dateModified":"2025-05-30T20:03:30+00:00","breadcrumb":{"@id":"https:\/\/www.latribunedufaso.net\/?p=20157#breadcrumb"},"inLanguage":"fr-FR","potentialAction":[{"@type":"ReadAction","target":["https:\/\/www.latribunedufaso.net\/?p=20157"]}]},{"@type":"ImageObject","inLanguage":"fr-FR","@id":"https:\/\/www.latribunedufaso.net\/?p=20157#primaryimage","url":"https:\/\/www.latribunedufaso.net\/wp-content\/uploads\/2025\/04\/IMG-20250427-WA0103.jpg","contentUrl":"https:\/\/www.latribunedufaso.net\/wp-content\/uploads\/2025\/04\/IMG-20250427-WA0103.jpg","width":1080,"height":654,"caption":"Une vue des masques bwa - Ph. A. Kiendrebeogo"},{"@type":"BreadcrumbList","@id":"https:\/\/www.latribunedufaso.net\/?p=20157#breadcrumb","itemListElement":[{"@type":"ListItem","position":1,"name":"Accueil","item":"https:\/\/www.latribunedufaso.net\/"},{"@type":"ListItem","position":2,"name":"Culture : L\u2019association We Buamu initie la premi\u00e8re \u00e9dition des Journ\u00e9es des expressions culturelles \u00ab Buamu sinh \u00bb"}]},{"@type":"WebSite","@id":"https:\/\/www.latribunedufaso.net\/#website","url":"https:\/\/www.latribunedufaso.net\/","name":"La Tribune du Faso","description":"L&#039;information du monde rural en un clic","publisher":{"@id":"https:\/\/www.latribunedufaso.net\/#organization"},"potentialAction":[{"@type":"SearchAction","target":{"@type":"EntryPoint","urlTemplate":"https:\/\/www.latribunedufaso.net\/?s={search_term_string}"},"query-input":{"@type":"PropertyValueSpecification","valueRequired":true,"valueName":"search_term_string"}}],"inLanguage":"fr-FR"},{"@type":"Organization","@id":"https:\/\/www.latribunedufaso.net\/#organization","name":"La Tribune du Faso","url":"https:\/\/www.latribunedufaso.net\/","logo":{"@type":"ImageObject","inLanguage":"fr-FR","@id":"https:\/\/www.latribunedufaso.net\/#\/schema\/logo\/image\/","url":"https:\/\/www.latribunedufaso.net\/wp-content\/uploads\/2020\/08\/Logo-Tribune-du-Faso-final-scaled.jpg","contentUrl":"https:\/\/www.latribunedufaso.net\/wp-content\/uploads\/2020\/08\/Logo-Tribune-du-Faso-final-scaled.jpg","width":2560,"height":1856,"caption":"La Tribune du Faso"},"image":{"@id":"https:\/\/www.latribunedufaso.net\/#\/schema\/logo\/image\/"},"sameAs":["https:\/\/www.facebook.com\/LatribuneduFaso\/"]},{"@type":"Person","@id":"https:\/\/www.latribunedufaso.net\/#\/schema\/person\/e54e64c5778a7e72cf80a318b7a622b0","name":"Issouf Tapsoba","image":{"@type":"ImageObject","inLanguage":"fr-FR","@id":"https:\/\/secure.gravatar.com\/avatar\/5e6c05150ce3230247d167f5b94d678eb05936197436d69b7921e3a95c9107ac?s=96&d=mm&r=g","url":"https:\/\/secure.gravatar.com\/avatar\/5e6c05150ce3230247d167f5b94d678eb05936197436d69b7921e3a95c9107ac?s=96&d=mm&r=g","contentUrl":"https:\/\/secure.gravatar.com\/avatar\/5e6c05150ce3230247d167f5b94d678eb05936197436d69b7921e3a95c9107ac?s=96&d=mm&r=g","caption":"Issouf Tapsoba"},"url":"https:\/\/www.latribunedufaso.net\/?author=5"}]}},"_links":{"self":[{"href":"https:\/\/www.latribunedufaso.net\/index.php?rest_route=\/wp\/v2\/posts\/20157","targetHints":{"allow":["GET"]}}],"collection":[{"href":"https:\/\/www.latribunedufaso.net\/index.php?rest_route=\/wp\/v2\/posts"}],"about":[{"href":"https:\/\/www.latribunedufaso.net\/index.php?rest_route=\/wp\/v2\/types\/post"}],"author":[{"embeddable":true,"href":"https:\/\/www.latribunedufaso.net\/index.php?rest_route=\/wp\/v2\/users\/5"}],"replies":[{"embeddable":true,"href":"https:\/\/www.latribunedufaso.net\/index.php?rest_route=%2Fwp%2Fv2%2Fcomments&post=20157"}],"version-history":[{"count":3,"href":"https:\/\/www.latribunedufaso.net\/index.php?rest_route=\/wp\/v2\/posts\/20157\/revisions"}],"predecessor-version":[{"id":20959,"href":"https:\/\/www.latribunedufaso.net\/index.php?rest_route=\/wp\/v2\/posts\/20157\/revisions\/20959"}],"wp:featuredmedia":[{"embeddable":true,"href":"https:\/\/www.latribunedufaso.net\/index.php?rest_route=\/wp\/v2\/media\/20161"}],"wp:attachment":[{"href":"https:\/\/www.latribunedufaso.net\/index.php?rest_route=%2Fwp%2Fv2%2Fmedia&parent=20157"}],"wp:term":[{"taxonomy":"category","embeddable":true,"href":"https:\/\/www.latribunedufaso.net\/index.php?rest_route=%2Fwp%2Fv2%2Fcategories&post=20157"},{"taxonomy":"post_tag","embeddable":true,"href":"https:\/\/www.latribunedufaso.net\/index.php?rest_route=%2Fwp%2Fv2%2Ftags&post=20157"}],"curies":[{"name":"wp","href":"https:\/\/api.w.org\/{rel}","templated":true}]}}