{"id":20088,"date":"2025-04-23T20:39:58","date_gmt":"2025-04-23T20:39:58","guid":{"rendered":"https:\/\/www.latribunedufaso.net\/?p=20088"},"modified":"2025-04-23T20:40:27","modified_gmt":"2025-04-23T20:40:27","slug":"gestion-des-dechets-chimiques-et-biologiques-le-ministere-charge-des-affaires-etrangeres-formes-des-acteurs","status":"publish","type":"post","link":"https:\/\/www.latribunedufaso.net\/?p=20088","title":{"rendered":"Gestion des d\u00e9chets chimiques et biologiques : Le minist\u00e8re charg\u00e9 des Affaires \u00e9trang\u00e8res formes des acteurs\u00a0"},"content":{"rendered":"<p><strong>Le d\u00e9partement des Affaires \u00e9trang\u00e8res, \u00e0 travers la Direction g\u00e9n\u00e9rale de la Coop\u00e9ration multilat\u00e9rale, en collaboration avec la GIZ organise, du 22 au 25 avril \u00e0 Ouagadougou, un atelier national de formation des formateurs sur l\u2019\u00e9valuation et la gestion des risques li\u00e9s aux d\u00e9chets chimiques et biologiques dangereux.\u00a0<\/strong><!--more--><\/p>\n<p><span style=\"font-size: 1.0625rem;\">Cette s\u00e9ance de formation permettra aux participants, d\u2019approfondir leurs connaissances sur l\u2019\u00e9tat des lieux de la gestion des d\u00e9chets chimiques et biologiques dangereux, leurs impacts sur la sant\u00e9, l\u2019environnement, et le cadre l\u00e9gislatif et r\u00e8glementaire y relatif.<\/span><\/p>\n<p>La formation sera aussi le lieu pour les participants, d\u2019acqu\u00e9rir les connaissances pratiques sur l\u2019\u00e9valuation, la gestion, le traitement et l\u2019\u00e9limination s\u00e9curis\u00e9e de ces d\u00e9chets, et de partager les bonnes pratiques en mati\u00e8re de leur gestion.<\/p>\n<figure id=\"attachment_20090\" aria-describedby=\"caption-attachment-20090\" style=\"width: 720px\" class=\"wp-caption aligncenter\"><a href=\"https:\/\/www.latribunedufaso.net\/wp-content\/uploads\/2025\/04\/FB_IMG_1745432108662.jpg\"><img loading=\"lazy\" decoding=\"async\" class=\"size-full wp-image-20090\" src=\"https:\/\/www.latribunedufaso.net\/wp-content\/uploads\/2025\/04\/FB_IMG_1745432108662.jpg\" alt=\"Le minist\u00e8re des affaires \u00e9trang\u00e8res organise un atelier national de formation des formateurs sur l\u2019\u00e9valuation et la gestion des risques li\u00e9s aux d\u00e9chets chimiques et biologiques dangereux, 22 au 25 avril \" width=\"720\" height=\"558\" srcset=\"https:\/\/www.latribunedufaso.net\/wp-content\/uploads\/2025\/04\/FB_IMG_1745432108662.jpg 720w, https:\/\/www.latribunedufaso.net\/wp-content\/uploads\/2025\/04\/FB_IMG_1745432108662-300x233.jpg 300w\" sizes=\"auto, (max-width: 720px) 100vw, 720px\" \/><\/a><figcaption id=\"caption-attachment-20090\" class=\"wp-caption-text\">La Directrice g\u00e9n\u00e9rale de la Coop\u00e9ration multilat\u00e9rale, l\u2019Ambassadeur Mariam Fofana &#8211; Ph. DR<\/figcaption><\/figure>\n<p>Selon la Directrice g\u00e9n\u00e9rale de la Coop\u00e9ration multilat\u00e9rale, l\u2019Ambassadeur Mariam Fofana, les d\u00e9chets chimiques et biologiques dangereux proviennent de divers secteurs comme les \u00e9tablissements de sant\u00e9, les industries, l\u2019agriculture, et peuvent \u00eatre \u00e0 l\u2019origine de certaines maladies, d\u2019incendies et des explosions en cas de mauvaise utilisation.<\/p>\n<p>Pr\u00e9cisant qu\u2019il convient de maitriser ces d\u00e9chets pour \u00e9viter aux populations des probl\u00e8mes sanitaires et environnementaux, elle interpelle les participants sur leur r\u00f4le dans la protection de leur sant\u00e9, celle des autres et de notre environnement.<\/p>\n<figure id=\"attachment_20092\" aria-describedby=\"caption-attachment-20092\" style=\"width: 720px\" class=\"wp-caption aligncenter\"><a href=\"https:\/\/www.latribunedufaso.net\/wp-content\/uploads\/2025\/04\/FB_IMG_1745432157888.jpg\"><img loading=\"lazy\" decoding=\"async\" class=\"size-full wp-image-20092\" src=\"https:\/\/www.latribunedufaso.net\/wp-content\/uploads\/2025\/04\/FB_IMG_1745432157888.jpg\" alt=\"Le minist\u00e8re des affaires \u00e9trang\u00e8res organise un atelier national de formation des formateurs sur l\u2019\u00e9valuation et la gestion des risques li\u00e9s aux d\u00e9chets chimiques et biologiques dangereux, 22 au 25 avril \" width=\"720\" height=\"325\" srcset=\"https:\/\/www.latribunedufaso.net\/wp-content\/uploads\/2025\/04\/FB_IMG_1745432157888.jpg 720w, https:\/\/www.latribunedufaso.net\/wp-content\/uploads\/2025\/04\/FB_IMG_1745432157888-300x135.jpg 300w\" sizes=\"auto, (max-width: 720px) 100vw, 720px\" \/><\/a><figcaption id=\"caption-attachment-20092\" class=\"wp-caption-text\">Une vue des participants lors des travaux &#8211; Ph. DR<\/figcaption><\/figure>\n<p>Le point focal national des NRBC, le Colonel Boukari Baggna, par ailleurs Directeur des op\u00e9rations de maintien de la Paix, de la Coop\u00e9ration nucl\u00e9aire et du d\u00e9sarmement, a indiqu\u00e9 qu\u2019\u00e0 l\u2019issue de cette formation, sa structure attend des participants, un r\u00f4le de transmission des connaissances et outils essentiels en mati\u00e8re de gestion des d\u00e9chets, et une contribution \u00e0 une meilleure pr\u00e9vention des accidents li\u00e9s aux d\u00e9chets chimiques et biologiques dangereux.<\/p>\n<figure id=\"attachment_20091\" aria-describedby=\"caption-attachment-20091\" style=\"width: 720px\" class=\"wp-caption aligncenter\"><a href=\"https:\/\/www.latribunedufaso.net\/wp-content\/uploads\/2025\/04\/FB_IMG_1745432115403.jpg\"><img loading=\"lazy\" decoding=\"async\" class=\"size-full wp-image-20091\" src=\"https:\/\/www.latribunedufaso.net\/wp-content\/uploads\/2025\/04\/FB_IMG_1745432115403.jpg\" alt=\"Le minist\u00e8re des affaires \u00e9trang\u00e8res organise un atelier national de formation des formateurs sur l\u2019\u00e9valuation et la gestion des risques li\u00e9s aux d\u00e9chets chimiques et biologiques dangereux, 22 au 25 avril \" width=\"720\" height=\"405\" srcset=\"https:\/\/www.latribunedufaso.net\/wp-content\/uploads\/2025\/04\/FB_IMG_1745432115403.jpg 720w, https:\/\/www.latribunedufaso.net\/wp-content\/uploads\/2025\/04\/FB_IMG_1745432115403-300x169.jpg 300w\" sizes=\"auto, (max-width: 720px) 100vw, 720px\" \/><\/a><figcaption id=\"caption-attachment-20091\" class=\"wp-caption-text\">Le Professeur Farouk Javer, expert sur les questions des d\u00e9chets chimiques et formateur &#8211; Ph. DR<\/figcaption><\/figure>\n<p>Selon le Professeur Farouk Javer, expert sur les questions des d\u00e9chets chimiques et l\u2019un des formateurs du jour, les communications seront ax\u00e9es sur les d\u00e9marches th\u00e9oriques et pratiques dans la gestion des risques, et les techniques utilis\u00e9es pour les contr\u00f4les.<\/p>\n<blockquote>\n<p>Lire aussi &gt;&gt; <a href=\"https:\/\/www.latribunedufaso.net\/?p=9232\">Pr\u00e9servation de l\u2019environnement : Les acteurs discutent sur les bonnes pratiques d\u2019\u00e9limination des d\u00e9chets et produits\u00a0<\/a><\/p>\n<\/blockquote>\n<p>Il faut noter qu&rsquo;\u00e0 la fin de la session de formation, il est pr\u00e9vu une visite de quelques sites de gestion de d\u00e9chets chimiques.<\/p>\n<p><strong>latribunedufaso.net\u00a0<\/strong><\/p>\n<p><strong>Source : DCRP\/ MAECR-BE<\/strong><\/p>\n","protected":false},"excerpt":{"rendered":"<p>Le d\u00e9partement des Affaires \u00e9trang\u00e8res, \u00e0 travers la Direction g\u00e9n\u00e9rale de la Coop\u00e9ration multilat\u00e9rale, en collaboration avec la GIZ organise, du 22 au 25 avril \u00e0 Ouagadougou, un atelier national de formation des formateurs sur l\u2019\u00e9valuation et la gestion des risques li\u00e9s aux d\u00e9chets chimiques et biologiques dangereux.\u00a0<\/p>\n","protected":false},"author":5,"featured_media":20089,"comment_status":"open","ping_status":"open","sticky":false,"template":"","format":"standard","meta":{"footnotes":""},"categories":[13,1,5],"tags":[914,39],"class_list":["post-20088","post","type-post","status-publish","format-standard","has-post-thumbnail","hentry","category-une","category-actu","category-envir","tag-gestion-des-dechets-chimiques","tag-latribunedufaso-net"],"yoast_head":"<!-- This site is optimized with the Yoast SEO plugin v27.4 - https:\/\/yoast.com\/product\/yoast-seo-wordpress\/ -->\n<title>Gestion des d\u00e9chets chimiques et biologiques : Le minist\u00e8re charg\u00e9 des Affaires \u00e9trang\u00e8res formes des acteurs\u00a0 - La Tribune du Faso<\/title>\n<meta name=\"robots\" content=\"index, follow, max-snippet:-1, max-image-preview:large, max-video-preview:-1\" \/>\n<link rel=\"canonical\" href=\"https:\/\/www.latribunedufaso.net\/?p=20088\" \/>\n<meta property=\"og:locale\" content=\"fr_FR\" \/>\n<meta property=\"og:type\" content=\"article\" \/>\n<meta property=\"og:title\" content=\"Gestion des d\u00e9chets chimiques et biologiques : Le minist\u00e8re charg\u00e9 des Affaires \u00e9trang\u00e8res formes des acteurs\u00a0 - La Tribune du Faso\" \/>\n<meta property=\"og:description\" content=\"Le d\u00e9partement des Affaires \u00e9trang\u00e8res, \u00e0 travers la Direction g\u00e9n\u00e9rale de la Coop\u00e9ration multilat\u00e9rale, en collaboration avec la GIZ organise, du 22 au 25 avril \u00e0 Ouagadougou, un atelier national de formation des formateurs sur l\u2019\u00e9valuation et la gestion des risques li\u00e9s aux d\u00e9chets chimiques et biologiques dangereux.\u00a0\" \/>\n<meta property=\"og:url\" content=\"https:\/\/www.latribunedufaso.net\/?p=20088\" \/>\n<meta property=\"og:site_name\" content=\"La Tribune du Faso\" \/>\n<meta property=\"article:publisher\" content=\"https:\/\/www.facebook.com\/LatribuneduFaso\/\" \/>\n<meta property=\"article:published_time\" content=\"2025-04-23T20:39:58+00:00\" \/>\n<meta property=\"article:modified_time\" content=\"2025-04-23T20:40:27+00:00\" \/>\n<meta property=\"og:image\" content=\"https:\/\/www.latribunedufaso.net\/wp-content\/uploads\/2025\/04\/FB_IMG_1745432102001.jpg\" \/>\n\t<meta property=\"og:image:width\" content=\"720\" \/>\n\t<meta property=\"og:image:height\" content=\"405\" \/>\n\t<meta property=\"og:image:type\" content=\"image\/jpeg\" \/>\n<meta name=\"author\" content=\"Issouf Tapsoba\" \/>\n<meta name=\"twitter:label1\" content=\"\u00c9crit par\" \/>\n\t<meta name=\"twitter:data1\" content=\"Issouf Tapsoba\" \/>\n\t<meta name=\"twitter:label2\" content=\"Dur\u00e9e de lecture estim\u00e9e\" \/>\n\t<meta name=\"twitter:data2\" content=\"2 minutes\" \/>\n<script type=\"application\/ld+json\" class=\"yoast-schema-graph\">{\"@context\":\"https:\\\/\\\/schema.org\",\"@graph\":[{\"@type\":\"Article\",\"@id\":\"https:\\\/\\\/www.latribunedufaso.net\\\/?p=20088#article\",\"isPartOf\":{\"@id\":\"https:\\\/\\\/www.latribunedufaso.net\\\/?p=20088\"},\"author\":{\"name\":\"Issouf Tapsoba\",\"@id\":\"https:\\\/\\\/www.latribunedufaso.net\\\/#\\\/schema\\\/person\\\/e54e64c5778a7e72cf80a318b7a622b0\"},\"headline\":\"Gestion des d\u00e9chets chimiques et biologiques : Le minist\u00e8re charg\u00e9 des Affaires \u00e9trang\u00e8res formes des acteurs\u00a0\",\"datePublished\":\"2025-04-23T20:39:58+00:00\",\"dateModified\":\"2025-04-23T20:40:27+00:00\",\"mainEntityOfPage\":{\"@id\":\"https:\\\/\\\/www.latribunedufaso.net\\\/?p=20088\"},\"wordCount\":501,\"commentCount\":0,\"publisher\":{\"@id\":\"https:\\\/\\\/www.latribunedufaso.net\\\/#organization\"},\"image\":{\"@id\":\"https:\\\/\\\/www.latribunedufaso.net\\\/?p=20088#primaryimage\"},\"thumbnailUrl\":\"https:\\\/\\\/www.latribunedufaso.net\\\/wp-content\\\/uploads\\\/2025\\\/04\\\/FB_IMG_1745432102001.jpg\",\"keywords\":[\"Gestion des d\u00e9chets chimiques\",\"latribunedufaso.net\"],\"articleSection\":[\"A la une\",\"Actualit\u00e9\",\"Environnement\"],\"inLanguage\":\"fr-FR\",\"potentialAction\":[{\"@type\":\"CommentAction\",\"name\":\"Comment\",\"target\":[\"https:\\\/\\\/www.latribunedufaso.net\\\/?p=20088#respond\"]}]},{\"@type\":\"WebPage\",\"@id\":\"https:\\\/\\\/www.latribunedufaso.net\\\/?p=20088\",\"url\":\"https:\\\/\\\/www.latribunedufaso.net\\\/?p=20088\",\"name\":\"Gestion des d\u00e9chets chimiques et biologiques : Le minist\u00e8re charg\u00e9 des Affaires \u00e9trang\u00e8res formes des acteurs\u00a0 - La Tribune du Faso\",\"isPartOf\":{\"@id\":\"https:\\\/\\\/www.latribunedufaso.net\\\/#website\"},\"primaryImageOfPage\":{\"@id\":\"https:\\\/\\\/www.latribunedufaso.net\\\/?p=20088#primaryimage\"},\"image\":{\"@id\":\"https:\\\/\\\/www.latribunedufaso.net\\\/?p=20088#primaryimage\"},\"thumbnailUrl\":\"https:\\\/\\\/www.latribunedufaso.net\\\/wp-content\\\/uploads\\\/2025\\\/04\\\/FB_IMG_1745432102001.jpg\",\"datePublished\":\"2025-04-23T20:39:58+00:00\",\"dateModified\":\"2025-04-23T20:40:27+00:00\",\"breadcrumb\":{\"@id\":\"https:\\\/\\\/www.latribunedufaso.net\\\/?p=20088#breadcrumb\"},\"inLanguage\":\"fr-FR\",\"potentialAction\":[{\"@type\":\"ReadAction\",\"target\":[\"https:\\\/\\\/www.latribunedufaso.net\\\/?p=20088\"]}]},{\"@type\":\"ImageObject\",\"inLanguage\":\"fr-FR\",\"@id\":\"https:\\\/\\\/www.latribunedufaso.net\\\/?p=20088#primaryimage\",\"url\":\"https:\\\/\\\/www.latribunedufaso.net\\\/wp-content\\\/uploads\\\/2025\\\/04\\\/FB_IMG_1745432102001.jpg\",\"contentUrl\":\"https:\\\/\\\/www.latribunedufaso.net\\\/wp-content\\\/uploads\\\/2025\\\/04\\\/FB_IMG_1745432102001.jpg\",\"width\":720,\"height\":405,\"caption\":\"Le minist\u00e8re des affaires \u00e9trang\u00e8res organise un atelier national de formation des formateurs sur l\u2019\u00e9valuation et la gestion des risques li\u00e9s aux d\u00e9chets chimiques et biologiques dangereux, 22 au 25 avril\"},{\"@type\":\"BreadcrumbList\",\"@id\":\"https:\\\/\\\/www.latribunedufaso.net\\\/?p=20088#breadcrumb\",\"itemListElement\":[{\"@type\":\"ListItem\",\"position\":1,\"name\":\"Accueil\",\"item\":\"https:\\\/\\\/www.latribunedufaso.net\\\/\"},{\"@type\":\"ListItem\",\"position\":2,\"name\":\"Gestion des d\u00e9chets chimiques et biologiques : Le minist\u00e8re charg\u00e9 des Affaires \u00e9trang\u00e8res formes des acteurs\u00a0\"}]},{\"@type\":\"WebSite\",\"@id\":\"https:\\\/\\\/www.latribunedufaso.net\\\/#website\",\"url\":\"https:\\\/\\\/www.latribunedufaso.net\\\/\",\"name\":\"La Tribune du Faso\",\"description\":\"L&#039;information du monde rural en un clic\",\"publisher\":{\"@id\":\"https:\\\/\\\/www.latribunedufaso.net\\\/#organization\"},\"potentialAction\":[{\"@type\":\"SearchAction\",\"target\":{\"@type\":\"EntryPoint\",\"urlTemplate\":\"https:\\\/\\\/www.latribunedufaso.net\\\/?s={search_term_string}\"},\"query-input\":{\"@type\":\"PropertyValueSpecification\",\"valueRequired\":true,\"valueName\":\"search_term_string\"}}],\"inLanguage\":\"fr-FR\"},{\"@type\":\"Organization\",\"@id\":\"https:\\\/\\\/www.latribunedufaso.net\\\/#organization\",\"name\":\"La Tribune du Faso\",\"url\":\"https:\\\/\\\/www.latribunedufaso.net\\\/\",\"logo\":{\"@type\":\"ImageObject\",\"inLanguage\":\"fr-FR\",\"@id\":\"https:\\\/\\\/www.latribunedufaso.net\\\/#\\\/schema\\\/logo\\\/image\\\/\",\"url\":\"https:\\\/\\\/www.latribunedufaso.net\\\/wp-content\\\/uploads\\\/2020\\\/08\\\/Logo-Tribune-du-Faso-final-scaled.jpg\",\"contentUrl\":\"https:\\\/\\\/www.latribunedufaso.net\\\/wp-content\\\/uploads\\\/2020\\\/08\\\/Logo-Tribune-du-Faso-final-scaled.jpg\",\"width\":2560,\"height\":1856,\"caption\":\"La Tribune du Faso\"},\"image\":{\"@id\":\"https:\\\/\\\/www.latribunedufaso.net\\\/#\\\/schema\\\/logo\\\/image\\\/\"},\"sameAs\":[\"https:\\\/\\\/www.facebook.com\\\/LatribuneduFaso\\\/\"]},{\"@type\":\"Person\",\"@id\":\"https:\\\/\\\/www.latribunedufaso.net\\\/#\\\/schema\\\/person\\\/e54e64c5778a7e72cf80a318b7a622b0\",\"name\":\"Issouf Tapsoba\",\"image\":{\"@type\":\"ImageObject\",\"inLanguage\":\"fr-FR\",\"@id\":\"https:\\\/\\\/secure.gravatar.com\\\/avatar\\\/5e6c05150ce3230247d167f5b94d678eb05936197436d69b7921e3a95c9107ac?s=96&d=mm&r=g\",\"url\":\"https:\\\/\\\/secure.gravatar.com\\\/avatar\\\/5e6c05150ce3230247d167f5b94d678eb05936197436d69b7921e3a95c9107ac?s=96&d=mm&r=g\",\"contentUrl\":\"https:\\\/\\\/secure.gravatar.com\\\/avatar\\\/5e6c05150ce3230247d167f5b94d678eb05936197436d69b7921e3a95c9107ac?s=96&d=mm&r=g\",\"caption\":\"Issouf Tapsoba\"},\"url\":\"https:\\\/\\\/www.latribunedufaso.net\\\/?author=5\"}]}<\/script>\n<!-- \/ Yoast SEO plugin. -->","yoast_head_json":{"title":"Gestion des d\u00e9chets chimiques et biologiques : Le minist\u00e8re charg\u00e9 des Affaires \u00e9trang\u00e8res formes des acteurs\u00a0 - La Tribune du Faso","robots":{"index":"index","follow":"follow","max-snippet":"max-snippet:-1","max-image-preview":"max-image-preview:large","max-video-preview":"max-video-preview:-1"},"canonical":"https:\/\/www.latribunedufaso.net\/?p=20088","og_locale":"fr_FR","og_type":"article","og_title":"Gestion des d\u00e9chets chimiques et biologiques : Le minist\u00e8re charg\u00e9 des Affaires \u00e9trang\u00e8res formes des acteurs\u00a0 - La Tribune du Faso","og_description":"Le d\u00e9partement des Affaires \u00e9trang\u00e8res, \u00e0 travers la Direction g\u00e9n\u00e9rale de la Coop\u00e9ration multilat\u00e9rale, en collaboration avec la GIZ organise, du 22 au 25 avril \u00e0 Ouagadougou, un atelier national de formation des formateurs sur l\u2019\u00e9valuation et la gestion des risques li\u00e9s aux d\u00e9chets chimiques et biologiques dangereux.\u00a0","og_url":"https:\/\/www.latribunedufaso.net\/?p=20088","og_site_name":"La Tribune du Faso","article_publisher":"https:\/\/www.facebook.com\/LatribuneduFaso\/","article_published_time":"2025-04-23T20:39:58+00:00","article_modified_time":"2025-04-23T20:40:27+00:00","og_image":[{"width":720,"height":405,"url":"https:\/\/www.latribunedufaso.net\/wp-content\/uploads\/2025\/04\/FB_IMG_1745432102001.jpg","type":"image\/jpeg"}],"author":"Issouf Tapsoba","twitter_misc":{"\u00c9crit par":"Issouf Tapsoba","Dur\u00e9e de lecture estim\u00e9e":"2 minutes"},"schema":{"@context":"https:\/\/schema.org","@graph":[{"@type":"Article","@id":"https:\/\/www.latribunedufaso.net\/?p=20088#article","isPartOf":{"@id":"https:\/\/www.latribunedufaso.net\/?p=20088"},"author":{"name":"Issouf Tapsoba","@id":"https:\/\/www.latribunedufaso.net\/#\/schema\/person\/e54e64c5778a7e72cf80a318b7a622b0"},"headline":"Gestion des d\u00e9chets chimiques et biologiques : Le minist\u00e8re charg\u00e9 des Affaires \u00e9trang\u00e8res formes des acteurs\u00a0","datePublished":"2025-04-23T20:39:58+00:00","dateModified":"2025-04-23T20:40:27+00:00","mainEntityOfPage":{"@id":"https:\/\/www.latribunedufaso.net\/?p=20088"},"wordCount":501,"commentCount":0,"publisher":{"@id":"https:\/\/www.latribunedufaso.net\/#organization"},"image":{"@id":"https:\/\/www.latribunedufaso.net\/?p=20088#primaryimage"},"thumbnailUrl":"https:\/\/www.latribunedufaso.net\/wp-content\/uploads\/2025\/04\/FB_IMG_1745432102001.jpg","keywords":["Gestion des d\u00e9chets chimiques","latribunedufaso.net"],"articleSection":["A la une","Actualit\u00e9","Environnement"],"inLanguage":"fr-FR","potentialAction":[{"@type":"CommentAction","name":"Comment","target":["https:\/\/www.latribunedufaso.net\/?p=20088#respond"]}]},{"@type":"WebPage","@id":"https:\/\/www.latribunedufaso.net\/?p=20088","url":"https:\/\/www.latribunedufaso.net\/?p=20088","name":"Gestion des d\u00e9chets chimiques et biologiques : Le minist\u00e8re charg\u00e9 des Affaires \u00e9trang\u00e8res formes des acteurs\u00a0 - La Tribune du Faso","isPartOf":{"@id":"https:\/\/www.latribunedufaso.net\/#website"},"primaryImageOfPage":{"@id":"https:\/\/www.latribunedufaso.net\/?p=20088#primaryimage"},"image":{"@id":"https:\/\/www.latribunedufaso.net\/?p=20088#primaryimage"},"thumbnailUrl":"https:\/\/www.latribunedufaso.net\/wp-content\/uploads\/2025\/04\/FB_IMG_1745432102001.jpg","datePublished":"2025-04-23T20:39:58+00:00","dateModified":"2025-04-23T20:40:27+00:00","breadcrumb":{"@id":"https:\/\/www.latribunedufaso.net\/?p=20088#breadcrumb"},"inLanguage":"fr-FR","potentialAction":[{"@type":"ReadAction","target":["https:\/\/www.latribunedufaso.net\/?p=20088"]}]},{"@type":"ImageObject","inLanguage":"fr-FR","@id":"https:\/\/www.latribunedufaso.net\/?p=20088#primaryimage","url":"https:\/\/www.latribunedufaso.net\/wp-content\/uploads\/2025\/04\/FB_IMG_1745432102001.jpg","contentUrl":"https:\/\/www.latribunedufaso.net\/wp-content\/uploads\/2025\/04\/FB_IMG_1745432102001.jpg","width":720,"height":405,"caption":"Le minist\u00e8re des affaires \u00e9trang\u00e8res organise un atelier national de formation des formateurs sur l\u2019\u00e9valuation et la gestion des risques li\u00e9s aux d\u00e9chets chimiques et biologiques dangereux, 22 au 25 avril"},{"@type":"BreadcrumbList","@id":"https:\/\/www.latribunedufaso.net\/?p=20088#breadcrumb","itemListElement":[{"@type":"ListItem","position":1,"name":"Accueil","item":"https:\/\/www.latribunedufaso.net\/"},{"@type":"ListItem","position":2,"name":"Gestion des d\u00e9chets chimiques et biologiques : Le minist\u00e8re charg\u00e9 des Affaires \u00e9trang\u00e8res formes des acteurs\u00a0"}]},{"@type":"WebSite","@id":"https:\/\/www.latribunedufaso.net\/#website","url":"https:\/\/www.latribunedufaso.net\/","name":"La Tribune du Faso","description":"L&#039;information du monde rural en un clic","publisher":{"@id":"https:\/\/www.latribunedufaso.net\/#organization"},"potentialAction":[{"@type":"SearchAction","target":{"@type":"EntryPoint","urlTemplate":"https:\/\/www.latribunedufaso.net\/?s={search_term_string}"},"query-input":{"@type":"PropertyValueSpecification","valueRequired":true,"valueName":"search_term_string"}}],"inLanguage":"fr-FR"},{"@type":"Organization","@id":"https:\/\/www.latribunedufaso.net\/#organization","name":"La Tribune du Faso","url":"https:\/\/www.latribunedufaso.net\/","logo":{"@type":"ImageObject","inLanguage":"fr-FR","@id":"https:\/\/www.latribunedufaso.net\/#\/schema\/logo\/image\/","url":"https:\/\/www.latribunedufaso.net\/wp-content\/uploads\/2020\/08\/Logo-Tribune-du-Faso-final-scaled.jpg","contentUrl":"https:\/\/www.latribunedufaso.net\/wp-content\/uploads\/2020\/08\/Logo-Tribune-du-Faso-final-scaled.jpg","width":2560,"height":1856,"caption":"La Tribune du Faso"},"image":{"@id":"https:\/\/www.latribunedufaso.net\/#\/schema\/logo\/image\/"},"sameAs":["https:\/\/www.facebook.com\/LatribuneduFaso\/"]},{"@type":"Person","@id":"https:\/\/www.latribunedufaso.net\/#\/schema\/person\/e54e64c5778a7e72cf80a318b7a622b0","name":"Issouf Tapsoba","image":{"@type":"ImageObject","inLanguage":"fr-FR","@id":"https:\/\/secure.gravatar.com\/avatar\/5e6c05150ce3230247d167f5b94d678eb05936197436d69b7921e3a95c9107ac?s=96&d=mm&r=g","url":"https:\/\/secure.gravatar.com\/avatar\/5e6c05150ce3230247d167f5b94d678eb05936197436d69b7921e3a95c9107ac?s=96&d=mm&r=g","contentUrl":"https:\/\/secure.gravatar.com\/avatar\/5e6c05150ce3230247d167f5b94d678eb05936197436d69b7921e3a95c9107ac?s=96&d=mm&r=g","caption":"Issouf Tapsoba"},"url":"https:\/\/www.latribunedufaso.net\/?author=5"}]}},"_links":{"self":[{"href":"https:\/\/www.latribunedufaso.net\/index.php?rest_route=\/wp\/v2\/posts\/20088","targetHints":{"allow":["GET"]}}],"collection":[{"href":"https:\/\/www.latribunedufaso.net\/index.php?rest_route=\/wp\/v2\/posts"}],"about":[{"href":"https:\/\/www.latribunedufaso.net\/index.php?rest_route=\/wp\/v2\/types\/post"}],"author":[{"embeddable":true,"href":"https:\/\/www.latribunedufaso.net\/index.php?rest_route=\/wp\/v2\/users\/5"}],"replies":[{"embeddable":true,"href":"https:\/\/www.latribunedufaso.net\/index.php?rest_route=%2Fwp%2Fv2%2Fcomments&post=20088"}],"version-history":[{"count":1,"href":"https:\/\/www.latribunedufaso.net\/index.php?rest_route=\/wp\/v2\/posts\/20088\/revisions"}],"predecessor-version":[{"id":20093,"href":"https:\/\/www.latribunedufaso.net\/index.php?rest_route=\/wp\/v2\/posts\/20088\/revisions\/20093"}],"wp:featuredmedia":[{"embeddable":true,"href":"https:\/\/www.latribunedufaso.net\/index.php?rest_route=\/wp\/v2\/media\/20089"}],"wp:attachment":[{"href":"https:\/\/www.latribunedufaso.net\/index.php?rest_route=%2Fwp%2Fv2%2Fmedia&parent=20088"}],"wp:term":[{"taxonomy":"category","embeddable":true,"href":"https:\/\/www.latribunedufaso.net\/index.php?rest_route=%2Fwp%2Fv2%2Fcategories&post=20088"},{"taxonomy":"post_tag","embeddable":true,"href":"https:\/\/www.latribunedufaso.net\/index.php?rest_route=%2Fwp%2Fv2%2Ftags&post=20088"}],"curies":[{"name":"wp","href":"https:\/\/api.w.org\/{rel}","templated":true}]}}