{"id":20082,"date":"2025-04-22T16:07:54","date_gmt":"2025-04-22T16:07:54","guid":{"rendered":"https:\/\/www.latribunedufaso.net\/?p=20082"},"modified":"2025-04-22T16:07:54","modified_gmt":"2025-04-22T16:07:54","slug":"le-capitaine-ibrahim-traore-aux-etalons-u17-vous-devez-rester-ensemble-et-nous-ramener-la-can-senior","status":"publish","type":"post","link":"https:\/\/www.latribunedufaso.net\/?p=20082","title":{"rendered":"Le Capitaine Ibrahim TRAOR\u00c9 aux \u00c9talons U17 : \u00ab vous devez rester ensemble et nous ramener la CAN senior ! \u00bb"},"content":{"rendered":"<p><strong>Le Pr\u00e9sident du Faso, Chef de l\u2019\u00c9tat, le Capitaine Ibrahim Traor\u00e9 a re\u00e7u en audience les \u00c9talons U17, le 22 avril 2025 \u00e0 Ouagadougou, au Palais de Koulouba. Il s\u2019est agi pour le Chef de l\u2019\u00c9tat de f\u00e9liciter cette \u00e9quipe nationale pour son parcours au Maroc, quoiqu&rsquo;on dise, honorable et d\u2019encourager ces jeunes <em>\u00ab pousses \u00bb<\/em> pour les d\u00e9fis futurs.<\/strong><!--more--><\/p>\n<p>De retour du Maroc o\u00f9 ils ont occup\u00e9 la 4e place \u00e0 la Coupe d\u2019Afrique des Nations (CAN) de leur cat\u00e9gorie, les \u00c9talons U17 ont b\u00e9n\u00e9fici\u00e9 des sages et pr\u00e9cieux conseils du Pr\u00e9sident du Faso, le Capitaine Ibrahim Traor\u00e9.<\/p>\n<p>Le Chef de l\u2019\u00c9tat a f\u00e9licit\u00e9 l\u2019\u00e9quipe pour la performance lors des phases de poule et pour leur qualification au mondial de leur cat\u00e9gorie. Toutefois, il d\u00e9plore le manque de concentration des joueurs, lors des deux derniers matches. <em><strong>\u00ab Vous devez avoir des regrets, parce que cette coupe devait vous revenir \u00bb,<\/strong><\/em> fait remarquer le Pr\u00e9sident du Faso, qui insiste :<em><strong> \u00ab Restez concentr\u00e9s jusqu\u2019au bout. Tant qu\u2019on ne siffle pas la fin, on ne s\u2019arr\u00eate pas \u00bb.<\/strong><\/em><\/p>\n<figure id=\"attachment_20086\" aria-describedby=\"caption-attachment-20086\" style=\"width: 1600px\" class=\"wp-caption aligncenter\"><a href=\"https:\/\/www.latribunedufaso.net\/wp-content\/uploads\/2025\/04\/IMG-20250422-WA0092.jpg\"><img loading=\"lazy\" decoding=\"async\" class=\"size-full wp-image-20086\" src=\"https:\/\/www.latribunedufaso.net\/wp-content\/uploads\/2025\/04\/IMG-20250422-WA0092.jpg\" alt=\"Les \u00c9talons U17 pr\u00e9sentent leurs troph\u00e9es au Pr\u00e9sident du Faso, 22 avril 2025\" width=\"1600\" height=\"1301\" srcset=\"https:\/\/www.latribunedufaso.net\/wp-content\/uploads\/2025\/04\/IMG-20250422-WA0092.jpg 1600w, https:\/\/www.latribunedufaso.net\/wp-content\/uploads\/2025\/04\/IMG-20250422-WA0092-300x244.jpg 300w, https:\/\/www.latribunedufaso.net\/wp-content\/uploads\/2025\/04\/IMG-20250422-WA0092-1024x833.jpg 1024w, https:\/\/www.latribunedufaso.net\/wp-content\/uploads\/2025\/04\/IMG-20250422-WA0092-768x624.jpg 768w, https:\/\/www.latribunedufaso.net\/wp-content\/uploads\/2025\/04\/IMG-20250422-WA0092-1536x1249.jpg 1536w\" sizes=\"auto, (max-width: 1600px) 100vw, 1600px\" \/><\/a><figcaption id=\"caption-attachment-20086\" class=\"wp-caption-text\">Le Pr\u00e9sident du Faso, Capitaine Ibrahim Traor\u00e9 &#8211; Ph. DR<\/figcaption><\/figure>\n<p>Appelant les \u00c9talons U17 \u00e0 ne pas se d\u00e9courager et \u00e0 rester sereins, le Capitaine Ibrahim Traor\u00e9 explique que c\u2019est le mental qui fait la diff\u00e9rence entre les \u00e9quipes, d\u2019o\u00f9 cette invite \u00e0 \u00eatre r\u00e9silients <em><strong>\u00ab comme le peuple burkinab\u00e8 \u00bb.<\/strong><\/em><\/p>\n<figure id=\"attachment_20085\" aria-describedby=\"caption-attachment-20085\" style=\"width: 1600px\" class=\"wp-caption aligncenter\"><a href=\"https:\/\/www.latribunedufaso.net\/wp-content\/uploads\/2025\/04\/IMG-20250422-WA0093.jpg\"><img loading=\"lazy\" decoding=\"async\" class=\"size-full wp-image-20085\" src=\"https:\/\/www.latribunedufaso.net\/wp-content\/uploads\/2025\/04\/IMG-20250422-WA0093.jpg\" alt=\"Les \u00c9talons U17 pr\u00e9sentent leurs troph\u00e9es au Pr\u00e9sident du Faso, 22 avril 2025\" width=\"1600\" height=\"1067\" srcset=\"https:\/\/www.latribunedufaso.net\/wp-content\/uploads\/2025\/04\/IMG-20250422-WA0093.jpg 1600w, https:\/\/www.latribunedufaso.net\/wp-content\/uploads\/2025\/04\/IMG-20250422-WA0093-300x200.jpg 300w, https:\/\/www.latribunedufaso.net\/wp-content\/uploads\/2025\/04\/IMG-20250422-WA0093-1024x683.jpg 1024w, https:\/\/www.latribunedufaso.net\/wp-content\/uploads\/2025\/04\/IMG-20250422-WA0093-768x512.jpg 768w, https:\/\/www.latribunedufaso.net\/wp-content\/uploads\/2025\/04\/IMG-20250422-WA0093-1536x1024.jpg 1536w, https:\/\/www.latribunedufaso.net\/wp-content\/uploads\/2025\/04\/IMG-20250422-WA0093-840x560.jpg 840w, https:\/\/www.latribunedufaso.net\/wp-content\/uploads\/2025\/04\/IMG-20250422-WA0093-120x80.jpg 120w, https:\/\/www.latribunedufaso.net\/wp-content\/uploads\/2025\/04\/IMG-20250422-WA0093-360x240.jpg 360w, https:\/\/www.latribunedufaso.net\/wp-content\/uploads\/2025\/04\/IMG-20250422-WA0093-600x400.jpg 600w\" sizes=\"auto, (max-width: 1600px) 100vw, 1600px\" \/><\/a><figcaption id=\"caption-attachment-20085\" class=\"wp-caption-text\">Une vue de la d\u00e9l\u00e9gation des Etalons U17 lors de l&rsquo;audience avec le Pr\u00e9sident du Faso &#8211; Ph. DR<\/figcaption><\/figure>\n<p>Pour l\u2019avenir des jeunes joueurs, le Pr\u00e9sident du Faso les invite \u00e0 avoir une bonne hygi\u00e8ne de vie, en s\u2019\u00e9loignant des vices et \u00e0 avoir des comportements responsables.<em><strong> \u00ab Chacun de vous a un talent. Il faut continuer \u00e0 vous entrainer, vous perfectionner et vous am\u00e9liorer \u00bb,<\/strong><\/em> dit-il avant de leur lancer ce d\u00e9fi pour les grandes comp\u00e9titions \u00e0 venir.\u00a0<\/p>\n<p>Ainsi le Pr\u00e9sident du Faso, le Capitaine Ibrahim Traor\u00e9, demande \u00e0 l\u2019encadrement technique de suivre ces poulains, de les encadrer en vue d\u2019assurer une bonne rel\u00e8ve pour les cat\u00e9gories sup\u00e9rieures.\u00a0<\/p>\n<figure id=\"attachment_20083\" aria-describedby=\"caption-attachment-20083\" style=\"width: 1600px\" class=\"wp-caption aligncenter\"><a href=\"https:\/\/www.latribunedufaso.net\/wp-content\/uploads\/2025\/04\/IMG-20250422-WA0096.jpg\"><img loading=\"lazy\" decoding=\"async\" class=\"size-full wp-image-20083\" src=\"https:\/\/www.latribunedufaso.net\/wp-content\/uploads\/2025\/04\/IMG-20250422-WA0096.jpg\" alt=\"Les \u00c9talons U17 pr\u00e9sentent leurs troph\u00e9es au Pr\u00e9sident du Faso, 22 avril 2025\" width=\"1600\" height=\"1067\" srcset=\"https:\/\/www.latribunedufaso.net\/wp-content\/uploads\/2025\/04\/IMG-20250422-WA0096.jpg 1600w, https:\/\/www.latribunedufaso.net\/wp-content\/uploads\/2025\/04\/IMG-20250422-WA0096-300x200.jpg 300w, https:\/\/www.latribunedufaso.net\/wp-content\/uploads\/2025\/04\/IMG-20250422-WA0096-1024x683.jpg 1024w, https:\/\/www.latribunedufaso.net\/wp-content\/uploads\/2025\/04\/IMG-20250422-WA0096-768x512.jpg 768w, https:\/\/www.latribunedufaso.net\/wp-content\/uploads\/2025\/04\/IMG-20250422-WA0096-1536x1024.jpg 1536w, https:\/\/www.latribunedufaso.net\/wp-content\/uploads\/2025\/04\/IMG-20250422-WA0096-840x560.jpg 840w, https:\/\/www.latribunedufaso.net\/wp-content\/uploads\/2025\/04\/IMG-20250422-WA0096-120x80.jpg 120w, https:\/\/www.latribunedufaso.net\/wp-content\/uploads\/2025\/04\/IMG-20250422-WA0096-360x240.jpg 360w, https:\/\/www.latribunedufaso.net\/wp-content\/uploads\/2025\/04\/IMG-20250422-WA0096-600x400.jpg 600w\" sizes=\"auto, (max-width: 1600px) 100vw, 1600px\" \/><\/a><figcaption id=\"caption-attachment-20083\" class=\"wp-caption-text\">Photo de famille de la d\u00e9l\u00e9gation avec le Chef de l&rsquo;Etat &#8211; Ph. DR<\/figcaption><\/figure>\n<p>Le ministre charg\u00e9 des Sports, Roland Somda a traduit sa gratitude au Pr\u00e9sident du Faso, Chef de l\u2019\u00c9tat, le Capitaine Ibrahim Traor\u00e9. Pour lui les conseils donn\u00e9s vont permettre de galvaniser davantage les poulains.\u00a0<\/p>\n<blockquote>\n<p>Lire aussi &gt;&gt; <a href=\"https:\/\/www.latribunedufaso.net\/?p=20065\">CAN U17 Maroc 2025 : Le ministre Roland Somda f\u00e9licite les \u00c9talons pour leur parcours<\/a><\/p>\n<\/blockquote>\n<p>Quant au capitaine des U17, Fadil Adama Barro, il a remerci\u00e9 le Pr\u00e9sident du Faso, pour les commodit\u00e9s mises \u00e0 leur disposition pendant cette CAN, tout en promettant de hisser le drapeau du Burkina Faso plus haut lors de la coupe du monde et des \u00e9ch\u00e9ances \u00e0 venir.<\/p>\n<p><strong>latribunedufaso.net<\/strong><\/p>\n<p><strong>Source : Direction de la Communication de la Pr\u00e9sidence du Faso<\/strong><\/p>\n","protected":false},"excerpt":{"rendered":"<p>Le Pr\u00e9sident du Faso, Chef de l\u2019\u00c9tat, le Capitaine Ibrahim Traor\u00e9 a re\u00e7u en audience les \u00c9talons U17, le 22 avril 2025 \u00e0 Ouagadougou, au Palais de Koulouba. Il s\u2019est agi pour le Chef de l\u2019\u00c9tat de f\u00e9liciter cette \u00e9quipe nationale pour son parcours au Maroc, quoiqu&rsquo;on dise, honorable et d\u2019encourager ces jeunes \u00ab pousses \u00bb pour les d\u00e9fis futurs.<\/p>\n","protected":false},"author":5,"featured_media":20084,"comment_status":"open","ping_status":"open","sticky":false,"template":"","format":"standard","meta":{"footnotes":""},"categories":[13,1,8],"tags":[864,39],"class_list":["post-20082","post","type-post","status-publish","format-standard","has-post-thumbnail","hentry","category-une","category-actu","category-societe","tag-can-u17-maroc-2025","tag-latribunedufaso-net"],"yoast_head":"<!-- This site is optimized with the Yoast SEO plugin v27.4 - https:\/\/yoast.com\/product\/yoast-seo-wordpress\/ -->\n<title>Le Capitaine Ibrahim TRAOR\u00c9 aux \u00c9talons U17 : \u00ab vous devez rester ensemble et nous ramener la CAN senior ! \u00bb - La Tribune du Faso<\/title>\n<meta name=\"robots\" content=\"index, follow, max-snippet:-1, max-image-preview:large, max-video-preview:-1\" \/>\n<link rel=\"canonical\" href=\"https:\/\/www.latribunedufaso.net\/?p=20082\" \/>\n<meta property=\"og:locale\" content=\"fr_FR\" \/>\n<meta property=\"og:type\" content=\"article\" \/>\n<meta property=\"og:title\" content=\"Le Capitaine Ibrahim TRAOR\u00c9 aux \u00c9talons U17 : \u00ab vous devez rester ensemble et nous ramener la CAN senior ! \u00bb - La Tribune du Faso\" \/>\n<meta property=\"og:description\" content=\"Le Pr\u00e9sident du Faso, Chef de l\u2019\u00c9tat, le Capitaine Ibrahim Traor\u00e9 a re\u00e7u en audience les \u00c9talons U17, le 22 avril 2025 \u00e0 Ouagadougou, au Palais de Koulouba. Il s\u2019est agi pour le Chef de l\u2019\u00c9tat de f\u00e9liciter cette \u00e9quipe nationale pour son parcours au Maroc, quoiqu&rsquo;on dise, honorable et d\u2019encourager ces jeunes \u00ab pousses \u00bb pour les d\u00e9fis futurs.\" \/>\n<meta property=\"og:url\" content=\"https:\/\/www.latribunedufaso.net\/?p=20082\" \/>\n<meta property=\"og:site_name\" content=\"La Tribune du Faso\" \/>\n<meta property=\"article:publisher\" content=\"https:\/\/www.facebook.com\/LatribuneduFaso\/\" \/>\n<meta property=\"article:published_time\" content=\"2025-04-22T16:07:54+00:00\" \/>\n<meta property=\"og:image\" content=\"https:\/\/www.latribunedufaso.net\/wp-content\/uploads\/2025\/04\/IMG-20250422-WA0095-scaled.jpg\" \/>\n\t<meta property=\"og:image:width\" content=\"2560\" \/>\n\t<meta property=\"og:image:height\" content=\"1707\" \/>\n\t<meta property=\"og:image:type\" content=\"image\/jpeg\" \/>\n<meta name=\"author\" content=\"Issouf Tapsoba\" \/>\n<meta name=\"twitter:label1\" content=\"\u00c9crit par\" \/>\n\t<meta name=\"twitter:data1\" content=\"Issouf Tapsoba\" \/>\n\t<meta name=\"twitter:label2\" content=\"Dur\u00e9e de lecture estim\u00e9e\" \/>\n\t<meta name=\"twitter:data2\" content=\"3 minutes\" \/>\n<script type=\"application\/ld+json\" class=\"yoast-schema-graph\">{\"@context\":\"https:\\\/\\\/schema.org\",\"@graph\":[{\"@type\":\"Article\",\"@id\":\"https:\\\/\\\/www.latribunedufaso.net\\\/?p=20082#article\",\"isPartOf\":{\"@id\":\"https:\\\/\\\/www.latribunedufaso.net\\\/?p=20082\"},\"author\":{\"name\":\"Issouf Tapsoba\",\"@id\":\"https:\\\/\\\/www.latribunedufaso.net\\\/#\\\/schema\\\/person\\\/e54e64c5778a7e72cf80a318b7a622b0\"},\"headline\":\"Le Capitaine Ibrahim TRAOR\u00c9 aux \u00c9talons U17 : \u00ab vous devez rester ensemble et nous ramener la CAN senior ! \u00bb\",\"datePublished\":\"2025-04-22T16:07:54+00:00\",\"mainEntityOfPage\":{\"@id\":\"https:\\\/\\\/www.latribunedufaso.net\\\/?p=20082\"},\"wordCount\":535,\"commentCount\":0,\"publisher\":{\"@id\":\"https:\\\/\\\/www.latribunedufaso.net\\\/#organization\"},\"image\":{\"@id\":\"https:\\\/\\\/www.latribunedufaso.net\\\/?p=20082#primaryimage\"},\"thumbnailUrl\":\"https:\\\/\\\/www.latribunedufaso.net\\\/wp-content\\\/uploads\\\/2025\\\/04\\\/IMG-20250422-WA0095-scaled.jpg\",\"keywords\":[\"CAN U17 Maroc 2025\",\"latribunedufaso.net\"],\"articleSection\":[\"A la une\",\"Actualit\u00e9\",\"Soci\u00e9t\u00e9\"],\"inLanguage\":\"fr-FR\",\"potentialAction\":[{\"@type\":\"CommentAction\",\"name\":\"Comment\",\"target\":[\"https:\\\/\\\/www.latribunedufaso.net\\\/?p=20082#respond\"]}]},{\"@type\":\"WebPage\",\"@id\":\"https:\\\/\\\/www.latribunedufaso.net\\\/?p=20082\",\"url\":\"https:\\\/\\\/www.latribunedufaso.net\\\/?p=20082\",\"name\":\"Le Capitaine Ibrahim TRAOR\u00c9 aux \u00c9talons U17 : \u00ab vous devez rester ensemble et nous ramener la CAN senior ! \u00bb - La Tribune du Faso\",\"isPartOf\":{\"@id\":\"https:\\\/\\\/www.latribunedufaso.net\\\/#website\"},\"primaryImageOfPage\":{\"@id\":\"https:\\\/\\\/www.latribunedufaso.net\\\/?p=20082#primaryimage\"},\"image\":{\"@id\":\"https:\\\/\\\/www.latribunedufaso.net\\\/?p=20082#primaryimage\"},\"thumbnailUrl\":\"https:\\\/\\\/www.latribunedufaso.net\\\/wp-content\\\/uploads\\\/2025\\\/04\\\/IMG-20250422-WA0095-scaled.jpg\",\"datePublished\":\"2025-04-22T16:07:54+00:00\",\"breadcrumb\":{\"@id\":\"https:\\\/\\\/www.latribunedufaso.net\\\/?p=20082#breadcrumb\"},\"inLanguage\":\"fr-FR\",\"potentialAction\":[{\"@type\":\"ReadAction\",\"target\":[\"https:\\\/\\\/www.latribunedufaso.net\\\/?p=20082\"]}]},{\"@type\":\"ImageObject\",\"inLanguage\":\"fr-FR\",\"@id\":\"https:\\\/\\\/www.latribunedufaso.net\\\/?p=20082#primaryimage\",\"url\":\"https:\\\/\\\/www.latribunedufaso.net\\\/wp-content\\\/uploads\\\/2025\\\/04\\\/IMG-20250422-WA0095-scaled.jpg\",\"contentUrl\":\"https:\\\/\\\/www.latribunedufaso.net\\\/wp-content\\\/uploads\\\/2025\\\/04\\\/IMG-20250422-WA0095-scaled.jpg\",\"width\":2560,\"height\":1707,\"caption\":\"Les \u00c9talons U17 pr\u00e9sentent leurs troph\u00e9es au Pr\u00e9sident du Faso, 22 avril 2025\"},{\"@type\":\"BreadcrumbList\",\"@id\":\"https:\\\/\\\/www.latribunedufaso.net\\\/?p=20082#breadcrumb\",\"itemListElement\":[{\"@type\":\"ListItem\",\"position\":1,\"name\":\"Accueil\",\"item\":\"https:\\\/\\\/www.latribunedufaso.net\\\/\"},{\"@type\":\"ListItem\",\"position\":2,\"name\":\"Le Capitaine Ibrahim TRAOR\u00c9 aux \u00c9talons U17 : \u00ab vous devez rester ensemble et nous ramener la CAN senior ! \u00bb\"}]},{\"@type\":\"WebSite\",\"@id\":\"https:\\\/\\\/www.latribunedufaso.net\\\/#website\",\"url\":\"https:\\\/\\\/www.latribunedufaso.net\\\/\",\"name\":\"La Tribune du Faso\",\"description\":\"L&#039;information du monde rural en un clic\",\"publisher\":{\"@id\":\"https:\\\/\\\/www.latribunedufaso.net\\\/#organization\"},\"potentialAction\":[{\"@type\":\"SearchAction\",\"target\":{\"@type\":\"EntryPoint\",\"urlTemplate\":\"https:\\\/\\\/www.latribunedufaso.net\\\/?s={search_term_string}\"},\"query-input\":{\"@type\":\"PropertyValueSpecification\",\"valueRequired\":true,\"valueName\":\"search_term_string\"}}],\"inLanguage\":\"fr-FR\"},{\"@type\":\"Organization\",\"@id\":\"https:\\\/\\\/www.latribunedufaso.net\\\/#organization\",\"name\":\"La Tribune du Faso\",\"url\":\"https:\\\/\\\/www.latribunedufaso.net\\\/\",\"logo\":{\"@type\":\"ImageObject\",\"inLanguage\":\"fr-FR\",\"@id\":\"https:\\\/\\\/www.latribunedufaso.net\\\/#\\\/schema\\\/logo\\\/image\\\/\",\"url\":\"https:\\\/\\\/www.latribunedufaso.net\\\/wp-content\\\/uploads\\\/2020\\\/08\\\/Logo-Tribune-du-Faso-final-scaled.jpg\",\"contentUrl\":\"https:\\\/\\\/www.latribunedufaso.net\\\/wp-content\\\/uploads\\\/2020\\\/08\\\/Logo-Tribune-du-Faso-final-scaled.jpg\",\"width\":2560,\"height\":1856,\"caption\":\"La Tribune du Faso\"},\"image\":{\"@id\":\"https:\\\/\\\/www.latribunedufaso.net\\\/#\\\/schema\\\/logo\\\/image\\\/\"},\"sameAs\":[\"https:\\\/\\\/www.facebook.com\\\/LatribuneduFaso\\\/\"]},{\"@type\":\"Person\",\"@id\":\"https:\\\/\\\/www.latribunedufaso.net\\\/#\\\/schema\\\/person\\\/e54e64c5778a7e72cf80a318b7a622b0\",\"name\":\"Issouf Tapsoba\",\"image\":{\"@type\":\"ImageObject\",\"inLanguage\":\"fr-FR\",\"@id\":\"https:\\\/\\\/secure.gravatar.com\\\/avatar\\\/5e6c05150ce3230247d167f5b94d678eb05936197436d69b7921e3a95c9107ac?s=96&d=mm&r=g\",\"url\":\"https:\\\/\\\/secure.gravatar.com\\\/avatar\\\/5e6c05150ce3230247d167f5b94d678eb05936197436d69b7921e3a95c9107ac?s=96&d=mm&r=g\",\"contentUrl\":\"https:\\\/\\\/secure.gravatar.com\\\/avatar\\\/5e6c05150ce3230247d167f5b94d678eb05936197436d69b7921e3a95c9107ac?s=96&d=mm&r=g\",\"caption\":\"Issouf Tapsoba\"},\"url\":\"https:\\\/\\\/www.latribunedufaso.net\\\/?author=5\"}]}<\/script>\n<!-- \/ Yoast SEO plugin. -->","yoast_head_json":{"title":"Le Capitaine Ibrahim TRAOR\u00c9 aux \u00c9talons U17 : \u00ab vous devez rester ensemble et nous ramener la CAN senior ! \u00bb - La Tribune du Faso","robots":{"index":"index","follow":"follow","max-snippet":"max-snippet:-1","max-image-preview":"max-image-preview:large","max-video-preview":"max-video-preview:-1"},"canonical":"https:\/\/www.latribunedufaso.net\/?p=20082","og_locale":"fr_FR","og_type":"article","og_title":"Le Capitaine Ibrahim TRAOR\u00c9 aux \u00c9talons U17 : \u00ab vous devez rester ensemble et nous ramener la CAN senior ! \u00bb - La Tribune du Faso","og_description":"Le Pr\u00e9sident du Faso, Chef de l\u2019\u00c9tat, le Capitaine Ibrahim Traor\u00e9 a re\u00e7u en audience les \u00c9talons U17, le 22 avril 2025 \u00e0 Ouagadougou, au Palais de Koulouba. Il s\u2019est agi pour le Chef de l\u2019\u00c9tat de f\u00e9liciter cette \u00e9quipe nationale pour son parcours au Maroc, quoiqu&rsquo;on dise, honorable et d\u2019encourager ces jeunes \u00ab pousses \u00bb pour les d\u00e9fis futurs.","og_url":"https:\/\/www.latribunedufaso.net\/?p=20082","og_site_name":"La Tribune du Faso","article_publisher":"https:\/\/www.facebook.com\/LatribuneduFaso\/","article_published_time":"2025-04-22T16:07:54+00:00","og_image":[{"width":2560,"height":1707,"url":"https:\/\/www.latribunedufaso.net\/wp-content\/uploads\/2025\/04\/IMG-20250422-WA0095-scaled.jpg","type":"image\/jpeg"}],"author":"Issouf Tapsoba","twitter_misc":{"\u00c9crit par":"Issouf Tapsoba","Dur\u00e9e de lecture estim\u00e9e":"3 minutes"},"schema":{"@context":"https:\/\/schema.org","@graph":[{"@type":"Article","@id":"https:\/\/www.latribunedufaso.net\/?p=20082#article","isPartOf":{"@id":"https:\/\/www.latribunedufaso.net\/?p=20082"},"author":{"name":"Issouf Tapsoba","@id":"https:\/\/www.latribunedufaso.net\/#\/schema\/person\/e54e64c5778a7e72cf80a318b7a622b0"},"headline":"Le Capitaine Ibrahim TRAOR\u00c9 aux \u00c9talons U17 : \u00ab vous devez rester ensemble et nous ramener la CAN senior ! \u00bb","datePublished":"2025-04-22T16:07:54+00:00","mainEntityOfPage":{"@id":"https:\/\/www.latribunedufaso.net\/?p=20082"},"wordCount":535,"commentCount":0,"publisher":{"@id":"https:\/\/www.latribunedufaso.net\/#organization"},"image":{"@id":"https:\/\/www.latribunedufaso.net\/?p=20082#primaryimage"},"thumbnailUrl":"https:\/\/www.latribunedufaso.net\/wp-content\/uploads\/2025\/04\/IMG-20250422-WA0095-scaled.jpg","keywords":["CAN U17 Maroc 2025","latribunedufaso.net"],"articleSection":["A la une","Actualit\u00e9","Soci\u00e9t\u00e9"],"inLanguage":"fr-FR","potentialAction":[{"@type":"CommentAction","name":"Comment","target":["https:\/\/www.latribunedufaso.net\/?p=20082#respond"]}]},{"@type":"WebPage","@id":"https:\/\/www.latribunedufaso.net\/?p=20082","url":"https:\/\/www.latribunedufaso.net\/?p=20082","name":"Le Capitaine Ibrahim TRAOR\u00c9 aux \u00c9talons U17 : \u00ab vous devez rester ensemble et nous ramener la CAN senior ! \u00bb - La Tribune du Faso","isPartOf":{"@id":"https:\/\/www.latribunedufaso.net\/#website"},"primaryImageOfPage":{"@id":"https:\/\/www.latribunedufaso.net\/?p=20082#primaryimage"},"image":{"@id":"https:\/\/www.latribunedufaso.net\/?p=20082#primaryimage"},"thumbnailUrl":"https:\/\/www.latribunedufaso.net\/wp-content\/uploads\/2025\/04\/IMG-20250422-WA0095-scaled.jpg","datePublished":"2025-04-22T16:07:54+00:00","breadcrumb":{"@id":"https:\/\/www.latribunedufaso.net\/?p=20082#breadcrumb"},"inLanguage":"fr-FR","potentialAction":[{"@type":"ReadAction","target":["https:\/\/www.latribunedufaso.net\/?p=20082"]}]},{"@type":"ImageObject","inLanguage":"fr-FR","@id":"https:\/\/www.latribunedufaso.net\/?p=20082#primaryimage","url":"https:\/\/www.latribunedufaso.net\/wp-content\/uploads\/2025\/04\/IMG-20250422-WA0095-scaled.jpg","contentUrl":"https:\/\/www.latribunedufaso.net\/wp-content\/uploads\/2025\/04\/IMG-20250422-WA0095-scaled.jpg","width":2560,"height":1707,"caption":"Les \u00c9talons U17 pr\u00e9sentent leurs troph\u00e9es au Pr\u00e9sident du Faso, 22 avril 2025"},{"@type":"BreadcrumbList","@id":"https:\/\/www.latribunedufaso.net\/?p=20082#breadcrumb","itemListElement":[{"@type":"ListItem","position":1,"name":"Accueil","item":"https:\/\/www.latribunedufaso.net\/"},{"@type":"ListItem","position":2,"name":"Le Capitaine Ibrahim TRAOR\u00c9 aux \u00c9talons U17 : \u00ab vous devez rester ensemble et nous ramener la CAN senior ! \u00bb"}]},{"@type":"WebSite","@id":"https:\/\/www.latribunedufaso.net\/#website","url":"https:\/\/www.latribunedufaso.net\/","name":"La Tribune du Faso","description":"L&#039;information du monde rural en un clic","publisher":{"@id":"https:\/\/www.latribunedufaso.net\/#organization"},"potentialAction":[{"@type":"SearchAction","target":{"@type":"EntryPoint","urlTemplate":"https:\/\/www.latribunedufaso.net\/?s={search_term_string}"},"query-input":{"@type":"PropertyValueSpecification","valueRequired":true,"valueName":"search_term_string"}}],"inLanguage":"fr-FR"},{"@type":"Organization","@id":"https:\/\/www.latribunedufaso.net\/#organization","name":"La Tribune du Faso","url":"https:\/\/www.latribunedufaso.net\/","logo":{"@type":"ImageObject","inLanguage":"fr-FR","@id":"https:\/\/www.latribunedufaso.net\/#\/schema\/logo\/image\/","url":"https:\/\/www.latribunedufaso.net\/wp-content\/uploads\/2020\/08\/Logo-Tribune-du-Faso-final-scaled.jpg","contentUrl":"https:\/\/www.latribunedufaso.net\/wp-content\/uploads\/2020\/08\/Logo-Tribune-du-Faso-final-scaled.jpg","width":2560,"height":1856,"caption":"La Tribune du Faso"},"image":{"@id":"https:\/\/www.latribunedufaso.net\/#\/schema\/logo\/image\/"},"sameAs":["https:\/\/www.facebook.com\/LatribuneduFaso\/"]},{"@type":"Person","@id":"https:\/\/www.latribunedufaso.net\/#\/schema\/person\/e54e64c5778a7e72cf80a318b7a622b0","name":"Issouf Tapsoba","image":{"@type":"ImageObject","inLanguage":"fr-FR","@id":"https:\/\/secure.gravatar.com\/avatar\/5e6c05150ce3230247d167f5b94d678eb05936197436d69b7921e3a95c9107ac?s=96&d=mm&r=g","url":"https:\/\/secure.gravatar.com\/avatar\/5e6c05150ce3230247d167f5b94d678eb05936197436d69b7921e3a95c9107ac?s=96&d=mm&r=g","contentUrl":"https:\/\/secure.gravatar.com\/avatar\/5e6c05150ce3230247d167f5b94d678eb05936197436d69b7921e3a95c9107ac?s=96&d=mm&r=g","caption":"Issouf Tapsoba"},"url":"https:\/\/www.latribunedufaso.net\/?author=5"}]}},"_links":{"self":[{"href":"https:\/\/www.latribunedufaso.net\/index.php?rest_route=\/wp\/v2\/posts\/20082","targetHints":{"allow":["GET"]}}],"collection":[{"href":"https:\/\/www.latribunedufaso.net\/index.php?rest_route=\/wp\/v2\/posts"}],"about":[{"href":"https:\/\/www.latribunedufaso.net\/index.php?rest_route=\/wp\/v2\/types\/post"}],"author":[{"embeddable":true,"href":"https:\/\/www.latribunedufaso.net\/index.php?rest_route=\/wp\/v2\/users\/5"}],"replies":[{"embeddable":true,"href":"https:\/\/www.latribunedufaso.net\/index.php?rest_route=%2Fwp%2Fv2%2Fcomments&post=20082"}],"version-history":[{"count":1,"href":"https:\/\/www.latribunedufaso.net\/index.php?rest_route=\/wp\/v2\/posts\/20082\/revisions"}],"predecessor-version":[{"id":20087,"href":"https:\/\/www.latribunedufaso.net\/index.php?rest_route=\/wp\/v2\/posts\/20082\/revisions\/20087"}],"wp:featuredmedia":[{"embeddable":true,"href":"https:\/\/www.latribunedufaso.net\/index.php?rest_route=\/wp\/v2\/media\/20084"}],"wp:attachment":[{"href":"https:\/\/www.latribunedufaso.net\/index.php?rest_route=%2Fwp%2Fv2%2Fmedia&parent=20082"}],"wp:term":[{"taxonomy":"category","embeddable":true,"href":"https:\/\/www.latribunedufaso.net\/index.php?rest_route=%2Fwp%2Fv2%2Fcategories&post=20082"},{"taxonomy":"post_tag","embeddable":true,"href":"https:\/\/www.latribunedufaso.net\/index.php?rest_route=%2Fwp%2Fv2%2Ftags&post=20082"}],"curies":[{"name":"wp","href":"https:\/\/api.w.org\/{rel}","templated":true}]}}