{"id":19993,"date":"2025-04-16T15:41:03","date_gmt":"2025-04-16T15:41:03","guid":{"rendered":"https:\/\/www.latribunedufaso.net\/?p=19993"},"modified":"2025-04-16T15:41:03","modified_gmt":"2025-04-16T15:41:03","slug":"cooperation-regionale-une-delegation-nigerienne-echange-avec-le-ministre-emile-zerbo-sur-le-fonctionnement-des-collectivites-territoriales","status":"publish","type":"post","link":"https:\/\/www.latribunedufaso.net\/?p=19993","title":{"rendered":"Coop\u00e9ration r\u00e9gionale : Une d\u00e9l\u00e9gation nig\u00e9rienne \u00e9change avec le ministre Emile Zerbo sur le fonctionnement des collectivit\u00e9s territoriales"},"content":{"rendered":"<p><strong>Le 15 avril 2025 \u00e0 Ouagadougou, le ministre d\u2019\u00c9tat, ministre de l\u2019Administration territoriale et de la Mobilit\u00e9, Emile Zerbo, a re\u00e7u en audience une d\u00e9l\u00e9gation de la R\u00e9publique du Niger, conduite par Abdoukadri Hama, Directeur G\u00e9n\u00e9ral de l\u2019Administration du Territoire, de la D\u00e9concentration et de la D\u00e9centralisation. Cette rencontre s\u2019inscrit dans le cadre d\u2019un partage d\u2019exp\u00e9riences entre les deux pays sur le fonctionnement des collectivit\u00e9s territoriales.<\/strong><!--more--><\/p>\n<p>A l\u2019issue de l\u2019audience, le Directeur G\u00e9n\u00e9ral de l\u2019Administration du Territoire, de la D\u00e9concentration et de la D\u00e9centralisation du Niger, Abdoukadri Hama, a indiqu\u00e9 que la mission vise \u00e0 s\u2019inspirer des bonnes pratiques en vigueur au Burkina Faso et \u00e0 recueillir les orientations des autorit\u00e9s burkinab\u00e8 pour am\u00e9liorer la gestion locale dans l\u2019espace de l\u2019Alliance des Etats du Sahel (AES). <em><strong>\u00ab L\u2019objectif est de r\u00e9fl\u00e9chir ensemble aux meilleurs moyens de renforcer la mobilisation des ressources afin de mieux soutenir nos collectivit\u00e9s territoriales. Nous avons expos\u00e9 au ministre d\u2019Etat, les grandes lignes de notre s\u00e9jour et il nous a prodigu\u00e9s de pr\u00e9cieux conseils pour la mise en \u0153uvre de nos activit\u00e9s \u00bb<\/strong><\/em>, a expliqu\u00e9 Abdoukadri Hama.<\/p>\n<figure id=\"attachment_19995\" aria-describedby=\"caption-attachment-19995\" style=\"width: 720px\" class=\"wp-caption aligncenter\"><a href=\"https:\/\/www.latribunedufaso.net\/wp-content\/uploads\/2025\/04\/FB_IMG_1744815883516.jpg\"><img loading=\"lazy\" decoding=\"async\" class=\"size-full wp-image-19995\" src=\"https:\/\/www.latribunedufaso.net\/wp-content\/uploads\/2025\/04\/FB_IMG_1744815883516.jpg\" alt=\"Le ministre en charge de l'Administration territoriale a re\u00e7u en audience le DG de l\u2019Administration territoriale du Niger, 15 avril 2025\" width=\"720\" height=\"532\" srcset=\"https:\/\/www.latribunedufaso.net\/wp-content\/uploads\/2025\/04\/FB_IMG_1744815883516.jpg 720w, https:\/\/www.latribunedufaso.net\/wp-content\/uploads\/2025\/04\/FB_IMG_1744815883516-300x222.jpg 300w\" sizes=\"auto, (max-width: 720px) 100vw, 720px\" \/><\/a><figcaption id=\"caption-attachment-19995\" class=\"wp-caption-text\">Photo de famille de la d\u00e9l\u00e9gation avec le ministre \u00c9mile Zerbo &#8211; Ph. DR<\/figcaption><\/figure>\n<p>Il a, en outre, soulign\u00e9 que la d\u00e9l\u00e9gation nig\u00e9rienne a \u00e9galement eu des s\u00e9ances de travail avec des acteurs en charge de la d\u00e9centralisation et des collectivit\u00e9s territoriales dans la capitale burkinab\u00e8.<em><strong> \u00ab Nous avons eu des d\u2019\u00e9changes fructueux avec des techniciens et nos coll\u00e8gues de la d\u00e9centralisation avec qui, nous avons pu avoir une certaine harmonie de points de vue et une harmonisation d\u2019approches dans la r\u00e9alisation des ambitions de nos plus hautes autorit\u00e9s en mati\u00e8re de d\u00e9centralisation au sein de l\u2019AES \u00bb,<\/strong><\/em> a conclu Abdoukadri Hama.<\/p>\n<p><strong>latribunedufaso.net\u00a0<\/strong><\/p>\n<p><strong>Source :DCRP\/MATM<\/strong><\/p>\n","protected":false},"excerpt":{"rendered":"<p>Le 15 avril 2025 \u00e0 Ouagadougou, le ministre d\u2019\u00c9tat, ministre de l\u2019Administration territoriale et de la Mobilit\u00e9, Emile Zerbo, a re\u00e7u en audience une d\u00e9l\u00e9gation de la R\u00e9publique du Niger, conduite par Abdoukadri Hama, Directeur G\u00e9n\u00e9ral de l\u2019Administration du Territoire, de la D\u00e9concentration et de la D\u00e9centralisation. Cette rencontre s\u2019inscrit dans le cadre d\u2019un partage d\u2019exp\u00e9riences entre les deux pays sur le fonctionnement des collectivit\u00e9s territoriales.<\/p>\n","protected":false},"author":5,"featured_media":19994,"comment_status":"open","ping_status":"open","sticky":false,"template":"","format":"standard","meta":{"footnotes":""},"categories":[13,1,8],"tags":[893,39],"class_list":["post-19993","post","type-post","status-publish","format-standard","has-post-thumbnail","hentry","category-une","category-actu","category-societe","tag-cooperation-burkina-niger","tag-latribunedufaso-net"],"yoast_head":"<!-- This site is optimized with the Yoast SEO plugin v27.4 - https:\/\/yoast.com\/product\/yoast-seo-wordpress\/ -->\n<title>Coop\u00e9ration r\u00e9gionale : Une d\u00e9l\u00e9gation nig\u00e9rienne \u00e9change avec le ministre Emile Zerbo sur le fonctionnement des collectivit\u00e9s territoriales - La Tribune du Faso<\/title>\n<meta name=\"robots\" content=\"index, follow, max-snippet:-1, max-image-preview:large, max-video-preview:-1\" \/>\n<link rel=\"canonical\" href=\"https:\/\/www.latribunedufaso.net\/?p=19993\" \/>\n<meta property=\"og:locale\" content=\"fr_FR\" \/>\n<meta property=\"og:type\" content=\"article\" \/>\n<meta property=\"og:title\" content=\"Coop\u00e9ration r\u00e9gionale : Une d\u00e9l\u00e9gation nig\u00e9rienne \u00e9change avec le ministre Emile Zerbo sur le fonctionnement des collectivit\u00e9s territoriales - La Tribune du Faso\" \/>\n<meta property=\"og:description\" content=\"Le 15 avril 2025 \u00e0 Ouagadougou, le ministre d\u2019\u00c9tat, ministre de l\u2019Administration territoriale et de la Mobilit\u00e9, Emile Zerbo, a re\u00e7u en audience une d\u00e9l\u00e9gation de la R\u00e9publique du Niger, conduite par Abdoukadri Hama, Directeur G\u00e9n\u00e9ral de l\u2019Administration du Territoire, de la D\u00e9concentration et de la D\u00e9centralisation. Cette rencontre s\u2019inscrit dans le cadre d\u2019un partage d\u2019exp\u00e9riences entre les deux pays sur le fonctionnement des collectivit\u00e9s territoriales.\" \/>\n<meta property=\"og:url\" content=\"https:\/\/www.latribunedufaso.net\/?p=19993\" \/>\n<meta property=\"og:site_name\" content=\"La Tribune du Faso\" \/>\n<meta property=\"article:publisher\" content=\"https:\/\/www.facebook.com\/LatribuneduFaso\/\" \/>\n<meta property=\"article:published_time\" content=\"2025-04-16T15:41:03+00:00\" \/>\n<meta property=\"og:image\" content=\"https:\/\/www.latribunedufaso.net\/wp-content\/uploads\/2025\/04\/FB_IMG_1744815877974.jpg\" \/>\n\t<meta property=\"og:image:width\" content=\"720\" \/>\n\t<meta property=\"og:image:height\" content=\"667\" \/>\n\t<meta property=\"og:image:type\" content=\"image\/jpeg\" \/>\n<meta name=\"author\" content=\"Issouf Tapsoba\" \/>\n<meta name=\"twitter:label1\" content=\"\u00c9crit par\" \/>\n\t<meta name=\"twitter:data1\" content=\"Issouf Tapsoba\" \/>\n\t<meta name=\"twitter:label2\" content=\"Dur\u00e9e de lecture estim\u00e9e\" \/>\n\t<meta name=\"twitter:data2\" content=\"2 minutes\" \/>\n<script type=\"application\/ld+json\" class=\"yoast-schema-graph\">{\"@context\":\"https:\\\/\\\/schema.org\",\"@graph\":[{\"@type\":\"Article\",\"@id\":\"https:\\\/\\\/www.latribunedufaso.net\\\/?p=19993#article\",\"isPartOf\":{\"@id\":\"https:\\\/\\\/www.latribunedufaso.net\\\/?p=19993\"},\"author\":{\"name\":\"Issouf Tapsoba\",\"@id\":\"https:\\\/\\\/www.latribunedufaso.net\\\/#\\\/schema\\\/person\\\/e54e64c5778a7e72cf80a318b7a622b0\"},\"headline\":\"Coop\u00e9ration r\u00e9gionale : Une d\u00e9l\u00e9gation nig\u00e9rienne \u00e9change avec le ministre Emile Zerbo sur le fonctionnement des collectivit\u00e9s territoriales\",\"datePublished\":\"2025-04-16T15:41:03+00:00\",\"mainEntityOfPage\":{\"@id\":\"https:\\\/\\\/www.latribunedufaso.net\\\/?p=19993\"},\"wordCount\":363,\"commentCount\":0,\"publisher\":{\"@id\":\"https:\\\/\\\/www.latribunedufaso.net\\\/#organization\"},\"image\":{\"@id\":\"https:\\\/\\\/www.latribunedufaso.net\\\/?p=19993#primaryimage\"},\"thumbnailUrl\":\"https:\\\/\\\/www.latribunedufaso.net\\\/wp-content\\\/uploads\\\/2025\\\/04\\\/FB_IMG_1744815877974.jpg\",\"keywords\":[\"Coop\u00e9ration Burkina-Niger\",\"latribunedufaso.net\"],\"articleSection\":[\"A la une\",\"Actualit\u00e9\",\"Soci\u00e9t\u00e9\"],\"inLanguage\":\"fr-FR\",\"potentialAction\":[{\"@type\":\"CommentAction\",\"name\":\"Comment\",\"target\":[\"https:\\\/\\\/www.latribunedufaso.net\\\/?p=19993#respond\"]}]},{\"@type\":\"WebPage\",\"@id\":\"https:\\\/\\\/www.latribunedufaso.net\\\/?p=19993\",\"url\":\"https:\\\/\\\/www.latribunedufaso.net\\\/?p=19993\",\"name\":\"Coop\u00e9ration r\u00e9gionale : Une d\u00e9l\u00e9gation nig\u00e9rienne \u00e9change avec le ministre Emile Zerbo sur le fonctionnement des collectivit\u00e9s territoriales - La Tribune du Faso\",\"isPartOf\":{\"@id\":\"https:\\\/\\\/www.latribunedufaso.net\\\/#website\"},\"primaryImageOfPage\":{\"@id\":\"https:\\\/\\\/www.latribunedufaso.net\\\/?p=19993#primaryimage\"},\"image\":{\"@id\":\"https:\\\/\\\/www.latribunedufaso.net\\\/?p=19993#primaryimage\"},\"thumbnailUrl\":\"https:\\\/\\\/www.latribunedufaso.net\\\/wp-content\\\/uploads\\\/2025\\\/04\\\/FB_IMG_1744815877974.jpg\",\"datePublished\":\"2025-04-16T15:41:03+00:00\",\"breadcrumb\":{\"@id\":\"https:\\\/\\\/www.latribunedufaso.net\\\/?p=19993#breadcrumb\"},\"inLanguage\":\"fr-FR\",\"potentialAction\":[{\"@type\":\"ReadAction\",\"target\":[\"https:\\\/\\\/www.latribunedufaso.net\\\/?p=19993\"]}]},{\"@type\":\"ImageObject\",\"inLanguage\":\"fr-FR\",\"@id\":\"https:\\\/\\\/www.latribunedufaso.net\\\/?p=19993#primaryimage\",\"url\":\"https:\\\/\\\/www.latribunedufaso.net\\\/wp-content\\\/uploads\\\/2025\\\/04\\\/FB_IMG_1744815877974.jpg\",\"contentUrl\":\"https:\\\/\\\/www.latribunedufaso.net\\\/wp-content\\\/uploads\\\/2025\\\/04\\\/FB_IMG_1744815877974.jpg\",\"width\":720,\"height\":667,\"caption\":\"Le ministre en charge de l'Administration territoriale a re\u00e7u en audience le DG de l\u2019Administration territoriale du Niger, 15 avril 2025\"},{\"@type\":\"BreadcrumbList\",\"@id\":\"https:\\\/\\\/www.latribunedufaso.net\\\/?p=19993#breadcrumb\",\"itemListElement\":[{\"@type\":\"ListItem\",\"position\":1,\"name\":\"Accueil\",\"item\":\"https:\\\/\\\/www.latribunedufaso.net\\\/\"},{\"@type\":\"ListItem\",\"position\":2,\"name\":\"Coop\u00e9ration r\u00e9gionale : Une d\u00e9l\u00e9gation nig\u00e9rienne \u00e9change avec le ministre Emile Zerbo sur le fonctionnement des collectivit\u00e9s territoriales\"}]},{\"@type\":\"WebSite\",\"@id\":\"https:\\\/\\\/www.latribunedufaso.net\\\/#website\",\"url\":\"https:\\\/\\\/www.latribunedufaso.net\\\/\",\"name\":\"La Tribune du Faso\",\"description\":\"L&#039;information du monde rural en un clic\",\"publisher\":{\"@id\":\"https:\\\/\\\/www.latribunedufaso.net\\\/#organization\"},\"potentialAction\":[{\"@type\":\"SearchAction\",\"target\":{\"@type\":\"EntryPoint\",\"urlTemplate\":\"https:\\\/\\\/www.latribunedufaso.net\\\/?s={search_term_string}\"},\"query-input\":{\"@type\":\"PropertyValueSpecification\",\"valueRequired\":true,\"valueName\":\"search_term_string\"}}],\"inLanguage\":\"fr-FR\"},{\"@type\":\"Organization\",\"@id\":\"https:\\\/\\\/www.latribunedufaso.net\\\/#organization\",\"name\":\"La Tribune du Faso\",\"url\":\"https:\\\/\\\/www.latribunedufaso.net\\\/\",\"logo\":{\"@type\":\"ImageObject\",\"inLanguage\":\"fr-FR\",\"@id\":\"https:\\\/\\\/www.latribunedufaso.net\\\/#\\\/schema\\\/logo\\\/image\\\/\",\"url\":\"https:\\\/\\\/www.latribunedufaso.net\\\/wp-content\\\/uploads\\\/2020\\\/08\\\/Logo-Tribune-du-Faso-final-scaled.jpg\",\"contentUrl\":\"https:\\\/\\\/www.latribunedufaso.net\\\/wp-content\\\/uploads\\\/2020\\\/08\\\/Logo-Tribune-du-Faso-final-scaled.jpg\",\"width\":2560,\"height\":1856,\"caption\":\"La Tribune du Faso\"},\"image\":{\"@id\":\"https:\\\/\\\/www.latribunedufaso.net\\\/#\\\/schema\\\/logo\\\/image\\\/\"},\"sameAs\":[\"https:\\\/\\\/www.facebook.com\\\/LatribuneduFaso\\\/\"]},{\"@type\":\"Person\",\"@id\":\"https:\\\/\\\/www.latribunedufaso.net\\\/#\\\/schema\\\/person\\\/e54e64c5778a7e72cf80a318b7a622b0\",\"name\":\"Issouf Tapsoba\",\"image\":{\"@type\":\"ImageObject\",\"inLanguage\":\"fr-FR\",\"@id\":\"https:\\\/\\\/secure.gravatar.com\\\/avatar\\\/5e6c05150ce3230247d167f5b94d678eb05936197436d69b7921e3a95c9107ac?s=96&d=mm&r=g\",\"url\":\"https:\\\/\\\/secure.gravatar.com\\\/avatar\\\/5e6c05150ce3230247d167f5b94d678eb05936197436d69b7921e3a95c9107ac?s=96&d=mm&r=g\",\"contentUrl\":\"https:\\\/\\\/secure.gravatar.com\\\/avatar\\\/5e6c05150ce3230247d167f5b94d678eb05936197436d69b7921e3a95c9107ac?s=96&d=mm&r=g\",\"caption\":\"Issouf Tapsoba\"},\"url\":\"https:\\\/\\\/www.latribunedufaso.net\\\/?author=5\"}]}<\/script>\n<!-- \/ Yoast SEO plugin. -->","yoast_head_json":{"title":"Coop\u00e9ration r\u00e9gionale : Une d\u00e9l\u00e9gation nig\u00e9rienne \u00e9change avec le ministre Emile Zerbo sur le fonctionnement des collectivit\u00e9s territoriales - La Tribune du Faso","robots":{"index":"index","follow":"follow","max-snippet":"max-snippet:-1","max-image-preview":"max-image-preview:large","max-video-preview":"max-video-preview:-1"},"canonical":"https:\/\/www.latribunedufaso.net\/?p=19993","og_locale":"fr_FR","og_type":"article","og_title":"Coop\u00e9ration r\u00e9gionale : Une d\u00e9l\u00e9gation nig\u00e9rienne \u00e9change avec le ministre Emile Zerbo sur le fonctionnement des collectivit\u00e9s territoriales - La Tribune du Faso","og_description":"Le 15 avril 2025 \u00e0 Ouagadougou, le ministre d\u2019\u00c9tat, ministre de l\u2019Administration territoriale et de la Mobilit\u00e9, Emile Zerbo, a re\u00e7u en audience une d\u00e9l\u00e9gation de la R\u00e9publique du Niger, conduite par Abdoukadri Hama, Directeur G\u00e9n\u00e9ral de l\u2019Administration du Territoire, de la D\u00e9concentration et de la D\u00e9centralisation. Cette rencontre s\u2019inscrit dans le cadre d\u2019un partage d\u2019exp\u00e9riences entre les deux pays sur le fonctionnement des collectivit\u00e9s territoriales.","og_url":"https:\/\/www.latribunedufaso.net\/?p=19993","og_site_name":"La Tribune du Faso","article_publisher":"https:\/\/www.facebook.com\/LatribuneduFaso\/","article_published_time":"2025-04-16T15:41:03+00:00","og_image":[{"width":720,"height":667,"url":"https:\/\/www.latribunedufaso.net\/wp-content\/uploads\/2025\/04\/FB_IMG_1744815877974.jpg","type":"image\/jpeg"}],"author":"Issouf Tapsoba","twitter_misc":{"\u00c9crit par":"Issouf Tapsoba","Dur\u00e9e de lecture estim\u00e9e":"2 minutes"},"schema":{"@context":"https:\/\/schema.org","@graph":[{"@type":"Article","@id":"https:\/\/www.latribunedufaso.net\/?p=19993#article","isPartOf":{"@id":"https:\/\/www.latribunedufaso.net\/?p=19993"},"author":{"name":"Issouf Tapsoba","@id":"https:\/\/www.latribunedufaso.net\/#\/schema\/person\/e54e64c5778a7e72cf80a318b7a622b0"},"headline":"Coop\u00e9ration r\u00e9gionale : Une d\u00e9l\u00e9gation nig\u00e9rienne \u00e9change avec le ministre Emile Zerbo sur le fonctionnement des collectivit\u00e9s territoriales","datePublished":"2025-04-16T15:41:03+00:00","mainEntityOfPage":{"@id":"https:\/\/www.latribunedufaso.net\/?p=19993"},"wordCount":363,"commentCount":0,"publisher":{"@id":"https:\/\/www.latribunedufaso.net\/#organization"},"image":{"@id":"https:\/\/www.latribunedufaso.net\/?p=19993#primaryimage"},"thumbnailUrl":"https:\/\/www.latribunedufaso.net\/wp-content\/uploads\/2025\/04\/FB_IMG_1744815877974.jpg","keywords":["Coop\u00e9ration Burkina-Niger","latribunedufaso.net"],"articleSection":["A la une","Actualit\u00e9","Soci\u00e9t\u00e9"],"inLanguage":"fr-FR","potentialAction":[{"@type":"CommentAction","name":"Comment","target":["https:\/\/www.latribunedufaso.net\/?p=19993#respond"]}]},{"@type":"WebPage","@id":"https:\/\/www.latribunedufaso.net\/?p=19993","url":"https:\/\/www.latribunedufaso.net\/?p=19993","name":"Coop\u00e9ration r\u00e9gionale : Une d\u00e9l\u00e9gation nig\u00e9rienne \u00e9change avec le ministre Emile Zerbo sur le fonctionnement des collectivit\u00e9s territoriales - La Tribune du Faso","isPartOf":{"@id":"https:\/\/www.latribunedufaso.net\/#website"},"primaryImageOfPage":{"@id":"https:\/\/www.latribunedufaso.net\/?p=19993#primaryimage"},"image":{"@id":"https:\/\/www.latribunedufaso.net\/?p=19993#primaryimage"},"thumbnailUrl":"https:\/\/www.latribunedufaso.net\/wp-content\/uploads\/2025\/04\/FB_IMG_1744815877974.jpg","datePublished":"2025-04-16T15:41:03+00:00","breadcrumb":{"@id":"https:\/\/www.latribunedufaso.net\/?p=19993#breadcrumb"},"inLanguage":"fr-FR","potentialAction":[{"@type":"ReadAction","target":["https:\/\/www.latribunedufaso.net\/?p=19993"]}]},{"@type":"ImageObject","inLanguage":"fr-FR","@id":"https:\/\/www.latribunedufaso.net\/?p=19993#primaryimage","url":"https:\/\/www.latribunedufaso.net\/wp-content\/uploads\/2025\/04\/FB_IMG_1744815877974.jpg","contentUrl":"https:\/\/www.latribunedufaso.net\/wp-content\/uploads\/2025\/04\/FB_IMG_1744815877974.jpg","width":720,"height":667,"caption":"Le ministre en charge de l'Administration territoriale a re\u00e7u en audience le DG de l\u2019Administration territoriale du Niger, 15 avril 2025"},{"@type":"BreadcrumbList","@id":"https:\/\/www.latribunedufaso.net\/?p=19993#breadcrumb","itemListElement":[{"@type":"ListItem","position":1,"name":"Accueil","item":"https:\/\/www.latribunedufaso.net\/"},{"@type":"ListItem","position":2,"name":"Coop\u00e9ration r\u00e9gionale : Une d\u00e9l\u00e9gation nig\u00e9rienne \u00e9change avec le ministre Emile Zerbo sur le fonctionnement des collectivit\u00e9s territoriales"}]},{"@type":"WebSite","@id":"https:\/\/www.latribunedufaso.net\/#website","url":"https:\/\/www.latribunedufaso.net\/","name":"La Tribune du Faso","description":"L&#039;information du monde rural en un clic","publisher":{"@id":"https:\/\/www.latribunedufaso.net\/#organization"},"potentialAction":[{"@type":"SearchAction","target":{"@type":"EntryPoint","urlTemplate":"https:\/\/www.latribunedufaso.net\/?s={search_term_string}"},"query-input":{"@type":"PropertyValueSpecification","valueRequired":true,"valueName":"search_term_string"}}],"inLanguage":"fr-FR"},{"@type":"Organization","@id":"https:\/\/www.latribunedufaso.net\/#organization","name":"La Tribune du Faso","url":"https:\/\/www.latribunedufaso.net\/","logo":{"@type":"ImageObject","inLanguage":"fr-FR","@id":"https:\/\/www.latribunedufaso.net\/#\/schema\/logo\/image\/","url":"https:\/\/www.latribunedufaso.net\/wp-content\/uploads\/2020\/08\/Logo-Tribune-du-Faso-final-scaled.jpg","contentUrl":"https:\/\/www.latribunedufaso.net\/wp-content\/uploads\/2020\/08\/Logo-Tribune-du-Faso-final-scaled.jpg","width":2560,"height":1856,"caption":"La Tribune du Faso"},"image":{"@id":"https:\/\/www.latribunedufaso.net\/#\/schema\/logo\/image\/"},"sameAs":["https:\/\/www.facebook.com\/LatribuneduFaso\/"]},{"@type":"Person","@id":"https:\/\/www.latribunedufaso.net\/#\/schema\/person\/e54e64c5778a7e72cf80a318b7a622b0","name":"Issouf Tapsoba","image":{"@type":"ImageObject","inLanguage":"fr-FR","@id":"https:\/\/secure.gravatar.com\/avatar\/5e6c05150ce3230247d167f5b94d678eb05936197436d69b7921e3a95c9107ac?s=96&d=mm&r=g","url":"https:\/\/secure.gravatar.com\/avatar\/5e6c05150ce3230247d167f5b94d678eb05936197436d69b7921e3a95c9107ac?s=96&d=mm&r=g","contentUrl":"https:\/\/secure.gravatar.com\/avatar\/5e6c05150ce3230247d167f5b94d678eb05936197436d69b7921e3a95c9107ac?s=96&d=mm&r=g","caption":"Issouf Tapsoba"},"url":"https:\/\/www.latribunedufaso.net\/?author=5"}]}},"_links":{"self":[{"href":"https:\/\/www.latribunedufaso.net\/index.php?rest_route=\/wp\/v2\/posts\/19993","targetHints":{"allow":["GET"]}}],"collection":[{"href":"https:\/\/www.latribunedufaso.net\/index.php?rest_route=\/wp\/v2\/posts"}],"about":[{"href":"https:\/\/www.latribunedufaso.net\/index.php?rest_route=\/wp\/v2\/types\/post"}],"author":[{"embeddable":true,"href":"https:\/\/www.latribunedufaso.net\/index.php?rest_route=\/wp\/v2\/users\/5"}],"replies":[{"embeddable":true,"href":"https:\/\/www.latribunedufaso.net\/index.php?rest_route=%2Fwp%2Fv2%2Fcomments&post=19993"}],"version-history":[{"count":1,"href":"https:\/\/www.latribunedufaso.net\/index.php?rest_route=\/wp\/v2\/posts\/19993\/revisions"}],"predecessor-version":[{"id":19996,"href":"https:\/\/www.latribunedufaso.net\/index.php?rest_route=\/wp\/v2\/posts\/19993\/revisions\/19996"}],"wp:featuredmedia":[{"embeddable":true,"href":"https:\/\/www.latribunedufaso.net\/index.php?rest_route=\/wp\/v2\/media\/19994"}],"wp:attachment":[{"href":"https:\/\/www.latribunedufaso.net\/index.php?rest_route=%2Fwp%2Fv2%2Fmedia&parent=19993"}],"wp:term":[{"taxonomy":"category","embeddable":true,"href":"https:\/\/www.latribunedufaso.net\/index.php?rest_route=%2Fwp%2Fv2%2Fcategories&post=19993"},{"taxonomy":"post_tag","embeddable":true,"href":"https:\/\/www.latribunedufaso.net\/index.php?rest_route=%2Fwp%2Fv2%2Ftags&post=19993"}],"curies":[{"name":"wp","href":"https:\/\/api.w.org\/{rel}","templated":true}]}}