{"id":19973,"date":"2025-04-14T12:12:27","date_gmt":"2025-04-14T12:12:27","guid":{"rendered":"https:\/\/www.latribunedufaso.net\/?p=19973"},"modified":"2025-04-14T21:08:35","modified_gmt":"2025-04-14T21:08:35","slug":"concours-galian-2025-les-membres-des-jurys-officiellement-installes","status":"publish","type":"post","link":"https:\/\/www.latribunedufaso.net\/?p=19973","title":{"rendered":"Concours Galian 2025 : Les membres des jurys officiellement install\u00e9s\u00a0"},"content":{"rendered":"<p><strong>Le ministre de la Communication, de la Culture des Arts et du Tourisme, Gilbert Ou\u00e9draogo a proc\u00e9d\u00e9 le 14 avril 2025 \u00e0 Ouagadougou \u00e0 l\u2019installation des membres des jurys des prix du concours Galian 2025.\u00a0<\/strong><!--more--><\/p>\n<p>Pour cette 28\u00e8me \u00e9dition, cinq jurys sont constitu\u00e9s. Il s\u2019agit du jury radiodiffusion t\u00e9l\u00e9visuelle, du jury radiodiffusion sonore, du jury presse \u00e9crite, du jury presse en ligne et du jury langues nationales.<\/p>\n<p>191 candidatures ont \u00e9t\u00e9 enregistr\u00e9es, soit un total de 382 \u0153uvres publi\u00e9es ou diffus\u00e9es en fran\u00e7ais et en langues nationales (moor\u00e9, dioula, fulfuld\u00e9 et gourmatchema). De fa\u00e7on sp\u00e9cifique, il y a 42 candidatures en presse \u00e9crite, soit 84 \u0153uvres, 38 candidatures en radiodiffusion sonore, soit 76 \u0153uvres et 37 candidatures en radiodiffusion t\u00e9l\u00e9visuelle, soit 74 \u0153uvres.<\/p>\n<figure id=\"attachment_19976\" aria-describedby=\"caption-attachment-19976\" style=\"width: 720px\" class=\"wp-caption aligncenter\"><a href=\"https:\/\/www.latribunedufaso.net\/wp-content\/uploads\/2025\/04\/FB_IMG_1744661238289.jpg\"><img loading=\"lazy\" decoding=\"async\" class=\"size-full wp-image-19976\" src=\"https:\/\/www.latribunedufaso.net\/wp-content\/uploads\/2025\/04\/FB_IMG_1744661238289.jpg\" alt=\"Installation des membres des jurys du concours Prix Galian 2025, 14 avril 2025\" width=\"720\" height=\"480\" srcset=\"https:\/\/www.latribunedufaso.net\/wp-content\/uploads\/2025\/04\/FB_IMG_1744661238289.jpg 720w, https:\/\/www.latribunedufaso.net\/wp-content\/uploads\/2025\/04\/FB_IMG_1744661238289-300x200.jpg 300w, https:\/\/www.latribunedufaso.net\/wp-content\/uploads\/2025\/04\/FB_IMG_1744661238289-120x80.jpg 120w, https:\/\/www.latribunedufaso.net\/wp-content\/uploads\/2025\/04\/FB_IMG_1744661238289-360x240.jpg 360w, https:\/\/www.latribunedufaso.net\/wp-content\/uploads\/2025\/04\/FB_IMG_1744661238289-600x400.jpg 600w\" sizes=\"auto, (max-width: 720px) 100vw, 720px\" \/><\/a><figcaption id=\"caption-attachment-19976\" class=\"wp-caption-text\">\u00ab Le Prix Galian vise aussi \u00e0 encourager un journalisme r\u00e9silient au service du d\u00e9veloppement national \u00bb, ministre en charge de la Communication, Gilbert Ou\u00e9draogo (au centre) &#8211; Ph. DR<\/figcaption><\/figure>\n<p>La cat\u00e9gorie presse en ligne enregistre 45 candidatures, soit 90 oeuvres. Quant \u00e0 celle des langues nationales, nous avons 25 candidatures, soit 50 \u0153uvres.<\/p>\n<p>Pour cette \u00e9dition, les organisateurs enregistrent une hausse du nombre des candidatures. En effet, en 2024, ils ont enregistr\u00e9s 148 candidatures contre 191 candidatures cette ann\u00e9e.<\/p>\n<p>A \u00e9couter le ministre en charge de la Communication, Gilbert Ou\u00e9draogo, l\u2019\u00e9dition de cette ann\u00e9e se veut une vitrine de consolidation des avanc\u00e9es en mati\u00e8re de journalisme au Burkina Faso. <em><strong>\u00ab Elle met en lumi\u00e8re les efforts de nos journalistes et techniciens qui, malgr\u00e9 des conditions difficiles, continuent d\u2019exercer leur m\u00e9tier avec passion et d\u00e9termination \u00bb,<\/strong><\/em> a-t-il signifi\u00e9.<\/p>\n<figure id=\"attachment_19975\" aria-describedby=\"caption-attachment-19975\" style=\"width: 1000px\" class=\"wp-caption aligncenter\"><a href=\"https:\/\/www.latribunedufaso.net\/wp-content\/uploads\/2025\/04\/IMG-20250414-WA0016.jpg\"><img loading=\"lazy\" decoding=\"async\" class=\"size-full wp-image-19975\" src=\"https:\/\/www.latribunedufaso.net\/wp-content\/uploads\/2025\/04\/IMG-20250414-WA0016.jpg\" alt=\"Installation des membres des jurys du concours Prix Galian 2025, 14 avril 2025\" width=\"1000\" height=\"750\" srcset=\"https:\/\/www.latribunedufaso.net\/wp-content\/uploads\/2025\/04\/IMG-20250414-WA0016.jpg 1000w, https:\/\/www.latribunedufaso.net\/wp-content\/uploads\/2025\/04\/IMG-20250414-WA0016-300x225.jpg 300w, https:\/\/www.latribunedufaso.net\/wp-content\/uploads\/2025\/04\/IMG-20250414-WA0016-768x576.jpg 768w\" sizes=\"auto, (max-width: 1000px) 100vw, 1000px\" \/><\/a><figcaption id=\"caption-attachment-19975\" class=\"wp-caption-text\">Photo de famille des membres de jurys avec le ministre &#8211; Ph. DR<\/figcaption><\/figure>\n<p>Pour lui, le Prix Galian ne se limite pas \u00e0 r\u00e9compenser l\u2019excellence journalistique, il vise aussi \u00e0 encourager un journalisme r\u00e9silient au service du d\u00e9veloppement national. <em><strong>\u00ab Il est imp\u00e9ratif que nous continuions \u00e0 promouvoir une presse dynamique et professionnelle, capable de contribuer efficacement \u00e0 la consolidation de la paix et de la coh\u00e9sion sociale \u00bb,<\/strong><\/em> a-t-il insist\u00e9.<\/p>\n<p>L\u2019une des innovations majeures de cette \u00e9dition est l\u2019implication de l\u2019Observatoire des M\u00e9dias du Burkina dans le choix des membres des jurys.\u00a0Selon le ministre, cette d\u00e9marche vise \u00e0 lever toute vell\u00e9it\u00e9 de subjectivit\u00e9 et de partialit\u00e9 et de mettre fin aux soup\u00e7ons de complaisance dans l\u2019appr\u00e9ciation des \u0153uvres pour garantir une \u00e9valuation encore plus transparente et \u00e9quitable des productions journalistiques en comp\u00e9tition.\u00a0<\/p>\n<blockquote>\n<p>Lire aussi &gt;&gt; <a href=\"https:\/\/www.latribunedufaso.net\/?p=14325\">GALIAN 2024 : Les journalistes laissent partir la villa de 18,5 millions FCFA<\/a><\/p>\n<\/blockquote>\n<p>Pour clore, il a tenu \u00e0 rappeler que les membres des jurys sont tenus au respect du secret des d\u00e9lib\u00e9rations comme le stipule le r\u00e8glement int\u00e9rieur du concours.\u00a0<\/p>\n<p><strong>Ines TOUGMA\u00a0<\/strong><\/p>\n<p><strong>latribunedufaso.net<\/strong><\/p>\n","protected":false},"excerpt":{"rendered":"<p>Le ministre de la Communication, de la Culture des Arts et du Tourisme, Gilbert Ou\u00e9draogo a proc\u00e9d\u00e9 le 14 avril 2025 \u00e0 Ouagadougou \u00e0 l\u2019installation des membres des jurys des prix du concours Galian 2025.\u00a0<\/p>\n","protected":false},"author":5,"featured_media":19974,"comment_status":"open","ping_status":"open","sticky":false,"template":"","format":"standard","meta":{"footnotes":""},"categories":[13,1,30],"tags":[415,39,889],"class_list":["post-19973","post","type-post","status-publish","format-standard","has-post-thumbnail","hentry","category-une","category-actu","category-art-et-culture","tag-journalisme-et-communication","tag-latribunedufaso-net","tag-prix-galian"],"yoast_head":"<!-- This site is optimized with the Yoast SEO plugin v27.5 - https:\/\/yoast.com\/product\/yoast-seo-wordpress\/ -->\n<title>Concours Galian 2025 : Les membres des jurys officiellement install\u00e9s\u00a0 - La Tribune du Faso<\/title>\n<meta name=\"robots\" content=\"index, follow, max-snippet:-1, max-image-preview:large, max-video-preview:-1\" \/>\n<link rel=\"canonical\" href=\"https:\/\/www.latribunedufaso.net\/?p=19973\" \/>\n<meta property=\"og:locale\" content=\"fr_FR\" \/>\n<meta property=\"og:type\" content=\"article\" \/>\n<meta property=\"og:title\" content=\"Concours Galian 2025 : Les membres des jurys officiellement install\u00e9s\u00a0 - La Tribune du Faso\" \/>\n<meta property=\"og:description\" content=\"Le ministre de la Communication, de la Culture des Arts et du Tourisme, Gilbert Ou\u00e9draogo a proc\u00e9d\u00e9 le 14 avril 2025 \u00e0 Ouagadougou \u00e0 l\u2019installation des membres des jurys des prix du concours Galian 2025.\u00a0\" \/>\n<meta property=\"og:url\" content=\"https:\/\/www.latribunedufaso.net\/?p=19973\" \/>\n<meta property=\"og:site_name\" content=\"La Tribune du Faso\" \/>\n<meta property=\"article:publisher\" content=\"https:\/\/www.facebook.com\/LatribuneduFaso\/\" \/>\n<meta property=\"article:published_time\" content=\"2025-04-14T12:12:27+00:00\" \/>\n<meta property=\"article:modified_time\" content=\"2025-04-14T21:08:35+00:00\" \/>\n<meta property=\"og:image\" content=\"https:\/\/www.latribunedufaso.net\/wp-content\/uploads\/2025\/04\/IMG-20250414-WA0015.jpg\" \/>\n\t<meta property=\"og:image:width\" content=\"1280\" \/>\n\t<meta property=\"og:image:height\" content=\"960\" \/>\n\t<meta property=\"og:image:type\" content=\"image\/jpeg\" \/>\n<meta name=\"author\" content=\"Issouf Tapsoba\" \/>\n<meta name=\"twitter:label1\" content=\"\u00c9crit par\" \/>\n\t<meta name=\"twitter:data1\" content=\"Issouf Tapsoba\" \/>\n\t<meta name=\"twitter:label2\" content=\"Dur\u00e9e de lecture estim\u00e9e\" \/>\n\t<meta name=\"twitter:data2\" content=\"2 minutes\" \/>\n<script type=\"application\/ld+json\" class=\"yoast-schema-graph\">{\"@context\":\"https:\\\/\\\/schema.org\",\"@graph\":[{\"@type\":\"Article\",\"@id\":\"https:\\\/\\\/www.latribunedufaso.net\\\/?p=19973#article\",\"isPartOf\":{\"@id\":\"https:\\\/\\\/www.latribunedufaso.net\\\/?p=19973\"},\"author\":{\"name\":\"Issouf Tapsoba\",\"@id\":\"https:\\\/\\\/www.latribunedufaso.net\\\/#\\\/schema\\\/person\\\/e54e64c5778a7e72cf80a318b7a622b0\"},\"headline\":\"Concours Galian 2025 : Les membres des jurys officiellement install\u00e9s\u00a0\",\"datePublished\":\"2025-04-14T12:12:27+00:00\",\"dateModified\":\"2025-04-14T21:08:35+00:00\",\"mainEntityOfPage\":{\"@id\":\"https:\\\/\\\/www.latribunedufaso.net\\\/?p=19973\"},\"wordCount\":480,\"commentCount\":0,\"publisher\":{\"@id\":\"https:\\\/\\\/www.latribunedufaso.net\\\/#organization\"},\"image\":{\"@id\":\"https:\\\/\\\/www.latribunedufaso.net\\\/?p=19973#primaryimage\"},\"thumbnailUrl\":\"https:\\\/\\\/www.latribunedufaso.net\\\/wp-content\\\/uploads\\\/2025\\\/04\\\/IMG-20250414-WA0015.jpg\",\"keywords\":[\"journalisme et communication\",\"latribunedufaso.net\",\"Prix Galian\"],\"articleSection\":[\"A la une\",\"Actualit\u00e9\",\"Art et Culture\"],\"inLanguage\":\"fr-FR\",\"potentialAction\":[{\"@type\":\"CommentAction\",\"name\":\"Comment\",\"target\":[\"https:\\\/\\\/www.latribunedufaso.net\\\/?p=19973#respond\"]}]},{\"@type\":\"WebPage\",\"@id\":\"https:\\\/\\\/www.latribunedufaso.net\\\/?p=19973\",\"url\":\"https:\\\/\\\/www.latribunedufaso.net\\\/?p=19973\",\"name\":\"Concours Galian 2025 : Les membres des jurys officiellement install\u00e9s\u00a0 - La Tribune du Faso\",\"isPartOf\":{\"@id\":\"https:\\\/\\\/www.latribunedufaso.net\\\/#website\"},\"primaryImageOfPage\":{\"@id\":\"https:\\\/\\\/www.latribunedufaso.net\\\/?p=19973#primaryimage\"},\"image\":{\"@id\":\"https:\\\/\\\/www.latribunedufaso.net\\\/?p=19973#primaryimage\"},\"thumbnailUrl\":\"https:\\\/\\\/www.latribunedufaso.net\\\/wp-content\\\/uploads\\\/2025\\\/04\\\/IMG-20250414-WA0015.jpg\",\"datePublished\":\"2025-04-14T12:12:27+00:00\",\"dateModified\":\"2025-04-14T21:08:35+00:00\",\"breadcrumb\":{\"@id\":\"https:\\\/\\\/www.latribunedufaso.net\\\/?p=19973#breadcrumb\"},\"inLanguage\":\"fr-FR\",\"potentialAction\":[{\"@type\":\"ReadAction\",\"target\":[\"https:\\\/\\\/www.latribunedufaso.net\\\/?p=19973\"]}]},{\"@type\":\"ImageObject\",\"inLanguage\":\"fr-FR\",\"@id\":\"https:\\\/\\\/www.latribunedufaso.net\\\/?p=19973#primaryimage\",\"url\":\"https:\\\/\\\/www.latribunedufaso.net\\\/wp-content\\\/uploads\\\/2025\\\/04\\\/IMG-20250414-WA0015.jpg\",\"contentUrl\":\"https:\\\/\\\/www.latribunedufaso.net\\\/wp-content\\\/uploads\\\/2025\\\/04\\\/IMG-20250414-WA0015.jpg\",\"width\":1280,\"height\":960,\"caption\":\"Installation des membres des jurys du concours Prix Galian 2025, 14 avril 2025\"},{\"@type\":\"BreadcrumbList\",\"@id\":\"https:\\\/\\\/www.latribunedufaso.net\\\/?p=19973#breadcrumb\",\"itemListElement\":[{\"@type\":\"ListItem\",\"position\":1,\"name\":\"Accueil\",\"item\":\"https:\\\/\\\/www.latribunedufaso.net\\\/\"},{\"@type\":\"ListItem\",\"position\":2,\"name\":\"Concours Galian 2025 : Les membres des jurys officiellement install\u00e9s\u00a0\"}]},{\"@type\":\"WebSite\",\"@id\":\"https:\\\/\\\/www.latribunedufaso.net\\\/#website\",\"url\":\"https:\\\/\\\/www.latribunedufaso.net\\\/\",\"name\":\"La Tribune du Faso\",\"description\":\"L&#039;information du monde rural en un clic\",\"publisher\":{\"@id\":\"https:\\\/\\\/www.latribunedufaso.net\\\/#organization\"},\"potentialAction\":[{\"@type\":\"SearchAction\",\"target\":{\"@type\":\"EntryPoint\",\"urlTemplate\":\"https:\\\/\\\/www.latribunedufaso.net\\\/?s={search_term_string}\"},\"query-input\":{\"@type\":\"PropertyValueSpecification\",\"valueRequired\":true,\"valueName\":\"search_term_string\"}}],\"inLanguage\":\"fr-FR\"},{\"@type\":\"Organization\",\"@id\":\"https:\\\/\\\/www.latribunedufaso.net\\\/#organization\",\"name\":\"La Tribune du Faso\",\"url\":\"https:\\\/\\\/www.latribunedufaso.net\\\/\",\"logo\":{\"@type\":\"ImageObject\",\"inLanguage\":\"fr-FR\",\"@id\":\"https:\\\/\\\/www.latribunedufaso.net\\\/#\\\/schema\\\/logo\\\/image\\\/\",\"url\":\"https:\\\/\\\/www.latribunedufaso.net\\\/wp-content\\\/uploads\\\/2020\\\/08\\\/Logo-Tribune-du-Faso-final-scaled.jpg\",\"contentUrl\":\"https:\\\/\\\/www.latribunedufaso.net\\\/wp-content\\\/uploads\\\/2020\\\/08\\\/Logo-Tribune-du-Faso-final-scaled.jpg\",\"width\":2560,\"height\":1856,\"caption\":\"La Tribune du Faso\"},\"image\":{\"@id\":\"https:\\\/\\\/www.latribunedufaso.net\\\/#\\\/schema\\\/logo\\\/image\\\/\"},\"sameAs\":[\"https:\\\/\\\/www.facebook.com\\\/LatribuneduFaso\\\/\"]},{\"@type\":\"Person\",\"@id\":\"https:\\\/\\\/www.latribunedufaso.net\\\/#\\\/schema\\\/person\\\/e54e64c5778a7e72cf80a318b7a622b0\",\"name\":\"Issouf Tapsoba\",\"image\":{\"@type\":\"ImageObject\",\"inLanguage\":\"fr-FR\",\"@id\":\"https:\\\/\\\/secure.gravatar.com\\\/avatar\\\/5e6c05150ce3230247d167f5b94d678eb05936197436d69b7921e3a95c9107ac?s=96&d=mm&r=g\",\"url\":\"https:\\\/\\\/secure.gravatar.com\\\/avatar\\\/5e6c05150ce3230247d167f5b94d678eb05936197436d69b7921e3a95c9107ac?s=96&d=mm&r=g\",\"contentUrl\":\"https:\\\/\\\/secure.gravatar.com\\\/avatar\\\/5e6c05150ce3230247d167f5b94d678eb05936197436d69b7921e3a95c9107ac?s=96&d=mm&r=g\",\"caption\":\"Issouf Tapsoba\"},\"url\":\"https:\\\/\\\/www.latribunedufaso.net\\\/?author=5\"}]}<\/script>\n<!-- \/ Yoast SEO plugin. -->","yoast_head_json":{"title":"Concours Galian 2025 : Les membres des jurys officiellement install\u00e9s\u00a0 - La Tribune du Faso","robots":{"index":"index","follow":"follow","max-snippet":"max-snippet:-1","max-image-preview":"max-image-preview:large","max-video-preview":"max-video-preview:-1"},"canonical":"https:\/\/www.latribunedufaso.net\/?p=19973","og_locale":"fr_FR","og_type":"article","og_title":"Concours Galian 2025 : Les membres des jurys officiellement install\u00e9s\u00a0 - La Tribune du Faso","og_description":"Le ministre de la Communication, de la Culture des Arts et du Tourisme, Gilbert Ou\u00e9draogo a proc\u00e9d\u00e9 le 14 avril 2025 \u00e0 Ouagadougou \u00e0 l\u2019installation des membres des jurys des prix du concours Galian 2025.\u00a0","og_url":"https:\/\/www.latribunedufaso.net\/?p=19973","og_site_name":"La Tribune du Faso","article_publisher":"https:\/\/www.facebook.com\/LatribuneduFaso\/","article_published_time":"2025-04-14T12:12:27+00:00","article_modified_time":"2025-04-14T21:08:35+00:00","og_image":[{"width":1280,"height":960,"url":"https:\/\/www.latribunedufaso.net\/wp-content\/uploads\/2025\/04\/IMG-20250414-WA0015.jpg","type":"image\/jpeg"}],"author":"Issouf Tapsoba","twitter_misc":{"\u00c9crit par":"Issouf Tapsoba","Dur\u00e9e de lecture estim\u00e9e":"2 minutes"},"schema":{"@context":"https:\/\/schema.org","@graph":[{"@type":"Article","@id":"https:\/\/www.latribunedufaso.net\/?p=19973#article","isPartOf":{"@id":"https:\/\/www.latribunedufaso.net\/?p=19973"},"author":{"name":"Issouf Tapsoba","@id":"https:\/\/www.latribunedufaso.net\/#\/schema\/person\/e54e64c5778a7e72cf80a318b7a622b0"},"headline":"Concours Galian 2025 : Les membres des jurys officiellement install\u00e9s\u00a0","datePublished":"2025-04-14T12:12:27+00:00","dateModified":"2025-04-14T21:08:35+00:00","mainEntityOfPage":{"@id":"https:\/\/www.latribunedufaso.net\/?p=19973"},"wordCount":480,"commentCount":0,"publisher":{"@id":"https:\/\/www.latribunedufaso.net\/#organization"},"image":{"@id":"https:\/\/www.latribunedufaso.net\/?p=19973#primaryimage"},"thumbnailUrl":"https:\/\/www.latribunedufaso.net\/wp-content\/uploads\/2025\/04\/IMG-20250414-WA0015.jpg","keywords":["journalisme et communication","latribunedufaso.net","Prix Galian"],"articleSection":["A la une","Actualit\u00e9","Art et Culture"],"inLanguage":"fr-FR","potentialAction":[{"@type":"CommentAction","name":"Comment","target":["https:\/\/www.latribunedufaso.net\/?p=19973#respond"]}]},{"@type":"WebPage","@id":"https:\/\/www.latribunedufaso.net\/?p=19973","url":"https:\/\/www.latribunedufaso.net\/?p=19973","name":"Concours Galian 2025 : Les membres des jurys officiellement install\u00e9s\u00a0 - La Tribune du Faso","isPartOf":{"@id":"https:\/\/www.latribunedufaso.net\/#website"},"primaryImageOfPage":{"@id":"https:\/\/www.latribunedufaso.net\/?p=19973#primaryimage"},"image":{"@id":"https:\/\/www.latribunedufaso.net\/?p=19973#primaryimage"},"thumbnailUrl":"https:\/\/www.latribunedufaso.net\/wp-content\/uploads\/2025\/04\/IMG-20250414-WA0015.jpg","datePublished":"2025-04-14T12:12:27+00:00","dateModified":"2025-04-14T21:08:35+00:00","breadcrumb":{"@id":"https:\/\/www.latribunedufaso.net\/?p=19973#breadcrumb"},"inLanguage":"fr-FR","potentialAction":[{"@type":"ReadAction","target":["https:\/\/www.latribunedufaso.net\/?p=19973"]}]},{"@type":"ImageObject","inLanguage":"fr-FR","@id":"https:\/\/www.latribunedufaso.net\/?p=19973#primaryimage","url":"https:\/\/www.latribunedufaso.net\/wp-content\/uploads\/2025\/04\/IMG-20250414-WA0015.jpg","contentUrl":"https:\/\/www.latribunedufaso.net\/wp-content\/uploads\/2025\/04\/IMG-20250414-WA0015.jpg","width":1280,"height":960,"caption":"Installation des membres des jurys du concours Prix Galian 2025, 14 avril 2025"},{"@type":"BreadcrumbList","@id":"https:\/\/www.latribunedufaso.net\/?p=19973#breadcrumb","itemListElement":[{"@type":"ListItem","position":1,"name":"Accueil","item":"https:\/\/www.latribunedufaso.net\/"},{"@type":"ListItem","position":2,"name":"Concours Galian 2025 : Les membres des jurys officiellement install\u00e9s\u00a0"}]},{"@type":"WebSite","@id":"https:\/\/www.latribunedufaso.net\/#website","url":"https:\/\/www.latribunedufaso.net\/","name":"La Tribune du Faso","description":"L&#039;information du monde rural en un clic","publisher":{"@id":"https:\/\/www.latribunedufaso.net\/#organization"},"potentialAction":[{"@type":"SearchAction","target":{"@type":"EntryPoint","urlTemplate":"https:\/\/www.latribunedufaso.net\/?s={search_term_string}"},"query-input":{"@type":"PropertyValueSpecification","valueRequired":true,"valueName":"search_term_string"}}],"inLanguage":"fr-FR"},{"@type":"Organization","@id":"https:\/\/www.latribunedufaso.net\/#organization","name":"La Tribune du Faso","url":"https:\/\/www.latribunedufaso.net\/","logo":{"@type":"ImageObject","inLanguage":"fr-FR","@id":"https:\/\/www.latribunedufaso.net\/#\/schema\/logo\/image\/","url":"https:\/\/www.latribunedufaso.net\/wp-content\/uploads\/2020\/08\/Logo-Tribune-du-Faso-final-scaled.jpg","contentUrl":"https:\/\/www.latribunedufaso.net\/wp-content\/uploads\/2020\/08\/Logo-Tribune-du-Faso-final-scaled.jpg","width":2560,"height":1856,"caption":"La Tribune du Faso"},"image":{"@id":"https:\/\/www.latribunedufaso.net\/#\/schema\/logo\/image\/"},"sameAs":["https:\/\/www.facebook.com\/LatribuneduFaso\/"]},{"@type":"Person","@id":"https:\/\/www.latribunedufaso.net\/#\/schema\/person\/e54e64c5778a7e72cf80a318b7a622b0","name":"Issouf Tapsoba","image":{"@type":"ImageObject","inLanguage":"fr-FR","@id":"https:\/\/secure.gravatar.com\/avatar\/5e6c05150ce3230247d167f5b94d678eb05936197436d69b7921e3a95c9107ac?s=96&d=mm&r=g","url":"https:\/\/secure.gravatar.com\/avatar\/5e6c05150ce3230247d167f5b94d678eb05936197436d69b7921e3a95c9107ac?s=96&d=mm&r=g","contentUrl":"https:\/\/secure.gravatar.com\/avatar\/5e6c05150ce3230247d167f5b94d678eb05936197436d69b7921e3a95c9107ac?s=96&d=mm&r=g","caption":"Issouf Tapsoba"},"url":"https:\/\/www.latribunedufaso.net\/?author=5"}]}},"_links":{"self":[{"href":"https:\/\/www.latribunedufaso.net\/index.php?rest_route=\/wp\/v2\/posts\/19973","targetHints":{"allow":["GET"]}}],"collection":[{"href":"https:\/\/www.latribunedufaso.net\/index.php?rest_route=\/wp\/v2\/posts"}],"about":[{"href":"https:\/\/www.latribunedufaso.net\/index.php?rest_route=\/wp\/v2\/types\/post"}],"author":[{"embeddable":true,"href":"https:\/\/www.latribunedufaso.net\/index.php?rest_route=\/wp\/v2\/users\/5"}],"replies":[{"embeddable":true,"href":"https:\/\/www.latribunedufaso.net\/index.php?rest_route=%2Fwp%2Fv2%2Fcomments&post=19973"}],"version-history":[{"count":1,"href":"https:\/\/www.latribunedufaso.net\/index.php?rest_route=\/wp\/v2\/posts\/19973\/revisions"}],"predecessor-version":[{"id":19977,"href":"https:\/\/www.latribunedufaso.net\/index.php?rest_route=\/wp\/v2\/posts\/19973\/revisions\/19977"}],"wp:featuredmedia":[{"embeddable":true,"href":"https:\/\/www.latribunedufaso.net\/index.php?rest_route=\/wp\/v2\/media\/19974"}],"wp:attachment":[{"href":"https:\/\/www.latribunedufaso.net\/index.php?rest_route=%2Fwp%2Fv2%2Fmedia&parent=19973"}],"wp:term":[{"taxonomy":"category","embeddable":true,"href":"https:\/\/www.latribunedufaso.net\/index.php?rest_route=%2Fwp%2Fv2%2Fcategories&post=19973"},{"taxonomy":"post_tag","embeddable":true,"href":"https:\/\/www.latribunedufaso.net\/index.php?rest_route=%2Fwp%2Fv2%2Ftags&post=19973"}],"curies":[{"name":"wp","href":"https:\/\/api.w.org\/{rel}","templated":true}]}}