{"id":19917,"date":"2025-04-11T12:31:15","date_gmt":"2025-04-11T12:31:15","guid":{"rendered":"https:\/\/www.latribunedufaso.net\/?p=19917"},"modified":"2025-04-11T12:31:15","modified_gmt":"2025-04-11T12:31:15","slug":"samu-un-nouveau-numero-durgence-le-15-pour-des-soins-rapides-en-cas-daccident-ou-de-maladie-a-ouagadougou","status":"publish","type":"post","link":"https:\/\/www.latribunedufaso.net\/?p=19917","title":{"rendered":"SAMU : Un nouveau num\u00e9ro d\u2019urgence, le 15, pour des soins rapides en cas d\u2019accident ou de maladie \u00e0 Ouagadougou"},"content":{"rendered":"<p><strong>Le minist\u00e8re de la Sant\u00e9, \u00e0 travers le Service d&rsquo;aide m\u00e9dicale urgente (SAMU) a organis\u00e9 le 10 avril 2025 \u00e0 Ouagadougou, le lancement officiel des activit\u00e9s dudit service. La c\u00e9r\u00e9monie a connu la pr\u00e9sence des membres du gouvernement. Elle \u00e9tait plac\u00e9e sous\u00a0le haut patronage du Premier ministre, Jean Emmanuel Ou\u00e9draogo, repr\u00e9sent\u00e9 par le ministre d\u2019\u00c9tat, ministre en charge de la D\u00e9fense, le g\u00e9n\u00e9ral de Brigade, C\u00e9lestin Simpor\u00e9.<\/strong><!--more--><\/p>\n<p>Le SAMU, d\u00e9sormais accessible \u00e0 toute la population de Ouagadougou gr\u00e2ce au num\u00e9ro <em><strong>\u00ab 15 \u00bb<\/strong><\/em>, s\u2019inscrit dans la politique du gouvernement visant \u00e0 am\u00e9liorer la s\u00e9curit\u00e9 sanitaire en situation d\u2019urgence. Il permet un acc\u00e8s rapide, \u00e9quitable et efficace aux soins d\u2019urgence pr\u00e9 hospitaliers. Ce service, disponible 24h\/24 et 7j\/7, permet \u00e0 toute personne en d\u00e9tresse de contacter directement un agent de sant\u00e9, qui pourra soit fournir des conseils, soit envoyer une ambulance \u00e9quip\u00e9e pour les interventions urgentes.<\/p>\n<figure id=\"attachment_19922\" aria-describedby=\"caption-attachment-19922\" style=\"width: 720px\" class=\"wp-caption aligncenter\"><a href=\"https:\/\/www.latribunedufaso.net\/wp-content\/uploads\/2025\/04\/FB_IMG_1744373847444.jpg\"><img loading=\"lazy\" decoding=\"async\" class=\"size-full wp-image-19922\" src=\"https:\/\/www.latribunedufaso.net\/wp-content\/uploads\/2025\/04\/FB_IMG_1744373847444.jpg\" alt=\"Lancement des activit\u00e9s du Service d'aide m\u00e9dicale urgente (SAMU), 10 avril 2025 Ouagadougou \" width=\"720\" height=\"560\" srcset=\"https:\/\/www.latribunedufaso.net\/wp-content\/uploads\/2025\/04\/FB_IMG_1744373847444.jpg 720w, https:\/\/www.latribunedufaso.net\/wp-content\/uploads\/2025\/04\/FB_IMG_1744373847444-300x233.jpg 300w\" sizes=\"auto, (max-width: 720px) 100vw, 720px\" \/><\/a><figcaption id=\"caption-attachment-19922\" class=\"wp-caption-text\">Le ministre en charge de la D\u00e9fense, le General de Brigitte, C\u00e9lestin Simpor\u00e9 &#8211; Ph. DR<\/figcaption><\/figure>\n<p>Dans son allocution, le ministre Simpor\u00e9 a soulign\u00e9 l\u2019importance historique de ce projet, qu\u2019il a qualifi\u00e9 de <em><strong>\u00ab vieux b\u00e9b\u00e9 \u00bb<\/strong><\/em> ayant mis pr\u00e8s de trois d\u00e9cennies \u00e0 se concr\u00e9tiser. Le ministre a rappel\u00e9 que le SAMU est un service qui peut aussi assurer la s\u00e9curit\u00e9 sanitaire lors des manifestations et qu\u2019il a d\u00e9j\u00e0 jou\u00e9 ce r\u00f4le dans des \u00e9v\u00e9nements majeurs, notamment lors du dernier p\u00e8lerinage \u00e0 La Mecque et du FESPACO 2025, o\u00f9 il a collabor\u00e9 avec les forces de protection civile pour assurer la s\u00e9curit\u00e9 sanitaire.<\/p>\n<figure id=\"attachment_19921\" aria-describedby=\"caption-attachment-19921\" style=\"width: 1280px\" class=\"wp-caption aligncenter\"><a href=\"https:\/\/www.latribunedufaso.net\/wp-content\/uploads\/2025\/04\/IMG-20250411-WA0025.jpg\"><img loading=\"lazy\" decoding=\"async\" class=\"size-full wp-image-19921\" src=\"https:\/\/www.latribunedufaso.net\/wp-content\/uploads\/2025\/04\/IMG-20250411-WA0025.jpg\" alt=\"Lancement des activit\u00e9s du Service d'aide m\u00e9dicale urgente (SAMU), 10 avril 2025 Ouagadougou \" width=\"1280\" height=\"960\" srcset=\"https:\/\/www.latribunedufaso.net\/wp-content\/uploads\/2025\/04\/IMG-20250411-WA0025.jpg 1280w, https:\/\/www.latribunedufaso.net\/wp-content\/uploads\/2025\/04\/IMG-20250411-WA0025-300x225.jpg 300w, https:\/\/www.latribunedufaso.net\/wp-content\/uploads\/2025\/04\/IMG-20250411-WA0025-1024x768.jpg 1024w, https:\/\/www.latribunedufaso.net\/wp-content\/uploads\/2025\/04\/IMG-20250411-WA0025-768x576.jpg 768w\" sizes=\"auto, (max-width: 1280px) 100vw, 1280px\" \/><\/a><figcaption id=\"caption-attachment-19921\" class=\"wp-caption-text\">Une vue de l&rsquo;int\u00e9rieur de l&rsquo;ambulance &#8211; Ph. N. Ouattara<\/figcaption><\/figure>\n<p>En outre, le repr\u00e9sentant du Premier ministre a exhort\u00e9 les agents de sant\u00e9 \u00e0 faire preuve de professionnalisme afin d\u2019assurer la continuit\u00e9 de l\u2019offre de service et de soins d\u2019urgences. Aussi, a-t-il rappel\u00e9 \u00e0 la population l\u2019importance de faire un bon usage des \u00ab <em><strong>Brigades d\u2019Intervention Rapides (BIR) \u00bb<\/strong><\/em> de sant\u00e9, faisant r\u00e9f\u00e9rence au SAMU.\u00a0<\/p>\n<h3>Des ambulances \u00e9quip\u00e9es et un personnel qualifi\u00e9 pour r\u00e9pondre aux urgences<\/h3>\n<p>Dr Robert Kargougou, ministre de la Sant\u00e9, a pr\u00e9cis\u00e9 dans son discours que chaque ambulance du SAMU est dot\u00e9e d\u2019\u00e9quipements m\u00e9dicaux de pointe permettant de r\u00e9animer les patients en attendant leur transfert vers un \u00e9tablissement de sant\u00e9 adapt\u00e9.<\/p>\n<figure id=\"attachment_19919\" aria-describedby=\"caption-attachment-19919\" style=\"width: 1280px\" class=\"wp-caption aligncenter\"><a href=\"https:\/\/www.latribunedufaso.net\/wp-content\/uploads\/2025\/04\/IMG-20250411-WA0023.jpg\"><img loading=\"lazy\" decoding=\"async\" class=\"size-full wp-image-19919\" src=\"https:\/\/www.latribunedufaso.net\/wp-content\/uploads\/2025\/04\/IMG-20250411-WA0023.jpg\" alt=\"Lancement des activit\u00e9s du Service d'aide m\u00e9dicale urgente (SAMU), 10 avril 2025 Ouagadougou \" width=\"1280\" height=\"1046\" srcset=\"https:\/\/www.latribunedufaso.net\/wp-content\/uploads\/2025\/04\/IMG-20250411-WA0023.jpg 1280w, https:\/\/www.latribunedufaso.net\/wp-content\/uploads\/2025\/04\/IMG-20250411-WA0023-300x245.jpg 300w, https:\/\/www.latribunedufaso.net\/wp-content\/uploads\/2025\/04\/IMG-20250411-WA0023-1024x837.jpg 1024w, https:\/\/www.latribunedufaso.net\/wp-content\/uploads\/2025\/04\/IMG-20250411-WA0023-768x628.jpg 768w\" sizes=\"auto, (max-width: 1280px) 100vw, 1280px\" \/><\/a><figcaption id=\"caption-attachment-19919\" class=\"wp-caption-text\">Le ministre de la Sant\u00e9, Dr Robert Kargougou &#8211; Ph. N. Ouattara<\/figcaption><\/figure>\n<p>Chaque v\u00e9hicule est \u00e9galement \u00e9quip\u00e9 d\u2019un sp\u00e9cialiste en urgences m\u00e9dicales, d\u2019un m\u00e9decin g\u00e9n\u00e9raliste form\u00e9 aux situations d\u2019urgence et d\u2019un infirmier et ambulancier, tous form\u00e9s pour intervenir dans des situations d\u2019urgences.<\/p>\n<p>Le pr\u00e9sident de la d\u00e9l\u00e9gation sp\u00e9ciale de la commune de Ouagadougou, Maurice Konat\u00e9, a \u00e9galement pris la parole lors de la c\u00e9r\u00e9monie. Il a exprim\u00e9 la joie de la commune de voir le SAMU <em><strong>\u00ab naitre sur ses terres \u00bb<\/strong><\/em>, soulignant que ce service de sant\u00e9 est une r\u00e9ponse \u00e0 un grand besoin pour la population de la capitale burkinab\u00e8. Il a r\u00e9affirm\u00e9 l\u2019engagement de la commune \u00e0 accompagner les activit\u00e9s du SAMU et \u00e0 prendre toutes les mesures n\u00e9cessaires pour faciliter son bon fonctionnement.<\/p>\n<figure id=\"attachment_19918\" aria-describedby=\"caption-attachment-19918\" style=\"width: 1280px\" class=\"wp-caption aligncenter\"><a href=\"https:\/\/www.latribunedufaso.net\/wp-content\/uploads\/2025\/04\/IMG-20250411-WA0024.jpg\"><img loading=\"lazy\" decoding=\"async\" class=\"size-full wp-image-19918\" src=\"https:\/\/www.latribunedufaso.net\/wp-content\/uploads\/2025\/04\/IMG-20250411-WA0024.jpg\" alt=\"Lancement des activit\u00e9s du Service d'aide m\u00e9dicale urgente (SAMU), 10 avril 2025 Ouagadougou \" width=\"1280\" height=\"681\" srcset=\"https:\/\/www.latribunedufaso.net\/wp-content\/uploads\/2025\/04\/IMG-20250411-WA0024.jpg 1280w, https:\/\/www.latribunedufaso.net\/wp-content\/uploads\/2025\/04\/IMG-20250411-WA0024-300x160.jpg 300w, https:\/\/www.latribunedufaso.net\/wp-content\/uploads\/2025\/04\/IMG-20250411-WA0024-1024x545.jpg 1024w, https:\/\/www.latribunedufaso.net\/wp-content\/uploads\/2025\/04\/IMG-20250411-WA0024-768x409.jpg 768w\" sizes=\"auto, (max-width: 1280px) 100vw, 1280px\" \/><\/a><figcaption id=\"caption-attachment-19918\" class=\"wp-caption-text\">Une vue des ambulances du SAMU &#8211; Ph. N. Ouattara<\/figcaption><\/figure>\n<p>Le pr\u00e9sident de la d\u00e9l\u00e9gation sp\u00e9ciale a aussi appel\u00e9 la population \u00e0 faire preuve de civisme et \u00e0 soutenir les \u00e9quipes du SAMU dans l\u2019accomplissement de leurs missions.\u00a0<\/p>\n<p>Le SAMU, faut-il le souligner, est un \u00e9tablissement public de sant\u00e9 cr\u00e9\u00e9 par d\u00e9cret le 14 d\u00e9cembre 2021. Il est dot\u00e9 d\u2019une autonomie de gestion administrative et financier et est plac\u00e9 sous la tutelle technique du minist\u00e8re de la Sant\u00e9 et la tutelle financi\u00e8re du minist\u00e8re de l\u2019\u00e9conomie et des finances.\u00a0<\/p>\n<blockquote>\n<p>Lire aussi &gt;&gt; <a href=\"https:\/\/www.latribunedufaso.net\/?p=18865\">Sant\u00e9 : Des acteurs outill\u00e9s sur des comp\u00e9tences de la r\u00e9animation cardio-pulmonaire de base et avanc\u00e9es<\/a><\/p>\n<\/blockquote>\n<p>Pour l\u2019instant, le SAMU est seulement op\u00e9rationnel \u00e0 Ouagadougou. Son d\u00e9ploiement est pr\u00e9vu sur l\u2019ensemble du territoire, y compris \u00e0 Bobo-Dioulasso, o\u00f9 le service sera op\u00e9rationnel en cette ann\u00e9e 2025, selon le ministre Dr Kargougou.\u00a0<\/p>\n<p><strong>Nabintou OUATTARA\u00a0<\/strong><\/p>\n<p><strong>latribunedufaso.net<\/strong><\/p>\n","protected":false},"excerpt":{"rendered":"<p>Le minist\u00e8re de la Sant\u00e9, \u00e0 travers le Service d&rsquo;aide m\u00e9dicale urgente (SAMU) a organis\u00e9 le 10 avril 2025 \u00e0 Ouagadougou, le lancement officiel des activit\u00e9s dudit service. La c\u00e9r\u00e9monie a connu la pr\u00e9sence des membres du gouvernement. Elle \u00e9tait plac\u00e9e sous\u00a0le haut patronage du Premier ministre, Jean Emmanuel Ou\u00e9draogo, repr\u00e9sent\u00e9 par le ministre d\u2019\u00c9tat, ministre en charge de la D\u00e9fense, le g\u00e9n\u00e9ral de Brigade, C\u00e9lestin Simpor\u00e9.<\/p>\n","protected":false},"author":5,"featured_media":19920,"comment_status":"open","ping_status":"open","sticky":false,"template":"","format":"standard","meta":{"footnotes":""},"categories":[13,1,7],"tags":[39,191,874],"class_list":["post-19917","post","type-post","status-publish","format-standard","has-post-thumbnail","hentry","category-une","category-actu","category-sante","tag-latribunedufaso-net","tag-sante","tag-service-daide-medicale-urgente-samu"],"yoast_head":"<!-- This site is optimized with the Yoast SEO plugin v27.5 - https:\/\/yoast.com\/product\/yoast-seo-wordpress\/ -->\n<title>SAMU : Un nouveau num\u00e9ro d\u2019urgence, le 15, pour des soins rapides en cas d\u2019accident ou de maladie \u00e0 Ouagadougou - La Tribune du Faso<\/title>\n<meta name=\"robots\" content=\"index, follow, max-snippet:-1, max-image-preview:large, max-video-preview:-1\" \/>\n<link rel=\"canonical\" href=\"https:\/\/www.latribunedufaso.net\/?p=19917\" \/>\n<meta property=\"og:locale\" content=\"fr_FR\" \/>\n<meta property=\"og:type\" content=\"article\" \/>\n<meta property=\"og:title\" content=\"SAMU : Un nouveau num\u00e9ro d\u2019urgence, le 15, pour des soins rapides en cas d\u2019accident ou de maladie \u00e0 Ouagadougou - La Tribune du Faso\" \/>\n<meta property=\"og:description\" content=\"Le minist\u00e8re de la Sant\u00e9, \u00e0 travers le Service d&rsquo;aide m\u00e9dicale urgente (SAMU) a organis\u00e9 le 10 avril 2025 \u00e0 Ouagadougou, le lancement officiel des activit\u00e9s dudit service. La c\u00e9r\u00e9monie a connu la pr\u00e9sence des membres du gouvernement. Elle \u00e9tait plac\u00e9e sous\u00a0le haut patronage du Premier ministre, Jean Emmanuel Ou\u00e9draogo, repr\u00e9sent\u00e9 par le ministre d\u2019\u00c9tat, ministre en charge de la D\u00e9fense, le g\u00e9n\u00e9ral de Brigade, C\u00e9lestin Simpor\u00e9.\" \/>\n<meta property=\"og:url\" content=\"https:\/\/www.latribunedufaso.net\/?p=19917\" \/>\n<meta property=\"og:site_name\" content=\"La Tribune du Faso\" \/>\n<meta property=\"article:publisher\" content=\"https:\/\/www.facebook.com\/LatribuneduFaso\/\" \/>\n<meta property=\"article:published_time\" content=\"2025-04-11T12:31:15+00:00\" \/>\n<meta property=\"og:image\" content=\"https:\/\/www.latribunedufaso.net\/wp-content\/uploads\/2025\/04\/IMG-20250411-WA0022.jpg\" \/>\n\t<meta property=\"og:image:width\" content=\"1280\" \/>\n\t<meta property=\"og:image:height\" content=\"960\" \/>\n\t<meta property=\"og:image:type\" content=\"image\/jpeg\" \/>\n<meta name=\"author\" content=\"Issouf Tapsoba\" \/>\n<meta name=\"twitter:label1\" content=\"\u00c9crit par\" \/>\n\t<meta name=\"twitter:data1\" content=\"Issouf Tapsoba\" \/>\n\t<meta name=\"twitter:label2\" content=\"Dur\u00e9e de lecture estim\u00e9e\" \/>\n\t<meta name=\"twitter:data2\" content=\"4 minutes\" \/>\n<script type=\"application\/ld+json\" class=\"yoast-schema-graph\">{\"@context\":\"https:\\\/\\\/schema.org\",\"@graph\":[{\"@type\":\"Article\",\"@id\":\"https:\\\/\\\/www.latribunedufaso.net\\\/?p=19917#article\",\"isPartOf\":{\"@id\":\"https:\\\/\\\/www.latribunedufaso.net\\\/?p=19917\"},\"author\":{\"name\":\"Issouf Tapsoba\",\"@id\":\"https:\\\/\\\/www.latribunedufaso.net\\\/#\\\/schema\\\/person\\\/e54e64c5778a7e72cf80a318b7a622b0\"},\"headline\":\"SAMU : Un nouveau num\u00e9ro d\u2019urgence, le 15, pour des soins rapides en cas d\u2019accident ou de maladie \u00e0 Ouagadougou\",\"datePublished\":\"2025-04-11T12:31:15+00:00\",\"mainEntityOfPage\":{\"@id\":\"https:\\\/\\\/www.latribunedufaso.net\\\/?p=19917\"},\"wordCount\":760,\"commentCount\":0,\"publisher\":{\"@id\":\"https:\\\/\\\/www.latribunedufaso.net\\\/#organization\"},\"image\":{\"@id\":\"https:\\\/\\\/www.latribunedufaso.net\\\/?p=19917#primaryimage\"},\"thumbnailUrl\":\"https:\\\/\\\/www.latribunedufaso.net\\\/wp-content\\\/uploads\\\/2025\\\/04\\\/IMG-20250411-WA0022.jpg\",\"keywords\":[\"latribunedufaso.net\",\"Sant\u00e9\",\"Service d'aide m\u00e9dicale urgente (SAMU)\"],\"articleSection\":[\"A la une\",\"Actualit\u00e9\",\"Sant\u00e9\"],\"inLanguage\":\"fr-FR\",\"potentialAction\":[{\"@type\":\"CommentAction\",\"name\":\"Comment\",\"target\":[\"https:\\\/\\\/www.latribunedufaso.net\\\/?p=19917#respond\"]}]},{\"@type\":\"WebPage\",\"@id\":\"https:\\\/\\\/www.latribunedufaso.net\\\/?p=19917\",\"url\":\"https:\\\/\\\/www.latribunedufaso.net\\\/?p=19917\",\"name\":\"SAMU : Un nouveau num\u00e9ro d\u2019urgence, le 15, pour des soins rapides en cas d\u2019accident ou de maladie \u00e0 Ouagadougou - La Tribune du Faso\",\"isPartOf\":{\"@id\":\"https:\\\/\\\/www.latribunedufaso.net\\\/#website\"},\"primaryImageOfPage\":{\"@id\":\"https:\\\/\\\/www.latribunedufaso.net\\\/?p=19917#primaryimage\"},\"image\":{\"@id\":\"https:\\\/\\\/www.latribunedufaso.net\\\/?p=19917#primaryimage\"},\"thumbnailUrl\":\"https:\\\/\\\/www.latribunedufaso.net\\\/wp-content\\\/uploads\\\/2025\\\/04\\\/IMG-20250411-WA0022.jpg\",\"datePublished\":\"2025-04-11T12:31:15+00:00\",\"breadcrumb\":{\"@id\":\"https:\\\/\\\/www.latribunedufaso.net\\\/?p=19917#breadcrumb\"},\"inLanguage\":\"fr-FR\",\"potentialAction\":[{\"@type\":\"ReadAction\",\"target\":[\"https:\\\/\\\/www.latribunedufaso.net\\\/?p=19917\"]}]},{\"@type\":\"ImageObject\",\"inLanguage\":\"fr-FR\",\"@id\":\"https:\\\/\\\/www.latribunedufaso.net\\\/?p=19917#primaryimage\",\"url\":\"https:\\\/\\\/www.latribunedufaso.net\\\/wp-content\\\/uploads\\\/2025\\\/04\\\/IMG-20250411-WA0022.jpg\",\"contentUrl\":\"https:\\\/\\\/www.latribunedufaso.net\\\/wp-content\\\/uploads\\\/2025\\\/04\\\/IMG-20250411-WA0022.jpg\",\"width\":1280,\"height\":960,\"caption\":\"Lancement des activit\u00e9s du Service d'aide m\u00e9dicale urgente (SAMU), 10 avril 2025 Ouagadougou\"},{\"@type\":\"BreadcrumbList\",\"@id\":\"https:\\\/\\\/www.latribunedufaso.net\\\/?p=19917#breadcrumb\",\"itemListElement\":[{\"@type\":\"ListItem\",\"position\":1,\"name\":\"Accueil\",\"item\":\"https:\\\/\\\/www.latribunedufaso.net\\\/\"},{\"@type\":\"ListItem\",\"position\":2,\"name\":\"SAMU : Un nouveau num\u00e9ro d\u2019urgence, le 15, pour des soins rapides en cas d\u2019accident ou de maladie \u00e0 Ouagadougou\"}]},{\"@type\":\"WebSite\",\"@id\":\"https:\\\/\\\/www.latribunedufaso.net\\\/#website\",\"url\":\"https:\\\/\\\/www.latribunedufaso.net\\\/\",\"name\":\"La Tribune du Faso\",\"description\":\"L&#039;information du monde rural en un clic\",\"publisher\":{\"@id\":\"https:\\\/\\\/www.latribunedufaso.net\\\/#organization\"},\"potentialAction\":[{\"@type\":\"SearchAction\",\"target\":{\"@type\":\"EntryPoint\",\"urlTemplate\":\"https:\\\/\\\/www.latribunedufaso.net\\\/?s={search_term_string}\"},\"query-input\":{\"@type\":\"PropertyValueSpecification\",\"valueRequired\":true,\"valueName\":\"search_term_string\"}}],\"inLanguage\":\"fr-FR\"},{\"@type\":\"Organization\",\"@id\":\"https:\\\/\\\/www.latribunedufaso.net\\\/#organization\",\"name\":\"La Tribune du Faso\",\"url\":\"https:\\\/\\\/www.latribunedufaso.net\\\/\",\"logo\":{\"@type\":\"ImageObject\",\"inLanguage\":\"fr-FR\",\"@id\":\"https:\\\/\\\/www.latribunedufaso.net\\\/#\\\/schema\\\/logo\\\/image\\\/\",\"url\":\"https:\\\/\\\/www.latribunedufaso.net\\\/wp-content\\\/uploads\\\/2020\\\/08\\\/Logo-Tribune-du-Faso-final-scaled.jpg\",\"contentUrl\":\"https:\\\/\\\/www.latribunedufaso.net\\\/wp-content\\\/uploads\\\/2020\\\/08\\\/Logo-Tribune-du-Faso-final-scaled.jpg\",\"width\":2560,\"height\":1856,\"caption\":\"La Tribune du Faso\"},\"image\":{\"@id\":\"https:\\\/\\\/www.latribunedufaso.net\\\/#\\\/schema\\\/logo\\\/image\\\/\"},\"sameAs\":[\"https:\\\/\\\/www.facebook.com\\\/LatribuneduFaso\\\/\"]},{\"@type\":\"Person\",\"@id\":\"https:\\\/\\\/www.latribunedufaso.net\\\/#\\\/schema\\\/person\\\/e54e64c5778a7e72cf80a318b7a622b0\",\"name\":\"Issouf Tapsoba\",\"image\":{\"@type\":\"ImageObject\",\"inLanguage\":\"fr-FR\",\"@id\":\"https:\\\/\\\/secure.gravatar.com\\\/avatar\\\/5e6c05150ce3230247d167f5b94d678eb05936197436d69b7921e3a95c9107ac?s=96&d=mm&r=g\",\"url\":\"https:\\\/\\\/secure.gravatar.com\\\/avatar\\\/5e6c05150ce3230247d167f5b94d678eb05936197436d69b7921e3a95c9107ac?s=96&d=mm&r=g\",\"contentUrl\":\"https:\\\/\\\/secure.gravatar.com\\\/avatar\\\/5e6c05150ce3230247d167f5b94d678eb05936197436d69b7921e3a95c9107ac?s=96&d=mm&r=g\",\"caption\":\"Issouf Tapsoba\"},\"url\":\"https:\\\/\\\/www.latribunedufaso.net\\\/?author=5\"}]}<\/script>\n<!-- \/ Yoast SEO plugin. -->","yoast_head_json":{"title":"SAMU : Un nouveau num\u00e9ro d\u2019urgence, le 15, pour des soins rapides en cas d\u2019accident ou de maladie \u00e0 Ouagadougou - La Tribune du Faso","robots":{"index":"index","follow":"follow","max-snippet":"max-snippet:-1","max-image-preview":"max-image-preview:large","max-video-preview":"max-video-preview:-1"},"canonical":"https:\/\/www.latribunedufaso.net\/?p=19917","og_locale":"fr_FR","og_type":"article","og_title":"SAMU : Un nouveau num\u00e9ro d\u2019urgence, le 15, pour des soins rapides en cas d\u2019accident ou de maladie \u00e0 Ouagadougou - La Tribune du Faso","og_description":"Le minist\u00e8re de la Sant\u00e9, \u00e0 travers le Service d&rsquo;aide m\u00e9dicale urgente (SAMU) a organis\u00e9 le 10 avril 2025 \u00e0 Ouagadougou, le lancement officiel des activit\u00e9s dudit service. La c\u00e9r\u00e9monie a connu la pr\u00e9sence des membres du gouvernement. Elle \u00e9tait plac\u00e9e sous\u00a0le haut patronage du Premier ministre, Jean Emmanuel Ou\u00e9draogo, repr\u00e9sent\u00e9 par le ministre d\u2019\u00c9tat, ministre en charge de la D\u00e9fense, le g\u00e9n\u00e9ral de Brigade, C\u00e9lestin Simpor\u00e9.","og_url":"https:\/\/www.latribunedufaso.net\/?p=19917","og_site_name":"La Tribune du Faso","article_publisher":"https:\/\/www.facebook.com\/LatribuneduFaso\/","article_published_time":"2025-04-11T12:31:15+00:00","og_image":[{"width":1280,"height":960,"url":"https:\/\/www.latribunedufaso.net\/wp-content\/uploads\/2025\/04\/IMG-20250411-WA0022.jpg","type":"image\/jpeg"}],"author":"Issouf Tapsoba","twitter_misc":{"\u00c9crit par":"Issouf Tapsoba","Dur\u00e9e de lecture estim\u00e9e":"4 minutes"},"schema":{"@context":"https:\/\/schema.org","@graph":[{"@type":"Article","@id":"https:\/\/www.latribunedufaso.net\/?p=19917#article","isPartOf":{"@id":"https:\/\/www.latribunedufaso.net\/?p=19917"},"author":{"name":"Issouf Tapsoba","@id":"https:\/\/www.latribunedufaso.net\/#\/schema\/person\/e54e64c5778a7e72cf80a318b7a622b0"},"headline":"SAMU : Un nouveau num\u00e9ro d\u2019urgence, le 15, pour des soins rapides en cas d\u2019accident ou de maladie \u00e0 Ouagadougou","datePublished":"2025-04-11T12:31:15+00:00","mainEntityOfPage":{"@id":"https:\/\/www.latribunedufaso.net\/?p=19917"},"wordCount":760,"commentCount":0,"publisher":{"@id":"https:\/\/www.latribunedufaso.net\/#organization"},"image":{"@id":"https:\/\/www.latribunedufaso.net\/?p=19917#primaryimage"},"thumbnailUrl":"https:\/\/www.latribunedufaso.net\/wp-content\/uploads\/2025\/04\/IMG-20250411-WA0022.jpg","keywords":["latribunedufaso.net","Sant\u00e9","Service d'aide m\u00e9dicale urgente (SAMU)"],"articleSection":["A la une","Actualit\u00e9","Sant\u00e9"],"inLanguage":"fr-FR","potentialAction":[{"@type":"CommentAction","name":"Comment","target":["https:\/\/www.latribunedufaso.net\/?p=19917#respond"]}]},{"@type":"WebPage","@id":"https:\/\/www.latribunedufaso.net\/?p=19917","url":"https:\/\/www.latribunedufaso.net\/?p=19917","name":"SAMU : Un nouveau num\u00e9ro d\u2019urgence, le 15, pour des soins rapides en cas d\u2019accident ou de maladie \u00e0 Ouagadougou - La Tribune du Faso","isPartOf":{"@id":"https:\/\/www.latribunedufaso.net\/#website"},"primaryImageOfPage":{"@id":"https:\/\/www.latribunedufaso.net\/?p=19917#primaryimage"},"image":{"@id":"https:\/\/www.latribunedufaso.net\/?p=19917#primaryimage"},"thumbnailUrl":"https:\/\/www.latribunedufaso.net\/wp-content\/uploads\/2025\/04\/IMG-20250411-WA0022.jpg","datePublished":"2025-04-11T12:31:15+00:00","breadcrumb":{"@id":"https:\/\/www.latribunedufaso.net\/?p=19917#breadcrumb"},"inLanguage":"fr-FR","potentialAction":[{"@type":"ReadAction","target":["https:\/\/www.latribunedufaso.net\/?p=19917"]}]},{"@type":"ImageObject","inLanguage":"fr-FR","@id":"https:\/\/www.latribunedufaso.net\/?p=19917#primaryimage","url":"https:\/\/www.latribunedufaso.net\/wp-content\/uploads\/2025\/04\/IMG-20250411-WA0022.jpg","contentUrl":"https:\/\/www.latribunedufaso.net\/wp-content\/uploads\/2025\/04\/IMG-20250411-WA0022.jpg","width":1280,"height":960,"caption":"Lancement des activit\u00e9s du Service d'aide m\u00e9dicale urgente (SAMU), 10 avril 2025 Ouagadougou"},{"@type":"BreadcrumbList","@id":"https:\/\/www.latribunedufaso.net\/?p=19917#breadcrumb","itemListElement":[{"@type":"ListItem","position":1,"name":"Accueil","item":"https:\/\/www.latribunedufaso.net\/"},{"@type":"ListItem","position":2,"name":"SAMU : Un nouveau num\u00e9ro d\u2019urgence, le 15, pour des soins rapides en cas d\u2019accident ou de maladie \u00e0 Ouagadougou"}]},{"@type":"WebSite","@id":"https:\/\/www.latribunedufaso.net\/#website","url":"https:\/\/www.latribunedufaso.net\/","name":"La Tribune du Faso","description":"L&#039;information du monde rural en un clic","publisher":{"@id":"https:\/\/www.latribunedufaso.net\/#organization"},"potentialAction":[{"@type":"SearchAction","target":{"@type":"EntryPoint","urlTemplate":"https:\/\/www.latribunedufaso.net\/?s={search_term_string}"},"query-input":{"@type":"PropertyValueSpecification","valueRequired":true,"valueName":"search_term_string"}}],"inLanguage":"fr-FR"},{"@type":"Organization","@id":"https:\/\/www.latribunedufaso.net\/#organization","name":"La Tribune du Faso","url":"https:\/\/www.latribunedufaso.net\/","logo":{"@type":"ImageObject","inLanguage":"fr-FR","@id":"https:\/\/www.latribunedufaso.net\/#\/schema\/logo\/image\/","url":"https:\/\/www.latribunedufaso.net\/wp-content\/uploads\/2020\/08\/Logo-Tribune-du-Faso-final-scaled.jpg","contentUrl":"https:\/\/www.latribunedufaso.net\/wp-content\/uploads\/2020\/08\/Logo-Tribune-du-Faso-final-scaled.jpg","width":2560,"height":1856,"caption":"La Tribune du Faso"},"image":{"@id":"https:\/\/www.latribunedufaso.net\/#\/schema\/logo\/image\/"},"sameAs":["https:\/\/www.facebook.com\/LatribuneduFaso\/"]},{"@type":"Person","@id":"https:\/\/www.latribunedufaso.net\/#\/schema\/person\/e54e64c5778a7e72cf80a318b7a622b0","name":"Issouf Tapsoba","image":{"@type":"ImageObject","inLanguage":"fr-FR","@id":"https:\/\/secure.gravatar.com\/avatar\/5e6c05150ce3230247d167f5b94d678eb05936197436d69b7921e3a95c9107ac?s=96&d=mm&r=g","url":"https:\/\/secure.gravatar.com\/avatar\/5e6c05150ce3230247d167f5b94d678eb05936197436d69b7921e3a95c9107ac?s=96&d=mm&r=g","contentUrl":"https:\/\/secure.gravatar.com\/avatar\/5e6c05150ce3230247d167f5b94d678eb05936197436d69b7921e3a95c9107ac?s=96&d=mm&r=g","caption":"Issouf Tapsoba"},"url":"https:\/\/www.latribunedufaso.net\/?author=5"}]}},"_links":{"self":[{"href":"https:\/\/www.latribunedufaso.net\/index.php?rest_route=\/wp\/v2\/posts\/19917","targetHints":{"allow":["GET"]}}],"collection":[{"href":"https:\/\/www.latribunedufaso.net\/index.php?rest_route=\/wp\/v2\/posts"}],"about":[{"href":"https:\/\/www.latribunedufaso.net\/index.php?rest_route=\/wp\/v2\/types\/post"}],"author":[{"embeddable":true,"href":"https:\/\/www.latribunedufaso.net\/index.php?rest_route=\/wp\/v2\/users\/5"}],"replies":[{"embeddable":true,"href":"https:\/\/www.latribunedufaso.net\/index.php?rest_route=%2Fwp%2Fv2%2Fcomments&post=19917"}],"version-history":[{"count":1,"href":"https:\/\/www.latribunedufaso.net\/index.php?rest_route=\/wp\/v2\/posts\/19917\/revisions"}],"predecessor-version":[{"id":19923,"href":"https:\/\/www.latribunedufaso.net\/index.php?rest_route=\/wp\/v2\/posts\/19917\/revisions\/19923"}],"wp:featuredmedia":[{"embeddable":true,"href":"https:\/\/www.latribunedufaso.net\/index.php?rest_route=\/wp\/v2\/media\/19920"}],"wp:attachment":[{"href":"https:\/\/www.latribunedufaso.net\/index.php?rest_route=%2Fwp%2Fv2%2Fmedia&parent=19917"}],"wp:term":[{"taxonomy":"category","embeddable":true,"href":"https:\/\/www.latribunedufaso.net\/index.php?rest_route=%2Fwp%2Fv2%2Fcategories&post=19917"},{"taxonomy":"post_tag","embeddable":true,"href":"https:\/\/www.latribunedufaso.net\/index.php?rest_route=%2Fwp%2Fv2%2Ftags&post=19917"}],"curies":[{"name":"wp","href":"https:\/\/api.w.org\/{rel}","templated":true}]}}