{"id":19901,"date":"2025-04-09T19:59:55","date_gmt":"2025-04-09T19:59:55","guid":{"rendered":"https:\/\/www.latribunedufaso.net\/?p=19901"},"modified":"2025-04-09T19:59:55","modified_gmt":"2025-04-09T19:59:55","slug":"conseil-des-ministres-creation-dune-societe-detat-denommee-faso-yaar","status":"publish","type":"post","link":"https:\/\/www.latribunedufaso.net\/?p=19901","title":{"rendered":"Conseil des ministres :\u00a0Cr\u00e9ation d\u2019une soci\u00e9t\u00e9 d\u2019\u00c9tat d\u00e9nomm\u00e9e Faso Yaar"},"content":{"rendered":"<p><strong>Le Pr\u00e9sident du Faso, Chef de l\u2019\u00c9tat, le Capitaine Ibrahim Traor\u00e9 a pr\u00e9sid\u00e9 le 9 avril 2025 \u00e0 Ouagadougou, l\u2019hebdomadaire Conseil des ministres. Lors du point fait \u00e0 la presse \u00e0 la fin des travaux, le ministre Porte-parole du gouvernement, Gilbert Ouedraogo a \u00e9voqu\u00e9 plusieurs rapports adopt\u00e9s et des d\u00e9cisions importantes prises pour la bonne marche de la Nation.<\/strong><!--more--><\/p>\n<p>Au titre du minist\u00e8re de l\u2019Agriculture, des Ressources animales et halieutiques, le Conseil a adopt\u00e9 un projet de loi relatif au contr\u00f4le des engrais. Ce projet de loi entend corriger les insuffisances de la loi de 2007 \u00e0 travers l\u2019introduction de plusieurs innovations, selon le ministre d\u00e9l\u00e9gu\u00e9 charg\u00e9 des Ressources animales, Amadou Dicko.<\/p>\n<figure id=\"attachment_19906\" aria-describedby=\"caption-attachment-19906\" style=\"width: 2560px\" class=\"wp-caption aligncenter\"><a href=\"https:\/\/www.latribunedufaso.net\/wp-content\/uploads\/2025\/04\/IMG-20250409-WA0030-scaled.jpg\"><img loading=\"lazy\" decoding=\"async\" class=\"size-full wp-image-19906\" src=\"https:\/\/www.latribunedufaso.net\/wp-content\/uploads\/2025\/04\/IMG-20250409-WA0030-scaled.jpg\" alt=\"Conseil des ministres du 9 avril 2025\" width=\"2560\" height=\"1919\" srcset=\"https:\/\/www.latribunedufaso.net\/wp-content\/uploads\/2025\/04\/IMG-20250409-WA0030-scaled.jpg 2560w, https:\/\/www.latribunedufaso.net\/wp-content\/uploads\/2025\/04\/IMG-20250409-WA0030-300x225.jpg 300w, https:\/\/www.latribunedufaso.net\/wp-content\/uploads\/2025\/04\/IMG-20250409-WA0030-1024x768.jpg 1024w, https:\/\/www.latribunedufaso.net\/wp-content\/uploads\/2025\/04\/IMG-20250409-WA0030-768x576.jpg 768w, https:\/\/www.latribunedufaso.net\/wp-content\/uploads\/2025\/04\/IMG-20250409-WA0030-1536x1151.jpg 1536w, https:\/\/www.latribunedufaso.net\/wp-content\/uploads\/2025\/04\/IMG-20250409-WA0030-2048x1535.jpg 2048w\" sizes=\"auto, (max-width: 2560px) 100vw, 2560px\" \/><\/a><figcaption id=\"caption-attachment-19906\" class=\"wp-caption-text\">Le ministre d\u00e9l\u00e9gu\u00e9 en charge des Ressources animales &#8211; Ph. DR<\/figcaption><\/figure>\n<p>Ce projet de loi prend en compte toutes les formes d\u2019engrais, consacre le monopole de l\u2019approvisionnement de l\u2019engrais \u00e0 la Soci\u00e9t\u00e9 burkinab\u00e8 d\u2019intrants et de mat\u00e9riels agropastoraux (SOBIMAP) et r\u00e9hausse les sanctions administratives et p\u00e9nales afin de lutter efficacement contre la fraude de l\u2019engrais.<\/p>\n<h3>L\u2019Agence Faso abattoir pour faire du Burkina, un pays exportateur de viande<\/h3>\n<p>Toujours pour le compte du minist\u00e8re de l\u2019Agriculture, des Ressources animales et halieutiques, le Conseil des ministres a adopt\u00e9 un d\u00e9cret portant cr\u00e9ation de l\u2019Agence Faso abattoir. Pour le ministre Dicko, cette agence sera charg\u00e9e de <em><strong>\u00ab centraliser et professionnaliser la gestion des abattoirs nationaux et r\u00e9gionaux, moderniser les infrastructures pour les aligner aux normes sanitaires et environnementales, d\u00e9velopper une logistique int\u00e9gr\u00e9e pour l\u2019approvisionnement en b\u00e9tail et la distribution des produits \u00bb.<\/strong><\/em> La cr\u00e9ation de l\u2019Agence Faso abattoir vise \u00e0 faire du Burkina Faso un pays exportateur de viande et non d\u2019animaux sur pieds.\u00a0<\/p>\n<h3>Une soci\u00e9t\u00e9 d\u2019\u00c9tat, Faso Yaar pour une grande accessibilit\u00e9 des produits de grande consommation<\/h3>\n<p>Au titre du minist\u00e8re de l\u2019Industrie, du Commerce et de l\u2019Artisanat, le Conseil a adopt\u00e9 quatre rapports. Le premier est relatif \u00e0 l\u2019adoption d\u2019un d\u00e9cret portant cr\u00e9ation d\u2019une soci\u00e9t\u00e9 d\u2019\u00c9tat d\u2019approvisionnement et de distribution de produits de grande consommation d\u00e9nomm\u00e9e Faso Yaar.\u00a0<\/p>\n<p>Selon le ministre de l\u2019Industrie, du Commerce et de l\u2019Artisanat, Serges Gnaniodem Poda, il s\u2019agit d\u2019une structure qui pourra contribuer \u00e0 disponibiliser les produits de grande consommation aux populations en respectant la r\u00e8glementation de distribution en la mati\u00e8re.<em><strong> \u00ab Cette soci\u00e9t\u00e9 est dot\u00e9e d\u2019un capital de 2 milliards FCFA enti\u00e8rement d\u00e9tenu par l\u2019\u00c9tat et ses d\u00e9membrements et viendra contribuer \u00e0 assainir les circuits de distribution du march\u00e9 int\u00e9rieur en mati\u00e8re de disponibilisation de produits de grande consommation \u00bb<\/strong><\/em>, indique le ministre Poda.<\/p>\n<figure id=\"attachment_19905\" aria-describedby=\"caption-attachment-19905\" style=\"width: 2560px\" class=\"wp-caption aligncenter\"><a href=\"https:\/\/www.latribunedufaso.net\/wp-content\/uploads\/2025\/04\/IMG-20250409-WA0032-scaled.jpg\"><img loading=\"lazy\" decoding=\"async\" class=\"size-full wp-image-19905\" src=\"https:\/\/www.latribunedufaso.net\/wp-content\/uploads\/2025\/04\/IMG-20250409-WA0032-scaled.jpg\" alt=\"Conseil des ministres du 9 avril 2025\" width=\"2560\" height=\"1988\" srcset=\"https:\/\/www.latribunedufaso.net\/wp-content\/uploads\/2025\/04\/IMG-20250409-WA0032-scaled.jpg 2560w, https:\/\/www.latribunedufaso.net\/wp-content\/uploads\/2025\/04\/IMG-20250409-WA0032-300x233.jpg 300w, https:\/\/www.latribunedufaso.net\/wp-content\/uploads\/2025\/04\/IMG-20250409-WA0032-1024x795.jpg 1024w, https:\/\/www.latribunedufaso.net\/wp-content\/uploads\/2025\/04\/IMG-20250409-WA0032-768x596.jpg 768w, https:\/\/www.latribunedufaso.net\/wp-content\/uploads\/2025\/04\/IMG-20250409-WA0032-1536x1193.jpg 1536w, https:\/\/www.latribunedufaso.net\/wp-content\/uploads\/2025\/04\/IMG-20250409-WA0032-2048x1590.jpg 2048w\" sizes=\"auto, (max-width: 2560px) 100vw, 2560px\" \/><\/a><figcaption id=\"caption-attachment-19905\" class=\"wp-caption-text\">Le ministre en charge du Commerce, Serges Poda &#8211; Ph. DR<\/figcaption><\/figure>\n<p>Le deuxi\u00e8me rapport, au titre de ce minist\u00e8re, est relatif \u00e0 l\u2019adoption des statuts de la soci\u00e9t\u00e9 Faso Yaar lui permettant de disposer d\u2019un instrument juridique pour l\u2019accomplissement de sa mission.<\/p>\n<h3>Subvention de 5 milliards au profit des producteurs de coton<\/h3>\n<p>Le troisi\u00e8me rapport pour le compte toujours du minist\u00e8re en charge du Commerce est relatif au bilan provisoire de la campagne cotonni\u00e8re 2024-2025 et les pr\u00e9visions de celle de 2025-2026. L\u2019objectif de production du coton graine au titre de la campagne 2025-2026 a \u00e9t\u00e9 fix\u00e9 \u00e0 550 mille tonnes au regard des avanc\u00e9es dans la reconqu\u00eate du territoire et des besoins de relance de la fili\u00e8re coton. Afin d\u2019encourager les acteurs \u00e0 la production, le Conseil des ministres a consenti une subvention de 5 milliards FCFA pour l\u2019acquisition des intrants agricoles au profit des producteurs de coton.\u00a0<\/p>\n<p>Le quatri\u00e8me rapport au titre du m\u00eame minist\u00e8re est relatif \u00e0 l\u2019adoption d\u2019un projet de d\u00e9cret portant d\u00e9claration d\u2019utilit\u00e9 publique urgente du foncier de la zone de port sec multimodal de Ouagadougou. Selon le ministre charg\u00e9 du Commerce, ce port sec aura \u00e0 terme un investissement de plus de 150 milliards FCFA et va s\u2019\u00e9tendre sur une superficie de 356 hectares dans la commune de Tanghin-Dassouri.\u00a0<\/p>\n<figure id=\"attachment_19904\" aria-describedby=\"caption-attachment-19904\" style=\"width: 1930px\" class=\"wp-caption aligncenter\"><a href=\"https:\/\/www.latribunedufaso.net\/wp-content\/uploads\/2025\/04\/IMG-20250409-WA0034-scaled.jpg\"><img loading=\"lazy\" decoding=\"async\" class=\"size-full wp-image-19904\" src=\"https:\/\/www.latribunedufaso.net\/wp-content\/uploads\/2025\/04\/IMG-20250409-WA0034-scaled.jpg\" alt=\"Conseil des ministres du 9 avril 2025\" width=\"1930\" height=\"2560\" srcset=\"https:\/\/www.latribunedufaso.net\/wp-content\/uploads\/2025\/04\/IMG-20250409-WA0034-scaled.jpg 1930w, https:\/\/www.latribunedufaso.net\/wp-content\/uploads\/2025\/04\/IMG-20250409-WA0034-226x300.jpg 226w, https:\/\/www.latribunedufaso.net\/wp-content\/uploads\/2025\/04\/IMG-20250409-WA0034-772x1024.jpg 772w, https:\/\/www.latribunedufaso.net\/wp-content\/uploads\/2025\/04\/IMG-20250409-WA0034-768x1018.jpg 768w, https:\/\/www.latribunedufaso.net\/wp-content\/uploads\/2025\/04\/IMG-20250409-WA0034-1158x1536.jpg 1158w, https:\/\/www.latribunedufaso.net\/wp-content\/uploads\/2025\/04\/IMG-20250409-WA0034-1544x2048.jpg 1544w\" sizes=\"auto, (max-width: 1930px) 100vw, 1930px\" \/><\/a><figcaption id=\"caption-attachment-19904\" class=\"wp-caption-text\">Le ministre en charge de la Sant\u00e9, Dr Robert Kargougou &#8211; Ph. DR<\/figcaption><\/figure>\n<p>Au titre du ministre de la Sant\u00e9, le Conseil des ministres a adopt\u00e9 un d\u00e9cret portant cr\u00e9ation du Centre hospitalier universitaire de Pala \u00e0 Bobo-Dioulasso dans la r\u00e9gion des Hauts-Bassins. Cet h\u00f4pital de 500 lits est le fruit de l\u2019exemplarit\u00e9 de la coop\u00e9ration entre la R\u00e9publique populaire de Chine et le Burkina Faso, indique le ministre de la Sant\u00e9, Robert Lucien Jean Claude Kargougou. Selon lui, cet h\u00f4pital de r\u00e9f\u00e9rence sera fonctionnel dans les mois \u00e0 venir.<\/p>\n<p><strong>latribunedufaso.net<\/strong><\/p>\n<p><strong>Source : Direction de la communication de la Pr\u00e9sidence du Faso<\/strong><\/p>\n","protected":false},"excerpt":{"rendered":"<p>Le Pr\u00e9sident du Faso, Chef de l\u2019\u00c9tat, le Capitaine Ibrahim Traor\u00e9 a pr\u00e9sid\u00e9 le 9 avril 2025 \u00e0 Ouagadougou, l\u2019hebdomadaire Conseil des ministres. Lors du point fait \u00e0 la presse \u00e0 la fin des travaux, le ministre Porte-parole du gouvernement, Gilbert Ouedraogo a \u00e9voqu\u00e9 plusieurs rapports adopt\u00e9s et des d\u00e9cisions importantes prises pour la bonne marche de la Nation.<\/p>\n","protected":false},"author":5,"featured_media":19903,"comment_status":"open","ping_status":"open","sticky":false,"template":"","format":"standard","meta":{"footnotes":""},"categories":[13,1,21,10,7],"tags":[79,873,39],"class_list":["post-19901","post","type-post","status-publish","format-standard","has-post-thumbnail","hentry","category-une","category-actu","category-conseil-des-ministres","category-eco","category-sante","tag-conseil-des-ministres","tag-hopital-de-pala-bobo-dioulasso","tag-latribunedufaso-net"],"yoast_head":"<!-- This site is optimized with the Yoast SEO plugin v27.4 - https:\/\/yoast.com\/product\/yoast-seo-wordpress\/ -->\n<title>Conseil des ministres :\u00a0Cr\u00e9ation d\u2019une soci\u00e9t\u00e9 d\u2019\u00c9tat d\u00e9nomm\u00e9e Faso Yaar - La Tribune du Faso<\/title>\n<meta name=\"robots\" content=\"index, follow, max-snippet:-1, max-image-preview:large, max-video-preview:-1\" \/>\n<link rel=\"canonical\" href=\"https:\/\/www.latribunedufaso.net\/?p=19901\" \/>\n<meta property=\"og:locale\" content=\"fr_FR\" \/>\n<meta property=\"og:type\" content=\"article\" \/>\n<meta property=\"og:title\" content=\"Conseil des ministres :\u00a0Cr\u00e9ation d\u2019une soci\u00e9t\u00e9 d\u2019\u00c9tat d\u00e9nomm\u00e9e Faso Yaar - La Tribune du Faso\" \/>\n<meta property=\"og:description\" content=\"Le Pr\u00e9sident du Faso, Chef de l\u2019\u00c9tat, le Capitaine Ibrahim Traor\u00e9 a pr\u00e9sid\u00e9 le 9 avril 2025 \u00e0 Ouagadougou, l\u2019hebdomadaire Conseil des ministres. Lors du point fait \u00e0 la presse \u00e0 la fin des travaux, le ministre Porte-parole du gouvernement, Gilbert Ouedraogo a \u00e9voqu\u00e9 plusieurs rapports adopt\u00e9s et des d\u00e9cisions importantes prises pour la bonne marche de la Nation.\" \/>\n<meta property=\"og:url\" content=\"https:\/\/www.latribunedufaso.net\/?p=19901\" \/>\n<meta property=\"og:site_name\" content=\"La Tribune du Faso\" \/>\n<meta property=\"article:publisher\" content=\"https:\/\/www.facebook.com\/LatribuneduFaso\/\" \/>\n<meta property=\"article:published_time\" content=\"2025-04-09T19:59:55+00:00\" \/>\n<meta property=\"og:image\" content=\"https:\/\/www.latribunedufaso.net\/wp-content\/uploads\/2025\/04\/IMG-20250409-WA0036-scaled.jpg\" \/>\n\t<meta property=\"og:image:width\" content=\"2560\" \/>\n\t<meta property=\"og:image:height\" content=\"1454\" \/>\n\t<meta property=\"og:image:type\" content=\"image\/jpeg\" \/>\n<meta name=\"author\" content=\"Issouf Tapsoba\" \/>\n<meta name=\"twitter:label1\" content=\"\u00c9crit par\" \/>\n\t<meta name=\"twitter:data1\" content=\"Issouf Tapsoba\" \/>\n\t<meta name=\"twitter:label2\" content=\"Dur\u00e9e de lecture estim\u00e9e\" \/>\n\t<meta name=\"twitter:data2\" content=\"4 minutes\" \/>\n<script type=\"application\/ld+json\" class=\"yoast-schema-graph\">{\"@context\":\"https:\\\/\\\/schema.org\",\"@graph\":[{\"@type\":\"Article\",\"@id\":\"https:\\\/\\\/www.latribunedufaso.net\\\/?p=19901#article\",\"isPartOf\":{\"@id\":\"https:\\\/\\\/www.latribunedufaso.net\\\/?p=19901\"},\"author\":{\"name\":\"Issouf Tapsoba\",\"@id\":\"https:\\\/\\\/www.latribunedufaso.net\\\/#\\\/schema\\\/person\\\/e54e64c5778a7e72cf80a318b7a622b0\"},\"headline\":\"Conseil des ministres :\u00a0Cr\u00e9ation d\u2019une soci\u00e9t\u00e9 d\u2019\u00c9tat d\u00e9nomm\u00e9e Faso Yaar\",\"datePublished\":\"2025-04-09T19:59:55+00:00\",\"mainEntityOfPage\":{\"@id\":\"https:\\\/\\\/www.latribunedufaso.net\\\/?p=19901\"},\"wordCount\":840,\"commentCount\":0,\"publisher\":{\"@id\":\"https:\\\/\\\/www.latribunedufaso.net\\\/#organization\"},\"image\":{\"@id\":\"https:\\\/\\\/www.latribunedufaso.net\\\/?p=19901#primaryimage\"},\"thumbnailUrl\":\"https:\\\/\\\/www.latribunedufaso.net\\\/wp-content\\\/uploads\\\/2025\\\/04\\\/IMG-20250409-WA0036-scaled.jpg\",\"keywords\":[\"conseil des ministres\",\"H\u00f4pital de Pala (Bobo Dioulasso)\",\"latribunedufaso.net\"],\"articleSection\":[\"A la une\",\"Actualit\u00e9\",\"Conseil des ministres\",\"Economie\",\"Sant\u00e9\"],\"inLanguage\":\"fr-FR\",\"potentialAction\":[{\"@type\":\"CommentAction\",\"name\":\"Comment\",\"target\":[\"https:\\\/\\\/www.latribunedufaso.net\\\/?p=19901#respond\"]}]},{\"@type\":\"WebPage\",\"@id\":\"https:\\\/\\\/www.latribunedufaso.net\\\/?p=19901\",\"url\":\"https:\\\/\\\/www.latribunedufaso.net\\\/?p=19901\",\"name\":\"Conseil des ministres :\u00a0Cr\u00e9ation d\u2019une soci\u00e9t\u00e9 d\u2019\u00c9tat d\u00e9nomm\u00e9e Faso Yaar - La Tribune du Faso\",\"isPartOf\":{\"@id\":\"https:\\\/\\\/www.latribunedufaso.net\\\/#website\"},\"primaryImageOfPage\":{\"@id\":\"https:\\\/\\\/www.latribunedufaso.net\\\/?p=19901#primaryimage\"},\"image\":{\"@id\":\"https:\\\/\\\/www.latribunedufaso.net\\\/?p=19901#primaryimage\"},\"thumbnailUrl\":\"https:\\\/\\\/www.latribunedufaso.net\\\/wp-content\\\/uploads\\\/2025\\\/04\\\/IMG-20250409-WA0036-scaled.jpg\",\"datePublished\":\"2025-04-09T19:59:55+00:00\",\"breadcrumb\":{\"@id\":\"https:\\\/\\\/www.latribunedufaso.net\\\/?p=19901#breadcrumb\"},\"inLanguage\":\"fr-FR\",\"potentialAction\":[{\"@type\":\"ReadAction\",\"target\":[\"https:\\\/\\\/www.latribunedufaso.net\\\/?p=19901\"]}]},{\"@type\":\"ImageObject\",\"inLanguage\":\"fr-FR\",\"@id\":\"https:\\\/\\\/www.latribunedufaso.net\\\/?p=19901#primaryimage\",\"url\":\"https:\\\/\\\/www.latribunedufaso.net\\\/wp-content\\\/uploads\\\/2025\\\/04\\\/IMG-20250409-WA0036-scaled.jpg\",\"contentUrl\":\"https:\\\/\\\/www.latribunedufaso.net\\\/wp-content\\\/uploads\\\/2025\\\/04\\\/IMG-20250409-WA0036-scaled.jpg\",\"width\":2560,\"height\":1454,\"caption\":\"Conseil des ministres du 9 avril 2025\"},{\"@type\":\"BreadcrumbList\",\"@id\":\"https:\\\/\\\/www.latribunedufaso.net\\\/?p=19901#breadcrumb\",\"itemListElement\":[{\"@type\":\"ListItem\",\"position\":1,\"name\":\"Accueil\",\"item\":\"https:\\\/\\\/www.latribunedufaso.net\\\/\"},{\"@type\":\"ListItem\",\"position\":2,\"name\":\"Conseil des ministres :\u00a0Cr\u00e9ation d\u2019une soci\u00e9t\u00e9 d\u2019\u00c9tat d\u00e9nomm\u00e9e Faso Yaar\"}]},{\"@type\":\"WebSite\",\"@id\":\"https:\\\/\\\/www.latribunedufaso.net\\\/#website\",\"url\":\"https:\\\/\\\/www.latribunedufaso.net\\\/\",\"name\":\"La Tribune du Faso\",\"description\":\"L&#039;information du monde rural en un clic\",\"publisher\":{\"@id\":\"https:\\\/\\\/www.latribunedufaso.net\\\/#organization\"},\"potentialAction\":[{\"@type\":\"SearchAction\",\"target\":{\"@type\":\"EntryPoint\",\"urlTemplate\":\"https:\\\/\\\/www.latribunedufaso.net\\\/?s={search_term_string}\"},\"query-input\":{\"@type\":\"PropertyValueSpecification\",\"valueRequired\":true,\"valueName\":\"search_term_string\"}}],\"inLanguage\":\"fr-FR\"},{\"@type\":\"Organization\",\"@id\":\"https:\\\/\\\/www.latribunedufaso.net\\\/#organization\",\"name\":\"La Tribune du Faso\",\"url\":\"https:\\\/\\\/www.latribunedufaso.net\\\/\",\"logo\":{\"@type\":\"ImageObject\",\"inLanguage\":\"fr-FR\",\"@id\":\"https:\\\/\\\/www.latribunedufaso.net\\\/#\\\/schema\\\/logo\\\/image\\\/\",\"url\":\"https:\\\/\\\/www.latribunedufaso.net\\\/wp-content\\\/uploads\\\/2020\\\/08\\\/Logo-Tribune-du-Faso-final-scaled.jpg\",\"contentUrl\":\"https:\\\/\\\/www.latribunedufaso.net\\\/wp-content\\\/uploads\\\/2020\\\/08\\\/Logo-Tribune-du-Faso-final-scaled.jpg\",\"width\":2560,\"height\":1856,\"caption\":\"La Tribune du Faso\"},\"image\":{\"@id\":\"https:\\\/\\\/www.latribunedufaso.net\\\/#\\\/schema\\\/logo\\\/image\\\/\"},\"sameAs\":[\"https:\\\/\\\/www.facebook.com\\\/LatribuneduFaso\\\/\"]},{\"@type\":\"Person\",\"@id\":\"https:\\\/\\\/www.latribunedufaso.net\\\/#\\\/schema\\\/person\\\/e54e64c5778a7e72cf80a318b7a622b0\",\"name\":\"Issouf Tapsoba\",\"image\":{\"@type\":\"ImageObject\",\"inLanguage\":\"fr-FR\",\"@id\":\"https:\\\/\\\/secure.gravatar.com\\\/avatar\\\/5e6c05150ce3230247d167f5b94d678eb05936197436d69b7921e3a95c9107ac?s=96&d=mm&r=g\",\"url\":\"https:\\\/\\\/secure.gravatar.com\\\/avatar\\\/5e6c05150ce3230247d167f5b94d678eb05936197436d69b7921e3a95c9107ac?s=96&d=mm&r=g\",\"contentUrl\":\"https:\\\/\\\/secure.gravatar.com\\\/avatar\\\/5e6c05150ce3230247d167f5b94d678eb05936197436d69b7921e3a95c9107ac?s=96&d=mm&r=g\",\"caption\":\"Issouf Tapsoba\"},\"url\":\"https:\\\/\\\/www.latribunedufaso.net\\\/?author=5\"}]}<\/script>\n<!-- \/ Yoast SEO plugin. -->","yoast_head_json":{"title":"Conseil des ministres :\u00a0Cr\u00e9ation d\u2019une soci\u00e9t\u00e9 d\u2019\u00c9tat d\u00e9nomm\u00e9e Faso Yaar - La Tribune du Faso","robots":{"index":"index","follow":"follow","max-snippet":"max-snippet:-1","max-image-preview":"max-image-preview:large","max-video-preview":"max-video-preview:-1"},"canonical":"https:\/\/www.latribunedufaso.net\/?p=19901","og_locale":"fr_FR","og_type":"article","og_title":"Conseil des ministres :\u00a0Cr\u00e9ation d\u2019une soci\u00e9t\u00e9 d\u2019\u00c9tat d\u00e9nomm\u00e9e Faso Yaar - La Tribune du Faso","og_description":"Le Pr\u00e9sident du Faso, Chef de l\u2019\u00c9tat, le Capitaine Ibrahim Traor\u00e9 a pr\u00e9sid\u00e9 le 9 avril 2025 \u00e0 Ouagadougou, l\u2019hebdomadaire Conseil des ministres. Lors du point fait \u00e0 la presse \u00e0 la fin des travaux, le ministre Porte-parole du gouvernement, Gilbert Ouedraogo a \u00e9voqu\u00e9 plusieurs rapports adopt\u00e9s et des d\u00e9cisions importantes prises pour la bonne marche de la Nation.","og_url":"https:\/\/www.latribunedufaso.net\/?p=19901","og_site_name":"La Tribune du Faso","article_publisher":"https:\/\/www.facebook.com\/LatribuneduFaso\/","article_published_time":"2025-04-09T19:59:55+00:00","og_image":[{"width":2560,"height":1454,"url":"https:\/\/www.latribunedufaso.net\/wp-content\/uploads\/2025\/04\/IMG-20250409-WA0036-scaled.jpg","type":"image\/jpeg"}],"author":"Issouf Tapsoba","twitter_misc":{"\u00c9crit par":"Issouf Tapsoba","Dur\u00e9e de lecture estim\u00e9e":"4 minutes"},"schema":{"@context":"https:\/\/schema.org","@graph":[{"@type":"Article","@id":"https:\/\/www.latribunedufaso.net\/?p=19901#article","isPartOf":{"@id":"https:\/\/www.latribunedufaso.net\/?p=19901"},"author":{"name":"Issouf Tapsoba","@id":"https:\/\/www.latribunedufaso.net\/#\/schema\/person\/e54e64c5778a7e72cf80a318b7a622b0"},"headline":"Conseil des ministres :\u00a0Cr\u00e9ation d\u2019une soci\u00e9t\u00e9 d\u2019\u00c9tat d\u00e9nomm\u00e9e Faso Yaar","datePublished":"2025-04-09T19:59:55+00:00","mainEntityOfPage":{"@id":"https:\/\/www.latribunedufaso.net\/?p=19901"},"wordCount":840,"commentCount":0,"publisher":{"@id":"https:\/\/www.latribunedufaso.net\/#organization"},"image":{"@id":"https:\/\/www.latribunedufaso.net\/?p=19901#primaryimage"},"thumbnailUrl":"https:\/\/www.latribunedufaso.net\/wp-content\/uploads\/2025\/04\/IMG-20250409-WA0036-scaled.jpg","keywords":["conseil des ministres","H\u00f4pital de Pala (Bobo Dioulasso)","latribunedufaso.net"],"articleSection":["A la une","Actualit\u00e9","Conseil des ministres","Economie","Sant\u00e9"],"inLanguage":"fr-FR","potentialAction":[{"@type":"CommentAction","name":"Comment","target":["https:\/\/www.latribunedufaso.net\/?p=19901#respond"]}]},{"@type":"WebPage","@id":"https:\/\/www.latribunedufaso.net\/?p=19901","url":"https:\/\/www.latribunedufaso.net\/?p=19901","name":"Conseil des ministres :\u00a0Cr\u00e9ation d\u2019une soci\u00e9t\u00e9 d\u2019\u00c9tat d\u00e9nomm\u00e9e Faso Yaar - La Tribune du Faso","isPartOf":{"@id":"https:\/\/www.latribunedufaso.net\/#website"},"primaryImageOfPage":{"@id":"https:\/\/www.latribunedufaso.net\/?p=19901#primaryimage"},"image":{"@id":"https:\/\/www.latribunedufaso.net\/?p=19901#primaryimage"},"thumbnailUrl":"https:\/\/www.latribunedufaso.net\/wp-content\/uploads\/2025\/04\/IMG-20250409-WA0036-scaled.jpg","datePublished":"2025-04-09T19:59:55+00:00","breadcrumb":{"@id":"https:\/\/www.latribunedufaso.net\/?p=19901#breadcrumb"},"inLanguage":"fr-FR","potentialAction":[{"@type":"ReadAction","target":["https:\/\/www.latribunedufaso.net\/?p=19901"]}]},{"@type":"ImageObject","inLanguage":"fr-FR","@id":"https:\/\/www.latribunedufaso.net\/?p=19901#primaryimage","url":"https:\/\/www.latribunedufaso.net\/wp-content\/uploads\/2025\/04\/IMG-20250409-WA0036-scaled.jpg","contentUrl":"https:\/\/www.latribunedufaso.net\/wp-content\/uploads\/2025\/04\/IMG-20250409-WA0036-scaled.jpg","width":2560,"height":1454,"caption":"Conseil des ministres du 9 avril 2025"},{"@type":"BreadcrumbList","@id":"https:\/\/www.latribunedufaso.net\/?p=19901#breadcrumb","itemListElement":[{"@type":"ListItem","position":1,"name":"Accueil","item":"https:\/\/www.latribunedufaso.net\/"},{"@type":"ListItem","position":2,"name":"Conseil des ministres :\u00a0Cr\u00e9ation d\u2019une soci\u00e9t\u00e9 d\u2019\u00c9tat d\u00e9nomm\u00e9e Faso Yaar"}]},{"@type":"WebSite","@id":"https:\/\/www.latribunedufaso.net\/#website","url":"https:\/\/www.latribunedufaso.net\/","name":"La Tribune du Faso","description":"L&#039;information du monde rural en un clic","publisher":{"@id":"https:\/\/www.latribunedufaso.net\/#organization"},"potentialAction":[{"@type":"SearchAction","target":{"@type":"EntryPoint","urlTemplate":"https:\/\/www.latribunedufaso.net\/?s={search_term_string}"},"query-input":{"@type":"PropertyValueSpecification","valueRequired":true,"valueName":"search_term_string"}}],"inLanguage":"fr-FR"},{"@type":"Organization","@id":"https:\/\/www.latribunedufaso.net\/#organization","name":"La Tribune du Faso","url":"https:\/\/www.latribunedufaso.net\/","logo":{"@type":"ImageObject","inLanguage":"fr-FR","@id":"https:\/\/www.latribunedufaso.net\/#\/schema\/logo\/image\/","url":"https:\/\/www.latribunedufaso.net\/wp-content\/uploads\/2020\/08\/Logo-Tribune-du-Faso-final-scaled.jpg","contentUrl":"https:\/\/www.latribunedufaso.net\/wp-content\/uploads\/2020\/08\/Logo-Tribune-du-Faso-final-scaled.jpg","width":2560,"height":1856,"caption":"La Tribune du Faso"},"image":{"@id":"https:\/\/www.latribunedufaso.net\/#\/schema\/logo\/image\/"},"sameAs":["https:\/\/www.facebook.com\/LatribuneduFaso\/"]},{"@type":"Person","@id":"https:\/\/www.latribunedufaso.net\/#\/schema\/person\/e54e64c5778a7e72cf80a318b7a622b0","name":"Issouf Tapsoba","image":{"@type":"ImageObject","inLanguage":"fr-FR","@id":"https:\/\/secure.gravatar.com\/avatar\/5e6c05150ce3230247d167f5b94d678eb05936197436d69b7921e3a95c9107ac?s=96&d=mm&r=g","url":"https:\/\/secure.gravatar.com\/avatar\/5e6c05150ce3230247d167f5b94d678eb05936197436d69b7921e3a95c9107ac?s=96&d=mm&r=g","contentUrl":"https:\/\/secure.gravatar.com\/avatar\/5e6c05150ce3230247d167f5b94d678eb05936197436d69b7921e3a95c9107ac?s=96&d=mm&r=g","caption":"Issouf Tapsoba"},"url":"https:\/\/www.latribunedufaso.net\/?author=5"}]}},"_links":{"self":[{"href":"https:\/\/www.latribunedufaso.net\/index.php?rest_route=\/wp\/v2\/posts\/19901","targetHints":{"allow":["GET"]}}],"collection":[{"href":"https:\/\/www.latribunedufaso.net\/index.php?rest_route=\/wp\/v2\/posts"}],"about":[{"href":"https:\/\/www.latribunedufaso.net\/index.php?rest_route=\/wp\/v2\/types\/post"}],"author":[{"embeddable":true,"href":"https:\/\/www.latribunedufaso.net\/index.php?rest_route=\/wp\/v2\/users\/5"}],"replies":[{"embeddable":true,"href":"https:\/\/www.latribunedufaso.net\/index.php?rest_route=%2Fwp%2Fv2%2Fcomments&post=19901"}],"version-history":[{"count":2,"href":"https:\/\/www.latribunedufaso.net\/index.php?rest_route=\/wp\/v2\/posts\/19901\/revisions"}],"predecessor-version":[{"id":19907,"href":"https:\/\/www.latribunedufaso.net\/index.php?rest_route=\/wp\/v2\/posts\/19901\/revisions\/19907"}],"wp:featuredmedia":[{"embeddable":true,"href":"https:\/\/www.latribunedufaso.net\/index.php?rest_route=\/wp\/v2\/media\/19903"}],"wp:attachment":[{"href":"https:\/\/www.latribunedufaso.net\/index.php?rest_route=%2Fwp%2Fv2%2Fmedia&parent=19901"}],"wp:term":[{"taxonomy":"category","embeddable":true,"href":"https:\/\/www.latribunedufaso.net\/index.php?rest_route=%2Fwp%2Fv2%2Fcategories&post=19901"},{"taxonomy":"post_tag","embeddable":true,"href":"https:\/\/www.latribunedufaso.net\/index.php?rest_route=%2Fwp%2Fv2%2Ftags&post=19901"}],"curies":[{"name":"wp","href":"https:\/\/api.w.org\/{rel}","templated":true}]}}