{"id":19893,"date":"2025-04-09T16:13:27","date_gmt":"2025-04-09T16:13:27","guid":{"rendered":"https:\/\/www.latribunedufaso.net\/?p=19893"},"modified":"2025-04-09T16:13:27","modified_gmt":"2025-04-09T16:13:27","slug":"tension-mali-algerie-la-cedeao-appelle-les-2-pays-a-favoriser-le-dialogue-pour-regler-leurs-differends","status":"publish","type":"post","link":"https:\/\/www.latribunedufaso.net\/?p=19893","title":{"rendered":"Tension Mali-Alg\u00e9rie : La CEDEAO appelle les 2 pays \u00e0 favoriser le dialogue pour r\u00e9gler leurs diff\u00e9rends"},"content":{"rendered":"<p><strong>Inqui\u00e8te des tensions diplomatiques ces derniers jours entre le Mali et l\u2019Alg\u00e9rie, la Commission de la Communaut\u00e9 \u00e9conomique des Etats de l\u2019Afrique de l\u2019Ouest (CEDEAO) a appel\u00e9, \u00e0 travers un communiqu\u00e9 de presse, ce 09 avril 2025, \u00e0 favoriser le dialogue pour r\u00e9gler leurs diff\u00e9rends.<\/strong><!--more--><\/p>\n<p>Dans un communiqu\u00e9 de presse sign\u00e9 ce 09 avril 2025 \u00e0 Abuja, la Commission de la Communaut\u00e9 \u00e9conomique des Etats de l\u2019Afrique de l\u2019Ouest (CEDEAO) a annonc\u00e9 suivre avec inqui\u00e9tude les r\u00e9cents d\u00e9veloppements qui ont affect\u00e9 les relations entre la R\u00e9publique du Mali et la R\u00e9publique Alg\u00e9rienne D\u00e9mocratique et Populaire, tels qu\u2019ils ont \u00e9t\u00e9 communiqu\u00e9s \u00e0 travers les diff\u00e9rents communiqu\u00e9s publi\u00e9s par les deux pays ces derniers jours.<\/p>\n<p>Au nom de ses \u00c9tats membres, la commission exprime sa profonde pr\u00e9occupation face \u00e0 cette situation. Elle lance un appel au Mali et \u00e0 l\u2019Alg\u00e9rie \u00e0 d\u00e9samorcer la tension, \u00e0 favoriser le dialogue et \u00e0 utiliser les m\u00e9canismes r\u00e9gionaux et continentaux pour r\u00e9gler les diff\u00e9rends.<\/p>\n<p>Il faut rappeler que les relations diplomatiques entre le Mali et l\u2019Alg\u00e9rie sont marqu\u00e9es par une crise ces derniers jours. Cause, l\u2019Alg\u00e9rie a abattu un drone malien qui serait entr\u00e9 dans son espace a\u00e9rien sans autorisation.<\/p>\n<p><strong>latribunedufaso.net<\/strong><\/p>\n","protected":false},"excerpt":{"rendered":"<p>Inqui\u00e8te des tensions diplomatiques ces derniers jours entre le Mali et l\u2019Alg\u00e9rie, la Commission de la Communaut\u00e9 \u00e9conomique des Etats de l\u2019Afrique de l\u2019Ouest (CEDEAO) a appel\u00e9, \u00e0 travers un communiqu\u00e9 de presse, ce 09 avril 2025, \u00e0 favoriser le dialogue pour r\u00e9gler leurs diff\u00e9rends.<\/p>\n","protected":false},"author":5,"featured_media":19894,"comment_status":"open","ping_status":"open","sticky":false,"template":"","format":"standard","meta":{"footnotes":""},"categories":[13,1,8],"tags":[39,871],"class_list":["post-19893","post","type-post","status-publish","format-standard","has-post-thumbnail","hentry","category-une","category-actu","category-societe","tag-latribunedufaso-net","tag-tension-algerie-mali"],"yoast_head":"<!-- This site is optimized with the Yoast SEO plugin v27.5 - https:\/\/yoast.com\/product\/yoast-seo-wordpress\/ -->\n<title>Tension Mali-Alg\u00e9rie : La CEDEAO appelle les 2 pays \u00e0 favoriser le dialogue pour r\u00e9gler leurs diff\u00e9rends - La Tribune du Faso<\/title>\n<meta name=\"robots\" content=\"index, follow, max-snippet:-1, max-image-preview:large, max-video-preview:-1\" \/>\n<link rel=\"canonical\" href=\"https:\/\/www.latribunedufaso.net\/?p=19893\" \/>\n<meta property=\"og:locale\" content=\"fr_FR\" \/>\n<meta property=\"og:type\" content=\"article\" \/>\n<meta property=\"og:title\" content=\"Tension Mali-Alg\u00e9rie : La CEDEAO appelle les 2 pays \u00e0 favoriser le dialogue pour r\u00e9gler leurs diff\u00e9rends - La Tribune du Faso\" \/>\n<meta property=\"og:description\" content=\"Inqui\u00e8te des tensions diplomatiques ces derniers jours entre le Mali et l\u2019Alg\u00e9rie, la Commission de la Communaut\u00e9 \u00e9conomique des Etats de l\u2019Afrique de l\u2019Ouest (CEDEAO) a appel\u00e9, \u00e0 travers un communiqu\u00e9 de presse, ce 09 avril 2025, \u00e0 favoriser le dialogue pour r\u00e9gler leurs diff\u00e9rends.\" \/>\n<meta property=\"og:url\" content=\"https:\/\/www.latribunedufaso.net\/?p=19893\" \/>\n<meta property=\"og:site_name\" content=\"La Tribune du Faso\" \/>\n<meta property=\"article:publisher\" content=\"https:\/\/www.facebook.com\/LatribuneduFaso\/\" \/>\n<meta property=\"article:published_time\" content=\"2025-04-09T16:13:27+00:00\" \/>\n<meta property=\"og:image\" content=\"https:\/\/www.latribunedufaso.net\/wp-content\/uploads\/2025\/04\/Vide-2-panneaux-Portraits-Bande-dessinee_20250409_161125_0000.png\" \/>\n\t<meta property=\"og:image:width\" content=\"2000\" \/>\n\t<meta property=\"og:image:height\" content=\"1600\" \/>\n\t<meta property=\"og:image:type\" content=\"image\/png\" \/>\n<meta name=\"author\" content=\"Issouf Tapsoba\" \/>\n<meta name=\"twitter:label1\" content=\"\u00c9crit par\" \/>\n\t<meta name=\"twitter:data1\" content=\"Issouf Tapsoba\" \/>\n\t<meta name=\"twitter:label2\" content=\"Dur\u00e9e de lecture estim\u00e9e\" \/>\n\t<meta name=\"twitter:data2\" content=\"1 minute\" \/>\n<script type=\"application\/ld+json\" class=\"yoast-schema-graph\">{\"@context\":\"https:\\\/\\\/schema.org\",\"@graph\":[{\"@type\":\"Article\",\"@id\":\"https:\\\/\\\/www.latribunedufaso.net\\\/?p=19893#article\",\"isPartOf\":{\"@id\":\"https:\\\/\\\/www.latribunedufaso.net\\\/?p=19893\"},\"author\":{\"name\":\"Issouf Tapsoba\",\"@id\":\"https:\\\/\\\/www.latribunedufaso.net\\\/#\\\/schema\\\/person\\\/e54e64c5778a7e72cf80a318b7a622b0\"},\"headline\":\"Tension Mali-Alg\u00e9rie : La CEDEAO appelle les 2 pays \u00e0 favoriser le dialogue pour r\u00e9gler leurs diff\u00e9rends\",\"datePublished\":\"2025-04-09T16:13:27+00:00\",\"mainEntityOfPage\":{\"@id\":\"https:\\\/\\\/www.latribunedufaso.net\\\/?p=19893\"},\"wordCount\":235,\"commentCount\":0,\"publisher\":{\"@id\":\"https:\\\/\\\/www.latribunedufaso.net\\\/#organization\"},\"image\":{\"@id\":\"https:\\\/\\\/www.latribunedufaso.net\\\/?p=19893#primaryimage\"},\"thumbnailUrl\":\"https:\\\/\\\/www.latribunedufaso.net\\\/wp-content\\\/uploads\\\/2025\\\/04\\\/Vide-2-panneaux-Portraits-Bande-dessinee_20250409_161125_0000.png\",\"keywords\":[\"latribunedufaso.net\",\"Tension Alg\u00e9rie-Mali\"],\"articleSection\":[\"A la une\",\"Actualit\u00e9\",\"Soci\u00e9t\u00e9\"],\"inLanguage\":\"fr-FR\",\"potentialAction\":[{\"@type\":\"CommentAction\",\"name\":\"Comment\",\"target\":[\"https:\\\/\\\/www.latribunedufaso.net\\\/?p=19893#respond\"]}]},{\"@type\":\"WebPage\",\"@id\":\"https:\\\/\\\/www.latribunedufaso.net\\\/?p=19893\",\"url\":\"https:\\\/\\\/www.latribunedufaso.net\\\/?p=19893\",\"name\":\"Tension Mali-Alg\u00e9rie : La CEDEAO appelle les 2 pays \u00e0 favoriser le dialogue pour r\u00e9gler leurs diff\u00e9rends - La Tribune du Faso\",\"isPartOf\":{\"@id\":\"https:\\\/\\\/www.latribunedufaso.net\\\/#website\"},\"primaryImageOfPage\":{\"@id\":\"https:\\\/\\\/www.latribunedufaso.net\\\/?p=19893#primaryimage\"},\"image\":{\"@id\":\"https:\\\/\\\/www.latribunedufaso.net\\\/?p=19893#primaryimage\"},\"thumbnailUrl\":\"https:\\\/\\\/www.latribunedufaso.net\\\/wp-content\\\/uploads\\\/2025\\\/04\\\/Vide-2-panneaux-Portraits-Bande-dessinee_20250409_161125_0000.png\",\"datePublished\":\"2025-04-09T16:13:27+00:00\",\"breadcrumb\":{\"@id\":\"https:\\\/\\\/www.latribunedufaso.net\\\/?p=19893#breadcrumb\"},\"inLanguage\":\"fr-FR\",\"potentialAction\":[{\"@type\":\"ReadAction\",\"target\":[\"https:\\\/\\\/www.latribunedufaso.net\\\/?p=19893\"]}]},{\"@type\":\"ImageObject\",\"inLanguage\":\"fr-FR\",\"@id\":\"https:\\\/\\\/www.latribunedufaso.net\\\/?p=19893#primaryimage\",\"url\":\"https:\\\/\\\/www.latribunedufaso.net\\\/wp-content\\\/uploads\\\/2025\\\/04\\\/Vide-2-panneaux-Portraits-Bande-dessinee_20250409_161125_0000.png\",\"contentUrl\":\"https:\\\/\\\/www.latribunedufaso.net\\\/wp-content\\\/uploads\\\/2025\\\/04\\\/Vide-2-panneaux-Portraits-Bande-dessinee_20250409_161125_0000.png\",\"width\":2000,\"height\":1600,\"caption\":\"Image illustrative tension Alg\u00e9rie Mali\"},{\"@type\":\"BreadcrumbList\",\"@id\":\"https:\\\/\\\/www.latribunedufaso.net\\\/?p=19893#breadcrumb\",\"itemListElement\":[{\"@type\":\"ListItem\",\"position\":1,\"name\":\"Accueil\",\"item\":\"https:\\\/\\\/www.latribunedufaso.net\\\/\"},{\"@type\":\"ListItem\",\"position\":2,\"name\":\"Tension Mali-Alg\u00e9rie : La CEDEAO appelle les 2 pays \u00e0 favoriser le dialogue pour r\u00e9gler leurs diff\u00e9rends\"}]},{\"@type\":\"WebSite\",\"@id\":\"https:\\\/\\\/www.latribunedufaso.net\\\/#website\",\"url\":\"https:\\\/\\\/www.latribunedufaso.net\\\/\",\"name\":\"La Tribune du Faso\",\"description\":\"L&#039;information du monde rural en un clic\",\"publisher\":{\"@id\":\"https:\\\/\\\/www.latribunedufaso.net\\\/#organization\"},\"potentialAction\":[{\"@type\":\"SearchAction\",\"target\":{\"@type\":\"EntryPoint\",\"urlTemplate\":\"https:\\\/\\\/www.latribunedufaso.net\\\/?s={search_term_string}\"},\"query-input\":{\"@type\":\"PropertyValueSpecification\",\"valueRequired\":true,\"valueName\":\"search_term_string\"}}],\"inLanguage\":\"fr-FR\"},{\"@type\":\"Organization\",\"@id\":\"https:\\\/\\\/www.latribunedufaso.net\\\/#organization\",\"name\":\"La Tribune du Faso\",\"url\":\"https:\\\/\\\/www.latribunedufaso.net\\\/\",\"logo\":{\"@type\":\"ImageObject\",\"inLanguage\":\"fr-FR\",\"@id\":\"https:\\\/\\\/www.latribunedufaso.net\\\/#\\\/schema\\\/logo\\\/image\\\/\",\"url\":\"https:\\\/\\\/www.latribunedufaso.net\\\/wp-content\\\/uploads\\\/2020\\\/08\\\/Logo-Tribune-du-Faso-final-scaled.jpg\",\"contentUrl\":\"https:\\\/\\\/www.latribunedufaso.net\\\/wp-content\\\/uploads\\\/2020\\\/08\\\/Logo-Tribune-du-Faso-final-scaled.jpg\",\"width\":2560,\"height\":1856,\"caption\":\"La Tribune du Faso\"},\"image\":{\"@id\":\"https:\\\/\\\/www.latribunedufaso.net\\\/#\\\/schema\\\/logo\\\/image\\\/\"},\"sameAs\":[\"https:\\\/\\\/www.facebook.com\\\/LatribuneduFaso\\\/\"]},{\"@type\":\"Person\",\"@id\":\"https:\\\/\\\/www.latribunedufaso.net\\\/#\\\/schema\\\/person\\\/e54e64c5778a7e72cf80a318b7a622b0\",\"name\":\"Issouf Tapsoba\",\"image\":{\"@type\":\"ImageObject\",\"inLanguage\":\"fr-FR\",\"@id\":\"https:\\\/\\\/secure.gravatar.com\\\/avatar\\\/5e6c05150ce3230247d167f5b94d678eb05936197436d69b7921e3a95c9107ac?s=96&d=mm&r=g\",\"url\":\"https:\\\/\\\/secure.gravatar.com\\\/avatar\\\/5e6c05150ce3230247d167f5b94d678eb05936197436d69b7921e3a95c9107ac?s=96&d=mm&r=g\",\"contentUrl\":\"https:\\\/\\\/secure.gravatar.com\\\/avatar\\\/5e6c05150ce3230247d167f5b94d678eb05936197436d69b7921e3a95c9107ac?s=96&d=mm&r=g\",\"caption\":\"Issouf Tapsoba\"},\"url\":\"https:\\\/\\\/www.latribunedufaso.net\\\/?author=5\"}]}<\/script>\n<!-- \/ Yoast SEO plugin. -->","yoast_head_json":{"title":"Tension Mali-Alg\u00e9rie : La CEDEAO appelle les 2 pays \u00e0 favoriser le dialogue pour r\u00e9gler leurs diff\u00e9rends - La Tribune du Faso","robots":{"index":"index","follow":"follow","max-snippet":"max-snippet:-1","max-image-preview":"max-image-preview:large","max-video-preview":"max-video-preview:-1"},"canonical":"https:\/\/www.latribunedufaso.net\/?p=19893","og_locale":"fr_FR","og_type":"article","og_title":"Tension Mali-Alg\u00e9rie : La CEDEAO appelle les 2 pays \u00e0 favoriser le dialogue pour r\u00e9gler leurs diff\u00e9rends - La Tribune du Faso","og_description":"Inqui\u00e8te des tensions diplomatiques ces derniers jours entre le Mali et l\u2019Alg\u00e9rie, la Commission de la Communaut\u00e9 \u00e9conomique des Etats de l\u2019Afrique de l\u2019Ouest (CEDEAO) a appel\u00e9, \u00e0 travers un communiqu\u00e9 de presse, ce 09 avril 2025, \u00e0 favoriser le dialogue pour r\u00e9gler leurs diff\u00e9rends.","og_url":"https:\/\/www.latribunedufaso.net\/?p=19893","og_site_name":"La Tribune du Faso","article_publisher":"https:\/\/www.facebook.com\/LatribuneduFaso\/","article_published_time":"2025-04-09T16:13:27+00:00","og_image":[{"width":2000,"height":1600,"url":"https:\/\/www.latribunedufaso.net\/wp-content\/uploads\/2025\/04\/Vide-2-panneaux-Portraits-Bande-dessinee_20250409_161125_0000.png","type":"image\/png"}],"author":"Issouf Tapsoba","twitter_misc":{"\u00c9crit par":"Issouf Tapsoba","Dur\u00e9e de lecture estim\u00e9e":"1 minute"},"schema":{"@context":"https:\/\/schema.org","@graph":[{"@type":"Article","@id":"https:\/\/www.latribunedufaso.net\/?p=19893#article","isPartOf":{"@id":"https:\/\/www.latribunedufaso.net\/?p=19893"},"author":{"name":"Issouf Tapsoba","@id":"https:\/\/www.latribunedufaso.net\/#\/schema\/person\/e54e64c5778a7e72cf80a318b7a622b0"},"headline":"Tension Mali-Alg\u00e9rie : La CEDEAO appelle les 2 pays \u00e0 favoriser le dialogue pour r\u00e9gler leurs diff\u00e9rends","datePublished":"2025-04-09T16:13:27+00:00","mainEntityOfPage":{"@id":"https:\/\/www.latribunedufaso.net\/?p=19893"},"wordCount":235,"commentCount":0,"publisher":{"@id":"https:\/\/www.latribunedufaso.net\/#organization"},"image":{"@id":"https:\/\/www.latribunedufaso.net\/?p=19893#primaryimage"},"thumbnailUrl":"https:\/\/www.latribunedufaso.net\/wp-content\/uploads\/2025\/04\/Vide-2-panneaux-Portraits-Bande-dessinee_20250409_161125_0000.png","keywords":["latribunedufaso.net","Tension Alg\u00e9rie-Mali"],"articleSection":["A la une","Actualit\u00e9","Soci\u00e9t\u00e9"],"inLanguage":"fr-FR","potentialAction":[{"@type":"CommentAction","name":"Comment","target":["https:\/\/www.latribunedufaso.net\/?p=19893#respond"]}]},{"@type":"WebPage","@id":"https:\/\/www.latribunedufaso.net\/?p=19893","url":"https:\/\/www.latribunedufaso.net\/?p=19893","name":"Tension Mali-Alg\u00e9rie : La CEDEAO appelle les 2 pays \u00e0 favoriser le dialogue pour r\u00e9gler leurs diff\u00e9rends - La Tribune du Faso","isPartOf":{"@id":"https:\/\/www.latribunedufaso.net\/#website"},"primaryImageOfPage":{"@id":"https:\/\/www.latribunedufaso.net\/?p=19893#primaryimage"},"image":{"@id":"https:\/\/www.latribunedufaso.net\/?p=19893#primaryimage"},"thumbnailUrl":"https:\/\/www.latribunedufaso.net\/wp-content\/uploads\/2025\/04\/Vide-2-panneaux-Portraits-Bande-dessinee_20250409_161125_0000.png","datePublished":"2025-04-09T16:13:27+00:00","breadcrumb":{"@id":"https:\/\/www.latribunedufaso.net\/?p=19893#breadcrumb"},"inLanguage":"fr-FR","potentialAction":[{"@type":"ReadAction","target":["https:\/\/www.latribunedufaso.net\/?p=19893"]}]},{"@type":"ImageObject","inLanguage":"fr-FR","@id":"https:\/\/www.latribunedufaso.net\/?p=19893#primaryimage","url":"https:\/\/www.latribunedufaso.net\/wp-content\/uploads\/2025\/04\/Vide-2-panneaux-Portraits-Bande-dessinee_20250409_161125_0000.png","contentUrl":"https:\/\/www.latribunedufaso.net\/wp-content\/uploads\/2025\/04\/Vide-2-panneaux-Portraits-Bande-dessinee_20250409_161125_0000.png","width":2000,"height":1600,"caption":"Image illustrative tension Alg\u00e9rie Mali"},{"@type":"BreadcrumbList","@id":"https:\/\/www.latribunedufaso.net\/?p=19893#breadcrumb","itemListElement":[{"@type":"ListItem","position":1,"name":"Accueil","item":"https:\/\/www.latribunedufaso.net\/"},{"@type":"ListItem","position":2,"name":"Tension Mali-Alg\u00e9rie : La CEDEAO appelle les 2 pays \u00e0 favoriser le dialogue pour r\u00e9gler leurs diff\u00e9rends"}]},{"@type":"WebSite","@id":"https:\/\/www.latribunedufaso.net\/#website","url":"https:\/\/www.latribunedufaso.net\/","name":"La Tribune du Faso","description":"L&#039;information du monde rural en un clic","publisher":{"@id":"https:\/\/www.latribunedufaso.net\/#organization"},"potentialAction":[{"@type":"SearchAction","target":{"@type":"EntryPoint","urlTemplate":"https:\/\/www.latribunedufaso.net\/?s={search_term_string}"},"query-input":{"@type":"PropertyValueSpecification","valueRequired":true,"valueName":"search_term_string"}}],"inLanguage":"fr-FR"},{"@type":"Organization","@id":"https:\/\/www.latribunedufaso.net\/#organization","name":"La Tribune du Faso","url":"https:\/\/www.latribunedufaso.net\/","logo":{"@type":"ImageObject","inLanguage":"fr-FR","@id":"https:\/\/www.latribunedufaso.net\/#\/schema\/logo\/image\/","url":"https:\/\/www.latribunedufaso.net\/wp-content\/uploads\/2020\/08\/Logo-Tribune-du-Faso-final-scaled.jpg","contentUrl":"https:\/\/www.latribunedufaso.net\/wp-content\/uploads\/2020\/08\/Logo-Tribune-du-Faso-final-scaled.jpg","width":2560,"height":1856,"caption":"La Tribune du Faso"},"image":{"@id":"https:\/\/www.latribunedufaso.net\/#\/schema\/logo\/image\/"},"sameAs":["https:\/\/www.facebook.com\/LatribuneduFaso\/"]},{"@type":"Person","@id":"https:\/\/www.latribunedufaso.net\/#\/schema\/person\/e54e64c5778a7e72cf80a318b7a622b0","name":"Issouf Tapsoba","image":{"@type":"ImageObject","inLanguage":"fr-FR","@id":"https:\/\/secure.gravatar.com\/avatar\/5e6c05150ce3230247d167f5b94d678eb05936197436d69b7921e3a95c9107ac?s=96&d=mm&r=g","url":"https:\/\/secure.gravatar.com\/avatar\/5e6c05150ce3230247d167f5b94d678eb05936197436d69b7921e3a95c9107ac?s=96&d=mm&r=g","contentUrl":"https:\/\/secure.gravatar.com\/avatar\/5e6c05150ce3230247d167f5b94d678eb05936197436d69b7921e3a95c9107ac?s=96&d=mm&r=g","caption":"Issouf Tapsoba"},"url":"https:\/\/www.latribunedufaso.net\/?author=5"}]}},"_links":{"self":[{"href":"https:\/\/www.latribunedufaso.net\/index.php?rest_route=\/wp\/v2\/posts\/19893","targetHints":{"allow":["GET"]}}],"collection":[{"href":"https:\/\/www.latribunedufaso.net\/index.php?rest_route=\/wp\/v2\/posts"}],"about":[{"href":"https:\/\/www.latribunedufaso.net\/index.php?rest_route=\/wp\/v2\/types\/post"}],"author":[{"embeddable":true,"href":"https:\/\/www.latribunedufaso.net\/index.php?rest_route=\/wp\/v2\/users\/5"}],"replies":[{"embeddable":true,"href":"https:\/\/www.latribunedufaso.net\/index.php?rest_route=%2Fwp%2Fv2%2Fcomments&post=19893"}],"version-history":[{"count":1,"href":"https:\/\/www.latribunedufaso.net\/index.php?rest_route=\/wp\/v2\/posts\/19893\/revisions"}],"predecessor-version":[{"id":19895,"href":"https:\/\/www.latribunedufaso.net\/index.php?rest_route=\/wp\/v2\/posts\/19893\/revisions\/19895"}],"wp:featuredmedia":[{"embeddable":true,"href":"https:\/\/www.latribunedufaso.net\/index.php?rest_route=\/wp\/v2\/media\/19894"}],"wp:attachment":[{"href":"https:\/\/www.latribunedufaso.net\/index.php?rest_route=%2Fwp%2Fv2%2Fmedia&parent=19893"}],"wp:term":[{"taxonomy":"category","embeddable":true,"href":"https:\/\/www.latribunedufaso.net\/index.php?rest_route=%2Fwp%2Fv2%2Fcategories&post=19893"},{"taxonomy":"post_tag","embeddable":true,"href":"https:\/\/www.latribunedufaso.net\/index.php?rest_route=%2Fwp%2Fv2%2Ftags&post=19893"}],"curies":[{"name":"wp","href":"https:\/\/api.w.org\/{rel}","templated":true}]}}