{"id":19872,"date":"2025-04-08T20:02:41","date_gmt":"2025-04-08T20:02:41","guid":{"rendered":"https:\/\/www.latribunedufaso.net\/?p=19872"},"modified":"2025-04-08T20:02:41","modified_gmt":"2025-04-08T20:02:41","slug":"developpement-technologique-le-burkina-faso-plaide-pour-une-cooperation-inclusive-en-science-et-technologie-a-geneve","status":"publish","type":"post","link":"https:\/\/www.latribunedufaso.net\/?p=19872","title":{"rendered":"D\u00e9veloppement technologique : Le\u00a0Burkina Faso plaide pour une coop\u00e9ration inclusive en science et technologie \u00e0 Gen\u00e8ve\u00a0"},"content":{"rendered":"<p><strong>La ministre de la Transition digitale, des Postes et des Communications \u00e9lectroniques, Dr Aminata Zerbo\/Sabane, est \u00e0 Gen\u00e8ve pour repr\u00e9senter le Burkina Faso \u00e0 la 28e session de la Commission des Nations Unies pour la Science et la Technologie au service du D\u00e9veloppement (CSTD) qui se tient du 7 au 11 avril 2025.<\/strong><!--more--><\/p>\n<p>Elle est plac\u00e9e sous le th\u00e8me : <em><strong>\u00ab Le r\u00f4le de la science, de la Technologie et de l\u2019innovation dans la promotion de solutions durables, inclusives fond\u00e9es sur la science et les preuves pour l\u2019Agenda 2030 pour le d\u00e9veloppement durable et ses ODD, afin de ne laisser personne de c\u00f4t\u00e9 \u00bb. <\/strong><\/em>Cette session r\u00e9unit des experts et repr\u00e9sentants gouvernementaux autour des enjeux mondiaux li\u00e9s \u00e0 la science, la technologie, et l\u2019innovation (STI).<\/p>\n<figure id=\"attachment_19874\" aria-describedby=\"caption-attachment-19874\" style=\"width: 720px\" class=\"wp-caption aligncenter\"><a href=\"https:\/\/www.latribunedufaso.net\/wp-content\/uploads\/2025\/04\/FB_IMG_1744136196857.jpg\"><img loading=\"lazy\" decoding=\"async\" class=\"size-full wp-image-19874\" src=\"https:\/\/www.latribunedufaso.net\/wp-content\/uploads\/2025\/04\/FB_IMG_1744136196857.jpg\" alt=\"La 28e session de la Commission des Nations Unies pour la Science et la Technologie au service du D\u00e9veloppement (CSTD), 7 au 11 avril 2025\" width=\"720\" height=\"618\" srcset=\"https:\/\/www.latribunedufaso.net\/wp-content\/uploads\/2025\/04\/FB_IMG_1744136196857.jpg 720w, https:\/\/www.latribunedufaso.net\/wp-content\/uploads\/2025\/04\/FB_IMG_1744136196857-300x258.jpg 300w\" sizes=\"auto, (max-width: 720px) 100vw, 720px\" \/><\/a><figcaption id=\"caption-attachment-19874\" class=\"wp-caption-text\">La ministre en charge de la Transition digitale, Aminata Zerbo\/Sabane (\u00e0 droite) a repr\u00e9sent\u00e9 le Burkina &#8211; Ph. DR<\/figcaption><\/figure>\n<p>Au nom du Gouvernement burkinab\u00e8, Dr Zerbo\/Sabane a partag\u00e9 la vision du pays en mati\u00e8re de STI et d\u00e9veloppement durable. Dans son intervention, elle a mis en lumi\u00e8re les initiatives nationales en mati\u00e8re de transformation digitale, en soulignant l\u2019impact concret de ces actions sur l\u2019autonomisation des femmes et la r\u00e9duction des in\u00e9galit\u00e9s de genre.<\/p>\n<p>Elle a notamment \u00e9voqu\u00e9 le programme Femmes et Num\u00e9rique, qui a permis de former des milliers de femmes, en milieu urbain et rural, aux comp\u00e9tences digitales. Selon elle, cette initiative joue un r\u00f4le cl\u00e9 dans l\u2019autonomisation des femmes et la r\u00e9duction des in\u00e9galit\u00e9s de genre, et a contribu\u00e9 \u00e0 une mont\u00e9e en puissance des femmes dans l\u2019entrepreneuriat, les incubateurs de projets f\u00e9minins et l\u2019inclusion financi\u00e8re.<\/p>\n<figure id=\"attachment_19875\" aria-describedby=\"caption-attachment-19875\" style=\"width: 720px\" class=\"wp-caption aligncenter\"><a href=\"https:\/\/www.latribunedufaso.net\/wp-content\/uploads\/2025\/04\/FB_IMG_1744136191827.jpg\"><img loading=\"lazy\" decoding=\"async\" class=\"size-full wp-image-19875\" src=\"https:\/\/www.latribunedufaso.net\/wp-content\/uploads\/2025\/04\/FB_IMG_1744136191827.jpg\" alt=\"La 28e session de la Commission des Nations Unies pour la Science et la Technologie au service du D\u00e9veloppement (CSTD), 7 au 11 avril 2025\" width=\"720\" height=\"380\" srcset=\"https:\/\/www.latribunedufaso.net\/wp-content\/uploads\/2025\/04\/FB_IMG_1744136191827.jpg 720w, https:\/\/www.latribunedufaso.net\/wp-content\/uploads\/2025\/04\/FB_IMG_1744136191827-300x158.jpg 300w\" sizes=\"auto, (max-width: 720px) 100vw, 720px\" \/><\/a><figcaption id=\"caption-attachment-19875\" class=\"wp-caption-text\">Une vue des participants lors des travaux &#8211; Ph. DR<\/figcaption><\/figure>\n<p>Le num\u00e9rique est \u00e9galement devenu, selon la ministre, un levier strat\u00e9gique de transformation \u00e9conomique au Burkina Faso. Il favorise la modernisation de l\u2019administration \u00e0 travers des d\u00e9marches comme le <em><strong>\u00ab z\u00e9ro papier<\/strong> <\/em>\u00bb, soutient la cr\u00e9ation d\u2019emplois dans le secteur public et contribue de mani\u00e8re croissante aux recettes fiscales nationales.<\/p>\n<p>Dans une perspective de coop\u00e9ration internationale, Dr Zerbo\/Sabane a lanc\u00e9 un appel \u00e0 la CSTD pour appuyer la cr\u00e9ation d\u2019un Fonds d\u2019acc\u00e9l\u00e9ration pour les STI \u00e0 destination des pays en d\u00e9veloppement, afin de soutenir des projets innovants align\u00e9s sur les Objectifs de d\u00e9veloppement durable 5 et 8. Elle a \u00e9galement plaid\u00e9 pour un Programme de Transfert de Technologies Sud-Sud et Nord-Sud, ax\u00e9 sur des solutions open source adapt\u00e9es aux r\u00e9alit\u00e9s locales.<\/p>\n<blockquote>\n<p>Lire aussi &gt;&gt; <a href=\"https:\/\/www.latribunedufaso.net\/?p=19739\">1er CASEM 2025 du minist\u00e8re charg\u00e9 de la Transition digitale : La d\u00e9mat\u00e9rialisation de 65 proc\u00e9dures administratives enregistr\u00e9es au 31 d\u00e9cembre 2024<\/a><\/p>\n<\/blockquote>\n<p>Elle a conclu avec un message fort d\u2019espoir et de solidarit\u00e9 :<em><strong> \u00ab Dans un contexte mondial o\u00f9 le multilat\u00e9ralisme est mis \u00e0 l\u2019\u00e9preuve, la CSTD doit jouer un r\u00f4le essentiel en offrant un espace de dialogue et de collaboration, mais aussi et surtout en entretenant l\u2019espoir de nombreuses populations dans le monde en posant des actes tangibles. Je suis convaincue qu\u2019ensemble, nou pouvons concevoir et mettre en \u0153uvre des solutions innovantes bas\u00e9es sur les donn\u00e9es probantes qui ne laisseront personne pour compte \u00bb.\u00a0<\/strong><\/em><\/p>\n<p><strong>latribunedufaso.net\u00a0<\/strong><\/p>\n<p><strong>Source : DCRP\/MTDPCE<\/strong><\/p>\n","protected":false},"excerpt":{"rendered":"<p>La ministre de la Transition digitale, des Postes et des Communications \u00e9lectroniques, Dr Aminata Zerbo\/Sabane, est \u00e0 Gen\u00e8ve pour repr\u00e9senter le Burkina Faso \u00e0 la 28e session de la Commission des Nations Unies pour la Science et la Technologie au service du D\u00e9veloppement (CSTD) qui se tient du 7 au 11 avril 2025.<\/p>\n","protected":false},"author":5,"featured_media":19873,"comment_status":"open","ping_status":"open","sticky":false,"template":"","format":"standard","meta":{"footnotes":""},"categories":[13,1,8],"tags":[39,868,867,417],"class_list":["post-19872","post","type-post","status-publish","format-standard","has-post-thumbnail","hentry","category-une","category-actu","category-societe","tag-latribunedufaso-net","tag-nations-unies","tag-sciences","tag-technologie"],"yoast_head":"<!-- This site is optimized with the Yoast SEO plugin v27.4 - https:\/\/yoast.com\/product\/yoast-seo-wordpress\/ -->\n<title>D\u00e9veloppement technologique : Le\u00a0Burkina Faso plaide pour une coop\u00e9ration inclusive en science et technologie \u00e0 Gen\u00e8ve\u00a0 - La Tribune du Faso<\/title>\n<meta name=\"robots\" content=\"index, follow, max-snippet:-1, max-image-preview:large, max-video-preview:-1\" \/>\n<link rel=\"canonical\" href=\"https:\/\/www.latribunedufaso.net\/?p=19872\" \/>\n<meta property=\"og:locale\" content=\"fr_FR\" \/>\n<meta property=\"og:type\" content=\"article\" \/>\n<meta property=\"og:title\" content=\"D\u00e9veloppement technologique : Le\u00a0Burkina Faso plaide pour une coop\u00e9ration inclusive en science et technologie \u00e0 Gen\u00e8ve\u00a0 - La Tribune du Faso\" \/>\n<meta property=\"og:description\" content=\"La ministre de la Transition digitale, des Postes et des Communications \u00e9lectroniques, Dr Aminata Zerbo\/Sabane, est \u00e0 Gen\u00e8ve pour repr\u00e9senter le Burkina Faso \u00e0 la 28e session de la Commission des Nations Unies pour la Science et la Technologie au service du D\u00e9veloppement (CSTD) qui se tient du 7 au 11 avril 2025.\" \/>\n<meta property=\"og:url\" content=\"https:\/\/www.latribunedufaso.net\/?p=19872\" \/>\n<meta property=\"og:site_name\" content=\"La Tribune du Faso\" \/>\n<meta property=\"article:publisher\" content=\"https:\/\/www.facebook.com\/LatribuneduFaso\/\" \/>\n<meta property=\"article:published_time\" content=\"2025-04-08T20:02:41+00:00\" \/>\n<meta property=\"og:image\" content=\"https:\/\/www.latribunedufaso.net\/wp-content\/uploads\/2025\/04\/FB_IMG_1744136230611.jpg\" \/>\n\t<meta property=\"og:image:width\" content=\"717\" \/>\n\t<meta property=\"og:image:height\" content=\"480\" \/>\n\t<meta property=\"og:image:type\" content=\"image\/jpeg\" \/>\n<meta name=\"author\" content=\"Issouf Tapsoba\" \/>\n<meta name=\"twitter:label1\" content=\"\u00c9crit par\" \/>\n\t<meta name=\"twitter:data1\" content=\"Issouf Tapsoba\" \/>\n\t<meta name=\"twitter:label2\" content=\"Dur\u00e9e de lecture estim\u00e9e\" \/>\n\t<meta name=\"twitter:data2\" content=\"3 minutes\" \/>\n<script type=\"application\/ld+json\" class=\"yoast-schema-graph\">{\"@context\":\"https:\\\/\\\/schema.org\",\"@graph\":[{\"@type\":\"Article\",\"@id\":\"https:\\\/\\\/www.latribunedufaso.net\\\/?p=19872#article\",\"isPartOf\":{\"@id\":\"https:\\\/\\\/www.latribunedufaso.net\\\/?p=19872\"},\"author\":{\"name\":\"Issouf Tapsoba\",\"@id\":\"https:\\\/\\\/www.latribunedufaso.net\\\/#\\\/schema\\\/person\\\/e54e64c5778a7e72cf80a318b7a622b0\"},\"headline\":\"D\u00e9veloppement technologique : Le\u00a0Burkina Faso plaide pour une coop\u00e9ration inclusive en science et technologie \u00e0 Gen\u00e8ve\u00a0\",\"datePublished\":\"2025-04-08T20:02:41+00:00\",\"mainEntityOfPage\":{\"@id\":\"https:\\\/\\\/www.latribunedufaso.net\\\/?p=19872\"},\"wordCount\":588,\"commentCount\":0,\"publisher\":{\"@id\":\"https:\\\/\\\/www.latribunedufaso.net\\\/#organization\"},\"image\":{\"@id\":\"https:\\\/\\\/www.latribunedufaso.net\\\/?p=19872#primaryimage\"},\"thumbnailUrl\":\"https:\\\/\\\/www.latribunedufaso.net\\\/wp-content\\\/uploads\\\/2025\\\/04\\\/FB_IMG_1744136230611.jpg\",\"keywords\":[\"latribunedufaso.net\",\"Nations Unies\",\"Sciences\",\"Technologie\"],\"articleSection\":[\"A la une\",\"Actualit\u00e9\",\"Soci\u00e9t\u00e9\"],\"inLanguage\":\"fr-FR\",\"potentialAction\":[{\"@type\":\"CommentAction\",\"name\":\"Comment\",\"target\":[\"https:\\\/\\\/www.latribunedufaso.net\\\/?p=19872#respond\"]}]},{\"@type\":\"WebPage\",\"@id\":\"https:\\\/\\\/www.latribunedufaso.net\\\/?p=19872\",\"url\":\"https:\\\/\\\/www.latribunedufaso.net\\\/?p=19872\",\"name\":\"D\u00e9veloppement technologique : Le\u00a0Burkina Faso plaide pour une coop\u00e9ration inclusive en science et technologie \u00e0 Gen\u00e8ve\u00a0 - La Tribune du Faso\",\"isPartOf\":{\"@id\":\"https:\\\/\\\/www.latribunedufaso.net\\\/#website\"},\"primaryImageOfPage\":{\"@id\":\"https:\\\/\\\/www.latribunedufaso.net\\\/?p=19872#primaryimage\"},\"image\":{\"@id\":\"https:\\\/\\\/www.latribunedufaso.net\\\/?p=19872#primaryimage\"},\"thumbnailUrl\":\"https:\\\/\\\/www.latribunedufaso.net\\\/wp-content\\\/uploads\\\/2025\\\/04\\\/FB_IMG_1744136230611.jpg\",\"datePublished\":\"2025-04-08T20:02:41+00:00\",\"breadcrumb\":{\"@id\":\"https:\\\/\\\/www.latribunedufaso.net\\\/?p=19872#breadcrumb\"},\"inLanguage\":\"fr-FR\",\"potentialAction\":[{\"@type\":\"ReadAction\",\"target\":[\"https:\\\/\\\/www.latribunedufaso.net\\\/?p=19872\"]}]},{\"@type\":\"ImageObject\",\"inLanguage\":\"fr-FR\",\"@id\":\"https:\\\/\\\/www.latribunedufaso.net\\\/?p=19872#primaryimage\",\"url\":\"https:\\\/\\\/www.latribunedufaso.net\\\/wp-content\\\/uploads\\\/2025\\\/04\\\/FB_IMG_1744136230611.jpg\",\"contentUrl\":\"https:\\\/\\\/www.latribunedufaso.net\\\/wp-content\\\/uploads\\\/2025\\\/04\\\/FB_IMG_1744136230611.jpg\",\"width\":717,\"height\":480,\"caption\":\"La 28e session de la Commission des Nations Unies pour la Science et la Technologie au service du D\u00e9veloppement (CSTD), 7 au 11 avril 2025\"},{\"@type\":\"BreadcrumbList\",\"@id\":\"https:\\\/\\\/www.latribunedufaso.net\\\/?p=19872#breadcrumb\",\"itemListElement\":[{\"@type\":\"ListItem\",\"position\":1,\"name\":\"Accueil\",\"item\":\"https:\\\/\\\/www.latribunedufaso.net\\\/\"},{\"@type\":\"ListItem\",\"position\":2,\"name\":\"D\u00e9veloppement technologique : Le\u00a0Burkina Faso plaide pour une coop\u00e9ration inclusive en science et technologie \u00e0 Gen\u00e8ve\u00a0\"}]},{\"@type\":\"WebSite\",\"@id\":\"https:\\\/\\\/www.latribunedufaso.net\\\/#website\",\"url\":\"https:\\\/\\\/www.latribunedufaso.net\\\/\",\"name\":\"La Tribune du Faso\",\"description\":\"L&#039;information du monde rural en un clic\",\"publisher\":{\"@id\":\"https:\\\/\\\/www.latribunedufaso.net\\\/#organization\"},\"potentialAction\":[{\"@type\":\"SearchAction\",\"target\":{\"@type\":\"EntryPoint\",\"urlTemplate\":\"https:\\\/\\\/www.latribunedufaso.net\\\/?s={search_term_string}\"},\"query-input\":{\"@type\":\"PropertyValueSpecification\",\"valueRequired\":true,\"valueName\":\"search_term_string\"}}],\"inLanguage\":\"fr-FR\"},{\"@type\":\"Organization\",\"@id\":\"https:\\\/\\\/www.latribunedufaso.net\\\/#organization\",\"name\":\"La Tribune du Faso\",\"url\":\"https:\\\/\\\/www.latribunedufaso.net\\\/\",\"logo\":{\"@type\":\"ImageObject\",\"inLanguage\":\"fr-FR\",\"@id\":\"https:\\\/\\\/www.latribunedufaso.net\\\/#\\\/schema\\\/logo\\\/image\\\/\",\"url\":\"https:\\\/\\\/www.latribunedufaso.net\\\/wp-content\\\/uploads\\\/2020\\\/08\\\/Logo-Tribune-du-Faso-final-scaled.jpg\",\"contentUrl\":\"https:\\\/\\\/www.latribunedufaso.net\\\/wp-content\\\/uploads\\\/2020\\\/08\\\/Logo-Tribune-du-Faso-final-scaled.jpg\",\"width\":2560,\"height\":1856,\"caption\":\"La Tribune du Faso\"},\"image\":{\"@id\":\"https:\\\/\\\/www.latribunedufaso.net\\\/#\\\/schema\\\/logo\\\/image\\\/\"},\"sameAs\":[\"https:\\\/\\\/www.facebook.com\\\/LatribuneduFaso\\\/\"]},{\"@type\":\"Person\",\"@id\":\"https:\\\/\\\/www.latribunedufaso.net\\\/#\\\/schema\\\/person\\\/e54e64c5778a7e72cf80a318b7a622b0\",\"name\":\"Issouf Tapsoba\",\"image\":{\"@type\":\"ImageObject\",\"inLanguage\":\"fr-FR\",\"@id\":\"https:\\\/\\\/secure.gravatar.com\\\/avatar\\\/5e6c05150ce3230247d167f5b94d678eb05936197436d69b7921e3a95c9107ac?s=96&d=mm&r=g\",\"url\":\"https:\\\/\\\/secure.gravatar.com\\\/avatar\\\/5e6c05150ce3230247d167f5b94d678eb05936197436d69b7921e3a95c9107ac?s=96&d=mm&r=g\",\"contentUrl\":\"https:\\\/\\\/secure.gravatar.com\\\/avatar\\\/5e6c05150ce3230247d167f5b94d678eb05936197436d69b7921e3a95c9107ac?s=96&d=mm&r=g\",\"caption\":\"Issouf Tapsoba\"},\"url\":\"https:\\\/\\\/www.latribunedufaso.net\\\/?author=5\"}]}<\/script>\n<!-- \/ Yoast SEO plugin. -->","yoast_head_json":{"title":"D\u00e9veloppement technologique : Le\u00a0Burkina Faso plaide pour une coop\u00e9ration inclusive en science et technologie \u00e0 Gen\u00e8ve\u00a0 - La Tribune du Faso","robots":{"index":"index","follow":"follow","max-snippet":"max-snippet:-1","max-image-preview":"max-image-preview:large","max-video-preview":"max-video-preview:-1"},"canonical":"https:\/\/www.latribunedufaso.net\/?p=19872","og_locale":"fr_FR","og_type":"article","og_title":"D\u00e9veloppement technologique : Le\u00a0Burkina Faso plaide pour une coop\u00e9ration inclusive en science et technologie \u00e0 Gen\u00e8ve\u00a0 - La Tribune du Faso","og_description":"La ministre de la Transition digitale, des Postes et des Communications \u00e9lectroniques, Dr Aminata Zerbo\/Sabane, est \u00e0 Gen\u00e8ve pour repr\u00e9senter le Burkina Faso \u00e0 la 28e session de la Commission des Nations Unies pour la Science et la Technologie au service du D\u00e9veloppement (CSTD) qui se tient du 7 au 11 avril 2025.","og_url":"https:\/\/www.latribunedufaso.net\/?p=19872","og_site_name":"La Tribune du Faso","article_publisher":"https:\/\/www.facebook.com\/LatribuneduFaso\/","article_published_time":"2025-04-08T20:02:41+00:00","og_image":[{"width":717,"height":480,"url":"https:\/\/www.latribunedufaso.net\/wp-content\/uploads\/2025\/04\/FB_IMG_1744136230611.jpg","type":"image\/jpeg"}],"author":"Issouf Tapsoba","twitter_misc":{"\u00c9crit par":"Issouf Tapsoba","Dur\u00e9e de lecture estim\u00e9e":"3 minutes"},"schema":{"@context":"https:\/\/schema.org","@graph":[{"@type":"Article","@id":"https:\/\/www.latribunedufaso.net\/?p=19872#article","isPartOf":{"@id":"https:\/\/www.latribunedufaso.net\/?p=19872"},"author":{"name":"Issouf Tapsoba","@id":"https:\/\/www.latribunedufaso.net\/#\/schema\/person\/e54e64c5778a7e72cf80a318b7a622b0"},"headline":"D\u00e9veloppement technologique : Le\u00a0Burkina Faso plaide pour une coop\u00e9ration inclusive en science et technologie \u00e0 Gen\u00e8ve\u00a0","datePublished":"2025-04-08T20:02:41+00:00","mainEntityOfPage":{"@id":"https:\/\/www.latribunedufaso.net\/?p=19872"},"wordCount":588,"commentCount":0,"publisher":{"@id":"https:\/\/www.latribunedufaso.net\/#organization"},"image":{"@id":"https:\/\/www.latribunedufaso.net\/?p=19872#primaryimage"},"thumbnailUrl":"https:\/\/www.latribunedufaso.net\/wp-content\/uploads\/2025\/04\/FB_IMG_1744136230611.jpg","keywords":["latribunedufaso.net","Nations Unies","Sciences","Technologie"],"articleSection":["A la une","Actualit\u00e9","Soci\u00e9t\u00e9"],"inLanguage":"fr-FR","potentialAction":[{"@type":"CommentAction","name":"Comment","target":["https:\/\/www.latribunedufaso.net\/?p=19872#respond"]}]},{"@type":"WebPage","@id":"https:\/\/www.latribunedufaso.net\/?p=19872","url":"https:\/\/www.latribunedufaso.net\/?p=19872","name":"D\u00e9veloppement technologique : Le\u00a0Burkina Faso plaide pour une coop\u00e9ration inclusive en science et technologie \u00e0 Gen\u00e8ve\u00a0 - La Tribune du Faso","isPartOf":{"@id":"https:\/\/www.latribunedufaso.net\/#website"},"primaryImageOfPage":{"@id":"https:\/\/www.latribunedufaso.net\/?p=19872#primaryimage"},"image":{"@id":"https:\/\/www.latribunedufaso.net\/?p=19872#primaryimage"},"thumbnailUrl":"https:\/\/www.latribunedufaso.net\/wp-content\/uploads\/2025\/04\/FB_IMG_1744136230611.jpg","datePublished":"2025-04-08T20:02:41+00:00","breadcrumb":{"@id":"https:\/\/www.latribunedufaso.net\/?p=19872#breadcrumb"},"inLanguage":"fr-FR","potentialAction":[{"@type":"ReadAction","target":["https:\/\/www.latribunedufaso.net\/?p=19872"]}]},{"@type":"ImageObject","inLanguage":"fr-FR","@id":"https:\/\/www.latribunedufaso.net\/?p=19872#primaryimage","url":"https:\/\/www.latribunedufaso.net\/wp-content\/uploads\/2025\/04\/FB_IMG_1744136230611.jpg","contentUrl":"https:\/\/www.latribunedufaso.net\/wp-content\/uploads\/2025\/04\/FB_IMG_1744136230611.jpg","width":717,"height":480,"caption":"La 28e session de la Commission des Nations Unies pour la Science et la Technologie au service du D\u00e9veloppement (CSTD), 7 au 11 avril 2025"},{"@type":"BreadcrumbList","@id":"https:\/\/www.latribunedufaso.net\/?p=19872#breadcrumb","itemListElement":[{"@type":"ListItem","position":1,"name":"Accueil","item":"https:\/\/www.latribunedufaso.net\/"},{"@type":"ListItem","position":2,"name":"D\u00e9veloppement technologique : Le\u00a0Burkina Faso plaide pour une coop\u00e9ration inclusive en science et technologie \u00e0 Gen\u00e8ve\u00a0"}]},{"@type":"WebSite","@id":"https:\/\/www.latribunedufaso.net\/#website","url":"https:\/\/www.latribunedufaso.net\/","name":"La Tribune du Faso","description":"L&#039;information du monde rural en un clic","publisher":{"@id":"https:\/\/www.latribunedufaso.net\/#organization"},"potentialAction":[{"@type":"SearchAction","target":{"@type":"EntryPoint","urlTemplate":"https:\/\/www.latribunedufaso.net\/?s={search_term_string}"},"query-input":{"@type":"PropertyValueSpecification","valueRequired":true,"valueName":"search_term_string"}}],"inLanguage":"fr-FR"},{"@type":"Organization","@id":"https:\/\/www.latribunedufaso.net\/#organization","name":"La Tribune du Faso","url":"https:\/\/www.latribunedufaso.net\/","logo":{"@type":"ImageObject","inLanguage":"fr-FR","@id":"https:\/\/www.latribunedufaso.net\/#\/schema\/logo\/image\/","url":"https:\/\/www.latribunedufaso.net\/wp-content\/uploads\/2020\/08\/Logo-Tribune-du-Faso-final-scaled.jpg","contentUrl":"https:\/\/www.latribunedufaso.net\/wp-content\/uploads\/2020\/08\/Logo-Tribune-du-Faso-final-scaled.jpg","width":2560,"height":1856,"caption":"La Tribune du Faso"},"image":{"@id":"https:\/\/www.latribunedufaso.net\/#\/schema\/logo\/image\/"},"sameAs":["https:\/\/www.facebook.com\/LatribuneduFaso\/"]},{"@type":"Person","@id":"https:\/\/www.latribunedufaso.net\/#\/schema\/person\/e54e64c5778a7e72cf80a318b7a622b0","name":"Issouf Tapsoba","image":{"@type":"ImageObject","inLanguage":"fr-FR","@id":"https:\/\/secure.gravatar.com\/avatar\/5e6c05150ce3230247d167f5b94d678eb05936197436d69b7921e3a95c9107ac?s=96&d=mm&r=g","url":"https:\/\/secure.gravatar.com\/avatar\/5e6c05150ce3230247d167f5b94d678eb05936197436d69b7921e3a95c9107ac?s=96&d=mm&r=g","contentUrl":"https:\/\/secure.gravatar.com\/avatar\/5e6c05150ce3230247d167f5b94d678eb05936197436d69b7921e3a95c9107ac?s=96&d=mm&r=g","caption":"Issouf Tapsoba"},"url":"https:\/\/www.latribunedufaso.net\/?author=5"}]}},"_links":{"self":[{"href":"https:\/\/www.latribunedufaso.net\/index.php?rest_route=\/wp\/v2\/posts\/19872","targetHints":{"allow":["GET"]}}],"collection":[{"href":"https:\/\/www.latribunedufaso.net\/index.php?rest_route=\/wp\/v2\/posts"}],"about":[{"href":"https:\/\/www.latribunedufaso.net\/index.php?rest_route=\/wp\/v2\/types\/post"}],"author":[{"embeddable":true,"href":"https:\/\/www.latribunedufaso.net\/index.php?rest_route=\/wp\/v2\/users\/5"}],"replies":[{"embeddable":true,"href":"https:\/\/www.latribunedufaso.net\/index.php?rest_route=%2Fwp%2Fv2%2Fcomments&post=19872"}],"version-history":[{"count":1,"href":"https:\/\/www.latribunedufaso.net\/index.php?rest_route=\/wp\/v2\/posts\/19872\/revisions"}],"predecessor-version":[{"id":19876,"href":"https:\/\/www.latribunedufaso.net\/index.php?rest_route=\/wp\/v2\/posts\/19872\/revisions\/19876"}],"wp:featuredmedia":[{"embeddable":true,"href":"https:\/\/www.latribunedufaso.net\/index.php?rest_route=\/wp\/v2\/media\/19873"}],"wp:attachment":[{"href":"https:\/\/www.latribunedufaso.net\/index.php?rest_route=%2Fwp%2Fv2%2Fmedia&parent=19872"}],"wp:term":[{"taxonomy":"category","embeddable":true,"href":"https:\/\/www.latribunedufaso.net\/index.php?rest_route=%2Fwp%2Fv2%2Fcategories&post=19872"},{"taxonomy":"post_tag","embeddable":true,"href":"https:\/\/www.latribunedufaso.net\/index.php?rest_route=%2Fwp%2Fv2%2Ftags&post=19872"}],"curies":[{"name":"wp","href":"https:\/\/api.w.org\/{rel}","templated":true}]}}