{"id":19865,"date":"2025-04-08T11:33:07","date_gmt":"2025-04-08T11:33:07","guid":{"rendered":"https:\/\/www.latribunedufaso.net\/?p=19865"},"modified":"2025-04-08T11:33:07","modified_gmt":"2025-04-08T11:33:07","slug":"insecurite-urbaine-la-police-nationale-met-aux-arrets-une-presumee-auteure-de-sequestration-qui-a-dure-plus-de-05-ans","status":"publish","type":"post","link":"https:\/\/www.latribunedufaso.net\/?p=19865","title":{"rendered":"Ins\u00e9curit\u00e9 urbaine : La Police nationale met aux arr\u00eats une pr\u00e9sum\u00e9e auteure de s\u00e9questration qui a dur\u00e9 plus de 05 ans"},"content":{"rendered":"<p><strong>La Division des investigations criminelles (DIC) de la police nationale, gr\u00e2ce \u00e0 une d\u00e9nonciation anonyme, a interpell\u00e9, dans une zone hors lotissement de la ville de Ouagadougou, une pr\u00e9sum\u00e9e auteure d\u2019enl\u00e8vement et de s\u00e9questration d\u2019une fillette (O.D).<\/strong><!--more--><\/p>\n<p>En effet, les faits remontent au 1er octobre 2019, jour de rentr\u00e9e des classes. Ce jour-l\u00e0, le p\u00e8re de O.D l\u2019avait d\u00e9pos\u00e9 le matin \u00e0 l\u2019\u00e9cole. C\u2019est lors d\u2019une randonn\u00e9e que la pr\u00e9sum\u00e9e auteure va apercevoir O.D, \u00e2g\u00e9e de 05 ans, non loin de son \u00e9cole primaire. Celle-ci va prendre O.D et la conduire chez elle \u00e0 l\u2019aide de sa bicyclette. Elle gardera ainsi O.D chez elle s\u00e9questr\u00e9e pendant 02 ans, jusqu\u2019en 2021, avant de s\u2019afficher avec elle en public. C\u2019est lorsque O.D a atteint l\u2019\u00e2ge de 11 ans et demi que sa bourrelle l\u2019inscrira \u00e0 l\u2019\u00e9cole au CP1.\u00a0<\/p>\n<p>Gr\u00e2ce \u00e0 la collaboration des citoyens, les investigations men\u00e9es ont permis de retrouver les parents biologiques de O.D, cela apr\u00e8s plus de 05 ans de s\u00e9paration.\u00a0<\/p>\n<blockquote>\n<p>Lire aussi &gt;&gt; <a href=\"https:\/\/www.latribunedufaso.net\/?p=19754\">Lutte contre la criminalit\u00e9 urbaine : Un bin\u00f4me de pr\u00e9sum\u00e9s cambrioleurs mis aux arr\u00eats par la Police Nationale \u00e0 Kaya<\/a><\/p>\n<\/blockquote>\n<p>La Police Nationale remercie toutes les bonnes volont\u00e9s et salue le sens \u00e9lev\u00e9 de civisme et l\u2019esprit de collaboration de tous les citoyens gr\u00e2ce \u00e0 qui ce r\u00e9sultat a \u00e9t\u00e9 atteint. Elle les exhorte par ailleurs \u00e0 poursuivre dans la m\u00eame dynamique tout en continuant toujours de d\u00e9noncer les cas suspects aux num\u00e9ros verts mis \u00e0 leur disposition que sont les 17, 16 et 1010.\u00a0 \u00a0 \u00a0\u00a0<\/p>\n<p><strong>latribunedufaso.net<\/strong><\/p>\n<p><strong>Source : Police nationale\u00a0<\/strong><\/p>\n","protected":false},"excerpt":{"rendered":"<p>La Division des investigations criminelles (DIC) de la police nationale, gr\u00e2ce \u00e0 une d\u00e9nonciation anonyme, a interpell\u00e9, dans une zone hors lotissement de la ville de Ouagadougou, une pr\u00e9sum\u00e9e auteure d\u2019enl\u00e8vement et de s\u00e9questration d\u2019une fillette (O.D).<\/p>\n","protected":false},"author":5,"featured_media":19866,"comment_status":"open","ping_status":"open","sticky":false,"template":"","format":"standard","meta":{"footnotes":""},"categories":[13,1,8],"tags":[39,78,865],"class_list":["post-19865","post","type-post","status-publish","format-standard","has-post-thumbnail","hentry","category-une","category-actu","category-societe","tag-latribunedufaso-net","tag-police-nationale","tag-sequestration"],"yoast_head":"<!-- This site is optimized with the Yoast SEO plugin v27.5 - https:\/\/yoast.com\/product\/yoast-seo-wordpress\/ -->\n<title>Ins\u00e9curit\u00e9 urbaine : La Police nationale met aux arr\u00eats une pr\u00e9sum\u00e9e auteure de s\u00e9questration qui a dur\u00e9 plus de 05 ans - La Tribune du Faso<\/title>\n<meta name=\"robots\" content=\"index, follow, max-snippet:-1, max-image-preview:large, max-video-preview:-1\" \/>\n<link rel=\"canonical\" href=\"https:\/\/www.latribunedufaso.net\/?p=19865\" \/>\n<meta property=\"og:locale\" content=\"fr_FR\" \/>\n<meta property=\"og:type\" content=\"article\" \/>\n<meta property=\"og:title\" content=\"Ins\u00e9curit\u00e9 urbaine : La Police nationale met aux arr\u00eats une pr\u00e9sum\u00e9e auteure de s\u00e9questration qui a dur\u00e9 plus de 05 ans - La Tribune du Faso\" \/>\n<meta property=\"og:description\" content=\"La Division des investigations criminelles (DIC) de la police nationale, gr\u00e2ce \u00e0 une d\u00e9nonciation anonyme, a interpell\u00e9, dans une zone hors lotissement de la ville de Ouagadougou, une pr\u00e9sum\u00e9e auteure d\u2019enl\u00e8vement et de s\u00e9questration d\u2019une fillette (O.D).\" \/>\n<meta property=\"og:url\" content=\"https:\/\/www.latribunedufaso.net\/?p=19865\" \/>\n<meta property=\"og:site_name\" content=\"La Tribune du Faso\" \/>\n<meta property=\"article:publisher\" content=\"https:\/\/www.facebook.com\/LatribuneduFaso\/\" \/>\n<meta property=\"article:published_time\" content=\"2025-04-08T11:33:07+00:00\" \/>\n<meta property=\"og:image\" content=\"https:\/\/www.latribunedufaso.net\/wp-content\/uploads\/2025\/04\/FB_IMG_1744111643651_1.jpg\" \/>\n\t<meta property=\"og:image:width\" content=\"720\" \/>\n\t<meta property=\"og:image:height\" content=\"540\" \/>\n\t<meta property=\"og:image:type\" content=\"image\/jpeg\" \/>\n<meta name=\"author\" content=\"Issouf Tapsoba\" \/>\n<meta name=\"twitter:label1\" content=\"\u00c9crit par\" \/>\n\t<meta name=\"twitter:data1\" content=\"Issouf Tapsoba\" \/>\n\t<meta name=\"twitter:label2\" content=\"Dur\u00e9e de lecture estim\u00e9e\" \/>\n\t<meta name=\"twitter:data2\" content=\"1 minute\" \/>\n<script type=\"application\/ld+json\" class=\"yoast-schema-graph\">{\"@context\":\"https:\\\/\\\/schema.org\",\"@graph\":[{\"@type\":\"Article\",\"@id\":\"https:\\\/\\\/www.latribunedufaso.net\\\/?p=19865#article\",\"isPartOf\":{\"@id\":\"https:\\\/\\\/www.latribunedufaso.net\\\/?p=19865\"},\"author\":{\"name\":\"Issouf Tapsoba\",\"@id\":\"https:\\\/\\\/www.latribunedufaso.net\\\/#\\\/schema\\\/person\\\/e54e64c5778a7e72cf80a318b7a622b0\"},\"headline\":\"Ins\u00e9curit\u00e9 urbaine : La Police nationale met aux arr\u00eats une pr\u00e9sum\u00e9e auteure de s\u00e9questration qui a dur\u00e9 plus de 05 ans\",\"datePublished\":\"2025-04-08T11:33:07+00:00\",\"mainEntityOfPage\":{\"@id\":\"https:\\\/\\\/www.latribunedufaso.net\\\/?p=19865\"},\"wordCount\":311,\"commentCount\":0,\"publisher\":{\"@id\":\"https:\\\/\\\/www.latribunedufaso.net\\\/#organization\"},\"image\":{\"@id\":\"https:\\\/\\\/www.latribunedufaso.net\\\/?p=19865#primaryimage\"},\"thumbnailUrl\":\"https:\\\/\\\/www.latribunedufaso.net\\\/wp-content\\\/uploads\\\/2025\\\/04\\\/FB_IMG_1744111643651_1.jpg\",\"keywords\":[\"latribunedufaso.net\",\"Police nationale\",\"S\u00e9questration\"],\"articleSection\":[\"A la une\",\"Actualit\u00e9\",\"Soci\u00e9t\u00e9\"],\"inLanguage\":\"fr-FR\",\"potentialAction\":[{\"@type\":\"CommentAction\",\"name\":\"Comment\",\"target\":[\"https:\\\/\\\/www.latribunedufaso.net\\\/?p=19865#respond\"]}]},{\"@type\":\"WebPage\",\"@id\":\"https:\\\/\\\/www.latribunedufaso.net\\\/?p=19865\",\"url\":\"https:\\\/\\\/www.latribunedufaso.net\\\/?p=19865\",\"name\":\"Ins\u00e9curit\u00e9 urbaine : La Police nationale met aux arr\u00eats une pr\u00e9sum\u00e9e auteure de s\u00e9questration qui a dur\u00e9 plus de 05 ans - La Tribune du Faso\",\"isPartOf\":{\"@id\":\"https:\\\/\\\/www.latribunedufaso.net\\\/#website\"},\"primaryImageOfPage\":{\"@id\":\"https:\\\/\\\/www.latribunedufaso.net\\\/?p=19865#primaryimage\"},\"image\":{\"@id\":\"https:\\\/\\\/www.latribunedufaso.net\\\/?p=19865#primaryimage\"},\"thumbnailUrl\":\"https:\\\/\\\/www.latribunedufaso.net\\\/wp-content\\\/uploads\\\/2025\\\/04\\\/FB_IMG_1744111643651_1.jpg\",\"datePublished\":\"2025-04-08T11:33:07+00:00\",\"breadcrumb\":{\"@id\":\"https:\\\/\\\/www.latribunedufaso.net\\\/?p=19865#breadcrumb\"},\"inLanguage\":\"fr-FR\",\"potentialAction\":[{\"@type\":\"ReadAction\",\"target\":[\"https:\\\/\\\/www.latribunedufaso.net\\\/?p=19865\"]}]},{\"@type\":\"ImageObject\",\"inLanguage\":\"fr-FR\",\"@id\":\"https:\\\/\\\/www.latribunedufaso.net\\\/?p=19865#primaryimage\",\"url\":\"https:\\\/\\\/www.latribunedufaso.net\\\/wp-content\\\/uploads\\\/2025\\\/04\\\/FB_IMG_1744111643651_1.jpg\",\"contentUrl\":\"https:\\\/\\\/www.latribunedufaso.net\\\/wp-content\\\/uploads\\\/2025\\\/04\\\/FB_IMG_1744111643651_1.jpg\",\"width\":720,\"height\":540,\"caption\":\"La Police nationale a interpell\u00e9 une pr\u00e9sum\u00e9e auteure d\u2019enl\u00e8vement et de s\u00e9questration d\u2019une fillette\"},{\"@type\":\"BreadcrumbList\",\"@id\":\"https:\\\/\\\/www.latribunedufaso.net\\\/?p=19865#breadcrumb\",\"itemListElement\":[{\"@type\":\"ListItem\",\"position\":1,\"name\":\"Accueil\",\"item\":\"https:\\\/\\\/www.latribunedufaso.net\\\/\"},{\"@type\":\"ListItem\",\"position\":2,\"name\":\"Ins\u00e9curit\u00e9 urbaine : La Police nationale met aux arr\u00eats une pr\u00e9sum\u00e9e auteure de s\u00e9questration qui a dur\u00e9 plus de 05 ans\"}]},{\"@type\":\"WebSite\",\"@id\":\"https:\\\/\\\/www.latribunedufaso.net\\\/#website\",\"url\":\"https:\\\/\\\/www.latribunedufaso.net\\\/\",\"name\":\"La Tribune du Faso\",\"description\":\"L&#039;information du monde rural en un clic\",\"publisher\":{\"@id\":\"https:\\\/\\\/www.latribunedufaso.net\\\/#organization\"},\"potentialAction\":[{\"@type\":\"SearchAction\",\"target\":{\"@type\":\"EntryPoint\",\"urlTemplate\":\"https:\\\/\\\/www.latribunedufaso.net\\\/?s={search_term_string}\"},\"query-input\":{\"@type\":\"PropertyValueSpecification\",\"valueRequired\":true,\"valueName\":\"search_term_string\"}}],\"inLanguage\":\"fr-FR\"},{\"@type\":\"Organization\",\"@id\":\"https:\\\/\\\/www.latribunedufaso.net\\\/#organization\",\"name\":\"La Tribune du Faso\",\"url\":\"https:\\\/\\\/www.latribunedufaso.net\\\/\",\"logo\":{\"@type\":\"ImageObject\",\"inLanguage\":\"fr-FR\",\"@id\":\"https:\\\/\\\/www.latribunedufaso.net\\\/#\\\/schema\\\/logo\\\/image\\\/\",\"url\":\"https:\\\/\\\/www.latribunedufaso.net\\\/wp-content\\\/uploads\\\/2020\\\/08\\\/Logo-Tribune-du-Faso-final-scaled.jpg\",\"contentUrl\":\"https:\\\/\\\/www.latribunedufaso.net\\\/wp-content\\\/uploads\\\/2020\\\/08\\\/Logo-Tribune-du-Faso-final-scaled.jpg\",\"width\":2560,\"height\":1856,\"caption\":\"La Tribune du Faso\"},\"image\":{\"@id\":\"https:\\\/\\\/www.latribunedufaso.net\\\/#\\\/schema\\\/logo\\\/image\\\/\"},\"sameAs\":[\"https:\\\/\\\/www.facebook.com\\\/LatribuneduFaso\\\/\"]},{\"@type\":\"Person\",\"@id\":\"https:\\\/\\\/www.latribunedufaso.net\\\/#\\\/schema\\\/person\\\/e54e64c5778a7e72cf80a318b7a622b0\",\"name\":\"Issouf Tapsoba\",\"image\":{\"@type\":\"ImageObject\",\"inLanguage\":\"fr-FR\",\"@id\":\"https:\\\/\\\/secure.gravatar.com\\\/avatar\\\/5e6c05150ce3230247d167f5b94d678eb05936197436d69b7921e3a95c9107ac?s=96&d=mm&r=g\",\"url\":\"https:\\\/\\\/secure.gravatar.com\\\/avatar\\\/5e6c05150ce3230247d167f5b94d678eb05936197436d69b7921e3a95c9107ac?s=96&d=mm&r=g\",\"contentUrl\":\"https:\\\/\\\/secure.gravatar.com\\\/avatar\\\/5e6c05150ce3230247d167f5b94d678eb05936197436d69b7921e3a95c9107ac?s=96&d=mm&r=g\",\"caption\":\"Issouf Tapsoba\"},\"url\":\"https:\\\/\\\/www.latribunedufaso.net\\\/?author=5\"}]}<\/script>\n<!-- \/ Yoast SEO plugin. -->","yoast_head_json":{"title":"Ins\u00e9curit\u00e9 urbaine : La Police nationale met aux arr\u00eats une pr\u00e9sum\u00e9e auteure de s\u00e9questration qui a dur\u00e9 plus de 05 ans - La Tribune du Faso","robots":{"index":"index","follow":"follow","max-snippet":"max-snippet:-1","max-image-preview":"max-image-preview:large","max-video-preview":"max-video-preview:-1"},"canonical":"https:\/\/www.latribunedufaso.net\/?p=19865","og_locale":"fr_FR","og_type":"article","og_title":"Ins\u00e9curit\u00e9 urbaine : La Police nationale met aux arr\u00eats une pr\u00e9sum\u00e9e auteure de s\u00e9questration qui a dur\u00e9 plus de 05 ans - La Tribune du Faso","og_description":"La Division des investigations criminelles (DIC) de la police nationale, gr\u00e2ce \u00e0 une d\u00e9nonciation anonyme, a interpell\u00e9, dans une zone hors lotissement de la ville de Ouagadougou, une pr\u00e9sum\u00e9e auteure d\u2019enl\u00e8vement et de s\u00e9questration d\u2019une fillette (O.D).","og_url":"https:\/\/www.latribunedufaso.net\/?p=19865","og_site_name":"La Tribune du Faso","article_publisher":"https:\/\/www.facebook.com\/LatribuneduFaso\/","article_published_time":"2025-04-08T11:33:07+00:00","og_image":[{"width":720,"height":540,"url":"https:\/\/www.latribunedufaso.net\/wp-content\/uploads\/2025\/04\/FB_IMG_1744111643651_1.jpg","type":"image\/jpeg"}],"author":"Issouf Tapsoba","twitter_misc":{"\u00c9crit par":"Issouf Tapsoba","Dur\u00e9e de lecture estim\u00e9e":"1 minute"},"schema":{"@context":"https:\/\/schema.org","@graph":[{"@type":"Article","@id":"https:\/\/www.latribunedufaso.net\/?p=19865#article","isPartOf":{"@id":"https:\/\/www.latribunedufaso.net\/?p=19865"},"author":{"name":"Issouf Tapsoba","@id":"https:\/\/www.latribunedufaso.net\/#\/schema\/person\/e54e64c5778a7e72cf80a318b7a622b0"},"headline":"Ins\u00e9curit\u00e9 urbaine : La Police nationale met aux arr\u00eats une pr\u00e9sum\u00e9e auteure de s\u00e9questration qui a dur\u00e9 plus de 05 ans","datePublished":"2025-04-08T11:33:07+00:00","mainEntityOfPage":{"@id":"https:\/\/www.latribunedufaso.net\/?p=19865"},"wordCount":311,"commentCount":0,"publisher":{"@id":"https:\/\/www.latribunedufaso.net\/#organization"},"image":{"@id":"https:\/\/www.latribunedufaso.net\/?p=19865#primaryimage"},"thumbnailUrl":"https:\/\/www.latribunedufaso.net\/wp-content\/uploads\/2025\/04\/FB_IMG_1744111643651_1.jpg","keywords":["latribunedufaso.net","Police nationale","S\u00e9questration"],"articleSection":["A la une","Actualit\u00e9","Soci\u00e9t\u00e9"],"inLanguage":"fr-FR","potentialAction":[{"@type":"CommentAction","name":"Comment","target":["https:\/\/www.latribunedufaso.net\/?p=19865#respond"]}]},{"@type":"WebPage","@id":"https:\/\/www.latribunedufaso.net\/?p=19865","url":"https:\/\/www.latribunedufaso.net\/?p=19865","name":"Ins\u00e9curit\u00e9 urbaine : La Police nationale met aux arr\u00eats une pr\u00e9sum\u00e9e auteure de s\u00e9questration qui a dur\u00e9 plus de 05 ans - La Tribune du Faso","isPartOf":{"@id":"https:\/\/www.latribunedufaso.net\/#website"},"primaryImageOfPage":{"@id":"https:\/\/www.latribunedufaso.net\/?p=19865#primaryimage"},"image":{"@id":"https:\/\/www.latribunedufaso.net\/?p=19865#primaryimage"},"thumbnailUrl":"https:\/\/www.latribunedufaso.net\/wp-content\/uploads\/2025\/04\/FB_IMG_1744111643651_1.jpg","datePublished":"2025-04-08T11:33:07+00:00","breadcrumb":{"@id":"https:\/\/www.latribunedufaso.net\/?p=19865#breadcrumb"},"inLanguage":"fr-FR","potentialAction":[{"@type":"ReadAction","target":["https:\/\/www.latribunedufaso.net\/?p=19865"]}]},{"@type":"ImageObject","inLanguage":"fr-FR","@id":"https:\/\/www.latribunedufaso.net\/?p=19865#primaryimage","url":"https:\/\/www.latribunedufaso.net\/wp-content\/uploads\/2025\/04\/FB_IMG_1744111643651_1.jpg","contentUrl":"https:\/\/www.latribunedufaso.net\/wp-content\/uploads\/2025\/04\/FB_IMG_1744111643651_1.jpg","width":720,"height":540,"caption":"La Police nationale a interpell\u00e9 une pr\u00e9sum\u00e9e auteure d\u2019enl\u00e8vement et de s\u00e9questration d\u2019une fillette"},{"@type":"BreadcrumbList","@id":"https:\/\/www.latribunedufaso.net\/?p=19865#breadcrumb","itemListElement":[{"@type":"ListItem","position":1,"name":"Accueil","item":"https:\/\/www.latribunedufaso.net\/"},{"@type":"ListItem","position":2,"name":"Ins\u00e9curit\u00e9 urbaine : La Police nationale met aux arr\u00eats une pr\u00e9sum\u00e9e auteure de s\u00e9questration qui a dur\u00e9 plus de 05 ans"}]},{"@type":"WebSite","@id":"https:\/\/www.latribunedufaso.net\/#website","url":"https:\/\/www.latribunedufaso.net\/","name":"La Tribune du Faso","description":"L&#039;information du monde rural en un clic","publisher":{"@id":"https:\/\/www.latribunedufaso.net\/#organization"},"potentialAction":[{"@type":"SearchAction","target":{"@type":"EntryPoint","urlTemplate":"https:\/\/www.latribunedufaso.net\/?s={search_term_string}"},"query-input":{"@type":"PropertyValueSpecification","valueRequired":true,"valueName":"search_term_string"}}],"inLanguage":"fr-FR"},{"@type":"Organization","@id":"https:\/\/www.latribunedufaso.net\/#organization","name":"La Tribune du Faso","url":"https:\/\/www.latribunedufaso.net\/","logo":{"@type":"ImageObject","inLanguage":"fr-FR","@id":"https:\/\/www.latribunedufaso.net\/#\/schema\/logo\/image\/","url":"https:\/\/www.latribunedufaso.net\/wp-content\/uploads\/2020\/08\/Logo-Tribune-du-Faso-final-scaled.jpg","contentUrl":"https:\/\/www.latribunedufaso.net\/wp-content\/uploads\/2020\/08\/Logo-Tribune-du-Faso-final-scaled.jpg","width":2560,"height":1856,"caption":"La Tribune du Faso"},"image":{"@id":"https:\/\/www.latribunedufaso.net\/#\/schema\/logo\/image\/"},"sameAs":["https:\/\/www.facebook.com\/LatribuneduFaso\/"]},{"@type":"Person","@id":"https:\/\/www.latribunedufaso.net\/#\/schema\/person\/e54e64c5778a7e72cf80a318b7a622b0","name":"Issouf Tapsoba","image":{"@type":"ImageObject","inLanguage":"fr-FR","@id":"https:\/\/secure.gravatar.com\/avatar\/5e6c05150ce3230247d167f5b94d678eb05936197436d69b7921e3a95c9107ac?s=96&d=mm&r=g","url":"https:\/\/secure.gravatar.com\/avatar\/5e6c05150ce3230247d167f5b94d678eb05936197436d69b7921e3a95c9107ac?s=96&d=mm&r=g","contentUrl":"https:\/\/secure.gravatar.com\/avatar\/5e6c05150ce3230247d167f5b94d678eb05936197436d69b7921e3a95c9107ac?s=96&d=mm&r=g","caption":"Issouf Tapsoba"},"url":"https:\/\/www.latribunedufaso.net\/?author=5"}]}},"_links":{"self":[{"href":"https:\/\/www.latribunedufaso.net\/index.php?rest_route=\/wp\/v2\/posts\/19865","targetHints":{"allow":["GET"]}}],"collection":[{"href":"https:\/\/www.latribunedufaso.net\/index.php?rest_route=\/wp\/v2\/posts"}],"about":[{"href":"https:\/\/www.latribunedufaso.net\/index.php?rest_route=\/wp\/v2\/types\/post"}],"author":[{"embeddable":true,"href":"https:\/\/www.latribunedufaso.net\/index.php?rest_route=\/wp\/v2\/users\/5"}],"replies":[{"embeddable":true,"href":"https:\/\/www.latribunedufaso.net\/index.php?rest_route=%2Fwp%2Fv2%2Fcomments&post=19865"}],"version-history":[{"count":1,"href":"https:\/\/www.latribunedufaso.net\/index.php?rest_route=\/wp\/v2\/posts\/19865\/revisions"}],"predecessor-version":[{"id":19867,"href":"https:\/\/www.latribunedufaso.net\/index.php?rest_route=\/wp\/v2\/posts\/19865\/revisions\/19867"}],"wp:featuredmedia":[{"embeddable":true,"href":"https:\/\/www.latribunedufaso.net\/index.php?rest_route=\/wp\/v2\/media\/19866"}],"wp:attachment":[{"href":"https:\/\/www.latribunedufaso.net\/index.php?rest_route=%2Fwp%2Fv2%2Fmedia&parent=19865"}],"wp:term":[{"taxonomy":"category","embeddable":true,"href":"https:\/\/www.latribunedufaso.net\/index.php?rest_route=%2Fwp%2Fv2%2Fcategories&post=19865"},{"taxonomy":"post_tag","embeddable":true,"href":"https:\/\/www.latribunedufaso.net\/index.php?rest_route=%2Fwp%2Fv2%2Ftags&post=19865"}],"curies":[{"name":"wp","href":"https:\/\/api.w.org\/{rel}","templated":true}]}}