{"id":19808,"date":"2025-04-04T10:54:57","date_gmt":"2025-04-04T10:54:57","guid":{"rendered":"https:\/\/www.latribunedufaso.net\/?p=19808"},"modified":"2025-04-05T11:18:02","modified_gmt":"2025-04-05T11:18:02","slug":"financement-des-medias-a-lere-du-numerique-le-forum-des-nouveaux-medias-pose-le-debat","status":"publish","type":"post","link":"https:\/\/www.latribunedufaso.net\/?p=19808","title":{"rendered":"Financement des m\u00e9dias \u00e0 l\u2019\u00e8re du num\u00e9rique : Le Forum des nouveaux m\u00e9dias pose le d\u00e9bat"},"content":{"rendered":"<p><strong><em>\u00ab Regard crois\u00e9 sur le financement des nouveaux m\u00e9dias \u00bb<\/em>, c\u2019est sur ce th\u00e8me que s\u2019est tenu le deuxi\u00e8me panel de la premi\u00e8re \u00e9dition du Forum des nouveaux m\u00e9dias, organis\u00e9 du 03 au 05 avril 2025 \u00e0 Ouagadougou. Le panel a \u00e9t\u00e9 anim\u00e9 par le consultant en communication, Cheikh Omar Bandaogo et le Directeur des affaires juridiques et contentieux du Fonds d\u2019appui \u00e0 la presse priv\u00e9e (FAPP), Lehman Sibid\u00e9. <\/strong><!--more--><\/p>\n<p>Au Burkina Faso, la presse priv\u00e9e rencontre des difficult\u00e9s \u00e9conomiques causant souvent la fermeture de certains m\u00e9dias. Au regard du r\u00f4le central qu&rsquo;elle joue dans le renforcement de la d\u00e9mocratie, l\u2019Etat a d\u00e9cid\u00e9 d&rsquo;octroyer \u00e0 la presse priv\u00e9e une subvention.<\/p>\n<p>Le Fonds d\u2019appui \u00e0 la presse priv\u00e9e (FAPP) a donc \u00e9t\u00e9 cr\u00e9\u00e9 pour remplir cette mission. Il met \u00e0 la disposition des m\u00e9dias priv\u00e9s des m\u00e9canismes financiers pour assurer leur viabilit\u00e9.<\/p>\n<figure id=\"attachment_19809\" aria-describedby=\"caption-attachment-19809\" style=\"width: 2560px\" class=\"wp-caption aligncenter\"><a href=\"https:\/\/www.latribunedufaso.net\/wp-content\/uploads\/2025\/04\/IMG_20250403_124315_204-scaled.jpg\"><img loading=\"lazy\" decoding=\"async\" class=\"size-full wp-image-19809\" src=\"https:\/\/www.latribunedufaso.net\/wp-content\/uploads\/2025\/04\/IMG_20250403_124315_204-scaled.jpg\" alt=\"Panel 2 du forum des nouveaux m\u00e9dias, 3 au 5 avril 2025\" width=\"2560\" height=\"1920\" srcset=\"https:\/\/www.latribunedufaso.net\/wp-content\/uploads\/2025\/04\/IMG_20250403_124315_204-scaled.jpg 2560w, https:\/\/www.latribunedufaso.net\/wp-content\/uploads\/2025\/04\/IMG_20250403_124315_204-300x225.jpg 300w, https:\/\/www.latribunedufaso.net\/wp-content\/uploads\/2025\/04\/IMG_20250403_124315_204-1024x768.jpg 1024w, https:\/\/www.latribunedufaso.net\/wp-content\/uploads\/2025\/04\/IMG_20250403_124315_204-768x576.jpg 768w, https:\/\/www.latribunedufaso.net\/wp-content\/uploads\/2025\/04\/IMG_20250403_124315_204-1536x1152.jpg 1536w, https:\/\/www.latribunedufaso.net\/wp-content\/uploads\/2025\/04\/IMG_20250403_124315_204-2048x1536.jpg 2048w\" sizes=\"auto, (max-width: 2560px) 100vw, 2560px\" \/><\/a><figcaption id=\"caption-attachment-19809\" class=\"wp-caption-text\">Le Directeur des affaires juridiques et contentieux du Fonds d\u2019appui \u00e0 la presse priv\u00e9e (FAPP), Lehman Sibid\u00e9 &#8211; Ph. I. Tapsoba<\/figcaption><\/figure>\n<p>Dans son intervention, le Directeur des affaires juridiques et contentieux du FAPP Lehman Sibid\u00e9 a pr\u00e9sent\u00e9 deux dispositifs majeurs : la subvention annuelle de l\u2019\u00c9tat et des cr\u00e9dits <em><strong>\u00ab \u00e0 des taux d\u00e9fiant toute concurrence (4%) \u00bb<\/strong><\/em>.<\/p>\n<p>La subvention est destin\u00e9e aux entreprises de presse priv\u00e9e de droit burkinab\u00e8, non confessionnelles et non affili\u00e9es \u00e0 un parti politique. Les b\u00e9n\u00e9ficiaires doivent disposer d\u2019une r\u00e9daction structur\u00e9e et \u00eatre en r\u00e8gle vis-\u00e0-vis de leurs obligations fiscales et sociales. Pour les nouveaux m\u00e9dias, des crit\u00e8res sp\u00e9cifiques s\u2019ajoutent, notamment \u00eatre un pure player (m\u00e9dia exclusivement en ligne) et publier quotidiennement avec au moins deux journalistes professionnels, a ajout\u00e9 M. Sibid\u00e9.<\/p>\n<figure id=\"attachment_19812\" aria-describedby=\"caption-attachment-19812\" style=\"width: 600px\" class=\"wp-caption aligncenter\"><a href=\"https:\/\/www.latribunedufaso.net\/wp-content\/uploads\/2025\/04\/whatsapp_image_2025-04-03_at_22.46_06-59e3f.jpg\"><img loading=\"lazy\" decoding=\"async\" class=\"size-full wp-image-19812\" src=\"https:\/\/www.latribunedufaso.net\/wp-content\/uploads\/2025\/04\/whatsapp_image_2025-04-03_at_22.46_06-59e3f.jpg\" alt=\"Panel 2 du forum des nouveaux m\u00e9dias, 3 au 5 avril 2025\" width=\"600\" height=\"452\" srcset=\"https:\/\/www.latribunedufaso.net\/wp-content\/uploads\/2025\/04\/whatsapp_image_2025-04-03_at_22.46_06-59e3f.jpg 600w, https:\/\/www.latribunedufaso.net\/wp-content\/uploads\/2025\/04\/whatsapp_image_2025-04-03_at_22.46_06-59e3f-300x226.jpg 300w\" sizes=\"auto, (max-width: 600px) 100vw, 600px\" \/><\/a><figcaption id=\"caption-attachment-19812\" class=\"wp-caption-text\">Une vue des participants aux panels eu Forum &#8211; Ph. Lefaso.net<\/figcaption><\/figure>\n<p>Selon lui, les cr\u00e9dits propos\u00e9s par le FAPP aux m\u00e9dias priv\u00e9s sont destin\u00e9s \u00e0 renforcer la tr\u00e9sorerie, d\u2019acqu\u00e9rir du mat\u00e9riel ou de financer des investissements. Les montants varient de 1 \u00e0 9 millions FCFA pour le cr\u00e9dit de tr\u00e9sorerie, 5 \u00e0 50 millions FCFA pour le cr\u00e9dit d\u2019\u00e9quipement et jusqu\u2019\u00e0 300 millions FCFA pour les cr\u00e9dits d\u2019investissement (projets collectifs). Sont \u00e9ligibles, les entreprises de presse priv\u00e9e burkinab\u00e8 disposant d\u2019un projet structurant.<\/p>\n<p>Cependant, la question du mod\u00e8le \u00e9conomique des m\u00e9dias reste cruciale \u00e0 l\u2019\u00e8re du num\u00e9rique. Le consultant en communication, Cheikh Omar Bandaogo a fait sa communication sur le sous-th\u00e8me : <em><strong>\u00ab Quel mod\u00e8le \u00e9conomique des m\u00e9dias \u00e0 l\u2019\u00e8re du num\u00e9rique ? \u00bb.<\/strong><\/em><\/p>\n<figure id=\"attachment_19810\" aria-describedby=\"caption-attachment-19810\" style=\"width: 2560px\" class=\"wp-caption aligncenter\"><a href=\"https:\/\/www.latribunedufaso.net\/wp-content\/uploads\/2025\/04\/IMG_20250403_124323_871-scaled.jpg\"><img loading=\"lazy\" decoding=\"async\" class=\"size-full wp-image-19810\" src=\"https:\/\/www.latribunedufaso.net\/wp-content\/uploads\/2025\/04\/IMG_20250403_124323_871-scaled.jpg\" alt=\"Panel 2 du forum des nouveaux m\u00e9dias, 3 au 5 avril 2025\" width=\"2560\" height=\"1920\" srcset=\"https:\/\/www.latribunedufaso.net\/wp-content\/uploads\/2025\/04\/IMG_20250403_124323_871-scaled.jpg 2560w, https:\/\/www.latribunedufaso.net\/wp-content\/uploads\/2025\/04\/IMG_20250403_124323_871-300x225.jpg 300w, https:\/\/www.latribunedufaso.net\/wp-content\/uploads\/2025\/04\/IMG_20250403_124323_871-1024x768.jpg 1024w, https:\/\/www.latribunedufaso.net\/wp-content\/uploads\/2025\/04\/IMG_20250403_124323_871-768x576.jpg 768w, https:\/\/www.latribunedufaso.net\/wp-content\/uploads\/2025\/04\/IMG_20250403_124323_871-1536x1152.jpg 1536w, https:\/\/www.latribunedufaso.net\/wp-content\/uploads\/2025\/04\/IMG_20250403_124323_871-2048x1536.jpg 2048w\" sizes=\"auto, (max-width: 2560px) 100vw, 2560px\" \/><\/a><figcaption id=\"caption-attachment-19810\" class=\"wp-caption-text\">Le consultant en communication, Cheikh Omar Bandaogo &#8211; Ph. I. Tapsoba<\/figcaption><\/figure>\n<p>Il rappelle que le mod\u00e8le classique reposait sur la vente de journaux, la facturation des reportages et les revenus publicitaires. Ce mod\u00e8le, qui a longtemps fonctionn\u00e9, est aujourd\u2019hui boulevers\u00e9 par l\u2019essor des plateformes num\u00e9riques. Les annonceurs, qui constituaient une source majeure de financement, se tournent d\u00e9sormais vers des espaces o\u00f9 ils peuvent mieux mesurer leur audience.<\/p>\n<p>Cette mutation a plong\u00e9 de nombreux m\u00e9dias dans une double crise. En interne, on observe une multiplication des supports avec des contenus peu diff\u00e9renci\u00e9s, ce qui entraine une perte de confiance du public. En externe, la conjoncture \u00e9conomique et la baisse des revenus publicitaires aggravent la situation.<\/p>\n<p>Pour y rem\u00e9dier, M. Bandaogo a propos\u00e9 des pistes de solutions. Il s\u2019agit notamment de la transformation \u00e9ditoriale (sp\u00e9cialisation du m\u00e9dia), du recours au freelance et du changement de p\u00e9riodicit\u00e9 pour r\u00e9duire les charges.<\/p>\n<p>Par ailleurs, les m\u00e9dias peuvent diversifier leurs sources de revenus en nouant des partenariats \u00e9ditoriaux, en soumettant des projets aux organisations internationales ou en adoptant un syst\u00e8me d\u2019abonnement.<\/p>\n<p>L\u2019ouverture du capital, la mon\u00e9tisation des pages sur les r\u00e9seaux sociaux et l\u2019ajout d\u2019activit\u00e9s annexes comme une agence de communication ou l\u2019organisation d\u2019\u00e9v\u00e9nements sont autant de strat\u00e9gies propos\u00e9es par le Cheikh Omar Bandaogo pour assurer une meilleure p\u00e9rennit\u00e9 financi\u00e8re des m\u00e9dias \u00e0 l\u2019\u00e8re du num\u00e9rique.<\/p>\n<blockquote>\n<p>Lire aussi &gt;&gt; <a href=\"https:\/\/www.latribunedufaso.net\/?p=19802\">R\u00e9gulation des nouveaux m\u00e9dias et cyber s\u00e9curit\u00e9 : Le CSC et la BCLCC posent le d\u00e9bat dans un contexte de d\u00e9fis s\u00e9curitaire<\/a><\/p>\n<\/blockquote>\n<p>Le panel a \u00e9t\u00e9 mod\u00e9r\u00e9 par Abdoulaye Tao, Conseiller au Conseil sup\u00e9rieur de la communication. Il a soulign\u00e9 la pertinence du th\u00e8me qui permettra aux acteurs des m\u00e9dias de trouver des strat\u00e9gies pour faire face aux difficult\u00e9s \u00e9conomiques.<\/p>\n<p><strong>Issouf TAPSOBA<\/strong><\/p>\n<p><strong>latribunedufaso.net<\/strong><\/p>\n","protected":false},"excerpt":{"rendered":"<p>\u00ab Regard crois\u00e9 sur le financement des nouveaux m\u00e9dias \u00bb, c\u2019est sur ce th\u00e8me que s\u2019est tenu le deuxi\u00e8me panel de la premi\u00e8re \u00e9dition du Forum des nouveaux m\u00e9dias, organis\u00e9 du 03 au 05 avril 2025 \u00e0 Ouagadougou. Le panel a \u00e9t\u00e9 anim\u00e9 par le consultant en communication, Cheikh Omar Bandaogo et le Directeur des affaires juridiques et contentieux du Fonds d\u2019appui \u00e0 la presse priv\u00e9e (FAPP), Lehman Sibid\u00e9.<\/p>\n","protected":false},"author":5,"featured_media":19811,"comment_status":"open","ping_status":"open","sticky":false,"template":"","format":"standard","meta":{"footnotes":""},"categories":[13,1,8],"tags":[860,812,39],"class_list":["post-19808","post","type-post","status-publish","format-standard","has-post-thumbnail","hentry","category-une","category-actu","category-societe","tag-economie-des-medias","tag-forum-des-nouveaux-medias","tag-latribunedufaso-net"],"yoast_head":"<!-- This site is optimized with the Yoast SEO plugin v27.4 - https:\/\/yoast.com\/product\/yoast-seo-wordpress\/ -->\n<title>Financement des m\u00e9dias \u00e0 l\u2019\u00e8re du num\u00e9rique : Le Forum des nouveaux m\u00e9dias pose le d\u00e9bat - La Tribune du Faso<\/title>\n<meta name=\"robots\" content=\"index, follow, max-snippet:-1, max-image-preview:large, max-video-preview:-1\" \/>\n<link rel=\"canonical\" href=\"https:\/\/www.latribunedufaso.net\/?p=19808\" \/>\n<meta property=\"og:locale\" content=\"fr_FR\" \/>\n<meta property=\"og:type\" content=\"article\" \/>\n<meta property=\"og:title\" content=\"Financement des m\u00e9dias \u00e0 l\u2019\u00e8re du num\u00e9rique : Le Forum des nouveaux m\u00e9dias pose le d\u00e9bat - La Tribune du Faso\" \/>\n<meta property=\"og:description\" content=\"\u00ab Regard crois\u00e9 sur le financement des nouveaux m\u00e9dias \u00bb, c\u2019est sur ce th\u00e8me que s\u2019est tenu le deuxi\u00e8me panel de la premi\u00e8re \u00e9dition du Forum des nouveaux m\u00e9dias, organis\u00e9 du 03 au 05 avril 2025 \u00e0 Ouagadougou. Le panel a \u00e9t\u00e9 anim\u00e9 par le consultant en communication, Cheikh Omar Bandaogo et le Directeur des affaires juridiques et contentieux du Fonds d\u2019appui \u00e0 la presse priv\u00e9e (FAPP), Lehman Sibid\u00e9.\" \/>\n<meta property=\"og:url\" content=\"https:\/\/www.latribunedufaso.net\/?p=19808\" \/>\n<meta property=\"og:site_name\" content=\"La Tribune du Faso\" \/>\n<meta property=\"article:publisher\" content=\"https:\/\/www.facebook.com\/LatribuneduFaso\/\" \/>\n<meta property=\"article:published_time\" content=\"2025-04-04T10:54:57+00:00\" \/>\n<meta property=\"article:modified_time\" content=\"2025-04-05T11:18:02+00:00\" \/>\n<meta property=\"og:image\" content=\"https:\/\/www.latribunedufaso.net\/wp-content\/uploads\/2025\/04\/IMG_20250403_124303_456-scaled.jpg\" \/>\n\t<meta property=\"og:image:width\" content=\"2560\" \/>\n\t<meta property=\"og:image:height\" content=\"1920\" \/>\n\t<meta property=\"og:image:type\" content=\"image\/jpeg\" \/>\n<meta name=\"author\" content=\"Issouf Tapsoba\" \/>\n<meta name=\"twitter:label1\" content=\"\u00c9crit par\" \/>\n\t<meta name=\"twitter:data1\" content=\"Issouf Tapsoba\" \/>\n\t<meta name=\"twitter:label2\" content=\"Dur\u00e9e de lecture estim\u00e9e\" \/>\n\t<meta name=\"twitter:data2\" content=\"4 minutes\" \/>\n<script type=\"application\/ld+json\" class=\"yoast-schema-graph\">{\"@context\":\"https:\\\/\\\/schema.org\",\"@graph\":[{\"@type\":\"Article\",\"@id\":\"https:\\\/\\\/www.latribunedufaso.net\\\/?p=19808#article\",\"isPartOf\":{\"@id\":\"https:\\\/\\\/www.latribunedufaso.net\\\/?p=19808\"},\"author\":{\"name\":\"Issouf Tapsoba\",\"@id\":\"https:\\\/\\\/www.latribunedufaso.net\\\/#\\\/schema\\\/person\\\/e54e64c5778a7e72cf80a318b7a622b0\"},\"headline\":\"Financement des m\u00e9dias \u00e0 l\u2019\u00e8re du num\u00e9rique : Le Forum des nouveaux m\u00e9dias pose le d\u00e9bat\",\"datePublished\":\"2025-04-04T10:54:57+00:00\",\"dateModified\":\"2025-04-05T11:18:02+00:00\",\"mainEntityOfPage\":{\"@id\":\"https:\\\/\\\/www.latribunedufaso.net\\\/?p=19808\"},\"wordCount\":804,\"commentCount\":0,\"publisher\":{\"@id\":\"https:\\\/\\\/www.latribunedufaso.net\\\/#organization\"},\"image\":{\"@id\":\"https:\\\/\\\/www.latribunedufaso.net\\\/?p=19808#primaryimage\"},\"thumbnailUrl\":\"https:\\\/\\\/www.latribunedufaso.net\\\/wp-content\\\/uploads\\\/2025\\\/04\\\/IMG_20250403_124303_456-scaled.jpg\",\"keywords\":[\"\u00c9conomie des m\u00e9dias\",\"Forum des nouveaux m\u00e9dias\",\"latribunedufaso.net\"],\"articleSection\":[\"A la une\",\"Actualit\u00e9\",\"Soci\u00e9t\u00e9\"],\"inLanguage\":\"fr-FR\",\"potentialAction\":[{\"@type\":\"CommentAction\",\"name\":\"Comment\",\"target\":[\"https:\\\/\\\/www.latribunedufaso.net\\\/?p=19808#respond\"]}]},{\"@type\":\"WebPage\",\"@id\":\"https:\\\/\\\/www.latribunedufaso.net\\\/?p=19808\",\"url\":\"https:\\\/\\\/www.latribunedufaso.net\\\/?p=19808\",\"name\":\"Financement des m\u00e9dias \u00e0 l\u2019\u00e8re du num\u00e9rique : Le Forum des nouveaux m\u00e9dias pose le d\u00e9bat - La Tribune du Faso\",\"isPartOf\":{\"@id\":\"https:\\\/\\\/www.latribunedufaso.net\\\/#website\"},\"primaryImageOfPage\":{\"@id\":\"https:\\\/\\\/www.latribunedufaso.net\\\/?p=19808#primaryimage\"},\"image\":{\"@id\":\"https:\\\/\\\/www.latribunedufaso.net\\\/?p=19808#primaryimage\"},\"thumbnailUrl\":\"https:\\\/\\\/www.latribunedufaso.net\\\/wp-content\\\/uploads\\\/2025\\\/04\\\/IMG_20250403_124303_456-scaled.jpg\",\"datePublished\":\"2025-04-04T10:54:57+00:00\",\"dateModified\":\"2025-04-05T11:18:02+00:00\",\"breadcrumb\":{\"@id\":\"https:\\\/\\\/www.latribunedufaso.net\\\/?p=19808#breadcrumb\"},\"inLanguage\":\"fr-FR\",\"potentialAction\":[{\"@type\":\"ReadAction\",\"target\":[\"https:\\\/\\\/www.latribunedufaso.net\\\/?p=19808\"]}]},{\"@type\":\"ImageObject\",\"inLanguage\":\"fr-FR\",\"@id\":\"https:\\\/\\\/www.latribunedufaso.net\\\/?p=19808#primaryimage\",\"url\":\"https:\\\/\\\/www.latribunedufaso.net\\\/wp-content\\\/uploads\\\/2025\\\/04\\\/IMG_20250403_124303_456-scaled.jpg\",\"contentUrl\":\"https:\\\/\\\/www.latribunedufaso.net\\\/wp-content\\\/uploads\\\/2025\\\/04\\\/IMG_20250403_124303_456-scaled.jpg\",\"width\":2560,\"height\":1920,\"caption\":\"Panel 2 du forum des nouveaux m\u00e9dias, 3 au 5 avril 2025\"},{\"@type\":\"BreadcrumbList\",\"@id\":\"https:\\\/\\\/www.latribunedufaso.net\\\/?p=19808#breadcrumb\",\"itemListElement\":[{\"@type\":\"ListItem\",\"position\":1,\"name\":\"Accueil\",\"item\":\"https:\\\/\\\/www.latribunedufaso.net\\\/\"},{\"@type\":\"ListItem\",\"position\":2,\"name\":\"Financement des m\u00e9dias \u00e0 l\u2019\u00e8re du num\u00e9rique : Le Forum des nouveaux m\u00e9dias pose le d\u00e9bat\"}]},{\"@type\":\"WebSite\",\"@id\":\"https:\\\/\\\/www.latribunedufaso.net\\\/#website\",\"url\":\"https:\\\/\\\/www.latribunedufaso.net\\\/\",\"name\":\"La Tribune du Faso\",\"description\":\"L&#039;information du monde rural en un clic\",\"publisher\":{\"@id\":\"https:\\\/\\\/www.latribunedufaso.net\\\/#organization\"},\"potentialAction\":[{\"@type\":\"SearchAction\",\"target\":{\"@type\":\"EntryPoint\",\"urlTemplate\":\"https:\\\/\\\/www.latribunedufaso.net\\\/?s={search_term_string}\"},\"query-input\":{\"@type\":\"PropertyValueSpecification\",\"valueRequired\":true,\"valueName\":\"search_term_string\"}}],\"inLanguage\":\"fr-FR\"},{\"@type\":\"Organization\",\"@id\":\"https:\\\/\\\/www.latribunedufaso.net\\\/#organization\",\"name\":\"La Tribune du Faso\",\"url\":\"https:\\\/\\\/www.latribunedufaso.net\\\/\",\"logo\":{\"@type\":\"ImageObject\",\"inLanguage\":\"fr-FR\",\"@id\":\"https:\\\/\\\/www.latribunedufaso.net\\\/#\\\/schema\\\/logo\\\/image\\\/\",\"url\":\"https:\\\/\\\/www.latribunedufaso.net\\\/wp-content\\\/uploads\\\/2020\\\/08\\\/Logo-Tribune-du-Faso-final-scaled.jpg\",\"contentUrl\":\"https:\\\/\\\/www.latribunedufaso.net\\\/wp-content\\\/uploads\\\/2020\\\/08\\\/Logo-Tribune-du-Faso-final-scaled.jpg\",\"width\":2560,\"height\":1856,\"caption\":\"La Tribune du Faso\"},\"image\":{\"@id\":\"https:\\\/\\\/www.latribunedufaso.net\\\/#\\\/schema\\\/logo\\\/image\\\/\"},\"sameAs\":[\"https:\\\/\\\/www.facebook.com\\\/LatribuneduFaso\\\/\"]},{\"@type\":\"Person\",\"@id\":\"https:\\\/\\\/www.latribunedufaso.net\\\/#\\\/schema\\\/person\\\/e54e64c5778a7e72cf80a318b7a622b0\",\"name\":\"Issouf Tapsoba\",\"image\":{\"@type\":\"ImageObject\",\"inLanguage\":\"fr-FR\",\"@id\":\"https:\\\/\\\/secure.gravatar.com\\\/avatar\\\/5e6c05150ce3230247d167f5b94d678eb05936197436d69b7921e3a95c9107ac?s=96&d=mm&r=g\",\"url\":\"https:\\\/\\\/secure.gravatar.com\\\/avatar\\\/5e6c05150ce3230247d167f5b94d678eb05936197436d69b7921e3a95c9107ac?s=96&d=mm&r=g\",\"contentUrl\":\"https:\\\/\\\/secure.gravatar.com\\\/avatar\\\/5e6c05150ce3230247d167f5b94d678eb05936197436d69b7921e3a95c9107ac?s=96&d=mm&r=g\",\"caption\":\"Issouf Tapsoba\"},\"url\":\"https:\\\/\\\/www.latribunedufaso.net\\\/?author=5\"}]}<\/script>\n<!-- \/ Yoast SEO plugin. -->","yoast_head_json":{"title":"Financement des m\u00e9dias \u00e0 l\u2019\u00e8re du num\u00e9rique : Le Forum des nouveaux m\u00e9dias pose le d\u00e9bat - La Tribune du Faso","robots":{"index":"index","follow":"follow","max-snippet":"max-snippet:-1","max-image-preview":"max-image-preview:large","max-video-preview":"max-video-preview:-1"},"canonical":"https:\/\/www.latribunedufaso.net\/?p=19808","og_locale":"fr_FR","og_type":"article","og_title":"Financement des m\u00e9dias \u00e0 l\u2019\u00e8re du num\u00e9rique : Le Forum des nouveaux m\u00e9dias pose le d\u00e9bat - La Tribune du Faso","og_description":"\u00ab Regard crois\u00e9 sur le financement des nouveaux m\u00e9dias \u00bb, c\u2019est sur ce th\u00e8me que s\u2019est tenu le deuxi\u00e8me panel de la premi\u00e8re \u00e9dition du Forum des nouveaux m\u00e9dias, organis\u00e9 du 03 au 05 avril 2025 \u00e0 Ouagadougou. Le panel a \u00e9t\u00e9 anim\u00e9 par le consultant en communication, Cheikh Omar Bandaogo et le Directeur des affaires juridiques et contentieux du Fonds d\u2019appui \u00e0 la presse priv\u00e9e (FAPP), Lehman Sibid\u00e9.","og_url":"https:\/\/www.latribunedufaso.net\/?p=19808","og_site_name":"La Tribune du Faso","article_publisher":"https:\/\/www.facebook.com\/LatribuneduFaso\/","article_published_time":"2025-04-04T10:54:57+00:00","article_modified_time":"2025-04-05T11:18:02+00:00","og_image":[{"width":2560,"height":1920,"url":"https:\/\/www.latribunedufaso.net\/wp-content\/uploads\/2025\/04\/IMG_20250403_124303_456-scaled.jpg","type":"image\/jpeg"}],"author":"Issouf Tapsoba","twitter_misc":{"\u00c9crit par":"Issouf Tapsoba","Dur\u00e9e de lecture estim\u00e9e":"4 minutes"},"schema":{"@context":"https:\/\/schema.org","@graph":[{"@type":"Article","@id":"https:\/\/www.latribunedufaso.net\/?p=19808#article","isPartOf":{"@id":"https:\/\/www.latribunedufaso.net\/?p=19808"},"author":{"name":"Issouf Tapsoba","@id":"https:\/\/www.latribunedufaso.net\/#\/schema\/person\/e54e64c5778a7e72cf80a318b7a622b0"},"headline":"Financement des m\u00e9dias \u00e0 l\u2019\u00e8re du num\u00e9rique : Le Forum des nouveaux m\u00e9dias pose le d\u00e9bat","datePublished":"2025-04-04T10:54:57+00:00","dateModified":"2025-04-05T11:18:02+00:00","mainEntityOfPage":{"@id":"https:\/\/www.latribunedufaso.net\/?p=19808"},"wordCount":804,"commentCount":0,"publisher":{"@id":"https:\/\/www.latribunedufaso.net\/#organization"},"image":{"@id":"https:\/\/www.latribunedufaso.net\/?p=19808#primaryimage"},"thumbnailUrl":"https:\/\/www.latribunedufaso.net\/wp-content\/uploads\/2025\/04\/IMG_20250403_124303_456-scaled.jpg","keywords":["\u00c9conomie des m\u00e9dias","Forum des nouveaux m\u00e9dias","latribunedufaso.net"],"articleSection":["A la une","Actualit\u00e9","Soci\u00e9t\u00e9"],"inLanguage":"fr-FR","potentialAction":[{"@type":"CommentAction","name":"Comment","target":["https:\/\/www.latribunedufaso.net\/?p=19808#respond"]}]},{"@type":"WebPage","@id":"https:\/\/www.latribunedufaso.net\/?p=19808","url":"https:\/\/www.latribunedufaso.net\/?p=19808","name":"Financement des m\u00e9dias \u00e0 l\u2019\u00e8re du num\u00e9rique : Le Forum des nouveaux m\u00e9dias pose le d\u00e9bat - La Tribune du Faso","isPartOf":{"@id":"https:\/\/www.latribunedufaso.net\/#website"},"primaryImageOfPage":{"@id":"https:\/\/www.latribunedufaso.net\/?p=19808#primaryimage"},"image":{"@id":"https:\/\/www.latribunedufaso.net\/?p=19808#primaryimage"},"thumbnailUrl":"https:\/\/www.latribunedufaso.net\/wp-content\/uploads\/2025\/04\/IMG_20250403_124303_456-scaled.jpg","datePublished":"2025-04-04T10:54:57+00:00","dateModified":"2025-04-05T11:18:02+00:00","breadcrumb":{"@id":"https:\/\/www.latribunedufaso.net\/?p=19808#breadcrumb"},"inLanguage":"fr-FR","potentialAction":[{"@type":"ReadAction","target":["https:\/\/www.latribunedufaso.net\/?p=19808"]}]},{"@type":"ImageObject","inLanguage":"fr-FR","@id":"https:\/\/www.latribunedufaso.net\/?p=19808#primaryimage","url":"https:\/\/www.latribunedufaso.net\/wp-content\/uploads\/2025\/04\/IMG_20250403_124303_456-scaled.jpg","contentUrl":"https:\/\/www.latribunedufaso.net\/wp-content\/uploads\/2025\/04\/IMG_20250403_124303_456-scaled.jpg","width":2560,"height":1920,"caption":"Panel 2 du forum des nouveaux m\u00e9dias, 3 au 5 avril 2025"},{"@type":"BreadcrumbList","@id":"https:\/\/www.latribunedufaso.net\/?p=19808#breadcrumb","itemListElement":[{"@type":"ListItem","position":1,"name":"Accueil","item":"https:\/\/www.latribunedufaso.net\/"},{"@type":"ListItem","position":2,"name":"Financement des m\u00e9dias \u00e0 l\u2019\u00e8re du num\u00e9rique : Le Forum des nouveaux m\u00e9dias pose le d\u00e9bat"}]},{"@type":"WebSite","@id":"https:\/\/www.latribunedufaso.net\/#website","url":"https:\/\/www.latribunedufaso.net\/","name":"La Tribune du Faso","description":"L&#039;information du monde rural en un clic","publisher":{"@id":"https:\/\/www.latribunedufaso.net\/#organization"},"potentialAction":[{"@type":"SearchAction","target":{"@type":"EntryPoint","urlTemplate":"https:\/\/www.latribunedufaso.net\/?s={search_term_string}"},"query-input":{"@type":"PropertyValueSpecification","valueRequired":true,"valueName":"search_term_string"}}],"inLanguage":"fr-FR"},{"@type":"Organization","@id":"https:\/\/www.latribunedufaso.net\/#organization","name":"La Tribune du Faso","url":"https:\/\/www.latribunedufaso.net\/","logo":{"@type":"ImageObject","inLanguage":"fr-FR","@id":"https:\/\/www.latribunedufaso.net\/#\/schema\/logo\/image\/","url":"https:\/\/www.latribunedufaso.net\/wp-content\/uploads\/2020\/08\/Logo-Tribune-du-Faso-final-scaled.jpg","contentUrl":"https:\/\/www.latribunedufaso.net\/wp-content\/uploads\/2020\/08\/Logo-Tribune-du-Faso-final-scaled.jpg","width":2560,"height":1856,"caption":"La Tribune du Faso"},"image":{"@id":"https:\/\/www.latribunedufaso.net\/#\/schema\/logo\/image\/"},"sameAs":["https:\/\/www.facebook.com\/LatribuneduFaso\/"]},{"@type":"Person","@id":"https:\/\/www.latribunedufaso.net\/#\/schema\/person\/e54e64c5778a7e72cf80a318b7a622b0","name":"Issouf Tapsoba","image":{"@type":"ImageObject","inLanguage":"fr-FR","@id":"https:\/\/secure.gravatar.com\/avatar\/5e6c05150ce3230247d167f5b94d678eb05936197436d69b7921e3a95c9107ac?s=96&d=mm&r=g","url":"https:\/\/secure.gravatar.com\/avatar\/5e6c05150ce3230247d167f5b94d678eb05936197436d69b7921e3a95c9107ac?s=96&d=mm&r=g","contentUrl":"https:\/\/secure.gravatar.com\/avatar\/5e6c05150ce3230247d167f5b94d678eb05936197436d69b7921e3a95c9107ac?s=96&d=mm&r=g","caption":"Issouf Tapsoba"},"url":"https:\/\/www.latribunedufaso.net\/?author=5"}]}},"_links":{"self":[{"href":"https:\/\/www.latribunedufaso.net\/index.php?rest_route=\/wp\/v2\/posts\/19808","targetHints":{"allow":["GET"]}}],"collection":[{"href":"https:\/\/www.latribunedufaso.net\/index.php?rest_route=\/wp\/v2\/posts"}],"about":[{"href":"https:\/\/www.latribunedufaso.net\/index.php?rest_route=\/wp\/v2\/types\/post"}],"author":[{"embeddable":true,"href":"https:\/\/www.latribunedufaso.net\/index.php?rest_route=\/wp\/v2\/users\/5"}],"replies":[{"embeddable":true,"href":"https:\/\/www.latribunedufaso.net\/index.php?rest_route=%2Fwp%2Fv2%2Fcomments&post=19808"}],"version-history":[{"count":1,"href":"https:\/\/www.latribunedufaso.net\/index.php?rest_route=\/wp\/v2\/posts\/19808\/revisions"}],"predecessor-version":[{"id":19813,"href":"https:\/\/www.latribunedufaso.net\/index.php?rest_route=\/wp\/v2\/posts\/19808\/revisions\/19813"}],"wp:featuredmedia":[{"embeddable":true,"href":"https:\/\/www.latribunedufaso.net\/index.php?rest_route=\/wp\/v2\/media\/19811"}],"wp:attachment":[{"href":"https:\/\/www.latribunedufaso.net\/index.php?rest_route=%2Fwp%2Fv2%2Fmedia&parent=19808"}],"wp:term":[{"taxonomy":"category","embeddable":true,"href":"https:\/\/www.latribunedufaso.net\/index.php?rest_route=%2Fwp%2Fv2%2Fcategories&post=19808"},{"taxonomy":"post_tag","embeddable":true,"href":"https:\/\/www.latribunedufaso.net\/index.php?rest_route=%2Fwp%2Fv2%2Ftags&post=19808"}],"curies":[{"name":"wp","href":"https:\/\/api.w.org\/{rel}","templated":true}]}}