{"id":1975,"date":"2020-12-02T21:05:58","date_gmt":"2020-12-02T21:05:58","guid":{"rendered":"https:\/\/www.latribunedufaso.net\/?p=1975"},"modified":"2020-12-02T21:05:58","modified_gmt":"2020-12-02T21:05:58","slug":"projet-planetgold-le-comite-technique-de-suivi-entame-sa-premiere-session-de-travail-a-ouagadougou","status":"publish","type":"post","link":"https:\/\/www.latribunedufaso.net\/?p=1975","title":{"rendered":"Projet \u00ab\u00a0planetGOLD\u00a0\u00bb\u00a0: Le Comit\u00e9 technique de suivi entame sa premi\u00e8re session de travail \u00e0 Ouagadougou"},"content":{"rendered":"<p><strong><span style=\"font-size: 1.0625rem;\">Le Comit\u00e9 technique de suivi (CTS) du projet \u00ab planetGOLD \u00bb a entam\u00e9 mercredi 02 d\u00e9cembre 2020, \u00e0 Ouagadougou, une premi\u00e8re session de travail. L\u2019objectif vis\u00e9 de cette session, pr\u00e9senter les plans d\u2019activit\u00e9s et les r\u00e9sultats du projet.<\/span><\/strong><!--more--><\/p>\n<p><a href=\"https:\/\/latribunedufaso.net\/wp-content\/uploads\/2020\/12\/IMG-20201202-WA0019.jpg\"><img loading=\"lazy\" decoding=\"async\" class=\"size-medium wp-image-1978 aligncenter\" src=\"https:\/\/latribunedufaso.net\/wp-content\/uploads\/2020\/12\/IMG-20201202-WA0019-300x225.jpg\" alt=\"\" width=\"300\" height=\"225\" srcset=\"https:\/\/www.latribunedufaso.net\/wp-content\/uploads\/2020\/12\/IMG-20201202-WA0019-300x225.jpg 300w, https:\/\/www.latribunedufaso.net\/wp-content\/uploads\/2020\/12\/IMG-20201202-WA0019-768x576.jpg 768w, https:\/\/www.latribunedufaso.net\/wp-content\/uploads\/2020\/12\/IMG-20201202-WA0019.jpg 992w\" sizes=\"auto, (max-width: 300px) 100vw, 300px\" \/><\/a>Pour cette premi\u00e8re session de travail du Comit\u00e9 technique de suivi (CTS) du projet\u00ab planetGOLD \u00bb dont l\u2019objectif est de promouvoir l\u2019\u00e9limination du mercure dans les op\u00e9rations de l\u2019exploitation mini\u00e8re artisanale et \u00e0 petite \u00e9chelle de l\u2019or (EMAPE) et \u00e0 am\u00e9liorer la chaine de valeur de l\u2019or afin d\u2019offrir aux artisans miniers du Burkina Faso un meilleur acc\u00e8s aux march\u00e9s internationaux\u00a0\u00bb, il sera question de pr\u00e9senter les plans d\u2019activit\u00e9s et les r\u00e9sultats du projet. En clair, il s\u2019agira de pr\u00e9senter le projet, de pr\u00e9senter le programme d\u2019activit\u00e9 du projet, de faire le point des activit\u00e9s men\u00e9es, de d\u00e9gager les perspectives 2021 du projet, et de valider le choix du site d\u2019installation des \u00e9quipements du projet.<\/p>\n<p>Des dires de Joseph Youma, Secr\u00e9taire g\u00e9n\u00e9ral par int\u00e9rim du minist\u00e8re de l\u2019Environnement, de l\u2019\u00e9conomie verte et du changement climatique et pr\u00e9sident dudit comit\u00e9, le secteur de l\u2019EMAPE est l\u2019une des plus importantes sources mondiales d\u2019\u00e9missions et de rejets anthropiques de mercure. Il en veut pour preuve l\u2019\u00e9valuation mondiale du mercure de 2018. \u00ab Selon l\u2019\u00e9valuation mondiale du mercure de 2018 (PNUE, 2018), la fili\u00e8re repr\u00e9sente environ 38% des \u00e9missions mondiales totales de mercure dans l\u2019air (844 tonnes) et 68% des rejets dans les eaux et les sols (1 220 tonnes) \u00bb, cite-il avant de fait remarquer que la situation a des r\u00e9percussions sur la sant\u00e9 humaine et sur l\u2019environnement du fait des propri\u00e9t\u00e9s du mercure que sont la propagation atmosph\u00e9rique \u00e0 longue distance, la persistance dans l\u2019environnement et son potentiel de bioaccumulation dans les \u00e9cosyst\u00e8mes\u2026<\/p>\n<p><a href=\"https:\/\/latribunedufaso.net\/wp-content\/uploads\/2020\/12\/IMG-20201202-WA0018.jpg\"><img loading=\"lazy\" decoding=\"async\" class=\"size-medium wp-image-1977 aligncenter\" src=\"https:\/\/latribunedufaso.net\/wp-content\/uploads\/2020\/12\/IMG-20201202-WA0018-300x225.jpg\" alt=\"\" width=\"300\" height=\"225\" srcset=\"https:\/\/www.latribunedufaso.net\/wp-content\/uploads\/2020\/12\/IMG-20201202-WA0018-300x225.jpg 300w, https:\/\/www.latribunedufaso.net\/wp-content\/uploads\/2020\/12\/IMG-20201202-WA0018-768x576.jpg 768w, https:\/\/www.latribunedufaso.net\/wp-content\/uploads\/2020\/12\/IMG-20201202-WA0018.jpg 992w\" sizes=\"auto, (max-width: 300px) 100vw, 300px\" \/><\/a><\/p>\n<p>Au Burkina Faso, poursuit-il, le plan d\u2019action national (2020-2029) de r\u00e9duction, voire d\u2019\u00e9limination du mercure dans l\u2019extraction mini\u00e8re artisanale et \u00e0 petite \u00e9chelle d\u2019or, indique le ratio moyen national mercure\/or \u00e0 1,57\u00a0; c\u2019est-\u00e0-dire une moyenne de 1,57 unit\u00e9 de mercure perdue dans l\u2019environnement lors de la production d\u2019une unit\u00e9 d\u2019or.\u00a0Ainsi, sur la base d\u2019une estimation annuelle nationale de 49\u00a0581 Kg d\u2019or, l\u2019estimation nationale de l\u2019utilisation de mercure est de 77\u00a0624 Kg. L\u2019utilisation du mercure dans l\u2019exploitation de l\u2019or serait le propre des communaut\u00e9s d\u2019artisan minier. \u00ab\u00a0Ce n\u2019est pas la production industrielle qui est concern\u00e9e, mais les petites communaut\u00e9s d\u2019artisan minier. L\u2019utilisation du mercure affecte la sant\u00e9 de ces communaut\u00e9s d\u2019orpailleur au niveau des mines artisanales\u00a0\u00bb, indique par ailleurs Joseph Youma.<\/p>\n<p>Moussa Bouboucari, coordonnateur national du projet, est revenu sur le choix du site d\u2019installation des \u00e9quipements du projet. Et fait savoir qu\u2019il a fallu \u00e9valuer onze sites pour n\u2019en retenir qu\u2019un seul. \u00ab\u00a0Il \u00e9tait question de la r\u00e9duction du mercure. Il nous fallait trouver un site sur lequel on peut installer une unit\u00e9 d\u2019exploitation et de traitement de minerais sans mercure. Nos cellules nous ont amen\u00e9s \u00e0 identifier certaines r\u00e9gions cela, en fonction de quelques crit\u00e8res. Nous avons pu visiter les r\u00e9gions du Sud-ouest, des Hauts Bassins et des Cascades. Cette s\u00e9lection de zone a \u00e9t\u00e9 faite sur la base d\u2019un certain nombre d\u2019analyse que nous avons \u00e9labor\u00e9\u00bb, a-t-il expliqu\u00e9.<\/p>\n<p><a href=\"https:\/\/latribunedufaso.net\/wp-content\/uploads\/2020\/12\/IMG-20201202-WA0008.jpg\"><img loading=\"lazy\" decoding=\"async\" class=\"size-medium wp-image-1980 aligncenter\" src=\"https:\/\/latribunedufaso.net\/wp-content\/uploads\/2020\/12\/IMG-20201202-WA0008-300x264.jpg\" alt=\"\" width=\"300\" height=\"264\" srcset=\"https:\/\/www.latribunedufaso.net\/wp-content\/uploads\/2020\/12\/IMG-20201202-WA0008-300x264.jpg 300w, https:\/\/www.latribunedufaso.net\/wp-content\/uploads\/2020\/12\/IMG-20201202-WA0008-1024x900.jpg 1024w, https:\/\/www.latribunedufaso.net\/wp-content\/uploads\/2020\/12\/IMG-20201202-WA0008-768x675.jpg 768w, https:\/\/www.latribunedufaso.net\/wp-content\/uploads\/2020\/12\/IMG-20201202-WA0008.jpg 1080w\" sizes=\"auto, (max-width: 300px) 100vw, 300px\" \/><\/a><\/p>\n<p>En rappel, le projet \u00ab planetGOLD \u00bb, initi\u00e9 par le minist\u00e8re de l\u2019environnement, de l\u2019\u00e9conomie verte et du changement climatique \u00e0 travers le financement du Fonds pour l\u2019environnement mondial (FEM) et l\u2019appui technique de l\u2019ONUDI et de l\u2019AGC a une dur\u00e9e de cinq ans. Il permettra entre autres l\u2019examen et l\u2019analyse des cadres juridiques applicables au secteur de l\u2019EMAPE burkinab\u00e9\u00a0; la cr\u00e9ation et la mise en \u0153uvre d\u2019un m\u00e9canisme de financement destin\u00e9 \u00e0 financer l\u2019am\u00e9lioration du secteur de l\u2019EMAPE\u00a0; de cr\u00e9er et d\u2019exploiter un syst\u00e8me de transfert des connaissances pour le secteur de l\u2019EMAPE et le projet. Le Comit\u00e9 technique de suivi CTS) est copr\u00e9sid\u00e9 par les minist\u00e8res en charge de l\u2019environnement et des mines et ses membres sont issus des secteurs public, priv\u00e9 et de la soci\u00e9t\u00e9 civile.<\/p>\n<p><strong>Tiba Kassamse Ou\u00e9draogo (Stagiaire)<\/strong><br \/>\n<strong>Latribunedufaso.net<\/strong><\/p>\n","protected":false},"excerpt":{"rendered":"<p>Le Comit\u00e9 technique de suivi (CTS) du projet \u00ab planetGOLD \u00bb a entam\u00e9 mercredi 02 d\u00e9cembre 2020, \u00e0 Ouagadougou, une premi\u00e8re session de travail. L\u2019objectif vis\u00e9 de cette session, pr\u00e9senter les plans d\u2019activit\u00e9s et les r\u00e9sultats du projet.<\/p>\n","protected":false},"author":2,"featured_media":1979,"comment_status":"open","ping_status":"open","sticky":false,"template":"","format":"standard","meta":{"footnotes":""},"categories":[13,1,5],"tags":[],"class_list":["post-1975","post","type-post","status-publish","format-standard","has-post-thumbnail","hentry","category-une","category-actu","category-envir"],"yoast_head":"<!-- This site is optimized with the Yoast SEO plugin v27.4 - https:\/\/yoast.com\/product\/yoast-seo-wordpress\/ -->\n<title>Projet \u00ab\u00a0planetGOLD\u00a0\u00bb\u00a0: Le Comit\u00e9 technique de suivi entame sa premi\u00e8re session de travail \u00e0 Ouagadougou - La Tribune du Faso<\/title>\n<meta name=\"robots\" content=\"index, follow, max-snippet:-1, max-image-preview:large, max-video-preview:-1\" \/>\n<link rel=\"canonical\" href=\"https:\/\/www.latribunedufaso.net\/?p=1975\" \/>\n<meta property=\"og:locale\" content=\"fr_FR\" \/>\n<meta property=\"og:type\" content=\"article\" \/>\n<meta property=\"og:title\" content=\"Projet \u00ab\u00a0planetGOLD\u00a0\u00bb\u00a0: Le Comit\u00e9 technique de suivi entame sa premi\u00e8re session de travail \u00e0 Ouagadougou - La Tribune du Faso\" \/>\n<meta property=\"og:description\" content=\"Le Comit\u00e9 technique de suivi (CTS) du projet \u00ab planetGOLD \u00bb a entam\u00e9 mercredi 02 d\u00e9cembre 2020, \u00e0 Ouagadougou, une premi\u00e8re session de travail. L\u2019objectif vis\u00e9 de cette session, pr\u00e9senter les plans d\u2019activit\u00e9s et les r\u00e9sultats du projet.\" \/>\n<meta property=\"og:url\" content=\"https:\/\/www.latribunedufaso.net\/?p=1975\" \/>\n<meta property=\"og:site_name\" content=\"La Tribune du Faso\" \/>\n<meta property=\"article:publisher\" content=\"https:\/\/www.facebook.com\/LatribuneduFaso\/\" \/>\n<meta property=\"article:published_time\" content=\"2020-12-02T21:05:58+00:00\" \/>\n<meta property=\"og:image\" content=\"https:\/\/latribunedufaso.net\/wp-content\/uploads\/2020\/12\/IMG-20201202-WA0020.jpg\" \/>\n\t<meta property=\"og:image:width\" content=\"992\" \/>\n\t<meta property=\"og:image:height\" content=\"744\" \/>\n\t<meta property=\"og:image:type\" content=\"image\/jpeg\" \/>\n<meta name=\"author\" content=\"Administrateur\" \/>\n<meta name=\"twitter:label1\" content=\"\u00c9crit par\" \/>\n\t<meta name=\"twitter:data1\" content=\"Administrateur\" \/>\n\t<meta name=\"twitter:label2\" content=\"Dur\u00e9e de lecture estim\u00e9e\" \/>\n\t<meta name=\"twitter:data2\" content=\"4 minutes\" \/>\n<script type=\"application\/ld+json\" class=\"yoast-schema-graph\">{\"@context\":\"https:\\\/\\\/schema.org\",\"@graph\":[{\"@type\":\"Article\",\"@id\":\"https:\\\/\\\/www.latribunedufaso.net\\\/?p=1975#article\",\"isPartOf\":{\"@id\":\"https:\\\/\\\/www.latribunedufaso.net\\\/?p=1975\"},\"author\":{\"name\":\"Administrateur\",\"@id\":\"https:\\\/\\\/www.latribunedufaso.net\\\/#\\\/schema\\\/person\\\/a380782d0605bb8aae27c40ea93b35b1\"},\"headline\":\"Projet \u00ab\u00a0planetGOLD\u00a0\u00bb\u00a0: Le Comit\u00e9 technique de suivi entame sa premi\u00e8re session de travail \u00e0 Ouagadougou\",\"datePublished\":\"2020-12-02T21:05:58+00:00\",\"mainEntityOfPage\":{\"@id\":\"https:\\\/\\\/www.latribunedufaso.net\\\/?p=1975\"},\"wordCount\":760,\"commentCount\":0,\"publisher\":{\"@id\":\"https:\\\/\\\/www.latribunedufaso.net\\\/#organization\"},\"image\":{\"@id\":\"https:\\\/\\\/www.latribunedufaso.net\\\/?p=1975#primaryimage\"},\"thumbnailUrl\":\"https:\\\/\\\/www.latribunedufaso.net\\\/wp-content\\\/uploads\\\/2020\\\/12\\\/IMG-20201202-WA0020.jpg\",\"articleSection\":[\"A la une\",\"Actualit\u00e9\",\"Environnement\"],\"inLanguage\":\"fr-FR\",\"potentialAction\":[{\"@type\":\"CommentAction\",\"name\":\"Comment\",\"target\":[\"https:\\\/\\\/www.latribunedufaso.net\\\/?p=1975#respond\"]}]},{\"@type\":\"WebPage\",\"@id\":\"https:\\\/\\\/www.latribunedufaso.net\\\/?p=1975\",\"url\":\"https:\\\/\\\/www.latribunedufaso.net\\\/?p=1975\",\"name\":\"Projet \u00ab\u00a0planetGOLD\u00a0\u00bb\u00a0: Le Comit\u00e9 technique de suivi entame sa premi\u00e8re session de travail \u00e0 Ouagadougou - La Tribune du Faso\",\"isPartOf\":{\"@id\":\"https:\\\/\\\/www.latribunedufaso.net\\\/#website\"},\"primaryImageOfPage\":{\"@id\":\"https:\\\/\\\/www.latribunedufaso.net\\\/?p=1975#primaryimage\"},\"image\":{\"@id\":\"https:\\\/\\\/www.latribunedufaso.net\\\/?p=1975#primaryimage\"},\"thumbnailUrl\":\"https:\\\/\\\/www.latribunedufaso.net\\\/wp-content\\\/uploads\\\/2020\\\/12\\\/IMG-20201202-WA0020.jpg\",\"datePublished\":\"2020-12-02T21:05:58+00:00\",\"breadcrumb\":{\"@id\":\"https:\\\/\\\/www.latribunedufaso.net\\\/?p=1975#breadcrumb\"},\"inLanguage\":\"fr-FR\",\"potentialAction\":[{\"@type\":\"ReadAction\",\"target\":[\"https:\\\/\\\/www.latribunedufaso.net\\\/?p=1975\"]}]},{\"@type\":\"ImageObject\",\"inLanguage\":\"fr-FR\",\"@id\":\"https:\\\/\\\/www.latribunedufaso.net\\\/?p=1975#primaryimage\",\"url\":\"https:\\\/\\\/www.latribunedufaso.net\\\/wp-content\\\/uploads\\\/2020\\\/12\\\/IMG-20201202-WA0020.jpg\",\"contentUrl\":\"https:\\\/\\\/www.latribunedufaso.net\\\/wp-content\\\/uploads\\\/2020\\\/12\\\/IMG-20201202-WA0020.jpg\",\"width\":992,\"height\":744},{\"@type\":\"BreadcrumbList\",\"@id\":\"https:\\\/\\\/www.latribunedufaso.net\\\/?p=1975#breadcrumb\",\"itemListElement\":[{\"@type\":\"ListItem\",\"position\":1,\"name\":\"Accueil\",\"item\":\"https:\\\/\\\/www.latribunedufaso.net\\\/\"},{\"@type\":\"ListItem\",\"position\":2,\"name\":\"Projet \u00ab\u00a0planetGOLD\u00a0\u00bb\u00a0: Le Comit\u00e9 technique de suivi entame sa premi\u00e8re session de travail \u00e0 Ouagadougou\"}]},{\"@type\":\"WebSite\",\"@id\":\"https:\\\/\\\/www.latribunedufaso.net\\\/#website\",\"url\":\"https:\\\/\\\/www.latribunedufaso.net\\\/\",\"name\":\"La Tribune du Faso\",\"description\":\"L&#039;information du monde rural en un clic\",\"publisher\":{\"@id\":\"https:\\\/\\\/www.latribunedufaso.net\\\/#organization\"},\"potentialAction\":[{\"@type\":\"SearchAction\",\"target\":{\"@type\":\"EntryPoint\",\"urlTemplate\":\"https:\\\/\\\/www.latribunedufaso.net\\\/?s={search_term_string}\"},\"query-input\":{\"@type\":\"PropertyValueSpecification\",\"valueRequired\":true,\"valueName\":\"search_term_string\"}}],\"inLanguage\":\"fr-FR\"},{\"@type\":\"Organization\",\"@id\":\"https:\\\/\\\/www.latribunedufaso.net\\\/#organization\",\"name\":\"La Tribune du Faso\",\"url\":\"https:\\\/\\\/www.latribunedufaso.net\\\/\",\"logo\":{\"@type\":\"ImageObject\",\"inLanguage\":\"fr-FR\",\"@id\":\"https:\\\/\\\/www.latribunedufaso.net\\\/#\\\/schema\\\/logo\\\/image\\\/\",\"url\":\"https:\\\/\\\/www.latribunedufaso.net\\\/wp-content\\\/uploads\\\/2020\\\/08\\\/Logo-Tribune-du-Faso-final-scaled.jpg\",\"contentUrl\":\"https:\\\/\\\/www.latribunedufaso.net\\\/wp-content\\\/uploads\\\/2020\\\/08\\\/Logo-Tribune-du-Faso-final-scaled.jpg\",\"width\":2560,\"height\":1856,\"caption\":\"La Tribune du Faso\"},\"image\":{\"@id\":\"https:\\\/\\\/www.latribunedufaso.net\\\/#\\\/schema\\\/logo\\\/image\\\/\"},\"sameAs\":[\"https:\\\/\\\/www.facebook.com\\\/LatribuneduFaso\\\/\"]},{\"@type\":\"Person\",\"@id\":\"https:\\\/\\\/www.latribunedufaso.net\\\/#\\\/schema\\\/person\\\/a380782d0605bb8aae27c40ea93b35b1\",\"name\":\"Administrateur\",\"image\":{\"@type\":\"ImageObject\",\"inLanguage\":\"fr-FR\",\"@id\":\"https:\\\/\\\/secure.gravatar.com\\\/avatar\\\/e20266f97d741f0e80ba1f60283074a9b3317fd7bfb727e0d95b51dafbf854a1?s=96&d=mm&r=g\",\"url\":\"https:\\\/\\\/secure.gravatar.com\\\/avatar\\\/e20266f97d741f0e80ba1f60283074a9b3317fd7bfb727e0d95b51dafbf854a1?s=96&d=mm&r=g\",\"contentUrl\":\"https:\\\/\\\/secure.gravatar.com\\\/avatar\\\/e20266f97d741f0e80ba1f60283074a9b3317fd7bfb727e0d95b51dafbf854a1?s=96&d=mm&r=g\",\"caption\":\"Administrateur\"},\"url\":\"https:\\\/\\\/www.latribunedufaso.net\\\/?author=2\"}]}<\/script>\n<!-- \/ Yoast SEO plugin. -->","yoast_head_json":{"title":"Projet \u00ab\u00a0planetGOLD\u00a0\u00bb\u00a0: Le Comit\u00e9 technique de suivi entame sa premi\u00e8re session de travail \u00e0 Ouagadougou - La Tribune du Faso","robots":{"index":"index","follow":"follow","max-snippet":"max-snippet:-1","max-image-preview":"max-image-preview:large","max-video-preview":"max-video-preview:-1"},"canonical":"https:\/\/www.latribunedufaso.net\/?p=1975","og_locale":"fr_FR","og_type":"article","og_title":"Projet \u00ab\u00a0planetGOLD\u00a0\u00bb\u00a0: Le Comit\u00e9 technique de suivi entame sa premi\u00e8re session de travail \u00e0 Ouagadougou - La Tribune du Faso","og_description":"Le Comit\u00e9 technique de suivi (CTS) du projet \u00ab planetGOLD \u00bb a entam\u00e9 mercredi 02 d\u00e9cembre 2020, \u00e0 Ouagadougou, une premi\u00e8re session de travail. L\u2019objectif vis\u00e9 de cette session, pr\u00e9senter les plans d\u2019activit\u00e9s et les r\u00e9sultats du projet.","og_url":"https:\/\/www.latribunedufaso.net\/?p=1975","og_site_name":"La Tribune du Faso","article_publisher":"https:\/\/www.facebook.com\/LatribuneduFaso\/","article_published_time":"2020-12-02T21:05:58+00:00","og_image":[{"width":992,"height":744,"url":"https:\/\/latribunedufaso.net\/wp-content\/uploads\/2020\/12\/IMG-20201202-WA0020.jpg","type":"image\/jpeg"}],"author":"Administrateur","twitter_misc":{"\u00c9crit par":"Administrateur","Dur\u00e9e de lecture estim\u00e9e":"4 minutes"},"schema":{"@context":"https:\/\/schema.org","@graph":[{"@type":"Article","@id":"https:\/\/www.latribunedufaso.net\/?p=1975#article","isPartOf":{"@id":"https:\/\/www.latribunedufaso.net\/?p=1975"},"author":{"name":"Administrateur","@id":"https:\/\/www.latribunedufaso.net\/#\/schema\/person\/a380782d0605bb8aae27c40ea93b35b1"},"headline":"Projet \u00ab\u00a0planetGOLD\u00a0\u00bb\u00a0: Le Comit\u00e9 technique de suivi entame sa premi\u00e8re session de travail \u00e0 Ouagadougou","datePublished":"2020-12-02T21:05:58+00:00","mainEntityOfPage":{"@id":"https:\/\/www.latribunedufaso.net\/?p=1975"},"wordCount":760,"commentCount":0,"publisher":{"@id":"https:\/\/www.latribunedufaso.net\/#organization"},"image":{"@id":"https:\/\/www.latribunedufaso.net\/?p=1975#primaryimage"},"thumbnailUrl":"https:\/\/www.latribunedufaso.net\/wp-content\/uploads\/2020\/12\/IMG-20201202-WA0020.jpg","articleSection":["A la une","Actualit\u00e9","Environnement"],"inLanguage":"fr-FR","potentialAction":[{"@type":"CommentAction","name":"Comment","target":["https:\/\/www.latribunedufaso.net\/?p=1975#respond"]}]},{"@type":"WebPage","@id":"https:\/\/www.latribunedufaso.net\/?p=1975","url":"https:\/\/www.latribunedufaso.net\/?p=1975","name":"Projet \u00ab\u00a0planetGOLD\u00a0\u00bb\u00a0: Le Comit\u00e9 technique de suivi entame sa premi\u00e8re session de travail \u00e0 Ouagadougou - La Tribune du Faso","isPartOf":{"@id":"https:\/\/www.latribunedufaso.net\/#website"},"primaryImageOfPage":{"@id":"https:\/\/www.latribunedufaso.net\/?p=1975#primaryimage"},"image":{"@id":"https:\/\/www.latribunedufaso.net\/?p=1975#primaryimage"},"thumbnailUrl":"https:\/\/www.latribunedufaso.net\/wp-content\/uploads\/2020\/12\/IMG-20201202-WA0020.jpg","datePublished":"2020-12-02T21:05:58+00:00","breadcrumb":{"@id":"https:\/\/www.latribunedufaso.net\/?p=1975#breadcrumb"},"inLanguage":"fr-FR","potentialAction":[{"@type":"ReadAction","target":["https:\/\/www.latribunedufaso.net\/?p=1975"]}]},{"@type":"ImageObject","inLanguage":"fr-FR","@id":"https:\/\/www.latribunedufaso.net\/?p=1975#primaryimage","url":"https:\/\/www.latribunedufaso.net\/wp-content\/uploads\/2020\/12\/IMG-20201202-WA0020.jpg","contentUrl":"https:\/\/www.latribunedufaso.net\/wp-content\/uploads\/2020\/12\/IMG-20201202-WA0020.jpg","width":992,"height":744},{"@type":"BreadcrumbList","@id":"https:\/\/www.latribunedufaso.net\/?p=1975#breadcrumb","itemListElement":[{"@type":"ListItem","position":1,"name":"Accueil","item":"https:\/\/www.latribunedufaso.net\/"},{"@type":"ListItem","position":2,"name":"Projet \u00ab\u00a0planetGOLD\u00a0\u00bb\u00a0: Le Comit\u00e9 technique de suivi entame sa premi\u00e8re session de travail \u00e0 Ouagadougou"}]},{"@type":"WebSite","@id":"https:\/\/www.latribunedufaso.net\/#website","url":"https:\/\/www.latribunedufaso.net\/","name":"La Tribune du Faso","description":"L&#039;information du monde rural en un clic","publisher":{"@id":"https:\/\/www.latribunedufaso.net\/#organization"},"potentialAction":[{"@type":"SearchAction","target":{"@type":"EntryPoint","urlTemplate":"https:\/\/www.latribunedufaso.net\/?s={search_term_string}"},"query-input":{"@type":"PropertyValueSpecification","valueRequired":true,"valueName":"search_term_string"}}],"inLanguage":"fr-FR"},{"@type":"Organization","@id":"https:\/\/www.latribunedufaso.net\/#organization","name":"La Tribune du Faso","url":"https:\/\/www.latribunedufaso.net\/","logo":{"@type":"ImageObject","inLanguage":"fr-FR","@id":"https:\/\/www.latribunedufaso.net\/#\/schema\/logo\/image\/","url":"https:\/\/www.latribunedufaso.net\/wp-content\/uploads\/2020\/08\/Logo-Tribune-du-Faso-final-scaled.jpg","contentUrl":"https:\/\/www.latribunedufaso.net\/wp-content\/uploads\/2020\/08\/Logo-Tribune-du-Faso-final-scaled.jpg","width":2560,"height":1856,"caption":"La Tribune du Faso"},"image":{"@id":"https:\/\/www.latribunedufaso.net\/#\/schema\/logo\/image\/"},"sameAs":["https:\/\/www.facebook.com\/LatribuneduFaso\/"]},{"@type":"Person","@id":"https:\/\/www.latribunedufaso.net\/#\/schema\/person\/a380782d0605bb8aae27c40ea93b35b1","name":"Administrateur","image":{"@type":"ImageObject","inLanguage":"fr-FR","@id":"https:\/\/secure.gravatar.com\/avatar\/e20266f97d741f0e80ba1f60283074a9b3317fd7bfb727e0d95b51dafbf854a1?s=96&d=mm&r=g","url":"https:\/\/secure.gravatar.com\/avatar\/e20266f97d741f0e80ba1f60283074a9b3317fd7bfb727e0d95b51dafbf854a1?s=96&d=mm&r=g","contentUrl":"https:\/\/secure.gravatar.com\/avatar\/e20266f97d741f0e80ba1f60283074a9b3317fd7bfb727e0d95b51dafbf854a1?s=96&d=mm&r=g","caption":"Administrateur"},"url":"https:\/\/www.latribunedufaso.net\/?author=2"}]}},"_links":{"self":[{"href":"https:\/\/www.latribunedufaso.net\/index.php?rest_route=\/wp\/v2\/posts\/1975","targetHints":{"allow":["GET"]}}],"collection":[{"href":"https:\/\/www.latribunedufaso.net\/index.php?rest_route=\/wp\/v2\/posts"}],"about":[{"href":"https:\/\/www.latribunedufaso.net\/index.php?rest_route=\/wp\/v2\/types\/post"}],"author":[{"embeddable":true,"href":"https:\/\/www.latribunedufaso.net\/index.php?rest_route=\/wp\/v2\/users\/2"}],"replies":[{"embeddable":true,"href":"https:\/\/www.latribunedufaso.net\/index.php?rest_route=%2Fwp%2Fv2%2Fcomments&post=1975"}],"version-history":[{"count":1,"href":"https:\/\/www.latribunedufaso.net\/index.php?rest_route=\/wp\/v2\/posts\/1975\/revisions"}],"predecessor-version":[{"id":1981,"href":"https:\/\/www.latribunedufaso.net\/index.php?rest_route=\/wp\/v2\/posts\/1975\/revisions\/1981"}],"wp:featuredmedia":[{"embeddable":true,"href":"https:\/\/www.latribunedufaso.net\/index.php?rest_route=\/wp\/v2\/media\/1979"}],"wp:attachment":[{"href":"https:\/\/www.latribunedufaso.net\/index.php?rest_route=%2Fwp%2Fv2%2Fmedia&parent=1975"}],"wp:term":[{"taxonomy":"category","embeddable":true,"href":"https:\/\/www.latribunedufaso.net\/index.php?rest_route=%2Fwp%2Fv2%2Fcategories&post=1975"},{"taxonomy":"post_tag","embeddable":true,"href":"https:\/\/www.latribunedufaso.net\/index.php?rest_route=%2Fwp%2Fv2%2Ftags&post=1975"}],"curies":[{"name":"wp","href":"https:\/\/api.w.org\/{rel}","templated":true}]}}