{"id":19619,"date":"2025-03-25T12:36:07","date_gmt":"2025-03-25T12:36:07","guid":{"rendered":"https:\/\/www.latribunedufaso.net\/?p=19619"},"modified":"2025-03-25T12:36:07","modified_gmt":"2025-03-25T12:36:07","slug":"burkina-douanes-voici-les-innovations-du-nouveau-code-adopte-par-lalt","status":"publish","type":"post","link":"https:\/\/www.latribunedufaso.net\/?p=19619","title":{"rendered":"Burkina\/Douanes : Voici les innovations du\u00a0nouveau code adopt\u00e9 par l\u2019ALT\u00a0"},"content":{"rendered":"<p style=\"text-align: left;\"><strong>Les d\u00e9put\u00e9s de l\u2019Assembl\u00e9e l\u00e9gislative de Transition (ALT) ont adopt\u00e9 \u00e0 l\u2019unanimit\u00e9 des 71 votants du jour, le nouveau Code des douanes au Burkina Faso. C&rsquo;\u00e9tait au cours d&rsquo;une pl\u00e9ni\u00e8re tenue le 24 mars 2025 \u00e0 Ouagadougou.<\/strong><!--more--><\/p>\n<p>Cette onction de l\u2019ALT permet l\u2019alignement de la l\u00e9gislation douani\u00e8re burkinab\u00e8 aux dispositions des standards internationaux pertinents qui r\u00e9gissent d\u00e9sormais le commerce ainsi que les r\u00e9gimes et les pratiques douaniers \u00e0 l\u2019\u00e9chelle mondiale.\u00a0<\/p>\n<p>Le nouveau Code renforce, au niveau des prohibitions, l\u2019action des services douaniers dans la protection du droit de propri\u00e9t\u00e9 intellectuelle, la lutte contre la contrefa\u00e7on et rend plus efficace le contr\u00f4le du commerce ext\u00e9rieur.\u00a0<\/p>\n<p>Il introduit plusieurs innovations portant, entre autres, sur la lutte contre le blanchiment des capitaux et le financement du terrorisme ; le contr\u00f4le et la lutte contre la prolif\u00e9ration des armes \u00e0 destruction massive ; les renseignements pr\u00e9alables concernant les voyageurs et le suivi \u00e9lectronique des camions de marchandises en transit.<\/p>\n<figure id=\"attachment_19621\" aria-describedby=\"caption-attachment-19621\" style=\"width: 720px\" class=\"wp-caption aligncenter\"><a href=\"https:\/\/www.latribunedufaso.net\/wp-content\/uploads\/2025\/03\/FB_IMG_1742905465374.jpg\"><img loading=\"lazy\" decoding=\"async\" class=\"size-full wp-image-19621\" src=\"https:\/\/www.latribunedufaso.net\/wp-content\/uploads\/2025\/03\/FB_IMG_1742905465374.jpg\" alt=\"Pl\u00e9ni\u00e8re \u00e0 l'ALT pour l'adoption du nouveau code des douanes au Burkina, 25 mars 2025\" width=\"720\" height=\"487\" srcset=\"https:\/\/www.latribunedufaso.net\/wp-content\/uploads\/2025\/03\/FB_IMG_1742905465374.jpg 720w, https:\/\/www.latribunedufaso.net\/wp-content\/uploads\/2025\/03\/FB_IMG_1742905465374-300x203.jpg 300w, https:\/\/www.latribunedufaso.net\/wp-content\/uploads\/2025\/03\/FB_IMG_1742905465374-120x80.jpg 120w\" sizes=\"auto, (max-width: 720px) 100vw, 720px\" \/><\/a><figcaption id=\"caption-attachment-19621\" class=\"wp-caption-text\">Le ministre en charge de l&rsquo;\u00c9conomie, Aboubacar Nacanabo a d\u00e9fendu l&rsquo;adoption de la loi &#8211; Ph. DR<\/figcaption><\/figure>\n<p>A cela s&rsquo;ajoutent le contr\u00f4le non intrusif des moyens de transport de marchandises et le paiement \u00e9lectronique du montant des droits et taxes exigibles ; la facilitation des \u00e9changes et la fluidit\u00e9 des op\u00e9rations douani\u00e8res, notamment la coop\u00e9ration avec d\u2019autres administrations publiques, le partenariat avec le secteur priv\u00e9 et le statut d\u2019op\u00e9rateur \u00e9conomique agr\u00e9\u00e9 et la diversification de la garantie douani\u00e8re rendue plus souple.<\/p>\n<p>Outre ces innovations, ce Code pr\u00e9voit de nouveaux r\u00e9gimes \u00e9conomiques, ainsi qu\u2019une zone franche, en vue de susciter la cr\u00e9ation d\u2019unit\u00e9s industrielles locales et d\u2019accro\u00eetre leur capacit\u00e9 de vente \u00e0 l\u2019exportation, avec des produits \u00e0 co\u00fbts comp\u00e9titifs.\u00a0<\/p>\n<p>Par ailleurs, il encadre mieux les questions li\u00e9es \u00e0 la cr\u00e9ation et \u00e0 la gestion des terminaux \u00e0 conteneurs et des ports secs. Il prend en compte le trafic postal, afin de permettre un meilleur suivi des op\u00e9rations y relatives, notamment le commerce \u00e9lectronique.<\/p>\n<p>Dans le cadre du r\u00e8glement des litiges, il est pr\u00e9vu des voies de recours administratif et la baisse du quantum de certaines peines, conform\u00e9ment aux dispositions des standards internationaux.<\/p>\n<p><strong>latribunedufaso.net<\/strong><\/p>\n<p><strong>Source : MEF<\/strong><\/p>\n","protected":false},"excerpt":{"rendered":"<p>Les d\u00e9put\u00e9s de l\u2019Assembl\u00e9e l\u00e9gislative de Transition (ALT) ont adopt\u00e9 \u00e0 l\u2019unanimit\u00e9 des 71 votants du jour, le nouveau Code des douanes au Burkina Faso. C&rsquo;\u00e9tait au cours d&rsquo;une pl\u00e9ni\u00e8re tenue le 24 mars 2025 \u00e0 Ouagadougou.<\/p>\n","protected":false},"author":5,"featured_media":19620,"comment_status":"open","ping_status":"open","sticky":false,"template":"","format":"standard","meta":{"footnotes":""},"categories":[13,1,10],"tags":[153,39,835],"class_list":["post-19619","post","type-post","status-publish","format-standard","has-post-thumbnail","hentry","category-une","category-actu","category-eco","tag-alt","tag-latribunedufaso-net","tag-nouveau-code-des-douanes"],"yoast_head":"<!-- This site is optimized with the Yoast SEO plugin v27.5 - https:\/\/yoast.com\/product\/yoast-seo-wordpress\/ -->\n<title>Burkina\/Douanes : Voici les innovations du\u00a0nouveau code adopt\u00e9 par l\u2019ALT\u00a0 - La Tribune du Faso<\/title>\n<meta name=\"robots\" content=\"index, follow, max-snippet:-1, max-image-preview:large, max-video-preview:-1\" \/>\n<link rel=\"canonical\" href=\"https:\/\/www.latribunedufaso.net\/?p=19619\" \/>\n<meta property=\"og:locale\" content=\"fr_FR\" \/>\n<meta property=\"og:type\" content=\"article\" \/>\n<meta property=\"og:title\" content=\"Burkina\/Douanes : Voici les innovations du\u00a0nouveau code adopt\u00e9 par l\u2019ALT\u00a0 - La Tribune du Faso\" \/>\n<meta property=\"og:description\" content=\"Les d\u00e9put\u00e9s de l\u2019Assembl\u00e9e l\u00e9gislative de Transition (ALT) ont adopt\u00e9 \u00e0 l\u2019unanimit\u00e9 des 71 votants du jour, le nouveau Code des douanes au Burkina Faso. C&rsquo;\u00e9tait au cours d&rsquo;une pl\u00e9ni\u00e8re tenue le 24 mars 2025 \u00e0 Ouagadougou.\" \/>\n<meta property=\"og:url\" content=\"https:\/\/www.latribunedufaso.net\/?p=19619\" \/>\n<meta property=\"og:site_name\" content=\"La Tribune du Faso\" \/>\n<meta property=\"article:publisher\" content=\"https:\/\/www.facebook.com\/LatribuneduFaso\/\" \/>\n<meta property=\"article:published_time\" content=\"2025-03-25T12:36:07+00:00\" \/>\n<meta property=\"og:image\" content=\"https:\/\/www.latribunedufaso.net\/wp-content\/uploads\/2025\/03\/FB_IMG_1742905448651.jpg\" \/>\n\t<meta property=\"og:image:width\" content=\"720\" \/>\n\t<meta property=\"og:image:height\" content=\"454\" \/>\n\t<meta property=\"og:image:type\" content=\"image\/jpeg\" \/>\n<meta name=\"author\" content=\"Issouf Tapsoba\" \/>\n<meta name=\"twitter:label1\" content=\"\u00c9crit par\" \/>\n\t<meta name=\"twitter:data1\" content=\"Issouf Tapsoba\" \/>\n\t<meta name=\"twitter:label2\" content=\"Dur\u00e9e de lecture estim\u00e9e\" \/>\n\t<meta name=\"twitter:data2\" content=\"2 minutes\" \/>\n<script type=\"application\/ld+json\" class=\"yoast-schema-graph\">{\"@context\":\"https:\\\/\\\/schema.org\",\"@graph\":[{\"@type\":\"Article\",\"@id\":\"https:\\\/\\\/www.latribunedufaso.net\\\/?p=19619#article\",\"isPartOf\":{\"@id\":\"https:\\\/\\\/www.latribunedufaso.net\\\/?p=19619\"},\"author\":{\"name\":\"Issouf Tapsoba\",\"@id\":\"https:\\\/\\\/www.latribunedufaso.net\\\/#\\\/schema\\\/person\\\/e54e64c5778a7e72cf80a318b7a622b0\"},\"headline\":\"Burkina\\\/Douanes : Voici les innovations du\u00a0nouveau code adopt\u00e9 par l\u2019ALT\u00a0\",\"datePublished\":\"2025-03-25T12:36:07+00:00\",\"mainEntityOfPage\":{\"@id\":\"https:\\\/\\\/www.latribunedufaso.net\\\/?p=19619\"},\"wordCount\":409,\"commentCount\":0,\"publisher\":{\"@id\":\"https:\\\/\\\/www.latribunedufaso.net\\\/#organization\"},\"image\":{\"@id\":\"https:\\\/\\\/www.latribunedufaso.net\\\/?p=19619#primaryimage\"},\"thumbnailUrl\":\"https:\\\/\\\/www.latribunedufaso.net\\\/wp-content\\\/uploads\\\/2025\\\/03\\\/FB_IMG_1742905448651.jpg\",\"keywords\":[\"ALT\",\"latribunedufaso.net\",\"Nouveau code des douanes\"],\"articleSection\":[\"A la une\",\"Actualit\u00e9\",\"Economie\"],\"inLanguage\":\"fr-FR\",\"potentialAction\":[{\"@type\":\"CommentAction\",\"name\":\"Comment\",\"target\":[\"https:\\\/\\\/www.latribunedufaso.net\\\/?p=19619#respond\"]}]},{\"@type\":\"WebPage\",\"@id\":\"https:\\\/\\\/www.latribunedufaso.net\\\/?p=19619\",\"url\":\"https:\\\/\\\/www.latribunedufaso.net\\\/?p=19619\",\"name\":\"Burkina\\\/Douanes : Voici les innovations du\u00a0nouveau code adopt\u00e9 par l\u2019ALT\u00a0 - La Tribune du Faso\",\"isPartOf\":{\"@id\":\"https:\\\/\\\/www.latribunedufaso.net\\\/#website\"},\"primaryImageOfPage\":{\"@id\":\"https:\\\/\\\/www.latribunedufaso.net\\\/?p=19619#primaryimage\"},\"image\":{\"@id\":\"https:\\\/\\\/www.latribunedufaso.net\\\/?p=19619#primaryimage\"},\"thumbnailUrl\":\"https:\\\/\\\/www.latribunedufaso.net\\\/wp-content\\\/uploads\\\/2025\\\/03\\\/FB_IMG_1742905448651.jpg\",\"datePublished\":\"2025-03-25T12:36:07+00:00\",\"breadcrumb\":{\"@id\":\"https:\\\/\\\/www.latribunedufaso.net\\\/?p=19619#breadcrumb\"},\"inLanguage\":\"fr-FR\",\"potentialAction\":[{\"@type\":\"ReadAction\",\"target\":[\"https:\\\/\\\/www.latribunedufaso.net\\\/?p=19619\"]}]},{\"@type\":\"ImageObject\",\"inLanguage\":\"fr-FR\",\"@id\":\"https:\\\/\\\/www.latribunedufaso.net\\\/?p=19619#primaryimage\",\"url\":\"https:\\\/\\\/www.latribunedufaso.net\\\/wp-content\\\/uploads\\\/2025\\\/03\\\/FB_IMG_1742905448651.jpg\",\"contentUrl\":\"https:\\\/\\\/www.latribunedufaso.net\\\/wp-content\\\/uploads\\\/2025\\\/03\\\/FB_IMG_1742905448651.jpg\",\"width\":720,\"height\":454,\"caption\":\"Pl\u00e9ni\u00e8re \u00e0 l'ALT pour l'adoption du nouveau code des douanes au Burkina, 25 mars 2025\"},{\"@type\":\"BreadcrumbList\",\"@id\":\"https:\\\/\\\/www.latribunedufaso.net\\\/?p=19619#breadcrumb\",\"itemListElement\":[{\"@type\":\"ListItem\",\"position\":1,\"name\":\"Accueil\",\"item\":\"https:\\\/\\\/www.latribunedufaso.net\\\/\"},{\"@type\":\"ListItem\",\"position\":2,\"name\":\"Burkina\\\/Douanes : Voici les innovations du\u00a0nouveau code adopt\u00e9 par l\u2019ALT\u00a0\"}]},{\"@type\":\"WebSite\",\"@id\":\"https:\\\/\\\/www.latribunedufaso.net\\\/#website\",\"url\":\"https:\\\/\\\/www.latribunedufaso.net\\\/\",\"name\":\"La Tribune du Faso\",\"description\":\"L&#039;information du monde rural en un clic\",\"publisher\":{\"@id\":\"https:\\\/\\\/www.latribunedufaso.net\\\/#organization\"},\"potentialAction\":[{\"@type\":\"SearchAction\",\"target\":{\"@type\":\"EntryPoint\",\"urlTemplate\":\"https:\\\/\\\/www.latribunedufaso.net\\\/?s={search_term_string}\"},\"query-input\":{\"@type\":\"PropertyValueSpecification\",\"valueRequired\":true,\"valueName\":\"search_term_string\"}}],\"inLanguage\":\"fr-FR\"},{\"@type\":\"Organization\",\"@id\":\"https:\\\/\\\/www.latribunedufaso.net\\\/#organization\",\"name\":\"La Tribune du Faso\",\"url\":\"https:\\\/\\\/www.latribunedufaso.net\\\/\",\"logo\":{\"@type\":\"ImageObject\",\"inLanguage\":\"fr-FR\",\"@id\":\"https:\\\/\\\/www.latribunedufaso.net\\\/#\\\/schema\\\/logo\\\/image\\\/\",\"url\":\"https:\\\/\\\/www.latribunedufaso.net\\\/wp-content\\\/uploads\\\/2020\\\/08\\\/Logo-Tribune-du-Faso-final-scaled.jpg\",\"contentUrl\":\"https:\\\/\\\/www.latribunedufaso.net\\\/wp-content\\\/uploads\\\/2020\\\/08\\\/Logo-Tribune-du-Faso-final-scaled.jpg\",\"width\":2560,\"height\":1856,\"caption\":\"La Tribune du Faso\"},\"image\":{\"@id\":\"https:\\\/\\\/www.latribunedufaso.net\\\/#\\\/schema\\\/logo\\\/image\\\/\"},\"sameAs\":[\"https:\\\/\\\/www.facebook.com\\\/LatribuneduFaso\\\/\"]},{\"@type\":\"Person\",\"@id\":\"https:\\\/\\\/www.latribunedufaso.net\\\/#\\\/schema\\\/person\\\/e54e64c5778a7e72cf80a318b7a622b0\",\"name\":\"Issouf Tapsoba\",\"image\":{\"@type\":\"ImageObject\",\"inLanguage\":\"fr-FR\",\"@id\":\"https:\\\/\\\/secure.gravatar.com\\\/avatar\\\/5e6c05150ce3230247d167f5b94d678eb05936197436d69b7921e3a95c9107ac?s=96&d=mm&r=g\",\"url\":\"https:\\\/\\\/secure.gravatar.com\\\/avatar\\\/5e6c05150ce3230247d167f5b94d678eb05936197436d69b7921e3a95c9107ac?s=96&d=mm&r=g\",\"contentUrl\":\"https:\\\/\\\/secure.gravatar.com\\\/avatar\\\/5e6c05150ce3230247d167f5b94d678eb05936197436d69b7921e3a95c9107ac?s=96&d=mm&r=g\",\"caption\":\"Issouf Tapsoba\"},\"url\":\"https:\\\/\\\/www.latribunedufaso.net\\\/?author=5\"}]}<\/script>\n<!-- \/ Yoast SEO plugin. -->","yoast_head_json":{"title":"Burkina\/Douanes : Voici les innovations du\u00a0nouveau code adopt\u00e9 par l\u2019ALT\u00a0 - La Tribune du Faso","robots":{"index":"index","follow":"follow","max-snippet":"max-snippet:-1","max-image-preview":"max-image-preview:large","max-video-preview":"max-video-preview:-1"},"canonical":"https:\/\/www.latribunedufaso.net\/?p=19619","og_locale":"fr_FR","og_type":"article","og_title":"Burkina\/Douanes : Voici les innovations du\u00a0nouveau code adopt\u00e9 par l\u2019ALT\u00a0 - La Tribune du Faso","og_description":"Les d\u00e9put\u00e9s de l\u2019Assembl\u00e9e l\u00e9gislative de Transition (ALT) ont adopt\u00e9 \u00e0 l\u2019unanimit\u00e9 des 71 votants du jour, le nouveau Code des douanes au Burkina Faso. C&rsquo;\u00e9tait au cours d&rsquo;une pl\u00e9ni\u00e8re tenue le 24 mars 2025 \u00e0 Ouagadougou.","og_url":"https:\/\/www.latribunedufaso.net\/?p=19619","og_site_name":"La Tribune du Faso","article_publisher":"https:\/\/www.facebook.com\/LatribuneduFaso\/","article_published_time":"2025-03-25T12:36:07+00:00","og_image":[{"width":720,"height":454,"url":"https:\/\/www.latribunedufaso.net\/wp-content\/uploads\/2025\/03\/FB_IMG_1742905448651.jpg","type":"image\/jpeg"}],"author":"Issouf Tapsoba","twitter_misc":{"\u00c9crit par":"Issouf Tapsoba","Dur\u00e9e de lecture estim\u00e9e":"2 minutes"},"schema":{"@context":"https:\/\/schema.org","@graph":[{"@type":"Article","@id":"https:\/\/www.latribunedufaso.net\/?p=19619#article","isPartOf":{"@id":"https:\/\/www.latribunedufaso.net\/?p=19619"},"author":{"name":"Issouf Tapsoba","@id":"https:\/\/www.latribunedufaso.net\/#\/schema\/person\/e54e64c5778a7e72cf80a318b7a622b0"},"headline":"Burkina\/Douanes : Voici les innovations du\u00a0nouveau code adopt\u00e9 par l\u2019ALT\u00a0","datePublished":"2025-03-25T12:36:07+00:00","mainEntityOfPage":{"@id":"https:\/\/www.latribunedufaso.net\/?p=19619"},"wordCount":409,"commentCount":0,"publisher":{"@id":"https:\/\/www.latribunedufaso.net\/#organization"},"image":{"@id":"https:\/\/www.latribunedufaso.net\/?p=19619#primaryimage"},"thumbnailUrl":"https:\/\/www.latribunedufaso.net\/wp-content\/uploads\/2025\/03\/FB_IMG_1742905448651.jpg","keywords":["ALT","latribunedufaso.net","Nouveau code des douanes"],"articleSection":["A la une","Actualit\u00e9","Economie"],"inLanguage":"fr-FR","potentialAction":[{"@type":"CommentAction","name":"Comment","target":["https:\/\/www.latribunedufaso.net\/?p=19619#respond"]}]},{"@type":"WebPage","@id":"https:\/\/www.latribunedufaso.net\/?p=19619","url":"https:\/\/www.latribunedufaso.net\/?p=19619","name":"Burkina\/Douanes : Voici les innovations du\u00a0nouveau code adopt\u00e9 par l\u2019ALT\u00a0 - La Tribune du Faso","isPartOf":{"@id":"https:\/\/www.latribunedufaso.net\/#website"},"primaryImageOfPage":{"@id":"https:\/\/www.latribunedufaso.net\/?p=19619#primaryimage"},"image":{"@id":"https:\/\/www.latribunedufaso.net\/?p=19619#primaryimage"},"thumbnailUrl":"https:\/\/www.latribunedufaso.net\/wp-content\/uploads\/2025\/03\/FB_IMG_1742905448651.jpg","datePublished":"2025-03-25T12:36:07+00:00","breadcrumb":{"@id":"https:\/\/www.latribunedufaso.net\/?p=19619#breadcrumb"},"inLanguage":"fr-FR","potentialAction":[{"@type":"ReadAction","target":["https:\/\/www.latribunedufaso.net\/?p=19619"]}]},{"@type":"ImageObject","inLanguage":"fr-FR","@id":"https:\/\/www.latribunedufaso.net\/?p=19619#primaryimage","url":"https:\/\/www.latribunedufaso.net\/wp-content\/uploads\/2025\/03\/FB_IMG_1742905448651.jpg","contentUrl":"https:\/\/www.latribunedufaso.net\/wp-content\/uploads\/2025\/03\/FB_IMG_1742905448651.jpg","width":720,"height":454,"caption":"Pl\u00e9ni\u00e8re \u00e0 l'ALT pour l'adoption du nouveau code des douanes au Burkina, 25 mars 2025"},{"@type":"BreadcrumbList","@id":"https:\/\/www.latribunedufaso.net\/?p=19619#breadcrumb","itemListElement":[{"@type":"ListItem","position":1,"name":"Accueil","item":"https:\/\/www.latribunedufaso.net\/"},{"@type":"ListItem","position":2,"name":"Burkina\/Douanes : Voici les innovations du\u00a0nouveau code adopt\u00e9 par l\u2019ALT\u00a0"}]},{"@type":"WebSite","@id":"https:\/\/www.latribunedufaso.net\/#website","url":"https:\/\/www.latribunedufaso.net\/","name":"La Tribune du Faso","description":"L&#039;information du monde rural en un clic","publisher":{"@id":"https:\/\/www.latribunedufaso.net\/#organization"},"potentialAction":[{"@type":"SearchAction","target":{"@type":"EntryPoint","urlTemplate":"https:\/\/www.latribunedufaso.net\/?s={search_term_string}"},"query-input":{"@type":"PropertyValueSpecification","valueRequired":true,"valueName":"search_term_string"}}],"inLanguage":"fr-FR"},{"@type":"Organization","@id":"https:\/\/www.latribunedufaso.net\/#organization","name":"La Tribune du Faso","url":"https:\/\/www.latribunedufaso.net\/","logo":{"@type":"ImageObject","inLanguage":"fr-FR","@id":"https:\/\/www.latribunedufaso.net\/#\/schema\/logo\/image\/","url":"https:\/\/www.latribunedufaso.net\/wp-content\/uploads\/2020\/08\/Logo-Tribune-du-Faso-final-scaled.jpg","contentUrl":"https:\/\/www.latribunedufaso.net\/wp-content\/uploads\/2020\/08\/Logo-Tribune-du-Faso-final-scaled.jpg","width":2560,"height":1856,"caption":"La Tribune du Faso"},"image":{"@id":"https:\/\/www.latribunedufaso.net\/#\/schema\/logo\/image\/"},"sameAs":["https:\/\/www.facebook.com\/LatribuneduFaso\/"]},{"@type":"Person","@id":"https:\/\/www.latribunedufaso.net\/#\/schema\/person\/e54e64c5778a7e72cf80a318b7a622b0","name":"Issouf Tapsoba","image":{"@type":"ImageObject","inLanguage":"fr-FR","@id":"https:\/\/secure.gravatar.com\/avatar\/5e6c05150ce3230247d167f5b94d678eb05936197436d69b7921e3a95c9107ac?s=96&d=mm&r=g","url":"https:\/\/secure.gravatar.com\/avatar\/5e6c05150ce3230247d167f5b94d678eb05936197436d69b7921e3a95c9107ac?s=96&d=mm&r=g","contentUrl":"https:\/\/secure.gravatar.com\/avatar\/5e6c05150ce3230247d167f5b94d678eb05936197436d69b7921e3a95c9107ac?s=96&d=mm&r=g","caption":"Issouf Tapsoba"},"url":"https:\/\/www.latribunedufaso.net\/?author=5"}]}},"_links":{"self":[{"href":"https:\/\/www.latribunedufaso.net\/index.php?rest_route=\/wp\/v2\/posts\/19619","targetHints":{"allow":["GET"]}}],"collection":[{"href":"https:\/\/www.latribunedufaso.net\/index.php?rest_route=\/wp\/v2\/posts"}],"about":[{"href":"https:\/\/www.latribunedufaso.net\/index.php?rest_route=\/wp\/v2\/types\/post"}],"author":[{"embeddable":true,"href":"https:\/\/www.latribunedufaso.net\/index.php?rest_route=\/wp\/v2\/users\/5"}],"replies":[{"embeddable":true,"href":"https:\/\/www.latribunedufaso.net\/index.php?rest_route=%2Fwp%2Fv2%2Fcomments&post=19619"}],"version-history":[{"count":1,"href":"https:\/\/www.latribunedufaso.net\/index.php?rest_route=\/wp\/v2\/posts\/19619\/revisions"}],"predecessor-version":[{"id":19622,"href":"https:\/\/www.latribunedufaso.net\/index.php?rest_route=\/wp\/v2\/posts\/19619\/revisions\/19622"}],"wp:featuredmedia":[{"embeddable":true,"href":"https:\/\/www.latribunedufaso.net\/index.php?rest_route=\/wp\/v2\/media\/19620"}],"wp:attachment":[{"href":"https:\/\/www.latribunedufaso.net\/index.php?rest_route=%2Fwp%2Fv2%2Fmedia&parent=19619"}],"wp:term":[{"taxonomy":"category","embeddable":true,"href":"https:\/\/www.latribunedufaso.net\/index.php?rest_route=%2Fwp%2Fv2%2Fcategories&post=19619"},{"taxonomy":"post_tag","embeddable":true,"href":"https:\/\/www.latribunedufaso.net\/index.php?rest_route=%2Fwp%2Fv2%2Ftags&post=19619"}],"curies":[{"name":"wp","href":"https:\/\/api.w.org\/{rel}","templated":true}]}}