{"id":19582,"date":"2025-03-23T13:20:47","date_gmt":"2025-03-23T13:20:47","guid":{"rendered":"https:\/\/www.latribunedufaso.net\/?p=19582"},"modified":"2025-03-23T13:20:47","modified_gmt":"2025-03-23T13:20:47","slug":"8-mars-2025-iamgold-essakane-sa-celebre-la-femme-a-travers-le-sport","status":"publish","type":"post","link":"https:\/\/www.latribunedufaso.net\/?p=19582","title":{"rendered":"8 mars 2025 : IAMGOLD Essakane SA\u00a0 c\u00e9l\u00e8bre la femme \u00e0 travers le sport\u00a0"},"content":{"rendered":"<p><strong>La Soci\u00e9t\u00e9 mini\u00e8re IAMGOLD Essakane SA a c\u00e9l\u00e9br\u00e9 le 8 mars en diff\u00e9r\u00e9, ce 22 mars 2025 \u00e0 Ouagadougou. Elle a organis\u00e9 une s\u00e9ance d\u2019a\u00e9robic au profit des femmes de son entreprise et plusieurs autres femmes.<\/strong><!--more--><\/p>\n<p>Dans le cadre de la 168e journ\u00e9e internationale des droits de la femme (8 mars 2025), la cellule genre de la soci\u00e9t\u00e9 mini\u00e8re IAMGOLD Essakane a organis\u00e9 une s\u00e9ance d\u2019a\u00e9robic, le 22 mars 2025 sur le terrain de l\u2019Ecole nationale de l\u2019administration et de la magistrature (ENAM) \u00e0 Ouagadougou.<\/p>\n<p><em><strong>\u00ab Femme et d\u00e9fis agricole \u00bb,<\/strong><\/em> c\u2019est sous ce th\u00e8me qu\u2019a \u00e9t\u00e9 plac\u00e9e cette s\u00e9ance. En dehors des femmes d\u2019Essakane, elle a connu la participation des femmes polici\u00e8res en formation, des membres de la Chambre des mines du Burkina, entre autres.<\/p>\n<figure id=\"attachment_19583\" aria-describedby=\"caption-attachment-19583\" style=\"width: 2560px\" class=\"wp-caption aligncenter\"><a href=\"https:\/\/www.latribunedufaso.net\/wp-content\/uploads\/2025\/03\/IMG-20250323-WA0012.jpg\"><img loading=\"lazy\" decoding=\"async\" class=\"size-full wp-image-19583\" src=\"https:\/\/www.latribunedufaso.net\/wp-content\/uploads\/2025\/03\/IMG-20250323-WA0012.jpg\" alt=\"La Soci\u00e9t\u00e9 mini\u00e8re IAMGOLD Essakane SA a c\u00e9l\u00e9br\u00e9 le 8 mars en diff\u00e9r\u00e9, ce 22 mars 2025 \u00e0 Ouagadougou\" width=\"2560\" height=\"1440\" srcset=\"https:\/\/www.latribunedufaso.net\/wp-content\/uploads\/2025\/03\/IMG-20250323-WA0012.jpg 2560w, https:\/\/www.latribunedufaso.net\/wp-content\/uploads\/2025\/03\/IMG-20250323-WA0012-300x169.jpg 300w, https:\/\/www.latribunedufaso.net\/wp-content\/uploads\/2025\/03\/IMG-20250323-WA0012-1024x576.jpg 1024w, https:\/\/www.latribunedufaso.net\/wp-content\/uploads\/2025\/03\/IMG-20250323-WA0012-768x432.jpg 768w, https:\/\/www.latribunedufaso.net\/wp-content\/uploads\/2025\/03\/IMG-20250323-WA0012-1536x864.jpg 1536w, https:\/\/www.latribunedufaso.net\/wp-content\/uploads\/2025\/03\/IMG-20250323-WA0012-2048x1152.jpg 2048w\" sizes=\"auto, (max-width: 2560px) 100vw, 2560px\" \/><\/a><figcaption id=\"caption-attachment-19583\" class=\"wp-caption-text\">La Championne de la cellule genre de la mine Essakane, Elise Sanou &#8211; Ph. A. Kiendrebeogo<\/figcaption><\/figure>\n<p>Selon la Championne de la cellule genre de la mine Essakane, Elise Sanou, la pr\u00e9sente s\u00e9ance d\u2019a\u00e9robic est le couronnement de plusieurs activit\u00e9s entreprise par les femmes de la mine, toutes, dans le cadre du 8 mars 2025. Il s\u2019agit notamment d\u2019une collecte de fonds pour soutenir les personnes vuln\u00e9rables et particuli\u00e8rement victimes de cancers, des formations et s\u00e9ances de sensibilisation sur le cancer du sein et celui du colle de l\u2019ut\u00e9rus et des conf\u00e9rences sur l\u2019autonomisation des femmes. Dans son allocution, elle a remerci\u00e9 l\u2019administration de Essakane qui a rendu possible la mise en \u0153uvre de ces programmes.<\/p>\n<p>En prenant la parole, le Directeur g\u00e9n\u00e9ral de Essakane, Tidiane Barry a laiss\u00e9 entendre que depuis la construction de la mine en 2009, IAMGOLD Essakane accorde une place pr\u00e9pond\u00e9rante \u00e0 la gente f\u00e9minine. Dans ce sens, <em><strong>\u00ab l\u2019Administration continuera \u00e0 ne m\u00e9nager aucun effort pour la promotion du genre et des droits de la femme au sein de l\u2019entreprise \u00bb,<\/strong><\/em> a-t-il rassur\u00e9.<\/p>\n<figure id=\"attachment_19585\" aria-describedby=\"caption-attachment-19585\" style=\"width: 2560px\" class=\"wp-caption aligncenter\"><a href=\"https:\/\/www.latribunedufaso.net\/wp-content\/uploads\/2025\/03\/IMG-20250323-WA0020.jpg\"><img loading=\"lazy\" decoding=\"async\" class=\"size-full wp-image-19585\" src=\"https:\/\/www.latribunedufaso.net\/wp-content\/uploads\/2025\/03\/IMG-20250323-WA0020.jpg\" alt=\"La Soci\u00e9t\u00e9 mini\u00e8re IAMGOLD Essakane SA a c\u00e9l\u00e9br\u00e9 le 8 mars en diff\u00e9r\u00e9, ce 22 mars 2025 \u00e0 Ouagadougou\" width=\"2560\" height=\"1927\" srcset=\"https:\/\/www.latribunedufaso.net\/wp-content\/uploads\/2025\/03\/IMG-20250323-WA0020.jpg 2560w, https:\/\/www.latribunedufaso.net\/wp-content\/uploads\/2025\/03\/IMG-20250323-WA0020-300x226.jpg 300w, https:\/\/www.latribunedufaso.net\/wp-content\/uploads\/2025\/03\/IMG-20250323-WA0020-1024x771.jpg 1024w, https:\/\/www.latribunedufaso.net\/wp-content\/uploads\/2025\/03\/IMG-20250323-WA0020-768x578.jpg 768w, https:\/\/www.latribunedufaso.net\/wp-content\/uploads\/2025\/03\/IMG-20250323-WA0020-1536x1156.jpg 1536w, https:\/\/www.latribunedufaso.net\/wp-content\/uploads\/2025\/03\/IMG-20250323-WA0020-2048x1542.jpg 2048w\" sizes=\"auto, (max-width: 2560px) 100vw, 2560px\" \/><\/a><figcaption id=\"caption-attachment-19585\" class=\"wp-caption-text\">Le Directeur g\u00e9n\u00e9ral de IAMGOLD Essakane SA, Tidiane Barry &#8211; Ph. A. Kiendrebeogo<\/figcaption><\/figure>\n<p>Il faut noter que la s\u00e9ance d\u2019a\u00e9robic a \u00e9t\u00e9 plac\u00e9e sous le co parrainage du ministre en charge de l\u2019Action humanitaire, le Commandant P\u00e9lagie Kabr\u00e9\/Kabor\u00e9 et celui en charge de la Transition digitale, Aminata Zerbo\/Sabane. Elles ont \u00e9t\u00e9 toutes les deux repr\u00e9sent\u00e9es par la Directrice g\u00e9n\u00e9rale par int\u00e9rim de la promotion de la femme et du genre, Am\u00e9tina Libabatou. Tout en f\u00e9licitant les femmes d\u2019Essakane pour cette activit\u00e9 sportive, elle a invit\u00e9 toutes les femmes \u00e0 en faire de m\u00eame.<em><strong> \u00ab C\u2019est important pour les femmes de s\u2019adonner \u00e0 une activit\u00e9 sportive (\u2026) cela contribue au bien \u00eatre et am\u00e9liore les conditions de vie et de travail \u00bb<\/strong><\/em>, a-t-elle signifi\u00e9.<\/p>\n<blockquote>\n<p>Lire aussi &gt;&gt; <a href=\"https:\/\/www.latribunedufaso.net\/?p=12470\">\u00ab Autonomisation de la Femme \u00bb : C\u2019est le th\u00e8me choisi par les femmes de la mine Essakane pour c\u00e9l\u00e9brer le 8 mars 2024<\/a><\/p>\n<\/blockquote>\n<p>Comme pour joindre l\u2019utile \u00e0 l\u2019agr\u00e9able, les femmes qui ont particip\u00e9 \u00e0 la s\u00e9ance d\u2019a\u00e9robic ont b\u00e9n\u00e9fici\u00e9 des conseils du Pr. Charlemagne Ou\u00e9draogo pour se pr\u00e9server du cancer du sein et celui du colle de l\u2019ut\u00e9rus.<\/p>\n<p><strong>Rosana Astride KIENDREBEOGO\u00a0<\/strong><\/p>\n<p><strong>latribunedufaso.net<\/strong><\/p>\n","protected":false},"excerpt":{"rendered":"<p>La Soci\u00e9t\u00e9 mini\u00e8re IAMGOLD Essakane SA a c\u00e9l\u00e9br\u00e9 le 8 mars en diff\u00e9r\u00e9, ce 22 mars 2025 \u00e0 Ouagadougou. Elle a organis\u00e9 une s\u00e9ance d\u2019a\u00e9robic au profit des femmes de son entreprise et plusieurs autres femmes.<\/p>\n","protected":false},"author":5,"featured_media":19586,"comment_status":"open","ping_status":"open","sticky":false,"template":"","format":"standard","meta":{"footnotes":""},"categories":[13,1,19],"tags":[166,830,39],"class_list":["post-19582","post","type-post","status-publish","format-standard","has-post-thumbnail","hentry","category-une","category-actu","category-mines-et-carrieres","tag-essakane-sa","tag-fete-8-mars-essakane","tag-latribunedufaso-net"],"yoast_head":"<!-- This site is optimized with the Yoast SEO plugin v27.5 - https:\/\/yoast.com\/product\/yoast-seo-wordpress\/ -->\n<title>8 mars 2025 : IAMGOLD Essakane SA\u00a0 c\u00e9l\u00e8bre la femme \u00e0 travers le sport\u00a0 - La Tribune du Faso<\/title>\n<meta name=\"robots\" content=\"index, follow, max-snippet:-1, max-image-preview:large, max-video-preview:-1\" \/>\n<link rel=\"canonical\" href=\"https:\/\/www.latribunedufaso.net\/?p=19582\" \/>\n<meta property=\"og:locale\" content=\"fr_FR\" \/>\n<meta property=\"og:type\" content=\"article\" \/>\n<meta property=\"og:title\" content=\"8 mars 2025 : IAMGOLD Essakane SA\u00a0 c\u00e9l\u00e8bre la femme \u00e0 travers le sport\u00a0 - La Tribune du Faso\" \/>\n<meta property=\"og:description\" content=\"La Soci\u00e9t\u00e9 mini\u00e8re IAMGOLD Essakane SA a c\u00e9l\u00e9br\u00e9 le 8 mars en diff\u00e9r\u00e9, ce 22 mars 2025 \u00e0 Ouagadougou. Elle a organis\u00e9 une s\u00e9ance d\u2019a\u00e9robic au profit des femmes de son entreprise et plusieurs autres femmes.\" \/>\n<meta property=\"og:url\" content=\"https:\/\/www.latribunedufaso.net\/?p=19582\" \/>\n<meta property=\"og:site_name\" content=\"La Tribune du Faso\" \/>\n<meta property=\"article:publisher\" content=\"https:\/\/www.facebook.com\/LatribuneduFaso\/\" \/>\n<meta property=\"article:published_time\" content=\"2025-03-23T13:20:47+00:00\" \/>\n<meta property=\"og:image\" content=\"https:\/\/www.latribunedufaso.net\/wp-content\/uploads\/2025\/03\/IMG-20250323-WA0018.jpg\" \/>\n\t<meta property=\"og:image:width\" content=\"2560\" \/>\n\t<meta property=\"og:image:height\" content=\"1927\" \/>\n\t<meta property=\"og:image:type\" content=\"image\/jpeg\" \/>\n<meta name=\"author\" content=\"Issouf Tapsoba\" \/>\n<meta name=\"twitter:label1\" content=\"\u00c9crit par\" \/>\n\t<meta name=\"twitter:data1\" content=\"Issouf Tapsoba\" \/>\n\t<meta name=\"twitter:label2\" content=\"Dur\u00e9e de lecture estim\u00e9e\" \/>\n\t<meta name=\"twitter:data2\" content=\"3 minutes\" \/>\n<script type=\"application\/ld+json\" class=\"yoast-schema-graph\">{\"@context\":\"https:\\\/\\\/schema.org\",\"@graph\":[{\"@type\":\"Article\",\"@id\":\"https:\\\/\\\/www.latribunedufaso.net\\\/?p=19582#article\",\"isPartOf\":{\"@id\":\"https:\\\/\\\/www.latribunedufaso.net\\\/?p=19582\"},\"author\":{\"name\":\"Issouf Tapsoba\",\"@id\":\"https:\\\/\\\/www.latribunedufaso.net\\\/#\\\/schema\\\/person\\\/e54e64c5778a7e72cf80a318b7a622b0\"},\"headline\":\"8 mars 2025 : IAMGOLD Essakane SA\u00a0 c\u00e9l\u00e8bre la femme \u00e0 travers le sport\u00a0\",\"datePublished\":\"2025-03-23T13:20:47+00:00\",\"mainEntityOfPage\":{\"@id\":\"https:\\\/\\\/www.latribunedufaso.net\\\/?p=19582\"},\"wordCount\":576,\"commentCount\":0,\"publisher\":{\"@id\":\"https:\\\/\\\/www.latribunedufaso.net\\\/#organization\"},\"image\":{\"@id\":\"https:\\\/\\\/www.latribunedufaso.net\\\/?p=19582#primaryimage\"},\"thumbnailUrl\":\"https:\\\/\\\/www.latribunedufaso.net\\\/wp-content\\\/uploads\\\/2025\\\/03\\\/IMG-20250323-WA0018.jpg\",\"keywords\":[\"Essakane SA\",\"F\u00eate 8 mars Essakane\",\"latribunedufaso.net\"],\"articleSection\":[\"A la une\",\"Actualit\u00e9\",\"Mines et Carri\u00e8res\"],\"inLanguage\":\"fr-FR\",\"potentialAction\":[{\"@type\":\"CommentAction\",\"name\":\"Comment\",\"target\":[\"https:\\\/\\\/www.latribunedufaso.net\\\/?p=19582#respond\"]}]},{\"@type\":\"WebPage\",\"@id\":\"https:\\\/\\\/www.latribunedufaso.net\\\/?p=19582\",\"url\":\"https:\\\/\\\/www.latribunedufaso.net\\\/?p=19582\",\"name\":\"8 mars 2025 : IAMGOLD Essakane SA\u00a0 c\u00e9l\u00e8bre la femme \u00e0 travers le sport\u00a0 - La Tribune du Faso\",\"isPartOf\":{\"@id\":\"https:\\\/\\\/www.latribunedufaso.net\\\/#website\"},\"primaryImageOfPage\":{\"@id\":\"https:\\\/\\\/www.latribunedufaso.net\\\/?p=19582#primaryimage\"},\"image\":{\"@id\":\"https:\\\/\\\/www.latribunedufaso.net\\\/?p=19582#primaryimage\"},\"thumbnailUrl\":\"https:\\\/\\\/www.latribunedufaso.net\\\/wp-content\\\/uploads\\\/2025\\\/03\\\/IMG-20250323-WA0018.jpg\",\"datePublished\":\"2025-03-23T13:20:47+00:00\",\"breadcrumb\":{\"@id\":\"https:\\\/\\\/www.latribunedufaso.net\\\/?p=19582#breadcrumb\"},\"inLanguage\":\"fr-FR\",\"potentialAction\":[{\"@type\":\"ReadAction\",\"target\":[\"https:\\\/\\\/www.latribunedufaso.net\\\/?p=19582\"]}]},{\"@type\":\"ImageObject\",\"inLanguage\":\"fr-FR\",\"@id\":\"https:\\\/\\\/www.latribunedufaso.net\\\/?p=19582#primaryimage\",\"url\":\"https:\\\/\\\/www.latribunedufaso.net\\\/wp-content\\\/uploads\\\/2025\\\/03\\\/IMG-20250323-WA0018.jpg\",\"contentUrl\":\"https:\\\/\\\/www.latribunedufaso.net\\\/wp-content\\\/uploads\\\/2025\\\/03\\\/IMG-20250323-WA0018.jpg\",\"width\":2560,\"height\":1927,\"caption\":\"La Soci\u00e9t\u00e9 mini\u00e8re IAMGOLD Essakane SA a c\u00e9l\u00e9br\u00e9 le 8 mars en diff\u00e9r\u00e9, ce 22 mars 2025 \u00e0 Ouagadougou\"},{\"@type\":\"BreadcrumbList\",\"@id\":\"https:\\\/\\\/www.latribunedufaso.net\\\/?p=19582#breadcrumb\",\"itemListElement\":[{\"@type\":\"ListItem\",\"position\":1,\"name\":\"Accueil\",\"item\":\"https:\\\/\\\/www.latribunedufaso.net\\\/\"},{\"@type\":\"ListItem\",\"position\":2,\"name\":\"8 mars 2025 : IAMGOLD Essakane SA\u00a0 c\u00e9l\u00e8bre la femme \u00e0 travers le sport\u00a0\"}]},{\"@type\":\"WebSite\",\"@id\":\"https:\\\/\\\/www.latribunedufaso.net\\\/#website\",\"url\":\"https:\\\/\\\/www.latribunedufaso.net\\\/\",\"name\":\"La Tribune du Faso\",\"description\":\"L&#039;information du monde rural en un clic\",\"publisher\":{\"@id\":\"https:\\\/\\\/www.latribunedufaso.net\\\/#organization\"},\"potentialAction\":[{\"@type\":\"SearchAction\",\"target\":{\"@type\":\"EntryPoint\",\"urlTemplate\":\"https:\\\/\\\/www.latribunedufaso.net\\\/?s={search_term_string}\"},\"query-input\":{\"@type\":\"PropertyValueSpecification\",\"valueRequired\":true,\"valueName\":\"search_term_string\"}}],\"inLanguage\":\"fr-FR\"},{\"@type\":\"Organization\",\"@id\":\"https:\\\/\\\/www.latribunedufaso.net\\\/#organization\",\"name\":\"La Tribune du Faso\",\"url\":\"https:\\\/\\\/www.latribunedufaso.net\\\/\",\"logo\":{\"@type\":\"ImageObject\",\"inLanguage\":\"fr-FR\",\"@id\":\"https:\\\/\\\/www.latribunedufaso.net\\\/#\\\/schema\\\/logo\\\/image\\\/\",\"url\":\"https:\\\/\\\/www.latribunedufaso.net\\\/wp-content\\\/uploads\\\/2020\\\/08\\\/Logo-Tribune-du-Faso-final-scaled.jpg\",\"contentUrl\":\"https:\\\/\\\/www.latribunedufaso.net\\\/wp-content\\\/uploads\\\/2020\\\/08\\\/Logo-Tribune-du-Faso-final-scaled.jpg\",\"width\":2560,\"height\":1856,\"caption\":\"La Tribune du Faso\"},\"image\":{\"@id\":\"https:\\\/\\\/www.latribunedufaso.net\\\/#\\\/schema\\\/logo\\\/image\\\/\"},\"sameAs\":[\"https:\\\/\\\/www.facebook.com\\\/LatribuneduFaso\\\/\"]},{\"@type\":\"Person\",\"@id\":\"https:\\\/\\\/www.latribunedufaso.net\\\/#\\\/schema\\\/person\\\/e54e64c5778a7e72cf80a318b7a622b0\",\"name\":\"Issouf Tapsoba\",\"image\":{\"@type\":\"ImageObject\",\"inLanguage\":\"fr-FR\",\"@id\":\"https:\\\/\\\/secure.gravatar.com\\\/avatar\\\/5e6c05150ce3230247d167f5b94d678eb05936197436d69b7921e3a95c9107ac?s=96&d=mm&r=g\",\"url\":\"https:\\\/\\\/secure.gravatar.com\\\/avatar\\\/5e6c05150ce3230247d167f5b94d678eb05936197436d69b7921e3a95c9107ac?s=96&d=mm&r=g\",\"contentUrl\":\"https:\\\/\\\/secure.gravatar.com\\\/avatar\\\/5e6c05150ce3230247d167f5b94d678eb05936197436d69b7921e3a95c9107ac?s=96&d=mm&r=g\",\"caption\":\"Issouf Tapsoba\"},\"url\":\"https:\\\/\\\/www.latribunedufaso.net\\\/?author=5\"}]}<\/script>\n<!-- \/ Yoast SEO plugin. -->","yoast_head_json":{"title":"8 mars 2025 : IAMGOLD Essakane SA\u00a0 c\u00e9l\u00e8bre la femme \u00e0 travers le sport\u00a0 - La Tribune du Faso","robots":{"index":"index","follow":"follow","max-snippet":"max-snippet:-1","max-image-preview":"max-image-preview:large","max-video-preview":"max-video-preview:-1"},"canonical":"https:\/\/www.latribunedufaso.net\/?p=19582","og_locale":"fr_FR","og_type":"article","og_title":"8 mars 2025 : IAMGOLD Essakane SA\u00a0 c\u00e9l\u00e8bre la femme \u00e0 travers le sport\u00a0 - La Tribune du Faso","og_description":"La Soci\u00e9t\u00e9 mini\u00e8re IAMGOLD Essakane SA a c\u00e9l\u00e9br\u00e9 le 8 mars en diff\u00e9r\u00e9, ce 22 mars 2025 \u00e0 Ouagadougou. Elle a organis\u00e9 une s\u00e9ance d\u2019a\u00e9robic au profit des femmes de son entreprise et plusieurs autres femmes.","og_url":"https:\/\/www.latribunedufaso.net\/?p=19582","og_site_name":"La Tribune du Faso","article_publisher":"https:\/\/www.facebook.com\/LatribuneduFaso\/","article_published_time":"2025-03-23T13:20:47+00:00","og_image":[{"width":2560,"height":1927,"url":"https:\/\/www.latribunedufaso.net\/wp-content\/uploads\/2025\/03\/IMG-20250323-WA0018.jpg","type":"image\/jpeg"}],"author":"Issouf Tapsoba","twitter_misc":{"\u00c9crit par":"Issouf Tapsoba","Dur\u00e9e de lecture estim\u00e9e":"3 minutes"},"schema":{"@context":"https:\/\/schema.org","@graph":[{"@type":"Article","@id":"https:\/\/www.latribunedufaso.net\/?p=19582#article","isPartOf":{"@id":"https:\/\/www.latribunedufaso.net\/?p=19582"},"author":{"name":"Issouf Tapsoba","@id":"https:\/\/www.latribunedufaso.net\/#\/schema\/person\/e54e64c5778a7e72cf80a318b7a622b0"},"headline":"8 mars 2025 : IAMGOLD Essakane SA\u00a0 c\u00e9l\u00e8bre la femme \u00e0 travers le sport\u00a0","datePublished":"2025-03-23T13:20:47+00:00","mainEntityOfPage":{"@id":"https:\/\/www.latribunedufaso.net\/?p=19582"},"wordCount":576,"commentCount":0,"publisher":{"@id":"https:\/\/www.latribunedufaso.net\/#organization"},"image":{"@id":"https:\/\/www.latribunedufaso.net\/?p=19582#primaryimage"},"thumbnailUrl":"https:\/\/www.latribunedufaso.net\/wp-content\/uploads\/2025\/03\/IMG-20250323-WA0018.jpg","keywords":["Essakane SA","F\u00eate 8 mars Essakane","latribunedufaso.net"],"articleSection":["A la une","Actualit\u00e9","Mines et Carri\u00e8res"],"inLanguage":"fr-FR","potentialAction":[{"@type":"CommentAction","name":"Comment","target":["https:\/\/www.latribunedufaso.net\/?p=19582#respond"]}]},{"@type":"WebPage","@id":"https:\/\/www.latribunedufaso.net\/?p=19582","url":"https:\/\/www.latribunedufaso.net\/?p=19582","name":"8 mars 2025 : IAMGOLD Essakane SA\u00a0 c\u00e9l\u00e8bre la femme \u00e0 travers le sport\u00a0 - La Tribune du Faso","isPartOf":{"@id":"https:\/\/www.latribunedufaso.net\/#website"},"primaryImageOfPage":{"@id":"https:\/\/www.latribunedufaso.net\/?p=19582#primaryimage"},"image":{"@id":"https:\/\/www.latribunedufaso.net\/?p=19582#primaryimage"},"thumbnailUrl":"https:\/\/www.latribunedufaso.net\/wp-content\/uploads\/2025\/03\/IMG-20250323-WA0018.jpg","datePublished":"2025-03-23T13:20:47+00:00","breadcrumb":{"@id":"https:\/\/www.latribunedufaso.net\/?p=19582#breadcrumb"},"inLanguage":"fr-FR","potentialAction":[{"@type":"ReadAction","target":["https:\/\/www.latribunedufaso.net\/?p=19582"]}]},{"@type":"ImageObject","inLanguage":"fr-FR","@id":"https:\/\/www.latribunedufaso.net\/?p=19582#primaryimage","url":"https:\/\/www.latribunedufaso.net\/wp-content\/uploads\/2025\/03\/IMG-20250323-WA0018.jpg","contentUrl":"https:\/\/www.latribunedufaso.net\/wp-content\/uploads\/2025\/03\/IMG-20250323-WA0018.jpg","width":2560,"height":1927,"caption":"La Soci\u00e9t\u00e9 mini\u00e8re IAMGOLD Essakane SA a c\u00e9l\u00e9br\u00e9 le 8 mars en diff\u00e9r\u00e9, ce 22 mars 2025 \u00e0 Ouagadougou"},{"@type":"BreadcrumbList","@id":"https:\/\/www.latribunedufaso.net\/?p=19582#breadcrumb","itemListElement":[{"@type":"ListItem","position":1,"name":"Accueil","item":"https:\/\/www.latribunedufaso.net\/"},{"@type":"ListItem","position":2,"name":"8 mars 2025 : IAMGOLD Essakane SA\u00a0 c\u00e9l\u00e8bre la femme \u00e0 travers le sport\u00a0"}]},{"@type":"WebSite","@id":"https:\/\/www.latribunedufaso.net\/#website","url":"https:\/\/www.latribunedufaso.net\/","name":"La Tribune du Faso","description":"L&#039;information du monde rural en un clic","publisher":{"@id":"https:\/\/www.latribunedufaso.net\/#organization"},"potentialAction":[{"@type":"SearchAction","target":{"@type":"EntryPoint","urlTemplate":"https:\/\/www.latribunedufaso.net\/?s={search_term_string}"},"query-input":{"@type":"PropertyValueSpecification","valueRequired":true,"valueName":"search_term_string"}}],"inLanguage":"fr-FR"},{"@type":"Organization","@id":"https:\/\/www.latribunedufaso.net\/#organization","name":"La Tribune du Faso","url":"https:\/\/www.latribunedufaso.net\/","logo":{"@type":"ImageObject","inLanguage":"fr-FR","@id":"https:\/\/www.latribunedufaso.net\/#\/schema\/logo\/image\/","url":"https:\/\/www.latribunedufaso.net\/wp-content\/uploads\/2020\/08\/Logo-Tribune-du-Faso-final-scaled.jpg","contentUrl":"https:\/\/www.latribunedufaso.net\/wp-content\/uploads\/2020\/08\/Logo-Tribune-du-Faso-final-scaled.jpg","width":2560,"height":1856,"caption":"La Tribune du Faso"},"image":{"@id":"https:\/\/www.latribunedufaso.net\/#\/schema\/logo\/image\/"},"sameAs":["https:\/\/www.facebook.com\/LatribuneduFaso\/"]},{"@type":"Person","@id":"https:\/\/www.latribunedufaso.net\/#\/schema\/person\/e54e64c5778a7e72cf80a318b7a622b0","name":"Issouf Tapsoba","image":{"@type":"ImageObject","inLanguage":"fr-FR","@id":"https:\/\/secure.gravatar.com\/avatar\/5e6c05150ce3230247d167f5b94d678eb05936197436d69b7921e3a95c9107ac?s=96&d=mm&r=g","url":"https:\/\/secure.gravatar.com\/avatar\/5e6c05150ce3230247d167f5b94d678eb05936197436d69b7921e3a95c9107ac?s=96&d=mm&r=g","contentUrl":"https:\/\/secure.gravatar.com\/avatar\/5e6c05150ce3230247d167f5b94d678eb05936197436d69b7921e3a95c9107ac?s=96&d=mm&r=g","caption":"Issouf Tapsoba"},"url":"https:\/\/www.latribunedufaso.net\/?author=5"}]}},"_links":{"self":[{"href":"https:\/\/www.latribunedufaso.net\/index.php?rest_route=\/wp\/v2\/posts\/19582","targetHints":{"allow":["GET"]}}],"collection":[{"href":"https:\/\/www.latribunedufaso.net\/index.php?rest_route=\/wp\/v2\/posts"}],"about":[{"href":"https:\/\/www.latribunedufaso.net\/index.php?rest_route=\/wp\/v2\/types\/post"}],"author":[{"embeddable":true,"href":"https:\/\/www.latribunedufaso.net\/index.php?rest_route=\/wp\/v2\/users\/5"}],"replies":[{"embeddable":true,"href":"https:\/\/www.latribunedufaso.net\/index.php?rest_route=%2Fwp%2Fv2%2Fcomments&post=19582"}],"version-history":[{"count":1,"href":"https:\/\/www.latribunedufaso.net\/index.php?rest_route=\/wp\/v2\/posts\/19582\/revisions"}],"predecessor-version":[{"id":19587,"href":"https:\/\/www.latribunedufaso.net\/index.php?rest_route=\/wp\/v2\/posts\/19582\/revisions\/19587"}],"wp:featuredmedia":[{"embeddable":true,"href":"https:\/\/www.latribunedufaso.net\/index.php?rest_route=\/wp\/v2\/media\/19586"}],"wp:attachment":[{"href":"https:\/\/www.latribunedufaso.net\/index.php?rest_route=%2Fwp%2Fv2%2Fmedia&parent=19582"}],"wp:term":[{"taxonomy":"category","embeddable":true,"href":"https:\/\/www.latribunedufaso.net\/index.php?rest_route=%2Fwp%2Fv2%2Fcategories&post=19582"},{"taxonomy":"post_tag","embeddable":true,"href":"https:\/\/www.latribunedufaso.net\/index.php?rest_route=%2Fwp%2Fv2%2Ftags&post=19582"}],"curies":[{"name":"wp","href":"https:\/\/api.w.org\/{rel}","templated":true}]}}