{"id":19447,"date":"2025-03-17T15:28:22","date_gmt":"2025-03-17T15:28:22","guid":{"rendered":"https:\/\/www.latribunedufaso.net\/?p=19447"},"modified":"2025-03-17T21:38:34","modified_gmt":"2025-03-17T21:38:34","slug":"programme-faso-scale-up-une-initiative-de-lafp-pme-pour-renforcer-le-developpement-des-pme","status":"publish","type":"post","link":"https:\/\/www.latribunedufaso.net\/?p=19447","title":{"rendered":"Programme \u00ab FASO SCALE-UP \u00bb : Une initiative de l\u2019AFP-PME pour renforcer le d\u00e9veloppement des PME"},"content":{"rendered":"<p><strong>Le 17 mars 2025 \u00e0 Ouagadougou, l\u2019Agence de financement et de promotion des petites et moyennes entreprises (AFP-PME) a organis\u00e9 la c\u00e9r\u00e9monie de lancement de son programme d\u2019acc\u00e9l\u00e9ration des PME d\u00e9nomm\u00e9 \u00ab FASO SCALE-UP \u00bb. Pendant 90 jours, cette initiative vise \u00e0 accompagner des PME dans leur croissance. <\/strong><!--more--><\/p>\n<p>Elle sont 23 PME \u00e0 b\u00e9n\u00e9ficier de la premi\u00e8re cohorte du programme <em><strong>\u00ab FASO SCALE-UP \u00bb<\/strong><\/em>. Elles vont b\u00e9n\u00e9ficier de plusieurs types d\u2019accompagnement, notamment le coaching, la formation, le mentoring et le conseil pour mieux organiser leur gouvernance et renforcer leur d\u00e9veloppement. Ces accompagnement s\u2019\u00e9tendent sur une dur\u00e9e de 90 jours. Plac\u00e9e sous la pr\u00e9sidence du Directeur g\u00e9n\u00e9ral de l\u2019AFP-PME, Issa Traor\u00e9, le lancement officiel des activit\u00e9s a eu lieu le 17 mars 2025 \u00e0 Ouagadougou.<\/p>\n<figure id=\"attachment_19449\" aria-describedby=\"caption-attachment-19449\" style=\"width: 2560px\" class=\"wp-caption aligncenter\"><a href=\"https:\/\/www.latribunedufaso.net\/wp-content\/uploads\/2025\/03\/IMG_20250317_094311_758-scaled.jpg\"><img loading=\"lazy\" decoding=\"async\" class=\"size-full wp-image-19449\" src=\"https:\/\/www.latribunedufaso.net\/wp-content\/uploads\/2025\/03\/IMG_20250317_094311_758-scaled.jpg\" alt=\"L'AFP-PME organise le lancement officiel du programme \u00ab FASO SCALE-UP \u00bb, 17 mars 2025\" width=\"2560\" height=\"1920\" srcset=\"https:\/\/www.latribunedufaso.net\/wp-content\/uploads\/2025\/03\/IMG_20250317_094311_758-scaled.jpg 2560w, https:\/\/www.latribunedufaso.net\/wp-content\/uploads\/2025\/03\/IMG_20250317_094311_758-300x225.jpg 300w, https:\/\/www.latribunedufaso.net\/wp-content\/uploads\/2025\/03\/IMG_20250317_094311_758-1024x768.jpg 1024w, https:\/\/www.latribunedufaso.net\/wp-content\/uploads\/2025\/03\/IMG_20250317_094311_758-768x576.jpg 768w, https:\/\/www.latribunedufaso.net\/wp-content\/uploads\/2025\/03\/IMG_20250317_094311_758-1536x1152.jpg 1536w, https:\/\/www.latribunedufaso.net\/wp-content\/uploads\/2025\/03\/IMG_20250317_094311_758-2048x1536.jpg 2048w\" sizes=\"auto, (max-width: 2560px) 100vw, 2560px\" \/><\/a><figcaption id=\"caption-attachment-19449\" class=\"wp-caption-text\">Une vue des participants \u00e0 la c\u00e9r\u00e9monie de lancement des activit\u00e9s &#8211; Ph. I. Tapsoba<\/figcaption><\/figure>\n<p>A l\u2019issue du programme, les PME b\u00e9n\u00e9ficiaires devraient \u00eatre aptes \u00e0 recevoir du financement pour se renforcer leur d\u00e9veloppement. En effet, <em><strong>\u00ab FASO SCALE-UP \u00bb<\/strong><\/em> devrait les permettre d\u2019acc\u00e9lerer leur croissance, d\u2019acc\u00e9der \u00e0 de nouveaux march\u00e9s et de renforcer leur comp\u00e9titivit\u00e9.<\/p>\n<figure id=\"attachment_19450\" aria-describedby=\"caption-attachment-19450\" style=\"width: 2560px\" class=\"wp-caption aligncenter\"><a href=\"https:\/\/www.latribunedufaso.net\/wp-content\/uploads\/2025\/03\/IMG_20250317_093448_496-scaled.jpg\"><img loading=\"lazy\" decoding=\"async\" class=\"size-full wp-image-19450\" src=\"https:\/\/www.latribunedufaso.net\/wp-content\/uploads\/2025\/03\/IMG_20250317_093448_496-scaled.jpg\" alt=\"L'AFP-PME organise le lancement officiel du programme \u00ab FASO SCALE-UP \u00bb, 17 mars 2025\" width=\"2560\" height=\"1920\" srcset=\"https:\/\/www.latribunedufaso.net\/wp-content\/uploads\/2025\/03\/IMG_20250317_093448_496-scaled.jpg 2560w, https:\/\/www.latribunedufaso.net\/wp-content\/uploads\/2025\/03\/IMG_20250317_093448_496-300x225.jpg 300w, https:\/\/www.latribunedufaso.net\/wp-content\/uploads\/2025\/03\/IMG_20250317_093448_496-1024x768.jpg 1024w, https:\/\/www.latribunedufaso.net\/wp-content\/uploads\/2025\/03\/IMG_20250317_093448_496-768x576.jpg 768w, https:\/\/www.latribunedufaso.net\/wp-content\/uploads\/2025\/03\/IMG_20250317_093448_496-1536x1152.jpg 1536w, https:\/\/www.latribunedufaso.net\/wp-content\/uploads\/2025\/03\/IMG_20250317_093448_496-2048x1536.jpg 2048w\" sizes=\"auto, (max-width: 2560px) 100vw, 2560px\" \/><\/a><figcaption id=\"caption-attachment-19450\" class=\"wp-caption-text\">Le DG de l&rsquo;AFP-PME, Issa Traor\u00e9 &#8211; Ph. I. Tapsoba<\/figcaption><\/figure>\n<p>Selon le DG de l\u2019AFP-PME, Issa Traor\u00e9, le Burkina Faso connait ces derni\u00e8res ann\u00e9es une bonne dynamique de cr\u00e9ation des entreprises. Cependant, elles sont souvent confront\u00e9es \u00e0 un probl\u00e8me de financement ou de gouvernance. Le programme <em><strong>\u00ab FASO SCALE-UP \u00bb<\/strong> <\/em>vient donc comme une solution aux difficult\u00e9s auxquelles ces PME sont confront\u00e9s.<\/p>\n<p>Les entreprises qui seront gradu\u00e9es a l\u2019issue de la mise en \u0153uvre du programme, b\u00e9n\u00e9ficieront d\u2019une <a href=\"https:\/\/www.latribunedufaso.net\/?page_id=13632\">prise de participation (capital-risque)<\/a> de l\u2019AFP-PME, a confi\u00e9 M. Traor\u00e9. L\u2019objectif est de renforcer leur fonds propre afin d\u2019assurer la croissance esp\u00e9r\u00e9e.<\/p>\n<blockquote><p>\n<iframe loading=\"lazy\" width=\"560\" height=\"315\" src=\"https:\/\/www.youtube.com\/embed\/-CnyC20Lvso?si=SkIKqU_lMhzPecwN\" title=\"YouTube video player\" frameborder=\"0\" allow=\"accelerometer; autoplay; clipboard-write; encrypted-media; gyroscope; picture-in-picture; web-share\" referrerpolicy=\"strict-origin-when-cross-origin\" allowfullscreen><\/iframe><\/p>\n<p>Lire aussi &gt;&gt; <a href=\"https:\/\/www.latribunedufaso.net\/?p=17762\">2e \u00e9dition de Hackathon de l\u2019AFP-PME : 9 candidats prim\u00e9s pour leurs innovations avec la pomme de terre<\/a><\/p>\n<\/blockquote>\n<p>La pr\u00e9sente c\u00e9r\u00e9monie marque le lancement officiel du programme <em><strong>\u00ab FASO SCALE-UP \u00bb<\/strong><\/em>. Elle a \u00e9t\u00e9 marqu\u00e9e par une signature symbolique de convention entre l\u2019AFP-PME et les b\u00e9n\u00e9ficiaires et une remise de kits.<\/p>\n<figure id=\"attachment_19448\" aria-describedby=\"caption-attachment-19448\" style=\"width: 2560px\" class=\"wp-caption aligncenter\"><a href=\"https:\/\/www.latribunedufaso.net\/wp-content\/uploads\/2025\/03\/IMG_20250317_095746_003-scaled.jpg\"><img loading=\"lazy\" decoding=\"async\" class=\"size-full wp-image-19448\" src=\"https:\/\/www.latribunedufaso.net\/wp-content\/uploads\/2025\/03\/IMG_20250317_095746_003-scaled.jpg\" alt=\"L'AFP-PME organise le lancement officiel du programme \u00ab FASO SCALE-UP \u00bb, 17 mars 2025\" width=\"2560\" height=\"1920\" srcset=\"https:\/\/www.latribunedufaso.net\/wp-content\/uploads\/2025\/03\/IMG_20250317_095746_003-scaled.jpg 2560w, https:\/\/www.latribunedufaso.net\/wp-content\/uploads\/2025\/03\/IMG_20250317_095746_003-300x225.jpg 300w, https:\/\/www.latribunedufaso.net\/wp-content\/uploads\/2025\/03\/IMG_20250317_095746_003-1024x768.jpg 1024w, https:\/\/www.latribunedufaso.net\/wp-content\/uploads\/2025\/03\/IMG_20250317_095746_003-768x576.jpg 768w, https:\/\/www.latribunedufaso.net\/wp-content\/uploads\/2025\/03\/IMG_20250317_095746_003-1536x1152.jpg 1536w, https:\/\/www.latribunedufaso.net\/wp-content\/uploads\/2025\/03\/IMG_20250317_095746_003-2048x1536.jpg 2048w\" sizes=\"auto, (max-width: 2560px) 100vw, 2560px\" \/><\/a><figcaption id=\"caption-attachment-19448\" class=\"wp-caption-text\">Le repr\u00e9sentant des b\u00e9n\u00e9ficiaires, DGA de FORTIS SARL, Judica\u00ebl Tarama salut l\u2019initiative &#8211; Ph. I. Tapsoba<\/figcaption><\/figure>\n<p>FORTIS SARL est une b\u00e9n\u00e9ficiaire du programme. Son Directeur g\u00e9n\u00e9ral adjoint, Judica\u00ebl Tarama a, au nom des b\u00e9n\u00e9ficiaires, exprim\u00e9 leur reconnaissance \u00e0 l\u2019AFP-PME pour cette initiative. <em><strong>\u00ab Gr\u00e2ce \u00e0 ce programme, nous allons b\u00e9n\u00e9ficier de l\u2019accompagnement pour accro\u00eetre le chiffre d\u2019affaires, la client\u00e8le, cr\u00e9er de nouveaux emplois et b\u00e9n\u00e9ficier du financement \u00bb,<\/strong><\/em> s\u2019est-il r\u00e9joui.<\/p>\n<p><strong>Issouf TAPSOBA\u00a0<\/strong><\/p>\n<p><strong>latribunedufaso.net<\/strong><\/p>\n","protected":false},"excerpt":{"rendered":"<p>Le 17 mars 2025 \u00e0 Ouagadougou, l\u2019Agence de financement et de promotion des petites et moyennes entreprises (AFP-PME) a organis\u00e9 la c\u00e9r\u00e9monie de lancement de son programme d\u2019acc\u00e9l\u00e9ration des PME d\u00e9nomm\u00e9 \u00ab FASO SCALE-UP \u00bb. Pendant 90 jours, cette initiative vise \u00e0 accompagner des PME dans leur croissance.<\/p>\n","protected":false},"author":5,"featured_media":19452,"comment_status":"open","ping_status":"open","sticky":false,"template":"","format":"standard","meta":{"footnotes":""},"categories":[13,1,6],"tags":[721,39,811],"class_list":["post-19447","post","type-post","status-publish","format-standard","has-post-thumbnail","hentry","category-une","category-actu","category-entrep","tag-afp-pme","tag-latribunedufaso-net","tag-programme-faso-scale-up"],"yoast_head":"<!-- This site is optimized with the Yoast SEO plugin v27.4 - https:\/\/yoast.com\/product\/yoast-seo-wordpress\/ -->\n<title>Programme \u00ab FASO SCALE-UP \u00bb : Une initiative de l\u2019AFP-PME pour renforcer le d\u00e9veloppement des PME - La Tribune du Faso<\/title>\n<meta name=\"robots\" content=\"index, follow, max-snippet:-1, max-image-preview:large, max-video-preview:-1\" \/>\n<link rel=\"canonical\" href=\"https:\/\/www.latribunedufaso.net\/?p=19447\" \/>\n<meta property=\"og:locale\" content=\"fr_FR\" \/>\n<meta property=\"og:type\" content=\"article\" \/>\n<meta property=\"og:title\" content=\"Programme \u00ab FASO SCALE-UP \u00bb : Une initiative de l\u2019AFP-PME pour renforcer le d\u00e9veloppement des PME - La Tribune du Faso\" \/>\n<meta property=\"og:description\" content=\"Le 17 mars 2025 \u00e0 Ouagadougou, l\u2019Agence de financement et de promotion des petites et moyennes entreprises (AFP-PME) a organis\u00e9 la c\u00e9r\u00e9monie de lancement de son programme d\u2019acc\u00e9l\u00e9ration des PME d\u00e9nomm\u00e9 \u00ab FASO SCALE-UP \u00bb. Pendant 90 jours, cette initiative vise \u00e0 accompagner des PME dans leur croissance.\" \/>\n<meta property=\"og:url\" content=\"https:\/\/www.latribunedufaso.net\/?p=19447\" \/>\n<meta property=\"og:site_name\" content=\"La Tribune du Faso\" \/>\n<meta property=\"article:publisher\" content=\"https:\/\/www.facebook.com\/LatribuneduFaso\/\" \/>\n<meta property=\"article:published_time\" content=\"2025-03-17T15:28:22+00:00\" \/>\n<meta property=\"article:modified_time\" content=\"2025-03-17T21:38:34+00:00\" \/>\n<meta property=\"og:image\" content=\"https:\/\/www.latribunedufaso.net\/wp-content\/uploads\/2025\/03\/IMG_20250317_093334_501-scaled.jpg\" \/>\n\t<meta property=\"og:image:width\" content=\"2560\" \/>\n\t<meta property=\"og:image:height\" content=\"1920\" \/>\n\t<meta property=\"og:image:type\" content=\"image\/jpeg\" \/>\n<meta name=\"author\" content=\"Issouf Tapsoba\" \/>\n<meta name=\"twitter:label1\" content=\"\u00c9crit par\" \/>\n\t<meta name=\"twitter:data1\" content=\"Issouf Tapsoba\" \/>\n\t<meta name=\"twitter:label2\" content=\"Dur\u00e9e de lecture estim\u00e9e\" \/>\n\t<meta name=\"twitter:data2\" content=\"2 minutes\" \/>\n<script type=\"application\/ld+json\" class=\"yoast-schema-graph\">{\"@context\":\"https:\\\/\\\/schema.org\",\"@graph\":[{\"@type\":\"Article\",\"@id\":\"https:\\\/\\\/www.latribunedufaso.net\\\/?p=19447#article\",\"isPartOf\":{\"@id\":\"https:\\\/\\\/www.latribunedufaso.net\\\/?p=19447\"},\"author\":{\"name\":\"Issouf Tapsoba\",\"@id\":\"https:\\\/\\\/www.latribunedufaso.net\\\/#\\\/schema\\\/person\\\/e54e64c5778a7e72cf80a318b7a622b0\"},\"headline\":\"Programme \u00ab FASO SCALE-UP \u00bb : Une initiative de l\u2019AFP-PME pour renforcer le d\u00e9veloppement des PME\",\"datePublished\":\"2025-03-17T15:28:22+00:00\",\"dateModified\":\"2025-03-17T21:38:34+00:00\",\"mainEntityOfPage\":{\"@id\":\"https:\\\/\\\/www.latribunedufaso.net\\\/?p=19447\"},\"wordCount\":502,\"commentCount\":0,\"publisher\":{\"@id\":\"https:\\\/\\\/www.latribunedufaso.net\\\/#organization\"},\"image\":{\"@id\":\"https:\\\/\\\/www.latribunedufaso.net\\\/?p=19447#primaryimage\"},\"thumbnailUrl\":\"https:\\\/\\\/www.latribunedufaso.net\\\/wp-content\\\/uploads\\\/2025\\\/03\\\/IMG_20250317_093334_501-scaled.jpg\",\"keywords\":[\"AFP-PME\",\"latribunedufaso.net\",\"programme \u00ab FASO SCALE-UP \u00bb\"],\"articleSection\":[\"A la une\",\"Actualit\u00e9\",\"Entreprenariat\"],\"inLanguage\":\"fr-FR\",\"potentialAction\":[{\"@type\":\"CommentAction\",\"name\":\"Comment\",\"target\":[\"https:\\\/\\\/www.latribunedufaso.net\\\/?p=19447#respond\"]}]},{\"@type\":\"WebPage\",\"@id\":\"https:\\\/\\\/www.latribunedufaso.net\\\/?p=19447\",\"url\":\"https:\\\/\\\/www.latribunedufaso.net\\\/?p=19447\",\"name\":\"Programme \u00ab FASO SCALE-UP \u00bb : Une initiative de l\u2019AFP-PME pour renforcer le d\u00e9veloppement des PME - La Tribune du Faso\",\"isPartOf\":{\"@id\":\"https:\\\/\\\/www.latribunedufaso.net\\\/#website\"},\"primaryImageOfPage\":{\"@id\":\"https:\\\/\\\/www.latribunedufaso.net\\\/?p=19447#primaryimage\"},\"image\":{\"@id\":\"https:\\\/\\\/www.latribunedufaso.net\\\/?p=19447#primaryimage\"},\"thumbnailUrl\":\"https:\\\/\\\/www.latribunedufaso.net\\\/wp-content\\\/uploads\\\/2025\\\/03\\\/IMG_20250317_093334_501-scaled.jpg\",\"datePublished\":\"2025-03-17T15:28:22+00:00\",\"dateModified\":\"2025-03-17T21:38:34+00:00\",\"breadcrumb\":{\"@id\":\"https:\\\/\\\/www.latribunedufaso.net\\\/?p=19447#breadcrumb\"},\"inLanguage\":\"fr-FR\",\"potentialAction\":[{\"@type\":\"ReadAction\",\"target\":[\"https:\\\/\\\/www.latribunedufaso.net\\\/?p=19447\"]}]},{\"@type\":\"ImageObject\",\"inLanguage\":\"fr-FR\",\"@id\":\"https:\\\/\\\/www.latribunedufaso.net\\\/?p=19447#primaryimage\",\"url\":\"https:\\\/\\\/www.latribunedufaso.net\\\/wp-content\\\/uploads\\\/2025\\\/03\\\/IMG_20250317_093334_501-scaled.jpg\",\"contentUrl\":\"https:\\\/\\\/www.latribunedufaso.net\\\/wp-content\\\/uploads\\\/2025\\\/03\\\/IMG_20250317_093334_501-scaled.jpg\",\"width\":2560,\"height\":1920,\"caption\":\"L'AFP-PME organise le lancement officiel du programme \u00ab FASO SCALE-UP \u00bb, 17 mars 2025\"},{\"@type\":\"BreadcrumbList\",\"@id\":\"https:\\\/\\\/www.latribunedufaso.net\\\/?p=19447#breadcrumb\",\"itemListElement\":[{\"@type\":\"ListItem\",\"position\":1,\"name\":\"Accueil\",\"item\":\"https:\\\/\\\/www.latribunedufaso.net\\\/\"},{\"@type\":\"ListItem\",\"position\":2,\"name\":\"Programme \u00ab FASO SCALE-UP \u00bb : Une initiative de l\u2019AFP-PME pour renforcer le d\u00e9veloppement des PME\"}]},{\"@type\":\"WebSite\",\"@id\":\"https:\\\/\\\/www.latribunedufaso.net\\\/#website\",\"url\":\"https:\\\/\\\/www.latribunedufaso.net\\\/\",\"name\":\"La Tribune du Faso\",\"description\":\"L&#039;information du monde rural en un clic\",\"publisher\":{\"@id\":\"https:\\\/\\\/www.latribunedufaso.net\\\/#organization\"},\"potentialAction\":[{\"@type\":\"SearchAction\",\"target\":{\"@type\":\"EntryPoint\",\"urlTemplate\":\"https:\\\/\\\/www.latribunedufaso.net\\\/?s={search_term_string}\"},\"query-input\":{\"@type\":\"PropertyValueSpecification\",\"valueRequired\":true,\"valueName\":\"search_term_string\"}}],\"inLanguage\":\"fr-FR\"},{\"@type\":\"Organization\",\"@id\":\"https:\\\/\\\/www.latribunedufaso.net\\\/#organization\",\"name\":\"La Tribune du Faso\",\"url\":\"https:\\\/\\\/www.latribunedufaso.net\\\/\",\"logo\":{\"@type\":\"ImageObject\",\"inLanguage\":\"fr-FR\",\"@id\":\"https:\\\/\\\/www.latribunedufaso.net\\\/#\\\/schema\\\/logo\\\/image\\\/\",\"url\":\"https:\\\/\\\/www.latribunedufaso.net\\\/wp-content\\\/uploads\\\/2020\\\/08\\\/Logo-Tribune-du-Faso-final-scaled.jpg\",\"contentUrl\":\"https:\\\/\\\/www.latribunedufaso.net\\\/wp-content\\\/uploads\\\/2020\\\/08\\\/Logo-Tribune-du-Faso-final-scaled.jpg\",\"width\":2560,\"height\":1856,\"caption\":\"La Tribune du Faso\"},\"image\":{\"@id\":\"https:\\\/\\\/www.latribunedufaso.net\\\/#\\\/schema\\\/logo\\\/image\\\/\"},\"sameAs\":[\"https:\\\/\\\/www.facebook.com\\\/LatribuneduFaso\\\/\"]},{\"@type\":\"Person\",\"@id\":\"https:\\\/\\\/www.latribunedufaso.net\\\/#\\\/schema\\\/person\\\/e54e64c5778a7e72cf80a318b7a622b0\",\"name\":\"Issouf Tapsoba\",\"image\":{\"@type\":\"ImageObject\",\"inLanguage\":\"fr-FR\",\"@id\":\"https:\\\/\\\/secure.gravatar.com\\\/avatar\\\/5e6c05150ce3230247d167f5b94d678eb05936197436d69b7921e3a95c9107ac?s=96&d=mm&r=g\",\"url\":\"https:\\\/\\\/secure.gravatar.com\\\/avatar\\\/5e6c05150ce3230247d167f5b94d678eb05936197436d69b7921e3a95c9107ac?s=96&d=mm&r=g\",\"contentUrl\":\"https:\\\/\\\/secure.gravatar.com\\\/avatar\\\/5e6c05150ce3230247d167f5b94d678eb05936197436d69b7921e3a95c9107ac?s=96&d=mm&r=g\",\"caption\":\"Issouf Tapsoba\"},\"url\":\"https:\\\/\\\/www.latribunedufaso.net\\\/?author=5\"}]}<\/script>\n<!-- \/ Yoast SEO plugin. -->","yoast_head_json":{"title":"Programme \u00ab FASO SCALE-UP \u00bb : Une initiative de l\u2019AFP-PME pour renforcer le d\u00e9veloppement des PME - La Tribune du Faso","robots":{"index":"index","follow":"follow","max-snippet":"max-snippet:-1","max-image-preview":"max-image-preview:large","max-video-preview":"max-video-preview:-1"},"canonical":"https:\/\/www.latribunedufaso.net\/?p=19447","og_locale":"fr_FR","og_type":"article","og_title":"Programme \u00ab FASO SCALE-UP \u00bb : Une initiative de l\u2019AFP-PME pour renforcer le d\u00e9veloppement des PME - La Tribune du Faso","og_description":"Le 17 mars 2025 \u00e0 Ouagadougou, l\u2019Agence de financement et de promotion des petites et moyennes entreprises (AFP-PME) a organis\u00e9 la c\u00e9r\u00e9monie de lancement de son programme d\u2019acc\u00e9l\u00e9ration des PME d\u00e9nomm\u00e9 \u00ab FASO SCALE-UP \u00bb. Pendant 90 jours, cette initiative vise \u00e0 accompagner des PME dans leur croissance.","og_url":"https:\/\/www.latribunedufaso.net\/?p=19447","og_site_name":"La Tribune du Faso","article_publisher":"https:\/\/www.facebook.com\/LatribuneduFaso\/","article_published_time":"2025-03-17T15:28:22+00:00","article_modified_time":"2025-03-17T21:38:34+00:00","og_image":[{"width":2560,"height":1920,"url":"https:\/\/www.latribunedufaso.net\/wp-content\/uploads\/2025\/03\/IMG_20250317_093334_501-scaled.jpg","type":"image\/jpeg"}],"author":"Issouf Tapsoba","twitter_misc":{"\u00c9crit par":"Issouf Tapsoba","Dur\u00e9e de lecture estim\u00e9e":"2 minutes"},"schema":{"@context":"https:\/\/schema.org","@graph":[{"@type":"Article","@id":"https:\/\/www.latribunedufaso.net\/?p=19447#article","isPartOf":{"@id":"https:\/\/www.latribunedufaso.net\/?p=19447"},"author":{"name":"Issouf Tapsoba","@id":"https:\/\/www.latribunedufaso.net\/#\/schema\/person\/e54e64c5778a7e72cf80a318b7a622b0"},"headline":"Programme \u00ab FASO SCALE-UP \u00bb : Une initiative de l\u2019AFP-PME pour renforcer le d\u00e9veloppement des PME","datePublished":"2025-03-17T15:28:22+00:00","dateModified":"2025-03-17T21:38:34+00:00","mainEntityOfPage":{"@id":"https:\/\/www.latribunedufaso.net\/?p=19447"},"wordCount":502,"commentCount":0,"publisher":{"@id":"https:\/\/www.latribunedufaso.net\/#organization"},"image":{"@id":"https:\/\/www.latribunedufaso.net\/?p=19447#primaryimage"},"thumbnailUrl":"https:\/\/www.latribunedufaso.net\/wp-content\/uploads\/2025\/03\/IMG_20250317_093334_501-scaled.jpg","keywords":["AFP-PME","latribunedufaso.net","programme \u00ab FASO SCALE-UP \u00bb"],"articleSection":["A la une","Actualit\u00e9","Entreprenariat"],"inLanguage":"fr-FR","potentialAction":[{"@type":"CommentAction","name":"Comment","target":["https:\/\/www.latribunedufaso.net\/?p=19447#respond"]}]},{"@type":"WebPage","@id":"https:\/\/www.latribunedufaso.net\/?p=19447","url":"https:\/\/www.latribunedufaso.net\/?p=19447","name":"Programme \u00ab FASO SCALE-UP \u00bb : Une initiative de l\u2019AFP-PME pour renforcer le d\u00e9veloppement des PME - La Tribune du Faso","isPartOf":{"@id":"https:\/\/www.latribunedufaso.net\/#website"},"primaryImageOfPage":{"@id":"https:\/\/www.latribunedufaso.net\/?p=19447#primaryimage"},"image":{"@id":"https:\/\/www.latribunedufaso.net\/?p=19447#primaryimage"},"thumbnailUrl":"https:\/\/www.latribunedufaso.net\/wp-content\/uploads\/2025\/03\/IMG_20250317_093334_501-scaled.jpg","datePublished":"2025-03-17T15:28:22+00:00","dateModified":"2025-03-17T21:38:34+00:00","breadcrumb":{"@id":"https:\/\/www.latribunedufaso.net\/?p=19447#breadcrumb"},"inLanguage":"fr-FR","potentialAction":[{"@type":"ReadAction","target":["https:\/\/www.latribunedufaso.net\/?p=19447"]}]},{"@type":"ImageObject","inLanguage":"fr-FR","@id":"https:\/\/www.latribunedufaso.net\/?p=19447#primaryimage","url":"https:\/\/www.latribunedufaso.net\/wp-content\/uploads\/2025\/03\/IMG_20250317_093334_501-scaled.jpg","contentUrl":"https:\/\/www.latribunedufaso.net\/wp-content\/uploads\/2025\/03\/IMG_20250317_093334_501-scaled.jpg","width":2560,"height":1920,"caption":"L'AFP-PME organise le lancement officiel du programme \u00ab FASO SCALE-UP \u00bb, 17 mars 2025"},{"@type":"BreadcrumbList","@id":"https:\/\/www.latribunedufaso.net\/?p=19447#breadcrumb","itemListElement":[{"@type":"ListItem","position":1,"name":"Accueil","item":"https:\/\/www.latribunedufaso.net\/"},{"@type":"ListItem","position":2,"name":"Programme \u00ab FASO SCALE-UP \u00bb : Une initiative de l\u2019AFP-PME pour renforcer le d\u00e9veloppement des PME"}]},{"@type":"WebSite","@id":"https:\/\/www.latribunedufaso.net\/#website","url":"https:\/\/www.latribunedufaso.net\/","name":"La Tribune du Faso","description":"L&#039;information du monde rural en un clic","publisher":{"@id":"https:\/\/www.latribunedufaso.net\/#organization"},"potentialAction":[{"@type":"SearchAction","target":{"@type":"EntryPoint","urlTemplate":"https:\/\/www.latribunedufaso.net\/?s={search_term_string}"},"query-input":{"@type":"PropertyValueSpecification","valueRequired":true,"valueName":"search_term_string"}}],"inLanguage":"fr-FR"},{"@type":"Organization","@id":"https:\/\/www.latribunedufaso.net\/#organization","name":"La Tribune du Faso","url":"https:\/\/www.latribunedufaso.net\/","logo":{"@type":"ImageObject","inLanguage":"fr-FR","@id":"https:\/\/www.latribunedufaso.net\/#\/schema\/logo\/image\/","url":"https:\/\/www.latribunedufaso.net\/wp-content\/uploads\/2020\/08\/Logo-Tribune-du-Faso-final-scaled.jpg","contentUrl":"https:\/\/www.latribunedufaso.net\/wp-content\/uploads\/2020\/08\/Logo-Tribune-du-Faso-final-scaled.jpg","width":2560,"height":1856,"caption":"La Tribune du Faso"},"image":{"@id":"https:\/\/www.latribunedufaso.net\/#\/schema\/logo\/image\/"},"sameAs":["https:\/\/www.facebook.com\/LatribuneduFaso\/"]},{"@type":"Person","@id":"https:\/\/www.latribunedufaso.net\/#\/schema\/person\/e54e64c5778a7e72cf80a318b7a622b0","name":"Issouf Tapsoba","image":{"@type":"ImageObject","inLanguage":"fr-FR","@id":"https:\/\/secure.gravatar.com\/avatar\/5e6c05150ce3230247d167f5b94d678eb05936197436d69b7921e3a95c9107ac?s=96&d=mm&r=g","url":"https:\/\/secure.gravatar.com\/avatar\/5e6c05150ce3230247d167f5b94d678eb05936197436d69b7921e3a95c9107ac?s=96&d=mm&r=g","contentUrl":"https:\/\/secure.gravatar.com\/avatar\/5e6c05150ce3230247d167f5b94d678eb05936197436d69b7921e3a95c9107ac?s=96&d=mm&r=g","caption":"Issouf Tapsoba"},"url":"https:\/\/www.latribunedufaso.net\/?author=5"}]}},"_links":{"self":[{"href":"https:\/\/www.latribunedufaso.net\/index.php?rest_route=\/wp\/v2\/posts\/19447","targetHints":{"allow":["GET"]}}],"collection":[{"href":"https:\/\/www.latribunedufaso.net\/index.php?rest_route=\/wp\/v2\/posts"}],"about":[{"href":"https:\/\/www.latribunedufaso.net\/index.php?rest_route=\/wp\/v2\/types\/post"}],"author":[{"embeddable":true,"href":"https:\/\/www.latribunedufaso.net\/index.php?rest_route=\/wp\/v2\/users\/5"}],"replies":[{"embeddable":true,"href":"https:\/\/www.latribunedufaso.net\/index.php?rest_route=%2Fwp%2Fv2%2Fcomments&post=19447"}],"version-history":[{"count":2,"href":"https:\/\/www.latribunedufaso.net\/index.php?rest_route=\/wp\/v2\/posts\/19447\/revisions"}],"predecessor-version":[{"id":19499,"href":"https:\/\/www.latribunedufaso.net\/index.php?rest_route=\/wp\/v2\/posts\/19447\/revisions\/19499"}],"wp:featuredmedia":[{"embeddable":true,"href":"https:\/\/www.latribunedufaso.net\/index.php?rest_route=\/wp\/v2\/media\/19452"}],"wp:attachment":[{"href":"https:\/\/www.latribunedufaso.net\/index.php?rest_route=%2Fwp%2Fv2%2Fmedia&parent=19447"}],"wp:term":[{"taxonomy":"category","embeddable":true,"href":"https:\/\/www.latribunedufaso.net\/index.php?rest_route=%2Fwp%2Fv2%2Fcategories&post=19447"},{"taxonomy":"post_tag","embeddable":true,"href":"https:\/\/www.latribunedufaso.net\/index.php?rest_route=%2Fwp%2Fv2%2Ftags&post=19447"}],"curies":[{"name":"wp","href":"https:\/\/api.w.org\/{rel}","templated":true}]}}