{"id":1943,"date":"2020-11-27T16:54:53","date_gmt":"2020-11-27T16:54:53","guid":{"rendered":"https:\/\/www.latribunedufaso.net\/?p=1943"},"modified":"2020-11-27T16:54:53","modified_gmt":"2020-11-27T16:54:53","slug":"resultats-provisoires-de-la-presidentielle-2020-roch-kabore-reitere-son-engagement-a-realiser-les-dix-chantiers-de-son-programme-quinquennal","status":"publish","type":"post","link":"https:\/\/www.latribunedufaso.net\/?p=1943","title":{"rendered":"R\u00e9sultats provisoires de la pr\u00e9sidentielle 2020 : Roch Kabor\u00e9 r\u00e9it\u00e8re son engagement \u00e0 r\u00e9aliser \u00ab les dix chantiers \u00bb de son programme quinquennal"},"content":{"rendered":"<p><strong><span style=\"font-size: 1.0625rem;\">Pour sa premi\u00e8re apparition publique apr\u00e8s la proclamation des r\u00e9sultats provisoires de l\u2019\u00e9lection pr\u00e9sidentielle du 22 novembre, le candidat du Mouvement du peuple pour le progr\u00e8s (MPP), Roch Kabor\u00e9, s\u2019est adress\u00e9 au peuple burkinab\u00e8 dans son ensemble, ce jeudi 26 novembre 2020, \u00e0 la direction nationale de la campagne \u00e9lectorale du parti, \u00e0 Nonsin, \u00e0 Ouagadougou.<\/span><\/strong><br \/>\n<!--more--><\/p>\n<p><a href=\"https:\/\/latribunedufaso.net\/wp-content\/uploads\/2020\/11\/IMG-20201120-WA0030.jpg\"><img loading=\"lazy\" decoding=\"async\" class=\"size-medium wp-image-1876 aligncenter\" src=\"https:\/\/latribunedufaso.net\/wp-content\/uploads\/2020\/11\/IMG-20201120-WA0030-300x200.jpg\" alt=\"\" width=\"300\" height=\"200\" srcset=\"https:\/\/www.latribunedufaso.net\/wp-content\/uploads\/2020\/11\/IMG-20201120-WA0030-300x200.jpg 300w, https:\/\/www.latribunedufaso.net\/wp-content\/uploads\/2020\/11\/IMG-20201120-WA0030-120x80.jpg 120w, https:\/\/www.latribunedufaso.net\/wp-content\/uploads\/2020\/11\/IMG-20201120-WA0030-360x240.jpg 360w, https:\/\/www.latribunedufaso.net\/wp-content\/uploads\/2020\/11\/IMG-20201120-WA0030-600x400.jpg 600w, https:\/\/www.latribunedufaso.net\/wp-content\/uploads\/2020\/11\/IMG-20201120-WA0030.jpg 720w\" sizes=\"auto, (max-width: 300px) 100vw, 300px\" \/><\/a>La Commission \u00e9lectorale nationale ind\u00e9pendante (CENI) a d\u00e9clar\u00e9 provisoirement le candidat du Mouvement du peuple pour le progr\u00e8s (MPP) vainqueur de l\u2019\u00e9lection pr\u00e9sidentielle du 22 novembre 2020, au premier tour. En attendant la validation desdits r\u00e9sultats par le Conseil constitutionnel, Roch Kabor\u00e9 s\u2019est d\u2019abord prononc\u00e9 au travers de son compte de r\u00e9seau social Facebook et ensuite, \u00e0 la direction nationale de la campagne \u00e9lectorale du parti. \u00ab C\u2019est avec humilit\u00e9 et une grande \u00e9motion que j\u2019accueille les r\u00e9sultats provisoires qui ont \u00e9t\u00e9 \u00e9nonc\u00e9s par la Commission \u00e9lectorale nationale ind\u00e9pendante (CENI) ce matin concernant l\u2019\u00e9lection pr\u00e9sidentielle du 22 novembre 2020. Je voudrais dans un premier temps, traduire toute ma reconnaissance au peuple burkinab\u00e8, tant de l\u2019int\u00e9rieur que de la diaspora, pour un engagement et pour la foi qu\u2019ils ont pour la d\u00e9mocratie\u00a0\u00bb, a-t-il d\u2019embl\u00e9e d\u00e9clar\u00e9.<\/p>\n<p>Il a ensuite qualifi\u00e9 d\u2019historique, le caract\u00e8re du scrutin du 22 novembre pour plusieurs raisons. \u00ab\u00a0La premi\u00e8re, c\u2019est le contexte dans lequel cette \u00e9lection s\u2019est d\u00e9roul\u00e9e\u00a0; contexte d\u2019ins\u00e9curit\u00e9 que vous connaissez tous. La seconde, c\u2019est que c\u2019est la premi\u00e8re fois que les Burkinab\u00e8 de la diaspora participent \u00e0 ces \u00e9lections. La troisi\u00e8me enfin, confirme l\u2019ancrage de la d\u00e9mocratie dans notre pays\u00a0\u00bb, a-t-il cit\u00e9.<\/p>\n<p>Aussi a-t-il saisi l\u2019occasion qui lui a \u00e9t\u00e9 donn\u00e9e de s\u2019exprimer devant les hommes de m\u00e9dia pour saluer l\u2019ensemble des acteurs ayant pris part \u00e0 l\u2019\u00e9lection pr\u00e9sidentielle. \u00ab\u00a0Je voudrais profiter de l\u2019occasion que vous me donnez pour saluer tous ceux qui ont particip\u00e9 \u00e0 cette \u00e9lection pr\u00e9sidentielle. Je voudrais f\u00e9liciter les candidats de leur participation, de leur engagement sur l\u2019ensemble du territoire national et du fairplay qui a \u00e9t\u00e9 constat\u00e9 tout au long de cette campagne\u00a0\u00bb, a ajout\u00e9 le Pr\u00e9sident provisoire du Faso.<\/p>\n<p>Selon Roch Kabor\u00e9, ce scrutin et les r\u00e9sultats qui en ont d\u00e9coul\u00e9, ne devraient pas d\u00e9tourner de l\u2019objectif commun en tant que Burkinab\u00e8. \u00ab\u00a0Evidemment, dans une \u00e9lection, il y a un vainqueur et il y a les perdants. Mais cela ne doit pas d\u00e9tourner du fait que nous sommes tous des Burkinab\u00e8 aspirant \u00e0 construire ensemble un Burkina Faso meilleur pour l\u2019ensemble des populations. C\u2019est pourquoi, je dis que je mettrais tous mes efforts pour que dans la concertation permanente, dans l\u2019\u00e9change que nous voulons avoir, nous puissions ensemble travailler \u00e0 la paix et au d\u00e9veloppement de notre pays, a-t-il soulign\u00e9.<\/p>\n<p>En outre, il a r\u00e9it\u00e9r\u00e9 son engagement \u00e0 r\u00e9aliser \u00ab les dix chantiers \u00bb de son programme quinquennal (2021-2025), d\u00e9velopp\u00e9 durant la campagne pr\u00e9sidentielle. \u00ab Sur le plan du programme que nous avons d\u00e9velopp\u00e9 durant l\u2019ensemble de la campagne, je m\u2019engage \u00e0 ce que nous puissions r\u00e9aliser ces programmes \u00bb, a-t-il indiqu\u00e9. Au-del\u00e0 de cette victoire et du sentiment qui peut en r\u00e9sulter, le candidat du MPP dit ressentir \u00e9galement la responsabilit\u00e9 d\u2019\u00eatre le Pr\u00e9sident de tous les Burkinab\u00e8, sans exception aucune. \u00ab C\u2019est vrai, c\u2019est une victoire que nous avons obtenue, il y a de la joie que nous avons au c\u0153ur, mais c\u2019est \u00e9galement une responsabilit\u00e9 importante, celle d\u2019\u00eatre le Pr\u00e9sident de tous les Burkinab\u00e8 sans exception \u00bb, a-t-il laiss\u00e9 entendre. De cette r\u00e9alit\u00e9, il dit s\u2019atteler \u00e0 toute question ayant trait au bien-\u00eatre, \u00e0 la qui\u00e9tude des Burkinab\u00e8. \u00ab Tout ce qui concerne les questions s\u00e9curitaires, les questions de r\u00e9conciliation nationale, les questions de d\u00e9veloppement, les questions qui concernent l\u2019am\u00e9lioration des conditions de vie des Burkinab\u00e8 sont des questions pertinentes sur lesquelles nous allons nous atteler tr\u00e8s rapidement \u00bb, a-t-il promis avant de souhaiter que Dieu b\u00e9nisse le Burkina Faso, et qu\u2019ensemble, fils et filles, b\u00e2tissent la patrie dans la paix, la s\u00e9curit\u00e9.<\/p>\n<p><strong>Tiba Kassamse Ou\u00e9draogo (stagiaire)<\/strong><br \/>\n<strong>Latribunedufaso.net<\/strong><\/p>\n<p>&nbsp;<\/p>\n","protected":false},"excerpt":{"rendered":"<p>Pour sa premi\u00e8re apparition publique apr\u00e8s la proclamation des r\u00e9sultats provisoires de l\u2019\u00e9lection pr\u00e9sidentielle du 22 novembre, le candidat du Mouvement du peuple pour le progr\u00e8s (MPP), Roch Kabor\u00e9, s\u2019est adress\u00e9 au peuple burkinab\u00e8 dans son ensemble, ce jeudi 26 novembre 2020, \u00e0 la direction nationale de la campagne \u00e9lectorale du parti, \u00e0 Nonsin, \u00e0 Ouagadougou.<\/p>\n","protected":false},"author":2,"featured_media":1944,"comment_status":"open","ping_status":"open","sticky":false,"template":"","format":"standard","meta":{"footnotes":""},"categories":[13,1,26],"tags":[],"class_list":["post-1943","post","type-post","status-publish","format-standard","has-post-thumbnail","hentry","category-une","category-actu","category-elections-couplees-novembre-2020"],"yoast_head":"<!-- This site is optimized with the Yoast SEO plugin v27.5 - https:\/\/yoast.com\/product\/yoast-seo-wordpress\/ -->\n<title>R\u00e9sultats provisoires de la pr\u00e9sidentielle 2020 : Roch Kabor\u00e9 r\u00e9it\u00e8re son engagement \u00e0 r\u00e9aliser \u00ab les dix chantiers \u00bb de son programme quinquennal - La Tribune du Faso<\/title>\n<meta name=\"robots\" content=\"index, follow, max-snippet:-1, max-image-preview:large, max-video-preview:-1\" \/>\n<link rel=\"canonical\" href=\"https:\/\/www.latribunedufaso.net\/?p=1943\" \/>\n<meta property=\"og:locale\" content=\"fr_FR\" \/>\n<meta property=\"og:type\" content=\"article\" \/>\n<meta property=\"og:title\" content=\"R\u00e9sultats provisoires de la pr\u00e9sidentielle 2020 : Roch Kabor\u00e9 r\u00e9it\u00e8re son engagement \u00e0 r\u00e9aliser \u00ab les dix chantiers \u00bb de son programme quinquennal - La Tribune du Faso\" \/>\n<meta property=\"og:description\" content=\"Pour sa premi\u00e8re apparition publique apr\u00e8s la proclamation des r\u00e9sultats provisoires de l\u2019\u00e9lection pr\u00e9sidentielle du 22 novembre, le candidat du Mouvement du peuple pour le progr\u00e8s (MPP), Roch Kabor\u00e9, s\u2019est adress\u00e9 au peuple burkinab\u00e8 dans son ensemble, ce jeudi 26 novembre 2020, \u00e0 la direction nationale de la campagne \u00e9lectorale du parti, \u00e0 Nonsin, \u00e0 Ouagadougou.\" \/>\n<meta property=\"og:url\" content=\"https:\/\/www.latribunedufaso.net\/?p=1943\" \/>\n<meta property=\"og:site_name\" content=\"La Tribune du Faso\" \/>\n<meta property=\"article:publisher\" content=\"https:\/\/www.facebook.com\/LatribuneduFaso\/\" \/>\n<meta property=\"article:published_time\" content=\"2020-11-27T16:54:53+00:00\" \/>\n<meta property=\"og:image\" content=\"https:\/\/latribunedufaso.net\/wp-content\/uploads\/2020\/11\/FB_IMG_16064944408701497.jpg\" \/>\n\t<meta property=\"og:image:width\" content=\"720\" \/>\n\t<meta property=\"og:image:height\" content=\"406\" \/>\n\t<meta property=\"og:image:type\" content=\"image\/jpeg\" \/>\n<meta name=\"author\" content=\"Administrateur\" \/>\n<meta name=\"twitter:label1\" content=\"\u00c9crit par\" \/>\n\t<meta name=\"twitter:data1\" content=\"Administrateur\" \/>\n\t<meta name=\"twitter:label2\" content=\"Dur\u00e9e de lecture estim\u00e9e\" \/>\n\t<meta name=\"twitter:data2\" content=\"4 minutes\" \/>\n<script type=\"application\/ld+json\" class=\"yoast-schema-graph\">{\"@context\":\"https:\\\/\\\/schema.org\",\"@graph\":[{\"@type\":\"Article\",\"@id\":\"https:\\\/\\\/www.latribunedufaso.net\\\/?p=1943#article\",\"isPartOf\":{\"@id\":\"https:\\\/\\\/www.latribunedufaso.net\\\/?p=1943\"},\"author\":{\"name\":\"Administrateur\",\"@id\":\"https:\\\/\\\/www.latribunedufaso.net\\\/#\\\/schema\\\/person\\\/a380782d0605bb8aae27c40ea93b35b1\"},\"headline\":\"R\u00e9sultats provisoires de la pr\u00e9sidentielle 2020 : Roch Kabor\u00e9 r\u00e9it\u00e8re son engagement \u00e0 r\u00e9aliser \u00ab les dix chantiers \u00bb de son programme quinquennal\",\"datePublished\":\"2020-11-27T16:54:53+00:00\",\"mainEntityOfPage\":{\"@id\":\"https:\\\/\\\/www.latribunedufaso.net\\\/?p=1943\"},\"wordCount\":742,\"commentCount\":0,\"publisher\":{\"@id\":\"https:\\\/\\\/www.latribunedufaso.net\\\/#organization\"},\"image\":{\"@id\":\"https:\\\/\\\/www.latribunedufaso.net\\\/?p=1943#primaryimage\"},\"thumbnailUrl\":\"https:\\\/\\\/www.latribunedufaso.net\\\/wp-content\\\/uploads\\\/2020\\\/11\\\/FB_IMG_16064944408701497.jpg\",\"articleSection\":[\"A la une\",\"Actualit\u00e9\",\"Elections coupl\u00e9es novembre 2020\"],\"inLanguage\":\"fr-FR\",\"potentialAction\":[{\"@type\":\"CommentAction\",\"name\":\"Comment\",\"target\":[\"https:\\\/\\\/www.latribunedufaso.net\\\/?p=1943#respond\"]}]},{\"@type\":\"WebPage\",\"@id\":\"https:\\\/\\\/www.latribunedufaso.net\\\/?p=1943\",\"url\":\"https:\\\/\\\/www.latribunedufaso.net\\\/?p=1943\",\"name\":\"R\u00e9sultats provisoires de la pr\u00e9sidentielle 2020 : Roch Kabor\u00e9 r\u00e9it\u00e8re son engagement \u00e0 r\u00e9aliser \u00ab les dix chantiers \u00bb de son programme quinquennal - La Tribune du Faso\",\"isPartOf\":{\"@id\":\"https:\\\/\\\/www.latribunedufaso.net\\\/#website\"},\"primaryImageOfPage\":{\"@id\":\"https:\\\/\\\/www.latribunedufaso.net\\\/?p=1943#primaryimage\"},\"image\":{\"@id\":\"https:\\\/\\\/www.latribunedufaso.net\\\/?p=1943#primaryimage\"},\"thumbnailUrl\":\"https:\\\/\\\/www.latribunedufaso.net\\\/wp-content\\\/uploads\\\/2020\\\/11\\\/FB_IMG_16064944408701497.jpg\",\"datePublished\":\"2020-11-27T16:54:53+00:00\",\"breadcrumb\":{\"@id\":\"https:\\\/\\\/www.latribunedufaso.net\\\/?p=1943#breadcrumb\"},\"inLanguage\":\"fr-FR\",\"potentialAction\":[{\"@type\":\"ReadAction\",\"target\":[\"https:\\\/\\\/www.latribunedufaso.net\\\/?p=1943\"]}]},{\"@type\":\"ImageObject\",\"inLanguage\":\"fr-FR\",\"@id\":\"https:\\\/\\\/www.latribunedufaso.net\\\/?p=1943#primaryimage\",\"url\":\"https:\\\/\\\/www.latribunedufaso.net\\\/wp-content\\\/uploads\\\/2020\\\/11\\\/FB_IMG_16064944408701497.jpg\",\"contentUrl\":\"https:\\\/\\\/www.latribunedufaso.net\\\/wp-content\\\/uploads\\\/2020\\\/11\\\/FB_IMG_16064944408701497.jpg\",\"width\":720,\"height\":406},{\"@type\":\"BreadcrumbList\",\"@id\":\"https:\\\/\\\/www.latribunedufaso.net\\\/?p=1943#breadcrumb\",\"itemListElement\":[{\"@type\":\"ListItem\",\"position\":1,\"name\":\"Accueil\",\"item\":\"https:\\\/\\\/www.latribunedufaso.net\\\/\"},{\"@type\":\"ListItem\",\"position\":2,\"name\":\"R\u00e9sultats provisoires de la pr\u00e9sidentielle 2020 : Roch Kabor\u00e9 r\u00e9it\u00e8re son engagement \u00e0 r\u00e9aliser \u00ab les dix chantiers \u00bb de son programme quinquennal\"}]},{\"@type\":\"WebSite\",\"@id\":\"https:\\\/\\\/www.latribunedufaso.net\\\/#website\",\"url\":\"https:\\\/\\\/www.latribunedufaso.net\\\/\",\"name\":\"La Tribune du Faso\",\"description\":\"L&#039;information du monde rural en un clic\",\"publisher\":{\"@id\":\"https:\\\/\\\/www.latribunedufaso.net\\\/#organization\"},\"potentialAction\":[{\"@type\":\"SearchAction\",\"target\":{\"@type\":\"EntryPoint\",\"urlTemplate\":\"https:\\\/\\\/www.latribunedufaso.net\\\/?s={search_term_string}\"},\"query-input\":{\"@type\":\"PropertyValueSpecification\",\"valueRequired\":true,\"valueName\":\"search_term_string\"}}],\"inLanguage\":\"fr-FR\"},{\"@type\":\"Organization\",\"@id\":\"https:\\\/\\\/www.latribunedufaso.net\\\/#organization\",\"name\":\"La Tribune du Faso\",\"url\":\"https:\\\/\\\/www.latribunedufaso.net\\\/\",\"logo\":{\"@type\":\"ImageObject\",\"inLanguage\":\"fr-FR\",\"@id\":\"https:\\\/\\\/www.latribunedufaso.net\\\/#\\\/schema\\\/logo\\\/image\\\/\",\"url\":\"https:\\\/\\\/www.latribunedufaso.net\\\/wp-content\\\/uploads\\\/2020\\\/08\\\/Logo-Tribune-du-Faso-final-scaled.jpg\",\"contentUrl\":\"https:\\\/\\\/www.latribunedufaso.net\\\/wp-content\\\/uploads\\\/2020\\\/08\\\/Logo-Tribune-du-Faso-final-scaled.jpg\",\"width\":2560,\"height\":1856,\"caption\":\"La Tribune du Faso\"},\"image\":{\"@id\":\"https:\\\/\\\/www.latribunedufaso.net\\\/#\\\/schema\\\/logo\\\/image\\\/\"},\"sameAs\":[\"https:\\\/\\\/www.facebook.com\\\/LatribuneduFaso\\\/\"]},{\"@type\":\"Person\",\"@id\":\"https:\\\/\\\/www.latribunedufaso.net\\\/#\\\/schema\\\/person\\\/a380782d0605bb8aae27c40ea93b35b1\",\"name\":\"Administrateur\",\"image\":{\"@type\":\"ImageObject\",\"inLanguage\":\"fr-FR\",\"@id\":\"https:\\\/\\\/secure.gravatar.com\\\/avatar\\\/e20266f97d741f0e80ba1f60283074a9b3317fd7bfb727e0d95b51dafbf854a1?s=96&d=mm&r=g\",\"url\":\"https:\\\/\\\/secure.gravatar.com\\\/avatar\\\/e20266f97d741f0e80ba1f60283074a9b3317fd7bfb727e0d95b51dafbf854a1?s=96&d=mm&r=g\",\"contentUrl\":\"https:\\\/\\\/secure.gravatar.com\\\/avatar\\\/e20266f97d741f0e80ba1f60283074a9b3317fd7bfb727e0d95b51dafbf854a1?s=96&d=mm&r=g\",\"caption\":\"Administrateur\"},\"url\":\"https:\\\/\\\/www.latribunedufaso.net\\\/?author=2\"}]}<\/script>\n<!-- \/ Yoast SEO plugin. -->","yoast_head_json":{"title":"R\u00e9sultats provisoires de la pr\u00e9sidentielle 2020 : Roch Kabor\u00e9 r\u00e9it\u00e8re son engagement \u00e0 r\u00e9aliser \u00ab les dix chantiers \u00bb de son programme quinquennal - La Tribune du Faso","robots":{"index":"index","follow":"follow","max-snippet":"max-snippet:-1","max-image-preview":"max-image-preview:large","max-video-preview":"max-video-preview:-1"},"canonical":"https:\/\/www.latribunedufaso.net\/?p=1943","og_locale":"fr_FR","og_type":"article","og_title":"R\u00e9sultats provisoires de la pr\u00e9sidentielle 2020 : Roch Kabor\u00e9 r\u00e9it\u00e8re son engagement \u00e0 r\u00e9aliser \u00ab les dix chantiers \u00bb de son programme quinquennal - La Tribune du Faso","og_description":"Pour sa premi\u00e8re apparition publique apr\u00e8s la proclamation des r\u00e9sultats provisoires de l\u2019\u00e9lection pr\u00e9sidentielle du 22 novembre, le candidat du Mouvement du peuple pour le progr\u00e8s (MPP), Roch Kabor\u00e9, s\u2019est adress\u00e9 au peuple burkinab\u00e8 dans son ensemble, ce jeudi 26 novembre 2020, \u00e0 la direction nationale de la campagne \u00e9lectorale du parti, \u00e0 Nonsin, \u00e0 Ouagadougou.","og_url":"https:\/\/www.latribunedufaso.net\/?p=1943","og_site_name":"La Tribune du Faso","article_publisher":"https:\/\/www.facebook.com\/LatribuneduFaso\/","article_published_time":"2020-11-27T16:54:53+00:00","og_image":[{"width":720,"height":406,"url":"https:\/\/latribunedufaso.net\/wp-content\/uploads\/2020\/11\/FB_IMG_16064944408701497.jpg","type":"image\/jpeg"}],"author":"Administrateur","twitter_misc":{"\u00c9crit par":"Administrateur","Dur\u00e9e de lecture estim\u00e9e":"4 minutes"},"schema":{"@context":"https:\/\/schema.org","@graph":[{"@type":"Article","@id":"https:\/\/www.latribunedufaso.net\/?p=1943#article","isPartOf":{"@id":"https:\/\/www.latribunedufaso.net\/?p=1943"},"author":{"name":"Administrateur","@id":"https:\/\/www.latribunedufaso.net\/#\/schema\/person\/a380782d0605bb8aae27c40ea93b35b1"},"headline":"R\u00e9sultats provisoires de la pr\u00e9sidentielle 2020 : Roch Kabor\u00e9 r\u00e9it\u00e8re son engagement \u00e0 r\u00e9aliser \u00ab les dix chantiers \u00bb de son programme quinquennal","datePublished":"2020-11-27T16:54:53+00:00","mainEntityOfPage":{"@id":"https:\/\/www.latribunedufaso.net\/?p=1943"},"wordCount":742,"commentCount":0,"publisher":{"@id":"https:\/\/www.latribunedufaso.net\/#organization"},"image":{"@id":"https:\/\/www.latribunedufaso.net\/?p=1943#primaryimage"},"thumbnailUrl":"https:\/\/www.latribunedufaso.net\/wp-content\/uploads\/2020\/11\/FB_IMG_16064944408701497.jpg","articleSection":["A la une","Actualit\u00e9","Elections coupl\u00e9es novembre 2020"],"inLanguage":"fr-FR","potentialAction":[{"@type":"CommentAction","name":"Comment","target":["https:\/\/www.latribunedufaso.net\/?p=1943#respond"]}]},{"@type":"WebPage","@id":"https:\/\/www.latribunedufaso.net\/?p=1943","url":"https:\/\/www.latribunedufaso.net\/?p=1943","name":"R\u00e9sultats provisoires de la pr\u00e9sidentielle 2020 : Roch Kabor\u00e9 r\u00e9it\u00e8re son engagement \u00e0 r\u00e9aliser \u00ab les dix chantiers \u00bb de son programme quinquennal - La Tribune du Faso","isPartOf":{"@id":"https:\/\/www.latribunedufaso.net\/#website"},"primaryImageOfPage":{"@id":"https:\/\/www.latribunedufaso.net\/?p=1943#primaryimage"},"image":{"@id":"https:\/\/www.latribunedufaso.net\/?p=1943#primaryimage"},"thumbnailUrl":"https:\/\/www.latribunedufaso.net\/wp-content\/uploads\/2020\/11\/FB_IMG_16064944408701497.jpg","datePublished":"2020-11-27T16:54:53+00:00","breadcrumb":{"@id":"https:\/\/www.latribunedufaso.net\/?p=1943#breadcrumb"},"inLanguage":"fr-FR","potentialAction":[{"@type":"ReadAction","target":["https:\/\/www.latribunedufaso.net\/?p=1943"]}]},{"@type":"ImageObject","inLanguage":"fr-FR","@id":"https:\/\/www.latribunedufaso.net\/?p=1943#primaryimage","url":"https:\/\/www.latribunedufaso.net\/wp-content\/uploads\/2020\/11\/FB_IMG_16064944408701497.jpg","contentUrl":"https:\/\/www.latribunedufaso.net\/wp-content\/uploads\/2020\/11\/FB_IMG_16064944408701497.jpg","width":720,"height":406},{"@type":"BreadcrumbList","@id":"https:\/\/www.latribunedufaso.net\/?p=1943#breadcrumb","itemListElement":[{"@type":"ListItem","position":1,"name":"Accueil","item":"https:\/\/www.latribunedufaso.net\/"},{"@type":"ListItem","position":2,"name":"R\u00e9sultats provisoires de la pr\u00e9sidentielle 2020 : Roch Kabor\u00e9 r\u00e9it\u00e8re son engagement \u00e0 r\u00e9aliser \u00ab les dix chantiers \u00bb de son programme quinquennal"}]},{"@type":"WebSite","@id":"https:\/\/www.latribunedufaso.net\/#website","url":"https:\/\/www.latribunedufaso.net\/","name":"La Tribune du Faso","description":"L&#039;information du monde rural en un clic","publisher":{"@id":"https:\/\/www.latribunedufaso.net\/#organization"},"potentialAction":[{"@type":"SearchAction","target":{"@type":"EntryPoint","urlTemplate":"https:\/\/www.latribunedufaso.net\/?s={search_term_string}"},"query-input":{"@type":"PropertyValueSpecification","valueRequired":true,"valueName":"search_term_string"}}],"inLanguage":"fr-FR"},{"@type":"Organization","@id":"https:\/\/www.latribunedufaso.net\/#organization","name":"La Tribune du Faso","url":"https:\/\/www.latribunedufaso.net\/","logo":{"@type":"ImageObject","inLanguage":"fr-FR","@id":"https:\/\/www.latribunedufaso.net\/#\/schema\/logo\/image\/","url":"https:\/\/www.latribunedufaso.net\/wp-content\/uploads\/2020\/08\/Logo-Tribune-du-Faso-final-scaled.jpg","contentUrl":"https:\/\/www.latribunedufaso.net\/wp-content\/uploads\/2020\/08\/Logo-Tribune-du-Faso-final-scaled.jpg","width":2560,"height":1856,"caption":"La Tribune du Faso"},"image":{"@id":"https:\/\/www.latribunedufaso.net\/#\/schema\/logo\/image\/"},"sameAs":["https:\/\/www.facebook.com\/LatribuneduFaso\/"]},{"@type":"Person","@id":"https:\/\/www.latribunedufaso.net\/#\/schema\/person\/a380782d0605bb8aae27c40ea93b35b1","name":"Administrateur","image":{"@type":"ImageObject","inLanguage":"fr-FR","@id":"https:\/\/secure.gravatar.com\/avatar\/e20266f97d741f0e80ba1f60283074a9b3317fd7bfb727e0d95b51dafbf854a1?s=96&d=mm&r=g","url":"https:\/\/secure.gravatar.com\/avatar\/e20266f97d741f0e80ba1f60283074a9b3317fd7bfb727e0d95b51dafbf854a1?s=96&d=mm&r=g","contentUrl":"https:\/\/secure.gravatar.com\/avatar\/e20266f97d741f0e80ba1f60283074a9b3317fd7bfb727e0d95b51dafbf854a1?s=96&d=mm&r=g","caption":"Administrateur"},"url":"https:\/\/www.latribunedufaso.net\/?author=2"}]}},"_links":{"self":[{"href":"https:\/\/www.latribunedufaso.net\/index.php?rest_route=\/wp\/v2\/posts\/1943","targetHints":{"allow":["GET"]}}],"collection":[{"href":"https:\/\/www.latribunedufaso.net\/index.php?rest_route=\/wp\/v2\/posts"}],"about":[{"href":"https:\/\/www.latribunedufaso.net\/index.php?rest_route=\/wp\/v2\/types\/post"}],"author":[{"embeddable":true,"href":"https:\/\/www.latribunedufaso.net\/index.php?rest_route=\/wp\/v2\/users\/2"}],"replies":[{"embeddable":true,"href":"https:\/\/www.latribunedufaso.net\/index.php?rest_route=%2Fwp%2Fv2%2Fcomments&post=1943"}],"version-history":[{"count":1,"href":"https:\/\/www.latribunedufaso.net\/index.php?rest_route=\/wp\/v2\/posts\/1943\/revisions"}],"predecessor-version":[{"id":1945,"href":"https:\/\/www.latribunedufaso.net\/index.php?rest_route=\/wp\/v2\/posts\/1943\/revisions\/1945"}],"wp:featuredmedia":[{"embeddable":true,"href":"https:\/\/www.latribunedufaso.net\/index.php?rest_route=\/wp\/v2\/media\/1944"}],"wp:attachment":[{"href":"https:\/\/www.latribunedufaso.net\/index.php?rest_route=%2Fwp%2Fv2%2Fmedia&parent=1943"}],"wp:term":[{"taxonomy":"category","embeddable":true,"href":"https:\/\/www.latribunedufaso.net\/index.php?rest_route=%2Fwp%2Fv2%2Fcategories&post=1943"},{"taxonomy":"post_tag","embeddable":true,"href":"https:\/\/www.latribunedufaso.net\/index.php?rest_route=%2Fwp%2Fv2%2Ftags&post=1943"}],"curies":[{"name":"wp","href":"https:\/\/api.w.org\/{rel}","templated":true}]}}