{"id":19401,"date":"2025-03-12T19:47:37","date_gmt":"2025-03-12T19:47:37","guid":{"rendered":"https:\/\/www.latribunedufaso.net\/?p=19401"},"modified":"2025-03-17T20:57:50","modified_gmt":"2025-03-17T20:57:50","slug":"conseil-des-ministres-un-economat-pour-renforcer-lelan-de-solidarite-avec-les-fds","status":"publish","type":"post","link":"https:\/\/www.latribunedufaso.net\/?p=19401","title":{"rendered":"Conseil des ministres : Un \u00e9conomat pour renforcer l\u2019\u00e9lan de solidarit\u00e9 avec les FDS"},"content":{"rendered":"<p><strong><span style=\"font-size: 1.0625rem;\">Le Pr\u00e9sident du Faso, Chef de l\u2019\u00c9tat, le Capitaine Ibrahim Traor\u00e9 a pr\u00e9sid\u00e9, le 12 mars 2025 \u00e0 Ouagadougou, le Conseil des ministres, au cours duquel plusieurs dossiers ont \u00e9t\u00e9 examin\u00e9s et d\u2019importantes d\u00e9cisions prises pour la bonne marche de la Nation.\u00a0<\/span><\/strong><!--more--><\/p>\n<p>Dans son point de presse \u00e0 l\u2019issue du Conseil des ministres de ce jour, le ministre Porte-parole du Gouvernement, Gilbert Ouedraogo a annonc\u00e9 qu\u2019au titre du minist\u00e8re de la D\u00e9fense et des Anciens Combattants, il a \u00e9t\u00e9 adopt\u00e9 un projet de d\u00e9cret portant approbation des statuts de l&rsquo;\u00c9conomat des Forces de D\u00e9fense et de S\u00e9curit\u00e9.<\/p>\n<figure id=\"attachment_19404\" aria-describedby=\"caption-attachment-19404\" style=\"width: 1080px\" class=\"wp-caption aligncenter\"><a href=\"https:\/\/www.latribunedufaso.net\/wp-content\/uploads\/2025\/03\/IMG-20250312-WA0059.jpg\"><img loading=\"lazy\" decoding=\"async\" class=\"size-full wp-image-19404\" src=\"https:\/\/www.latribunedufaso.net\/wp-content\/uploads\/2025\/03\/IMG-20250312-WA0059.jpg\" alt=\"Conseil des ministres du 12 mars 2025\" width=\"1080\" height=\"846\" srcset=\"https:\/\/www.latribunedufaso.net\/wp-content\/uploads\/2025\/03\/IMG-20250312-WA0059.jpg 1080w, https:\/\/www.latribunedufaso.net\/wp-content\/uploads\/2025\/03\/IMG-20250312-WA0059-300x235.jpg 300w, https:\/\/www.latribunedufaso.net\/wp-content\/uploads\/2025\/03\/IMG-20250312-WA0059-1024x802.jpg 1024w, https:\/\/www.latribunedufaso.net\/wp-content\/uploads\/2025\/03\/IMG-20250312-WA0059-768x602.jpg 768w\" sizes=\"auto, (max-width: 1080px) 100vw, 1080px\" \/><\/a><figcaption id=\"caption-attachment-19404\" class=\"wp-caption-text\">Le ministre de la D\u00e9fense et des Anciens Combattants, le G\u00e9n\u00e9ral de Brigade C\u00e9lestin Simpor\u00e9 &#8211; Ph. DR<\/figcaption><\/figure>\n<p>L\u2019adoption de ce d\u00e9cret s\u2019inscrit dans la volont\u00e9 de renforcer l\u2019\u00e9lan de solidarit\u00e9 avec les personnels de D\u00e9fense et de S\u00e9curit\u00e9, en mettant en place un m\u00e9canisme leur permettant d&rsquo;avoir un acc\u00e8s aux produits de grande consommation et d&rsquo;autres produits \u00e0 des prix sociaux.<\/p>\n<p>Selon le ministre de la D\u00e9fense et des Anciens Combattants, le G\u00e9n\u00e9ral de Brigade C\u00e9lestin Simpor\u00e9, l&rsquo;\u00c9conomat des Forces de D\u00e9fense et de S\u00e9curit\u00e9 constitue une r\u00e9ponse strat\u00e9gique aux besoins croissants du soutien logistique et social des personnels militaires et paramilitaires engag\u00e9s, dans la protection de l&rsquo;int\u00e9grit\u00e9 territoriale et la s\u00e9curit\u00e9 des populations.<\/p>\n<p>L\u2019adoption de ce d\u00e9cret contribue \u00e0 renforcer le moral des troupes en am\u00e9liorant leurs pouvoirs d&rsquo;achat et partant, leurs conditions de vie.\u00a0<\/p>\n<h3>Un d\u00e9cret pour prot\u00e9ger la population des dangers du tabagisme<\/h3>\n<p>Pour le compte du minist\u00e8re de la Sant\u00e9, le Conseil a adopt\u00e9 un d\u00e9cret portant relecture du d\u00e9cret 2011\/PRES\/PM du 30 d\u00e9cembre 2011 portant conditionnement et \u00e9tiquetage des produits du tabac, et son modificatif de 2019.<\/p>\n<figure id=\"attachment_19403\" aria-describedby=\"caption-attachment-19403\" style=\"width: 1080px\" class=\"wp-caption aligncenter\"><a href=\"https:\/\/www.latribunedufaso.net\/wp-content\/uploads\/2025\/03\/IMG-20250312-WA0060.jpg\"><img loading=\"lazy\" decoding=\"async\" class=\"size-full wp-image-19403\" src=\"https:\/\/www.latribunedufaso.net\/wp-content\/uploads\/2025\/03\/IMG-20250312-WA0060.jpg\" alt=\"Conseil des ministres du 12 mars 2025\" width=\"1080\" height=\"848\" srcset=\"https:\/\/www.latribunedufaso.net\/wp-content\/uploads\/2025\/03\/IMG-20250312-WA0060.jpg 1080w, https:\/\/www.latribunedufaso.net\/wp-content\/uploads\/2025\/03\/IMG-20250312-WA0060-300x236.jpg 300w, https:\/\/www.latribunedufaso.net\/wp-content\/uploads\/2025\/03\/IMG-20250312-WA0060-1024x804.jpg 1024w, https:\/\/www.latribunedufaso.net\/wp-content\/uploads\/2025\/03\/IMG-20250312-WA0060-768x603.jpg 768w\" sizes=\"auto, (max-width: 1080px) 100vw, 1080px\" \/><\/a><figcaption id=\"caption-attachment-19403\" class=\"wp-caption-text\">Le ministre de la Sant\u00e9, Robert Lucien Jean-Claude Kargougou &#8211; Ph. DR<\/figcaption><\/figure>\n<p><em><strong>\u00ab L&rsquo;adoption de ce nouveau d\u00e9cret a pour objectif de faire en sorte que les produits du tabac soient moins attrayants et attractifs pour les populations et notamment les plus jeunes \u00bb<\/strong><\/em>, explique le ministre de la Sant\u00e9, Robert Lucien Jean-Claude Kargougou.<\/p>\n<p><iframe loading=\"lazy\" width=\"560\" height=\"315\" src=\"https:\/\/www.youtube.com\/embed\/v236V2iyzDE?si=vIBkx2Ov-Kq1xfFv\" title=\"YouTube video player\" frameborder=\"0\" allow=\"accelerometer; autoplay; clipboard-write; encrypted-media; gyroscope; picture-in-picture; web-share\" referrerpolicy=\"strict-origin-when-cross-origin\" allowfullscreen><\/iframe><\/p>\n<p>Ce nouveau d\u00e9cret instaure une couleur uniforme, mate et moins attrayante des emballages de cigarettes avec l\u2019obligation de couvrir au moins 80% de chacune des principales faces des paquets de cigarettes par des avertissements sanitaires graphiques.<\/p>\n<blockquote>\n<p>Lire aussi &gt;&gt; <a href=\"https:\/\/www.latribunedufaso.net\/?p=14866\">Interdiction de fumer dans les lieux publics au Burkina : Les acteurs \u00e9laborent des outils de communication\u00a0<\/a><\/p>\n<\/blockquote>\n<p>Selon le ministre de la Sant\u00e9, dans notre pays, on note une pr\u00e9valence de 13,6% de la population qui fument des produits de tabac. Et chaque ann\u00e9e, c&rsquo;est autour de 4 800 personnes qui d\u00e9c\u00e8dent des cons\u00e9quences du tabagisme. Parmi ces 4 800 d\u00e9c\u00e8s, 1 300 sont li\u00e9s aux cons\u00e9quences du tabagisme passif.<\/p>\n<p><em><strong>\u00ab L&rsquo;adoption du d\u00e9cret va v\u00e9ritablement permettre de mieux prot\u00e9ger la sant\u00e9 des jeunes, des populations de fa\u00e7on globale \u00bb,<\/strong><\/em> soutient le ministre de la Sant\u00e9.<\/p>\n<p><strong>latribunedufaso.net<\/strong><\/p>\n<p><strong>Source : Direction de la Communication de la Pr\u00e9sidence du Faso<\/strong><\/p>\n","protected":false},"excerpt":{"rendered":"<p>Le Pr\u00e9sident du Faso, Chef de l\u2019\u00c9tat, le Capitaine Ibrahim Traor\u00e9 a pr\u00e9sid\u00e9, le 12 mars 2025 \u00e0 Ouagadougou, le Conseil des ministres, au cours duquel plusieurs dossiers ont \u00e9t\u00e9 examin\u00e9s et d\u2019importantes d\u00e9cisions prises pour la bonne marche de la Nation.\u00a0<\/p>\n","protected":false},"author":5,"featured_media":19402,"comment_status":"open","ping_status":"open","sticky":false,"template":"","format":"standard","meta":{"footnotes":""},"categories":[13,1,21],"tags":[799,79,39],"class_list":["post-19401","post","type-post","status-publish","format-standard","has-post-thumbnail","hentry","category-une","category-actu","category-conseil-des-ministres","tag-approbation-des-statuts-de-leconomat-des-forces-de-defense-et-de-securite","tag-conseil-des-ministres","tag-latribunedufaso-net"],"yoast_head":"<!-- This site is optimized with the Yoast SEO plugin v27.4 - https:\/\/yoast.com\/product\/yoast-seo-wordpress\/ -->\n<title>Conseil des ministres : Un \u00e9conomat pour renforcer l\u2019\u00e9lan de solidarit\u00e9 avec les FDS - La Tribune du Faso<\/title>\n<meta name=\"robots\" content=\"index, follow, max-snippet:-1, max-image-preview:large, max-video-preview:-1\" \/>\n<link rel=\"canonical\" href=\"https:\/\/www.latribunedufaso.net\/?p=19401\" \/>\n<meta property=\"og:locale\" content=\"fr_FR\" \/>\n<meta property=\"og:type\" content=\"article\" \/>\n<meta property=\"og:title\" content=\"Conseil des ministres : Un \u00e9conomat pour renforcer l\u2019\u00e9lan de solidarit\u00e9 avec les FDS - La Tribune du Faso\" \/>\n<meta property=\"og:description\" content=\"Le Pr\u00e9sident du Faso, Chef de l\u2019\u00c9tat, le Capitaine Ibrahim Traor\u00e9 a pr\u00e9sid\u00e9, le 12 mars 2025 \u00e0 Ouagadougou, le Conseil des ministres, au cours duquel plusieurs dossiers ont \u00e9t\u00e9 examin\u00e9s et d\u2019importantes d\u00e9cisions prises pour la bonne marche de la Nation.\u00a0\" \/>\n<meta property=\"og:url\" content=\"https:\/\/www.latribunedufaso.net\/?p=19401\" \/>\n<meta property=\"og:site_name\" content=\"La Tribune du Faso\" \/>\n<meta property=\"article:publisher\" content=\"https:\/\/www.facebook.com\/LatribuneduFaso\/\" \/>\n<meta property=\"article:published_time\" content=\"2025-03-12T19:47:37+00:00\" \/>\n<meta property=\"article:modified_time\" content=\"2025-03-17T20:57:50+00:00\" \/>\n<meta property=\"og:image\" content=\"https:\/\/www.latribunedufaso.net\/wp-content\/uploads\/2025\/03\/IMG-20250312-WA0061.jpg\" \/>\n\t<meta property=\"og:image:width\" content=\"1080\" \/>\n\t<meta property=\"og:image:height\" content=\"762\" \/>\n\t<meta property=\"og:image:type\" content=\"image\/jpeg\" \/>\n<meta name=\"author\" content=\"Issouf Tapsoba\" \/>\n<meta name=\"twitter:label1\" content=\"\u00c9crit par\" \/>\n\t<meta name=\"twitter:data1\" content=\"Issouf Tapsoba\" \/>\n\t<meta name=\"twitter:label2\" content=\"Dur\u00e9e de lecture estim\u00e9e\" \/>\n\t<meta name=\"twitter:data2\" content=\"3 minutes\" \/>\n<script type=\"application\/ld+json\" class=\"yoast-schema-graph\">{\"@context\":\"https:\\\/\\\/schema.org\",\"@graph\":[{\"@type\":\"Article\",\"@id\":\"https:\\\/\\\/www.latribunedufaso.net\\\/?p=19401#article\",\"isPartOf\":{\"@id\":\"https:\\\/\\\/www.latribunedufaso.net\\\/?p=19401\"},\"author\":{\"name\":\"Issouf Tapsoba\",\"@id\":\"https:\\\/\\\/www.latribunedufaso.net\\\/#\\\/schema\\\/person\\\/e54e64c5778a7e72cf80a318b7a622b0\"},\"headline\":\"Conseil des ministres : Un \u00e9conomat pour renforcer l\u2019\u00e9lan de solidarit\u00e9 avec les FDS\",\"datePublished\":\"2025-03-12T19:47:37+00:00\",\"dateModified\":\"2025-03-17T20:57:50+00:00\",\"mainEntityOfPage\":{\"@id\":\"https:\\\/\\\/www.latribunedufaso.net\\\/?p=19401\"},\"wordCount\":560,\"commentCount\":0,\"publisher\":{\"@id\":\"https:\\\/\\\/www.latribunedufaso.net\\\/#organization\"},\"image\":{\"@id\":\"https:\\\/\\\/www.latribunedufaso.net\\\/?p=19401#primaryimage\"},\"thumbnailUrl\":\"https:\\\/\\\/www.latribunedufaso.net\\\/wp-content\\\/uploads\\\/2025\\\/03\\\/IMG-20250312-WA0061.jpg\",\"keywords\":[\"approbation des statuts de l'\u00c9conomat des Forces de D\u00e9fense et de S\u00e9curit\u00e9\",\"conseil des ministres\",\"latribunedufaso.net\"],\"articleSection\":[\"A la une\",\"Actualit\u00e9\",\"Conseil des ministres\"],\"inLanguage\":\"fr-FR\",\"potentialAction\":[{\"@type\":\"CommentAction\",\"name\":\"Comment\",\"target\":[\"https:\\\/\\\/www.latribunedufaso.net\\\/?p=19401#respond\"]}]},{\"@type\":\"WebPage\",\"@id\":\"https:\\\/\\\/www.latribunedufaso.net\\\/?p=19401\",\"url\":\"https:\\\/\\\/www.latribunedufaso.net\\\/?p=19401\",\"name\":\"Conseil des ministres : Un \u00e9conomat pour renforcer l\u2019\u00e9lan de solidarit\u00e9 avec les FDS - La Tribune du Faso\",\"isPartOf\":{\"@id\":\"https:\\\/\\\/www.latribunedufaso.net\\\/#website\"},\"primaryImageOfPage\":{\"@id\":\"https:\\\/\\\/www.latribunedufaso.net\\\/?p=19401#primaryimage\"},\"image\":{\"@id\":\"https:\\\/\\\/www.latribunedufaso.net\\\/?p=19401#primaryimage\"},\"thumbnailUrl\":\"https:\\\/\\\/www.latribunedufaso.net\\\/wp-content\\\/uploads\\\/2025\\\/03\\\/IMG-20250312-WA0061.jpg\",\"datePublished\":\"2025-03-12T19:47:37+00:00\",\"dateModified\":\"2025-03-17T20:57:50+00:00\",\"breadcrumb\":{\"@id\":\"https:\\\/\\\/www.latribunedufaso.net\\\/?p=19401#breadcrumb\"},\"inLanguage\":\"fr-FR\",\"potentialAction\":[{\"@type\":\"ReadAction\",\"target\":[\"https:\\\/\\\/www.latribunedufaso.net\\\/?p=19401\"]}]},{\"@type\":\"ImageObject\",\"inLanguage\":\"fr-FR\",\"@id\":\"https:\\\/\\\/www.latribunedufaso.net\\\/?p=19401#primaryimage\",\"url\":\"https:\\\/\\\/www.latribunedufaso.net\\\/wp-content\\\/uploads\\\/2025\\\/03\\\/IMG-20250312-WA0061.jpg\",\"contentUrl\":\"https:\\\/\\\/www.latribunedufaso.net\\\/wp-content\\\/uploads\\\/2025\\\/03\\\/IMG-20250312-WA0061.jpg\",\"width\":1080,\"height\":762,\"caption\":\"Conseil des ministres du 12 mars 2025\"},{\"@type\":\"BreadcrumbList\",\"@id\":\"https:\\\/\\\/www.latribunedufaso.net\\\/?p=19401#breadcrumb\",\"itemListElement\":[{\"@type\":\"ListItem\",\"position\":1,\"name\":\"Accueil\",\"item\":\"https:\\\/\\\/www.latribunedufaso.net\\\/\"},{\"@type\":\"ListItem\",\"position\":2,\"name\":\"Conseil des ministres : Un \u00e9conomat pour renforcer l\u2019\u00e9lan de solidarit\u00e9 avec les FDS\"}]},{\"@type\":\"WebSite\",\"@id\":\"https:\\\/\\\/www.latribunedufaso.net\\\/#website\",\"url\":\"https:\\\/\\\/www.latribunedufaso.net\\\/\",\"name\":\"La Tribune du Faso\",\"description\":\"L&#039;information du monde rural en un clic\",\"publisher\":{\"@id\":\"https:\\\/\\\/www.latribunedufaso.net\\\/#organization\"},\"potentialAction\":[{\"@type\":\"SearchAction\",\"target\":{\"@type\":\"EntryPoint\",\"urlTemplate\":\"https:\\\/\\\/www.latribunedufaso.net\\\/?s={search_term_string}\"},\"query-input\":{\"@type\":\"PropertyValueSpecification\",\"valueRequired\":true,\"valueName\":\"search_term_string\"}}],\"inLanguage\":\"fr-FR\"},{\"@type\":\"Organization\",\"@id\":\"https:\\\/\\\/www.latribunedufaso.net\\\/#organization\",\"name\":\"La Tribune du Faso\",\"url\":\"https:\\\/\\\/www.latribunedufaso.net\\\/\",\"logo\":{\"@type\":\"ImageObject\",\"inLanguage\":\"fr-FR\",\"@id\":\"https:\\\/\\\/www.latribunedufaso.net\\\/#\\\/schema\\\/logo\\\/image\\\/\",\"url\":\"https:\\\/\\\/www.latribunedufaso.net\\\/wp-content\\\/uploads\\\/2020\\\/08\\\/Logo-Tribune-du-Faso-final-scaled.jpg\",\"contentUrl\":\"https:\\\/\\\/www.latribunedufaso.net\\\/wp-content\\\/uploads\\\/2020\\\/08\\\/Logo-Tribune-du-Faso-final-scaled.jpg\",\"width\":2560,\"height\":1856,\"caption\":\"La Tribune du Faso\"},\"image\":{\"@id\":\"https:\\\/\\\/www.latribunedufaso.net\\\/#\\\/schema\\\/logo\\\/image\\\/\"},\"sameAs\":[\"https:\\\/\\\/www.facebook.com\\\/LatribuneduFaso\\\/\"]},{\"@type\":\"Person\",\"@id\":\"https:\\\/\\\/www.latribunedufaso.net\\\/#\\\/schema\\\/person\\\/e54e64c5778a7e72cf80a318b7a622b0\",\"name\":\"Issouf Tapsoba\",\"image\":{\"@type\":\"ImageObject\",\"inLanguage\":\"fr-FR\",\"@id\":\"https:\\\/\\\/secure.gravatar.com\\\/avatar\\\/5e6c05150ce3230247d167f5b94d678eb05936197436d69b7921e3a95c9107ac?s=96&d=mm&r=g\",\"url\":\"https:\\\/\\\/secure.gravatar.com\\\/avatar\\\/5e6c05150ce3230247d167f5b94d678eb05936197436d69b7921e3a95c9107ac?s=96&d=mm&r=g\",\"contentUrl\":\"https:\\\/\\\/secure.gravatar.com\\\/avatar\\\/5e6c05150ce3230247d167f5b94d678eb05936197436d69b7921e3a95c9107ac?s=96&d=mm&r=g\",\"caption\":\"Issouf Tapsoba\"},\"url\":\"https:\\\/\\\/www.latribunedufaso.net\\\/?author=5\"}]}<\/script>\n<!-- \/ Yoast SEO plugin. -->","yoast_head_json":{"title":"Conseil des ministres : Un \u00e9conomat pour renforcer l\u2019\u00e9lan de solidarit\u00e9 avec les FDS - La Tribune du Faso","robots":{"index":"index","follow":"follow","max-snippet":"max-snippet:-1","max-image-preview":"max-image-preview:large","max-video-preview":"max-video-preview:-1"},"canonical":"https:\/\/www.latribunedufaso.net\/?p=19401","og_locale":"fr_FR","og_type":"article","og_title":"Conseil des ministres : Un \u00e9conomat pour renforcer l\u2019\u00e9lan de solidarit\u00e9 avec les FDS - La Tribune du Faso","og_description":"Le Pr\u00e9sident du Faso, Chef de l\u2019\u00c9tat, le Capitaine Ibrahim Traor\u00e9 a pr\u00e9sid\u00e9, le 12 mars 2025 \u00e0 Ouagadougou, le Conseil des ministres, au cours duquel plusieurs dossiers ont \u00e9t\u00e9 examin\u00e9s et d\u2019importantes d\u00e9cisions prises pour la bonne marche de la Nation.\u00a0","og_url":"https:\/\/www.latribunedufaso.net\/?p=19401","og_site_name":"La Tribune du Faso","article_publisher":"https:\/\/www.facebook.com\/LatribuneduFaso\/","article_published_time":"2025-03-12T19:47:37+00:00","article_modified_time":"2025-03-17T20:57:50+00:00","og_image":[{"width":1080,"height":762,"url":"https:\/\/www.latribunedufaso.net\/wp-content\/uploads\/2025\/03\/IMG-20250312-WA0061.jpg","type":"image\/jpeg"}],"author":"Issouf Tapsoba","twitter_misc":{"\u00c9crit par":"Issouf Tapsoba","Dur\u00e9e de lecture estim\u00e9e":"3 minutes"},"schema":{"@context":"https:\/\/schema.org","@graph":[{"@type":"Article","@id":"https:\/\/www.latribunedufaso.net\/?p=19401#article","isPartOf":{"@id":"https:\/\/www.latribunedufaso.net\/?p=19401"},"author":{"name":"Issouf Tapsoba","@id":"https:\/\/www.latribunedufaso.net\/#\/schema\/person\/e54e64c5778a7e72cf80a318b7a622b0"},"headline":"Conseil des ministres : Un \u00e9conomat pour renforcer l\u2019\u00e9lan de solidarit\u00e9 avec les FDS","datePublished":"2025-03-12T19:47:37+00:00","dateModified":"2025-03-17T20:57:50+00:00","mainEntityOfPage":{"@id":"https:\/\/www.latribunedufaso.net\/?p=19401"},"wordCount":560,"commentCount":0,"publisher":{"@id":"https:\/\/www.latribunedufaso.net\/#organization"},"image":{"@id":"https:\/\/www.latribunedufaso.net\/?p=19401#primaryimage"},"thumbnailUrl":"https:\/\/www.latribunedufaso.net\/wp-content\/uploads\/2025\/03\/IMG-20250312-WA0061.jpg","keywords":["approbation des statuts de l'\u00c9conomat des Forces de D\u00e9fense et de S\u00e9curit\u00e9","conseil des ministres","latribunedufaso.net"],"articleSection":["A la une","Actualit\u00e9","Conseil des ministres"],"inLanguage":"fr-FR","potentialAction":[{"@type":"CommentAction","name":"Comment","target":["https:\/\/www.latribunedufaso.net\/?p=19401#respond"]}]},{"@type":"WebPage","@id":"https:\/\/www.latribunedufaso.net\/?p=19401","url":"https:\/\/www.latribunedufaso.net\/?p=19401","name":"Conseil des ministres : Un \u00e9conomat pour renforcer l\u2019\u00e9lan de solidarit\u00e9 avec les FDS - La Tribune du Faso","isPartOf":{"@id":"https:\/\/www.latribunedufaso.net\/#website"},"primaryImageOfPage":{"@id":"https:\/\/www.latribunedufaso.net\/?p=19401#primaryimage"},"image":{"@id":"https:\/\/www.latribunedufaso.net\/?p=19401#primaryimage"},"thumbnailUrl":"https:\/\/www.latribunedufaso.net\/wp-content\/uploads\/2025\/03\/IMG-20250312-WA0061.jpg","datePublished":"2025-03-12T19:47:37+00:00","dateModified":"2025-03-17T20:57:50+00:00","breadcrumb":{"@id":"https:\/\/www.latribunedufaso.net\/?p=19401#breadcrumb"},"inLanguage":"fr-FR","potentialAction":[{"@type":"ReadAction","target":["https:\/\/www.latribunedufaso.net\/?p=19401"]}]},{"@type":"ImageObject","inLanguage":"fr-FR","@id":"https:\/\/www.latribunedufaso.net\/?p=19401#primaryimage","url":"https:\/\/www.latribunedufaso.net\/wp-content\/uploads\/2025\/03\/IMG-20250312-WA0061.jpg","contentUrl":"https:\/\/www.latribunedufaso.net\/wp-content\/uploads\/2025\/03\/IMG-20250312-WA0061.jpg","width":1080,"height":762,"caption":"Conseil des ministres du 12 mars 2025"},{"@type":"BreadcrumbList","@id":"https:\/\/www.latribunedufaso.net\/?p=19401#breadcrumb","itemListElement":[{"@type":"ListItem","position":1,"name":"Accueil","item":"https:\/\/www.latribunedufaso.net\/"},{"@type":"ListItem","position":2,"name":"Conseil des ministres : Un \u00e9conomat pour renforcer l\u2019\u00e9lan de solidarit\u00e9 avec les FDS"}]},{"@type":"WebSite","@id":"https:\/\/www.latribunedufaso.net\/#website","url":"https:\/\/www.latribunedufaso.net\/","name":"La Tribune du Faso","description":"L&#039;information du monde rural en un clic","publisher":{"@id":"https:\/\/www.latribunedufaso.net\/#organization"},"potentialAction":[{"@type":"SearchAction","target":{"@type":"EntryPoint","urlTemplate":"https:\/\/www.latribunedufaso.net\/?s={search_term_string}"},"query-input":{"@type":"PropertyValueSpecification","valueRequired":true,"valueName":"search_term_string"}}],"inLanguage":"fr-FR"},{"@type":"Organization","@id":"https:\/\/www.latribunedufaso.net\/#organization","name":"La Tribune du Faso","url":"https:\/\/www.latribunedufaso.net\/","logo":{"@type":"ImageObject","inLanguage":"fr-FR","@id":"https:\/\/www.latribunedufaso.net\/#\/schema\/logo\/image\/","url":"https:\/\/www.latribunedufaso.net\/wp-content\/uploads\/2020\/08\/Logo-Tribune-du-Faso-final-scaled.jpg","contentUrl":"https:\/\/www.latribunedufaso.net\/wp-content\/uploads\/2020\/08\/Logo-Tribune-du-Faso-final-scaled.jpg","width":2560,"height":1856,"caption":"La Tribune du Faso"},"image":{"@id":"https:\/\/www.latribunedufaso.net\/#\/schema\/logo\/image\/"},"sameAs":["https:\/\/www.facebook.com\/LatribuneduFaso\/"]},{"@type":"Person","@id":"https:\/\/www.latribunedufaso.net\/#\/schema\/person\/e54e64c5778a7e72cf80a318b7a622b0","name":"Issouf Tapsoba","image":{"@type":"ImageObject","inLanguage":"fr-FR","@id":"https:\/\/secure.gravatar.com\/avatar\/5e6c05150ce3230247d167f5b94d678eb05936197436d69b7921e3a95c9107ac?s=96&d=mm&r=g","url":"https:\/\/secure.gravatar.com\/avatar\/5e6c05150ce3230247d167f5b94d678eb05936197436d69b7921e3a95c9107ac?s=96&d=mm&r=g","contentUrl":"https:\/\/secure.gravatar.com\/avatar\/5e6c05150ce3230247d167f5b94d678eb05936197436d69b7921e3a95c9107ac?s=96&d=mm&r=g","caption":"Issouf Tapsoba"},"url":"https:\/\/www.latribunedufaso.net\/?author=5"}]}},"_links":{"self":[{"href":"https:\/\/www.latribunedufaso.net\/index.php?rest_route=\/wp\/v2\/posts\/19401","targetHints":{"allow":["GET"]}}],"collection":[{"href":"https:\/\/www.latribunedufaso.net\/index.php?rest_route=\/wp\/v2\/posts"}],"about":[{"href":"https:\/\/www.latribunedufaso.net\/index.php?rest_route=\/wp\/v2\/types\/post"}],"author":[{"embeddable":true,"href":"https:\/\/www.latribunedufaso.net\/index.php?rest_route=\/wp\/v2\/users\/5"}],"replies":[{"embeddable":true,"href":"https:\/\/www.latribunedufaso.net\/index.php?rest_route=%2Fwp%2Fv2%2Fcomments&post=19401"}],"version-history":[{"count":2,"href":"https:\/\/www.latribunedufaso.net\/index.php?rest_route=\/wp\/v2\/posts\/19401\/revisions"}],"predecessor-version":[{"id":19476,"href":"https:\/\/www.latribunedufaso.net\/index.php?rest_route=\/wp\/v2\/posts\/19401\/revisions\/19476"}],"wp:featuredmedia":[{"embeddable":true,"href":"https:\/\/www.latribunedufaso.net\/index.php?rest_route=\/wp\/v2\/media\/19402"}],"wp:attachment":[{"href":"https:\/\/www.latribunedufaso.net\/index.php?rest_route=%2Fwp%2Fv2%2Fmedia&parent=19401"}],"wp:term":[{"taxonomy":"category","embeddable":true,"href":"https:\/\/www.latribunedufaso.net\/index.php?rest_route=%2Fwp%2Fv2%2Fcategories&post=19401"},{"taxonomy":"post_tag","embeddable":true,"href":"https:\/\/www.latribunedufaso.net\/index.php?rest_route=%2Fwp%2Fv2%2Ftags&post=19401"}],"curies":[{"name":"wp","href":"https:\/\/api.w.org\/{rel}","templated":true}]}}