{"id":19395,"date":"2025-03-12T13:43:10","date_gmt":"2025-03-12T13:43:10","guid":{"rendered":"https:\/\/www.latribunedufaso.net\/?p=19395"},"modified":"2025-03-12T13:43:10","modified_gmt":"2025-03-12T13:43:10","slug":"conference-nationale-sur-la-prise-en-charge-des-veuves-et-orphelins-des-forces-combattantes-degager-de-meilleures-solutions-pour-construire-un-modele-de-resilience","status":"publish","type":"post","link":"https:\/\/www.latribunedufaso.net\/?p=19395","title":{"rendered":"Conf\u00e9rence nationale sur la prise en charge des veuves et orphelins des forces combattantes : D\u00e9gager de meilleures solutions pour construire un mod\u00e8le de r\u00e9silience"},"content":{"rendered":"<p><strong><span style=\"font-size: 1.0625rem;\">L\u2019Agence de soutien aux veuves, orphelins et victimes de guerre (ASVOVIG) organise du 11 au 13 mars 2025 \u00e0 Ouagadougou, une conf\u00e9rence nationale sur le th\u00e8me : \u00ab <em>reconstruction psychosociale et autonomisation des veuves et orphelins des forces combattantes : \u00e9tat des lieux et perspectives \u00bb.\u00a0<\/em>Elle est plac\u00e9e sous <\/span><span style=\"font-size: 1.0625rem;\">le tr\u00e8s-haut patronage du Pr\u00e9sident du Faso, le Capitaine Ibrahim Traor\u00e9.\u00a0<\/span><\/strong><!--more--><\/p>\n<p>Cette conf\u00e9rence r\u00e9unit des experts, des chercheurs, des structures associatives, mais \u00e9galement des veuves et orphelins des forces combattantes. Durant trois jours, des communications vont permettre aux participants de cerner les enjeux li\u00e9s \u00e0 la prise en charge psychosociale et \u00e0 l\u2019autonomisation des veuves et orphelins des forces combattantes.\u00a0<\/p>\n<figure id=\"attachment_19398\" aria-describedby=\"caption-attachment-19398\" style=\"width: 1209px\" class=\"wp-caption aligncenter\"><a href=\"https:\/\/www.latribunedufaso.net\/wp-content\/uploads\/2025\/03\/IMG-20250312-WA0035.jpg\"><img loading=\"lazy\" decoding=\"async\" class=\"size-full wp-image-19398\" src=\"https:\/\/www.latribunedufaso.net\/wp-content\/uploads\/2025\/03\/IMG-20250312-WA0035.jpg\" alt=\"L\u2019Agence de soutien aux veuves, orphelins et victimes de guerre (ASVOVIG) organise du 11 au 13 mars 2025 \u00e0 Ouagadougou, une conf\u00e9rence nationale sur le th\u00e8me : \u00ab reconstruction psychosociale et autonomisation des veuves et orphelins des forces combattantes : \u00e9tat des lieux et perspectives \u00bb\" width=\"1209\" height=\"1600\" srcset=\"https:\/\/www.latribunedufaso.net\/wp-content\/uploads\/2025\/03\/IMG-20250312-WA0035.jpg 1209w, https:\/\/www.latribunedufaso.net\/wp-content\/uploads\/2025\/03\/IMG-20250312-WA0035-227x300.jpg 227w, https:\/\/www.latribunedufaso.net\/wp-content\/uploads\/2025\/03\/IMG-20250312-WA0035-774x1024.jpg 774w, https:\/\/www.latribunedufaso.net\/wp-content\/uploads\/2025\/03\/IMG-20250312-WA0035-768x1016.jpg 768w, https:\/\/www.latribunedufaso.net\/wp-content\/uploads\/2025\/03\/IMG-20250312-WA0035-1161x1536.jpg 1161w\" sizes=\"auto, (max-width: 1209px) 100vw, 1209px\" \/><\/a><figcaption id=\"caption-attachment-19398\" class=\"wp-caption-text\">Le Directeur g\u00e9n\u00e9ral de l\u2019ASVOVIG, le M\u00e9decin Colonel Lamine Ouedraogo &#8211; Ph. DR<\/figcaption><\/figure>\n<p>Selon le Directeur g\u00e9n\u00e9ral de l\u2019ASVOVIG, le M\u00e9decin Colonel Lamine Ouedraogo <em><strong>\u00ab cette conf\u00e9rence est un espace de dialogue, o\u00f9 chacun pourra prendre la parole, proposer des pistes de solutions et contribuer \u00e0 construire un mod\u00e8le de r\u00e9silience adapt\u00e9 aux d\u00e9fis de notre pays \u00bb.<\/strong> <\/em><\/p>\n<p>Au cours de la c\u00e9r\u00e9monie d\u2019ouverture, il a exprim\u00e9 sa gratitude \u00e0 <em><strong>\u00ab Son Excellence le Pr\u00e9sident du Faso, Chef de l\u2019\u00c9tat, Chef supr\u00eame des arm\u00e9es pour son soutien constant et son engagement sans faille \u00e0 leurs c\u00f4t\u00e9s dans la noble cause \u00bb.<\/strong><\/em><\/p>\n<figure id=\"attachment_19396\" aria-describedby=\"caption-attachment-19396\" style=\"width: 1600px\" class=\"wp-caption aligncenter\"><a href=\"https:\/\/www.latribunedufaso.net\/wp-content\/uploads\/2025\/03\/IMG-20250312-WA0039.jpg\"><img loading=\"lazy\" decoding=\"async\" class=\"size-full wp-image-19396\" src=\"https:\/\/www.latribunedufaso.net\/wp-content\/uploads\/2025\/03\/IMG-20250312-WA0039.jpg\" alt=\"L\u2019Agence de soutien aux veuves, orphelins et victimes de guerre (ASVOVIG) organise du 11 au 13 mars 2025 \u00e0 Ouagadougou, une conf\u00e9rence nationale sur le th\u00e8me : \u00ab reconstruction psychosociale et autonomisation des veuves et orphelins des forces combattantes : \u00e9tat des lieux et perspectives \u00bb\" width=\"1600\" height=\"1036\" srcset=\"https:\/\/www.latribunedufaso.net\/wp-content\/uploads\/2025\/03\/IMG-20250312-WA0039.jpg 1600w, https:\/\/www.latribunedufaso.net\/wp-content\/uploads\/2025\/03\/IMG-20250312-WA0039-300x194.jpg 300w, https:\/\/www.latribunedufaso.net\/wp-content\/uploads\/2025\/03\/IMG-20250312-WA0039-1024x663.jpg 1024w, https:\/\/www.latribunedufaso.net\/wp-content\/uploads\/2025\/03\/IMG-20250312-WA0039-768x497.jpg 768w, https:\/\/www.latribunedufaso.net\/wp-content\/uploads\/2025\/03\/IMG-20250312-WA0039-1536x995.jpg 1536w\" sizes=\"auto, (max-width: 1600px) 100vw, 1600px\" \/><\/a><figcaption id=\"caption-attachment-19396\" class=\"wp-caption-text\">Une vue des officiels et la hi\u00e9rarchie militaire \u00e0 la c\u00e9r\u00e9monie d&rsquo;ouverture &#8211; Ph. DR<\/figcaption><\/figure>\n<h3>Am\u00e9liorer de fa\u00e7on holistique les conditions des veuves et orphelins<\/h3>\n<p>Pour le ministre d\u2019\u00c9tat, ministre de la D\u00e9fense et des Anciens Combattants, le G\u00e9n\u00e9ral de brigade C\u00e9lestin Simpor\u00e9, la prise en charge des veuves et orphelins des forces combattantes a toujours \u00e9t\u00e9 une priorit\u00e9 pour la hi\u00e9rarchie militaire et les plus hautes autorit\u00e9s du pays, dont la clairvoyance a permis de cr\u00e9er l\u2019ASVOVIG.<\/p>\n<figure id=\"attachment_19399\" aria-describedby=\"caption-attachment-19399\" style=\"width: 1340px\" class=\"wp-caption aligncenter\"><a href=\"https:\/\/www.latribunedufaso.net\/wp-content\/uploads\/2025\/03\/IMG-20250312-WA0034.jpg\"><img loading=\"lazy\" decoding=\"async\" class=\"size-full wp-image-19399\" src=\"https:\/\/www.latribunedufaso.net\/wp-content\/uploads\/2025\/03\/IMG-20250312-WA0034.jpg\" alt=\"L\u2019Agence de soutien aux veuves, orphelins et victimes de guerre (ASVOVIG) organise du 11 au 13 mars 2025 \u00e0 Ouagadougou, une conf\u00e9rence nationale sur le th\u00e8me : \u00ab reconstruction psychosociale et autonomisation des veuves et orphelins des forces combattantes : \u00e9tat des lieux et perspectives \u00bb\" width=\"1340\" height=\"1600\" srcset=\"https:\/\/www.latribunedufaso.net\/wp-content\/uploads\/2025\/03\/IMG-20250312-WA0034.jpg 1340w, https:\/\/www.latribunedufaso.net\/wp-content\/uploads\/2025\/03\/IMG-20250312-WA0034-251x300.jpg 251w, https:\/\/www.latribunedufaso.net\/wp-content\/uploads\/2025\/03\/IMG-20250312-WA0034-858x1024.jpg 858w, https:\/\/www.latribunedufaso.net\/wp-content\/uploads\/2025\/03\/IMG-20250312-WA0034-768x917.jpg 768w, https:\/\/www.latribunedufaso.net\/wp-content\/uploads\/2025\/03\/IMG-20250312-WA0034-1286x1536.jpg 1286w\" sizes=\"auto, (max-width: 1340px) 100vw, 1340px\" \/><\/a><figcaption id=\"caption-attachment-19399\" class=\"wp-caption-text\">Le ministre d\u2019\u00c9tat, ministre de la D\u00e9fense et des Anciens Combattants, le G\u00e9n\u00e9ral de brigade C\u00e9lestin Simpor\u00e9 &#8211; Ph. DR<\/figcaption><\/figure>\n<p>Il a salu\u00e9 la pertinence du th\u00e8me de cette conf\u00e9rence qui rentre en droite ligne des missions assign\u00e9es \u00e0 l\u2019ASVOVIG, \u00e0 savoir : le soutien psychosocial, l\u2019assistance juridique et administrative, la formation et la r\u00e9insertion professionnelle.\u00a0<\/p>\n<p><strong>latribunedufaso.net<\/strong><\/p>\n<p><strong>Source : Direction de la communication de la Pr\u00e9sidence du Faso<\/strong><\/p>\n<blockquote>\n<p>Lire aussi &gt;&gt; <a href=\"https:\/\/www.latribunedufaso.net\/?p=18361\">Prise en charge des veuves, orphelins et bless\u00e9s de guerre : Le ministre de la s\u00e9curit\u00e9 encourage l\u2019ASVOVIG<\/a><\/p>\n<\/blockquote>\n","protected":false},"excerpt":{"rendered":"<p>L\u2019Agence de soutien aux veuves, orphelins et victimes de guerre (ASVOVIG) organise du 11 au 13 mars 2025 \u00e0 Ouagadougou, une conf\u00e9rence nationale sur le th\u00e8me : \u00ab reconstruction psychosociale et autonomisation des veuves et orphelins des forces combattantes : \u00e9tat des lieux et perspectives \u00bb.\u00a0Elle est plac\u00e9e sous le tr\u00e8s-haut patronage du Pr\u00e9sident du Faso, le Capitaine Ibrahim Traor\u00e9.\u00a0<\/p>\n","protected":false},"author":5,"featured_media":19397,"comment_status":"open","ping_status":"open","sticky":false,"template":"","format":"standard","meta":{"footnotes":""},"categories":[13,1,8],"tags":[797,39,798,796],"class_list":["post-19395","post","type-post","status-publish","format-standard","has-post-thumbnail","hentry","category-une","category-actu","category-societe","tag-lagence-de-soutien-aux-veuves","tag-latribunedufaso-net","tag-orphelins-et-victimes-de-guerre-asvovig","tag-prise-en-charge-des-veuves-et-orphelins-des-forces-combattantes"],"yoast_head":"<!-- This site is optimized with the Yoast SEO plugin v27.5 - https:\/\/yoast.com\/product\/yoast-seo-wordpress\/ -->\n<title>Conf\u00e9rence nationale sur la prise en charge des veuves et orphelins des forces combattantes : D\u00e9gager de meilleures solutions pour construire un mod\u00e8le de r\u00e9silience - La Tribune du Faso<\/title>\n<meta name=\"robots\" content=\"index, follow, max-snippet:-1, max-image-preview:large, max-video-preview:-1\" \/>\n<link rel=\"canonical\" href=\"https:\/\/www.latribunedufaso.net\/?p=19395\" \/>\n<meta property=\"og:locale\" content=\"fr_FR\" \/>\n<meta property=\"og:type\" content=\"article\" \/>\n<meta property=\"og:title\" content=\"Conf\u00e9rence nationale sur la prise en charge des veuves et orphelins des forces combattantes : D\u00e9gager de meilleures solutions pour construire un mod\u00e8le de r\u00e9silience - La Tribune du Faso\" \/>\n<meta property=\"og:description\" content=\"L\u2019Agence de soutien aux veuves, orphelins et victimes de guerre (ASVOVIG) organise du 11 au 13 mars 2025 \u00e0 Ouagadougou, une conf\u00e9rence nationale sur le th\u00e8me : \u00ab reconstruction psychosociale et autonomisation des veuves et orphelins des forces combattantes : \u00e9tat des lieux et perspectives \u00bb.\u00a0Elle est plac\u00e9e sous le tr\u00e8s-haut patronage du Pr\u00e9sident du Faso, le Capitaine Ibrahim Traor\u00e9.\u00a0\" \/>\n<meta property=\"og:url\" content=\"https:\/\/www.latribunedufaso.net\/?p=19395\" \/>\n<meta property=\"og:site_name\" content=\"La Tribune du Faso\" \/>\n<meta property=\"article:publisher\" content=\"https:\/\/www.facebook.com\/LatribuneduFaso\/\" \/>\n<meta property=\"article:published_time\" content=\"2025-03-12T13:43:10+00:00\" \/>\n<meta property=\"og:image\" content=\"https:\/\/www.latribunedufaso.net\/wp-content\/uploads\/2025\/03\/IMG-20250312-WA0036.jpg\" \/>\n\t<meta property=\"og:image:width\" content=\"1600\" \/>\n\t<meta property=\"og:image:height\" content=\"1067\" \/>\n\t<meta property=\"og:image:type\" content=\"image\/jpeg\" \/>\n<meta name=\"author\" content=\"Issouf Tapsoba\" \/>\n<meta name=\"twitter:label1\" content=\"\u00c9crit par\" \/>\n\t<meta name=\"twitter:data1\" content=\"Issouf Tapsoba\" \/>\n\t<meta name=\"twitter:label2\" content=\"Dur\u00e9e de lecture estim\u00e9e\" \/>\n\t<meta name=\"twitter:data2\" content=\"2 minutes\" \/>\n<script type=\"application\/ld+json\" class=\"yoast-schema-graph\">{\"@context\":\"https:\\\/\\\/schema.org\",\"@graph\":[{\"@type\":\"Article\",\"@id\":\"https:\\\/\\\/www.latribunedufaso.net\\\/?p=19395#article\",\"isPartOf\":{\"@id\":\"https:\\\/\\\/www.latribunedufaso.net\\\/?p=19395\"},\"author\":{\"name\":\"Issouf Tapsoba\",\"@id\":\"https:\\\/\\\/www.latribunedufaso.net\\\/#\\\/schema\\\/person\\\/e54e64c5778a7e72cf80a318b7a622b0\"},\"headline\":\"Conf\u00e9rence nationale sur la prise en charge des veuves et orphelins des forces combattantes : D\u00e9gager de meilleures solutions pour construire un mod\u00e8le de r\u00e9silience\",\"datePublished\":\"2025-03-12T13:43:10+00:00\",\"mainEntityOfPage\":{\"@id\":\"https:\\\/\\\/www.latribunedufaso.net\\\/?p=19395\"},\"wordCount\":467,\"commentCount\":0,\"publisher\":{\"@id\":\"https:\\\/\\\/www.latribunedufaso.net\\\/#organization\"},\"image\":{\"@id\":\"https:\\\/\\\/www.latribunedufaso.net\\\/?p=19395#primaryimage\"},\"thumbnailUrl\":\"https:\\\/\\\/www.latribunedufaso.net\\\/wp-content\\\/uploads\\\/2025\\\/03\\\/IMG-20250312-WA0036.jpg\",\"keywords\":[\"L\u2019Agence de soutien aux veuves\",\"latribunedufaso.net\",\"orphelins et victimes de guerre (ASVOVIG)\",\"Prise en charge des veuves et orphelins des forces combattantes\"],\"articleSection\":[\"A la une\",\"Actualit\u00e9\",\"Soci\u00e9t\u00e9\"],\"inLanguage\":\"fr-FR\",\"potentialAction\":[{\"@type\":\"CommentAction\",\"name\":\"Comment\",\"target\":[\"https:\\\/\\\/www.latribunedufaso.net\\\/?p=19395#respond\"]}]},{\"@type\":\"WebPage\",\"@id\":\"https:\\\/\\\/www.latribunedufaso.net\\\/?p=19395\",\"url\":\"https:\\\/\\\/www.latribunedufaso.net\\\/?p=19395\",\"name\":\"Conf\u00e9rence nationale sur la prise en charge des veuves et orphelins des forces combattantes : D\u00e9gager de meilleures solutions pour construire un mod\u00e8le de r\u00e9silience - La Tribune du Faso\",\"isPartOf\":{\"@id\":\"https:\\\/\\\/www.latribunedufaso.net\\\/#website\"},\"primaryImageOfPage\":{\"@id\":\"https:\\\/\\\/www.latribunedufaso.net\\\/?p=19395#primaryimage\"},\"image\":{\"@id\":\"https:\\\/\\\/www.latribunedufaso.net\\\/?p=19395#primaryimage\"},\"thumbnailUrl\":\"https:\\\/\\\/www.latribunedufaso.net\\\/wp-content\\\/uploads\\\/2025\\\/03\\\/IMG-20250312-WA0036.jpg\",\"datePublished\":\"2025-03-12T13:43:10+00:00\",\"breadcrumb\":{\"@id\":\"https:\\\/\\\/www.latribunedufaso.net\\\/?p=19395#breadcrumb\"},\"inLanguage\":\"fr-FR\",\"potentialAction\":[{\"@type\":\"ReadAction\",\"target\":[\"https:\\\/\\\/www.latribunedufaso.net\\\/?p=19395\"]}]},{\"@type\":\"ImageObject\",\"inLanguage\":\"fr-FR\",\"@id\":\"https:\\\/\\\/www.latribunedufaso.net\\\/?p=19395#primaryimage\",\"url\":\"https:\\\/\\\/www.latribunedufaso.net\\\/wp-content\\\/uploads\\\/2025\\\/03\\\/IMG-20250312-WA0036.jpg\",\"contentUrl\":\"https:\\\/\\\/www.latribunedufaso.net\\\/wp-content\\\/uploads\\\/2025\\\/03\\\/IMG-20250312-WA0036.jpg\",\"width\":1600,\"height\":1067,\"caption\":\"L\u2019Agence de soutien aux veuves, orphelins et victimes de guerre (ASVOVIG) organise du 11 au 13 mars 2025 \u00e0 Ouagadougou, une conf\u00e9rence nationale sur le th\u00e8me : \u00ab reconstruction psychosociale et autonomisation des veuves et orphelins des forces combattantes : \u00e9tat des lieux et perspectives \u00bb\"},{\"@type\":\"BreadcrumbList\",\"@id\":\"https:\\\/\\\/www.latribunedufaso.net\\\/?p=19395#breadcrumb\",\"itemListElement\":[{\"@type\":\"ListItem\",\"position\":1,\"name\":\"Accueil\",\"item\":\"https:\\\/\\\/www.latribunedufaso.net\\\/\"},{\"@type\":\"ListItem\",\"position\":2,\"name\":\"Conf\u00e9rence nationale sur la prise en charge des veuves et orphelins des forces combattantes : D\u00e9gager de meilleures solutions pour construire un mod\u00e8le de r\u00e9silience\"}]},{\"@type\":\"WebSite\",\"@id\":\"https:\\\/\\\/www.latribunedufaso.net\\\/#website\",\"url\":\"https:\\\/\\\/www.latribunedufaso.net\\\/\",\"name\":\"La Tribune du Faso\",\"description\":\"L&#039;information du monde rural en un clic\",\"publisher\":{\"@id\":\"https:\\\/\\\/www.latribunedufaso.net\\\/#organization\"},\"potentialAction\":[{\"@type\":\"SearchAction\",\"target\":{\"@type\":\"EntryPoint\",\"urlTemplate\":\"https:\\\/\\\/www.latribunedufaso.net\\\/?s={search_term_string}\"},\"query-input\":{\"@type\":\"PropertyValueSpecification\",\"valueRequired\":true,\"valueName\":\"search_term_string\"}}],\"inLanguage\":\"fr-FR\"},{\"@type\":\"Organization\",\"@id\":\"https:\\\/\\\/www.latribunedufaso.net\\\/#organization\",\"name\":\"La Tribune du Faso\",\"url\":\"https:\\\/\\\/www.latribunedufaso.net\\\/\",\"logo\":{\"@type\":\"ImageObject\",\"inLanguage\":\"fr-FR\",\"@id\":\"https:\\\/\\\/www.latribunedufaso.net\\\/#\\\/schema\\\/logo\\\/image\\\/\",\"url\":\"https:\\\/\\\/www.latribunedufaso.net\\\/wp-content\\\/uploads\\\/2020\\\/08\\\/Logo-Tribune-du-Faso-final-scaled.jpg\",\"contentUrl\":\"https:\\\/\\\/www.latribunedufaso.net\\\/wp-content\\\/uploads\\\/2020\\\/08\\\/Logo-Tribune-du-Faso-final-scaled.jpg\",\"width\":2560,\"height\":1856,\"caption\":\"La Tribune du Faso\"},\"image\":{\"@id\":\"https:\\\/\\\/www.latribunedufaso.net\\\/#\\\/schema\\\/logo\\\/image\\\/\"},\"sameAs\":[\"https:\\\/\\\/www.facebook.com\\\/LatribuneduFaso\\\/\"]},{\"@type\":\"Person\",\"@id\":\"https:\\\/\\\/www.latribunedufaso.net\\\/#\\\/schema\\\/person\\\/e54e64c5778a7e72cf80a318b7a622b0\",\"name\":\"Issouf Tapsoba\",\"image\":{\"@type\":\"ImageObject\",\"inLanguage\":\"fr-FR\",\"@id\":\"https:\\\/\\\/secure.gravatar.com\\\/avatar\\\/5e6c05150ce3230247d167f5b94d678eb05936197436d69b7921e3a95c9107ac?s=96&d=mm&r=g\",\"url\":\"https:\\\/\\\/secure.gravatar.com\\\/avatar\\\/5e6c05150ce3230247d167f5b94d678eb05936197436d69b7921e3a95c9107ac?s=96&d=mm&r=g\",\"contentUrl\":\"https:\\\/\\\/secure.gravatar.com\\\/avatar\\\/5e6c05150ce3230247d167f5b94d678eb05936197436d69b7921e3a95c9107ac?s=96&d=mm&r=g\",\"caption\":\"Issouf Tapsoba\"},\"url\":\"https:\\\/\\\/www.latribunedufaso.net\\\/?author=5\"}]}<\/script>\n<!-- \/ Yoast SEO plugin. -->","yoast_head_json":{"title":"Conf\u00e9rence nationale sur la prise en charge des veuves et orphelins des forces combattantes : D\u00e9gager de meilleures solutions pour construire un mod\u00e8le de r\u00e9silience - La Tribune du Faso","robots":{"index":"index","follow":"follow","max-snippet":"max-snippet:-1","max-image-preview":"max-image-preview:large","max-video-preview":"max-video-preview:-1"},"canonical":"https:\/\/www.latribunedufaso.net\/?p=19395","og_locale":"fr_FR","og_type":"article","og_title":"Conf\u00e9rence nationale sur la prise en charge des veuves et orphelins des forces combattantes : D\u00e9gager de meilleures solutions pour construire un mod\u00e8le de r\u00e9silience - La Tribune du Faso","og_description":"L\u2019Agence de soutien aux veuves, orphelins et victimes de guerre (ASVOVIG) organise du 11 au 13 mars 2025 \u00e0 Ouagadougou, une conf\u00e9rence nationale sur le th\u00e8me : \u00ab reconstruction psychosociale et autonomisation des veuves et orphelins des forces combattantes : \u00e9tat des lieux et perspectives \u00bb.\u00a0Elle est plac\u00e9e sous le tr\u00e8s-haut patronage du Pr\u00e9sident du Faso, le Capitaine Ibrahim Traor\u00e9.\u00a0","og_url":"https:\/\/www.latribunedufaso.net\/?p=19395","og_site_name":"La Tribune du Faso","article_publisher":"https:\/\/www.facebook.com\/LatribuneduFaso\/","article_published_time":"2025-03-12T13:43:10+00:00","og_image":[{"width":1600,"height":1067,"url":"https:\/\/www.latribunedufaso.net\/wp-content\/uploads\/2025\/03\/IMG-20250312-WA0036.jpg","type":"image\/jpeg"}],"author":"Issouf Tapsoba","twitter_misc":{"\u00c9crit par":"Issouf Tapsoba","Dur\u00e9e de lecture estim\u00e9e":"2 minutes"},"schema":{"@context":"https:\/\/schema.org","@graph":[{"@type":"Article","@id":"https:\/\/www.latribunedufaso.net\/?p=19395#article","isPartOf":{"@id":"https:\/\/www.latribunedufaso.net\/?p=19395"},"author":{"name":"Issouf Tapsoba","@id":"https:\/\/www.latribunedufaso.net\/#\/schema\/person\/e54e64c5778a7e72cf80a318b7a622b0"},"headline":"Conf\u00e9rence nationale sur la prise en charge des veuves et orphelins des forces combattantes : D\u00e9gager de meilleures solutions pour construire un mod\u00e8le de r\u00e9silience","datePublished":"2025-03-12T13:43:10+00:00","mainEntityOfPage":{"@id":"https:\/\/www.latribunedufaso.net\/?p=19395"},"wordCount":467,"commentCount":0,"publisher":{"@id":"https:\/\/www.latribunedufaso.net\/#organization"},"image":{"@id":"https:\/\/www.latribunedufaso.net\/?p=19395#primaryimage"},"thumbnailUrl":"https:\/\/www.latribunedufaso.net\/wp-content\/uploads\/2025\/03\/IMG-20250312-WA0036.jpg","keywords":["L\u2019Agence de soutien aux veuves","latribunedufaso.net","orphelins et victimes de guerre (ASVOVIG)","Prise en charge des veuves et orphelins des forces combattantes"],"articleSection":["A la une","Actualit\u00e9","Soci\u00e9t\u00e9"],"inLanguage":"fr-FR","potentialAction":[{"@type":"CommentAction","name":"Comment","target":["https:\/\/www.latribunedufaso.net\/?p=19395#respond"]}]},{"@type":"WebPage","@id":"https:\/\/www.latribunedufaso.net\/?p=19395","url":"https:\/\/www.latribunedufaso.net\/?p=19395","name":"Conf\u00e9rence nationale sur la prise en charge des veuves et orphelins des forces combattantes : D\u00e9gager de meilleures solutions pour construire un mod\u00e8le de r\u00e9silience - La Tribune du Faso","isPartOf":{"@id":"https:\/\/www.latribunedufaso.net\/#website"},"primaryImageOfPage":{"@id":"https:\/\/www.latribunedufaso.net\/?p=19395#primaryimage"},"image":{"@id":"https:\/\/www.latribunedufaso.net\/?p=19395#primaryimage"},"thumbnailUrl":"https:\/\/www.latribunedufaso.net\/wp-content\/uploads\/2025\/03\/IMG-20250312-WA0036.jpg","datePublished":"2025-03-12T13:43:10+00:00","breadcrumb":{"@id":"https:\/\/www.latribunedufaso.net\/?p=19395#breadcrumb"},"inLanguage":"fr-FR","potentialAction":[{"@type":"ReadAction","target":["https:\/\/www.latribunedufaso.net\/?p=19395"]}]},{"@type":"ImageObject","inLanguage":"fr-FR","@id":"https:\/\/www.latribunedufaso.net\/?p=19395#primaryimage","url":"https:\/\/www.latribunedufaso.net\/wp-content\/uploads\/2025\/03\/IMG-20250312-WA0036.jpg","contentUrl":"https:\/\/www.latribunedufaso.net\/wp-content\/uploads\/2025\/03\/IMG-20250312-WA0036.jpg","width":1600,"height":1067,"caption":"L\u2019Agence de soutien aux veuves, orphelins et victimes de guerre (ASVOVIG) organise du 11 au 13 mars 2025 \u00e0 Ouagadougou, une conf\u00e9rence nationale sur le th\u00e8me : \u00ab reconstruction psychosociale et autonomisation des veuves et orphelins des forces combattantes : \u00e9tat des lieux et perspectives \u00bb"},{"@type":"BreadcrumbList","@id":"https:\/\/www.latribunedufaso.net\/?p=19395#breadcrumb","itemListElement":[{"@type":"ListItem","position":1,"name":"Accueil","item":"https:\/\/www.latribunedufaso.net\/"},{"@type":"ListItem","position":2,"name":"Conf\u00e9rence nationale sur la prise en charge des veuves et orphelins des forces combattantes : D\u00e9gager de meilleures solutions pour construire un mod\u00e8le de r\u00e9silience"}]},{"@type":"WebSite","@id":"https:\/\/www.latribunedufaso.net\/#website","url":"https:\/\/www.latribunedufaso.net\/","name":"La Tribune du Faso","description":"L&#039;information du monde rural en un clic","publisher":{"@id":"https:\/\/www.latribunedufaso.net\/#organization"},"potentialAction":[{"@type":"SearchAction","target":{"@type":"EntryPoint","urlTemplate":"https:\/\/www.latribunedufaso.net\/?s={search_term_string}"},"query-input":{"@type":"PropertyValueSpecification","valueRequired":true,"valueName":"search_term_string"}}],"inLanguage":"fr-FR"},{"@type":"Organization","@id":"https:\/\/www.latribunedufaso.net\/#organization","name":"La Tribune du Faso","url":"https:\/\/www.latribunedufaso.net\/","logo":{"@type":"ImageObject","inLanguage":"fr-FR","@id":"https:\/\/www.latribunedufaso.net\/#\/schema\/logo\/image\/","url":"https:\/\/www.latribunedufaso.net\/wp-content\/uploads\/2020\/08\/Logo-Tribune-du-Faso-final-scaled.jpg","contentUrl":"https:\/\/www.latribunedufaso.net\/wp-content\/uploads\/2020\/08\/Logo-Tribune-du-Faso-final-scaled.jpg","width":2560,"height":1856,"caption":"La Tribune du Faso"},"image":{"@id":"https:\/\/www.latribunedufaso.net\/#\/schema\/logo\/image\/"},"sameAs":["https:\/\/www.facebook.com\/LatribuneduFaso\/"]},{"@type":"Person","@id":"https:\/\/www.latribunedufaso.net\/#\/schema\/person\/e54e64c5778a7e72cf80a318b7a622b0","name":"Issouf Tapsoba","image":{"@type":"ImageObject","inLanguage":"fr-FR","@id":"https:\/\/secure.gravatar.com\/avatar\/5e6c05150ce3230247d167f5b94d678eb05936197436d69b7921e3a95c9107ac?s=96&d=mm&r=g","url":"https:\/\/secure.gravatar.com\/avatar\/5e6c05150ce3230247d167f5b94d678eb05936197436d69b7921e3a95c9107ac?s=96&d=mm&r=g","contentUrl":"https:\/\/secure.gravatar.com\/avatar\/5e6c05150ce3230247d167f5b94d678eb05936197436d69b7921e3a95c9107ac?s=96&d=mm&r=g","caption":"Issouf Tapsoba"},"url":"https:\/\/www.latribunedufaso.net\/?author=5"}]}},"_links":{"self":[{"href":"https:\/\/www.latribunedufaso.net\/index.php?rest_route=\/wp\/v2\/posts\/19395","targetHints":{"allow":["GET"]}}],"collection":[{"href":"https:\/\/www.latribunedufaso.net\/index.php?rest_route=\/wp\/v2\/posts"}],"about":[{"href":"https:\/\/www.latribunedufaso.net\/index.php?rest_route=\/wp\/v2\/types\/post"}],"author":[{"embeddable":true,"href":"https:\/\/www.latribunedufaso.net\/index.php?rest_route=\/wp\/v2\/users\/5"}],"replies":[{"embeddable":true,"href":"https:\/\/www.latribunedufaso.net\/index.php?rest_route=%2Fwp%2Fv2%2Fcomments&post=19395"}],"version-history":[{"count":1,"href":"https:\/\/www.latribunedufaso.net\/index.php?rest_route=\/wp\/v2\/posts\/19395\/revisions"}],"predecessor-version":[{"id":19400,"href":"https:\/\/www.latribunedufaso.net\/index.php?rest_route=\/wp\/v2\/posts\/19395\/revisions\/19400"}],"wp:featuredmedia":[{"embeddable":true,"href":"https:\/\/www.latribunedufaso.net\/index.php?rest_route=\/wp\/v2\/media\/19397"}],"wp:attachment":[{"href":"https:\/\/www.latribunedufaso.net\/index.php?rest_route=%2Fwp%2Fv2%2Fmedia&parent=19395"}],"wp:term":[{"taxonomy":"category","embeddable":true,"href":"https:\/\/www.latribunedufaso.net\/index.php?rest_route=%2Fwp%2Fv2%2Fcategories&post=19395"},{"taxonomy":"post_tag","embeddable":true,"href":"https:\/\/www.latribunedufaso.net\/index.php?rest_route=%2Fwp%2Fv2%2Ftags&post=19395"}],"curies":[{"name":"wp","href":"https:\/\/api.w.org\/{rel}","templated":true}]}}