{"id":19341,"date":"2025-03-10T18:08:30","date_gmt":"2025-03-10T18:08:30","guid":{"rendered":"https:\/\/www.latribunedufaso.net\/?p=19341"},"modified":"2025-03-11T11:32:32","modified_gmt":"2025-03-11T11:32:32","slug":"cadre-sectoriel-de-dialogue-gouvernances-administrative-et-locale-un-taux-dexecution-physique-des-activites-de-7538-enregistre-au-31-decembre-2024","status":"publish","type":"post","link":"https:\/\/www.latribunedufaso.net\/?p=19341","title":{"rendered":"Cadre sectoriel de dialogue \u00ab Gouvernances administrative et locale \u00bb : Un taux d\u2019ex\u00e9cution physique des activit\u00e9s de 75,38% enregistr\u00e9 au 31 d\u00e9cembre 2024"},"content":{"rendered":"<p><strong><span style=\"font-size: 1.0625rem;\">L\u2019analyse de la performance au 31 d\u00e9cembre 2024 du Cadre sectoriel de dialogue \u00ab Gouvernances administrative et locale \u00bb (CSD\/GAL) fait ressortir un taux de r\u00e9alisation physique de 75,38% pour un taux de r\u00e9alisation financi\u00e8re de 86,15%. C\u2019est ce qu\u2019a fait savoir le ministre en charge de la Fonction publique, Mathias Traor\u00e9, lors de la revue annuelle 2025 du Cadre sectoriel, le 10 mars 2025 \u00e0 Ouagadougou.<\/span><\/strong><!--more--><\/p>\n<p>Le minist\u00e8re de la Fonction publique, du Travail et de la Protection sociale (MFPTPS) a organis\u00e9 la revue annuelle 2025 du Cadre sectoriel de dialogue \u00ab Gouvernances administrative et locale \u00bb (CSD\/GAL), le 10 mars 2025 \u00e0 Ouagadougou. La c\u00e9r\u00e9monie d\u2019ouverture a \u00e9t\u00e9 pr\u00e9sid\u00e9e par le ministre en charge de la Fonction publique, Mathias Traor\u00e9.<\/p>\n<p>Le CSD\/GAL a pour mission d\u2019assurer la coordination et le suivi-\u00e9valuation de la mise en \u0153uvre de la Politique nationale de d\u00e9veloppement (PND), \u00e0 travers la Politique sectorielle Gouvernances administrative et locale (PS-GAL). Il regroupe 05 minist\u00e8res que sont, le minist\u00e8re en charge de la Fonction Publique et celui en charge de l\u2019Administration Territoriale, le minist\u00e8re en charge de l\u2019Economie et celui de de la Communication et enfin le minist\u00e8re en charge des Affaires Etrang\u00e8res. Il regroupe, par ailleurs, d\u2019autres acteurs que sont les partenaires techniques et financiers (PTF) les collectivit\u00e9s territoriales, les organisations de la soci\u00e9t\u00e9 civile (OSC), le secteur priv\u00e9 et les partenaires sociaux.\u00a0<\/p>\n<figure id=\"attachment_19344\" aria-describedby=\"caption-attachment-19344\" style=\"width: 2560px\" class=\"wp-caption aligncenter\"><a href=\"https:\/\/www.latribunedufaso.net\/wp-content\/uploads\/2025\/03\/IMG-20250311-WA0012.jpg\"><img loading=\"lazy\" decoding=\"async\" class=\"size-full wp-image-19344\" src=\"https:\/\/www.latribunedufaso.net\/wp-content\/uploads\/2025\/03\/IMG-20250311-WA0012.jpg\" alt=\"La revue annuelle 2025 du Cadre sectoriel de dialogue \u00ab Gouvernances administrative et locale \u00bb (CSD\/GAL), 10 mars 2025\" width=\"2560\" height=\"2464\" srcset=\"https:\/\/www.latribunedufaso.net\/wp-content\/uploads\/2025\/03\/IMG-20250311-WA0012.jpg 2560w, https:\/\/www.latribunedufaso.net\/wp-content\/uploads\/2025\/03\/IMG-20250311-WA0012-300x289.jpg 300w, https:\/\/www.latribunedufaso.net\/wp-content\/uploads\/2025\/03\/IMG-20250311-WA0012-1024x986.jpg 1024w, https:\/\/www.latribunedufaso.net\/wp-content\/uploads\/2025\/03\/IMG-20250311-WA0012-768x739.jpg 768w, https:\/\/www.latribunedufaso.net\/wp-content\/uploads\/2025\/03\/IMG-20250311-WA0012-1536x1478.jpg 1536w, https:\/\/www.latribunedufaso.net\/wp-content\/uploads\/2025\/03\/IMG-20250311-WA0012-2048x1971.jpg 2048w\" sizes=\"auto, (max-width: 2560px) 100vw, 2560px\" \/><\/a><figcaption id=\"caption-attachment-19344\" class=\"wp-caption-text\">Le ministre en charge de la Fonction publique, Mathias Traor\u00e9 &#8211; Ph. A. Kiendrebeogo<\/figcaption><\/figure>\n<p>Selon le ministre Mathias Traor\u00e9, la pr\u00e9sente revue annuelle consiste \u00e0 examiner et adopter le rapport sectoriel de performance 2024 du secteur et du Plan d\u2019action pour la stabilisation et le d\u00e9veloppement (PA-SD) sur la p\u00e9riode de 2025 \u00e0 2027 actualis\u00e9.<em><strong> \u00ab Elle sera l\u2019occasion, d\u2019examiner et de valider le rapport contributif de notre secteur \u00e0 l\u2019\u00e9laboration du nouveau r\u00e9f\u00e9rentiel national de d\u00e9veloppement (RND) en cours d\u2019\u00e9laboration \u00bb<\/strong><\/em>, ajout\u00e9 le ministre.<\/p>\n<p>A l&rsquo;entendre, l\u2019analyse de la performance des actions du secteur au 31 d\u00e9cembre 2024 fait ressortir un taux de r\u00e9alisation physique de 75,38% pour un taux de r\u00e9alisation financi\u00e8re de 86,15%. Les diff\u00e9rentes acquis engrang\u00e9s sont, entre autres, l\u2019adoption d\u2019un document unique pour l\u2019\u00e9valuation des performances des collectivit\u00e9s territoriales, l\u2019adoption par un atelier national d\u2019un projet de r\u00e9f\u00e9rentiel qualit\u00e9 propre \u00e0 l\u2019Administration publique et l\u2019organisation dans plusieurs r\u00e9gions du pays d\u2019une campagne de vulgarisation de la loi n\u00b0002-2023\/ALT portant renforcement de la neutralit\u00e9 politique et de la m\u00e9ritocratie dans l\u2019Administration publique.<\/p>\n<figure id=\"attachment_19345\" aria-describedby=\"caption-attachment-19345\" style=\"width: 2560px\" class=\"wp-caption aligncenter\"><a href=\"https:\/\/www.latribunedufaso.net\/wp-content\/uploads\/2025\/03\/IMG-20250311-WA0022.jpg\"><img loading=\"lazy\" decoding=\"async\" class=\"size-full wp-image-19345\" src=\"https:\/\/www.latribunedufaso.net\/wp-content\/uploads\/2025\/03\/IMG-20250311-WA0022.jpg\" alt=\"La revue annuelle 2025 du Cadre sectoriel de dialogue \u00ab Gouvernances administrative et locale \u00bb (CSD\/GAL), 10 mars 2025\" width=\"2560\" height=\"1927\" srcset=\"https:\/\/www.latribunedufaso.net\/wp-content\/uploads\/2025\/03\/IMG-20250311-WA0022.jpg 2560w, https:\/\/www.latribunedufaso.net\/wp-content\/uploads\/2025\/03\/IMG-20250311-WA0022-300x226.jpg 300w, https:\/\/www.latribunedufaso.net\/wp-content\/uploads\/2025\/03\/IMG-20250311-WA0022-1024x771.jpg 1024w, https:\/\/www.latribunedufaso.net\/wp-content\/uploads\/2025\/03\/IMG-20250311-WA0022-768x578.jpg 768w, https:\/\/www.latribunedufaso.net\/wp-content\/uploads\/2025\/03\/IMG-20250311-WA0022-1536x1156.jpg 1536w, https:\/\/www.latribunedufaso.net\/wp-content\/uploads\/2025\/03\/IMG-20250311-WA0022-2048x1542.jpg 2048w\" sizes=\"auto, (max-width: 2560px) 100vw, 2560px\" \/><\/a><figcaption id=\"caption-attachment-19345\" class=\"wp-caption-text\">Une vue des participants \u00e0 la rencontre &#8211; Ph. A. Kiendrebeogo<\/figcaption><\/figure>\n<p>Il y a \u00e9galement la promotion de la communication gouvernementale avec la diffusion de communiqu\u00e9s de presse, de films documentaires sur les actions de d\u00e9veloppement ainsi que des conf\u00e9rences de sensibilisation sur l\u2019extr\u00e9misme violent.<\/p>\n<p>Dans son allocution, le ministre a f\u00e9licit\u00e9 l\u2019ensemble des acteurs du secteur, pour cette performance<em><strong> \u00ab fort appr\u00e9ciable \u00bb<\/strong><\/em>. Il a d\u2019autant f\u00e9licit\u00e9 et remerci\u00e9 les PTF, dont la contribution repr\u00e9sente 15,02% des d\u00e9penses du secteur.<\/p>\n<p>Par ailleurs, Mathias Traor\u00e9 a exhort\u00e9 les participants \u00e0 examiner les projets de documents soumis \u00e0 leur appr\u00e9ciation avec rigueur, objectivit\u00e9 et pragmatisme de sorte qu\u2019\u00e0 la fin des travaux, ils puissent disposer de documents de qualit\u00e9, consensuels et susceptibles de contribuer \u00e0 la performance du secteur, <em><strong>\u00ab voire au renforcement des actions de d\u00e9veloppement du pays \u00bb.<\/strong><\/em><\/p>\n<figure id=\"attachment_19343\" aria-describedby=\"caption-attachment-19343\" style=\"width: 2560px\" class=\"wp-caption aligncenter\"><a href=\"https:\/\/www.latribunedufaso.net\/wp-content\/uploads\/2025\/03\/IMG-20250311-WA0014.jpg\"><img loading=\"lazy\" decoding=\"async\" class=\"size-full wp-image-19343\" src=\"https:\/\/www.latribunedufaso.net\/wp-content\/uploads\/2025\/03\/IMG-20250311-WA0014.jpg\" alt=\"La revue annuelle 2025 du Cadre sectoriel de dialogue \u00ab Gouvernances administrative et locale \u00bb (CSD\/GAL), 10 mars 2025\" width=\"2560\" height=\"2474\" srcset=\"https:\/\/www.latribunedufaso.net\/wp-content\/uploads\/2025\/03\/IMG-20250311-WA0014.jpg 2560w, https:\/\/www.latribunedufaso.net\/wp-content\/uploads\/2025\/03\/IMG-20250311-WA0014-300x290.jpg 300w, https:\/\/www.latribunedufaso.net\/wp-content\/uploads\/2025\/03\/IMG-20250311-WA0014-1024x990.jpg 1024w, https:\/\/www.latribunedufaso.net\/wp-content\/uploads\/2025\/03\/IMG-20250311-WA0014-768x742.jpg 768w, https:\/\/www.latribunedufaso.net\/wp-content\/uploads\/2025\/03\/IMG-20250311-WA0014-1536x1484.jpg 1536w, https:\/\/www.latribunedufaso.net\/wp-content\/uploads\/2025\/03\/IMG-20250311-WA0014-2048x1979.jpg 2048w\" sizes=\"auto, (max-width: 2560px) 100vw, 2560px\" \/><\/a><figcaption id=\"caption-attachment-19343\" class=\"wp-caption-text\">Eloi Kouadio IV du Programme des Nations Unies pour le d\u00e9veloppement (PNUD), Chef de file des PTF &#8211; Ph. A. Kiendrebeogo<\/figcaption><\/figure>\n<p>En prenant la parole, les PTF ont r\u00e9affirm\u00e9 leur engagement \u00e0 accompagner le Gouvernement <em><strong>\u00ab dans la poursuite de collaboration afin de surmonter ensemble, les nombreux d\u00e9fis et contribuer \u00e0 l\u2019atteinte des objectifs du Plan d\u2019action pour la stabilit\u00e9 et le d\u00e9veloppement du Secteur gouvernances administrative et locale \u00bb,<\/strong><\/em> a signifi\u00e9 Eloi Kouadio IV du Programme des Nations Unies pour le d\u00e9veloppement (PNUD), Chef de file des PTF.<\/p>\n<blockquote>\n<p>Lire aussi &gt;&gt; <a href=\"https:\/\/www.latribunedufaso.net\/?p=11971\">Cadre Sectoriel de Dialogue \u00ab Gouvernances administrative et locale \u00bb 2024 : Environ 70% des r\u00e9sultats du rapport 2023 de performance atteints<\/a><\/p>\n<\/blockquote>\n<p>Et des d\u00e9fis \u00e0 relever, Eloi Kouadio note la mise en place et l\u2019op\u00e9rationnalisation des Comit\u00e9s de veille et de d\u00e9veloppement (COVED), la mise en \u0153uvre optimale des projets et programmes d\u00e9centralis\u00e9s, pour r\u00e9pondre \u00e0 l\u2019accroissement et \u00e0 la qualit\u00e9 de l\u2019offre de services de base, au profit des populations et la capitalisation de leurs diff\u00e9rentes interventions, la lutte contre la corruption, le renforcement de la d\u00e9mocratie et la gouvernance locale, entre autres.<\/p>\n<p><strong>Rosana Astride KIENDREBEOGO\u00a0<\/strong><\/p>\n<p><strong>latribunedufaso.net<\/strong><\/p>\n","protected":false},"excerpt":{"rendered":"<p>L\u2019analyse de la performance au 31 d\u00e9cembre 2024 du Cadre sectoriel de dialogue \u00ab Gouvernances administrative et locale \u00bb (CSD\/GAL) fait ressortir un taux de r\u00e9alisation physique de 75,38% pour un taux de r\u00e9alisation financi\u00e8re de 86,15%. C\u2019est ce qu\u2019a fait savoir le ministre en charge de la Fonction publique, Mathias Traor\u00e9, lors de la revue annuelle 2025 du Cadre sectoriel, le 10 mars 2025 \u00e0 Ouagadougou.<\/p>\n","protected":false},"author":5,"featured_media":19346,"comment_status":"open","ping_status":"open","sticky":false,"template":"","format":"standard","meta":{"footnotes":""},"categories":[13,1,8],"tags":[786,39],"class_list":["post-19341","post","type-post","status-publish","format-standard","has-post-thumbnail","hentry","category-une","category-actu","category-societe","tag-cadre-sectoriel-de-dialogue-gouvernances-administrative-et-locale-csd-gal","tag-latribunedufaso-net"],"yoast_head":"<!-- This site is optimized with the Yoast SEO plugin v27.5 - https:\/\/yoast.com\/product\/yoast-seo-wordpress\/ -->\n<title>Cadre sectoriel de dialogue \u00ab Gouvernances administrative et locale \u00bb : Un taux d\u2019ex\u00e9cution physique des activit\u00e9s de 75,38% enregistr\u00e9 au 31 d\u00e9cembre 2024 - La Tribune du Faso<\/title>\n<meta name=\"robots\" content=\"index, follow, max-snippet:-1, max-image-preview:large, max-video-preview:-1\" \/>\n<link rel=\"canonical\" href=\"https:\/\/www.latribunedufaso.net\/?p=19341\" \/>\n<meta property=\"og:locale\" content=\"fr_FR\" \/>\n<meta property=\"og:type\" content=\"article\" \/>\n<meta property=\"og:title\" content=\"Cadre sectoriel de dialogue \u00ab Gouvernances administrative et locale \u00bb : Un taux d\u2019ex\u00e9cution physique des activit\u00e9s de 75,38% enregistr\u00e9 au 31 d\u00e9cembre 2024 - La Tribune du Faso\" \/>\n<meta property=\"og:description\" content=\"L\u2019analyse de la performance au 31 d\u00e9cembre 2024 du Cadre sectoriel de dialogue \u00ab Gouvernances administrative et locale \u00bb (CSD\/GAL) fait ressortir un taux de r\u00e9alisation physique de 75,38% pour un taux de r\u00e9alisation financi\u00e8re de 86,15%. C\u2019est ce qu\u2019a fait savoir le ministre en charge de la Fonction publique, Mathias Traor\u00e9, lors de la revue annuelle 2025 du Cadre sectoriel, le 10 mars 2025 \u00e0 Ouagadougou.\" \/>\n<meta property=\"og:url\" content=\"https:\/\/www.latribunedufaso.net\/?p=19341\" \/>\n<meta property=\"og:site_name\" content=\"La Tribune du Faso\" \/>\n<meta property=\"article:publisher\" content=\"https:\/\/www.facebook.com\/LatribuneduFaso\/\" \/>\n<meta property=\"article:published_time\" content=\"2025-03-10T18:08:30+00:00\" \/>\n<meta property=\"article:modified_time\" content=\"2025-03-11T11:32:32+00:00\" \/>\n<meta property=\"og:image\" content=\"https:\/\/www.latribunedufaso.net\/wp-content\/uploads\/2025\/03\/IMG-20250311-WA0021.jpg\" \/>\n\t<meta property=\"og:image:width\" content=\"2560\" \/>\n\t<meta property=\"og:image:height\" content=\"1927\" \/>\n\t<meta property=\"og:image:type\" content=\"image\/jpeg\" \/>\n<meta name=\"author\" content=\"Issouf Tapsoba\" \/>\n<meta name=\"twitter:label1\" content=\"\u00c9crit par\" \/>\n\t<meta name=\"twitter:data1\" content=\"Issouf Tapsoba\" \/>\n\t<meta name=\"twitter:label2\" content=\"Dur\u00e9e de lecture estim\u00e9e\" \/>\n\t<meta name=\"twitter:data2\" content=\"4 minutes\" \/>\n<script type=\"application\/ld+json\" class=\"yoast-schema-graph\">{\"@context\":\"https:\\\/\\\/schema.org\",\"@graph\":[{\"@type\":\"Article\",\"@id\":\"https:\\\/\\\/www.latribunedufaso.net\\\/?p=19341#article\",\"isPartOf\":{\"@id\":\"https:\\\/\\\/www.latribunedufaso.net\\\/?p=19341\"},\"author\":{\"name\":\"Issouf Tapsoba\",\"@id\":\"https:\\\/\\\/www.latribunedufaso.net\\\/#\\\/schema\\\/person\\\/e54e64c5778a7e72cf80a318b7a622b0\"},\"headline\":\"Cadre sectoriel de dialogue \u00ab Gouvernances administrative et locale \u00bb : Un taux d\u2019ex\u00e9cution physique des activit\u00e9s de 75,38% enregistr\u00e9 au 31 d\u00e9cembre 2024\",\"datePublished\":\"2025-03-10T18:08:30+00:00\",\"dateModified\":\"2025-03-11T11:32:32+00:00\",\"mainEntityOfPage\":{\"@id\":\"https:\\\/\\\/www.latribunedufaso.net\\\/?p=19341\"},\"wordCount\":824,\"commentCount\":0,\"publisher\":{\"@id\":\"https:\\\/\\\/www.latribunedufaso.net\\\/#organization\"},\"image\":{\"@id\":\"https:\\\/\\\/www.latribunedufaso.net\\\/?p=19341#primaryimage\"},\"thumbnailUrl\":\"https:\\\/\\\/www.latribunedufaso.net\\\/wp-content\\\/uploads\\\/2025\\\/03\\\/IMG-20250311-WA0021.jpg\",\"keywords\":[\"Cadre sectoriel de dialogue \u00ab Gouvernances administrative et locale \u00bb (CSD\\\/GAL)\",\"latribunedufaso.net\"],\"articleSection\":[\"A la une\",\"Actualit\u00e9\",\"Soci\u00e9t\u00e9\"],\"inLanguage\":\"fr-FR\",\"potentialAction\":[{\"@type\":\"CommentAction\",\"name\":\"Comment\",\"target\":[\"https:\\\/\\\/www.latribunedufaso.net\\\/?p=19341#respond\"]}]},{\"@type\":\"WebPage\",\"@id\":\"https:\\\/\\\/www.latribunedufaso.net\\\/?p=19341\",\"url\":\"https:\\\/\\\/www.latribunedufaso.net\\\/?p=19341\",\"name\":\"Cadre sectoriel de dialogue \u00ab Gouvernances administrative et locale \u00bb : Un taux d\u2019ex\u00e9cution physique des activit\u00e9s de 75,38% enregistr\u00e9 au 31 d\u00e9cembre 2024 - La Tribune du Faso\",\"isPartOf\":{\"@id\":\"https:\\\/\\\/www.latribunedufaso.net\\\/#website\"},\"primaryImageOfPage\":{\"@id\":\"https:\\\/\\\/www.latribunedufaso.net\\\/?p=19341#primaryimage\"},\"image\":{\"@id\":\"https:\\\/\\\/www.latribunedufaso.net\\\/?p=19341#primaryimage\"},\"thumbnailUrl\":\"https:\\\/\\\/www.latribunedufaso.net\\\/wp-content\\\/uploads\\\/2025\\\/03\\\/IMG-20250311-WA0021.jpg\",\"datePublished\":\"2025-03-10T18:08:30+00:00\",\"dateModified\":\"2025-03-11T11:32:32+00:00\",\"breadcrumb\":{\"@id\":\"https:\\\/\\\/www.latribunedufaso.net\\\/?p=19341#breadcrumb\"},\"inLanguage\":\"fr-FR\",\"potentialAction\":[{\"@type\":\"ReadAction\",\"target\":[\"https:\\\/\\\/www.latribunedufaso.net\\\/?p=19341\"]}]},{\"@type\":\"ImageObject\",\"inLanguage\":\"fr-FR\",\"@id\":\"https:\\\/\\\/www.latribunedufaso.net\\\/?p=19341#primaryimage\",\"url\":\"https:\\\/\\\/www.latribunedufaso.net\\\/wp-content\\\/uploads\\\/2025\\\/03\\\/IMG-20250311-WA0021.jpg\",\"contentUrl\":\"https:\\\/\\\/www.latribunedufaso.net\\\/wp-content\\\/uploads\\\/2025\\\/03\\\/IMG-20250311-WA0021.jpg\",\"width\":2560,\"height\":1927,\"caption\":\"La revue annuelle 2025 du Cadre sectoriel de dialogue \u00ab Gouvernances administrative et locale \u00bb (CSD\\\/GAL), 10 mars 2025\"},{\"@type\":\"BreadcrumbList\",\"@id\":\"https:\\\/\\\/www.latribunedufaso.net\\\/?p=19341#breadcrumb\",\"itemListElement\":[{\"@type\":\"ListItem\",\"position\":1,\"name\":\"Accueil\",\"item\":\"https:\\\/\\\/www.latribunedufaso.net\\\/\"},{\"@type\":\"ListItem\",\"position\":2,\"name\":\"Cadre sectoriel de dialogue \u00ab Gouvernances administrative et locale \u00bb : Un taux d\u2019ex\u00e9cution physique des activit\u00e9s de 75,38% enregistr\u00e9 au 31 d\u00e9cembre 2024\"}]},{\"@type\":\"WebSite\",\"@id\":\"https:\\\/\\\/www.latribunedufaso.net\\\/#website\",\"url\":\"https:\\\/\\\/www.latribunedufaso.net\\\/\",\"name\":\"La Tribune du Faso\",\"description\":\"L&#039;information du monde rural en un clic\",\"publisher\":{\"@id\":\"https:\\\/\\\/www.latribunedufaso.net\\\/#organization\"},\"potentialAction\":[{\"@type\":\"SearchAction\",\"target\":{\"@type\":\"EntryPoint\",\"urlTemplate\":\"https:\\\/\\\/www.latribunedufaso.net\\\/?s={search_term_string}\"},\"query-input\":{\"@type\":\"PropertyValueSpecification\",\"valueRequired\":true,\"valueName\":\"search_term_string\"}}],\"inLanguage\":\"fr-FR\"},{\"@type\":\"Organization\",\"@id\":\"https:\\\/\\\/www.latribunedufaso.net\\\/#organization\",\"name\":\"La Tribune du Faso\",\"url\":\"https:\\\/\\\/www.latribunedufaso.net\\\/\",\"logo\":{\"@type\":\"ImageObject\",\"inLanguage\":\"fr-FR\",\"@id\":\"https:\\\/\\\/www.latribunedufaso.net\\\/#\\\/schema\\\/logo\\\/image\\\/\",\"url\":\"https:\\\/\\\/www.latribunedufaso.net\\\/wp-content\\\/uploads\\\/2020\\\/08\\\/Logo-Tribune-du-Faso-final-scaled.jpg\",\"contentUrl\":\"https:\\\/\\\/www.latribunedufaso.net\\\/wp-content\\\/uploads\\\/2020\\\/08\\\/Logo-Tribune-du-Faso-final-scaled.jpg\",\"width\":2560,\"height\":1856,\"caption\":\"La Tribune du Faso\"},\"image\":{\"@id\":\"https:\\\/\\\/www.latribunedufaso.net\\\/#\\\/schema\\\/logo\\\/image\\\/\"},\"sameAs\":[\"https:\\\/\\\/www.facebook.com\\\/LatribuneduFaso\\\/\"]},{\"@type\":\"Person\",\"@id\":\"https:\\\/\\\/www.latribunedufaso.net\\\/#\\\/schema\\\/person\\\/e54e64c5778a7e72cf80a318b7a622b0\",\"name\":\"Issouf Tapsoba\",\"image\":{\"@type\":\"ImageObject\",\"inLanguage\":\"fr-FR\",\"@id\":\"https:\\\/\\\/secure.gravatar.com\\\/avatar\\\/5e6c05150ce3230247d167f5b94d678eb05936197436d69b7921e3a95c9107ac?s=96&d=mm&r=g\",\"url\":\"https:\\\/\\\/secure.gravatar.com\\\/avatar\\\/5e6c05150ce3230247d167f5b94d678eb05936197436d69b7921e3a95c9107ac?s=96&d=mm&r=g\",\"contentUrl\":\"https:\\\/\\\/secure.gravatar.com\\\/avatar\\\/5e6c05150ce3230247d167f5b94d678eb05936197436d69b7921e3a95c9107ac?s=96&d=mm&r=g\",\"caption\":\"Issouf Tapsoba\"},\"url\":\"https:\\\/\\\/www.latribunedufaso.net\\\/?author=5\"}]}<\/script>\n<!-- \/ Yoast SEO plugin. -->","yoast_head_json":{"title":"Cadre sectoriel de dialogue \u00ab Gouvernances administrative et locale \u00bb : Un taux d\u2019ex\u00e9cution physique des activit\u00e9s de 75,38% enregistr\u00e9 au 31 d\u00e9cembre 2024 - La Tribune du Faso","robots":{"index":"index","follow":"follow","max-snippet":"max-snippet:-1","max-image-preview":"max-image-preview:large","max-video-preview":"max-video-preview:-1"},"canonical":"https:\/\/www.latribunedufaso.net\/?p=19341","og_locale":"fr_FR","og_type":"article","og_title":"Cadre sectoriel de dialogue \u00ab Gouvernances administrative et locale \u00bb : Un taux d\u2019ex\u00e9cution physique des activit\u00e9s de 75,38% enregistr\u00e9 au 31 d\u00e9cembre 2024 - La Tribune du Faso","og_description":"L\u2019analyse de la performance au 31 d\u00e9cembre 2024 du Cadre sectoriel de dialogue \u00ab Gouvernances administrative et locale \u00bb (CSD\/GAL) fait ressortir un taux de r\u00e9alisation physique de 75,38% pour un taux de r\u00e9alisation financi\u00e8re de 86,15%. C\u2019est ce qu\u2019a fait savoir le ministre en charge de la Fonction publique, Mathias Traor\u00e9, lors de la revue annuelle 2025 du Cadre sectoriel, le 10 mars 2025 \u00e0 Ouagadougou.","og_url":"https:\/\/www.latribunedufaso.net\/?p=19341","og_site_name":"La Tribune du Faso","article_publisher":"https:\/\/www.facebook.com\/LatribuneduFaso\/","article_published_time":"2025-03-10T18:08:30+00:00","article_modified_time":"2025-03-11T11:32:32+00:00","og_image":[{"width":2560,"height":1927,"url":"https:\/\/www.latribunedufaso.net\/wp-content\/uploads\/2025\/03\/IMG-20250311-WA0021.jpg","type":"image\/jpeg"}],"author":"Issouf Tapsoba","twitter_misc":{"\u00c9crit par":"Issouf Tapsoba","Dur\u00e9e de lecture estim\u00e9e":"4 minutes"},"schema":{"@context":"https:\/\/schema.org","@graph":[{"@type":"Article","@id":"https:\/\/www.latribunedufaso.net\/?p=19341#article","isPartOf":{"@id":"https:\/\/www.latribunedufaso.net\/?p=19341"},"author":{"name":"Issouf Tapsoba","@id":"https:\/\/www.latribunedufaso.net\/#\/schema\/person\/e54e64c5778a7e72cf80a318b7a622b0"},"headline":"Cadre sectoriel de dialogue \u00ab Gouvernances administrative et locale \u00bb : Un taux d\u2019ex\u00e9cution physique des activit\u00e9s de 75,38% enregistr\u00e9 au 31 d\u00e9cembre 2024","datePublished":"2025-03-10T18:08:30+00:00","dateModified":"2025-03-11T11:32:32+00:00","mainEntityOfPage":{"@id":"https:\/\/www.latribunedufaso.net\/?p=19341"},"wordCount":824,"commentCount":0,"publisher":{"@id":"https:\/\/www.latribunedufaso.net\/#organization"},"image":{"@id":"https:\/\/www.latribunedufaso.net\/?p=19341#primaryimage"},"thumbnailUrl":"https:\/\/www.latribunedufaso.net\/wp-content\/uploads\/2025\/03\/IMG-20250311-WA0021.jpg","keywords":["Cadre sectoriel de dialogue \u00ab Gouvernances administrative et locale \u00bb (CSD\/GAL)","latribunedufaso.net"],"articleSection":["A la une","Actualit\u00e9","Soci\u00e9t\u00e9"],"inLanguage":"fr-FR","potentialAction":[{"@type":"CommentAction","name":"Comment","target":["https:\/\/www.latribunedufaso.net\/?p=19341#respond"]}]},{"@type":"WebPage","@id":"https:\/\/www.latribunedufaso.net\/?p=19341","url":"https:\/\/www.latribunedufaso.net\/?p=19341","name":"Cadre sectoriel de dialogue \u00ab Gouvernances administrative et locale \u00bb : Un taux d\u2019ex\u00e9cution physique des activit\u00e9s de 75,38% enregistr\u00e9 au 31 d\u00e9cembre 2024 - La Tribune du Faso","isPartOf":{"@id":"https:\/\/www.latribunedufaso.net\/#website"},"primaryImageOfPage":{"@id":"https:\/\/www.latribunedufaso.net\/?p=19341#primaryimage"},"image":{"@id":"https:\/\/www.latribunedufaso.net\/?p=19341#primaryimage"},"thumbnailUrl":"https:\/\/www.latribunedufaso.net\/wp-content\/uploads\/2025\/03\/IMG-20250311-WA0021.jpg","datePublished":"2025-03-10T18:08:30+00:00","dateModified":"2025-03-11T11:32:32+00:00","breadcrumb":{"@id":"https:\/\/www.latribunedufaso.net\/?p=19341#breadcrumb"},"inLanguage":"fr-FR","potentialAction":[{"@type":"ReadAction","target":["https:\/\/www.latribunedufaso.net\/?p=19341"]}]},{"@type":"ImageObject","inLanguage":"fr-FR","@id":"https:\/\/www.latribunedufaso.net\/?p=19341#primaryimage","url":"https:\/\/www.latribunedufaso.net\/wp-content\/uploads\/2025\/03\/IMG-20250311-WA0021.jpg","contentUrl":"https:\/\/www.latribunedufaso.net\/wp-content\/uploads\/2025\/03\/IMG-20250311-WA0021.jpg","width":2560,"height":1927,"caption":"La revue annuelle 2025 du Cadre sectoriel de dialogue \u00ab Gouvernances administrative et locale \u00bb (CSD\/GAL), 10 mars 2025"},{"@type":"BreadcrumbList","@id":"https:\/\/www.latribunedufaso.net\/?p=19341#breadcrumb","itemListElement":[{"@type":"ListItem","position":1,"name":"Accueil","item":"https:\/\/www.latribunedufaso.net\/"},{"@type":"ListItem","position":2,"name":"Cadre sectoriel de dialogue \u00ab Gouvernances administrative et locale \u00bb : Un taux d\u2019ex\u00e9cution physique des activit\u00e9s de 75,38% enregistr\u00e9 au 31 d\u00e9cembre 2024"}]},{"@type":"WebSite","@id":"https:\/\/www.latribunedufaso.net\/#website","url":"https:\/\/www.latribunedufaso.net\/","name":"La Tribune du Faso","description":"L&#039;information du monde rural en un clic","publisher":{"@id":"https:\/\/www.latribunedufaso.net\/#organization"},"potentialAction":[{"@type":"SearchAction","target":{"@type":"EntryPoint","urlTemplate":"https:\/\/www.latribunedufaso.net\/?s={search_term_string}"},"query-input":{"@type":"PropertyValueSpecification","valueRequired":true,"valueName":"search_term_string"}}],"inLanguage":"fr-FR"},{"@type":"Organization","@id":"https:\/\/www.latribunedufaso.net\/#organization","name":"La Tribune du Faso","url":"https:\/\/www.latribunedufaso.net\/","logo":{"@type":"ImageObject","inLanguage":"fr-FR","@id":"https:\/\/www.latribunedufaso.net\/#\/schema\/logo\/image\/","url":"https:\/\/www.latribunedufaso.net\/wp-content\/uploads\/2020\/08\/Logo-Tribune-du-Faso-final-scaled.jpg","contentUrl":"https:\/\/www.latribunedufaso.net\/wp-content\/uploads\/2020\/08\/Logo-Tribune-du-Faso-final-scaled.jpg","width":2560,"height":1856,"caption":"La Tribune du Faso"},"image":{"@id":"https:\/\/www.latribunedufaso.net\/#\/schema\/logo\/image\/"},"sameAs":["https:\/\/www.facebook.com\/LatribuneduFaso\/"]},{"@type":"Person","@id":"https:\/\/www.latribunedufaso.net\/#\/schema\/person\/e54e64c5778a7e72cf80a318b7a622b0","name":"Issouf Tapsoba","image":{"@type":"ImageObject","inLanguage":"fr-FR","@id":"https:\/\/secure.gravatar.com\/avatar\/5e6c05150ce3230247d167f5b94d678eb05936197436d69b7921e3a95c9107ac?s=96&d=mm&r=g","url":"https:\/\/secure.gravatar.com\/avatar\/5e6c05150ce3230247d167f5b94d678eb05936197436d69b7921e3a95c9107ac?s=96&d=mm&r=g","contentUrl":"https:\/\/secure.gravatar.com\/avatar\/5e6c05150ce3230247d167f5b94d678eb05936197436d69b7921e3a95c9107ac?s=96&d=mm&r=g","caption":"Issouf Tapsoba"},"url":"https:\/\/www.latribunedufaso.net\/?author=5"}]}},"_links":{"self":[{"href":"https:\/\/www.latribunedufaso.net\/index.php?rest_route=\/wp\/v2\/posts\/19341","targetHints":{"allow":["GET"]}}],"collection":[{"href":"https:\/\/www.latribunedufaso.net\/index.php?rest_route=\/wp\/v2\/posts"}],"about":[{"href":"https:\/\/www.latribunedufaso.net\/index.php?rest_route=\/wp\/v2\/types\/post"}],"author":[{"embeddable":true,"href":"https:\/\/www.latribunedufaso.net\/index.php?rest_route=\/wp\/v2\/users\/5"}],"replies":[{"embeddable":true,"href":"https:\/\/www.latribunedufaso.net\/index.php?rest_route=%2Fwp%2Fv2%2Fcomments&post=19341"}],"version-history":[{"count":2,"href":"https:\/\/www.latribunedufaso.net\/index.php?rest_route=\/wp\/v2\/posts\/19341\/revisions"}],"predecessor-version":[{"id":19347,"href":"https:\/\/www.latribunedufaso.net\/index.php?rest_route=\/wp\/v2\/posts\/19341\/revisions\/19347"}],"wp:featuredmedia":[{"embeddable":true,"href":"https:\/\/www.latribunedufaso.net\/index.php?rest_route=\/wp\/v2\/media\/19346"}],"wp:attachment":[{"href":"https:\/\/www.latribunedufaso.net\/index.php?rest_route=%2Fwp%2Fv2%2Fmedia&parent=19341"}],"wp:term":[{"taxonomy":"category","embeddable":true,"href":"https:\/\/www.latribunedufaso.net\/index.php?rest_route=%2Fwp%2Fv2%2Fcategories&post=19341"},{"taxonomy":"post_tag","embeddable":true,"href":"https:\/\/www.latribunedufaso.net\/index.php?rest_route=%2Fwp%2Fv2%2Ftags&post=19341"}],"curies":[{"name":"wp","href":"https:\/\/api.w.org\/{rel}","templated":true}]}}