{"id":1933,"date":"2020-11-25T06:57:26","date_gmt":"2020-11-25T06:57:26","guid":{"rendered":"https:\/\/www.latribunedufaso.net\/?p=1933"},"modified":"2020-11-25T06:57:26","modified_gmt":"2020-11-25T06:57:26","slug":"ceni-les-5-commissaires-frondeurs-reprennent-de-service-ce-25-novembre","status":"publish","type":"post","link":"https:\/\/www.latribunedufaso.net\/?p=1933","title":{"rendered":"CENI : Les 5 Commissaires frondeurs  reprennent de service ce 25 novembre"},"content":{"rendered":"<p><strong>Ceci est un communiqu\u00e9 \u00e9manant des cinq (05) commissaires de la composante Opposition \u00e0 la Commission Electorale Nationale Ind\u00e9pendante (CENI) dont la r\u00e9daction de infowakat.net a eu copie.<\/strong><!--more--><span style=\"font-size: 1.0625rem;\">Le 23 novembre 2020 en fin d\u2019apr\u00e8s-midi, nous, commissaires de la composante Opposition de la commission nationale \u00e9lectorale ind\u00e9pendante, avons demand\u00e9 une suspension des travaux de validation et de publication des r\u00e9sultats des \u00e9lections coupl\u00e9es pr\u00e9sidentielle et l\u00e9gislatives du 22 novembre 2020. Notre requ\u00eate \u00e9tait fond\u00e9e sur le fait que lesdits travaux se menaient sur la base de la compilation \u00e9lectronique uniquement, alors que l\u2019article 97 du code \u00e9lectoral prescrit qu\u2019\u201d\u2026 il est mis en place par la CENI des centres d\u00e9concentr\u00e9s de compilation des r\u00e9sultats avec couplage de la compilation manuelle et de la compilation \u00e9lectronique\u201d<\/span><\/p>\n<p>Dans la qu\u00eate d\u2019informations sur la non-application de cette prescription l\u00e9gale par les centres communaux de compilation des r\u00e9sultats des \u00e9lections (CCCR), il est ressorti que les instructions qui devaient \u00eatre donn\u00e9es au personnel technique charg\u00e9 de la compilation ne l\u2019ont pas \u00e9t\u00e9 malgr\u00e9 les conclusions insistantes y relatives de la pl\u00e9ni\u00e8re des commissaires au soir du vendredi 20 novembre 2020.<\/p>\n<p>Notre pr\u00e9occupation \u00e9tait de ne pas inscrire les travaux de validation et de publication des r\u00e9sultats dans une d\u00e9marche ill\u00e9gale qui pourrait cr\u00e9er le lit d\u2019une suspicion, voire une remise en cause cons\u00e9quente des r\u00e9sultats des \u00e9lections du 22 novembre 2020.<\/p>\n<p>La pl\u00e9ni\u00e8re a donc suspendu ses travaux pour les reprendre le lendemain 24 novembre \u00e0 8h dans l\u2019espoir qu\u2019\u00e0 cette date, les CCCR se seraient r\u00e9unis pour faire le travail de compilation manuelle et auraient transmis leurs r\u00e9sultats \u00e0 la CENI. Malheureusement, la r\u00e9alit\u00e9 \u00e9tait que ce n\u2019est qu\u2019au matin du mardi 24 qu\u2019une poign\u00e9e des CCCR ont re\u00e7u l\u2019instruction quand certains \u00e9taient d\u00e9j\u00e0 en route de retour de leur mission.<\/p>\n<p>C\u2019est ainsi que nous avons not\u00e9 que la reprise, \u00e0 moins d\u2019avoir un autre ordre du jour, n\u2019aurait pas mati\u00e8re \u00e0 traiter. Cons\u00e9quemment, nous avons mis \u00e0 profit la journ\u00e9e de ce mardi pour toujours coordonner le retour sur le terrain des techniciens des CCCR et le d\u00e9marrage effectif des travaux de compilation, chacun dans sa zone.<\/p>\n<p>Apr\u00e8s 24 heures consacr\u00e9es \u00e0 la reprise des travaux pour la compilation manuelle, nous pensons raisonnablement qu\u2019il se pourrait qu\u2019il y ait des r\u00e9sultats de la compilation manuelle qui soient parvenus \u00e0 la CENI. Au demeurant, nous avons appris l\u2019annonce de la reprise des travaux de validation et de publication sans la composante Opposition. L\u2019opinion publique et les acteurs politiques jugeront de la port\u00e9e et de la validit\u00e9 de telles validations et proclamations se fondant sur un quorum comme si on peut se soustraire \u00e0 l\u2019application d\u2019une loi par le fait d\u2019un quorum.<\/p>\n<p>En tout \u00e9tat de cause, nous reprenons part aux travaux pour compter du mercredi 25 novembre 2020 pour \u00eatre en \u00e9tat d\u2019aviser utilement sur la suite du processus.<\/p>\n<p>Ont sign\u00e9 :<\/p>\n<p>KERE Adama<\/p>\n<p>BOUDA Boubacar<\/p>\n<p>SAVADOGO Tass\u00e9r\u00e9<\/p>\n<p>GUITANGA Ibrahim Samuel<\/p>\n<p>DARGA Idrissa<\/p>\n","protected":false},"excerpt":{"rendered":"<p>Ceci est un communiqu\u00e9 \u00e9manant des cinq (05) commissaires de la composante Opposition \u00e0 la Commission Electorale Nationale Ind\u00e9pendante (CENI) dont la r\u00e9daction de infowakat.net a eu copie.<\/p>\n","protected":false},"author":2,"featured_media":1539,"comment_status":"open","ping_status":"open","sticky":false,"template":"","format":"standard","meta":{"footnotes":""},"categories":[13,1,26],"tags":[],"class_list":["post-1933","post","type-post","status-publish","format-standard","has-post-thumbnail","hentry","category-une","category-actu","category-elections-couplees-novembre-2020"],"yoast_head":"<!-- This site is optimized with the Yoast SEO plugin v27.5 - https:\/\/yoast.com\/product\/yoast-seo-wordpress\/ -->\n<title>CENI : Les 5 Commissaires frondeurs reprennent de service ce 25 novembre - La Tribune du Faso<\/title>\n<meta name=\"robots\" content=\"index, follow, max-snippet:-1, max-image-preview:large, max-video-preview:-1\" \/>\n<link rel=\"canonical\" href=\"https:\/\/www.latribunedufaso.net\/?p=1933\" \/>\n<meta property=\"og:locale\" content=\"fr_FR\" \/>\n<meta property=\"og:type\" content=\"article\" \/>\n<meta property=\"og:title\" content=\"CENI : Les 5 Commissaires frondeurs reprennent de service ce 25 novembre - La Tribune du Faso\" \/>\n<meta property=\"og:description\" content=\"Ceci est un communiqu\u00e9 \u00e9manant des cinq (05) commissaires de la composante Opposition \u00e0 la Commission Electorale Nationale Ind\u00e9pendante (CENI) dont la r\u00e9daction de infowakat.net a eu copie.\" \/>\n<meta property=\"og:url\" content=\"https:\/\/www.latribunedufaso.net\/?p=1933\" \/>\n<meta property=\"og:site_name\" content=\"La Tribune du Faso\" \/>\n<meta property=\"article:publisher\" content=\"https:\/\/www.facebook.com\/LatribuneduFaso\/\" \/>\n<meta property=\"article:published_time\" content=\"2020-11-25T06:57:26+00:00\" \/>\n<meta property=\"og:image\" content=\"https:\/\/latribunedufaso.net\/wp-content\/uploads\/2020\/10\/CENILOGO.jpg\" \/>\n\t<meta property=\"og:image:width\" content=\"638\" \/>\n\t<meta property=\"og:image:height\" content=\"373\" \/>\n\t<meta property=\"og:image:type\" content=\"image\/jpeg\" \/>\n<meta name=\"author\" content=\"Administrateur\" \/>\n<meta name=\"twitter:label1\" content=\"\u00c9crit par\" \/>\n\t<meta name=\"twitter:data1\" content=\"Administrateur\" \/>\n\t<meta name=\"twitter:label2\" content=\"Dur\u00e9e de lecture estim\u00e9e\" \/>\n\t<meta name=\"twitter:data2\" content=\"3 minutes\" \/>\n<script type=\"application\/ld+json\" class=\"yoast-schema-graph\">{\"@context\":\"https:\\\/\\\/schema.org\",\"@graph\":[{\"@type\":\"Article\",\"@id\":\"https:\\\/\\\/www.latribunedufaso.net\\\/?p=1933#article\",\"isPartOf\":{\"@id\":\"https:\\\/\\\/www.latribunedufaso.net\\\/?p=1933\"},\"author\":{\"name\":\"Administrateur\",\"@id\":\"https:\\\/\\\/www.latribunedufaso.net\\\/#\\\/schema\\\/person\\\/a380782d0605bb8aae27c40ea93b35b1\"},\"headline\":\"CENI : Les 5 Commissaires frondeurs reprennent de service ce 25 novembre\",\"datePublished\":\"2020-11-25T06:57:26+00:00\",\"mainEntityOfPage\":{\"@id\":\"https:\\\/\\\/www.latribunedufaso.net\\\/?p=1933\"},\"wordCount\":539,\"commentCount\":0,\"publisher\":{\"@id\":\"https:\\\/\\\/www.latribunedufaso.net\\\/#organization\"},\"image\":{\"@id\":\"https:\\\/\\\/www.latribunedufaso.net\\\/?p=1933#primaryimage\"},\"thumbnailUrl\":\"https:\\\/\\\/www.latribunedufaso.net\\\/wp-content\\\/uploads\\\/2020\\\/10\\\/CENILOGO.jpg\",\"articleSection\":[\"A la une\",\"Actualit\u00e9\",\"Elections coupl\u00e9es novembre 2020\"],\"inLanguage\":\"fr-FR\",\"potentialAction\":[{\"@type\":\"CommentAction\",\"name\":\"Comment\",\"target\":[\"https:\\\/\\\/www.latribunedufaso.net\\\/?p=1933#respond\"]}]},{\"@type\":\"WebPage\",\"@id\":\"https:\\\/\\\/www.latribunedufaso.net\\\/?p=1933\",\"url\":\"https:\\\/\\\/www.latribunedufaso.net\\\/?p=1933\",\"name\":\"CENI : Les 5 Commissaires frondeurs reprennent de service ce 25 novembre - La Tribune du Faso\",\"isPartOf\":{\"@id\":\"https:\\\/\\\/www.latribunedufaso.net\\\/#website\"},\"primaryImageOfPage\":{\"@id\":\"https:\\\/\\\/www.latribunedufaso.net\\\/?p=1933#primaryimage\"},\"image\":{\"@id\":\"https:\\\/\\\/www.latribunedufaso.net\\\/?p=1933#primaryimage\"},\"thumbnailUrl\":\"https:\\\/\\\/www.latribunedufaso.net\\\/wp-content\\\/uploads\\\/2020\\\/10\\\/CENILOGO.jpg\",\"datePublished\":\"2020-11-25T06:57:26+00:00\",\"breadcrumb\":{\"@id\":\"https:\\\/\\\/www.latribunedufaso.net\\\/?p=1933#breadcrumb\"},\"inLanguage\":\"fr-FR\",\"potentialAction\":[{\"@type\":\"ReadAction\",\"target\":[\"https:\\\/\\\/www.latribunedufaso.net\\\/?p=1933\"]}]},{\"@type\":\"ImageObject\",\"inLanguage\":\"fr-FR\",\"@id\":\"https:\\\/\\\/www.latribunedufaso.net\\\/?p=1933#primaryimage\",\"url\":\"https:\\\/\\\/www.latribunedufaso.net\\\/wp-content\\\/uploads\\\/2020\\\/10\\\/CENILOGO.jpg\",\"contentUrl\":\"https:\\\/\\\/www.latribunedufaso.net\\\/wp-content\\\/uploads\\\/2020\\\/10\\\/CENILOGO.jpg\",\"width\":638,\"height\":373},{\"@type\":\"BreadcrumbList\",\"@id\":\"https:\\\/\\\/www.latribunedufaso.net\\\/?p=1933#breadcrumb\",\"itemListElement\":[{\"@type\":\"ListItem\",\"position\":1,\"name\":\"Accueil\",\"item\":\"https:\\\/\\\/www.latribunedufaso.net\\\/\"},{\"@type\":\"ListItem\",\"position\":2,\"name\":\"CENI : Les 5 Commissaires frondeurs reprennent de service ce 25 novembre\"}]},{\"@type\":\"WebSite\",\"@id\":\"https:\\\/\\\/www.latribunedufaso.net\\\/#website\",\"url\":\"https:\\\/\\\/www.latribunedufaso.net\\\/\",\"name\":\"La Tribune du Faso\",\"description\":\"L&#039;information du monde rural en un clic\",\"publisher\":{\"@id\":\"https:\\\/\\\/www.latribunedufaso.net\\\/#organization\"},\"potentialAction\":[{\"@type\":\"SearchAction\",\"target\":{\"@type\":\"EntryPoint\",\"urlTemplate\":\"https:\\\/\\\/www.latribunedufaso.net\\\/?s={search_term_string}\"},\"query-input\":{\"@type\":\"PropertyValueSpecification\",\"valueRequired\":true,\"valueName\":\"search_term_string\"}}],\"inLanguage\":\"fr-FR\"},{\"@type\":\"Organization\",\"@id\":\"https:\\\/\\\/www.latribunedufaso.net\\\/#organization\",\"name\":\"La Tribune du Faso\",\"url\":\"https:\\\/\\\/www.latribunedufaso.net\\\/\",\"logo\":{\"@type\":\"ImageObject\",\"inLanguage\":\"fr-FR\",\"@id\":\"https:\\\/\\\/www.latribunedufaso.net\\\/#\\\/schema\\\/logo\\\/image\\\/\",\"url\":\"https:\\\/\\\/www.latribunedufaso.net\\\/wp-content\\\/uploads\\\/2020\\\/08\\\/Logo-Tribune-du-Faso-final-scaled.jpg\",\"contentUrl\":\"https:\\\/\\\/www.latribunedufaso.net\\\/wp-content\\\/uploads\\\/2020\\\/08\\\/Logo-Tribune-du-Faso-final-scaled.jpg\",\"width\":2560,\"height\":1856,\"caption\":\"La Tribune du Faso\"},\"image\":{\"@id\":\"https:\\\/\\\/www.latribunedufaso.net\\\/#\\\/schema\\\/logo\\\/image\\\/\"},\"sameAs\":[\"https:\\\/\\\/www.facebook.com\\\/LatribuneduFaso\\\/\"]},{\"@type\":\"Person\",\"@id\":\"https:\\\/\\\/www.latribunedufaso.net\\\/#\\\/schema\\\/person\\\/a380782d0605bb8aae27c40ea93b35b1\",\"name\":\"Administrateur\",\"image\":{\"@type\":\"ImageObject\",\"inLanguage\":\"fr-FR\",\"@id\":\"https:\\\/\\\/secure.gravatar.com\\\/avatar\\\/e20266f97d741f0e80ba1f60283074a9b3317fd7bfb727e0d95b51dafbf854a1?s=96&d=mm&r=g\",\"url\":\"https:\\\/\\\/secure.gravatar.com\\\/avatar\\\/e20266f97d741f0e80ba1f60283074a9b3317fd7bfb727e0d95b51dafbf854a1?s=96&d=mm&r=g\",\"contentUrl\":\"https:\\\/\\\/secure.gravatar.com\\\/avatar\\\/e20266f97d741f0e80ba1f60283074a9b3317fd7bfb727e0d95b51dafbf854a1?s=96&d=mm&r=g\",\"caption\":\"Administrateur\"},\"url\":\"https:\\\/\\\/www.latribunedufaso.net\\\/?author=2\"}]}<\/script>\n<!-- \/ Yoast SEO plugin. -->","yoast_head_json":{"title":"CENI : Les 5 Commissaires frondeurs reprennent de service ce 25 novembre - La Tribune du Faso","robots":{"index":"index","follow":"follow","max-snippet":"max-snippet:-1","max-image-preview":"max-image-preview:large","max-video-preview":"max-video-preview:-1"},"canonical":"https:\/\/www.latribunedufaso.net\/?p=1933","og_locale":"fr_FR","og_type":"article","og_title":"CENI : Les 5 Commissaires frondeurs reprennent de service ce 25 novembre - La Tribune du Faso","og_description":"Ceci est un communiqu\u00e9 \u00e9manant des cinq (05) commissaires de la composante Opposition \u00e0 la Commission Electorale Nationale Ind\u00e9pendante (CENI) dont la r\u00e9daction de infowakat.net a eu copie.","og_url":"https:\/\/www.latribunedufaso.net\/?p=1933","og_site_name":"La Tribune du Faso","article_publisher":"https:\/\/www.facebook.com\/LatribuneduFaso\/","article_published_time":"2020-11-25T06:57:26+00:00","og_image":[{"width":638,"height":373,"url":"https:\/\/latribunedufaso.net\/wp-content\/uploads\/2020\/10\/CENILOGO.jpg","type":"image\/jpeg"}],"author":"Administrateur","twitter_misc":{"\u00c9crit par":"Administrateur","Dur\u00e9e de lecture estim\u00e9e":"3 minutes"},"schema":{"@context":"https:\/\/schema.org","@graph":[{"@type":"Article","@id":"https:\/\/www.latribunedufaso.net\/?p=1933#article","isPartOf":{"@id":"https:\/\/www.latribunedufaso.net\/?p=1933"},"author":{"name":"Administrateur","@id":"https:\/\/www.latribunedufaso.net\/#\/schema\/person\/a380782d0605bb8aae27c40ea93b35b1"},"headline":"CENI : Les 5 Commissaires frondeurs reprennent de service ce 25 novembre","datePublished":"2020-11-25T06:57:26+00:00","mainEntityOfPage":{"@id":"https:\/\/www.latribunedufaso.net\/?p=1933"},"wordCount":539,"commentCount":0,"publisher":{"@id":"https:\/\/www.latribunedufaso.net\/#organization"},"image":{"@id":"https:\/\/www.latribunedufaso.net\/?p=1933#primaryimage"},"thumbnailUrl":"https:\/\/www.latribunedufaso.net\/wp-content\/uploads\/2020\/10\/CENILOGO.jpg","articleSection":["A la une","Actualit\u00e9","Elections coupl\u00e9es novembre 2020"],"inLanguage":"fr-FR","potentialAction":[{"@type":"CommentAction","name":"Comment","target":["https:\/\/www.latribunedufaso.net\/?p=1933#respond"]}]},{"@type":"WebPage","@id":"https:\/\/www.latribunedufaso.net\/?p=1933","url":"https:\/\/www.latribunedufaso.net\/?p=1933","name":"CENI : Les 5 Commissaires frondeurs reprennent de service ce 25 novembre - La Tribune du Faso","isPartOf":{"@id":"https:\/\/www.latribunedufaso.net\/#website"},"primaryImageOfPage":{"@id":"https:\/\/www.latribunedufaso.net\/?p=1933#primaryimage"},"image":{"@id":"https:\/\/www.latribunedufaso.net\/?p=1933#primaryimage"},"thumbnailUrl":"https:\/\/www.latribunedufaso.net\/wp-content\/uploads\/2020\/10\/CENILOGO.jpg","datePublished":"2020-11-25T06:57:26+00:00","breadcrumb":{"@id":"https:\/\/www.latribunedufaso.net\/?p=1933#breadcrumb"},"inLanguage":"fr-FR","potentialAction":[{"@type":"ReadAction","target":["https:\/\/www.latribunedufaso.net\/?p=1933"]}]},{"@type":"ImageObject","inLanguage":"fr-FR","@id":"https:\/\/www.latribunedufaso.net\/?p=1933#primaryimage","url":"https:\/\/www.latribunedufaso.net\/wp-content\/uploads\/2020\/10\/CENILOGO.jpg","contentUrl":"https:\/\/www.latribunedufaso.net\/wp-content\/uploads\/2020\/10\/CENILOGO.jpg","width":638,"height":373},{"@type":"BreadcrumbList","@id":"https:\/\/www.latribunedufaso.net\/?p=1933#breadcrumb","itemListElement":[{"@type":"ListItem","position":1,"name":"Accueil","item":"https:\/\/www.latribunedufaso.net\/"},{"@type":"ListItem","position":2,"name":"CENI : Les 5 Commissaires frondeurs reprennent de service ce 25 novembre"}]},{"@type":"WebSite","@id":"https:\/\/www.latribunedufaso.net\/#website","url":"https:\/\/www.latribunedufaso.net\/","name":"La Tribune du Faso","description":"L&#039;information du monde rural en un clic","publisher":{"@id":"https:\/\/www.latribunedufaso.net\/#organization"},"potentialAction":[{"@type":"SearchAction","target":{"@type":"EntryPoint","urlTemplate":"https:\/\/www.latribunedufaso.net\/?s={search_term_string}"},"query-input":{"@type":"PropertyValueSpecification","valueRequired":true,"valueName":"search_term_string"}}],"inLanguage":"fr-FR"},{"@type":"Organization","@id":"https:\/\/www.latribunedufaso.net\/#organization","name":"La Tribune du Faso","url":"https:\/\/www.latribunedufaso.net\/","logo":{"@type":"ImageObject","inLanguage":"fr-FR","@id":"https:\/\/www.latribunedufaso.net\/#\/schema\/logo\/image\/","url":"https:\/\/www.latribunedufaso.net\/wp-content\/uploads\/2020\/08\/Logo-Tribune-du-Faso-final-scaled.jpg","contentUrl":"https:\/\/www.latribunedufaso.net\/wp-content\/uploads\/2020\/08\/Logo-Tribune-du-Faso-final-scaled.jpg","width":2560,"height":1856,"caption":"La Tribune du Faso"},"image":{"@id":"https:\/\/www.latribunedufaso.net\/#\/schema\/logo\/image\/"},"sameAs":["https:\/\/www.facebook.com\/LatribuneduFaso\/"]},{"@type":"Person","@id":"https:\/\/www.latribunedufaso.net\/#\/schema\/person\/a380782d0605bb8aae27c40ea93b35b1","name":"Administrateur","image":{"@type":"ImageObject","inLanguage":"fr-FR","@id":"https:\/\/secure.gravatar.com\/avatar\/e20266f97d741f0e80ba1f60283074a9b3317fd7bfb727e0d95b51dafbf854a1?s=96&d=mm&r=g","url":"https:\/\/secure.gravatar.com\/avatar\/e20266f97d741f0e80ba1f60283074a9b3317fd7bfb727e0d95b51dafbf854a1?s=96&d=mm&r=g","contentUrl":"https:\/\/secure.gravatar.com\/avatar\/e20266f97d741f0e80ba1f60283074a9b3317fd7bfb727e0d95b51dafbf854a1?s=96&d=mm&r=g","caption":"Administrateur"},"url":"https:\/\/www.latribunedufaso.net\/?author=2"}]}},"_links":{"self":[{"href":"https:\/\/www.latribunedufaso.net\/index.php?rest_route=\/wp\/v2\/posts\/1933","targetHints":{"allow":["GET"]}}],"collection":[{"href":"https:\/\/www.latribunedufaso.net\/index.php?rest_route=\/wp\/v2\/posts"}],"about":[{"href":"https:\/\/www.latribunedufaso.net\/index.php?rest_route=\/wp\/v2\/types\/post"}],"author":[{"embeddable":true,"href":"https:\/\/www.latribunedufaso.net\/index.php?rest_route=\/wp\/v2\/users\/2"}],"replies":[{"embeddable":true,"href":"https:\/\/www.latribunedufaso.net\/index.php?rest_route=%2Fwp%2Fv2%2Fcomments&post=1933"}],"version-history":[{"count":1,"href":"https:\/\/www.latribunedufaso.net\/index.php?rest_route=\/wp\/v2\/posts\/1933\/revisions"}],"predecessor-version":[{"id":1934,"href":"https:\/\/www.latribunedufaso.net\/index.php?rest_route=\/wp\/v2\/posts\/1933\/revisions\/1934"}],"wp:featuredmedia":[{"embeddable":true,"href":"https:\/\/www.latribunedufaso.net\/index.php?rest_route=\/wp\/v2\/media\/1539"}],"wp:attachment":[{"href":"https:\/\/www.latribunedufaso.net\/index.php?rest_route=%2Fwp%2Fv2%2Fmedia&parent=1933"}],"wp:term":[{"taxonomy":"category","embeddable":true,"href":"https:\/\/www.latribunedufaso.net\/index.php?rest_route=%2Fwp%2Fv2%2Fcategories&post=1933"},{"taxonomy":"post_tag","embeddable":true,"href":"https:\/\/www.latribunedufaso.net\/index.php?rest_route=%2Fwp%2Fv2%2Ftags&post=1933"}],"curies":[{"name":"wp","href":"https:\/\/api.w.org\/{rel}","templated":true}]}}