{"id":19328,"date":"2025-03-10T18:40:02","date_gmt":"2025-03-10T18:40:02","guid":{"rendered":"https:\/\/www.latribunedufaso.net\/?p=19328"},"modified":"2025-03-10T18:44:58","modified_gmt":"2025-03-10T18:44:58","slug":"19328","status":"publish","type":"post","link":"https:\/\/www.latribunedufaso.net\/?p=19328","title":{"rendered":"Visite de travail du Pr\u00e9sident ghan\u00e9en au Burkina Faso : Un vol a\u00e9rien quotidien et un gazoduc entre les deux pays pour bient\u00f4t"},"content":{"rendered":"<p><strong style=\"font-size: 1.0625rem;\">Le Pr\u00e9sident du Faso, le Capitaine Ibrahim Traor\u00e9 a re\u00e7u en audience, le 10 mars 2025, au Palais de Koulouba, le Pr\u00e9sident de la R\u00e9publique du Ghana, John Dramani Mahama, en visite de travail au Burkina Faso. A l\u2019issue de ce conclave, le Pr\u00e9sident ghan\u00e9en a fait un point de presse.<\/strong><\/p>\n<p><!--more--><\/p>\n<p>Au Palais de Koulouba, les deux Chefs d\u2019\u00c9tat se sont entretenus en t\u00eate-\u00e0-t\u00eate. Cette s\u00e9ance a \u00e9t\u00e9 ensuite \u00e9largie aux d\u00e9l\u00e9gations des deux pays et a permis de revisiter l\u2019excellente relation de coop\u00e9ration entre la R\u00e9publique du Ghana et le Burkina Faso et de d\u00e9gager des perspectives pour le renforcement de l\u2019axe Ouagadougou-Accra.<\/p>\n<p>Au cours de son point de presse de fin de s\u00e9jour, le Pr\u00e9sident John Dramani Mahama a rappel\u00e9 que la R\u00e9publique du Ghana et le Burkina Faso sont unis par la g\u00e9ographie et l\u2019histoire. Il inscrit, du reste, son voyage dans la tradition africaine qui recommande que les voisins se rendent visite.<\/p>\n<figure id=\"attachment_19331\" aria-describedby=\"caption-attachment-19331\" style=\"width: 1080px\" class=\"wp-caption aligncenter\"><a href=\"https:\/\/www.latribunedufaso.net\/wp-content\/uploads\/2025\/03\/IMG-20250310-WA0023.jpg\"><img loading=\"lazy\" decoding=\"async\" class=\"size-full wp-image-19331\" src=\"https:\/\/www.latribunedufaso.net\/wp-content\/uploads\/2025\/03\/IMG-20250310-WA0023.jpg\" alt=\"Point de presse du pr\u00e9sident ghan\u00e9en John Dramani Mahama a l'issue de sa visite d'amiti\u00e9 et de travail au Burkina, 10 mars 2025\" width=\"1080\" height=\"720\" srcset=\"https:\/\/www.latribunedufaso.net\/wp-content\/uploads\/2025\/03\/IMG-20250310-WA0023.jpg 1080w, https:\/\/www.latribunedufaso.net\/wp-content\/uploads\/2025\/03\/IMG-20250310-WA0023-300x200.jpg 300w, https:\/\/www.latribunedufaso.net\/wp-content\/uploads\/2025\/03\/IMG-20250310-WA0023-1024x683.jpg 1024w, https:\/\/www.latribunedufaso.net\/wp-content\/uploads\/2025\/03\/IMG-20250310-WA0023-768x512.jpg 768w, https:\/\/www.latribunedufaso.net\/wp-content\/uploads\/2025\/03\/IMG-20250310-WA0023-840x560.jpg 840w, https:\/\/www.latribunedufaso.net\/wp-content\/uploads\/2025\/03\/IMG-20250310-WA0023-120x80.jpg 120w, https:\/\/www.latribunedufaso.net\/wp-content\/uploads\/2025\/03\/IMG-20250310-WA0023-360x240.jpg 360w, https:\/\/www.latribunedufaso.net\/wp-content\/uploads\/2025\/03\/IMG-20250310-WA0023-600x400.jpg 600w\" sizes=\"auto, (max-width: 1080px) 100vw, 1080px\" \/><\/a><figcaption id=\"caption-attachment-19331\" class=\"wp-caption-text\">Le Pr\u00e9sident de la R\u00e9publique du Ghana, John Dramani Mahama (\u00e0 gauche) et le Pr\u00e9sident du Faso, le Capitaine Ibrahim Traor\u00e9 (\u00e0 droite) lors du point de presse &#8211; Ph. DR<\/figcaption><\/figure>\n<p>Le Pr\u00e9sident John Dramani Mahama a saisi l\u2019occasion pour traduire sa reconnaissance au Pr\u00e9sident du Faso, Chef de l\u2019\u00c9tat, le Capitaine Ibrahim Traor\u00e9 qui avait fait le d\u00e9placement d\u2019Accra pour son investiture en janvier dernier.<\/p>\n<h3>Venir ensemble \u00e0 bout du \u00ab cancer \u00bb du terrorisme<\/h3>\n<p>Au cours de cette s\u00e9ance de travail, plusieurs sujets d\u2019int\u00e9r\u00eat commun ont \u00e9t\u00e9 abord\u00e9s. Au titre des questions s\u00e9curitaires, le Pr\u00e9sident du Ghana a insist\u00e9 sur la n\u00e9cessit\u00e9 de mutualiser les efforts pour combattre ensemble le <em><strong>\u00ab cancer \u00bb<\/strong><\/em> du terrorisme.\u00a0<\/p>\n<blockquote>\n<p>Lire aussi &gt;&gt; <a href=\"https:\/\/www.latribunedufaso.net\/?p=18084\">Coop\u00e9ration Burkina-Ghana : Un nouvel \u00e9lan pour booster le d\u00e9veloppement<\/a>\u00a0<\/p>\n<\/blockquote>\n<p>Les \u00e9changes entre les deux Chefs d\u2019\u00c9tat ont aussi port\u00e9 sur l\u2019accroissement des \u00e9changes commerciaux et le renforcement de la coop\u00e9ration \u00e9conomique entre les deux pays. <em><strong>\u00ab Notre objectif est de fluidifier la libre circulation des biens et des personnes et de faciliter le transit des biens et marchandises du Burkina Faso \u00e0 partir du corridor du Ghana \u00bb<\/strong><\/em>, pr\u00e9cise le Chef de l\u2019\u00c9tat ghan\u00e9en.\u00a0<\/p>\n<h3>Un vol a\u00e9rien quotidien entre les deux capitales et un gazoduc entre les deux pays en perspective\u00a0<\/h3>\n<p>Les deux Chefs d\u2019\u00c9tat ont \u00e9galement saisi l\u2019opportunit\u00e9 des \u00e9changes pour aborder le renforcement de la liaison a\u00e9rienne entre Ouagadougou et Accra. <em><strong>\u00ab Il y a une compagnie a\u00e9rienne locale au Ghana qui envisage ouvrir une ligne directe sur Ouagadougou avec au moins un vol par jour \u00bb<\/strong><\/em>, affirme le Pr\u00e9sident John Dramani Mahama.<\/p>\n<figure id=\"attachment_19329\" aria-describedby=\"caption-attachment-19329\" style=\"width: 1080px\" class=\"wp-caption aligncenter\"><a href=\"https:\/\/www.latribunedufaso.net\/wp-content\/uploads\/2025\/03\/IMG-20250310-WA0025.jpg\"><img loading=\"lazy\" decoding=\"async\" class=\"size-full wp-image-19329\" src=\"https:\/\/www.latribunedufaso.net\/wp-content\/uploads\/2025\/03\/IMG-20250310-WA0025.jpg\" alt=\"Point de presse du pr\u00e9sident ghan\u00e9en John Dramani Mahama a l'issue de sa visite d'amiti\u00e9 et de travail au Burkina, 10 mars 2025\" width=\"1080\" height=\"723\" srcset=\"https:\/\/www.latribunedufaso.net\/wp-content\/uploads\/2025\/03\/IMG-20250310-WA0025.jpg 1080w, https:\/\/www.latribunedufaso.net\/wp-content\/uploads\/2025\/03\/IMG-20250310-WA0025-300x201.jpg 300w, https:\/\/www.latribunedufaso.net\/wp-content\/uploads\/2025\/03\/IMG-20250310-WA0025-1024x686.jpg 1024w, https:\/\/www.latribunedufaso.net\/wp-content\/uploads\/2025\/03\/IMG-20250310-WA0025-768x514.jpg 768w, https:\/\/www.latribunedufaso.net\/wp-content\/uploads\/2025\/03\/IMG-20250310-WA0025-120x80.jpg 120w, https:\/\/www.latribunedufaso.net\/wp-content\/uploads\/2025\/03\/IMG-20250310-WA0025-360x240.jpg 360w\" sizes=\"auto, (max-width: 1080px) 100vw, 1080px\" \/><\/a><figcaption id=\"caption-attachment-19329\" class=\"wp-caption-text\">Une vue des deux Chefs d&rsquo;Etat et leurs d\u00e9l\u00e9gations lors des \u00e9changes &#8211; Ph. DR<\/figcaption><\/figure>\n<p>La <a href=\"https:\/\/www.latribunedufaso.net\/?p=9245\">construction du gazoduc Accra-Bolgatenga<\/a> et la possibilit\u00e9 de son extension au Burkina Faso ainsi que la fourniture d\u2019\u00e9lectricit\u00e9 au Burkina Faso ont \u00e9t\u00e9 des perspectives \u00e9voqu\u00e9es, a soutenu le pr\u00e9sident ghan\u00e9en.<\/p>\n<p><strong>latribunedufaso.net<\/strong><\/p>\n<p><strong>Source : Direction de la communication de la Pr\u00e9sidence du Faso<\/strong><\/p>\n","protected":false},"excerpt":{"rendered":"<p>Le Pr\u00e9sident du Faso, le Capitaine Ibrahim Traor\u00e9 a re\u00e7u en audience, le 10 mars 2025, au Palais de Koulouba, le Pr\u00e9sident de la R\u00e9publique du Ghana, John Dramani Mahama, en visite de travail au Burkina Faso. A l\u2019issue de ce conclave, le Pr\u00e9sident ghan\u00e9en a fait un point de presse.<\/p>\n","protected":false},"author":5,"featured_media":19330,"comment_status":"open","ping_status":"open","sticky":false,"template":"","format":"standard","meta":{"footnotes":""},"categories":[13,1,8],"tags":[605,39,781],"class_list":["post-19328","post","type-post","status-publish","format-standard","has-post-thumbnail","hentry","category-une","category-actu","category-societe","tag-cooperation-burkina-ghana","tag-latribunedufaso-net","tag-visite-president-ghaneen-john-dramani-mahama-au-burkina"],"yoast_head":"<!-- This site is optimized with the Yoast SEO plugin v27.5 - https:\/\/yoast.com\/product\/yoast-seo-wordpress\/ -->\n<title>Visite de travail du Pr\u00e9sident ghan\u00e9en au Burkina Faso : Un vol a\u00e9rien quotidien et un gazoduc entre les deux pays pour bient\u00f4t - La Tribune du Faso<\/title>\n<meta name=\"robots\" content=\"index, follow, max-snippet:-1, max-image-preview:large, max-video-preview:-1\" \/>\n<link rel=\"canonical\" href=\"https:\/\/www.latribunedufaso.net\/?p=19328\" \/>\n<meta property=\"og:locale\" content=\"fr_FR\" \/>\n<meta property=\"og:type\" content=\"article\" \/>\n<meta property=\"og:title\" content=\"Visite de travail du Pr\u00e9sident ghan\u00e9en au Burkina Faso : Un vol a\u00e9rien quotidien et un gazoduc entre les deux pays pour bient\u00f4t - La Tribune du Faso\" \/>\n<meta property=\"og:description\" content=\"Le Pr\u00e9sident du Faso, le Capitaine Ibrahim Traor\u00e9 a re\u00e7u en audience, le 10 mars 2025, au Palais de Koulouba, le Pr\u00e9sident de la R\u00e9publique du Ghana, John Dramani Mahama, en visite de travail au Burkina Faso. A l\u2019issue de ce conclave, le Pr\u00e9sident ghan\u00e9en a fait un point de presse.\" \/>\n<meta property=\"og:url\" content=\"https:\/\/www.latribunedufaso.net\/?p=19328\" \/>\n<meta property=\"og:site_name\" content=\"La Tribune du Faso\" \/>\n<meta property=\"article:publisher\" content=\"https:\/\/www.facebook.com\/LatribuneduFaso\/\" \/>\n<meta property=\"article:published_time\" content=\"2025-03-10T18:40:02+00:00\" \/>\n<meta property=\"article:modified_time\" content=\"2025-03-10T18:44:58+00:00\" \/>\n<meta property=\"og:image\" content=\"https:\/\/www.latribunedufaso.net\/wp-content\/uploads\/2025\/03\/IMG-20250310-WA0024.jpg\" \/>\n\t<meta property=\"og:image:width\" content=\"1080\" \/>\n\t<meta property=\"og:image:height\" content=\"736\" \/>\n\t<meta property=\"og:image:type\" content=\"image\/jpeg\" \/>\n<meta name=\"author\" content=\"Issouf Tapsoba\" \/>\n<meta name=\"twitter:label1\" content=\"\u00c9crit par\" \/>\n\t<meta name=\"twitter:data1\" content=\"Issouf Tapsoba\" \/>\n\t<meta name=\"twitter:label2\" content=\"Dur\u00e9e de lecture estim\u00e9e\" \/>\n\t<meta name=\"twitter:data2\" content=\"3 minutes\" \/>\n<script type=\"application\/ld+json\" class=\"yoast-schema-graph\">{\"@context\":\"https:\\\/\\\/schema.org\",\"@graph\":[{\"@type\":\"Article\",\"@id\":\"https:\\\/\\\/www.latribunedufaso.net\\\/?p=19328#article\",\"isPartOf\":{\"@id\":\"https:\\\/\\\/www.latribunedufaso.net\\\/?p=19328\"},\"author\":{\"name\":\"Issouf Tapsoba\",\"@id\":\"https:\\\/\\\/www.latribunedufaso.net\\\/#\\\/schema\\\/person\\\/e54e64c5778a7e72cf80a318b7a622b0\"},\"headline\":\"Visite de travail du Pr\u00e9sident ghan\u00e9en au Burkina Faso : Un vol a\u00e9rien quotidien et un gazoduc entre les deux pays pour bient\u00f4t\",\"datePublished\":\"2025-03-10T18:40:02+00:00\",\"dateModified\":\"2025-03-10T18:44:58+00:00\",\"mainEntityOfPage\":{\"@id\":\"https:\\\/\\\/www.latribunedufaso.net\\\/?p=19328\"},\"wordCount\":570,\"commentCount\":0,\"publisher\":{\"@id\":\"https:\\\/\\\/www.latribunedufaso.net\\\/#organization\"},\"image\":{\"@id\":\"https:\\\/\\\/www.latribunedufaso.net\\\/?p=19328#primaryimage\"},\"thumbnailUrl\":\"https:\\\/\\\/www.latribunedufaso.net\\\/wp-content\\\/uploads\\\/2025\\\/03\\\/IMG-20250310-WA0024.jpg\",\"keywords\":[\"Coop\u00e9ration Burkina-Ghana\",\"latribunedufaso.net\",\"visite Pr\u00e9sident ghan\u00e9en John Dramani Mahama au Burkina\"],\"articleSection\":[\"A la une\",\"Actualit\u00e9\",\"Soci\u00e9t\u00e9\"],\"inLanguage\":\"fr-FR\",\"potentialAction\":[{\"@type\":\"CommentAction\",\"name\":\"Comment\",\"target\":[\"https:\\\/\\\/www.latribunedufaso.net\\\/?p=19328#respond\"]}]},{\"@type\":\"WebPage\",\"@id\":\"https:\\\/\\\/www.latribunedufaso.net\\\/?p=19328\",\"url\":\"https:\\\/\\\/www.latribunedufaso.net\\\/?p=19328\",\"name\":\"Visite de travail du Pr\u00e9sident ghan\u00e9en au Burkina Faso : Un vol a\u00e9rien quotidien et un gazoduc entre les deux pays pour bient\u00f4t - La Tribune du Faso\",\"isPartOf\":{\"@id\":\"https:\\\/\\\/www.latribunedufaso.net\\\/#website\"},\"primaryImageOfPage\":{\"@id\":\"https:\\\/\\\/www.latribunedufaso.net\\\/?p=19328#primaryimage\"},\"image\":{\"@id\":\"https:\\\/\\\/www.latribunedufaso.net\\\/?p=19328#primaryimage\"},\"thumbnailUrl\":\"https:\\\/\\\/www.latribunedufaso.net\\\/wp-content\\\/uploads\\\/2025\\\/03\\\/IMG-20250310-WA0024.jpg\",\"datePublished\":\"2025-03-10T18:40:02+00:00\",\"dateModified\":\"2025-03-10T18:44:58+00:00\",\"breadcrumb\":{\"@id\":\"https:\\\/\\\/www.latribunedufaso.net\\\/?p=19328#breadcrumb\"},\"inLanguage\":\"fr-FR\",\"potentialAction\":[{\"@type\":\"ReadAction\",\"target\":[\"https:\\\/\\\/www.latribunedufaso.net\\\/?p=19328\"]}]},{\"@type\":\"ImageObject\",\"inLanguage\":\"fr-FR\",\"@id\":\"https:\\\/\\\/www.latribunedufaso.net\\\/?p=19328#primaryimage\",\"url\":\"https:\\\/\\\/www.latribunedufaso.net\\\/wp-content\\\/uploads\\\/2025\\\/03\\\/IMG-20250310-WA0024.jpg\",\"contentUrl\":\"https:\\\/\\\/www.latribunedufaso.net\\\/wp-content\\\/uploads\\\/2025\\\/03\\\/IMG-20250310-WA0024.jpg\",\"width\":1080,\"height\":736,\"caption\":\"Point de presse du pr\u00e9sident ghan\u00e9en John Dramani Mahama a l'issue de sa visite d'amiti\u00e9 et de travail au Burkina, 10 mars 2025\"},{\"@type\":\"BreadcrumbList\",\"@id\":\"https:\\\/\\\/www.latribunedufaso.net\\\/?p=19328#breadcrumb\",\"itemListElement\":[{\"@type\":\"ListItem\",\"position\":1,\"name\":\"Accueil\",\"item\":\"https:\\\/\\\/www.latribunedufaso.net\\\/\"},{\"@type\":\"ListItem\",\"position\":2,\"name\":\"Visite de travail du Pr\u00e9sident ghan\u00e9en au Burkina Faso : Un vol a\u00e9rien quotidien et un gazoduc entre les deux pays pour bient\u00f4t\"}]},{\"@type\":\"WebSite\",\"@id\":\"https:\\\/\\\/www.latribunedufaso.net\\\/#website\",\"url\":\"https:\\\/\\\/www.latribunedufaso.net\\\/\",\"name\":\"La Tribune du Faso\",\"description\":\"L&#039;information du monde rural en un clic\",\"publisher\":{\"@id\":\"https:\\\/\\\/www.latribunedufaso.net\\\/#organization\"},\"potentialAction\":[{\"@type\":\"SearchAction\",\"target\":{\"@type\":\"EntryPoint\",\"urlTemplate\":\"https:\\\/\\\/www.latribunedufaso.net\\\/?s={search_term_string}\"},\"query-input\":{\"@type\":\"PropertyValueSpecification\",\"valueRequired\":true,\"valueName\":\"search_term_string\"}}],\"inLanguage\":\"fr-FR\"},{\"@type\":\"Organization\",\"@id\":\"https:\\\/\\\/www.latribunedufaso.net\\\/#organization\",\"name\":\"La Tribune du Faso\",\"url\":\"https:\\\/\\\/www.latribunedufaso.net\\\/\",\"logo\":{\"@type\":\"ImageObject\",\"inLanguage\":\"fr-FR\",\"@id\":\"https:\\\/\\\/www.latribunedufaso.net\\\/#\\\/schema\\\/logo\\\/image\\\/\",\"url\":\"https:\\\/\\\/www.latribunedufaso.net\\\/wp-content\\\/uploads\\\/2020\\\/08\\\/Logo-Tribune-du-Faso-final-scaled.jpg\",\"contentUrl\":\"https:\\\/\\\/www.latribunedufaso.net\\\/wp-content\\\/uploads\\\/2020\\\/08\\\/Logo-Tribune-du-Faso-final-scaled.jpg\",\"width\":2560,\"height\":1856,\"caption\":\"La Tribune du Faso\"},\"image\":{\"@id\":\"https:\\\/\\\/www.latribunedufaso.net\\\/#\\\/schema\\\/logo\\\/image\\\/\"},\"sameAs\":[\"https:\\\/\\\/www.facebook.com\\\/LatribuneduFaso\\\/\"]},{\"@type\":\"Person\",\"@id\":\"https:\\\/\\\/www.latribunedufaso.net\\\/#\\\/schema\\\/person\\\/e54e64c5778a7e72cf80a318b7a622b0\",\"name\":\"Issouf Tapsoba\",\"image\":{\"@type\":\"ImageObject\",\"inLanguage\":\"fr-FR\",\"@id\":\"https:\\\/\\\/secure.gravatar.com\\\/avatar\\\/5e6c05150ce3230247d167f5b94d678eb05936197436d69b7921e3a95c9107ac?s=96&d=mm&r=g\",\"url\":\"https:\\\/\\\/secure.gravatar.com\\\/avatar\\\/5e6c05150ce3230247d167f5b94d678eb05936197436d69b7921e3a95c9107ac?s=96&d=mm&r=g\",\"contentUrl\":\"https:\\\/\\\/secure.gravatar.com\\\/avatar\\\/5e6c05150ce3230247d167f5b94d678eb05936197436d69b7921e3a95c9107ac?s=96&d=mm&r=g\",\"caption\":\"Issouf Tapsoba\"},\"url\":\"https:\\\/\\\/www.latribunedufaso.net\\\/?author=5\"}]}<\/script>\n<!-- \/ Yoast SEO plugin. -->","yoast_head_json":{"title":"Visite de travail du Pr\u00e9sident ghan\u00e9en au Burkina Faso : Un vol a\u00e9rien quotidien et un gazoduc entre les deux pays pour bient\u00f4t - La Tribune du Faso","robots":{"index":"index","follow":"follow","max-snippet":"max-snippet:-1","max-image-preview":"max-image-preview:large","max-video-preview":"max-video-preview:-1"},"canonical":"https:\/\/www.latribunedufaso.net\/?p=19328","og_locale":"fr_FR","og_type":"article","og_title":"Visite de travail du Pr\u00e9sident ghan\u00e9en au Burkina Faso : Un vol a\u00e9rien quotidien et un gazoduc entre les deux pays pour bient\u00f4t - La Tribune du Faso","og_description":"Le Pr\u00e9sident du Faso, le Capitaine Ibrahim Traor\u00e9 a re\u00e7u en audience, le 10 mars 2025, au Palais de Koulouba, le Pr\u00e9sident de la R\u00e9publique du Ghana, John Dramani Mahama, en visite de travail au Burkina Faso. A l\u2019issue de ce conclave, le Pr\u00e9sident ghan\u00e9en a fait un point de presse.","og_url":"https:\/\/www.latribunedufaso.net\/?p=19328","og_site_name":"La Tribune du Faso","article_publisher":"https:\/\/www.facebook.com\/LatribuneduFaso\/","article_published_time":"2025-03-10T18:40:02+00:00","article_modified_time":"2025-03-10T18:44:58+00:00","og_image":[{"width":1080,"height":736,"url":"https:\/\/www.latribunedufaso.net\/wp-content\/uploads\/2025\/03\/IMG-20250310-WA0024.jpg","type":"image\/jpeg"}],"author":"Issouf Tapsoba","twitter_misc":{"\u00c9crit par":"Issouf Tapsoba","Dur\u00e9e de lecture estim\u00e9e":"3 minutes"},"schema":{"@context":"https:\/\/schema.org","@graph":[{"@type":"Article","@id":"https:\/\/www.latribunedufaso.net\/?p=19328#article","isPartOf":{"@id":"https:\/\/www.latribunedufaso.net\/?p=19328"},"author":{"name":"Issouf Tapsoba","@id":"https:\/\/www.latribunedufaso.net\/#\/schema\/person\/e54e64c5778a7e72cf80a318b7a622b0"},"headline":"Visite de travail du Pr\u00e9sident ghan\u00e9en au Burkina Faso : Un vol a\u00e9rien quotidien et un gazoduc entre les deux pays pour bient\u00f4t","datePublished":"2025-03-10T18:40:02+00:00","dateModified":"2025-03-10T18:44:58+00:00","mainEntityOfPage":{"@id":"https:\/\/www.latribunedufaso.net\/?p=19328"},"wordCount":570,"commentCount":0,"publisher":{"@id":"https:\/\/www.latribunedufaso.net\/#organization"},"image":{"@id":"https:\/\/www.latribunedufaso.net\/?p=19328#primaryimage"},"thumbnailUrl":"https:\/\/www.latribunedufaso.net\/wp-content\/uploads\/2025\/03\/IMG-20250310-WA0024.jpg","keywords":["Coop\u00e9ration Burkina-Ghana","latribunedufaso.net","visite Pr\u00e9sident ghan\u00e9en John Dramani Mahama au Burkina"],"articleSection":["A la une","Actualit\u00e9","Soci\u00e9t\u00e9"],"inLanguage":"fr-FR","potentialAction":[{"@type":"CommentAction","name":"Comment","target":["https:\/\/www.latribunedufaso.net\/?p=19328#respond"]}]},{"@type":"WebPage","@id":"https:\/\/www.latribunedufaso.net\/?p=19328","url":"https:\/\/www.latribunedufaso.net\/?p=19328","name":"Visite de travail du Pr\u00e9sident ghan\u00e9en au Burkina Faso : Un vol a\u00e9rien quotidien et un gazoduc entre les deux pays pour bient\u00f4t - La Tribune du Faso","isPartOf":{"@id":"https:\/\/www.latribunedufaso.net\/#website"},"primaryImageOfPage":{"@id":"https:\/\/www.latribunedufaso.net\/?p=19328#primaryimage"},"image":{"@id":"https:\/\/www.latribunedufaso.net\/?p=19328#primaryimage"},"thumbnailUrl":"https:\/\/www.latribunedufaso.net\/wp-content\/uploads\/2025\/03\/IMG-20250310-WA0024.jpg","datePublished":"2025-03-10T18:40:02+00:00","dateModified":"2025-03-10T18:44:58+00:00","breadcrumb":{"@id":"https:\/\/www.latribunedufaso.net\/?p=19328#breadcrumb"},"inLanguage":"fr-FR","potentialAction":[{"@type":"ReadAction","target":["https:\/\/www.latribunedufaso.net\/?p=19328"]}]},{"@type":"ImageObject","inLanguage":"fr-FR","@id":"https:\/\/www.latribunedufaso.net\/?p=19328#primaryimage","url":"https:\/\/www.latribunedufaso.net\/wp-content\/uploads\/2025\/03\/IMG-20250310-WA0024.jpg","contentUrl":"https:\/\/www.latribunedufaso.net\/wp-content\/uploads\/2025\/03\/IMG-20250310-WA0024.jpg","width":1080,"height":736,"caption":"Point de presse du pr\u00e9sident ghan\u00e9en John Dramani Mahama a l'issue de sa visite d'amiti\u00e9 et de travail au Burkina, 10 mars 2025"},{"@type":"BreadcrumbList","@id":"https:\/\/www.latribunedufaso.net\/?p=19328#breadcrumb","itemListElement":[{"@type":"ListItem","position":1,"name":"Accueil","item":"https:\/\/www.latribunedufaso.net\/"},{"@type":"ListItem","position":2,"name":"Visite de travail du Pr\u00e9sident ghan\u00e9en au Burkina Faso : Un vol a\u00e9rien quotidien et un gazoduc entre les deux pays pour bient\u00f4t"}]},{"@type":"WebSite","@id":"https:\/\/www.latribunedufaso.net\/#website","url":"https:\/\/www.latribunedufaso.net\/","name":"La Tribune du Faso","description":"L&#039;information du monde rural en un clic","publisher":{"@id":"https:\/\/www.latribunedufaso.net\/#organization"},"potentialAction":[{"@type":"SearchAction","target":{"@type":"EntryPoint","urlTemplate":"https:\/\/www.latribunedufaso.net\/?s={search_term_string}"},"query-input":{"@type":"PropertyValueSpecification","valueRequired":true,"valueName":"search_term_string"}}],"inLanguage":"fr-FR"},{"@type":"Organization","@id":"https:\/\/www.latribunedufaso.net\/#organization","name":"La Tribune du Faso","url":"https:\/\/www.latribunedufaso.net\/","logo":{"@type":"ImageObject","inLanguage":"fr-FR","@id":"https:\/\/www.latribunedufaso.net\/#\/schema\/logo\/image\/","url":"https:\/\/www.latribunedufaso.net\/wp-content\/uploads\/2020\/08\/Logo-Tribune-du-Faso-final-scaled.jpg","contentUrl":"https:\/\/www.latribunedufaso.net\/wp-content\/uploads\/2020\/08\/Logo-Tribune-du-Faso-final-scaled.jpg","width":2560,"height":1856,"caption":"La Tribune du Faso"},"image":{"@id":"https:\/\/www.latribunedufaso.net\/#\/schema\/logo\/image\/"},"sameAs":["https:\/\/www.facebook.com\/LatribuneduFaso\/"]},{"@type":"Person","@id":"https:\/\/www.latribunedufaso.net\/#\/schema\/person\/e54e64c5778a7e72cf80a318b7a622b0","name":"Issouf Tapsoba","image":{"@type":"ImageObject","inLanguage":"fr-FR","@id":"https:\/\/secure.gravatar.com\/avatar\/5e6c05150ce3230247d167f5b94d678eb05936197436d69b7921e3a95c9107ac?s=96&d=mm&r=g","url":"https:\/\/secure.gravatar.com\/avatar\/5e6c05150ce3230247d167f5b94d678eb05936197436d69b7921e3a95c9107ac?s=96&d=mm&r=g","contentUrl":"https:\/\/secure.gravatar.com\/avatar\/5e6c05150ce3230247d167f5b94d678eb05936197436d69b7921e3a95c9107ac?s=96&d=mm&r=g","caption":"Issouf Tapsoba"},"url":"https:\/\/www.latribunedufaso.net\/?author=5"}]}},"_links":{"self":[{"href":"https:\/\/www.latribunedufaso.net\/index.php?rest_route=\/wp\/v2\/posts\/19328","targetHints":{"allow":["GET"]}}],"collection":[{"href":"https:\/\/www.latribunedufaso.net\/index.php?rest_route=\/wp\/v2\/posts"}],"about":[{"href":"https:\/\/www.latribunedufaso.net\/index.php?rest_route=\/wp\/v2\/types\/post"}],"author":[{"embeddable":true,"href":"https:\/\/www.latribunedufaso.net\/index.php?rest_route=\/wp\/v2\/users\/5"}],"replies":[{"embeddable":true,"href":"https:\/\/www.latribunedufaso.net\/index.php?rest_route=%2Fwp%2Fv2%2Fcomments&post=19328"}],"version-history":[{"count":4,"href":"https:\/\/www.latribunedufaso.net\/index.php?rest_route=\/wp\/v2\/posts\/19328\/revisions"}],"predecessor-version":[{"id":19335,"href":"https:\/\/www.latribunedufaso.net\/index.php?rest_route=\/wp\/v2\/posts\/19328\/revisions\/19335"}],"wp:featuredmedia":[{"embeddable":true,"href":"https:\/\/www.latribunedufaso.net\/index.php?rest_route=\/wp\/v2\/media\/19330"}],"wp:attachment":[{"href":"https:\/\/www.latribunedufaso.net\/index.php?rest_route=%2Fwp%2Fv2%2Fmedia&parent=19328"}],"wp:term":[{"taxonomy":"category","embeddable":true,"href":"https:\/\/www.latribunedufaso.net\/index.php?rest_route=%2Fwp%2Fv2%2Fcategories&post=19328"},{"taxonomy":"post_tag","embeddable":true,"href":"https:\/\/www.latribunedufaso.net\/index.php?rest_route=%2Fwp%2Fv2%2Ftags&post=19328"}],"curies":[{"name":"wp","href":"https:\/\/api.w.org\/{rel}","templated":true}]}}