{"id":19323,"date":"2025-03-10T15:12:27","date_gmt":"2025-03-10T15:12:27","guid":{"rendered":"https:\/\/www.latribunedufaso.net\/?p=19323"},"modified":"2025-03-17T21:37:01","modified_gmt":"2025-03-17T21:37:01","slug":"eliminatoires-coupe-du-monde-2026-voici-la-liste-des-25-joueurs-retenus","status":"publish","type":"post","link":"https:\/\/www.latribunedufaso.net\/?p=19323","title":{"rendered":"\u00c9liminatoires Coupe du monde 2026 : Voici la liste des 25 joueurs retenus pour les 5e et 6e journ\u00e9es"},"content":{"rendered":"<p><strong><span style=\"font-size: 1.0625rem;\">Le s\u00e9lectionneur des \u00c9talons, Brama Traor\u00e9 a d\u00e9voil\u00e9 la liste des joueurs retenus pour les matchs de 4e et de 5e journ\u00e9e des \u00e9liminatoires de la coupe du monde 2026. C&rsquo;\u00e9tait a l&rsquo;occasion d&rsquo;une conf\u00e9rence de presse organis\u00e9e le 10 mars 2025 \u00e0 Ouagadougou.<\/span><\/strong><!--more--><\/p>\n<p>Dans cette liste, quatre joueurs connaissent leur premi\u00e8re s\u00e9lection. Il s&rsquo;agit de Guy A. Kouassi de AC Ajaccio (France), Memel Dao de As Sonabel (Burkina Faso), Cyriaque Kalou Bi Iri\u00e9 de Troyes, (France) et de Mohamed Zoungrana de Mouloudia Club (Alg\u00e9rie).<\/p>\n<blockquote>\n<p>Lire aussi &gt;&gt; <a href=\"https:\/\/www.latribunedufaso.net\/?p=13979\">Football : Aristide Banc\u00e9 d\u00e9sormais charg\u00e9 de d\u00e9tecter les joueurs burkinab\u00e8 \u00e0 l\u2019\u00e9tranger<\/a><\/p>\n<\/blockquote>\n<p>Selon Brama Traor\u00e9, des efforts sont mises en \u0153uvre pour renforcer l&rsquo;\u00e9quipe avec de nouvelles comp\u00e9tences. A l&rsquo;\u00e9couter, la qu\u00eate des binationaux commence \u00e0 porter fruit. Notons que Guy A. Kouassi, Cyriaque Kalou Bi Iri\u00e9 et Mohamed Zoungrana sont des binationaux.<\/p>\n<figure id=\"attachment_19324\" aria-describedby=\"caption-attachment-19324\" style=\"width: 2560px\" class=\"wp-caption aligncenter\"><a href=\"https:\/\/www.latribunedufaso.net\/wp-content\/uploads\/2025\/03\/IMG_20250310_103909_198-scaled.jpg\"><img loading=\"lazy\" decoding=\"async\" class=\"size-full wp-image-19324\" src=\"https:\/\/www.latribunedufaso.net\/wp-content\/uploads\/2025\/03\/IMG_20250310_103909_198-scaled.jpg\" alt=\"Conf\u00e9rence de presse du s\u00e9lectionneur Brama Traor\u00e9 pour d\u00e9voiler la liste des joueurs retenus pour disputer la 5e et 6e journ\u00e9e des \u00e9liminatoires Coupe du monde 2026, 10 mars 2025\" width=\"2560\" height=\"1920\" srcset=\"https:\/\/www.latribunedufaso.net\/wp-content\/uploads\/2025\/03\/IMG_20250310_103909_198-scaled.jpg 2560w, https:\/\/www.latribunedufaso.net\/wp-content\/uploads\/2025\/03\/IMG_20250310_103909_198-300x225.jpg 300w, https:\/\/www.latribunedufaso.net\/wp-content\/uploads\/2025\/03\/IMG_20250310_103909_198-1024x768.jpg 1024w, https:\/\/www.latribunedufaso.net\/wp-content\/uploads\/2025\/03\/IMG_20250310_103909_198-768x576.jpg 768w, https:\/\/www.latribunedufaso.net\/wp-content\/uploads\/2025\/03\/IMG_20250310_103909_198-1536x1152.jpg 1536w, https:\/\/www.latribunedufaso.net\/wp-content\/uploads\/2025\/03\/IMG_20250310_103909_198-2048x1536.jpg 2048w\" sizes=\"auto, (max-width: 2560px) 100vw, 2560px\" \/><\/a><figcaption id=\"caption-attachment-19324\" class=\"wp-caption-text\">Le s\u00e9lectionneur des \u00c9talons, Brama Traor\u00e9 &#8211; Ph. I. Tapsoba<\/figcaption><\/figure>\n<p>En ce qui concerne le dossier Alban Lafont,<em><strong> \u00ab les discussions sont en cours \u00bb<\/strong><\/em>, a confi\u00e9 Brama Traor\u00e9.<em><strong> \u00ab Nous attendons le mois d&rsquo;avril pour repartir. Je pense qu&rsquo;il peut nous servir. C&rsquo;est un tr\u00e8s bon gardien \u00bb<\/strong><\/em>, a-t-il poursuivi.<\/p>\n<p>&nbsp;<\/p>\n<p><iframe loading=\"lazy\" width=\"560\" height=\"315\" src=\"https:\/\/www.youtube.com\/embed\/8GnoA5XdW7I?si=axTYoZvRS7D4wALc\" title=\"YouTube video player\" frameborder=\"0\" allow=\"accelerometer; autoplay; clipboard-write; encrypted-media; gyroscope; picture-in-picture; web-share\" referrerpolicy=\"strict-origin-when-cross-origin\" allowfullscreen><\/iframe><\/p>\n<p><strong>Voici la liste des joueurs s\u00e9lectionn\u00e9s :<\/strong><\/p>\n<p><strong>Gardiens (3)<\/strong><\/p>\n<p>1. Herv\u00e9 KOFFI (RC Lens, France)<\/p>\n<p>2. Kylian NIKIEMA (ADO La Haye, Pays-Bas)<\/p>\n<p>3. Farid OUEDRAOGO (AS Vita Club, RD Congo)<\/p>\n<p><strong>D\u00e9fenseurs (8)<\/strong><\/p>\n<p>4. Issa KABORE (Werder Br\u00eame, Allemagne)<\/p>\n<p>5. Edmond TAPSOBA (Bayer Leverkusen, Allemagne)<\/p>\n<p>6. Issoufou DAYO (RS Berkane, Maroc)<\/p>\n<p>7. Nasser DJIGA (Wolves, Angleterre)<\/p>\n<p>8. Steeve F. YAGO (Aris Limassol, Chypre)<\/p>\n<p>9. Adamo NAGALO (PSV Eindhoven, Pays-Bas)<\/p>\n<p>10. Mohamed YABRE (ASEC, C\u00f4te d&rsquo;Ivoire)<\/p>\n<p>11. Guy A. KOUASSI (AC Ajaccio, France)<\/p>\n<p><strong>Milieux de terrain (8)<\/strong><\/p>\n<p>12. Memel DAO (As Sonabel, Burkina Faso)<\/p>\n<p>13. C\u00e9dric BADOLO (Spartak Trnava, Slovaquie)<\/p>\n<p>14. Mohamed ZOUNGRANA (Mouloudia Club, Alg\u00e9rie)<\/p>\n<p>15. Blati TOURE (Pyramide FC, \u00c9gypte)<\/p>\n<p>16. Josu\u00e9 TIENDREBEOGO (FC Annecy, France)<\/p>\n<p>17. Saidou SIMPORE (National Bank of Egypt SC, \u00c9gypte)<\/p>\n<p>18. Dramane SALOU (FK Sloutsk, Bi\u00e9lorussie)<\/p>\n<p>19. Isma\u00efla OUEDRAOGO (Atromitos FC, Gr\u00e8ce)<\/p>\n<p><strong>Attaquants (6)<\/strong><\/p>\n<p>20. Franck Lassina TRAORE (Shakhtar Donetsk, Ukraine)<\/p>\n<p>21. Dango OUATTARA (Bournemouth, Angleterre)<\/p>\n<p>22. Bertrand TRAORE (Ajax Amsterdam, Pays-Bas)<\/p>\n<p>23. Hassane BANDE (HJK Helsinki, Finlande)<\/p>\n<p>24. Mohamed KONATE (Al-Riyadh FC, Arabie Saoudit<span style=\"font-size: 1.0625rem;\">e)<\/span><\/p>\n<p>25. Cyriaque Kalou Bi Iri\u00e9 (Troyes, France)\u00a0<\/p>\n<p><strong>Issouf TAPSOBA\u00a0<\/strong><\/p>\n<p><strong>latribunedufaso.net<\/strong><\/p>\n","protected":false},"excerpt":{"rendered":"<p>Le s\u00e9lectionneur des \u00c9talons, Brama Traor\u00e9 a d\u00e9voil\u00e9 la liste des joueurs retenus pour les matchs de 4e et de 5e journ\u00e9e des \u00e9liminatoires de la coupe du monde 2026. C&rsquo;\u00e9tait a l&rsquo;occasion d&rsquo;une conf\u00e9rence de presse organis\u00e9e le 10 mars 2025 \u00e0 Ouagadougou.<\/p>\n","protected":false},"author":5,"featured_media":19325,"comment_status":"open","ping_status":"open","sticky":false,"template":"","format":"standard","meta":{"footnotes":""},"categories":[13,1,17],"tags":[782,139,39,783],"class_list":["post-19323","post","type-post","status-publish","format-standard","has-post-thumbnail","hentry","category-une","category-actu","category-sport","tag-eliminatoires-coupe-du-monde-2026","tag-football","tag-latribunedufaso-net","tag-liste-des-etalons-pour-les-eliminatoires-coupe-du-monde-2026"],"yoast_head":"<!-- This site is optimized with the Yoast SEO plugin v27.5 - https:\/\/yoast.com\/product\/yoast-seo-wordpress\/ -->\n<title>\u00c9liminatoires Coupe du monde 2026 : Voici la liste des 25 joueurs retenus pour les 5e et 6e journ\u00e9es - La Tribune du Faso<\/title>\n<meta name=\"robots\" content=\"index, follow, max-snippet:-1, max-image-preview:large, max-video-preview:-1\" \/>\n<link rel=\"canonical\" href=\"https:\/\/www.latribunedufaso.net\/?p=19323\" \/>\n<meta property=\"og:locale\" content=\"fr_FR\" \/>\n<meta property=\"og:type\" content=\"article\" \/>\n<meta property=\"og:title\" content=\"\u00c9liminatoires Coupe du monde 2026 : Voici la liste des 25 joueurs retenus pour les 5e et 6e journ\u00e9es - La Tribune du Faso\" \/>\n<meta property=\"og:description\" content=\"Le s\u00e9lectionneur des \u00c9talons, Brama Traor\u00e9 a d\u00e9voil\u00e9 la liste des joueurs retenus pour les matchs de 4e et de 5e journ\u00e9e des \u00e9liminatoires de la coupe du monde 2026. C&rsquo;\u00e9tait a l&rsquo;occasion d&rsquo;une conf\u00e9rence de presse organis\u00e9e le 10 mars 2025 \u00e0 Ouagadougou.\" \/>\n<meta property=\"og:url\" content=\"https:\/\/www.latribunedufaso.net\/?p=19323\" \/>\n<meta property=\"og:site_name\" content=\"La Tribune du Faso\" \/>\n<meta property=\"article:publisher\" content=\"https:\/\/www.facebook.com\/LatribuneduFaso\/\" \/>\n<meta property=\"article:published_time\" content=\"2025-03-10T15:12:27+00:00\" \/>\n<meta property=\"article:modified_time\" content=\"2025-03-17T21:37:01+00:00\" \/>\n<meta property=\"og:image\" content=\"https:\/\/www.latribunedufaso.net\/wp-content\/uploads\/2025\/03\/IMG_20250310_103844_147-scaled.jpg\" \/>\n\t<meta property=\"og:image:width\" content=\"2560\" \/>\n\t<meta property=\"og:image:height\" content=\"1920\" \/>\n\t<meta property=\"og:image:type\" content=\"image\/jpeg\" \/>\n<meta name=\"author\" content=\"Issouf Tapsoba\" \/>\n<meta name=\"twitter:label1\" content=\"\u00c9crit par\" \/>\n\t<meta name=\"twitter:data1\" content=\"Issouf Tapsoba\" \/>\n\t<meta name=\"twitter:label2\" content=\"Dur\u00e9e de lecture estim\u00e9e\" \/>\n\t<meta name=\"twitter:data2\" content=\"2 minutes\" \/>\n<script type=\"application\/ld+json\" class=\"yoast-schema-graph\">{\"@context\":\"https:\\\/\\\/schema.org\",\"@graph\":[{\"@type\":\"Article\",\"@id\":\"https:\\\/\\\/www.latribunedufaso.net\\\/?p=19323#article\",\"isPartOf\":{\"@id\":\"https:\\\/\\\/www.latribunedufaso.net\\\/?p=19323\"},\"author\":{\"name\":\"Issouf Tapsoba\",\"@id\":\"https:\\\/\\\/www.latribunedufaso.net\\\/#\\\/schema\\\/person\\\/e54e64c5778a7e72cf80a318b7a622b0\"},\"headline\":\"\u00c9liminatoires Coupe du monde 2026 : Voici la liste des 25 joueurs retenus pour les 5e et 6e journ\u00e9es\",\"datePublished\":\"2025-03-10T15:12:27+00:00\",\"dateModified\":\"2025-03-17T21:37:01+00:00\",\"mainEntityOfPage\":{\"@id\":\"https:\\\/\\\/www.latribunedufaso.net\\\/?p=19323\"},\"wordCount\":394,\"commentCount\":0,\"publisher\":{\"@id\":\"https:\\\/\\\/www.latribunedufaso.net\\\/#organization\"},\"image\":{\"@id\":\"https:\\\/\\\/www.latribunedufaso.net\\\/?p=19323#primaryimage\"},\"thumbnailUrl\":\"https:\\\/\\\/www.latribunedufaso.net\\\/wp-content\\\/uploads\\\/2025\\\/03\\\/IMG_20250310_103844_147-scaled.jpg\",\"keywords\":[\"\u00c9liminatoires Coupe du monde 2026\",\"Football\",\"latribunedufaso.net\",\"Liste des \u00e9talons pour les \u00e9liminatoires Coupe du monde 2026\"],\"articleSection\":[\"A la une\",\"Actualit\u00e9\",\"Sport\"],\"inLanguage\":\"fr-FR\",\"potentialAction\":[{\"@type\":\"CommentAction\",\"name\":\"Comment\",\"target\":[\"https:\\\/\\\/www.latribunedufaso.net\\\/?p=19323#respond\"]}]},{\"@type\":\"WebPage\",\"@id\":\"https:\\\/\\\/www.latribunedufaso.net\\\/?p=19323\",\"url\":\"https:\\\/\\\/www.latribunedufaso.net\\\/?p=19323\",\"name\":\"\u00c9liminatoires Coupe du monde 2026 : Voici la liste des 25 joueurs retenus pour les 5e et 6e journ\u00e9es - La Tribune du Faso\",\"isPartOf\":{\"@id\":\"https:\\\/\\\/www.latribunedufaso.net\\\/#website\"},\"primaryImageOfPage\":{\"@id\":\"https:\\\/\\\/www.latribunedufaso.net\\\/?p=19323#primaryimage\"},\"image\":{\"@id\":\"https:\\\/\\\/www.latribunedufaso.net\\\/?p=19323#primaryimage\"},\"thumbnailUrl\":\"https:\\\/\\\/www.latribunedufaso.net\\\/wp-content\\\/uploads\\\/2025\\\/03\\\/IMG_20250310_103844_147-scaled.jpg\",\"datePublished\":\"2025-03-10T15:12:27+00:00\",\"dateModified\":\"2025-03-17T21:37:01+00:00\",\"breadcrumb\":{\"@id\":\"https:\\\/\\\/www.latribunedufaso.net\\\/?p=19323#breadcrumb\"},\"inLanguage\":\"fr-FR\",\"potentialAction\":[{\"@type\":\"ReadAction\",\"target\":[\"https:\\\/\\\/www.latribunedufaso.net\\\/?p=19323\"]}]},{\"@type\":\"ImageObject\",\"inLanguage\":\"fr-FR\",\"@id\":\"https:\\\/\\\/www.latribunedufaso.net\\\/?p=19323#primaryimage\",\"url\":\"https:\\\/\\\/www.latribunedufaso.net\\\/wp-content\\\/uploads\\\/2025\\\/03\\\/IMG_20250310_103844_147-scaled.jpg\",\"contentUrl\":\"https:\\\/\\\/www.latribunedufaso.net\\\/wp-content\\\/uploads\\\/2025\\\/03\\\/IMG_20250310_103844_147-scaled.jpg\",\"width\":2560,\"height\":1920,\"caption\":\"Conf\u00e9rence de presse du s\u00e9lectionneur Brama Traor\u00e9 pour d\u00e9voiler la liste des joueurs retenus pour disputer la 5e et 6e journ\u00e9e des \u00e9liminatoires Coupe du monde 2026, 10 mars 2025\"},{\"@type\":\"BreadcrumbList\",\"@id\":\"https:\\\/\\\/www.latribunedufaso.net\\\/?p=19323#breadcrumb\",\"itemListElement\":[{\"@type\":\"ListItem\",\"position\":1,\"name\":\"Accueil\",\"item\":\"https:\\\/\\\/www.latribunedufaso.net\\\/\"},{\"@type\":\"ListItem\",\"position\":2,\"name\":\"\u00c9liminatoires Coupe du monde 2026 : Voici la liste des 25 joueurs retenus pour les 5e et 6e journ\u00e9es\"}]},{\"@type\":\"WebSite\",\"@id\":\"https:\\\/\\\/www.latribunedufaso.net\\\/#website\",\"url\":\"https:\\\/\\\/www.latribunedufaso.net\\\/\",\"name\":\"La Tribune du Faso\",\"description\":\"L&#039;information du monde rural en un clic\",\"publisher\":{\"@id\":\"https:\\\/\\\/www.latribunedufaso.net\\\/#organization\"},\"potentialAction\":[{\"@type\":\"SearchAction\",\"target\":{\"@type\":\"EntryPoint\",\"urlTemplate\":\"https:\\\/\\\/www.latribunedufaso.net\\\/?s={search_term_string}\"},\"query-input\":{\"@type\":\"PropertyValueSpecification\",\"valueRequired\":true,\"valueName\":\"search_term_string\"}}],\"inLanguage\":\"fr-FR\"},{\"@type\":\"Organization\",\"@id\":\"https:\\\/\\\/www.latribunedufaso.net\\\/#organization\",\"name\":\"La Tribune du Faso\",\"url\":\"https:\\\/\\\/www.latribunedufaso.net\\\/\",\"logo\":{\"@type\":\"ImageObject\",\"inLanguage\":\"fr-FR\",\"@id\":\"https:\\\/\\\/www.latribunedufaso.net\\\/#\\\/schema\\\/logo\\\/image\\\/\",\"url\":\"https:\\\/\\\/www.latribunedufaso.net\\\/wp-content\\\/uploads\\\/2020\\\/08\\\/Logo-Tribune-du-Faso-final-scaled.jpg\",\"contentUrl\":\"https:\\\/\\\/www.latribunedufaso.net\\\/wp-content\\\/uploads\\\/2020\\\/08\\\/Logo-Tribune-du-Faso-final-scaled.jpg\",\"width\":2560,\"height\":1856,\"caption\":\"La Tribune du Faso\"},\"image\":{\"@id\":\"https:\\\/\\\/www.latribunedufaso.net\\\/#\\\/schema\\\/logo\\\/image\\\/\"},\"sameAs\":[\"https:\\\/\\\/www.facebook.com\\\/LatribuneduFaso\\\/\"]},{\"@type\":\"Person\",\"@id\":\"https:\\\/\\\/www.latribunedufaso.net\\\/#\\\/schema\\\/person\\\/e54e64c5778a7e72cf80a318b7a622b0\",\"name\":\"Issouf Tapsoba\",\"image\":{\"@type\":\"ImageObject\",\"inLanguage\":\"fr-FR\",\"@id\":\"https:\\\/\\\/secure.gravatar.com\\\/avatar\\\/5e6c05150ce3230247d167f5b94d678eb05936197436d69b7921e3a95c9107ac?s=96&d=mm&r=g\",\"url\":\"https:\\\/\\\/secure.gravatar.com\\\/avatar\\\/5e6c05150ce3230247d167f5b94d678eb05936197436d69b7921e3a95c9107ac?s=96&d=mm&r=g\",\"contentUrl\":\"https:\\\/\\\/secure.gravatar.com\\\/avatar\\\/5e6c05150ce3230247d167f5b94d678eb05936197436d69b7921e3a95c9107ac?s=96&d=mm&r=g\",\"caption\":\"Issouf Tapsoba\"},\"url\":\"https:\\\/\\\/www.latribunedufaso.net\\\/?author=5\"}]}<\/script>\n<!-- \/ Yoast SEO plugin. -->","yoast_head_json":{"title":"\u00c9liminatoires Coupe du monde 2026 : Voici la liste des 25 joueurs retenus pour les 5e et 6e journ\u00e9es - La Tribune du Faso","robots":{"index":"index","follow":"follow","max-snippet":"max-snippet:-1","max-image-preview":"max-image-preview:large","max-video-preview":"max-video-preview:-1"},"canonical":"https:\/\/www.latribunedufaso.net\/?p=19323","og_locale":"fr_FR","og_type":"article","og_title":"\u00c9liminatoires Coupe du monde 2026 : Voici la liste des 25 joueurs retenus pour les 5e et 6e journ\u00e9es - La Tribune du Faso","og_description":"Le s\u00e9lectionneur des \u00c9talons, Brama Traor\u00e9 a d\u00e9voil\u00e9 la liste des joueurs retenus pour les matchs de 4e et de 5e journ\u00e9e des \u00e9liminatoires de la coupe du monde 2026. C&rsquo;\u00e9tait a l&rsquo;occasion d&rsquo;une conf\u00e9rence de presse organis\u00e9e le 10 mars 2025 \u00e0 Ouagadougou.","og_url":"https:\/\/www.latribunedufaso.net\/?p=19323","og_site_name":"La Tribune du Faso","article_publisher":"https:\/\/www.facebook.com\/LatribuneduFaso\/","article_published_time":"2025-03-10T15:12:27+00:00","article_modified_time":"2025-03-17T21:37:01+00:00","og_image":[{"width":2560,"height":1920,"url":"https:\/\/www.latribunedufaso.net\/wp-content\/uploads\/2025\/03\/IMG_20250310_103844_147-scaled.jpg","type":"image\/jpeg"}],"author":"Issouf Tapsoba","twitter_misc":{"\u00c9crit par":"Issouf Tapsoba","Dur\u00e9e de lecture estim\u00e9e":"2 minutes"},"schema":{"@context":"https:\/\/schema.org","@graph":[{"@type":"Article","@id":"https:\/\/www.latribunedufaso.net\/?p=19323#article","isPartOf":{"@id":"https:\/\/www.latribunedufaso.net\/?p=19323"},"author":{"name":"Issouf Tapsoba","@id":"https:\/\/www.latribunedufaso.net\/#\/schema\/person\/e54e64c5778a7e72cf80a318b7a622b0"},"headline":"\u00c9liminatoires Coupe du monde 2026 : Voici la liste des 25 joueurs retenus pour les 5e et 6e journ\u00e9es","datePublished":"2025-03-10T15:12:27+00:00","dateModified":"2025-03-17T21:37:01+00:00","mainEntityOfPage":{"@id":"https:\/\/www.latribunedufaso.net\/?p=19323"},"wordCount":394,"commentCount":0,"publisher":{"@id":"https:\/\/www.latribunedufaso.net\/#organization"},"image":{"@id":"https:\/\/www.latribunedufaso.net\/?p=19323#primaryimage"},"thumbnailUrl":"https:\/\/www.latribunedufaso.net\/wp-content\/uploads\/2025\/03\/IMG_20250310_103844_147-scaled.jpg","keywords":["\u00c9liminatoires Coupe du monde 2026","Football","latribunedufaso.net","Liste des \u00e9talons pour les \u00e9liminatoires Coupe du monde 2026"],"articleSection":["A la une","Actualit\u00e9","Sport"],"inLanguage":"fr-FR","potentialAction":[{"@type":"CommentAction","name":"Comment","target":["https:\/\/www.latribunedufaso.net\/?p=19323#respond"]}]},{"@type":"WebPage","@id":"https:\/\/www.latribunedufaso.net\/?p=19323","url":"https:\/\/www.latribunedufaso.net\/?p=19323","name":"\u00c9liminatoires Coupe du monde 2026 : Voici la liste des 25 joueurs retenus pour les 5e et 6e journ\u00e9es - La Tribune du Faso","isPartOf":{"@id":"https:\/\/www.latribunedufaso.net\/#website"},"primaryImageOfPage":{"@id":"https:\/\/www.latribunedufaso.net\/?p=19323#primaryimage"},"image":{"@id":"https:\/\/www.latribunedufaso.net\/?p=19323#primaryimage"},"thumbnailUrl":"https:\/\/www.latribunedufaso.net\/wp-content\/uploads\/2025\/03\/IMG_20250310_103844_147-scaled.jpg","datePublished":"2025-03-10T15:12:27+00:00","dateModified":"2025-03-17T21:37:01+00:00","breadcrumb":{"@id":"https:\/\/www.latribunedufaso.net\/?p=19323#breadcrumb"},"inLanguage":"fr-FR","potentialAction":[{"@type":"ReadAction","target":["https:\/\/www.latribunedufaso.net\/?p=19323"]}]},{"@type":"ImageObject","inLanguage":"fr-FR","@id":"https:\/\/www.latribunedufaso.net\/?p=19323#primaryimage","url":"https:\/\/www.latribunedufaso.net\/wp-content\/uploads\/2025\/03\/IMG_20250310_103844_147-scaled.jpg","contentUrl":"https:\/\/www.latribunedufaso.net\/wp-content\/uploads\/2025\/03\/IMG_20250310_103844_147-scaled.jpg","width":2560,"height":1920,"caption":"Conf\u00e9rence de presse du s\u00e9lectionneur Brama Traor\u00e9 pour d\u00e9voiler la liste des joueurs retenus pour disputer la 5e et 6e journ\u00e9e des \u00e9liminatoires Coupe du monde 2026, 10 mars 2025"},{"@type":"BreadcrumbList","@id":"https:\/\/www.latribunedufaso.net\/?p=19323#breadcrumb","itemListElement":[{"@type":"ListItem","position":1,"name":"Accueil","item":"https:\/\/www.latribunedufaso.net\/"},{"@type":"ListItem","position":2,"name":"\u00c9liminatoires Coupe du monde 2026 : Voici la liste des 25 joueurs retenus pour les 5e et 6e journ\u00e9es"}]},{"@type":"WebSite","@id":"https:\/\/www.latribunedufaso.net\/#website","url":"https:\/\/www.latribunedufaso.net\/","name":"La Tribune du Faso","description":"L&#039;information du monde rural en un clic","publisher":{"@id":"https:\/\/www.latribunedufaso.net\/#organization"},"potentialAction":[{"@type":"SearchAction","target":{"@type":"EntryPoint","urlTemplate":"https:\/\/www.latribunedufaso.net\/?s={search_term_string}"},"query-input":{"@type":"PropertyValueSpecification","valueRequired":true,"valueName":"search_term_string"}}],"inLanguage":"fr-FR"},{"@type":"Organization","@id":"https:\/\/www.latribunedufaso.net\/#organization","name":"La Tribune du Faso","url":"https:\/\/www.latribunedufaso.net\/","logo":{"@type":"ImageObject","inLanguage":"fr-FR","@id":"https:\/\/www.latribunedufaso.net\/#\/schema\/logo\/image\/","url":"https:\/\/www.latribunedufaso.net\/wp-content\/uploads\/2020\/08\/Logo-Tribune-du-Faso-final-scaled.jpg","contentUrl":"https:\/\/www.latribunedufaso.net\/wp-content\/uploads\/2020\/08\/Logo-Tribune-du-Faso-final-scaled.jpg","width":2560,"height":1856,"caption":"La Tribune du Faso"},"image":{"@id":"https:\/\/www.latribunedufaso.net\/#\/schema\/logo\/image\/"},"sameAs":["https:\/\/www.facebook.com\/LatribuneduFaso\/"]},{"@type":"Person","@id":"https:\/\/www.latribunedufaso.net\/#\/schema\/person\/e54e64c5778a7e72cf80a318b7a622b0","name":"Issouf Tapsoba","image":{"@type":"ImageObject","inLanguage":"fr-FR","@id":"https:\/\/secure.gravatar.com\/avatar\/5e6c05150ce3230247d167f5b94d678eb05936197436d69b7921e3a95c9107ac?s=96&d=mm&r=g","url":"https:\/\/secure.gravatar.com\/avatar\/5e6c05150ce3230247d167f5b94d678eb05936197436d69b7921e3a95c9107ac?s=96&d=mm&r=g","contentUrl":"https:\/\/secure.gravatar.com\/avatar\/5e6c05150ce3230247d167f5b94d678eb05936197436d69b7921e3a95c9107ac?s=96&d=mm&r=g","caption":"Issouf Tapsoba"},"url":"https:\/\/www.latribunedufaso.net\/?author=5"}]}},"_links":{"self":[{"href":"https:\/\/www.latribunedufaso.net\/index.php?rest_route=\/wp\/v2\/posts\/19323","targetHints":{"allow":["GET"]}}],"collection":[{"href":"https:\/\/www.latribunedufaso.net\/index.php?rest_route=\/wp\/v2\/posts"}],"about":[{"href":"https:\/\/www.latribunedufaso.net\/index.php?rest_route=\/wp\/v2\/types\/post"}],"author":[{"embeddable":true,"href":"https:\/\/www.latribunedufaso.net\/index.php?rest_route=\/wp\/v2\/users\/5"}],"replies":[{"embeddable":true,"href":"https:\/\/www.latribunedufaso.net\/index.php?rest_route=%2Fwp%2Fv2%2Fcomments&post=19323"}],"version-history":[{"count":3,"href":"https:\/\/www.latribunedufaso.net\/index.php?rest_route=\/wp\/v2\/posts\/19323\/revisions"}],"predecessor-version":[{"id":19498,"href":"https:\/\/www.latribunedufaso.net\/index.php?rest_route=\/wp\/v2\/posts\/19323\/revisions\/19498"}],"wp:featuredmedia":[{"embeddable":true,"href":"https:\/\/www.latribunedufaso.net\/index.php?rest_route=\/wp\/v2\/media\/19325"}],"wp:attachment":[{"href":"https:\/\/www.latribunedufaso.net\/index.php?rest_route=%2Fwp%2Fv2%2Fmedia&parent=19323"}],"wp:term":[{"taxonomy":"category","embeddable":true,"href":"https:\/\/www.latribunedufaso.net\/index.php?rest_route=%2Fwp%2Fv2%2Fcategories&post=19323"},{"taxonomy":"post_tag","embeddable":true,"href":"https:\/\/www.latribunedufaso.net\/index.php?rest_route=%2Fwp%2Fv2%2Ftags&post=19323"}],"curies":[{"name":"wp","href":"https:\/\/api.w.org\/{rel}","templated":true}]}}