{"id":19304,"date":"2025-03-09T18:54:11","date_gmt":"2025-03-09T18:54:11","guid":{"rendered":"https:\/\/www.latribunedufaso.net\/?p=19304"},"modified":"2025-03-09T21:52:43","modified_gmt":"2025-03-09T21:52:43","slug":"2e-edition-grand-prix-cycliste-iamgold-essakane-sa-rachid-bouda-de-ajck-remporte-le-maillot-jaune","status":"publish","type":"post","link":"https:\/\/www.latribunedufaso.net\/?p=19304","title":{"rendered":"2e \u00e9dition Grand prix cycliste IAMGOLD Essakane SA : Rachid Bouda de AJCK remport\u00e9 le maillot jaune"},"content":{"rendered":"<p><strong><span style=\"font-size: 1.0625rem;\">La deuxi\u00e8me \u00e9dition du Grand prix cycliste IAMGOLD Essakane SA s\u2019est tenue le 9 mars 2025 sur le boulevard Thomas Sankara \u00e0 Ouagadougou. 116 coureurs (hommes et femmes) issus de 31 clubs y ont prix part. Apr\u00e8s une distance parcourue de 121, 820 km, Rachid Bouda de AJCK arrive en t\u00eate chez les hommes. Il r\u00e9alise une performance de 2h 56 mn 17s avec une vitesse moyenne de 41,462 km\/h. Il est suivi par Arnaud Guiguemd\u00e9 de l\u2019USFA et par Wahab Bouda de AS Bessel.<\/span><\/strong><!--more--><\/p>\n<p>D\u00e9nomm\u00e9e<em><strong> \u00ab P\u00e9dale de la r\u00e9silience et de la paix \u00bb,<\/strong><\/em> cette comp\u00e9tition est organis\u00e9e ce 9 mars 2025 par la soci\u00e9t\u00e9 mini\u00e8re, en partenariat avec la F\u00e9d\u00e9ration burkinab\u00e8 de cyclisme. Deuxi\u00e8me du genre, elle vise avant tout \u00e0 mettre en jambe les athl\u00e8tes pour les comp\u00e9titions \u00e0 venir. La pr\u00e9sente \u00e9dition met \u00e0 l\u2019honneur la <em><strong>\u00ab femme mini\u00e8re, symbole de r\u00e9silience \u00bb. <\/strong><\/em><\/p>\n<p>Rachid Bouda de AJCK, le maillot jaune, a remport\u00e9 le maillot jaune chez les homme apr\u00e8s une course \u00e2prement disput\u00e9e sur une distance de 121, 820 km. Avec une vitesse moyenne de 41,462 km\/h, il franchit la ligne d\u2019arriv\u00e9 en premier au bout de 2h 56 mn 17s. Notons que c\u2019est 84 hommes venus de 19 clubs qui ont particip\u00e9 \u00e0 la course.<\/p>\n<figure id=\"attachment_19306\" aria-describedby=\"caption-attachment-19306\" style=\"width: 2560px\" class=\"wp-caption aligncenter\"><a href=\"https:\/\/www.latribunedufaso.net\/wp-content\/uploads\/2025\/03\/IMG_20250309_081613_879-scaled.jpg\"><img loading=\"lazy\" decoding=\"async\" class=\"size-full wp-image-19306\" src=\"https:\/\/www.latribunedufaso.net\/wp-content\/uploads\/2025\/03\/IMG_20250309_081613_879-scaled.jpg\" alt=\"La 2e \u00e9dition du Grand prix cycliste IAMGOLD Essakane SA, 9 mars 2025\" width=\"2560\" height=\"1920\" srcset=\"https:\/\/www.latribunedufaso.net\/wp-content\/uploads\/2025\/03\/IMG_20250309_081613_879-scaled.jpg 2560w, https:\/\/www.latribunedufaso.net\/wp-content\/uploads\/2025\/03\/IMG_20250309_081613_879-300x225.jpg 300w, https:\/\/www.latribunedufaso.net\/wp-content\/uploads\/2025\/03\/IMG_20250309_081613_879-1024x768.jpg 1024w, https:\/\/www.latribunedufaso.net\/wp-content\/uploads\/2025\/03\/IMG_20250309_081613_879-768x576.jpg 768w, https:\/\/www.latribunedufaso.net\/wp-content\/uploads\/2025\/03\/IMG_20250309_081613_879-1536x1152.jpg 1536w, https:\/\/www.latribunedufaso.net\/wp-content\/uploads\/2025\/03\/IMG_20250309_081613_879-2048x1536.jpg 2048w\" sizes=\"auto, (max-width: 2560px) 100vw, 2560px\" \/><\/a><figcaption id=\"caption-attachment-19306\" class=\"wp-caption-text\">Une vue des cyclistes en pleine course &#8211; Ph. I. Tapsoba<\/figcaption><\/figure>\n<p><em><strong>\u00ab C\u2019est une comp\u00e9tition bien anim\u00e9e. Toutes les \u00e9quipes \u00e9taient en forme \u00bb<\/strong><\/em>, a lanc\u00e9 le maillot jaune avant d\u2019exprim\u00e9 sa joie pour sa performance.<em><strong> \u00ab C\u2019est une grande joie qui m\u2019anime d\u2019avoir gagn\u00e9 ce tour. C&rsquo;est la 3e fois que je gagne sur ce boulevard \u00bb<\/strong><\/em>, s\u2019est-il r\u00e9joui.<\/p>\n<p>Il repart avec un troph\u00e9e, des gadgets et la somme de 500 000 FCFA. Le deuxi\u00e8me, Arnaud Guiguemd\u00e9 de l\u2019USFA remporte 300 000 FCFA et le troisi\u00e8me Wahab Bouda de AS Bessel, 200 000 FCFA.<\/p>\n<figure id=\"attachment_19308\" aria-describedby=\"caption-attachment-19308\" style=\"width: 1080px\" class=\"wp-caption aligncenter\"><a href=\"https:\/\/www.latribunedufaso.net\/wp-content\/uploads\/2025\/03\/IMG-20250309-WA0047.jpg\"><img loading=\"lazy\" decoding=\"async\" class=\"size-full wp-image-19308\" src=\"https:\/\/www.latribunedufaso.net\/wp-content\/uploads\/2025\/03\/IMG-20250309-WA0047.jpg\" alt=\"La 2e \u00e9dition du Grand prix cycliste IAMGOLD Essakane SA, 9 mars 2025\" width=\"1080\" height=\"809\" srcset=\"https:\/\/www.latribunedufaso.net\/wp-content\/uploads\/2025\/03\/IMG-20250309-WA0047.jpg 1080w, https:\/\/www.latribunedufaso.net\/wp-content\/uploads\/2025\/03\/IMG-20250309-WA0047-300x225.jpg 300w, https:\/\/www.latribunedufaso.net\/wp-content\/uploads\/2025\/03\/IMG-20250309-WA0047-1024x767.jpg 1024w, https:\/\/www.latribunedufaso.net\/wp-content\/uploads\/2025\/03\/IMG-20250309-WA0047-768x575.jpg 768w\" sizes=\"auto, (max-width: 1080px) 100vw, 1080px\" \/><\/a><figcaption id=\"caption-attachment-19308\" class=\"wp-caption-text\">Le ministre en charge des Mines, Yacouba Zabr\u00e9 Gouba, patron de la comp\u00e9tition &#8211; Ph. I. Tapsoba<\/figcaption><\/figure>\n<p>La comp\u00e9tition \u00e9tait plac\u00e9e sous la pr\u00e9sidence du ministre en charge des Mines, Yacouba Zabr\u00e9 Gouba. Il a salu\u00e9 cette initiative qui va contribuer \u00e0 rehausseur le niveau des cyclistes burkinab\u00e8.<\/p>\n<p>Pour le Directeur g\u00e9n\u00e9ral de IAMGOLD Essakane SA, Tidiane Barry, sa soci\u00e9t\u00e9 est une mine citoyenne dont le mot d\u2019ordre est actuellement <em><strong>\u00ab la r\u00e9silience \u00bb<\/strong><\/em>.<\/p>\n<figure id=\"attachment_19309\" aria-describedby=\"caption-attachment-19309\" style=\"width: 593px\" class=\"wp-caption aligncenter\"><a href=\"https:\/\/www.latribunedufaso.net\/wp-content\/uploads\/2025\/03\/IMG-20250309-WA0048.jpg\"><img loading=\"lazy\" decoding=\"async\" class=\"size-full wp-image-19309\" src=\"https:\/\/www.latribunedufaso.net\/wp-content\/uploads\/2025\/03\/IMG-20250309-WA0048.jpg\" alt=\"La 2e \u00e9dition du Grand prix cycliste IAMGOLD Essakane SA, 9 mars 2025\" width=\"593\" height=\"445\" srcset=\"https:\/\/www.latribunedufaso.net\/wp-content\/uploads\/2025\/03\/IMG-20250309-WA0048.jpg 593w, https:\/\/www.latribunedufaso.net\/wp-content\/uploads\/2025\/03\/IMG-20250309-WA0048-300x225.jpg 300w\" sizes=\"auto, (max-width: 593px) 100vw, 593px\" \/><\/a><figcaption id=\"caption-attachment-19309\" class=\"wp-caption-text\">Le Directeur g\u00e9n\u00e9ral de IAMGOLD Essakane SA, Tidiane Barry &#8211; Ph. I. Tapsoba<\/figcaption><\/figure>\n<p>C\u2019est ce qui est repr\u00e9sent\u00e9 \u00e0 travers cette course cycliste. Une discipline, <em><strong>\u00ab o\u00f9 il faut p\u00e9daler sur plusieurs kilom\u00e8tres, qui demande de l\u2019endurance et du courage pour franchir la ligne d\u2019arriv\u00e9e \u00bb.<\/strong><\/em><\/p>\n<blockquote>\n<p>Lire aussi &gt;&gt; <a href=\"https:\/\/www.latribunedufaso.net\/?p=17560\">RSE dans le secteur minier : Essakane SA lance le tournoi de la solidarit\u00e9 \u00e0 Dori\u00a0\u00a0<\/a><\/p>\n<\/blockquote>\n<p>Du c\u00f4t\u00e9 des femmes, 32 coureuses de 12 clubs ont particip\u00e9 \u00e0 la comp\u00e9tition. Elles ont parcouru une distance de 51 km. Ad\u00e8le Guissou est la championne (200 000 FCFA). Elle est suivie de Asseta Tapsoba (150 000 FCFA), et de Pascaline Damb\u00e8ga (100 000 FCFA). Elles sont toutes du club AS Bessel.<\/p>\n<p><strong>Issouf TAPSOBA <\/strong><\/p>\n<p><strong>latribunedufaso.net<\/strong><\/p>\n<figure id=\"attachment_19307\" aria-describedby=\"caption-attachment-19307\" style=\"width: 2560px\" class=\"wp-caption aligncenter\"><a href=\"https:\/\/www.latribunedufaso.net\/wp-content\/uploads\/2025\/03\/IMG_20250309_121446_711-scaled.jpg\"><img loading=\"lazy\" decoding=\"async\" class=\"size-full wp-image-19307\" src=\"https:\/\/www.latribunedufaso.net\/wp-content\/uploads\/2025\/03\/IMG_20250309_121446_711-scaled.jpg\" alt=\"La 2e \u00e9dition du Grand prix cycliste IAMGOLD Essakane SA, 9 mars 2025\" width=\"2560\" height=\"1920\" srcset=\"https:\/\/www.latribunedufaso.net\/wp-content\/uploads\/2025\/03\/IMG_20250309_121446_711-scaled.jpg 2560w, https:\/\/www.latribunedufaso.net\/wp-content\/uploads\/2025\/03\/IMG_20250309_121446_711-300x225.jpg 300w, https:\/\/www.latribunedufaso.net\/wp-content\/uploads\/2025\/03\/IMG_20250309_121446_711-1024x768.jpg 1024w, https:\/\/www.latribunedufaso.net\/wp-content\/uploads\/2025\/03\/IMG_20250309_121446_711-768x576.jpg 768w, https:\/\/www.latribunedufaso.net\/wp-content\/uploads\/2025\/03\/IMG_20250309_121446_711-1536x1152.jpg 1536w, https:\/\/www.latribunedufaso.net\/wp-content\/uploads\/2025\/03\/IMG_20250309_121446_711-2048x1536.jpg 2048w\" sizes=\"auto, (max-width: 2560px) 100vw, 2560px\" \/><\/a><figcaption id=\"caption-attachment-19307\" class=\"wp-caption-text\">Photo de famille des femmes de Essakane avec les officiels &#8211; Ph. I. Tapsoba<\/figcaption><\/figure>\n","protected":false},"excerpt":{"rendered":"<p>La deuxi\u00e8me \u00e9dition du Grand prix cycliste IAMGOLD Essakane SA s\u2019est tenue le 9 mars 2025 sur le boulevard Thomas Sankara \u00e0 Ouagadougou. 116 coureurs (hommes et femmes) issus de 31 clubs y ont prix part. Apr\u00e8s une distance parcourue de 121, 820 km, Rachid Bouda de AJCK arrive en t\u00eate chez les hommes. Il r\u00e9alise une performance de 2h 56 mn 17s avec une vitesse moyenne de 41,462 km\/h. Il est suivi par Arnaud Guiguemd\u00e9 de l\u2019USFA et par Wahab Bouda de AS Bessel.<\/p>\n","protected":false},"author":5,"featured_media":19305,"comment_status":"open","ping_status":"open","sticky":false,"template":"","format":"standard","meta":{"footnotes":""},"categories":[13,1,19,17],"tags":[778,39,779,489],"class_list":["post-19304","post","type-post","status-publish","format-standard","has-post-thumbnail","hentry","category-une","category-actu","category-mines-et-carrieres","category-sport","tag-grand-prix-cycliste-iamgold-essakane-sa","tag-latribunedufaso-net","tag-pedale-de-la-resilience-et-de-la-paix-essakane","tag-sport"],"yoast_head":"<!-- This site is optimized with the Yoast SEO plugin v27.5 - https:\/\/yoast.com\/product\/yoast-seo-wordpress\/ -->\n<title>2e \u00e9dition Grand prix cycliste IAMGOLD Essakane SA : Rachid Bouda de AJCK remport\u00e9 le maillot jaune - La Tribune du Faso<\/title>\n<meta name=\"robots\" content=\"index, follow, max-snippet:-1, max-image-preview:large, max-video-preview:-1\" \/>\n<link rel=\"canonical\" href=\"https:\/\/www.latribunedufaso.net\/?p=19304\" \/>\n<meta property=\"og:locale\" content=\"fr_FR\" \/>\n<meta property=\"og:type\" content=\"article\" \/>\n<meta property=\"og:title\" content=\"2e \u00e9dition Grand prix cycliste IAMGOLD Essakane SA : Rachid Bouda de AJCK remport\u00e9 le maillot jaune - La Tribune du Faso\" \/>\n<meta property=\"og:description\" content=\"La deuxi\u00e8me \u00e9dition du Grand prix cycliste IAMGOLD Essakane SA s\u2019est tenue le 9 mars 2025 sur le boulevard Thomas Sankara \u00e0 Ouagadougou. 116 coureurs (hommes et femmes) issus de 31 clubs y ont prix part. Apr\u00e8s une distance parcourue de 121, 820 km, Rachid Bouda de AJCK arrive en t\u00eate chez les hommes. Il r\u00e9alise une performance de 2h 56 mn 17s avec une vitesse moyenne de 41,462 km\/h. Il est suivi par Arnaud Guiguemd\u00e9 de l\u2019USFA et par Wahab Bouda de AS Bessel.\" \/>\n<meta property=\"og:url\" content=\"https:\/\/www.latribunedufaso.net\/?p=19304\" \/>\n<meta property=\"og:site_name\" content=\"La Tribune du Faso\" \/>\n<meta property=\"article:publisher\" content=\"https:\/\/www.facebook.com\/LatribuneduFaso\/\" \/>\n<meta property=\"article:published_time\" content=\"2025-03-09T18:54:11+00:00\" \/>\n<meta property=\"article:modified_time\" content=\"2025-03-09T21:52:43+00:00\" \/>\n<meta property=\"og:image\" content=\"https:\/\/www.latribunedufaso.net\/wp-content\/uploads\/2025\/03\/IMG_20250309_121200_650-scaled.jpg\" \/>\n\t<meta property=\"og:image:width\" content=\"2560\" \/>\n\t<meta property=\"og:image:height\" content=\"1920\" \/>\n\t<meta property=\"og:image:type\" content=\"image\/jpeg\" \/>\n<meta name=\"author\" content=\"Issouf Tapsoba\" \/>\n<meta name=\"twitter:label1\" content=\"\u00c9crit par\" \/>\n\t<meta name=\"twitter:data1\" content=\"Issouf Tapsoba\" \/>\n\t<meta name=\"twitter:label2\" content=\"Dur\u00e9e de lecture estim\u00e9e\" \/>\n\t<meta name=\"twitter:data2\" content=\"3 minutes\" \/>\n<script type=\"application\/ld+json\" class=\"yoast-schema-graph\">{\"@context\":\"https:\\\/\\\/schema.org\",\"@graph\":[{\"@type\":\"Article\",\"@id\":\"https:\\\/\\\/www.latribunedufaso.net\\\/?p=19304#article\",\"isPartOf\":{\"@id\":\"https:\\\/\\\/www.latribunedufaso.net\\\/?p=19304\"},\"author\":{\"name\":\"Issouf Tapsoba\",\"@id\":\"https:\\\/\\\/www.latribunedufaso.net\\\/#\\\/schema\\\/person\\\/e54e64c5778a7e72cf80a318b7a622b0\"},\"headline\":\"2e \u00e9dition Grand prix cycliste IAMGOLD Essakane SA : Rachid Bouda de AJCK remport\u00e9 le maillot jaune\",\"datePublished\":\"2025-03-09T18:54:11+00:00\",\"dateModified\":\"2025-03-09T21:52:43+00:00\",\"mainEntityOfPage\":{\"@id\":\"https:\\\/\\\/www.latribunedufaso.net\\\/?p=19304\"},\"wordCount\":573,\"commentCount\":0,\"publisher\":{\"@id\":\"https:\\\/\\\/www.latribunedufaso.net\\\/#organization\"},\"image\":{\"@id\":\"https:\\\/\\\/www.latribunedufaso.net\\\/?p=19304#primaryimage\"},\"thumbnailUrl\":\"https:\\\/\\\/www.latribunedufaso.net\\\/wp-content\\\/uploads\\\/2025\\\/03\\\/IMG_20250309_121200_650-scaled.jpg\",\"keywords\":[\"Grand prix cycliste IAMGOLD Essakane SA\",\"latribunedufaso.net\",\"P\u00e9dale de la r\u00e9silience et de la paix Essakane\",\"sport\"],\"articleSection\":[\"A la une\",\"Actualit\u00e9\",\"Mines et Carri\u00e8res\",\"Sport\"],\"inLanguage\":\"fr-FR\",\"potentialAction\":[{\"@type\":\"CommentAction\",\"name\":\"Comment\",\"target\":[\"https:\\\/\\\/www.latribunedufaso.net\\\/?p=19304#respond\"]}]},{\"@type\":\"WebPage\",\"@id\":\"https:\\\/\\\/www.latribunedufaso.net\\\/?p=19304\",\"url\":\"https:\\\/\\\/www.latribunedufaso.net\\\/?p=19304\",\"name\":\"2e \u00e9dition Grand prix cycliste IAMGOLD Essakane SA : Rachid Bouda de AJCK remport\u00e9 le maillot jaune - La Tribune du Faso\",\"isPartOf\":{\"@id\":\"https:\\\/\\\/www.latribunedufaso.net\\\/#website\"},\"primaryImageOfPage\":{\"@id\":\"https:\\\/\\\/www.latribunedufaso.net\\\/?p=19304#primaryimage\"},\"image\":{\"@id\":\"https:\\\/\\\/www.latribunedufaso.net\\\/?p=19304#primaryimage\"},\"thumbnailUrl\":\"https:\\\/\\\/www.latribunedufaso.net\\\/wp-content\\\/uploads\\\/2025\\\/03\\\/IMG_20250309_121200_650-scaled.jpg\",\"datePublished\":\"2025-03-09T18:54:11+00:00\",\"dateModified\":\"2025-03-09T21:52:43+00:00\",\"breadcrumb\":{\"@id\":\"https:\\\/\\\/www.latribunedufaso.net\\\/?p=19304#breadcrumb\"},\"inLanguage\":\"fr-FR\",\"potentialAction\":[{\"@type\":\"ReadAction\",\"target\":[\"https:\\\/\\\/www.latribunedufaso.net\\\/?p=19304\"]}]},{\"@type\":\"ImageObject\",\"inLanguage\":\"fr-FR\",\"@id\":\"https:\\\/\\\/www.latribunedufaso.net\\\/?p=19304#primaryimage\",\"url\":\"https:\\\/\\\/www.latribunedufaso.net\\\/wp-content\\\/uploads\\\/2025\\\/03\\\/IMG_20250309_121200_650-scaled.jpg\",\"contentUrl\":\"https:\\\/\\\/www.latribunedufaso.net\\\/wp-content\\\/uploads\\\/2025\\\/03\\\/IMG_20250309_121200_650-scaled.jpg\",\"width\":2560,\"height\":1920,\"caption\":\"La 2e \u00e9dition du Grand prix cycliste IAMGOLD Essakane SA, 9 mars 2025\"},{\"@type\":\"BreadcrumbList\",\"@id\":\"https:\\\/\\\/www.latribunedufaso.net\\\/?p=19304#breadcrumb\",\"itemListElement\":[{\"@type\":\"ListItem\",\"position\":1,\"name\":\"Accueil\",\"item\":\"https:\\\/\\\/www.latribunedufaso.net\\\/\"},{\"@type\":\"ListItem\",\"position\":2,\"name\":\"2e \u00e9dition Grand prix cycliste IAMGOLD Essakane SA : Rachid Bouda de AJCK remport\u00e9 le maillot jaune\"}]},{\"@type\":\"WebSite\",\"@id\":\"https:\\\/\\\/www.latribunedufaso.net\\\/#website\",\"url\":\"https:\\\/\\\/www.latribunedufaso.net\\\/\",\"name\":\"La Tribune du Faso\",\"description\":\"L&#039;information du monde rural en un clic\",\"publisher\":{\"@id\":\"https:\\\/\\\/www.latribunedufaso.net\\\/#organization\"},\"potentialAction\":[{\"@type\":\"SearchAction\",\"target\":{\"@type\":\"EntryPoint\",\"urlTemplate\":\"https:\\\/\\\/www.latribunedufaso.net\\\/?s={search_term_string}\"},\"query-input\":{\"@type\":\"PropertyValueSpecification\",\"valueRequired\":true,\"valueName\":\"search_term_string\"}}],\"inLanguage\":\"fr-FR\"},{\"@type\":\"Organization\",\"@id\":\"https:\\\/\\\/www.latribunedufaso.net\\\/#organization\",\"name\":\"La Tribune du Faso\",\"url\":\"https:\\\/\\\/www.latribunedufaso.net\\\/\",\"logo\":{\"@type\":\"ImageObject\",\"inLanguage\":\"fr-FR\",\"@id\":\"https:\\\/\\\/www.latribunedufaso.net\\\/#\\\/schema\\\/logo\\\/image\\\/\",\"url\":\"https:\\\/\\\/www.latribunedufaso.net\\\/wp-content\\\/uploads\\\/2020\\\/08\\\/Logo-Tribune-du-Faso-final-scaled.jpg\",\"contentUrl\":\"https:\\\/\\\/www.latribunedufaso.net\\\/wp-content\\\/uploads\\\/2020\\\/08\\\/Logo-Tribune-du-Faso-final-scaled.jpg\",\"width\":2560,\"height\":1856,\"caption\":\"La Tribune du Faso\"},\"image\":{\"@id\":\"https:\\\/\\\/www.latribunedufaso.net\\\/#\\\/schema\\\/logo\\\/image\\\/\"},\"sameAs\":[\"https:\\\/\\\/www.facebook.com\\\/LatribuneduFaso\\\/\"]},{\"@type\":\"Person\",\"@id\":\"https:\\\/\\\/www.latribunedufaso.net\\\/#\\\/schema\\\/person\\\/e54e64c5778a7e72cf80a318b7a622b0\",\"name\":\"Issouf Tapsoba\",\"image\":{\"@type\":\"ImageObject\",\"inLanguage\":\"fr-FR\",\"@id\":\"https:\\\/\\\/secure.gravatar.com\\\/avatar\\\/5e6c05150ce3230247d167f5b94d678eb05936197436d69b7921e3a95c9107ac?s=96&d=mm&r=g\",\"url\":\"https:\\\/\\\/secure.gravatar.com\\\/avatar\\\/5e6c05150ce3230247d167f5b94d678eb05936197436d69b7921e3a95c9107ac?s=96&d=mm&r=g\",\"contentUrl\":\"https:\\\/\\\/secure.gravatar.com\\\/avatar\\\/5e6c05150ce3230247d167f5b94d678eb05936197436d69b7921e3a95c9107ac?s=96&d=mm&r=g\",\"caption\":\"Issouf Tapsoba\"},\"url\":\"https:\\\/\\\/www.latribunedufaso.net\\\/?author=5\"}]}<\/script>\n<!-- \/ Yoast SEO plugin. -->","yoast_head_json":{"title":"2e \u00e9dition Grand prix cycliste IAMGOLD Essakane SA : Rachid Bouda de AJCK remport\u00e9 le maillot jaune - La Tribune du Faso","robots":{"index":"index","follow":"follow","max-snippet":"max-snippet:-1","max-image-preview":"max-image-preview:large","max-video-preview":"max-video-preview:-1"},"canonical":"https:\/\/www.latribunedufaso.net\/?p=19304","og_locale":"fr_FR","og_type":"article","og_title":"2e \u00e9dition Grand prix cycliste IAMGOLD Essakane SA : Rachid Bouda de AJCK remport\u00e9 le maillot jaune - La Tribune du Faso","og_description":"La deuxi\u00e8me \u00e9dition du Grand prix cycliste IAMGOLD Essakane SA s\u2019est tenue le 9 mars 2025 sur le boulevard Thomas Sankara \u00e0 Ouagadougou. 116 coureurs (hommes et femmes) issus de 31 clubs y ont prix part. Apr\u00e8s une distance parcourue de 121, 820 km, Rachid Bouda de AJCK arrive en t\u00eate chez les hommes. Il r\u00e9alise une performance de 2h 56 mn 17s avec une vitesse moyenne de 41,462 km\/h. Il est suivi par Arnaud Guiguemd\u00e9 de l\u2019USFA et par Wahab Bouda de AS Bessel.","og_url":"https:\/\/www.latribunedufaso.net\/?p=19304","og_site_name":"La Tribune du Faso","article_publisher":"https:\/\/www.facebook.com\/LatribuneduFaso\/","article_published_time":"2025-03-09T18:54:11+00:00","article_modified_time":"2025-03-09T21:52:43+00:00","og_image":[{"width":2560,"height":1920,"url":"https:\/\/www.latribunedufaso.net\/wp-content\/uploads\/2025\/03\/IMG_20250309_121200_650-scaled.jpg","type":"image\/jpeg"}],"author":"Issouf Tapsoba","twitter_misc":{"\u00c9crit par":"Issouf Tapsoba","Dur\u00e9e de lecture estim\u00e9e":"3 minutes"},"schema":{"@context":"https:\/\/schema.org","@graph":[{"@type":"Article","@id":"https:\/\/www.latribunedufaso.net\/?p=19304#article","isPartOf":{"@id":"https:\/\/www.latribunedufaso.net\/?p=19304"},"author":{"name":"Issouf Tapsoba","@id":"https:\/\/www.latribunedufaso.net\/#\/schema\/person\/e54e64c5778a7e72cf80a318b7a622b0"},"headline":"2e \u00e9dition Grand prix cycliste IAMGOLD Essakane SA : Rachid Bouda de AJCK remport\u00e9 le maillot jaune","datePublished":"2025-03-09T18:54:11+00:00","dateModified":"2025-03-09T21:52:43+00:00","mainEntityOfPage":{"@id":"https:\/\/www.latribunedufaso.net\/?p=19304"},"wordCount":573,"commentCount":0,"publisher":{"@id":"https:\/\/www.latribunedufaso.net\/#organization"},"image":{"@id":"https:\/\/www.latribunedufaso.net\/?p=19304#primaryimage"},"thumbnailUrl":"https:\/\/www.latribunedufaso.net\/wp-content\/uploads\/2025\/03\/IMG_20250309_121200_650-scaled.jpg","keywords":["Grand prix cycliste IAMGOLD Essakane SA","latribunedufaso.net","P\u00e9dale de la r\u00e9silience et de la paix Essakane","sport"],"articleSection":["A la une","Actualit\u00e9","Mines et Carri\u00e8res","Sport"],"inLanguage":"fr-FR","potentialAction":[{"@type":"CommentAction","name":"Comment","target":["https:\/\/www.latribunedufaso.net\/?p=19304#respond"]}]},{"@type":"WebPage","@id":"https:\/\/www.latribunedufaso.net\/?p=19304","url":"https:\/\/www.latribunedufaso.net\/?p=19304","name":"2e \u00e9dition Grand prix cycliste IAMGOLD Essakane SA : Rachid Bouda de AJCK remport\u00e9 le maillot jaune - La Tribune du Faso","isPartOf":{"@id":"https:\/\/www.latribunedufaso.net\/#website"},"primaryImageOfPage":{"@id":"https:\/\/www.latribunedufaso.net\/?p=19304#primaryimage"},"image":{"@id":"https:\/\/www.latribunedufaso.net\/?p=19304#primaryimage"},"thumbnailUrl":"https:\/\/www.latribunedufaso.net\/wp-content\/uploads\/2025\/03\/IMG_20250309_121200_650-scaled.jpg","datePublished":"2025-03-09T18:54:11+00:00","dateModified":"2025-03-09T21:52:43+00:00","breadcrumb":{"@id":"https:\/\/www.latribunedufaso.net\/?p=19304#breadcrumb"},"inLanguage":"fr-FR","potentialAction":[{"@type":"ReadAction","target":["https:\/\/www.latribunedufaso.net\/?p=19304"]}]},{"@type":"ImageObject","inLanguage":"fr-FR","@id":"https:\/\/www.latribunedufaso.net\/?p=19304#primaryimage","url":"https:\/\/www.latribunedufaso.net\/wp-content\/uploads\/2025\/03\/IMG_20250309_121200_650-scaled.jpg","contentUrl":"https:\/\/www.latribunedufaso.net\/wp-content\/uploads\/2025\/03\/IMG_20250309_121200_650-scaled.jpg","width":2560,"height":1920,"caption":"La 2e \u00e9dition du Grand prix cycliste IAMGOLD Essakane SA, 9 mars 2025"},{"@type":"BreadcrumbList","@id":"https:\/\/www.latribunedufaso.net\/?p=19304#breadcrumb","itemListElement":[{"@type":"ListItem","position":1,"name":"Accueil","item":"https:\/\/www.latribunedufaso.net\/"},{"@type":"ListItem","position":2,"name":"2e \u00e9dition Grand prix cycliste IAMGOLD Essakane SA : Rachid Bouda de AJCK remport\u00e9 le maillot jaune"}]},{"@type":"WebSite","@id":"https:\/\/www.latribunedufaso.net\/#website","url":"https:\/\/www.latribunedufaso.net\/","name":"La Tribune du Faso","description":"L&#039;information du monde rural en un clic","publisher":{"@id":"https:\/\/www.latribunedufaso.net\/#organization"},"potentialAction":[{"@type":"SearchAction","target":{"@type":"EntryPoint","urlTemplate":"https:\/\/www.latribunedufaso.net\/?s={search_term_string}"},"query-input":{"@type":"PropertyValueSpecification","valueRequired":true,"valueName":"search_term_string"}}],"inLanguage":"fr-FR"},{"@type":"Organization","@id":"https:\/\/www.latribunedufaso.net\/#organization","name":"La Tribune du Faso","url":"https:\/\/www.latribunedufaso.net\/","logo":{"@type":"ImageObject","inLanguage":"fr-FR","@id":"https:\/\/www.latribunedufaso.net\/#\/schema\/logo\/image\/","url":"https:\/\/www.latribunedufaso.net\/wp-content\/uploads\/2020\/08\/Logo-Tribune-du-Faso-final-scaled.jpg","contentUrl":"https:\/\/www.latribunedufaso.net\/wp-content\/uploads\/2020\/08\/Logo-Tribune-du-Faso-final-scaled.jpg","width":2560,"height":1856,"caption":"La Tribune du Faso"},"image":{"@id":"https:\/\/www.latribunedufaso.net\/#\/schema\/logo\/image\/"},"sameAs":["https:\/\/www.facebook.com\/LatribuneduFaso\/"]},{"@type":"Person","@id":"https:\/\/www.latribunedufaso.net\/#\/schema\/person\/e54e64c5778a7e72cf80a318b7a622b0","name":"Issouf Tapsoba","image":{"@type":"ImageObject","inLanguage":"fr-FR","@id":"https:\/\/secure.gravatar.com\/avatar\/5e6c05150ce3230247d167f5b94d678eb05936197436d69b7921e3a95c9107ac?s=96&d=mm&r=g","url":"https:\/\/secure.gravatar.com\/avatar\/5e6c05150ce3230247d167f5b94d678eb05936197436d69b7921e3a95c9107ac?s=96&d=mm&r=g","contentUrl":"https:\/\/secure.gravatar.com\/avatar\/5e6c05150ce3230247d167f5b94d678eb05936197436d69b7921e3a95c9107ac?s=96&d=mm&r=g","caption":"Issouf Tapsoba"},"url":"https:\/\/www.latribunedufaso.net\/?author=5"}]}},"_links":{"self":[{"href":"https:\/\/www.latribunedufaso.net\/index.php?rest_route=\/wp\/v2\/posts\/19304","targetHints":{"allow":["GET"]}}],"collection":[{"href":"https:\/\/www.latribunedufaso.net\/index.php?rest_route=\/wp\/v2\/posts"}],"about":[{"href":"https:\/\/www.latribunedufaso.net\/index.php?rest_route=\/wp\/v2\/types\/post"}],"author":[{"embeddable":true,"href":"https:\/\/www.latribunedufaso.net\/index.php?rest_route=\/wp\/v2\/users\/5"}],"replies":[{"embeddable":true,"href":"https:\/\/www.latribunedufaso.net\/index.php?rest_route=%2Fwp%2Fv2%2Fcomments&post=19304"}],"version-history":[{"count":3,"href":"https:\/\/www.latribunedufaso.net\/index.php?rest_route=\/wp\/v2\/posts\/19304\/revisions"}],"predecessor-version":[{"id":19312,"href":"https:\/\/www.latribunedufaso.net\/index.php?rest_route=\/wp\/v2\/posts\/19304\/revisions\/19312"}],"wp:featuredmedia":[{"embeddable":true,"href":"https:\/\/www.latribunedufaso.net\/index.php?rest_route=\/wp\/v2\/media\/19305"}],"wp:attachment":[{"href":"https:\/\/www.latribunedufaso.net\/index.php?rest_route=%2Fwp%2Fv2%2Fmedia&parent=19304"}],"wp:term":[{"taxonomy":"category","embeddable":true,"href":"https:\/\/www.latribunedufaso.net\/index.php?rest_route=%2Fwp%2Fv2%2Fcategories&post=19304"},{"taxonomy":"post_tag","embeddable":true,"href":"https:\/\/www.latribunedufaso.net\/index.php?rest_route=%2Fwp%2Fv2%2Ftags&post=19304"}],"curies":[{"name":"wp","href":"https:\/\/api.w.org\/{rel}","templated":true}]}}