{"id":19292,"date":"2025-03-08T00:20:36","date_gmt":"2025-03-08T00:20:36","guid":{"rendered":"https:\/\/www.latribunedufaso.net\/?p=19292"},"modified":"2025-03-07T20:31:00","modified_gmt":"2025-03-07T20:31:00","slug":"cadre-sectoriel-de-dialogue-defense-et-securite-2024-un-taux-dexecution-physique-des-activites-de-94-enregistre","status":"publish","type":"post","link":"https:\/\/www.latribunedufaso.net\/?p=19292","title":{"rendered":"Cadre sectoriel de dialogue \u00ab D\u00e9fense et S\u00e9curit\u00e9 \u00bb 2024 : Un taux d&rsquo;ex\u00e9cution physique des activit\u00e9s de 94% enregistr\u00e9\u00a0"},"content":{"rendered":"<p><strong style=\"font-size: 1.0625rem;\">Le ministre de la S\u00e9curit\u00e9, Mahamadou Sana a pr\u00e9sid\u00e9 le 07 mars 2025 \u00e0 Ouagadougou, la revue annuelle 2024 du Cadre sectoriel de dialogue <em>\u00ab D\u00e9fense et S\u00e9curit\u00e9 \u00bb<\/em> (CSD-DS).<\/strong><\/p>\n<p><!--more--><\/p>\n<p>Ce cadre est consacr\u00e9 \u00e0 l\u2019examen du rapport annuel de performances 2024, du Plan d\u2019actions sectoriel pour la Stabilisation et le d\u00e9veloppement du Cadre sectoriel de dialogue<em><strong> \u00ab D\u00e9fense-s\u00e9curit\u00e9 \u00bb<\/strong><\/em> (CSD-DS).\u00a0\u00a0<\/p>\n<p>Selon le bilan, il ressort qu&rsquo;au titre de l\u2019ann\u00e9e 2024, le secteur D\u00e9fense-S\u00e9curit\u00e9 enregistre un taux d\u2019ex\u00e9cution physique de 94% et un taux d\u2019ex\u00e9cution financi\u00e8re de 75%. Sur la m\u00eame p\u00e9riode consid\u00e9r\u00e9e en 2023, ces taux \u00e9taient respectivement de 84% et de 56%.<\/p>\n<figure id=\"attachment_19294\" aria-describedby=\"caption-attachment-19294\" style=\"width: 720px\" class=\"wp-caption aligncenter\"><a href=\"https:\/\/www.latribunedufaso.net\/wp-content\/uploads\/2025\/03\/FB_IMG_1741378727138.jpg\"><img loading=\"lazy\" decoding=\"async\" class=\"size-full wp-image-19294\" src=\"https:\/\/www.latribunedufaso.net\/wp-content\/uploads\/2025\/03\/FB_IMG_1741378727138.jpg\" alt=\"Le ministre de la S\u00e9curit\u00e9, Mahamadou Sana a pr\u00e9sid\u00e9 le 07 mars 2025 \u00e0 Ouagadougou, la revue annuelle 2024 du Cadre sectoriel de dialogue \u00ab D\u00e9fense et S\u00e9curit\u00e9 \u00bb (CSD-DS)\" width=\"720\" height=\"425\" srcset=\"https:\/\/www.latribunedufaso.net\/wp-content\/uploads\/2025\/03\/FB_IMG_1741378727138.jpg 720w, https:\/\/www.latribunedufaso.net\/wp-content\/uploads\/2025\/03\/FB_IMG_1741378727138-300x177.jpg 300w\" sizes=\"auto, (max-width: 720px) 100vw, 720px\" \/><\/a><figcaption id=\"caption-attachment-19294\" class=\"wp-caption-text\">Le ministre de la S\u00e9curit\u00e9, Mahamadou Sana &#8211; Ph. DR<\/figcaption><\/figure>\n<p>Pour le ministre de la S\u00e9curit\u00e9, <span style=\"font-size: 1.0625rem;\">Mahamadou Sana, <em><strong>\u00ab ces taux qui sont interpellateurs, seront am\u00e9lior\u00e9s et sont \u00e0 mettre \u00e0 l\u2019actif de tout un chacun du syst\u00e8me s\u00e9curitaire national. Chaque maillon doit en tirer une fiert\u00e9 l\u00e9gitime \u00bb.<\/strong><\/em><\/span><\/p>\n<p>A l\u2019\u00e9couter, le CSD-DS a \u00e9t\u00e9 mis en place en vue de suivre et \u00e9valuer la contribution du secteur d\u00e9fense et s\u00e9curit\u00e9 \u00e0 l\u2019atteinte des objectifs de la Politique nationale de d\u00e9veloppement (PND). Il constitue par cons\u00e9quent, un cadre de dialogue entre les repr\u00e9sentants de tous les acteurs impliqu\u00e9s dans le renforcement de la gouvernance administrative, notamment dans les secteurs de la d\u00e9fense et de la s\u00e9curit\u00e9.\u00a0<\/p>\n<figure id=\"attachment_19296\" aria-describedby=\"caption-attachment-19296\" style=\"width: 1280px\" class=\"wp-caption aligncenter\"><a href=\"https:\/\/www.latribunedufaso.net\/wp-content\/uploads\/2025\/03\/IMG-20250307-WA0038.jpg\"><img loading=\"lazy\" decoding=\"async\" class=\"size-full wp-image-19296\" src=\"https:\/\/www.latribunedufaso.net\/wp-content\/uploads\/2025\/03\/IMG-20250307-WA0038.jpg\" alt=\"Le ministre de la S\u00e9curit\u00e9, Mahamadou Sana a pr\u00e9sid\u00e9 le 07 mars 2025 \u00e0 Ouagadougou, la revue annuelle 2024 du Cadre sectoriel de dialogue \u00ab D\u00e9fense et S\u00e9curit\u00e9 \u00bb (CSD-DS)\" width=\"1280\" height=\"960\" srcset=\"https:\/\/www.latribunedufaso.net\/wp-content\/uploads\/2025\/03\/IMG-20250307-WA0038.jpg 1280w, https:\/\/www.latribunedufaso.net\/wp-content\/uploads\/2025\/03\/IMG-20250307-WA0038-300x225.jpg 300w, https:\/\/www.latribunedufaso.net\/wp-content\/uploads\/2025\/03\/IMG-20250307-WA0038-1024x768.jpg 1024w, https:\/\/www.latribunedufaso.net\/wp-content\/uploads\/2025\/03\/IMG-20250307-WA0038-768x576.jpg 768w\" sizes=\"auto, (max-width: 1280px) 100vw, 1280px\" \/><\/a><figcaption id=\"caption-attachment-19296\" class=\"wp-caption-text\">Photo de famille des officiels apr\u00e8s l&rsquo;ouverture des travaux &#8211; Ph. I. Tougma<\/figcaption><\/figure>\n<p>Convaincu que la lutte contre l\u2019ins\u00e9curit\u00e9 demeure prioritaire, le ministre a tenu \u00e0 rassurer l\u2019ensemble des acteurs du secteur de la d\u00e9fense que la question s\u00e9curitaire demeure une pr\u00e9occupation quotidienne du Gouvernement. A l&rsquo;\u00e9couter, dans une dynamique de s\u00e9curisation des personnes et des biens, ce dernier a pris toute la mesure du probl\u00e8me en vue d\u2019apporter les solutions appropri\u00e9es et efficaces.<\/p>\n<blockquote>\n<p>Lire aussi &gt;&gt; <a href=\"https:\/\/www.latribunedufaso.net\/?p=11971\">Cadre Sectoriel de Dialogue \u00ab Gouvernances administrative et locale \u00bb 2024 : Environ 70% des r\u00e9sultats du rapport 2023 de performance atteints<\/a><\/p>\n<\/blockquote>\n<p><em><strong>\u00ab C\u2019est dans ce sens qu\u2019il (NDLR, le Gouvernement) a fait du renforcement des capacit\u00e9s op\u00e9rationnelles des forces de d\u00e9fense et de s\u00e9curit\u00e9 une priorit\u00e9 absolue qui se traduit notamment par le recrutement d\u2019agents de s\u00e9curit\u00e9 et de VDP, l\u2019acquisition de mat\u00e9riels op\u00e9rationnels et sp\u00e9cifiques et par la construction et la r\u00e9habilitation de nombreux services de s\u00e9curit\u00e9 \u00bb,<\/strong><\/em> a-t-il expliqu\u00e9.<\/p>\n<p><strong>In\u00e8s TOUGMA\u00a0<\/strong><\/p>\n<p><strong><span style=\"font-size: 1.0625rem;\">latribu<\/span><span style=\"font-size: 1.0625rem;\">nedufaso.net<\/span><\/strong><\/p>\n","protected":false},"excerpt":{"rendered":"<p>Le ministre de la S\u00e9curit\u00e9, Mahamadou Sana a pr\u00e9sid\u00e9 le 07 mars 2025 \u00e0 Ouagadougou, la revue annuelle 2024 du Cadre sectoriel de dialogue \u00ab D\u00e9fense et S\u00e9curit\u00e9 \u00bb (CSD-DS).<\/p>\n","protected":false},"author":5,"featured_media":19297,"comment_status":"open","ping_status":"open","sticky":false,"template":"","format":"standard","meta":{"footnotes":""},"categories":[13,1,8],"tags":[774,39],"class_list":["post-19292","post","type-post","status-publish","format-standard","has-post-thumbnail","hentry","category-une","category-actu","category-societe","tag-cadre-sectoriel-de-dialogue-defense-et-securite-csd-ds","tag-latribunedufaso-net"],"yoast_head":"<!-- This site is optimized with the Yoast SEO plugin v27.5 - https:\/\/yoast.com\/product\/yoast-seo-wordpress\/ -->\n<title>Cadre sectoriel de dialogue \u00ab D\u00e9fense et S\u00e9curit\u00e9 \u00bb 2024 : Un taux d&#039;ex\u00e9cution physique des activit\u00e9s de 94% enregistr\u00e9\u00a0 - La Tribune du Faso<\/title>\n<meta name=\"robots\" content=\"index, follow, max-snippet:-1, max-image-preview:large, max-video-preview:-1\" \/>\n<link rel=\"canonical\" href=\"https:\/\/www.latribunedufaso.net\/?p=19292\" \/>\n<meta property=\"og:locale\" content=\"fr_FR\" \/>\n<meta property=\"og:type\" content=\"article\" \/>\n<meta property=\"og:title\" content=\"Cadre sectoriel de dialogue \u00ab D\u00e9fense et S\u00e9curit\u00e9 \u00bb 2024 : Un taux d&#039;ex\u00e9cution physique des activit\u00e9s de 94% enregistr\u00e9\u00a0 - La Tribune du Faso\" \/>\n<meta property=\"og:description\" content=\"Le ministre de la S\u00e9curit\u00e9, Mahamadou Sana a pr\u00e9sid\u00e9 le 07 mars 2025 \u00e0 Ouagadougou, la revue annuelle 2024 du Cadre sectoriel de dialogue \u00ab D\u00e9fense et S\u00e9curit\u00e9 \u00bb (CSD-DS).\" \/>\n<meta property=\"og:url\" content=\"https:\/\/www.latribunedufaso.net\/?p=19292\" \/>\n<meta property=\"og:site_name\" content=\"La Tribune du Faso\" \/>\n<meta property=\"article:publisher\" content=\"https:\/\/www.facebook.com\/LatribuneduFaso\/\" \/>\n<meta property=\"article:published_time\" content=\"2025-03-08T00:20:36+00:00\" \/>\n<meta property=\"og:image\" content=\"https:\/\/www.latribunedufaso.net\/wp-content\/uploads\/2025\/03\/IMG-20250307-WA0039.jpg\" \/>\n\t<meta property=\"og:image:width\" content=\"1280\" \/>\n\t<meta property=\"og:image:height\" content=\"960\" \/>\n\t<meta property=\"og:image:type\" content=\"image\/jpeg\" \/>\n<meta name=\"author\" content=\"Issouf Tapsoba\" \/>\n<meta name=\"twitter:label1\" content=\"\u00c9crit par\" \/>\n\t<meta name=\"twitter:data1\" content=\"Issouf Tapsoba\" \/>\n\t<meta name=\"twitter:label2\" content=\"Dur\u00e9e de lecture estim\u00e9e\" \/>\n\t<meta name=\"twitter:data2\" content=\"2 minutes\" \/>\n<script type=\"application\/ld+json\" class=\"yoast-schema-graph\">{\"@context\":\"https:\\\/\\\/schema.org\",\"@graph\":[{\"@type\":\"Article\",\"@id\":\"https:\\\/\\\/www.latribunedufaso.net\\\/?p=19292#article\",\"isPartOf\":{\"@id\":\"https:\\\/\\\/www.latribunedufaso.net\\\/?p=19292\"},\"author\":{\"name\":\"Issouf Tapsoba\",\"@id\":\"https:\\\/\\\/www.latribunedufaso.net\\\/#\\\/schema\\\/person\\\/e54e64c5778a7e72cf80a318b7a622b0\"},\"headline\":\"Cadre sectoriel de dialogue \u00ab D\u00e9fense et S\u00e9curit\u00e9 \u00bb 2024 : Un taux d&rsquo;ex\u00e9cution physique des activit\u00e9s de 94% enregistr\u00e9\u00a0\",\"datePublished\":\"2025-03-08T00:20:36+00:00\",\"mainEntityOfPage\":{\"@id\":\"https:\\\/\\\/www.latribunedufaso.net\\\/?p=19292\"},\"wordCount\":459,\"commentCount\":0,\"publisher\":{\"@id\":\"https:\\\/\\\/www.latribunedufaso.net\\\/#organization\"},\"image\":{\"@id\":\"https:\\\/\\\/www.latribunedufaso.net\\\/?p=19292#primaryimage\"},\"thumbnailUrl\":\"https:\\\/\\\/www.latribunedufaso.net\\\/wp-content\\\/uploads\\\/2025\\\/03\\\/IMG-20250307-WA0039.jpg\",\"keywords\":[\"Cadre sectoriel de dialogue \u00ab D\u00e9fense et S\u00e9curit\u00e9 \u00bb (CSD-DS)\",\"latribunedufaso.net\"],\"articleSection\":[\"A la une\",\"Actualit\u00e9\",\"Soci\u00e9t\u00e9\"],\"inLanguage\":\"fr-FR\",\"potentialAction\":[{\"@type\":\"CommentAction\",\"name\":\"Comment\",\"target\":[\"https:\\\/\\\/www.latribunedufaso.net\\\/?p=19292#respond\"]}]},{\"@type\":\"WebPage\",\"@id\":\"https:\\\/\\\/www.latribunedufaso.net\\\/?p=19292\",\"url\":\"https:\\\/\\\/www.latribunedufaso.net\\\/?p=19292\",\"name\":\"Cadre sectoriel de dialogue \u00ab D\u00e9fense et S\u00e9curit\u00e9 \u00bb 2024 : Un taux d'ex\u00e9cution physique des activit\u00e9s de 94% enregistr\u00e9\u00a0 - La Tribune du Faso\",\"isPartOf\":{\"@id\":\"https:\\\/\\\/www.latribunedufaso.net\\\/#website\"},\"primaryImageOfPage\":{\"@id\":\"https:\\\/\\\/www.latribunedufaso.net\\\/?p=19292#primaryimage\"},\"image\":{\"@id\":\"https:\\\/\\\/www.latribunedufaso.net\\\/?p=19292#primaryimage\"},\"thumbnailUrl\":\"https:\\\/\\\/www.latribunedufaso.net\\\/wp-content\\\/uploads\\\/2025\\\/03\\\/IMG-20250307-WA0039.jpg\",\"datePublished\":\"2025-03-08T00:20:36+00:00\",\"breadcrumb\":{\"@id\":\"https:\\\/\\\/www.latribunedufaso.net\\\/?p=19292#breadcrumb\"},\"inLanguage\":\"fr-FR\",\"potentialAction\":[{\"@type\":\"ReadAction\",\"target\":[\"https:\\\/\\\/www.latribunedufaso.net\\\/?p=19292\"]}]},{\"@type\":\"ImageObject\",\"inLanguage\":\"fr-FR\",\"@id\":\"https:\\\/\\\/www.latribunedufaso.net\\\/?p=19292#primaryimage\",\"url\":\"https:\\\/\\\/www.latribunedufaso.net\\\/wp-content\\\/uploads\\\/2025\\\/03\\\/IMG-20250307-WA0039.jpg\",\"contentUrl\":\"https:\\\/\\\/www.latribunedufaso.net\\\/wp-content\\\/uploads\\\/2025\\\/03\\\/IMG-20250307-WA0039.jpg\",\"width\":1280,\"height\":960,\"caption\":\"Le ministre de la S\u00e9curit\u00e9, Mahamadou Sana a pr\u00e9sid\u00e9 le 07 mars 2025 \u00e0 Ouagadougou, la revue annuelle 2024 du Cadre sectoriel de dialogue \u00ab D\u00e9fense et S\u00e9curit\u00e9 \u00bb (CSD-DS)\"},{\"@type\":\"BreadcrumbList\",\"@id\":\"https:\\\/\\\/www.latribunedufaso.net\\\/?p=19292#breadcrumb\",\"itemListElement\":[{\"@type\":\"ListItem\",\"position\":1,\"name\":\"Accueil\",\"item\":\"https:\\\/\\\/www.latribunedufaso.net\\\/\"},{\"@type\":\"ListItem\",\"position\":2,\"name\":\"Cadre sectoriel de dialogue \u00ab D\u00e9fense et S\u00e9curit\u00e9 \u00bb 2024 : Un taux d&rsquo;ex\u00e9cution physique des activit\u00e9s de 94% enregistr\u00e9\u00a0\"}]},{\"@type\":\"WebSite\",\"@id\":\"https:\\\/\\\/www.latribunedufaso.net\\\/#website\",\"url\":\"https:\\\/\\\/www.latribunedufaso.net\\\/\",\"name\":\"La Tribune du Faso\",\"description\":\"L&#039;information du monde rural en un clic\",\"publisher\":{\"@id\":\"https:\\\/\\\/www.latribunedufaso.net\\\/#organization\"},\"potentialAction\":[{\"@type\":\"SearchAction\",\"target\":{\"@type\":\"EntryPoint\",\"urlTemplate\":\"https:\\\/\\\/www.latribunedufaso.net\\\/?s={search_term_string}\"},\"query-input\":{\"@type\":\"PropertyValueSpecification\",\"valueRequired\":true,\"valueName\":\"search_term_string\"}}],\"inLanguage\":\"fr-FR\"},{\"@type\":\"Organization\",\"@id\":\"https:\\\/\\\/www.latribunedufaso.net\\\/#organization\",\"name\":\"La Tribune du Faso\",\"url\":\"https:\\\/\\\/www.latribunedufaso.net\\\/\",\"logo\":{\"@type\":\"ImageObject\",\"inLanguage\":\"fr-FR\",\"@id\":\"https:\\\/\\\/www.latribunedufaso.net\\\/#\\\/schema\\\/logo\\\/image\\\/\",\"url\":\"https:\\\/\\\/www.latribunedufaso.net\\\/wp-content\\\/uploads\\\/2020\\\/08\\\/Logo-Tribune-du-Faso-final-scaled.jpg\",\"contentUrl\":\"https:\\\/\\\/www.latribunedufaso.net\\\/wp-content\\\/uploads\\\/2020\\\/08\\\/Logo-Tribune-du-Faso-final-scaled.jpg\",\"width\":2560,\"height\":1856,\"caption\":\"La Tribune du Faso\"},\"image\":{\"@id\":\"https:\\\/\\\/www.latribunedufaso.net\\\/#\\\/schema\\\/logo\\\/image\\\/\"},\"sameAs\":[\"https:\\\/\\\/www.facebook.com\\\/LatribuneduFaso\\\/\"]},{\"@type\":\"Person\",\"@id\":\"https:\\\/\\\/www.latribunedufaso.net\\\/#\\\/schema\\\/person\\\/e54e64c5778a7e72cf80a318b7a622b0\",\"name\":\"Issouf Tapsoba\",\"image\":{\"@type\":\"ImageObject\",\"inLanguage\":\"fr-FR\",\"@id\":\"https:\\\/\\\/secure.gravatar.com\\\/avatar\\\/5e6c05150ce3230247d167f5b94d678eb05936197436d69b7921e3a95c9107ac?s=96&d=mm&r=g\",\"url\":\"https:\\\/\\\/secure.gravatar.com\\\/avatar\\\/5e6c05150ce3230247d167f5b94d678eb05936197436d69b7921e3a95c9107ac?s=96&d=mm&r=g\",\"contentUrl\":\"https:\\\/\\\/secure.gravatar.com\\\/avatar\\\/5e6c05150ce3230247d167f5b94d678eb05936197436d69b7921e3a95c9107ac?s=96&d=mm&r=g\",\"caption\":\"Issouf Tapsoba\"},\"url\":\"https:\\\/\\\/www.latribunedufaso.net\\\/?author=5\"}]}<\/script>\n<!-- \/ Yoast SEO plugin. -->","yoast_head_json":{"title":"Cadre sectoriel de dialogue \u00ab D\u00e9fense et S\u00e9curit\u00e9 \u00bb 2024 : Un taux d'ex\u00e9cution physique des activit\u00e9s de 94% enregistr\u00e9\u00a0 - La Tribune du Faso","robots":{"index":"index","follow":"follow","max-snippet":"max-snippet:-1","max-image-preview":"max-image-preview:large","max-video-preview":"max-video-preview:-1"},"canonical":"https:\/\/www.latribunedufaso.net\/?p=19292","og_locale":"fr_FR","og_type":"article","og_title":"Cadre sectoriel de dialogue \u00ab D\u00e9fense et S\u00e9curit\u00e9 \u00bb 2024 : Un taux d'ex\u00e9cution physique des activit\u00e9s de 94% enregistr\u00e9\u00a0 - La Tribune du Faso","og_description":"Le ministre de la S\u00e9curit\u00e9, Mahamadou Sana a pr\u00e9sid\u00e9 le 07 mars 2025 \u00e0 Ouagadougou, la revue annuelle 2024 du Cadre sectoriel de dialogue \u00ab D\u00e9fense et S\u00e9curit\u00e9 \u00bb (CSD-DS).","og_url":"https:\/\/www.latribunedufaso.net\/?p=19292","og_site_name":"La Tribune du Faso","article_publisher":"https:\/\/www.facebook.com\/LatribuneduFaso\/","article_published_time":"2025-03-08T00:20:36+00:00","og_image":[{"width":1280,"height":960,"url":"https:\/\/www.latribunedufaso.net\/wp-content\/uploads\/2025\/03\/IMG-20250307-WA0039.jpg","type":"image\/jpeg"}],"author":"Issouf Tapsoba","twitter_misc":{"\u00c9crit par":"Issouf Tapsoba","Dur\u00e9e de lecture estim\u00e9e":"2 minutes"},"schema":{"@context":"https:\/\/schema.org","@graph":[{"@type":"Article","@id":"https:\/\/www.latribunedufaso.net\/?p=19292#article","isPartOf":{"@id":"https:\/\/www.latribunedufaso.net\/?p=19292"},"author":{"name":"Issouf Tapsoba","@id":"https:\/\/www.latribunedufaso.net\/#\/schema\/person\/e54e64c5778a7e72cf80a318b7a622b0"},"headline":"Cadre sectoriel de dialogue \u00ab D\u00e9fense et S\u00e9curit\u00e9 \u00bb 2024 : Un taux d&rsquo;ex\u00e9cution physique des activit\u00e9s de 94% enregistr\u00e9\u00a0","datePublished":"2025-03-08T00:20:36+00:00","mainEntityOfPage":{"@id":"https:\/\/www.latribunedufaso.net\/?p=19292"},"wordCount":459,"commentCount":0,"publisher":{"@id":"https:\/\/www.latribunedufaso.net\/#organization"},"image":{"@id":"https:\/\/www.latribunedufaso.net\/?p=19292#primaryimage"},"thumbnailUrl":"https:\/\/www.latribunedufaso.net\/wp-content\/uploads\/2025\/03\/IMG-20250307-WA0039.jpg","keywords":["Cadre sectoriel de dialogue \u00ab D\u00e9fense et S\u00e9curit\u00e9 \u00bb (CSD-DS)","latribunedufaso.net"],"articleSection":["A la une","Actualit\u00e9","Soci\u00e9t\u00e9"],"inLanguage":"fr-FR","potentialAction":[{"@type":"CommentAction","name":"Comment","target":["https:\/\/www.latribunedufaso.net\/?p=19292#respond"]}]},{"@type":"WebPage","@id":"https:\/\/www.latribunedufaso.net\/?p=19292","url":"https:\/\/www.latribunedufaso.net\/?p=19292","name":"Cadre sectoriel de dialogue \u00ab D\u00e9fense et S\u00e9curit\u00e9 \u00bb 2024 : Un taux d'ex\u00e9cution physique des activit\u00e9s de 94% enregistr\u00e9\u00a0 - La Tribune du Faso","isPartOf":{"@id":"https:\/\/www.latribunedufaso.net\/#website"},"primaryImageOfPage":{"@id":"https:\/\/www.latribunedufaso.net\/?p=19292#primaryimage"},"image":{"@id":"https:\/\/www.latribunedufaso.net\/?p=19292#primaryimage"},"thumbnailUrl":"https:\/\/www.latribunedufaso.net\/wp-content\/uploads\/2025\/03\/IMG-20250307-WA0039.jpg","datePublished":"2025-03-08T00:20:36+00:00","breadcrumb":{"@id":"https:\/\/www.latribunedufaso.net\/?p=19292#breadcrumb"},"inLanguage":"fr-FR","potentialAction":[{"@type":"ReadAction","target":["https:\/\/www.latribunedufaso.net\/?p=19292"]}]},{"@type":"ImageObject","inLanguage":"fr-FR","@id":"https:\/\/www.latribunedufaso.net\/?p=19292#primaryimage","url":"https:\/\/www.latribunedufaso.net\/wp-content\/uploads\/2025\/03\/IMG-20250307-WA0039.jpg","contentUrl":"https:\/\/www.latribunedufaso.net\/wp-content\/uploads\/2025\/03\/IMG-20250307-WA0039.jpg","width":1280,"height":960,"caption":"Le ministre de la S\u00e9curit\u00e9, Mahamadou Sana a pr\u00e9sid\u00e9 le 07 mars 2025 \u00e0 Ouagadougou, la revue annuelle 2024 du Cadre sectoriel de dialogue \u00ab D\u00e9fense et S\u00e9curit\u00e9 \u00bb (CSD-DS)"},{"@type":"BreadcrumbList","@id":"https:\/\/www.latribunedufaso.net\/?p=19292#breadcrumb","itemListElement":[{"@type":"ListItem","position":1,"name":"Accueil","item":"https:\/\/www.latribunedufaso.net\/"},{"@type":"ListItem","position":2,"name":"Cadre sectoriel de dialogue \u00ab D\u00e9fense et S\u00e9curit\u00e9 \u00bb 2024 : Un taux d&rsquo;ex\u00e9cution physique des activit\u00e9s de 94% enregistr\u00e9\u00a0"}]},{"@type":"WebSite","@id":"https:\/\/www.latribunedufaso.net\/#website","url":"https:\/\/www.latribunedufaso.net\/","name":"La Tribune du Faso","description":"L&#039;information du monde rural en un clic","publisher":{"@id":"https:\/\/www.latribunedufaso.net\/#organization"},"potentialAction":[{"@type":"SearchAction","target":{"@type":"EntryPoint","urlTemplate":"https:\/\/www.latribunedufaso.net\/?s={search_term_string}"},"query-input":{"@type":"PropertyValueSpecification","valueRequired":true,"valueName":"search_term_string"}}],"inLanguage":"fr-FR"},{"@type":"Organization","@id":"https:\/\/www.latribunedufaso.net\/#organization","name":"La Tribune du Faso","url":"https:\/\/www.latribunedufaso.net\/","logo":{"@type":"ImageObject","inLanguage":"fr-FR","@id":"https:\/\/www.latribunedufaso.net\/#\/schema\/logo\/image\/","url":"https:\/\/www.latribunedufaso.net\/wp-content\/uploads\/2020\/08\/Logo-Tribune-du-Faso-final-scaled.jpg","contentUrl":"https:\/\/www.latribunedufaso.net\/wp-content\/uploads\/2020\/08\/Logo-Tribune-du-Faso-final-scaled.jpg","width":2560,"height":1856,"caption":"La Tribune du Faso"},"image":{"@id":"https:\/\/www.latribunedufaso.net\/#\/schema\/logo\/image\/"},"sameAs":["https:\/\/www.facebook.com\/LatribuneduFaso\/"]},{"@type":"Person","@id":"https:\/\/www.latribunedufaso.net\/#\/schema\/person\/e54e64c5778a7e72cf80a318b7a622b0","name":"Issouf Tapsoba","image":{"@type":"ImageObject","inLanguage":"fr-FR","@id":"https:\/\/secure.gravatar.com\/avatar\/5e6c05150ce3230247d167f5b94d678eb05936197436d69b7921e3a95c9107ac?s=96&d=mm&r=g","url":"https:\/\/secure.gravatar.com\/avatar\/5e6c05150ce3230247d167f5b94d678eb05936197436d69b7921e3a95c9107ac?s=96&d=mm&r=g","contentUrl":"https:\/\/secure.gravatar.com\/avatar\/5e6c05150ce3230247d167f5b94d678eb05936197436d69b7921e3a95c9107ac?s=96&d=mm&r=g","caption":"Issouf Tapsoba"},"url":"https:\/\/www.latribunedufaso.net\/?author=5"}]}},"_links":{"self":[{"href":"https:\/\/www.latribunedufaso.net\/index.php?rest_route=\/wp\/v2\/posts\/19292","targetHints":{"allow":["GET"]}}],"collection":[{"href":"https:\/\/www.latribunedufaso.net\/index.php?rest_route=\/wp\/v2\/posts"}],"about":[{"href":"https:\/\/www.latribunedufaso.net\/index.php?rest_route=\/wp\/v2\/types\/post"}],"author":[{"embeddable":true,"href":"https:\/\/www.latribunedufaso.net\/index.php?rest_route=\/wp\/v2\/users\/5"}],"replies":[{"embeddable":true,"href":"https:\/\/www.latribunedufaso.net\/index.php?rest_route=%2Fwp%2Fv2%2Fcomments&post=19292"}],"version-history":[{"count":1,"href":"https:\/\/www.latribunedufaso.net\/index.php?rest_route=\/wp\/v2\/posts\/19292\/revisions"}],"predecessor-version":[{"id":19298,"href":"https:\/\/www.latribunedufaso.net\/index.php?rest_route=\/wp\/v2\/posts\/19292\/revisions\/19298"}],"wp:featuredmedia":[{"embeddable":true,"href":"https:\/\/www.latribunedufaso.net\/index.php?rest_route=\/wp\/v2\/media\/19297"}],"wp:attachment":[{"href":"https:\/\/www.latribunedufaso.net\/index.php?rest_route=%2Fwp%2Fv2%2Fmedia&parent=19292"}],"wp:term":[{"taxonomy":"category","embeddable":true,"href":"https:\/\/www.latribunedufaso.net\/index.php?rest_route=%2Fwp%2Fv2%2Fcategories&post=19292"},{"taxonomy":"post_tag","embeddable":true,"href":"https:\/\/www.latribunedufaso.net\/index.php?rest_route=%2Fwp%2Fv2%2Ftags&post=19292"}],"curies":[{"name":"wp","href":"https:\/\/api.w.org\/{rel}","templated":true}]}}