{"id":19285,"date":"2025-03-07T19:32:07","date_gmt":"2025-03-07T19:32:07","guid":{"rendered":"https:\/\/www.latribunedufaso.net\/?p=19285"},"modified":"2025-03-07T19:34:07","modified_gmt":"2025-03-07T19:34:07","slug":"reconquete-du-territoire-national-les-elements-du-gumi-3-de-retour-de-mission-ont-recu-un-accueil-triomphal-a-ouagadougou","status":"publish","type":"post","link":"https:\/\/www.latribunedufaso.net\/?p=19285","title":{"rendered":"Reconqu\u00eate du territoire national : Les \u00e9l\u00e9ments du GUMI 3, de retour de mission, ont re\u00e7u un accueil triomphal \u00e0 Ouagadougou\u00a0"},"content":{"rendered":"<p><strong><span style=\"font-size: 1.0625rem;\">La hi\u00e9rarchie polici\u00e8re a r\u00e9serv\u00e9 un accueil triomphal aux \u00e9l\u00e9ments du 3\u00e8me Groupement des unit\u00e9s mobiles d\u2019intervention de la Police Nationale (GUMI 3) de retour de mission, le 07 mars 2025 \u00e0 Ouagadougou.<\/span><\/strong><!--more--><\/p>\n<p>C\u2019est dans la matin\u00e9e du vendredi 07 mars 2025 que le Directeur G\u00e9n\u00e9ral Adjoint de la Police Nationale, le Commissaire Divisionnaire de Police Bonswend\u00e9 Sankara, accompagn\u00e9 d\u2019une repr\u00e9sentation du commandement a, au nom du Directeur G\u00e9n\u00e9ral de la Police Nationale, accueilli les combattants \u00e9voluant dans le 3\u00e8me GUMI bas\u00e9 \u00e0 Yamba dans la r\u00e9gion de l\u2019Est.\u00a0<\/p>\n<figure id=\"attachment_19287\" aria-describedby=\"caption-attachment-19287\" style=\"width: 720px\" class=\"wp-caption aligncenter\"><a href=\"https:\/\/www.latribunedufaso.net\/wp-content\/uploads\/2025\/03\/FB_IMG_1741375331205.jpg\"><img loading=\"lazy\" decoding=\"async\" class=\"size-full wp-image-19287\" src=\"https:\/\/www.latribunedufaso.net\/wp-content\/uploads\/2025\/03\/FB_IMG_1741375331205.jpg\" alt=\"La hi\u00e9rarchie polici\u00e8re a r\u00e9serv\u00e9 un accueil triomphal aux \u00e9l\u00e9ments du 3\u00e8me Groupement des unit\u00e9s mobiles d\u2019intervention de la Police Nationale (GUMI 3) de retour de mission, le 07 mars 2025 \u00e0 Ouagadougou\" width=\"720\" height=\"441\" srcset=\"https:\/\/www.latribunedufaso.net\/wp-content\/uploads\/2025\/03\/FB_IMG_1741375331205.jpg 720w, https:\/\/www.latribunedufaso.net\/wp-content\/uploads\/2025\/03\/FB_IMG_1741375331205-300x184.jpg 300w\" sizes=\"auto, (max-width: 720px) 100vw, 720px\" \/><\/a><figcaption id=\"caption-attachment-19287\" class=\"wp-caption-text\">Une vue de la hi\u00e9rarchie polici\u00e8re entrain de f\u00e9liciter les \u00e9l\u00e9ments du GUMI 3 &#8211; Ph. DR<\/figcaption><\/figure>\n<p>En effet, la mission men\u00e9e par les hommes du GUMI 3 fut d\u2019une t\u00e9nacit\u00e9 qui a dur\u00e9 quatre (04) mois, avec comme \u00e9pisode d\u2019intenses combats sans merci en vue de stabiliser la zone jadis sous emprise terroriste. Ce sont sacrifice, vaillance et d\u00e9termination qui \u00e9taient les quotidiens de ces intr\u00e9pides combattants \u00e0 qui s\u2019est jointe la hi\u00e9rarchie polici\u00e8re pour siffler le clairon de la victoire d\u2019une bataille gagn\u00e9e avec honneur.<\/p>\n<figure id=\"attachment_19288\" aria-describedby=\"caption-attachment-19288\" style=\"width: 720px\" class=\"wp-caption aligncenter\"><a href=\"https:\/\/www.latribunedufaso.net\/wp-content\/uploads\/2025\/03\/FB_IMG_1741375367631.jpg\"><img loading=\"lazy\" decoding=\"async\" class=\"size-full wp-image-19288\" src=\"https:\/\/www.latribunedufaso.net\/wp-content\/uploads\/2025\/03\/FB_IMG_1741375367631.jpg\" alt=\"La hi\u00e9rarchie polici\u00e8re a r\u00e9serv\u00e9 un accueil triomphal aux \u00e9l\u00e9ments du 3\u00e8me Groupement des unit\u00e9s mobiles d\u2019intervention de la Police Nationale (GUMI 3) de retour de mission, le 07 mars 2025 \u00e0 Ouagadougou\" width=\"720\" height=\"472\" srcset=\"https:\/\/www.latribunedufaso.net\/wp-content\/uploads\/2025\/03\/FB_IMG_1741375367631.jpg 720w, https:\/\/www.latribunedufaso.net\/wp-content\/uploads\/2025\/03\/FB_IMG_1741375367631-300x197.jpg 300w, https:\/\/www.latribunedufaso.net\/wp-content\/uploads\/2025\/03\/FB_IMG_1741375367631-120x80.jpg 120w\" sizes=\"auto, (max-width: 720px) 100vw, 720px\" \/><\/a><figcaption id=\"caption-attachment-19288\" class=\"wp-caption-text\">Photo de famille des \u00e9l\u00e9ments du GUMI 3 avec la hi\u00e9rarchie polici\u00e8re &#8211; Ph. DR<\/figcaption><\/figure>\n<p>Cet accueil digne des efforts consentis par ces \u00e9l\u00e9ments est un t\u00e9moignage de reconnaissance, de satisfaction et d\u2019encouragement des hommes dot\u00e9s d\u2019un moral in\u00e9branlable. Une action que la hi\u00e9rarchie entend p\u00e9renniser pour un management de qualit\u00e9.\u00a0<\/p>\n<p><strong>latribunedufaso.net<\/strong><\/p>\n<p><strong>Source : La Police Nationale<\/strong><\/p>\n","protected":false},"excerpt":{"rendered":"<p>La hi\u00e9rarchie polici\u00e8re a r\u00e9serv\u00e9 un accueil triomphal aux \u00e9l\u00e9ments du 3\u00e8me Groupement des unit\u00e9s mobiles d\u2019intervention de la Police Nationale (GUMI 3) de retour de mission, le 07 mars 2025 \u00e0 Ouagadougou.<\/p>\n","protected":false},"author":5,"featured_media":19286,"comment_status":"open","ping_status":"open","sticky":false,"template":"","format":"standard","meta":{"footnotes":""},"categories":[13,1,8],"tags":[773,39,231],"class_list":["post-19285","post","type-post","status-publish","format-standard","has-post-thumbnail","hentry","category-une","category-actu","category-societe","tag-accueil-triomphal-des-elements-du-gumi-3","tag-latribunedufaso-net","tag-securite"],"yoast_head":"<!-- This site is optimized with the Yoast SEO plugin v27.4 - https:\/\/yoast.com\/product\/yoast-seo-wordpress\/ -->\n<title>Reconqu\u00eate du territoire national : Les \u00e9l\u00e9ments du GUMI 3, de retour de mission, ont re\u00e7u un accueil triomphal \u00e0 Ouagadougou\u00a0 - La Tribune du Faso<\/title>\n<meta name=\"robots\" content=\"index, follow, max-snippet:-1, max-image-preview:large, max-video-preview:-1\" \/>\n<link rel=\"canonical\" href=\"https:\/\/www.latribunedufaso.net\/?p=19285\" \/>\n<meta property=\"og:locale\" content=\"fr_FR\" \/>\n<meta property=\"og:type\" content=\"article\" \/>\n<meta property=\"og:title\" content=\"Reconqu\u00eate du territoire national : Les \u00e9l\u00e9ments du GUMI 3, de retour de mission, ont re\u00e7u un accueil triomphal \u00e0 Ouagadougou\u00a0 - La Tribune du Faso\" \/>\n<meta property=\"og:description\" content=\"La hi\u00e9rarchie polici\u00e8re a r\u00e9serv\u00e9 un accueil triomphal aux \u00e9l\u00e9ments du 3\u00e8me Groupement des unit\u00e9s mobiles d\u2019intervention de la Police Nationale (GUMI 3) de retour de mission, le 07 mars 2025 \u00e0 Ouagadougou.\" \/>\n<meta property=\"og:url\" content=\"https:\/\/www.latribunedufaso.net\/?p=19285\" \/>\n<meta property=\"og:site_name\" content=\"La Tribune du Faso\" \/>\n<meta property=\"article:publisher\" content=\"https:\/\/www.facebook.com\/LatribuneduFaso\/\" \/>\n<meta property=\"article:published_time\" content=\"2025-03-07T19:32:07+00:00\" \/>\n<meta property=\"article:modified_time\" content=\"2025-03-07T19:34:07+00:00\" \/>\n<meta property=\"og:image\" content=\"https:\/\/www.latribunedufaso.net\/wp-content\/uploads\/2025\/03\/FB_IMG_1741375408344.jpg\" \/>\n\t<meta property=\"og:image:width\" content=\"720\" \/>\n\t<meta property=\"og:image:height\" content=\"443\" \/>\n\t<meta property=\"og:image:type\" content=\"image\/jpeg\" \/>\n<meta name=\"author\" content=\"Issouf Tapsoba\" \/>\n<meta name=\"twitter:label1\" content=\"\u00c9crit par\" \/>\n\t<meta name=\"twitter:data1\" content=\"Issouf Tapsoba\" \/>\n\t<meta name=\"twitter:label2\" content=\"Dur\u00e9e de lecture estim\u00e9e\" \/>\n\t<meta name=\"twitter:data2\" content=\"1 minute\" \/>\n<script type=\"application\/ld+json\" class=\"yoast-schema-graph\">{\"@context\":\"https:\\\/\\\/schema.org\",\"@graph\":[{\"@type\":\"Article\",\"@id\":\"https:\\\/\\\/www.latribunedufaso.net\\\/?p=19285#article\",\"isPartOf\":{\"@id\":\"https:\\\/\\\/www.latribunedufaso.net\\\/?p=19285\"},\"author\":{\"name\":\"Issouf Tapsoba\",\"@id\":\"https:\\\/\\\/www.latribunedufaso.net\\\/#\\\/schema\\\/person\\\/e54e64c5778a7e72cf80a318b7a622b0\"},\"headline\":\"Reconqu\u00eate du territoire national : Les \u00e9l\u00e9ments du GUMI 3, de retour de mission, ont re\u00e7u un accueil triomphal \u00e0 Ouagadougou\u00a0\",\"datePublished\":\"2025-03-07T19:32:07+00:00\",\"dateModified\":\"2025-03-07T19:34:07+00:00\",\"mainEntityOfPage\":{\"@id\":\"https:\\\/\\\/www.latribunedufaso.net\\\/?p=19285\"},\"wordCount\":298,\"commentCount\":0,\"publisher\":{\"@id\":\"https:\\\/\\\/www.latribunedufaso.net\\\/#organization\"},\"image\":{\"@id\":\"https:\\\/\\\/www.latribunedufaso.net\\\/?p=19285#primaryimage\"},\"thumbnailUrl\":\"https:\\\/\\\/www.latribunedufaso.net\\\/wp-content\\\/uploads\\\/2025\\\/03\\\/FB_IMG_1741375408344.jpg\",\"keywords\":[\"Accueil triomphal des \u00e9l\u00e9ments du GUMI 3\",\"latribunedufaso.net\",\"s\u00e9curit\u00e9\"],\"articleSection\":[\"A la une\",\"Actualit\u00e9\",\"Soci\u00e9t\u00e9\"],\"inLanguage\":\"fr-FR\",\"potentialAction\":[{\"@type\":\"CommentAction\",\"name\":\"Comment\",\"target\":[\"https:\\\/\\\/www.latribunedufaso.net\\\/?p=19285#respond\"]}]},{\"@type\":\"WebPage\",\"@id\":\"https:\\\/\\\/www.latribunedufaso.net\\\/?p=19285\",\"url\":\"https:\\\/\\\/www.latribunedufaso.net\\\/?p=19285\",\"name\":\"Reconqu\u00eate du territoire national : Les \u00e9l\u00e9ments du GUMI 3, de retour de mission, ont re\u00e7u un accueil triomphal \u00e0 Ouagadougou\u00a0 - La Tribune du Faso\",\"isPartOf\":{\"@id\":\"https:\\\/\\\/www.latribunedufaso.net\\\/#website\"},\"primaryImageOfPage\":{\"@id\":\"https:\\\/\\\/www.latribunedufaso.net\\\/?p=19285#primaryimage\"},\"image\":{\"@id\":\"https:\\\/\\\/www.latribunedufaso.net\\\/?p=19285#primaryimage\"},\"thumbnailUrl\":\"https:\\\/\\\/www.latribunedufaso.net\\\/wp-content\\\/uploads\\\/2025\\\/03\\\/FB_IMG_1741375408344.jpg\",\"datePublished\":\"2025-03-07T19:32:07+00:00\",\"dateModified\":\"2025-03-07T19:34:07+00:00\",\"breadcrumb\":{\"@id\":\"https:\\\/\\\/www.latribunedufaso.net\\\/?p=19285#breadcrumb\"},\"inLanguage\":\"fr-FR\",\"potentialAction\":[{\"@type\":\"ReadAction\",\"target\":[\"https:\\\/\\\/www.latribunedufaso.net\\\/?p=19285\"]}]},{\"@type\":\"ImageObject\",\"inLanguage\":\"fr-FR\",\"@id\":\"https:\\\/\\\/www.latribunedufaso.net\\\/?p=19285#primaryimage\",\"url\":\"https:\\\/\\\/www.latribunedufaso.net\\\/wp-content\\\/uploads\\\/2025\\\/03\\\/FB_IMG_1741375408344.jpg\",\"contentUrl\":\"https:\\\/\\\/www.latribunedufaso.net\\\/wp-content\\\/uploads\\\/2025\\\/03\\\/FB_IMG_1741375408344.jpg\",\"width\":720,\"height\":443,\"caption\":\"La hi\u00e9rarchie polici\u00e8re a r\u00e9serv\u00e9 un accueil triomphal aux \u00e9l\u00e9ments du 3\u00e8me Groupement des unit\u00e9s mobiles d\u2019intervention de la Police Nationale (GUMI 3) de retour de mission, le 07 mars 2025 \u00e0 Ouagadougou\"},{\"@type\":\"BreadcrumbList\",\"@id\":\"https:\\\/\\\/www.latribunedufaso.net\\\/?p=19285#breadcrumb\",\"itemListElement\":[{\"@type\":\"ListItem\",\"position\":1,\"name\":\"Accueil\",\"item\":\"https:\\\/\\\/www.latribunedufaso.net\\\/\"},{\"@type\":\"ListItem\",\"position\":2,\"name\":\"Reconqu\u00eate du territoire national : Les \u00e9l\u00e9ments du GUMI 3, de retour de mission, ont re\u00e7u un accueil triomphal \u00e0 Ouagadougou\u00a0\"}]},{\"@type\":\"WebSite\",\"@id\":\"https:\\\/\\\/www.latribunedufaso.net\\\/#website\",\"url\":\"https:\\\/\\\/www.latribunedufaso.net\\\/\",\"name\":\"La Tribune du Faso\",\"description\":\"L&#039;information du monde rural en un clic\",\"publisher\":{\"@id\":\"https:\\\/\\\/www.latribunedufaso.net\\\/#organization\"},\"potentialAction\":[{\"@type\":\"SearchAction\",\"target\":{\"@type\":\"EntryPoint\",\"urlTemplate\":\"https:\\\/\\\/www.latribunedufaso.net\\\/?s={search_term_string}\"},\"query-input\":{\"@type\":\"PropertyValueSpecification\",\"valueRequired\":true,\"valueName\":\"search_term_string\"}}],\"inLanguage\":\"fr-FR\"},{\"@type\":\"Organization\",\"@id\":\"https:\\\/\\\/www.latribunedufaso.net\\\/#organization\",\"name\":\"La Tribune du Faso\",\"url\":\"https:\\\/\\\/www.latribunedufaso.net\\\/\",\"logo\":{\"@type\":\"ImageObject\",\"inLanguage\":\"fr-FR\",\"@id\":\"https:\\\/\\\/www.latribunedufaso.net\\\/#\\\/schema\\\/logo\\\/image\\\/\",\"url\":\"https:\\\/\\\/www.latribunedufaso.net\\\/wp-content\\\/uploads\\\/2020\\\/08\\\/Logo-Tribune-du-Faso-final-scaled.jpg\",\"contentUrl\":\"https:\\\/\\\/www.latribunedufaso.net\\\/wp-content\\\/uploads\\\/2020\\\/08\\\/Logo-Tribune-du-Faso-final-scaled.jpg\",\"width\":2560,\"height\":1856,\"caption\":\"La Tribune du Faso\"},\"image\":{\"@id\":\"https:\\\/\\\/www.latribunedufaso.net\\\/#\\\/schema\\\/logo\\\/image\\\/\"},\"sameAs\":[\"https:\\\/\\\/www.facebook.com\\\/LatribuneduFaso\\\/\"]},{\"@type\":\"Person\",\"@id\":\"https:\\\/\\\/www.latribunedufaso.net\\\/#\\\/schema\\\/person\\\/e54e64c5778a7e72cf80a318b7a622b0\",\"name\":\"Issouf Tapsoba\",\"image\":{\"@type\":\"ImageObject\",\"inLanguage\":\"fr-FR\",\"@id\":\"https:\\\/\\\/secure.gravatar.com\\\/avatar\\\/5e6c05150ce3230247d167f5b94d678eb05936197436d69b7921e3a95c9107ac?s=96&d=mm&r=g\",\"url\":\"https:\\\/\\\/secure.gravatar.com\\\/avatar\\\/5e6c05150ce3230247d167f5b94d678eb05936197436d69b7921e3a95c9107ac?s=96&d=mm&r=g\",\"contentUrl\":\"https:\\\/\\\/secure.gravatar.com\\\/avatar\\\/5e6c05150ce3230247d167f5b94d678eb05936197436d69b7921e3a95c9107ac?s=96&d=mm&r=g\",\"caption\":\"Issouf Tapsoba\"},\"url\":\"https:\\\/\\\/www.latribunedufaso.net\\\/?author=5\"}]}<\/script>\n<!-- \/ Yoast SEO plugin. -->","yoast_head_json":{"title":"Reconqu\u00eate du territoire national : Les \u00e9l\u00e9ments du GUMI 3, de retour de mission, ont re\u00e7u un accueil triomphal \u00e0 Ouagadougou\u00a0 - La Tribune du Faso","robots":{"index":"index","follow":"follow","max-snippet":"max-snippet:-1","max-image-preview":"max-image-preview:large","max-video-preview":"max-video-preview:-1"},"canonical":"https:\/\/www.latribunedufaso.net\/?p=19285","og_locale":"fr_FR","og_type":"article","og_title":"Reconqu\u00eate du territoire national : Les \u00e9l\u00e9ments du GUMI 3, de retour de mission, ont re\u00e7u un accueil triomphal \u00e0 Ouagadougou\u00a0 - La Tribune du Faso","og_description":"La hi\u00e9rarchie polici\u00e8re a r\u00e9serv\u00e9 un accueil triomphal aux \u00e9l\u00e9ments du 3\u00e8me Groupement des unit\u00e9s mobiles d\u2019intervention de la Police Nationale (GUMI 3) de retour de mission, le 07 mars 2025 \u00e0 Ouagadougou.","og_url":"https:\/\/www.latribunedufaso.net\/?p=19285","og_site_name":"La Tribune du Faso","article_publisher":"https:\/\/www.facebook.com\/LatribuneduFaso\/","article_published_time":"2025-03-07T19:32:07+00:00","article_modified_time":"2025-03-07T19:34:07+00:00","og_image":[{"width":720,"height":443,"url":"https:\/\/www.latribunedufaso.net\/wp-content\/uploads\/2025\/03\/FB_IMG_1741375408344.jpg","type":"image\/jpeg"}],"author":"Issouf Tapsoba","twitter_misc":{"\u00c9crit par":"Issouf Tapsoba","Dur\u00e9e de lecture estim\u00e9e":"1 minute"},"schema":{"@context":"https:\/\/schema.org","@graph":[{"@type":"Article","@id":"https:\/\/www.latribunedufaso.net\/?p=19285#article","isPartOf":{"@id":"https:\/\/www.latribunedufaso.net\/?p=19285"},"author":{"name":"Issouf Tapsoba","@id":"https:\/\/www.latribunedufaso.net\/#\/schema\/person\/e54e64c5778a7e72cf80a318b7a622b0"},"headline":"Reconqu\u00eate du territoire national : Les \u00e9l\u00e9ments du GUMI 3, de retour de mission, ont re\u00e7u un accueil triomphal \u00e0 Ouagadougou\u00a0","datePublished":"2025-03-07T19:32:07+00:00","dateModified":"2025-03-07T19:34:07+00:00","mainEntityOfPage":{"@id":"https:\/\/www.latribunedufaso.net\/?p=19285"},"wordCount":298,"commentCount":0,"publisher":{"@id":"https:\/\/www.latribunedufaso.net\/#organization"},"image":{"@id":"https:\/\/www.latribunedufaso.net\/?p=19285#primaryimage"},"thumbnailUrl":"https:\/\/www.latribunedufaso.net\/wp-content\/uploads\/2025\/03\/FB_IMG_1741375408344.jpg","keywords":["Accueil triomphal des \u00e9l\u00e9ments du GUMI 3","latribunedufaso.net","s\u00e9curit\u00e9"],"articleSection":["A la une","Actualit\u00e9","Soci\u00e9t\u00e9"],"inLanguage":"fr-FR","potentialAction":[{"@type":"CommentAction","name":"Comment","target":["https:\/\/www.latribunedufaso.net\/?p=19285#respond"]}]},{"@type":"WebPage","@id":"https:\/\/www.latribunedufaso.net\/?p=19285","url":"https:\/\/www.latribunedufaso.net\/?p=19285","name":"Reconqu\u00eate du territoire national : Les \u00e9l\u00e9ments du GUMI 3, de retour de mission, ont re\u00e7u un accueil triomphal \u00e0 Ouagadougou\u00a0 - La Tribune du Faso","isPartOf":{"@id":"https:\/\/www.latribunedufaso.net\/#website"},"primaryImageOfPage":{"@id":"https:\/\/www.latribunedufaso.net\/?p=19285#primaryimage"},"image":{"@id":"https:\/\/www.latribunedufaso.net\/?p=19285#primaryimage"},"thumbnailUrl":"https:\/\/www.latribunedufaso.net\/wp-content\/uploads\/2025\/03\/FB_IMG_1741375408344.jpg","datePublished":"2025-03-07T19:32:07+00:00","dateModified":"2025-03-07T19:34:07+00:00","breadcrumb":{"@id":"https:\/\/www.latribunedufaso.net\/?p=19285#breadcrumb"},"inLanguage":"fr-FR","potentialAction":[{"@type":"ReadAction","target":["https:\/\/www.latribunedufaso.net\/?p=19285"]}]},{"@type":"ImageObject","inLanguage":"fr-FR","@id":"https:\/\/www.latribunedufaso.net\/?p=19285#primaryimage","url":"https:\/\/www.latribunedufaso.net\/wp-content\/uploads\/2025\/03\/FB_IMG_1741375408344.jpg","contentUrl":"https:\/\/www.latribunedufaso.net\/wp-content\/uploads\/2025\/03\/FB_IMG_1741375408344.jpg","width":720,"height":443,"caption":"La hi\u00e9rarchie polici\u00e8re a r\u00e9serv\u00e9 un accueil triomphal aux \u00e9l\u00e9ments du 3\u00e8me Groupement des unit\u00e9s mobiles d\u2019intervention de la Police Nationale (GUMI 3) de retour de mission, le 07 mars 2025 \u00e0 Ouagadougou"},{"@type":"BreadcrumbList","@id":"https:\/\/www.latribunedufaso.net\/?p=19285#breadcrumb","itemListElement":[{"@type":"ListItem","position":1,"name":"Accueil","item":"https:\/\/www.latribunedufaso.net\/"},{"@type":"ListItem","position":2,"name":"Reconqu\u00eate du territoire national : Les \u00e9l\u00e9ments du GUMI 3, de retour de mission, ont re\u00e7u un accueil triomphal \u00e0 Ouagadougou\u00a0"}]},{"@type":"WebSite","@id":"https:\/\/www.latribunedufaso.net\/#website","url":"https:\/\/www.latribunedufaso.net\/","name":"La Tribune du Faso","description":"L&#039;information du monde rural en un clic","publisher":{"@id":"https:\/\/www.latribunedufaso.net\/#organization"},"potentialAction":[{"@type":"SearchAction","target":{"@type":"EntryPoint","urlTemplate":"https:\/\/www.latribunedufaso.net\/?s={search_term_string}"},"query-input":{"@type":"PropertyValueSpecification","valueRequired":true,"valueName":"search_term_string"}}],"inLanguage":"fr-FR"},{"@type":"Organization","@id":"https:\/\/www.latribunedufaso.net\/#organization","name":"La Tribune du Faso","url":"https:\/\/www.latribunedufaso.net\/","logo":{"@type":"ImageObject","inLanguage":"fr-FR","@id":"https:\/\/www.latribunedufaso.net\/#\/schema\/logo\/image\/","url":"https:\/\/www.latribunedufaso.net\/wp-content\/uploads\/2020\/08\/Logo-Tribune-du-Faso-final-scaled.jpg","contentUrl":"https:\/\/www.latribunedufaso.net\/wp-content\/uploads\/2020\/08\/Logo-Tribune-du-Faso-final-scaled.jpg","width":2560,"height":1856,"caption":"La Tribune du Faso"},"image":{"@id":"https:\/\/www.latribunedufaso.net\/#\/schema\/logo\/image\/"},"sameAs":["https:\/\/www.facebook.com\/LatribuneduFaso\/"]},{"@type":"Person","@id":"https:\/\/www.latribunedufaso.net\/#\/schema\/person\/e54e64c5778a7e72cf80a318b7a622b0","name":"Issouf Tapsoba","image":{"@type":"ImageObject","inLanguage":"fr-FR","@id":"https:\/\/secure.gravatar.com\/avatar\/5e6c05150ce3230247d167f5b94d678eb05936197436d69b7921e3a95c9107ac?s=96&d=mm&r=g","url":"https:\/\/secure.gravatar.com\/avatar\/5e6c05150ce3230247d167f5b94d678eb05936197436d69b7921e3a95c9107ac?s=96&d=mm&r=g","contentUrl":"https:\/\/secure.gravatar.com\/avatar\/5e6c05150ce3230247d167f5b94d678eb05936197436d69b7921e3a95c9107ac?s=96&d=mm&r=g","caption":"Issouf Tapsoba"},"url":"https:\/\/www.latribunedufaso.net\/?author=5"}]}},"_links":{"self":[{"href":"https:\/\/www.latribunedufaso.net\/index.php?rest_route=\/wp\/v2\/posts\/19285","targetHints":{"allow":["GET"]}}],"collection":[{"href":"https:\/\/www.latribunedufaso.net\/index.php?rest_route=\/wp\/v2\/posts"}],"about":[{"href":"https:\/\/www.latribunedufaso.net\/index.php?rest_route=\/wp\/v2\/types\/post"}],"author":[{"embeddable":true,"href":"https:\/\/www.latribunedufaso.net\/index.php?rest_route=\/wp\/v2\/users\/5"}],"replies":[{"embeddable":true,"href":"https:\/\/www.latribunedufaso.net\/index.php?rest_route=%2Fwp%2Fv2%2Fcomments&post=19285"}],"version-history":[{"count":3,"href":"https:\/\/www.latribunedufaso.net\/index.php?rest_route=\/wp\/v2\/posts\/19285\/revisions"}],"predecessor-version":[{"id":19291,"href":"https:\/\/www.latribunedufaso.net\/index.php?rest_route=\/wp\/v2\/posts\/19285\/revisions\/19291"}],"wp:featuredmedia":[{"embeddable":true,"href":"https:\/\/www.latribunedufaso.net\/index.php?rest_route=\/wp\/v2\/media\/19286"}],"wp:attachment":[{"href":"https:\/\/www.latribunedufaso.net\/index.php?rest_route=%2Fwp%2Fv2%2Fmedia&parent=19285"}],"wp:term":[{"taxonomy":"category","embeddable":true,"href":"https:\/\/www.latribunedufaso.net\/index.php?rest_route=%2Fwp%2Fv2%2Fcategories&post=19285"},{"taxonomy":"post_tag","embeddable":true,"href":"https:\/\/www.latribunedufaso.net\/index.php?rest_route=%2Fwp%2Fv2%2Ftags&post=19285"}],"curies":[{"name":"wp","href":"https:\/\/api.w.org\/{rel}","templated":true}]}}