{"id":19267,"date":"2025-03-07T12:14:07","date_gmt":"2025-03-07T12:14:07","guid":{"rendered":"https:\/\/www.latribunedufaso.net\/?p=19267"},"modified":"2025-03-17T21:35:50","modified_gmt":"2025-03-17T21:35:50","slug":"lutte-contre-la-vie-chere-et-les-conditions-difficiles-de-travail-luas-donne-de-la-voix","status":"publish","type":"post","link":"https:\/\/www.latribunedufaso.net\/?p=19267","title":{"rendered":"Lutte contre la vie ch\u00e8re et les conditions difficiles de travail : L\u2019UAS donn\u00e9 de la voix"},"content":{"rendered":"<p><strong><span style=\"font-size: 1.0625rem;\">L\u2019Unit\u00e9 d\u2019action syndicale (UAS) a tenu, le 6 mars 2025 \u00e0 Ouagadougou, une assembl\u00e9e g\u00e9n\u00e9rale (AG). Cette assembl\u00e9e avait pour but de pr\u00e9senter les conclusions de la derni\u00e8re rencontre Gouvernement\/Syndicats aux militants et de recueillir leurs pr\u00e9occupations afin d\u2019envisager la conduite \u00e0 tenir.<\/span><\/strong><!--more--><\/p>\n<p>Du 6 au 7 f\u00e9vrier 2025, le gouvernement et les syndicats ont \u00e9chang\u00e9 sur les conditions de vie des populations et des travailleurs. A l\u2019issue de la rencontre, l\u2019UAS a organis\u00e9, le 6 mars 2025 \u00e0 Ouagadougou, une Assembl\u00e9e g\u00e9n\u00e9rale (AG) pour pr\u00e9senter les conclusions des \u00e9changes \u00e0 ses militants.<\/p>\n<figure id=\"attachment_19269\" aria-describedby=\"caption-attachment-19269\" style=\"width: 2560px\" class=\"wp-caption aligncenter\"><a href=\"https:\/\/www.latribunedufaso.net\/wp-content\/uploads\/2025\/03\/IMG_20250306_164331_167-scaled.jpg\"><img loading=\"lazy\" decoding=\"async\" class=\"size-full wp-image-19269\" src=\"https:\/\/www.latribunedufaso.net\/wp-content\/uploads\/2025\/03\/IMG_20250306_164331_167-scaled.jpg\" alt=\"Assembl\u00e9e g\u00e9n\u00e9rale de l'UAS pour pr\u00e9senter les conclusions de la derni\u00e8re rencontre Gouvernement-Syndicats \u00e0 ses militants, 6 mars 2025\" width=\"2560\" height=\"1920\" srcset=\"https:\/\/www.latribunedufaso.net\/wp-content\/uploads\/2025\/03\/IMG_20250306_164331_167-scaled.jpg 2560w, https:\/\/www.latribunedufaso.net\/wp-content\/uploads\/2025\/03\/IMG_20250306_164331_167-300x225.jpg 300w, https:\/\/www.latribunedufaso.net\/wp-content\/uploads\/2025\/03\/IMG_20250306_164331_167-1024x768.jpg 1024w, https:\/\/www.latribunedufaso.net\/wp-content\/uploads\/2025\/03\/IMG_20250306_164331_167-768x576.jpg 768w, https:\/\/www.latribunedufaso.net\/wp-content\/uploads\/2025\/03\/IMG_20250306_164331_167-1536x1152.jpg 1536w, https:\/\/www.latribunedufaso.net\/wp-content\/uploads\/2025\/03\/IMG_20250306_164331_167-2048x1536.jpg 2048w\" sizes=\"auto, (max-width: 2560px) 100vw, 2560px\" \/><\/a><figcaption id=\"caption-attachment-19269\" class=\"wp-caption-text\">Le Vice-pr\u00e9sident de l&rsquo;Unit\u00e9 d&rsquo;action syndicale, Ernest Ou\u00e9draogo &#8211; Ph. I. Tapsoba<\/figcaption><\/figure>\n<p>Il ressort de cette rencontre que le gouvernement a pris 7 engagements, mais sans indiquer une \u00e9ch\u00e9ance pour les satisfaire. Au titre des divers, l\u2019UAS a inscrit 9 points de revendication. Cela a \u00e9t\u00e9 possible a l\u2019issue de longues heures de d\u00e9bat et de 2 suspensions, selon le Vice-pr\u00e9sident de l\u2019UAS, Ernest Ou\u00e9draogo.<\/p>\n<p>Parmi ces 9 points, il y a notamment le point sur la vie ch\u00e8re et la baisse du pouvoir d\u2019achat des travailleurs, l\u2019operationalisation de l\u2019Assurance maladie universelle (AMU) sans consid\u00e9ration des observations de l\u2019UAS et le point sur le licenciement <em><strong>\u00ab abusive \u00bb<\/strong><\/em> du Secr\u00e9taire g\u00e9n\u00e9ral (SG) de la Conf\u00e9d\u00e9ration g\u00e9n\u00e9rale du travail du Burkina (CGT-B), Moussa Diallo.<\/p>\n<h3>Le point sur l\u2019operationalisation de l\u2019AMU<\/h3>\n<p>A \u00e9couter Ernest Ou\u00e9draogo, l\u2019UAS n\u2019est pas contre le principe de l\u2019AMU. <em><strong>\u00ab Mais tels que con\u00e7ue, le panier de l\u2019AMU ne fait pas l\u2019affaire de certains travailleurs qui \u00e9taient d\u00e9j\u00e0 assur\u00e9s \u00bb,<\/strong><\/em> a-t-il expliqu\u00e9. Il y a des travailleurs qui \u00e9taient d\u00e9j\u00e0 assur\u00e9s dans leur service dont le panier est un peu plus large que ce que l\u2019AMU propose, a-t-il poursuivi. Il a rassur\u00e9 que la question sera rediscuter avec le gouvernement.<\/p>\n<figure id=\"attachment_19271\" aria-describedby=\"caption-attachment-19271\" style=\"width: 2560px\" class=\"wp-caption aligncenter\"><a href=\"https:\/\/www.latribunedufaso.net\/wp-content\/uploads\/2025\/03\/IMG_20250306_164250_001-scaled.jpg\"><img loading=\"lazy\" decoding=\"async\" class=\"size-full wp-image-19271\" src=\"https:\/\/www.latribunedufaso.net\/wp-content\/uploads\/2025\/03\/IMG_20250306_164250_001-scaled.jpg\" alt=\"Assembl\u00e9e g\u00e9n\u00e9rale de l'UAS pour pr\u00e9senter les conclusions de la derni\u00e8re rencontre Gouvernement-Syndicats \u00e0 ses militants, 6 mars 2025\" width=\"2560\" height=\"1920\" srcset=\"https:\/\/www.latribunedufaso.net\/wp-content\/uploads\/2025\/03\/IMG_20250306_164250_001-scaled.jpg 2560w, https:\/\/www.latribunedufaso.net\/wp-content\/uploads\/2025\/03\/IMG_20250306_164250_001-300x225.jpg 300w, https:\/\/www.latribunedufaso.net\/wp-content\/uploads\/2025\/03\/IMG_20250306_164250_001-1024x768.jpg 1024w, https:\/\/www.latribunedufaso.net\/wp-content\/uploads\/2025\/03\/IMG_20250306_164250_001-768x576.jpg 768w, https:\/\/www.latribunedufaso.net\/wp-content\/uploads\/2025\/03\/IMG_20250306_164250_001-1536x1152.jpg 1536w, https:\/\/www.latribunedufaso.net\/wp-content\/uploads\/2025\/03\/IMG_20250306_164250_001-2048x1536.jpg 2048w\" sizes=\"auto, (max-width: 2560px) 100vw, 2560px\" \/><\/a><figcaption id=\"caption-attachment-19271\" class=\"wp-caption-text\">Une vue des participants \u00e0 l&rsquo;assembl\u00e9e g\u00e9n\u00e9rale &#8211; Ph. I. Tapsoba<\/figcaption><\/figure>\n<h3>La vie ch\u00e8re et la baisse du pouvoir d\u2019achat des travailleurs<\/h3>\n<p>Depuis un certain temps, il y a plusieurs mesures fiscales qui contribuent \u00e0 diminuer le pouvoir d\u2019achat des travailleurs, selon le SGA de la CGT-B, Nicolas Ou\u00e9draogo. Il a point\u00e9 du doigt le Fonds de soutien patriotique. <em><strong>\u00ab Pour les travailleurs, c\u2019est une double contributions. On pr\u00e9l\u00e8ve sur les revenus et on taxe les produits de consommation \u00bb<\/strong><\/em>, a-t-il expliqu\u00e9. Il y a aussi une augmentation du co\u00fbt de la vie marqu\u00e9e par la hausse du prix des produits de premi\u00e8re n\u00e9cessit\u00e9.<\/p>\n<h3>L\u2019\u00e9pineuse question de la situation du SG de la CGT-B<\/h3>\n<p>Le SG de la Conf\u00e9d\u00e9ration syndicale Burkinab\u00e8 (CSB), Olivier Ou\u00e9draogo a appel\u00e9 les militants \u00e0 faire bloc pour d\u00e9fendre Moussa Diallo. <em><strong>\u00ab Que chacun sache que son combat c\u2019est pour la dignit\u00e9 du mouvement syndicale burkinab\u00e8 \u00bb,<\/strong><\/em> a-t-il exhort\u00e9 ces derniers.<\/p>\n<figure id=\"attachment_19268\" aria-describedby=\"caption-attachment-19268\" style=\"width: 2560px\" class=\"wp-caption aligncenter\"><a href=\"https:\/\/www.latribunedufaso.net\/wp-content\/uploads\/2025\/03\/IMG_20250306_174310_434-scaled.jpg\"><img loading=\"lazy\" decoding=\"async\" class=\"size-full wp-image-19268\" src=\"https:\/\/www.latribunedufaso.net\/wp-content\/uploads\/2025\/03\/IMG_20250306_174310_434-scaled.jpg\" alt=\"Assembl\u00e9e g\u00e9n\u00e9rale de l'UAS pour pr\u00e9senter les conclusions de la derni\u00e8re rencontre Gouvernement-Syndicats \u00e0 ses militants, 6 mars 2025\" width=\"2560\" height=\"1920\" srcset=\"https:\/\/www.latribunedufaso.net\/wp-content\/uploads\/2025\/03\/IMG_20250306_174310_434-scaled.jpg 2560w, https:\/\/www.latribunedufaso.net\/wp-content\/uploads\/2025\/03\/IMG_20250306_174310_434-300x225.jpg 300w, https:\/\/www.latribunedufaso.net\/wp-content\/uploads\/2025\/03\/IMG_20250306_174310_434-1024x768.jpg 1024w, https:\/\/www.latribunedufaso.net\/wp-content\/uploads\/2025\/03\/IMG_20250306_174310_434-768x576.jpg 768w, https:\/\/www.latribunedufaso.net\/wp-content\/uploads\/2025\/03\/IMG_20250306_174310_434-1536x1152.jpg 1536w, https:\/\/www.latribunedufaso.net\/wp-content\/uploads\/2025\/03\/IMG_20250306_174310_434-2048x1536.jpg 2048w\" sizes=\"auto, (max-width: 2560px) 100vw, 2560px\" \/><\/a><figcaption id=\"caption-attachment-19268\" class=\"wp-caption-text\">Le SG de la Conf\u00e9d\u00e9ration syndicale burkinab\u00e8, Olivier Ou\u00e9draogo &#8211; Ph. I. Tapsoba<\/figcaption><\/figure>\n<p>Selon l\u2019UAS, les r\u00e9sultats de cette rencontre Gouvernement-Syndicats sont <em><strong>\u00ab tr\u00e8s mitig\u00e9s \u00bb.<\/strong><\/em> Elle interpelle les responsables et militants syndicaux \u00e0 se mobiliser pour renforcer l\u2019UAS.<\/p>\n<blockquote>\n<p>Lire aussi &gt;&gt; <a href=\"https:\/\/www.latribunedufaso.net\/?p=18640\">Cl\u00f4ture de la rencontre gouvernement\/syndicats 2025 : Les engagements majeurs issus des n\u00e9gociations\u00a0<\/a><\/p>\n<\/blockquote>\n<p><iframe loading=\"lazy\" width=\"560\" height=\"315\" src=\"https:\/\/www.youtube.com\/embed\/kK4z4zu4NCY?si=EKGDCPmNfcu9pfE9\" title=\"YouTube video player\" frameborder=\"0\" allow=\"accelerometer; autoplay; clipboard-write; encrypted-media; gyroscope; picture-in-picture; web-share\" referrerpolicy=\"strict-origin-when-cross-origin\" allowfullscreen><\/iframe><\/p>\n<p>Pour ce faire, les SG des mouvements syndicaux ont donc d\u00e9cid\u00e9 de mener un certain nombre d\u2019activit\u00e9s. Il s\u2019agit, notamment de dupliquer la pr\u00e9sente AG dans les r\u00e9gions et au niveau des secteurs d\u2019activit\u00e9s. En plus, les points non satisfaits de la plateforme de 2022 ainsi que les nouvelles pr\u00e9occupations soumises \u00e0 la rencontre seront reconduits dans la plateforme du 1er mai 2025.<\/p>\n<p><strong>Issouf TAPSOBA <\/strong><\/p>\n<p><strong>latribunedufaso.net<\/strong><\/p>\n","protected":false},"excerpt":{"rendered":"<p>L\u2019Unit\u00e9 d\u2019action syndicale (UAS) a tenu, le 6 mars 2025 \u00e0 Ouagadougou, une assembl\u00e9e g\u00e9n\u00e9rale (AG). Cette assembl\u00e9e avait pour but de pr\u00e9senter les conclusions de la derni\u00e8re rencontre Gouvernement\/Syndicats aux militants et de recueillir leurs pr\u00e9occupations afin d\u2019envisager la conduite \u00e0 tenir.<\/p>\n","protected":false},"author":5,"featured_media":19270,"comment_status":"open","ping_status":"open","sticky":false,"template":"","format":"standard","meta":{"footnotes":""},"categories":[13,1,8],"tags":[39,677,769,770],"class_list":["post-19267","post","type-post","status-publish","format-standard","has-post-thumbnail","hentry","category-une","category-actu","category-societe","tag-latribunedufaso-net","tag-rencontre-gouvernement-syndicats","tag-unite-daction-syndicale-uas","tag-vie-chere"],"yoast_head":"<!-- This site is optimized with the Yoast SEO plugin v27.4 - https:\/\/yoast.com\/product\/yoast-seo-wordpress\/ -->\n<title>Lutte contre la vie ch\u00e8re et les conditions difficiles de travail : L\u2019UAS donn\u00e9 de la voix - La Tribune du Faso<\/title>\n<meta name=\"robots\" content=\"index, follow, max-snippet:-1, max-image-preview:large, max-video-preview:-1\" \/>\n<link rel=\"canonical\" href=\"https:\/\/www.latribunedufaso.net\/?p=19267\" \/>\n<meta property=\"og:locale\" content=\"fr_FR\" \/>\n<meta property=\"og:type\" content=\"article\" \/>\n<meta property=\"og:title\" content=\"Lutte contre la vie ch\u00e8re et les conditions difficiles de travail : L\u2019UAS donn\u00e9 de la voix - La Tribune du Faso\" \/>\n<meta property=\"og:description\" content=\"L\u2019Unit\u00e9 d\u2019action syndicale (UAS) a tenu, le 6 mars 2025 \u00e0 Ouagadougou, une assembl\u00e9e g\u00e9n\u00e9rale (AG). Cette assembl\u00e9e avait pour but de pr\u00e9senter les conclusions de la derni\u00e8re rencontre Gouvernement\/Syndicats aux militants et de recueillir leurs pr\u00e9occupations afin d\u2019envisager la conduite \u00e0 tenir.\" \/>\n<meta property=\"og:url\" content=\"https:\/\/www.latribunedufaso.net\/?p=19267\" \/>\n<meta property=\"og:site_name\" content=\"La Tribune du Faso\" \/>\n<meta property=\"article:publisher\" content=\"https:\/\/www.facebook.com\/LatribuneduFaso\/\" \/>\n<meta property=\"article:published_time\" content=\"2025-03-07T12:14:07+00:00\" \/>\n<meta property=\"article:modified_time\" content=\"2025-03-17T21:35:50+00:00\" \/>\n<meta property=\"og:image\" content=\"https:\/\/www.latribunedufaso.net\/wp-content\/uploads\/2025\/03\/IMG_20250306_164303_097-scaled.jpg\" \/>\n\t<meta property=\"og:image:width\" content=\"2560\" \/>\n\t<meta property=\"og:image:height\" content=\"1920\" \/>\n\t<meta property=\"og:image:type\" content=\"image\/jpeg\" \/>\n<meta name=\"author\" content=\"Issouf Tapsoba\" \/>\n<meta name=\"twitter:label1\" content=\"\u00c9crit par\" \/>\n\t<meta name=\"twitter:data1\" content=\"Issouf Tapsoba\" \/>\n\t<meta name=\"twitter:label2\" content=\"Dur\u00e9e de lecture estim\u00e9e\" \/>\n\t<meta name=\"twitter:data2\" content=\"3 minutes\" \/>\n<script type=\"application\/ld+json\" class=\"yoast-schema-graph\">{\"@context\":\"https:\\\/\\\/schema.org\",\"@graph\":[{\"@type\":\"Article\",\"@id\":\"https:\\\/\\\/www.latribunedufaso.net\\\/?p=19267#article\",\"isPartOf\":{\"@id\":\"https:\\\/\\\/www.latribunedufaso.net\\\/?p=19267\"},\"author\":{\"name\":\"Issouf Tapsoba\",\"@id\":\"https:\\\/\\\/www.latribunedufaso.net\\\/#\\\/schema\\\/person\\\/e54e64c5778a7e72cf80a318b7a622b0\"},\"headline\":\"Lutte contre la vie ch\u00e8re et les conditions difficiles de travail : L\u2019UAS donn\u00e9 de la voix\",\"datePublished\":\"2025-03-07T12:14:07+00:00\",\"dateModified\":\"2025-03-17T21:35:50+00:00\",\"mainEntityOfPage\":{\"@id\":\"https:\\\/\\\/www.latribunedufaso.net\\\/?p=19267\"},\"wordCount\":675,\"commentCount\":0,\"publisher\":{\"@id\":\"https:\\\/\\\/www.latribunedufaso.net\\\/#organization\"},\"image\":{\"@id\":\"https:\\\/\\\/www.latribunedufaso.net\\\/?p=19267#primaryimage\"},\"thumbnailUrl\":\"https:\\\/\\\/www.latribunedufaso.net\\\/wp-content\\\/uploads\\\/2025\\\/03\\\/IMG_20250306_164303_097-scaled.jpg\",\"keywords\":[\"latribunedufaso.net\",\"Rencontre Gouvernement-Syndicats\",\"Unit\u00e9 d'action syndicale (UAS)\",\"Vie ch\u00e8re\"],\"articleSection\":[\"A la une\",\"Actualit\u00e9\",\"Soci\u00e9t\u00e9\"],\"inLanguage\":\"fr-FR\",\"potentialAction\":[{\"@type\":\"CommentAction\",\"name\":\"Comment\",\"target\":[\"https:\\\/\\\/www.latribunedufaso.net\\\/?p=19267#respond\"]}]},{\"@type\":\"WebPage\",\"@id\":\"https:\\\/\\\/www.latribunedufaso.net\\\/?p=19267\",\"url\":\"https:\\\/\\\/www.latribunedufaso.net\\\/?p=19267\",\"name\":\"Lutte contre la vie ch\u00e8re et les conditions difficiles de travail : L\u2019UAS donn\u00e9 de la voix - La Tribune du Faso\",\"isPartOf\":{\"@id\":\"https:\\\/\\\/www.latribunedufaso.net\\\/#website\"},\"primaryImageOfPage\":{\"@id\":\"https:\\\/\\\/www.latribunedufaso.net\\\/?p=19267#primaryimage\"},\"image\":{\"@id\":\"https:\\\/\\\/www.latribunedufaso.net\\\/?p=19267#primaryimage\"},\"thumbnailUrl\":\"https:\\\/\\\/www.latribunedufaso.net\\\/wp-content\\\/uploads\\\/2025\\\/03\\\/IMG_20250306_164303_097-scaled.jpg\",\"datePublished\":\"2025-03-07T12:14:07+00:00\",\"dateModified\":\"2025-03-17T21:35:50+00:00\",\"breadcrumb\":{\"@id\":\"https:\\\/\\\/www.latribunedufaso.net\\\/?p=19267#breadcrumb\"},\"inLanguage\":\"fr-FR\",\"potentialAction\":[{\"@type\":\"ReadAction\",\"target\":[\"https:\\\/\\\/www.latribunedufaso.net\\\/?p=19267\"]}]},{\"@type\":\"ImageObject\",\"inLanguage\":\"fr-FR\",\"@id\":\"https:\\\/\\\/www.latribunedufaso.net\\\/?p=19267#primaryimage\",\"url\":\"https:\\\/\\\/www.latribunedufaso.net\\\/wp-content\\\/uploads\\\/2025\\\/03\\\/IMG_20250306_164303_097-scaled.jpg\",\"contentUrl\":\"https:\\\/\\\/www.latribunedufaso.net\\\/wp-content\\\/uploads\\\/2025\\\/03\\\/IMG_20250306_164303_097-scaled.jpg\",\"width\":2560,\"height\":1920,\"caption\":\"Assembl\u00e9e g\u00e9n\u00e9rale de l'UAS pour pr\u00e9senter les conclusions de la derni\u00e8re rencontre Gouvernement-Syndicats \u00e0 ses militants, 6 mars 2025\"},{\"@type\":\"BreadcrumbList\",\"@id\":\"https:\\\/\\\/www.latribunedufaso.net\\\/?p=19267#breadcrumb\",\"itemListElement\":[{\"@type\":\"ListItem\",\"position\":1,\"name\":\"Accueil\",\"item\":\"https:\\\/\\\/www.latribunedufaso.net\\\/\"},{\"@type\":\"ListItem\",\"position\":2,\"name\":\"Lutte contre la vie ch\u00e8re et les conditions difficiles de travail : L\u2019UAS donn\u00e9 de la voix\"}]},{\"@type\":\"WebSite\",\"@id\":\"https:\\\/\\\/www.latribunedufaso.net\\\/#website\",\"url\":\"https:\\\/\\\/www.latribunedufaso.net\\\/\",\"name\":\"La Tribune du Faso\",\"description\":\"L&#039;information du monde rural en un clic\",\"publisher\":{\"@id\":\"https:\\\/\\\/www.latribunedufaso.net\\\/#organization\"},\"potentialAction\":[{\"@type\":\"SearchAction\",\"target\":{\"@type\":\"EntryPoint\",\"urlTemplate\":\"https:\\\/\\\/www.latribunedufaso.net\\\/?s={search_term_string}\"},\"query-input\":{\"@type\":\"PropertyValueSpecification\",\"valueRequired\":true,\"valueName\":\"search_term_string\"}}],\"inLanguage\":\"fr-FR\"},{\"@type\":\"Organization\",\"@id\":\"https:\\\/\\\/www.latribunedufaso.net\\\/#organization\",\"name\":\"La Tribune du Faso\",\"url\":\"https:\\\/\\\/www.latribunedufaso.net\\\/\",\"logo\":{\"@type\":\"ImageObject\",\"inLanguage\":\"fr-FR\",\"@id\":\"https:\\\/\\\/www.latribunedufaso.net\\\/#\\\/schema\\\/logo\\\/image\\\/\",\"url\":\"https:\\\/\\\/www.latribunedufaso.net\\\/wp-content\\\/uploads\\\/2020\\\/08\\\/Logo-Tribune-du-Faso-final-scaled.jpg\",\"contentUrl\":\"https:\\\/\\\/www.latribunedufaso.net\\\/wp-content\\\/uploads\\\/2020\\\/08\\\/Logo-Tribune-du-Faso-final-scaled.jpg\",\"width\":2560,\"height\":1856,\"caption\":\"La Tribune du Faso\"},\"image\":{\"@id\":\"https:\\\/\\\/www.latribunedufaso.net\\\/#\\\/schema\\\/logo\\\/image\\\/\"},\"sameAs\":[\"https:\\\/\\\/www.facebook.com\\\/LatribuneduFaso\\\/\"]},{\"@type\":\"Person\",\"@id\":\"https:\\\/\\\/www.latribunedufaso.net\\\/#\\\/schema\\\/person\\\/e54e64c5778a7e72cf80a318b7a622b0\",\"name\":\"Issouf Tapsoba\",\"image\":{\"@type\":\"ImageObject\",\"inLanguage\":\"fr-FR\",\"@id\":\"https:\\\/\\\/secure.gravatar.com\\\/avatar\\\/5e6c05150ce3230247d167f5b94d678eb05936197436d69b7921e3a95c9107ac?s=96&d=mm&r=g\",\"url\":\"https:\\\/\\\/secure.gravatar.com\\\/avatar\\\/5e6c05150ce3230247d167f5b94d678eb05936197436d69b7921e3a95c9107ac?s=96&d=mm&r=g\",\"contentUrl\":\"https:\\\/\\\/secure.gravatar.com\\\/avatar\\\/5e6c05150ce3230247d167f5b94d678eb05936197436d69b7921e3a95c9107ac?s=96&d=mm&r=g\",\"caption\":\"Issouf Tapsoba\"},\"url\":\"https:\\\/\\\/www.latribunedufaso.net\\\/?author=5\"}]}<\/script>\n<!-- \/ Yoast SEO plugin. -->","yoast_head_json":{"title":"Lutte contre la vie ch\u00e8re et les conditions difficiles de travail : L\u2019UAS donn\u00e9 de la voix - La Tribune du Faso","robots":{"index":"index","follow":"follow","max-snippet":"max-snippet:-1","max-image-preview":"max-image-preview:large","max-video-preview":"max-video-preview:-1"},"canonical":"https:\/\/www.latribunedufaso.net\/?p=19267","og_locale":"fr_FR","og_type":"article","og_title":"Lutte contre la vie ch\u00e8re et les conditions difficiles de travail : L\u2019UAS donn\u00e9 de la voix - La Tribune du Faso","og_description":"L\u2019Unit\u00e9 d\u2019action syndicale (UAS) a tenu, le 6 mars 2025 \u00e0 Ouagadougou, une assembl\u00e9e g\u00e9n\u00e9rale (AG). Cette assembl\u00e9e avait pour but de pr\u00e9senter les conclusions de la derni\u00e8re rencontre Gouvernement\/Syndicats aux militants et de recueillir leurs pr\u00e9occupations afin d\u2019envisager la conduite \u00e0 tenir.","og_url":"https:\/\/www.latribunedufaso.net\/?p=19267","og_site_name":"La Tribune du Faso","article_publisher":"https:\/\/www.facebook.com\/LatribuneduFaso\/","article_published_time":"2025-03-07T12:14:07+00:00","article_modified_time":"2025-03-17T21:35:50+00:00","og_image":[{"width":2560,"height":1920,"url":"https:\/\/www.latribunedufaso.net\/wp-content\/uploads\/2025\/03\/IMG_20250306_164303_097-scaled.jpg","type":"image\/jpeg"}],"author":"Issouf Tapsoba","twitter_misc":{"\u00c9crit par":"Issouf Tapsoba","Dur\u00e9e de lecture estim\u00e9e":"3 minutes"},"schema":{"@context":"https:\/\/schema.org","@graph":[{"@type":"Article","@id":"https:\/\/www.latribunedufaso.net\/?p=19267#article","isPartOf":{"@id":"https:\/\/www.latribunedufaso.net\/?p=19267"},"author":{"name":"Issouf Tapsoba","@id":"https:\/\/www.latribunedufaso.net\/#\/schema\/person\/e54e64c5778a7e72cf80a318b7a622b0"},"headline":"Lutte contre la vie ch\u00e8re et les conditions difficiles de travail : L\u2019UAS donn\u00e9 de la voix","datePublished":"2025-03-07T12:14:07+00:00","dateModified":"2025-03-17T21:35:50+00:00","mainEntityOfPage":{"@id":"https:\/\/www.latribunedufaso.net\/?p=19267"},"wordCount":675,"commentCount":0,"publisher":{"@id":"https:\/\/www.latribunedufaso.net\/#organization"},"image":{"@id":"https:\/\/www.latribunedufaso.net\/?p=19267#primaryimage"},"thumbnailUrl":"https:\/\/www.latribunedufaso.net\/wp-content\/uploads\/2025\/03\/IMG_20250306_164303_097-scaled.jpg","keywords":["latribunedufaso.net","Rencontre Gouvernement-Syndicats","Unit\u00e9 d'action syndicale (UAS)","Vie ch\u00e8re"],"articleSection":["A la une","Actualit\u00e9","Soci\u00e9t\u00e9"],"inLanguage":"fr-FR","potentialAction":[{"@type":"CommentAction","name":"Comment","target":["https:\/\/www.latribunedufaso.net\/?p=19267#respond"]}]},{"@type":"WebPage","@id":"https:\/\/www.latribunedufaso.net\/?p=19267","url":"https:\/\/www.latribunedufaso.net\/?p=19267","name":"Lutte contre la vie ch\u00e8re et les conditions difficiles de travail : L\u2019UAS donn\u00e9 de la voix - La Tribune du Faso","isPartOf":{"@id":"https:\/\/www.latribunedufaso.net\/#website"},"primaryImageOfPage":{"@id":"https:\/\/www.latribunedufaso.net\/?p=19267#primaryimage"},"image":{"@id":"https:\/\/www.latribunedufaso.net\/?p=19267#primaryimage"},"thumbnailUrl":"https:\/\/www.latribunedufaso.net\/wp-content\/uploads\/2025\/03\/IMG_20250306_164303_097-scaled.jpg","datePublished":"2025-03-07T12:14:07+00:00","dateModified":"2025-03-17T21:35:50+00:00","breadcrumb":{"@id":"https:\/\/www.latribunedufaso.net\/?p=19267#breadcrumb"},"inLanguage":"fr-FR","potentialAction":[{"@type":"ReadAction","target":["https:\/\/www.latribunedufaso.net\/?p=19267"]}]},{"@type":"ImageObject","inLanguage":"fr-FR","@id":"https:\/\/www.latribunedufaso.net\/?p=19267#primaryimage","url":"https:\/\/www.latribunedufaso.net\/wp-content\/uploads\/2025\/03\/IMG_20250306_164303_097-scaled.jpg","contentUrl":"https:\/\/www.latribunedufaso.net\/wp-content\/uploads\/2025\/03\/IMG_20250306_164303_097-scaled.jpg","width":2560,"height":1920,"caption":"Assembl\u00e9e g\u00e9n\u00e9rale de l'UAS pour pr\u00e9senter les conclusions de la derni\u00e8re rencontre Gouvernement-Syndicats \u00e0 ses militants, 6 mars 2025"},{"@type":"BreadcrumbList","@id":"https:\/\/www.latribunedufaso.net\/?p=19267#breadcrumb","itemListElement":[{"@type":"ListItem","position":1,"name":"Accueil","item":"https:\/\/www.latribunedufaso.net\/"},{"@type":"ListItem","position":2,"name":"Lutte contre la vie ch\u00e8re et les conditions difficiles de travail : L\u2019UAS donn\u00e9 de la voix"}]},{"@type":"WebSite","@id":"https:\/\/www.latribunedufaso.net\/#website","url":"https:\/\/www.latribunedufaso.net\/","name":"La Tribune du Faso","description":"L&#039;information du monde rural en un clic","publisher":{"@id":"https:\/\/www.latribunedufaso.net\/#organization"},"potentialAction":[{"@type":"SearchAction","target":{"@type":"EntryPoint","urlTemplate":"https:\/\/www.latribunedufaso.net\/?s={search_term_string}"},"query-input":{"@type":"PropertyValueSpecification","valueRequired":true,"valueName":"search_term_string"}}],"inLanguage":"fr-FR"},{"@type":"Organization","@id":"https:\/\/www.latribunedufaso.net\/#organization","name":"La Tribune du Faso","url":"https:\/\/www.latribunedufaso.net\/","logo":{"@type":"ImageObject","inLanguage":"fr-FR","@id":"https:\/\/www.latribunedufaso.net\/#\/schema\/logo\/image\/","url":"https:\/\/www.latribunedufaso.net\/wp-content\/uploads\/2020\/08\/Logo-Tribune-du-Faso-final-scaled.jpg","contentUrl":"https:\/\/www.latribunedufaso.net\/wp-content\/uploads\/2020\/08\/Logo-Tribune-du-Faso-final-scaled.jpg","width":2560,"height":1856,"caption":"La Tribune du Faso"},"image":{"@id":"https:\/\/www.latribunedufaso.net\/#\/schema\/logo\/image\/"},"sameAs":["https:\/\/www.facebook.com\/LatribuneduFaso\/"]},{"@type":"Person","@id":"https:\/\/www.latribunedufaso.net\/#\/schema\/person\/e54e64c5778a7e72cf80a318b7a622b0","name":"Issouf Tapsoba","image":{"@type":"ImageObject","inLanguage":"fr-FR","@id":"https:\/\/secure.gravatar.com\/avatar\/5e6c05150ce3230247d167f5b94d678eb05936197436d69b7921e3a95c9107ac?s=96&d=mm&r=g","url":"https:\/\/secure.gravatar.com\/avatar\/5e6c05150ce3230247d167f5b94d678eb05936197436d69b7921e3a95c9107ac?s=96&d=mm&r=g","contentUrl":"https:\/\/secure.gravatar.com\/avatar\/5e6c05150ce3230247d167f5b94d678eb05936197436d69b7921e3a95c9107ac?s=96&d=mm&r=g","caption":"Issouf Tapsoba"},"url":"https:\/\/www.latribunedufaso.net\/?author=5"}]}},"_links":{"self":[{"href":"https:\/\/www.latribunedufaso.net\/index.php?rest_route=\/wp\/v2\/posts\/19267","targetHints":{"allow":["GET"]}}],"collection":[{"href":"https:\/\/www.latribunedufaso.net\/index.php?rest_route=\/wp\/v2\/posts"}],"about":[{"href":"https:\/\/www.latribunedufaso.net\/index.php?rest_route=\/wp\/v2\/types\/post"}],"author":[{"embeddable":true,"href":"https:\/\/www.latribunedufaso.net\/index.php?rest_route=\/wp\/v2\/users\/5"}],"replies":[{"embeddable":true,"href":"https:\/\/www.latribunedufaso.net\/index.php?rest_route=%2Fwp%2Fv2%2Fcomments&post=19267"}],"version-history":[{"count":3,"href":"https:\/\/www.latribunedufaso.net\/index.php?rest_route=\/wp\/v2\/posts\/19267\/revisions"}],"predecessor-version":[{"id":19497,"href":"https:\/\/www.latribunedufaso.net\/index.php?rest_route=\/wp\/v2\/posts\/19267\/revisions\/19497"}],"wp:featuredmedia":[{"embeddable":true,"href":"https:\/\/www.latribunedufaso.net\/index.php?rest_route=\/wp\/v2\/media\/19270"}],"wp:attachment":[{"href":"https:\/\/www.latribunedufaso.net\/index.php?rest_route=%2Fwp%2Fv2%2Fmedia&parent=19267"}],"wp:term":[{"taxonomy":"category","embeddable":true,"href":"https:\/\/www.latribunedufaso.net\/index.php?rest_route=%2Fwp%2Fv2%2Fcategories&post=19267"},{"taxonomy":"post_tag","embeddable":true,"href":"https:\/\/www.latribunedufaso.net\/index.php?rest_route=%2Fwp%2Fv2%2Ftags&post=19267"}],"curies":[{"name":"wp","href":"https:\/\/api.w.org\/{rel}","templated":true}]}}