{"id":19262,"date":"2025-03-06T22:11:33","date_gmt":"2025-03-06T22:11:33","guid":{"rendered":"https:\/\/www.latribunedufaso.net\/?p=19262"},"modified":"2025-03-06T22:11:33","modified_gmt":"2025-03-06T22:11:33","slug":"transformation-numerique-les-dsi-des-ministeres-renforcent-leurs-competences-sur-alfresco","status":"publish","type":"post","link":"https:\/\/www.latribunedufaso.net\/?p=19262","title":{"rendered":"Transformation num\u00e9rique : Les DSI des minist\u00e8res renforcent leurs comp\u00e9tences sur Alfresco\u00a0"},"content":{"rendered":"<p><strong style=\"font-size: 1.0625rem;\">Dans le cadre de la modernisation et de la transformation digitale de l\u2019Administration publique, l\u2019Agence nationale de promotion des technologies de l\u2019information et de la communication (ANPTIC) a organis\u00e9 une session de formation destin\u00e9e aux Directeurs des Syst\u00e8mes d\u2019Information (DSI) des minist\u00e8res. <span style=\"font-size: 1.0625rem;\">Cet atelier s\u2019est d\u00e9roul\u00e9 du 3 au 5 mars 2025 \u00e0 l\u2019Universit\u00e9 Virtuelle de Ouagadougou et a \u00e9t\u00e9 assur\u00e9 par le cabinet DIGITAL COGITO BF. Cette initiative marque une \u00e9tape cl\u00e9 dans l\u2019adoption des outils num\u00e9riques au sein des services publics.\u00a0\u00a0<\/span><\/strong><\/p>\n<p><!--more--><\/p>\n<p>S\u2019inscrivant dans la continuit\u00e9 d\u2019une pr\u00e9c\u00e9dente session d\u00e9di\u00e9e aux \u00e9quipes techniques de l\u2019Administration, cette formation visait \u00e0 doter les DSI des comp\u00e9tences n\u00e9cessaires pour ma\u00eetriser et exploiter efficacement les fondamentaux d\u2019Alfresco et d\u2019Activiti. Ces outils, sp\u00e9cialis\u00e9s dans la gestion \u00e9lectronique des documents et l\u2019automatisation des processus m\u00e9tiers, permettent d\u2019optimiser le traitement de l\u2019information au sein des administrations publiques.\u00a0\u00a0<\/p>\n<figure id=\"attachment_19265\" aria-describedby=\"caption-attachment-19265\" style=\"width: 720px\" class=\"wp-caption aligncenter\"><a href=\"https:\/\/www.latribunedufaso.net\/wp-content\/uploads\/2025\/03\/FB_IMG_1741298401548.jpg\"><img loading=\"lazy\" decoding=\"async\" class=\"size-full wp-image-19265\" src=\"https:\/\/www.latribunedufaso.net\/wp-content\/uploads\/2025\/03\/FB_IMG_1741298401548.jpg\" alt=\"Atelier de formation des Directeurs des Syst\u00e8mes d\u2019Information (DSI) des minist\u00e8res sur les fondamentaux d\u2019Alfresco et d\u2019Activit, 3 au 5 mars 2025\" width=\"720\" height=\"558\" srcset=\"https:\/\/www.latribunedufaso.net\/wp-content\/uploads\/2025\/03\/FB_IMG_1741298401548.jpg 720w, https:\/\/www.latribunedufaso.net\/wp-content\/uploads\/2025\/03\/FB_IMG_1741298401548-300x233.jpg 300w\" sizes=\"auto, (max-width: 720px) 100vw, 720px\" \/><\/a><figcaption id=\"caption-attachment-19265\" class=\"wp-caption-text\">Les participants ont re\u00e7u des attestations de formation &#8211; Ph. DR<\/figcaption><\/figure>\n<p>La formation a \u00e9t\u00e9 con\u00e7ue de mani\u00e8re \u00e0 allier th\u00e9orie et pratique, offrant ainsi aux participants l\u2019opportunit\u00e9 d\u2019approfondir leurs connaissances sur l\u2019utilisation, la configuration et l\u2019administration d\u2019Alfresco. Une attention particuli\u00e8re a \u00e9t\u00e9 accord\u00e9e \u00e0 la mod\u00e9lisation des workflows avec Activiti, une fonctionnalit\u00e9 essentielle pour la d\u00e9mat\u00e9rialisation des processus administratifs. Gr\u00e2ce \u00e0 ces nouveaux acquis, les DSI pourront am\u00e9liorer la gestion documentaire et optimiser les processus m\u00e9tiers dans leurs institutions respectives.\u00a0\u00a0<\/p>\n<figure id=\"attachment_19263\" aria-describedby=\"caption-attachment-19263\" style=\"width: 720px\" class=\"wp-caption aligncenter\"><a href=\"https:\/\/www.latribunedufaso.net\/wp-content\/uploads\/2025\/03\/FB_IMG_1741298421063.jpg\"><img loading=\"lazy\" decoding=\"async\" class=\"size-full wp-image-19263\" src=\"https:\/\/www.latribunedufaso.net\/wp-content\/uploads\/2025\/03\/FB_IMG_1741298421063.jpg\" alt=\"Atelier de formation des Directeurs des Syst\u00e8mes d\u2019Information (DSI) des minist\u00e8res sur les fondamentaux d\u2019Alfresco et d\u2019Activit, 3 au 5 mars 2025\" width=\"720\" height=\"533\" srcset=\"https:\/\/www.latribunedufaso.net\/wp-content\/uploads\/2025\/03\/FB_IMG_1741298421063.jpg 720w, https:\/\/www.latribunedufaso.net\/wp-content\/uploads\/2025\/03\/FB_IMG_1741298421063-300x222.jpg 300w\" sizes=\"auto, (max-width: 720px) 100vw, 720px\" \/><\/a><figcaption id=\"caption-attachment-19263\" class=\"wp-caption-text\">Photo de famille des participants avec leur attestation &#8211; Ph. DR<\/figcaption><\/figure>\n<p>\u00c0 l\u2019issue des trois jours d\u2019apprentissage intensif, les participants ont re\u00e7u des attestations de formation, t\u00e9moignant de leur mont\u00e9e en comp\u00e9tences sur ces outils strat\u00e9giques pour l\u2019Administration num\u00e9rique. Pour Serge Landry Batta, Directeur des Syst\u00e8mes Applicatifs de l\u2019ANPTIC, cette formation a pleinement r\u00e9pondu aux attentes en mati\u00e8re de renforcement des capacit\u00e9s des DSI.\u00a0\u00a0<\/p>\n<blockquote>\n<p>Lire aussi &gt;&gt; <a href=\"https:\/\/www.latribunedufaso.net\/?p=17080\">RACGAE : Cl\u00f4ture de 5 jours d\u2019atelier sur la gestion des situations extr\u00eames dans les a\u00e9roports\u00a0\u00a0<\/a><\/p>\n<\/blockquote>\n<p>\u00c0 travers cette initiative, l\u2019ANPTIC r\u00e9affirme son engagement \u00e0 accompagner les acteurs publics dans l\u2019adoption et la ma\u00eetrise des technologies de l\u2019information. Cette d\u00e9marche s\u2019inscrit dans une vision plus large de transformation num\u00e9rique, visant \u00e0 rendre l\u2019Administration publique plus moderne, performante et accessible \u00e0 l\u2019\u00e8re du num\u00e9rique.\u00a0\u00a0<\/p>\n<p><strong>latr<span style=\"font-size: 1.0625rem;\">ibunedufaso.net<\/span><\/strong><\/p>\n<p><strong>Source : DCRP\/ANPTIC<\/strong><\/p>\n","protected":false},"excerpt":{"rendered":"<p>Dans le cadre de la modernisation et de la transformation digitale de l\u2019Administration publique, l\u2019Agence nationale de promotion des technologies de l\u2019information et de la communication (ANPTIC) a organis\u00e9 une session de formation destin\u00e9e aux Directeurs des Syst\u00e8mes d\u2019Information (DSI) des minist\u00e8res. Cet atelier s\u2019est d\u00e9roul\u00e9 du 3 au 5 mars 2025 \u00e0 l\u2019Universit\u00e9 Virtuelle de Ouagadougou et a \u00e9t\u00e9 assur\u00e9 par le cabinet DIGITAL COGITO BF. Cette initiative marque une \u00e9tape cl\u00e9 dans l\u2019adoption des outils num\u00e9riques au sein des services publics.\u00a0\u00a0<\/p>\n","protected":false},"author":5,"featured_media":19264,"comment_status":"open","ping_status":"open","sticky":false,"template":"","format":"standard","meta":{"footnotes":""},"categories":[13,1,8],"tags":[766,39,768,767],"class_list":["post-19262","post","type-post","status-publish","format-standard","has-post-thumbnail","hentry","category-une","category-actu","category-societe","tag-anptic","tag-latribunedufaso-net","tag-outils-informatique-activiti","tag-outils-informatiques-alfresco"],"yoast_head":"<!-- This site is optimized with the Yoast SEO plugin v27.4 - https:\/\/yoast.com\/product\/yoast-seo-wordpress\/ -->\n<title>Transformation num\u00e9rique : Les DSI des minist\u00e8res renforcent leurs comp\u00e9tences sur Alfresco\u00a0 - La Tribune du Faso<\/title>\n<meta name=\"robots\" content=\"index, follow, max-snippet:-1, max-image-preview:large, max-video-preview:-1\" \/>\n<link rel=\"canonical\" href=\"https:\/\/www.latribunedufaso.net\/?p=19262\" \/>\n<meta property=\"og:locale\" content=\"fr_FR\" \/>\n<meta property=\"og:type\" content=\"article\" \/>\n<meta property=\"og:title\" content=\"Transformation num\u00e9rique : Les DSI des minist\u00e8res renforcent leurs comp\u00e9tences sur Alfresco\u00a0 - La Tribune du Faso\" \/>\n<meta property=\"og:description\" content=\"Dans le cadre de la modernisation et de la transformation digitale de l\u2019Administration publique, l\u2019Agence nationale de promotion des technologies de l\u2019information et de la communication (ANPTIC) a organis\u00e9 une session de formation destin\u00e9e aux Directeurs des Syst\u00e8mes d\u2019Information (DSI) des minist\u00e8res. Cet atelier s\u2019est d\u00e9roul\u00e9 du 3 au 5 mars 2025 \u00e0 l\u2019Universit\u00e9 Virtuelle de Ouagadougou et a \u00e9t\u00e9 assur\u00e9 par le cabinet DIGITAL COGITO BF. Cette initiative marque une \u00e9tape cl\u00e9 dans l\u2019adoption des outils num\u00e9riques au sein des services publics.\u00a0\u00a0\" \/>\n<meta property=\"og:url\" content=\"https:\/\/www.latribunedufaso.net\/?p=19262\" \/>\n<meta property=\"og:site_name\" content=\"La Tribune du Faso\" \/>\n<meta property=\"article:publisher\" content=\"https:\/\/www.facebook.com\/LatribuneduFaso\/\" \/>\n<meta property=\"article:published_time\" content=\"2025-03-06T22:11:33+00:00\" \/>\n<meta property=\"og:image\" content=\"https:\/\/www.latribunedufaso.net\/wp-content\/uploads\/2025\/03\/FB_IMG_1741298412198.jpg\" \/>\n\t<meta property=\"og:image:width\" content=\"720\" \/>\n\t<meta property=\"og:image:height\" content=\"480\" \/>\n\t<meta property=\"og:image:type\" content=\"image\/jpeg\" \/>\n<meta name=\"author\" content=\"Issouf Tapsoba\" \/>\n<meta name=\"twitter:label1\" content=\"\u00c9crit par\" \/>\n\t<meta name=\"twitter:data1\" content=\"Issouf Tapsoba\" \/>\n\t<meta name=\"twitter:label2\" content=\"Dur\u00e9e de lecture estim\u00e9e\" \/>\n\t<meta name=\"twitter:data2\" content=\"2 minutes\" \/>\n<script type=\"application\/ld+json\" class=\"yoast-schema-graph\">{\"@context\":\"https:\\\/\\\/schema.org\",\"@graph\":[{\"@type\":\"Article\",\"@id\":\"https:\\\/\\\/www.latribunedufaso.net\\\/?p=19262#article\",\"isPartOf\":{\"@id\":\"https:\\\/\\\/www.latribunedufaso.net\\\/?p=19262\"},\"author\":{\"name\":\"Issouf Tapsoba\",\"@id\":\"https:\\\/\\\/www.latribunedufaso.net\\\/#\\\/schema\\\/person\\\/e54e64c5778a7e72cf80a318b7a622b0\"},\"headline\":\"Transformation num\u00e9rique : Les DSI des minist\u00e8res renforcent leurs comp\u00e9tences sur Alfresco\u00a0\",\"datePublished\":\"2025-03-06T22:11:33+00:00\",\"mainEntityOfPage\":{\"@id\":\"https:\\\/\\\/www.latribunedufaso.net\\\/?p=19262\"},\"wordCount\":447,\"commentCount\":0,\"publisher\":{\"@id\":\"https:\\\/\\\/www.latribunedufaso.net\\\/#organization\"},\"image\":{\"@id\":\"https:\\\/\\\/www.latribunedufaso.net\\\/?p=19262#primaryimage\"},\"thumbnailUrl\":\"https:\\\/\\\/www.latribunedufaso.net\\\/wp-content\\\/uploads\\\/2025\\\/03\\\/FB_IMG_1741298412198.jpg\",\"keywords\":[\"ANPTIC\",\"latribunedufaso.net\",\"Outils informatique Activiti\",\"Outils informatiques Alfresco\"],\"articleSection\":[\"A la une\",\"Actualit\u00e9\",\"Soci\u00e9t\u00e9\"],\"inLanguage\":\"fr-FR\",\"potentialAction\":[{\"@type\":\"CommentAction\",\"name\":\"Comment\",\"target\":[\"https:\\\/\\\/www.latribunedufaso.net\\\/?p=19262#respond\"]}]},{\"@type\":\"WebPage\",\"@id\":\"https:\\\/\\\/www.latribunedufaso.net\\\/?p=19262\",\"url\":\"https:\\\/\\\/www.latribunedufaso.net\\\/?p=19262\",\"name\":\"Transformation num\u00e9rique : Les DSI des minist\u00e8res renforcent leurs comp\u00e9tences sur Alfresco\u00a0 - La Tribune du Faso\",\"isPartOf\":{\"@id\":\"https:\\\/\\\/www.latribunedufaso.net\\\/#website\"},\"primaryImageOfPage\":{\"@id\":\"https:\\\/\\\/www.latribunedufaso.net\\\/?p=19262#primaryimage\"},\"image\":{\"@id\":\"https:\\\/\\\/www.latribunedufaso.net\\\/?p=19262#primaryimage\"},\"thumbnailUrl\":\"https:\\\/\\\/www.latribunedufaso.net\\\/wp-content\\\/uploads\\\/2025\\\/03\\\/FB_IMG_1741298412198.jpg\",\"datePublished\":\"2025-03-06T22:11:33+00:00\",\"breadcrumb\":{\"@id\":\"https:\\\/\\\/www.latribunedufaso.net\\\/?p=19262#breadcrumb\"},\"inLanguage\":\"fr-FR\",\"potentialAction\":[{\"@type\":\"ReadAction\",\"target\":[\"https:\\\/\\\/www.latribunedufaso.net\\\/?p=19262\"]}]},{\"@type\":\"ImageObject\",\"inLanguage\":\"fr-FR\",\"@id\":\"https:\\\/\\\/www.latribunedufaso.net\\\/?p=19262#primaryimage\",\"url\":\"https:\\\/\\\/www.latribunedufaso.net\\\/wp-content\\\/uploads\\\/2025\\\/03\\\/FB_IMG_1741298412198.jpg\",\"contentUrl\":\"https:\\\/\\\/www.latribunedufaso.net\\\/wp-content\\\/uploads\\\/2025\\\/03\\\/FB_IMG_1741298412198.jpg\",\"width\":720,\"height\":480,\"caption\":\"Atelier de formation des Directeurs des Syst\u00e8mes d\u2019Information (DSI) des minist\u00e8res sur les fondamentaux d\u2019Alfresco et d\u2019Activit, 3 au 5 mars 2025\"},{\"@type\":\"BreadcrumbList\",\"@id\":\"https:\\\/\\\/www.latribunedufaso.net\\\/?p=19262#breadcrumb\",\"itemListElement\":[{\"@type\":\"ListItem\",\"position\":1,\"name\":\"Accueil\",\"item\":\"https:\\\/\\\/www.latribunedufaso.net\\\/\"},{\"@type\":\"ListItem\",\"position\":2,\"name\":\"Transformation num\u00e9rique : Les DSI des minist\u00e8res renforcent leurs comp\u00e9tences sur Alfresco\u00a0\"}]},{\"@type\":\"WebSite\",\"@id\":\"https:\\\/\\\/www.latribunedufaso.net\\\/#website\",\"url\":\"https:\\\/\\\/www.latribunedufaso.net\\\/\",\"name\":\"La Tribune du Faso\",\"description\":\"L&#039;information du monde rural en un clic\",\"publisher\":{\"@id\":\"https:\\\/\\\/www.latribunedufaso.net\\\/#organization\"},\"potentialAction\":[{\"@type\":\"SearchAction\",\"target\":{\"@type\":\"EntryPoint\",\"urlTemplate\":\"https:\\\/\\\/www.latribunedufaso.net\\\/?s={search_term_string}\"},\"query-input\":{\"@type\":\"PropertyValueSpecification\",\"valueRequired\":true,\"valueName\":\"search_term_string\"}}],\"inLanguage\":\"fr-FR\"},{\"@type\":\"Organization\",\"@id\":\"https:\\\/\\\/www.latribunedufaso.net\\\/#organization\",\"name\":\"La Tribune du Faso\",\"url\":\"https:\\\/\\\/www.latribunedufaso.net\\\/\",\"logo\":{\"@type\":\"ImageObject\",\"inLanguage\":\"fr-FR\",\"@id\":\"https:\\\/\\\/www.latribunedufaso.net\\\/#\\\/schema\\\/logo\\\/image\\\/\",\"url\":\"https:\\\/\\\/www.latribunedufaso.net\\\/wp-content\\\/uploads\\\/2020\\\/08\\\/Logo-Tribune-du-Faso-final-scaled.jpg\",\"contentUrl\":\"https:\\\/\\\/www.latribunedufaso.net\\\/wp-content\\\/uploads\\\/2020\\\/08\\\/Logo-Tribune-du-Faso-final-scaled.jpg\",\"width\":2560,\"height\":1856,\"caption\":\"La Tribune du Faso\"},\"image\":{\"@id\":\"https:\\\/\\\/www.latribunedufaso.net\\\/#\\\/schema\\\/logo\\\/image\\\/\"},\"sameAs\":[\"https:\\\/\\\/www.facebook.com\\\/LatribuneduFaso\\\/\"]},{\"@type\":\"Person\",\"@id\":\"https:\\\/\\\/www.latribunedufaso.net\\\/#\\\/schema\\\/person\\\/e54e64c5778a7e72cf80a318b7a622b0\",\"name\":\"Issouf Tapsoba\",\"image\":{\"@type\":\"ImageObject\",\"inLanguage\":\"fr-FR\",\"@id\":\"https:\\\/\\\/secure.gravatar.com\\\/avatar\\\/5e6c05150ce3230247d167f5b94d678eb05936197436d69b7921e3a95c9107ac?s=96&d=mm&r=g\",\"url\":\"https:\\\/\\\/secure.gravatar.com\\\/avatar\\\/5e6c05150ce3230247d167f5b94d678eb05936197436d69b7921e3a95c9107ac?s=96&d=mm&r=g\",\"contentUrl\":\"https:\\\/\\\/secure.gravatar.com\\\/avatar\\\/5e6c05150ce3230247d167f5b94d678eb05936197436d69b7921e3a95c9107ac?s=96&d=mm&r=g\",\"caption\":\"Issouf Tapsoba\"},\"url\":\"https:\\\/\\\/www.latribunedufaso.net\\\/?author=5\"}]}<\/script>\n<!-- \/ Yoast SEO plugin. -->","yoast_head_json":{"title":"Transformation num\u00e9rique : Les DSI des minist\u00e8res renforcent leurs comp\u00e9tences sur Alfresco\u00a0 - La Tribune du Faso","robots":{"index":"index","follow":"follow","max-snippet":"max-snippet:-1","max-image-preview":"max-image-preview:large","max-video-preview":"max-video-preview:-1"},"canonical":"https:\/\/www.latribunedufaso.net\/?p=19262","og_locale":"fr_FR","og_type":"article","og_title":"Transformation num\u00e9rique : Les DSI des minist\u00e8res renforcent leurs comp\u00e9tences sur Alfresco\u00a0 - La Tribune du Faso","og_description":"Dans le cadre de la modernisation et de la transformation digitale de l\u2019Administration publique, l\u2019Agence nationale de promotion des technologies de l\u2019information et de la communication (ANPTIC) a organis\u00e9 une session de formation destin\u00e9e aux Directeurs des Syst\u00e8mes d\u2019Information (DSI) des minist\u00e8res. Cet atelier s\u2019est d\u00e9roul\u00e9 du 3 au 5 mars 2025 \u00e0 l\u2019Universit\u00e9 Virtuelle de Ouagadougou et a \u00e9t\u00e9 assur\u00e9 par le cabinet DIGITAL COGITO BF. Cette initiative marque une \u00e9tape cl\u00e9 dans l\u2019adoption des outils num\u00e9riques au sein des services publics.\u00a0\u00a0","og_url":"https:\/\/www.latribunedufaso.net\/?p=19262","og_site_name":"La Tribune du Faso","article_publisher":"https:\/\/www.facebook.com\/LatribuneduFaso\/","article_published_time":"2025-03-06T22:11:33+00:00","og_image":[{"width":720,"height":480,"url":"https:\/\/www.latribunedufaso.net\/wp-content\/uploads\/2025\/03\/FB_IMG_1741298412198.jpg","type":"image\/jpeg"}],"author":"Issouf Tapsoba","twitter_misc":{"\u00c9crit par":"Issouf Tapsoba","Dur\u00e9e de lecture estim\u00e9e":"2 minutes"},"schema":{"@context":"https:\/\/schema.org","@graph":[{"@type":"Article","@id":"https:\/\/www.latribunedufaso.net\/?p=19262#article","isPartOf":{"@id":"https:\/\/www.latribunedufaso.net\/?p=19262"},"author":{"name":"Issouf Tapsoba","@id":"https:\/\/www.latribunedufaso.net\/#\/schema\/person\/e54e64c5778a7e72cf80a318b7a622b0"},"headline":"Transformation num\u00e9rique : Les DSI des minist\u00e8res renforcent leurs comp\u00e9tences sur Alfresco\u00a0","datePublished":"2025-03-06T22:11:33+00:00","mainEntityOfPage":{"@id":"https:\/\/www.latribunedufaso.net\/?p=19262"},"wordCount":447,"commentCount":0,"publisher":{"@id":"https:\/\/www.latribunedufaso.net\/#organization"},"image":{"@id":"https:\/\/www.latribunedufaso.net\/?p=19262#primaryimage"},"thumbnailUrl":"https:\/\/www.latribunedufaso.net\/wp-content\/uploads\/2025\/03\/FB_IMG_1741298412198.jpg","keywords":["ANPTIC","latribunedufaso.net","Outils informatique Activiti","Outils informatiques Alfresco"],"articleSection":["A la une","Actualit\u00e9","Soci\u00e9t\u00e9"],"inLanguage":"fr-FR","potentialAction":[{"@type":"CommentAction","name":"Comment","target":["https:\/\/www.latribunedufaso.net\/?p=19262#respond"]}]},{"@type":"WebPage","@id":"https:\/\/www.latribunedufaso.net\/?p=19262","url":"https:\/\/www.latribunedufaso.net\/?p=19262","name":"Transformation num\u00e9rique : Les DSI des minist\u00e8res renforcent leurs comp\u00e9tences sur Alfresco\u00a0 - La Tribune du Faso","isPartOf":{"@id":"https:\/\/www.latribunedufaso.net\/#website"},"primaryImageOfPage":{"@id":"https:\/\/www.latribunedufaso.net\/?p=19262#primaryimage"},"image":{"@id":"https:\/\/www.latribunedufaso.net\/?p=19262#primaryimage"},"thumbnailUrl":"https:\/\/www.latribunedufaso.net\/wp-content\/uploads\/2025\/03\/FB_IMG_1741298412198.jpg","datePublished":"2025-03-06T22:11:33+00:00","breadcrumb":{"@id":"https:\/\/www.latribunedufaso.net\/?p=19262#breadcrumb"},"inLanguage":"fr-FR","potentialAction":[{"@type":"ReadAction","target":["https:\/\/www.latribunedufaso.net\/?p=19262"]}]},{"@type":"ImageObject","inLanguage":"fr-FR","@id":"https:\/\/www.latribunedufaso.net\/?p=19262#primaryimage","url":"https:\/\/www.latribunedufaso.net\/wp-content\/uploads\/2025\/03\/FB_IMG_1741298412198.jpg","contentUrl":"https:\/\/www.latribunedufaso.net\/wp-content\/uploads\/2025\/03\/FB_IMG_1741298412198.jpg","width":720,"height":480,"caption":"Atelier de formation des Directeurs des Syst\u00e8mes d\u2019Information (DSI) des minist\u00e8res sur les fondamentaux d\u2019Alfresco et d\u2019Activit, 3 au 5 mars 2025"},{"@type":"BreadcrumbList","@id":"https:\/\/www.latribunedufaso.net\/?p=19262#breadcrumb","itemListElement":[{"@type":"ListItem","position":1,"name":"Accueil","item":"https:\/\/www.latribunedufaso.net\/"},{"@type":"ListItem","position":2,"name":"Transformation num\u00e9rique : Les DSI des minist\u00e8res renforcent leurs comp\u00e9tences sur Alfresco\u00a0"}]},{"@type":"WebSite","@id":"https:\/\/www.latribunedufaso.net\/#website","url":"https:\/\/www.latribunedufaso.net\/","name":"La Tribune du Faso","description":"L&#039;information du monde rural en un clic","publisher":{"@id":"https:\/\/www.latribunedufaso.net\/#organization"},"potentialAction":[{"@type":"SearchAction","target":{"@type":"EntryPoint","urlTemplate":"https:\/\/www.latribunedufaso.net\/?s={search_term_string}"},"query-input":{"@type":"PropertyValueSpecification","valueRequired":true,"valueName":"search_term_string"}}],"inLanguage":"fr-FR"},{"@type":"Organization","@id":"https:\/\/www.latribunedufaso.net\/#organization","name":"La Tribune du Faso","url":"https:\/\/www.latribunedufaso.net\/","logo":{"@type":"ImageObject","inLanguage":"fr-FR","@id":"https:\/\/www.latribunedufaso.net\/#\/schema\/logo\/image\/","url":"https:\/\/www.latribunedufaso.net\/wp-content\/uploads\/2020\/08\/Logo-Tribune-du-Faso-final-scaled.jpg","contentUrl":"https:\/\/www.latribunedufaso.net\/wp-content\/uploads\/2020\/08\/Logo-Tribune-du-Faso-final-scaled.jpg","width":2560,"height":1856,"caption":"La Tribune du Faso"},"image":{"@id":"https:\/\/www.latribunedufaso.net\/#\/schema\/logo\/image\/"},"sameAs":["https:\/\/www.facebook.com\/LatribuneduFaso\/"]},{"@type":"Person","@id":"https:\/\/www.latribunedufaso.net\/#\/schema\/person\/e54e64c5778a7e72cf80a318b7a622b0","name":"Issouf Tapsoba","image":{"@type":"ImageObject","inLanguage":"fr-FR","@id":"https:\/\/secure.gravatar.com\/avatar\/5e6c05150ce3230247d167f5b94d678eb05936197436d69b7921e3a95c9107ac?s=96&d=mm&r=g","url":"https:\/\/secure.gravatar.com\/avatar\/5e6c05150ce3230247d167f5b94d678eb05936197436d69b7921e3a95c9107ac?s=96&d=mm&r=g","contentUrl":"https:\/\/secure.gravatar.com\/avatar\/5e6c05150ce3230247d167f5b94d678eb05936197436d69b7921e3a95c9107ac?s=96&d=mm&r=g","caption":"Issouf Tapsoba"},"url":"https:\/\/www.latribunedufaso.net\/?author=5"}]}},"_links":{"self":[{"href":"https:\/\/www.latribunedufaso.net\/index.php?rest_route=\/wp\/v2\/posts\/19262","targetHints":{"allow":["GET"]}}],"collection":[{"href":"https:\/\/www.latribunedufaso.net\/index.php?rest_route=\/wp\/v2\/posts"}],"about":[{"href":"https:\/\/www.latribunedufaso.net\/index.php?rest_route=\/wp\/v2\/types\/post"}],"author":[{"embeddable":true,"href":"https:\/\/www.latribunedufaso.net\/index.php?rest_route=\/wp\/v2\/users\/5"}],"replies":[{"embeddable":true,"href":"https:\/\/www.latribunedufaso.net\/index.php?rest_route=%2Fwp%2Fv2%2Fcomments&post=19262"}],"version-history":[{"count":1,"href":"https:\/\/www.latribunedufaso.net\/index.php?rest_route=\/wp\/v2\/posts\/19262\/revisions"}],"predecessor-version":[{"id":19266,"href":"https:\/\/www.latribunedufaso.net\/index.php?rest_route=\/wp\/v2\/posts\/19262\/revisions\/19266"}],"wp:featuredmedia":[{"embeddable":true,"href":"https:\/\/www.latribunedufaso.net\/index.php?rest_route=\/wp\/v2\/media\/19264"}],"wp:attachment":[{"href":"https:\/\/www.latribunedufaso.net\/index.php?rest_route=%2Fwp%2Fv2%2Fmedia&parent=19262"}],"wp:term":[{"taxonomy":"category","embeddable":true,"href":"https:\/\/www.latribunedufaso.net\/index.php?rest_route=%2Fwp%2Fv2%2Fcategories&post=19262"},{"taxonomy":"post_tag","embeddable":true,"href":"https:\/\/www.latribunedufaso.net\/index.php?rest_route=%2Fwp%2Fv2%2Ftags&post=19262"}],"curies":[{"name":"wp","href":"https:\/\/api.w.org\/{rel}","templated":true}]}}