{"id":19250,"date":"2025-03-06T17:00:48","date_gmt":"2025-03-06T17:00:48","guid":{"rendered":"https:\/\/www.latribunedufaso.net\/?p=19250"},"modified":"2025-03-06T17:00:48","modified_gmt":"2025-03-06T17:00:48","slug":"industrialisation-le-chef-de-letat-inaugure-une-unite-industrielle-de-detergent","status":"publish","type":"post","link":"https:\/\/www.latribunedufaso.net\/?p=19250","title":{"rendered":"Industrialisation : Le Chef de l\u2019\u00c9tat inaugure une unit\u00e9 industrielle de d\u00e9tergent\u00a0"},"content":{"rendered":"<p><strong><span style=\"font-size: 1.0625rem;\">Le Pr\u00e9sident du Faso, Chef de l\u2019\u00c9tat, le Capitaine Ibrahim Traor\u00e9 a proc\u00e9d\u00e9, le 6 mars 2025 \u00e0 Ouagadougou, \u00e0 l\u2019inauguration officielle du Complexe industriel de d\u00e9tergent \u2018\u2019Fassi\u2019\u2019 (CIDF) dans la commune de Pabr\u00e9, r\u00e9gion du Centre.<\/span><\/strong><!--more--><\/p>\n<p>C\u2019est une unit\u00e9 industrielle sp\u00e9cialis\u00e9e dans la fabrication des produits de nettoyage tels que les d\u00e9tergents en poudre, du savon liquide et solide.\u00a0<\/p>\n<p>Dans son discours d\u2019inauguration prononc\u00e9 par le ministre de l\u2019Industrie, du Commerce et de l\u2019Artisanat, le Chef de l\u2019\u00c9tat, le Capitaine Ibrahim Traor\u00e9 a salu\u00e9 l\u2019audace entrepreneuriale du promoteur qui contribue ainsi au renforcement du tissu industriel national et qui est <em><strong>\u00ab en parfaite ad\u00e9quation avec notre ambition de b\u00e2tir une \u00e9conomie autonome, dynamique et comp\u00e9titive \u00bb.<\/strong><\/em><\/p>\n<figure id=\"attachment_19253\" aria-describedby=\"caption-attachment-19253\" style=\"width: 1080px\" class=\"wp-caption aligncenter\"><a href=\"https:\/\/www.latribunedufaso.net\/wp-content\/uploads\/2025\/03\/IMG-20250306-WA0065.jpg\"><img loading=\"lazy\" decoding=\"async\" class=\"size-full wp-image-19253\" src=\"https:\/\/www.latribunedufaso.net\/wp-content\/uploads\/2025\/03\/IMG-20250306-WA0065.jpg\" alt=\"Le Chef de l'Etat, Ibrahim Traor\u00e9 a proc\u00e9d\u00e9 \u00e0 l\u2019inauguration officielle du Complexe industriel de d\u00e9tergent \u2018\u2019Fassi\u2019\u2019 (CIDF) dans la commune de Pabr\u00e9, r\u00e9gion du Centre, 6 mars 2025\" width=\"1080\" height=\"760\" srcset=\"https:\/\/www.latribunedufaso.net\/wp-content\/uploads\/2025\/03\/IMG-20250306-WA0065.jpg 1080w, https:\/\/www.latribunedufaso.net\/wp-content\/uploads\/2025\/03\/IMG-20250306-WA0065-300x211.jpg 300w, https:\/\/www.latribunedufaso.net\/wp-content\/uploads\/2025\/03\/IMG-20250306-WA0065-1024x721.jpg 1024w, https:\/\/www.latribunedufaso.net\/wp-content\/uploads\/2025\/03\/IMG-20250306-WA0065-768x540.jpg 768w\" sizes=\"auto, (max-width: 1080px) 100vw, 1080px\" \/><\/a><figcaption id=\"caption-attachment-19253\" class=\"wp-caption-text\">Le Chef de l&rsquo;Etat, le Capitaine Ibrahim Traor\u00e9 &#8211; Ph. DR<\/figcaption><\/figure>\n<p>B\u00e2ti sur un site d\u2019un hectare, le complexe industriel va contribuer \u00e0 la cr\u00e9ation de 122 emplois permanents, plus de 300 emplois directs et pr\u00e8s de 1 600 emplois saisonniers, participant ainsi \u00e0 la lutte contre le ch\u00f4mage. 4,5 milliards de FCFA, c\u2019est l\u2019investissement mobilis\u00e9 pour la r\u00e9alisation de ce complexe industriel d\u2019une capacit\u00e9 de production de 300 tonnes par jour.<\/p>\n<p>Selon le Capitaine Ibrahim Traor\u00e9, outre la cr\u00e9ation des emplois, le CIDF <em><strong>\u00ab r\u00e9duira notre d\u00e9pendance aux importations et contribuera \u00e0 l\u2019am\u00e9lioration de notre balance commerciale \u00bb.<\/strong><\/em><\/p>\n<h3>Industrialisation de notre pays, une volont\u00e9 affich\u00e9e du Chef de l\u2019\u00c9tat<\/h3>\n<p>Pour le Chef de l\u2019\u00c9tat, qui a traduit ses f\u00e9licitations au promoteur du CIDF, cette unit\u00e9 industrielle, <em><strong>\u00ab incarne un symbole fort de notre capacit\u00e9 \u00e0 nous appuyer sur nos propres ressources, notre savoir-faire, notre ing\u00e9niosit\u00e9 pour construire une \u00e9conomie forte et souveraine \u00bb.<\/strong><\/em><\/p>\n<figure id=\"attachment_19254\" aria-describedby=\"caption-attachment-19254\" style=\"width: 1080px\" class=\"wp-caption aligncenter\"><a href=\"https:\/\/www.latribunedufaso.net\/wp-content\/uploads\/2025\/03\/IMG-20250306-WA0068.jpg\"><img loading=\"lazy\" decoding=\"async\" class=\"size-full wp-image-19254\" src=\"https:\/\/www.latribunedufaso.net\/wp-content\/uploads\/2025\/03\/IMG-20250306-WA0068.jpg\" alt=\"Le Chef de l'Etat, Ibrahim Traor\u00e9 a proc\u00e9d\u00e9 \u00e0 l\u2019inauguration officielle du Complexe industriel de d\u00e9tergent \u2018\u2019Fassi\u2019\u2019 (CIDF) dans la commune de Pabr\u00e9, r\u00e9gion du Centre, 6 mars 2025\" width=\"1080\" height=\"720\" srcset=\"https:\/\/www.latribunedufaso.net\/wp-content\/uploads\/2025\/03\/IMG-20250306-WA0068.jpg 1080w, https:\/\/www.latribunedufaso.net\/wp-content\/uploads\/2025\/03\/IMG-20250306-WA0068-300x200.jpg 300w, https:\/\/www.latribunedufaso.net\/wp-content\/uploads\/2025\/03\/IMG-20250306-WA0068-1024x683.jpg 1024w, https:\/\/www.latribunedufaso.net\/wp-content\/uploads\/2025\/03\/IMG-20250306-WA0068-768x512.jpg 768w, https:\/\/www.latribunedufaso.net\/wp-content\/uploads\/2025\/03\/IMG-20250306-WA0068-840x560.jpg 840w, https:\/\/www.latribunedufaso.net\/wp-content\/uploads\/2025\/03\/IMG-20250306-WA0068-120x80.jpg 120w, https:\/\/www.latribunedufaso.net\/wp-content\/uploads\/2025\/03\/IMG-20250306-WA0068-360x240.jpg 360w, https:\/\/www.latribunedufaso.net\/wp-content\/uploads\/2025\/03\/IMG-20250306-WA0068-600x400.jpg 600w\" sizes=\"auto, (max-width: 1080px) 100vw, 1080px\" \/><\/a><figcaption id=\"caption-attachment-19254\" class=\"wp-caption-text\">Une vue des participants \u00e0 la c\u00e9r\u00e9monie &#8211; Ph. DR<\/figcaption><\/figure>\n<p>Le Pr\u00e9sident du Faso a dit se tenir toujours aux c\u00f4t\u00e9s du secteur priv\u00e9 pour le rendre plus solide, audacieux et faire de lui, un v\u00e9ritable levier de croissance \u00e9conomique et de progr\u00e8s social.<\/p>\n<p><em><strong>\u00ab Nous allons continuer \u00e0 encourager tous ceux qui ont pris l\u2019initiative de se lancer dans l\u2019industrialisation. Nous allons les accompagner, les aider \u00e0 aller de l\u2019avant pour que notre pays soit industrialis\u00e9 et prosp\u00e8re \u00bb<\/strong><\/em> : soutient le Chef de l\u2019\u00c9tat \u00e0 l\u2019issue de la c\u00e9r\u00e9monie d\u2019inauguration.<\/p>\n<p>Le promoteur du CIDF, Mady Sawadogo a exprim\u00e9 sa gratitude au Pr\u00e9sident du Faso, Chef de l\u2019\u00c9tat, le Capitaine Ibrahim Traor\u00e9 dont<em><strong> \u00ab la vision \u00e9clair\u00e9e inspire la mise en place de projets structurants et au-del\u00e0, le d\u00e9veloppement du secteur priv\u00e9 national \u00bb<\/strong><\/em> pour le d\u00e9veloppement de notre pays.\u00a0<\/p>\n<blockquote>\n<p>Lire aussi &gt;&gt; <a href=\"https:\/\/www.latribunedufaso.net\/?p=18940\">Industrialisation : Le Pr\u00e9sident du Faso inaugure une usine de farine de bl\u00e9 de 15 milliards FCFA\u00a0\u00a0<\/a><\/p>\n<\/blockquote>\n<p>Les produits <em><strong>\u2018\u2019fassi\u2019\u2019<\/strong> <\/em>sont imm\u00e9diatement mis sur la place du march\u00e9 national et international. Le mot <em><strong>\u2018\u2019fassi\u2019\u2019<\/strong><\/em> signifie en langue moor\u00e9 ce qui est <em><strong>\u2018\u2019net et sans tache\u2019\u2019.<\/strong><\/em><\/p>\n<p><strong>latribunedufaso.net<\/strong><\/p>\n<p><strong>Source : Direction de la communication de la Pr\u00e9sidence du Faso<\/strong><\/p>\n","protected":false},"excerpt":{"rendered":"<p>Le Pr\u00e9sident du Faso, Chef de l\u2019\u00c9tat, le Capitaine Ibrahim Traor\u00e9 a proc\u00e9d\u00e9, le 6 mars 2025 \u00e0 Ouagadougou, \u00e0 l\u2019inauguration officielle du Complexe industriel de d\u00e9tergent \u2018\u2019Fassi\u2019\u2019 (CIDF) dans la commune de Pabr\u00e9, r\u00e9gion du Centre.<\/p>\n","protected":false},"author":5,"featured_media":19252,"comment_status":"open","ping_status":"open","sticky":false,"template":"","format":"standard","meta":{"footnotes":""},"categories":[13,1,10],"tags":[764,250,39],"class_list":["post-19250","post","type-post","status-publish","format-standard","has-post-thumbnail","hentry","category-une","category-actu","category-eco","tag-complexe-industriel-de-detergent-fassi-cidf","tag-developpement-industriel","tag-latribunedufaso-net"],"yoast_head":"<!-- This site is optimized with the Yoast SEO plugin v27.5 - https:\/\/yoast.com\/product\/yoast-seo-wordpress\/ -->\n<title>Industrialisation : Le Chef de l\u2019\u00c9tat inaugure une unit\u00e9 industrielle de d\u00e9tergent\u00a0 - La Tribune du Faso<\/title>\n<meta name=\"robots\" content=\"index, follow, max-snippet:-1, max-image-preview:large, max-video-preview:-1\" \/>\n<link rel=\"canonical\" href=\"https:\/\/www.latribunedufaso.net\/?p=19250\" \/>\n<meta property=\"og:locale\" content=\"fr_FR\" \/>\n<meta property=\"og:type\" content=\"article\" \/>\n<meta property=\"og:title\" content=\"Industrialisation : Le Chef de l\u2019\u00c9tat inaugure une unit\u00e9 industrielle de d\u00e9tergent\u00a0 - La Tribune du Faso\" \/>\n<meta property=\"og:description\" content=\"Le Pr\u00e9sident du Faso, Chef de l\u2019\u00c9tat, le Capitaine Ibrahim Traor\u00e9 a proc\u00e9d\u00e9, le 6 mars 2025 \u00e0 Ouagadougou, \u00e0 l\u2019inauguration officielle du Complexe industriel de d\u00e9tergent \u2018\u2019Fassi\u2019\u2019 (CIDF) dans la commune de Pabr\u00e9, r\u00e9gion du Centre.\" \/>\n<meta property=\"og:url\" content=\"https:\/\/www.latribunedufaso.net\/?p=19250\" \/>\n<meta property=\"og:site_name\" content=\"La Tribune du Faso\" \/>\n<meta property=\"article:publisher\" content=\"https:\/\/www.facebook.com\/LatribuneduFaso\/\" \/>\n<meta property=\"article:published_time\" content=\"2025-03-06T17:00:48+00:00\" \/>\n<meta property=\"og:image\" content=\"https:\/\/www.latribunedufaso.net\/wp-content\/uploads\/2025\/03\/IMG-20250306-WA0066.jpg\" \/>\n\t<meta property=\"og:image:width\" content=\"1080\" \/>\n\t<meta property=\"og:image:height\" content=\"720\" \/>\n\t<meta property=\"og:image:type\" content=\"image\/jpeg\" \/>\n<meta name=\"author\" content=\"Issouf Tapsoba\" \/>\n<meta name=\"twitter:label1\" content=\"\u00c9crit par\" \/>\n\t<meta name=\"twitter:data1\" content=\"Issouf Tapsoba\" \/>\n\t<meta name=\"twitter:label2\" content=\"Dur\u00e9e de lecture estim\u00e9e\" \/>\n\t<meta name=\"twitter:data2\" content=\"3 minutes\" \/>\n<script type=\"application\/ld+json\" class=\"yoast-schema-graph\">{\"@context\":\"https:\\\/\\\/schema.org\",\"@graph\":[{\"@type\":\"Article\",\"@id\":\"https:\\\/\\\/www.latribunedufaso.net\\\/?p=19250#article\",\"isPartOf\":{\"@id\":\"https:\\\/\\\/www.latribunedufaso.net\\\/?p=19250\"},\"author\":{\"name\":\"Issouf Tapsoba\",\"@id\":\"https:\\\/\\\/www.latribunedufaso.net\\\/#\\\/schema\\\/person\\\/e54e64c5778a7e72cf80a318b7a622b0\"},\"headline\":\"Industrialisation : Le Chef de l\u2019\u00c9tat inaugure une unit\u00e9 industrielle de d\u00e9tergent\u00a0\",\"datePublished\":\"2025-03-06T17:00:48+00:00\",\"mainEntityOfPage\":{\"@id\":\"https:\\\/\\\/www.latribunedufaso.net\\\/?p=19250\"},\"wordCount\":531,\"commentCount\":0,\"publisher\":{\"@id\":\"https:\\\/\\\/www.latribunedufaso.net\\\/#organization\"},\"image\":{\"@id\":\"https:\\\/\\\/www.latribunedufaso.net\\\/?p=19250#primaryimage\"},\"thumbnailUrl\":\"https:\\\/\\\/www.latribunedufaso.net\\\/wp-content\\\/uploads\\\/2025\\\/03\\\/IMG-20250306-WA0066.jpg\",\"keywords\":[\"Complexe industriel de d\u00e9tergent \u2018\u2019Fassi\u2019\u2019 (CIDF)\",\"D\u00e9veloppement industriel\",\"latribunedufaso.net\"],\"articleSection\":[\"A la une\",\"Actualit\u00e9\",\"Economie\"],\"inLanguage\":\"fr-FR\",\"potentialAction\":[{\"@type\":\"CommentAction\",\"name\":\"Comment\",\"target\":[\"https:\\\/\\\/www.latribunedufaso.net\\\/?p=19250#respond\"]}]},{\"@type\":\"WebPage\",\"@id\":\"https:\\\/\\\/www.latribunedufaso.net\\\/?p=19250\",\"url\":\"https:\\\/\\\/www.latribunedufaso.net\\\/?p=19250\",\"name\":\"Industrialisation : Le Chef de l\u2019\u00c9tat inaugure une unit\u00e9 industrielle de d\u00e9tergent\u00a0 - La Tribune du Faso\",\"isPartOf\":{\"@id\":\"https:\\\/\\\/www.latribunedufaso.net\\\/#website\"},\"primaryImageOfPage\":{\"@id\":\"https:\\\/\\\/www.latribunedufaso.net\\\/?p=19250#primaryimage\"},\"image\":{\"@id\":\"https:\\\/\\\/www.latribunedufaso.net\\\/?p=19250#primaryimage\"},\"thumbnailUrl\":\"https:\\\/\\\/www.latribunedufaso.net\\\/wp-content\\\/uploads\\\/2025\\\/03\\\/IMG-20250306-WA0066.jpg\",\"datePublished\":\"2025-03-06T17:00:48+00:00\",\"breadcrumb\":{\"@id\":\"https:\\\/\\\/www.latribunedufaso.net\\\/?p=19250#breadcrumb\"},\"inLanguage\":\"fr-FR\",\"potentialAction\":[{\"@type\":\"ReadAction\",\"target\":[\"https:\\\/\\\/www.latribunedufaso.net\\\/?p=19250\"]}]},{\"@type\":\"ImageObject\",\"inLanguage\":\"fr-FR\",\"@id\":\"https:\\\/\\\/www.latribunedufaso.net\\\/?p=19250#primaryimage\",\"url\":\"https:\\\/\\\/www.latribunedufaso.net\\\/wp-content\\\/uploads\\\/2025\\\/03\\\/IMG-20250306-WA0066.jpg\",\"contentUrl\":\"https:\\\/\\\/www.latribunedufaso.net\\\/wp-content\\\/uploads\\\/2025\\\/03\\\/IMG-20250306-WA0066.jpg\",\"width\":1080,\"height\":720,\"caption\":\"Le Chef de l'Etat, Ibrahim Traor\u00e9 a proc\u00e9d\u00e9 \u00e0 l\u2019inauguration officielle du Complexe industriel de d\u00e9tergent \u2018\u2019Fassi\u2019\u2019 (CIDF) dans la commune de Pabr\u00e9, r\u00e9gion du Centre, 6 mars 2025\"},{\"@type\":\"BreadcrumbList\",\"@id\":\"https:\\\/\\\/www.latribunedufaso.net\\\/?p=19250#breadcrumb\",\"itemListElement\":[{\"@type\":\"ListItem\",\"position\":1,\"name\":\"Accueil\",\"item\":\"https:\\\/\\\/www.latribunedufaso.net\\\/\"},{\"@type\":\"ListItem\",\"position\":2,\"name\":\"Industrialisation : Le Chef de l\u2019\u00c9tat inaugure une unit\u00e9 industrielle de d\u00e9tergent\u00a0\"}]},{\"@type\":\"WebSite\",\"@id\":\"https:\\\/\\\/www.latribunedufaso.net\\\/#website\",\"url\":\"https:\\\/\\\/www.latribunedufaso.net\\\/\",\"name\":\"La Tribune du Faso\",\"description\":\"L&#039;information du monde rural en un clic\",\"publisher\":{\"@id\":\"https:\\\/\\\/www.latribunedufaso.net\\\/#organization\"},\"potentialAction\":[{\"@type\":\"SearchAction\",\"target\":{\"@type\":\"EntryPoint\",\"urlTemplate\":\"https:\\\/\\\/www.latribunedufaso.net\\\/?s={search_term_string}\"},\"query-input\":{\"@type\":\"PropertyValueSpecification\",\"valueRequired\":true,\"valueName\":\"search_term_string\"}}],\"inLanguage\":\"fr-FR\"},{\"@type\":\"Organization\",\"@id\":\"https:\\\/\\\/www.latribunedufaso.net\\\/#organization\",\"name\":\"La Tribune du Faso\",\"url\":\"https:\\\/\\\/www.latribunedufaso.net\\\/\",\"logo\":{\"@type\":\"ImageObject\",\"inLanguage\":\"fr-FR\",\"@id\":\"https:\\\/\\\/www.latribunedufaso.net\\\/#\\\/schema\\\/logo\\\/image\\\/\",\"url\":\"https:\\\/\\\/www.latribunedufaso.net\\\/wp-content\\\/uploads\\\/2020\\\/08\\\/Logo-Tribune-du-Faso-final-scaled.jpg\",\"contentUrl\":\"https:\\\/\\\/www.latribunedufaso.net\\\/wp-content\\\/uploads\\\/2020\\\/08\\\/Logo-Tribune-du-Faso-final-scaled.jpg\",\"width\":2560,\"height\":1856,\"caption\":\"La Tribune du Faso\"},\"image\":{\"@id\":\"https:\\\/\\\/www.latribunedufaso.net\\\/#\\\/schema\\\/logo\\\/image\\\/\"},\"sameAs\":[\"https:\\\/\\\/www.facebook.com\\\/LatribuneduFaso\\\/\"]},{\"@type\":\"Person\",\"@id\":\"https:\\\/\\\/www.latribunedufaso.net\\\/#\\\/schema\\\/person\\\/e54e64c5778a7e72cf80a318b7a622b0\",\"name\":\"Issouf Tapsoba\",\"image\":{\"@type\":\"ImageObject\",\"inLanguage\":\"fr-FR\",\"@id\":\"https:\\\/\\\/secure.gravatar.com\\\/avatar\\\/5e6c05150ce3230247d167f5b94d678eb05936197436d69b7921e3a95c9107ac?s=96&d=mm&r=g\",\"url\":\"https:\\\/\\\/secure.gravatar.com\\\/avatar\\\/5e6c05150ce3230247d167f5b94d678eb05936197436d69b7921e3a95c9107ac?s=96&d=mm&r=g\",\"contentUrl\":\"https:\\\/\\\/secure.gravatar.com\\\/avatar\\\/5e6c05150ce3230247d167f5b94d678eb05936197436d69b7921e3a95c9107ac?s=96&d=mm&r=g\",\"caption\":\"Issouf Tapsoba\"},\"url\":\"https:\\\/\\\/www.latribunedufaso.net\\\/?author=5\"}]}<\/script>\n<!-- \/ Yoast SEO plugin. -->","yoast_head_json":{"title":"Industrialisation : Le Chef de l\u2019\u00c9tat inaugure une unit\u00e9 industrielle de d\u00e9tergent\u00a0 - La Tribune du Faso","robots":{"index":"index","follow":"follow","max-snippet":"max-snippet:-1","max-image-preview":"max-image-preview:large","max-video-preview":"max-video-preview:-1"},"canonical":"https:\/\/www.latribunedufaso.net\/?p=19250","og_locale":"fr_FR","og_type":"article","og_title":"Industrialisation : Le Chef de l\u2019\u00c9tat inaugure une unit\u00e9 industrielle de d\u00e9tergent\u00a0 - La Tribune du Faso","og_description":"Le Pr\u00e9sident du Faso, Chef de l\u2019\u00c9tat, le Capitaine Ibrahim Traor\u00e9 a proc\u00e9d\u00e9, le 6 mars 2025 \u00e0 Ouagadougou, \u00e0 l\u2019inauguration officielle du Complexe industriel de d\u00e9tergent \u2018\u2019Fassi\u2019\u2019 (CIDF) dans la commune de Pabr\u00e9, r\u00e9gion du Centre.","og_url":"https:\/\/www.latribunedufaso.net\/?p=19250","og_site_name":"La Tribune du Faso","article_publisher":"https:\/\/www.facebook.com\/LatribuneduFaso\/","article_published_time":"2025-03-06T17:00:48+00:00","og_image":[{"width":1080,"height":720,"url":"https:\/\/www.latribunedufaso.net\/wp-content\/uploads\/2025\/03\/IMG-20250306-WA0066.jpg","type":"image\/jpeg"}],"author":"Issouf Tapsoba","twitter_misc":{"\u00c9crit par":"Issouf Tapsoba","Dur\u00e9e de lecture estim\u00e9e":"3 minutes"},"schema":{"@context":"https:\/\/schema.org","@graph":[{"@type":"Article","@id":"https:\/\/www.latribunedufaso.net\/?p=19250#article","isPartOf":{"@id":"https:\/\/www.latribunedufaso.net\/?p=19250"},"author":{"name":"Issouf Tapsoba","@id":"https:\/\/www.latribunedufaso.net\/#\/schema\/person\/e54e64c5778a7e72cf80a318b7a622b0"},"headline":"Industrialisation : Le Chef de l\u2019\u00c9tat inaugure une unit\u00e9 industrielle de d\u00e9tergent\u00a0","datePublished":"2025-03-06T17:00:48+00:00","mainEntityOfPage":{"@id":"https:\/\/www.latribunedufaso.net\/?p=19250"},"wordCount":531,"commentCount":0,"publisher":{"@id":"https:\/\/www.latribunedufaso.net\/#organization"},"image":{"@id":"https:\/\/www.latribunedufaso.net\/?p=19250#primaryimage"},"thumbnailUrl":"https:\/\/www.latribunedufaso.net\/wp-content\/uploads\/2025\/03\/IMG-20250306-WA0066.jpg","keywords":["Complexe industriel de d\u00e9tergent \u2018\u2019Fassi\u2019\u2019 (CIDF)","D\u00e9veloppement industriel","latribunedufaso.net"],"articleSection":["A la une","Actualit\u00e9","Economie"],"inLanguage":"fr-FR","potentialAction":[{"@type":"CommentAction","name":"Comment","target":["https:\/\/www.latribunedufaso.net\/?p=19250#respond"]}]},{"@type":"WebPage","@id":"https:\/\/www.latribunedufaso.net\/?p=19250","url":"https:\/\/www.latribunedufaso.net\/?p=19250","name":"Industrialisation : Le Chef de l\u2019\u00c9tat inaugure une unit\u00e9 industrielle de d\u00e9tergent\u00a0 - La Tribune du Faso","isPartOf":{"@id":"https:\/\/www.latribunedufaso.net\/#website"},"primaryImageOfPage":{"@id":"https:\/\/www.latribunedufaso.net\/?p=19250#primaryimage"},"image":{"@id":"https:\/\/www.latribunedufaso.net\/?p=19250#primaryimage"},"thumbnailUrl":"https:\/\/www.latribunedufaso.net\/wp-content\/uploads\/2025\/03\/IMG-20250306-WA0066.jpg","datePublished":"2025-03-06T17:00:48+00:00","breadcrumb":{"@id":"https:\/\/www.latribunedufaso.net\/?p=19250#breadcrumb"},"inLanguage":"fr-FR","potentialAction":[{"@type":"ReadAction","target":["https:\/\/www.latribunedufaso.net\/?p=19250"]}]},{"@type":"ImageObject","inLanguage":"fr-FR","@id":"https:\/\/www.latribunedufaso.net\/?p=19250#primaryimage","url":"https:\/\/www.latribunedufaso.net\/wp-content\/uploads\/2025\/03\/IMG-20250306-WA0066.jpg","contentUrl":"https:\/\/www.latribunedufaso.net\/wp-content\/uploads\/2025\/03\/IMG-20250306-WA0066.jpg","width":1080,"height":720,"caption":"Le Chef de l'Etat, Ibrahim Traor\u00e9 a proc\u00e9d\u00e9 \u00e0 l\u2019inauguration officielle du Complexe industriel de d\u00e9tergent \u2018\u2019Fassi\u2019\u2019 (CIDF) dans la commune de Pabr\u00e9, r\u00e9gion du Centre, 6 mars 2025"},{"@type":"BreadcrumbList","@id":"https:\/\/www.latribunedufaso.net\/?p=19250#breadcrumb","itemListElement":[{"@type":"ListItem","position":1,"name":"Accueil","item":"https:\/\/www.latribunedufaso.net\/"},{"@type":"ListItem","position":2,"name":"Industrialisation : Le Chef de l\u2019\u00c9tat inaugure une unit\u00e9 industrielle de d\u00e9tergent\u00a0"}]},{"@type":"WebSite","@id":"https:\/\/www.latribunedufaso.net\/#website","url":"https:\/\/www.latribunedufaso.net\/","name":"La Tribune du Faso","description":"L&#039;information du monde rural en un clic","publisher":{"@id":"https:\/\/www.latribunedufaso.net\/#organization"},"potentialAction":[{"@type":"SearchAction","target":{"@type":"EntryPoint","urlTemplate":"https:\/\/www.latribunedufaso.net\/?s={search_term_string}"},"query-input":{"@type":"PropertyValueSpecification","valueRequired":true,"valueName":"search_term_string"}}],"inLanguage":"fr-FR"},{"@type":"Organization","@id":"https:\/\/www.latribunedufaso.net\/#organization","name":"La Tribune du Faso","url":"https:\/\/www.latribunedufaso.net\/","logo":{"@type":"ImageObject","inLanguage":"fr-FR","@id":"https:\/\/www.latribunedufaso.net\/#\/schema\/logo\/image\/","url":"https:\/\/www.latribunedufaso.net\/wp-content\/uploads\/2020\/08\/Logo-Tribune-du-Faso-final-scaled.jpg","contentUrl":"https:\/\/www.latribunedufaso.net\/wp-content\/uploads\/2020\/08\/Logo-Tribune-du-Faso-final-scaled.jpg","width":2560,"height":1856,"caption":"La Tribune du Faso"},"image":{"@id":"https:\/\/www.latribunedufaso.net\/#\/schema\/logo\/image\/"},"sameAs":["https:\/\/www.facebook.com\/LatribuneduFaso\/"]},{"@type":"Person","@id":"https:\/\/www.latribunedufaso.net\/#\/schema\/person\/e54e64c5778a7e72cf80a318b7a622b0","name":"Issouf Tapsoba","image":{"@type":"ImageObject","inLanguage":"fr-FR","@id":"https:\/\/secure.gravatar.com\/avatar\/5e6c05150ce3230247d167f5b94d678eb05936197436d69b7921e3a95c9107ac?s=96&d=mm&r=g","url":"https:\/\/secure.gravatar.com\/avatar\/5e6c05150ce3230247d167f5b94d678eb05936197436d69b7921e3a95c9107ac?s=96&d=mm&r=g","contentUrl":"https:\/\/secure.gravatar.com\/avatar\/5e6c05150ce3230247d167f5b94d678eb05936197436d69b7921e3a95c9107ac?s=96&d=mm&r=g","caption":"Issouf Tapsoba"},"url":"https:\/\/www.latribunedufaso.net\/?author=5"}]}},"_links":{"self":[{"href":"https:\/\/www.latribunedufaso.net\/index.php?rest_route=\/wp\/v2\/posts\/19250","targetHints":{"allow":["GET"]}}],"collection":[{"href":"https:\/\/www.latribunedufaso.net\/index.php?rest_route=\/wp\/v2\/posts"}],"about":[{"href":"https:\/\/www.latribunedufaso.net\/index.php?rest_route=\/wp\/v2\/types\/post"}],"author":[{"embeddable":true,"href":"https:\/\/www.latribunedufaso.net\/index.php?rest_route=\/wp\/v2\/users\/5"}],"replies":[{"embeddable":true,"href":"https:\/\/www.latribunedufaso.net\/index.php?rest_route=%2Fwp%2Fv2%2Fcomments&post=19250"}],"version-history":[{"count":2,"href":"https:\/\/www.latribunedufaso.net\/index.php?rest_route=\/wp\/v2\/posts\/19250\/revisions"}],"predecessor-version":[{"id":19255,"href":"https:\/\/www.latribunedufaso.net\/index.php?rest_route=\/wp\/v2\/posts\/19250\/revisions\/19255"}],"wp:featuredmedia":[{"embeddable":true,"href":"https:\/\/www.latribunedufaso.net\/index.php?rest_route=\/wp\/v2\/media\/19252"}],"wp:attachment":[{"href":"https:\/\/www.latribunedufaso.net\/index.php?rest_route=%2Fwp%2Fv2%2Fmedia&parent=19250"}],"wp:term":[{"taxonomy":"category","embeddable":true,"href":"https:\/\/www.latribunedufaso.net\/index.php?rest_route=%2Fwp%2Fv2%2Fcategories&post=19250"},{"taxonomy":"post_tag","embeddable":true,"href":"https:\/\/www.latribunedufaso.net\/index.php?rest_route=%2Fwp%2Fv2%2Ftags&post=19250"}],"curies":[{"name":"wp","href":"https:\/\/api.w.org\/{rel}","templated":true}]}}