{"id":19213,"date":"2025-03-03T15:59:26","date_gmt":"2025-03-03T15:59:26","guid":{"rendered":"https:\/\/www.latribunedufaso.net\/?p=19213"},"modified":"2025-03-27T00:16:14","modified_gmt":"2025-03-27T00:16:14","slug":"fespaco-2025-le-fespaco-cest-un-festival-sans-egal-marco-lena-directeur-executif-du-fonds-darchives-africain-pour-la-sauvegarde-des-memoires","status":"publish","type":"post","link":"https:\/\/www.latribunedufaso.net\/?p=19213","title":{"rendered":"FESPACO 2025 : \u00ab Le FESPACO, c\u2019est un festival sans \u00e9gal \u00bb, Marco Lena, Directeur ex\u00e9cutif du Fonds d\u2019archives africain pour la sauvegarde des m\u00e9moires"},"content":{"rendered":"<p><strong style=\"font-size: 1.0625rem;\">La 29\u1d49 \u00e9dition du FESPACO a attir\u00e9 cin\u00e9philes, r\u00e9alisateurs et professionnels du secteur, dont Marco Lena, Directeur ex\u00e9cutif du Fonds d\u2019archives africain pour la sauvegarde des m\u00e9moires, bas\u00e9 \u00e0 Dakar. Lors d&rsquo;une interview accord\u00e9e \u00e0 La Tribune du Faso, il partage sa vision du FESPACO et la mission de leur organisation.<\/strong><\/p>\n<p><!--more--><\/p>\n<h3>latribunedufaso.net : Pouvez-vous nous pr\u00e9senter votre structure ?<\/h3>\n<p><strong>Marco Lena :<\/strong> Le Fonds d\u2019archives Africain pour la sauvegarde des m\u00e9moires est une organisation bas\u00e9e \u00e0 Dakar, fond\u00e9e en 2019 par Gha\u00ebl Samb Sall, fille de Ababacar Samb Makharam, pionnier du cin\u00e9ma s\u00e9n\u00e9galais. Ce fonds est n\u00e9 de l\u2019id\u00e9e que les archives contemporaines en Afrique sont en danger. Beaucoup d\u2019archives, notamment celles de la diaspora, sont perdues ou oubli\u00e9es, et nous avons voulu y rem\u00e9dier.<\/p>\n<p>Depuis 2019, notre mission est de collecter, num\u00e9riser et pr\u00e9server ces archives essentielles pour le patrimoine africain. Aujourd\u2019hui, nous sommes fiers de contribuer \u00e0 la sauvegarde de notre histoire \u00e0 travers des images, des films et des documents qui, autrement, risqueraient de dispara\u00eetre.<\/p>\n<h3>Quel est l\u2019objectif principal de ce fonds ?<\/h3>\n<p>L\u2019objectif principal est de redonner une deuxi\u00e8me vie aux archives. Beaucoup d\u2019images, de photos ou de films ont \u00e9t\u00e9 laiss\u00e9s de c\u00f4t\u00e9, parfois dans de mauvaises conditions . Notre travail consiste \u00e0 les sauver avant qu\u2019elles ne disparaissent. Elles font partie de l\u2019arch\u00e9ologie audiovisuelle de l\u2019Afrique ind\u00e9pendante.<\/p>\n<p>Ce sont des documents uniques. Aujourd\u2019hui, gr\u00e2ce aux archives, nous avons eu la chance de d\u00e9couvrir des \u00e9v\u00e9nements comme le Festival Mondial des Arts N\u00e8gres de 1966 \u00e0 Dakar, un \u00e9v\u00e9nement d\u2019ampleur mondiale mais que tr\u00e8s peu de personnes ont connu.<\/p>\n<h3>Quel lien faites-vous entre votre fonds et le FESPACO ?<\/h3>\n<p>Le Fonds d\u2019Archives Africain pour la Sauvegarde des M\u00e9moires entretient une collaboration \u00e9troite avec le FESPACO, \u00e0 travers la Cin\u00e9math\u00e8que africaine de Ouagadougou. Cette coop\u00e9ration a commenc\u00e9 en 2021, \u00e0 l\u2019initiative de L\u00e9once Tira, le directeur de la Cin\u00e9math\u00e8que de Ouagadougou, avec les premiers ateliers du patrimoine.<\/p>\n<p>Depuis la premi\u00e8re \u00e9dition, nous avons particip\u00e9 pour apporter notre exp\u00e9rience et surtout pour cr\u00e9er des liens avec d\u2019autres cin\u00e9math\u00e8ques \u00e0 travers l\u2019Afrique. La participation du Fonds d\u2019Archives au FESPACO vise donc \u00e0 tirer la sonnette d\u2019alarme sur la situation des archives et \u00e0 renforcer les relations entre les diff\u00e9rentes institutions charg\u00e9es de la conservation du patrimoine audiovisuel en Afrique.<\/p>\n<p>Au FESPACO, \u00e0 travers des initiatives comme le MICA, o\u00f9 l\u2019association Archivistes sans fronti\u00e8res a expos\u00e9 des photos historiques, le fonds poursuit son travail de sensibilisation et de soutien mutuel pour la sauvegarde du patrimoine audiovisuel africain .<\/p>\n<p><iframe loading=\"lazy\" width=\"560\" height=\"315\" src=\"https:\/\/www.youtube.com\/embed\/1aovXv3Lpeg?si=n4uO9tpB_qIGSMDU\" title=\"YouTube video player\" frameborder=\"0\" allow=\"accelerometer; autoplay; clipboard-write; encrypted-media; gyroscope; picture-in-picture; web-share\" referrerpolicy=\"strict-origin-when-cross-origin\" allowfullscreen><\/iframe><\/p>\n<h3>Votre fonds soutient-il des cin\u00e9astes ?<\/h3>\n<p>Oui. Parce qu\u2019en fait, que \u00e7a soit \u00e0 Dakar ou \u00e0 Ouagadougou, nous donnons des prix sp\u00e9ciaux. Cette ann\u00e9e par exemple, la ville de Ouagadougou donne un prix sp\u00e9cial d\u00e9nomm\u00e9 prix Ababacar Samb Makharam. Donc, le fonds d\u2019archives participe en donnant un financement, un prix. Avec les\u00a0 petits moyens dont nous disposons, parce que nous sommes une structure priv\u00e9e, on essaie de soutenir les r\u00e9alisateurs contemporains et de soutenir aussi la m\u00e9moire des cin\u00e9astes qui ne sont plus l\u00e0, \u00e0 travers des \u0153uvres de valorisation comme des livres. On a aussi une s\u00e9rie <em><strong>\u00ab Les Grands cin\u00e9astes panafricains \u00bb.<\/strong><\/em><\/p>\n<h3>Que pensez-vous de cette \u00e9dition du FESPACO ?<\/h3>\n<p>Le FESPACO est un \u00e9v\u00e9nement populaire. Quand je dis populaire, cela ne signifie pas que c\u2019est \u00e0 un niveau bas, mais plut\u00f4t que c\u2019est pour tout le monde. Le FESPACO, c\u2019est un festival sans \u00e9gal. Ce n\u2019est pas comme Cannes, o\u00f9 il faut attendre des heures sous le soleil pour apercevoir une star. Ici, on croise des r\u00e9alisateurs, des acteurs, c\u2019est vraiment d\u00e9mocratique. J\u2019aimerais bien que tous les festivals soient comme le FESPACO. Il n\u2019y a pas seulement des experts, mais aussi de vrais passionn\u00e9s de cin\u00e9ma.<\/p>\n<p><strong>Nabintou OUATTARA\u00a0<\/strong><\/p>\n<p><strong>latribune<span style=\"font-size: 1.0625rem;\">dufaso.net<\/span><\/strong><\/p>\n","protected":false},"excerpt":{"rendered":"<p>La 29\u1d49 \u00e9dition du FESPACO a attir\u00e9 cin\u00e9philes, r\u00e9alisateurs et professionnels du secteur, dont Marco Lena, Directeur ex\u00e9cutif du Fonds d\u2019archives africain pour la sauvegarde des m\u00e9moires, bas\u00e9 \u00e0 Dakar. Lors d&rsquo;une interview accord\u00e9e \u00e0 La Tribune du Faso, il partage sa vision du FESPACO et la mission de leur organisation.<\/p>\n","protected":false},"author":5,"featured_media":19214,"comment_status":"open","ping_status":"open","sticky":false,"template":"","format":"standard","meta":{"footnotes":""},"categories":[13,1,30],"tags":[44,756,39,757],"class_list":["post-19213","post","type-post","status-publish","format-standard","has-post-thumbnail","hentry","category-une","category-actu","category-art-et-culture","tag-29eme-edition-du-fespaco","tag-fonds-darchives-africain-pour-la-sauvegarde-des-memoires","tag-latribunedufaso-net","tag-marco-lena"],"yoast_head":"<!-- This site is optimized with the Yoast SEO plugin v27.5 - https:\/\/yoast.com\/product\/yoast-seo-wordpress\/ -->\n<title>FESPACO 2025 : \u00ab Le FESPACO, c\u2019est un festival sans \u00e9gal \u00bb, Marco Lena, Directeur ex\u00e9cutif du Fonds d\u2019archives africain pour la sauvegarde des m\u00e9moires - La Tribune du Faso<\/title>\n<meta name=\"robots\" content=\"index, follow, max-snippet:-1, max-image-preview:large, max-video-preview:-1\" \/>\n<link rel=\"canonical\" href=\"https:\/\/www.latribunedufaso.net\/?p=19213\" \/>\n<meta property=\"og:locale\" content=\"fr_FR\" \/>\n<meta property=\"og:type\" content=\"article\" \/>\n<meta property=\"og:title\" content=\"FESPACO 2025 : \u00ab Le FESPACO, c\u2019est un festival sans \u00e9gal \u00bb, Marco Lena, Directeur ex\u00e9cutif du Fonds d\u2019archives africain pour la sauvegarde des m\u00e9moires - La Tribune du Faso\" \/>\n<meta property=\"og:description\" content=\"La 29\u1d49 \u00e9dition du FESPACO a attir\u00e9 cin\u00e9philes, r\u00e9alisateurs et professionnels du secteur, dont Marco Lena, Directeur ex\u00e9cutif du Fonds d\u2019archives africain pour la sauvegarde des m\u00e9moires, bas\u00e9 \u00e0 Dakar. Lors d&rsquo;une interview accord\u00e9e \u00e0 La Tribune du Faso, il partage sa vision du FESPACO et la mission de leur organisation.\" \/>\n<meta property=\"og:url\" content=\"https:\/\/www.latribunedufaso.net\/?p=19213\" \/>\n<meta property=\"og:site_name\" content=\"La Tribune du Faso\" \/>\n<meta property=\"article:publisher\" content=\"https:\/\/www.facebook.com\/LatribuneduFaso\/\" \/>\n<meta property=\"article:published_time\" content=\"2025-03-03T15:59:26+00:00\" \/>\n<meta property=\"article:modified_time\" content=\"2025-03-27T00:16:14+00:00\" \/>\n<meta property=\"og:image\" content=\"https:\/\/www.latribunedufaso.net\/wp-content\/uploads\/2025\/03\/IMG-20250303-WA0027.jpg\" \/>\n\t<meta property=\"og:image:width\" content=\"992\" \/>\n\t<meta property=\"og:image:height\" content=\"744\" \/>\n\t<meta property=\"og:image:type\" content=\"image\/jpeg\" \/>\n<meta name=\"author\" content=\"Issouf Tapsoba\" \/>\n<meta name=\"twitter:label1\" content=\"\u00c9crit par\" \/>\n\t<meta name=\"twitter:data1\" content=\"Issouf Tapsoba\" \/>\n\t<meta name=\"twitter:label2\" content=\"Dur\u00e9e de lecture estim\u00e9e\" \/>\n\t<meta name=\"twitter:data2\" content=\"3 minutes\" \/>\n<script type=\"application\/ld+json\" class=\"yoast-schema-graph\">{\"@context\":\"https:\\\/\\\/schema.org\",\"@graph\":[{\"@type\":\"Article\",\"@id\":\"https:\\\/\\\/www.latribunedufaso.net\\\/?p=19213#article\",\"isPartOf\":{\"@id\":\"https:\\\/\\\/www.latribunedufaso.net\\\/?p=19213\"},\"author\":{\"name\":\"Issouf Tapsoba\",\"@id\":\"https:\\\/\\\/www.latribunedufaso.net\\\/#\\\/schema\\\/person\\\/e54e64c5778a7e72cf80a318b7a622b0\"},\"headline\":\"FESPACO 2025 : \u00ab Le FESPACO, c\u2019est un festival sans \u00e9gal \u00bb, Marco Lena, Directeur ex\u00e9cutif du Fonds d\u2019archives africain pour la sauvegarde des m\u00e9moires\",\"datePublished\":\"2025-03-03T15:59:26+00:00\",\"dateModified\":\"2025-03-27T00:16:14+00:00\",\"mainEntityOfPage\":{\"@id\":\"https:\\\/\\\/www.latribunedufaso.net\\\/?p=19213\"},\"wordCount\":708,\"commentCount\":0,\"publisher\":{\"@id\":\"https:\\\/\\\/www.latribunedufaso.net\\\/#organization\"},\"image\":{\"@id\":\"https:\\\/\\\/www.latribunedufaso.net\\\/?p=19213#primaryimage\"},\"thumbnailUrl\":\"https:\\\/\\\/www.latribunedufaso.net\\\/wp-content\\\/uploads\\\/2025\\\/03\\\/IMG-20250303-WA0027.jpg\",\"keywords\":[\"29\u00e8me \u00e9dition du FESPACO\",\"Fonds d\u2019archives africain pour la sauvegarde des m\u00e9moires\",\"latribunedufaso.net\",\"Marco Lena\"],\"articleSection\":[\"A la une\",\"Actualit\u00e9\",\"Art et Culture\"],\"inLanguage\":\"fr-FR\",\"potentialAction\":[{\"@type\":\"CommentAction\",\"name\":\"Comment\",\"target\":[\"https:\\\/\\\/www.latribunedufaso.net\\\/?p=19213#respond\"]}]},{\"@type\":\"WebPage\",\"@id\":\"https:\\\/\\\/www.latribunedufaso.net\\\/?p=19213\",\"url\":\"https:\\\/\\\/www.latribunedufaso.net\\\/?p=19213\",\"name\":\"FESPACO 2025 : \u00ab Le FESPACO, c\u2019est un festival sans \u00e9gal \u00bb, Marco Lena, Directeur ex\u00e9cutif du Fonds d\u2019archives africain pour la sauvegarde des m\u00e9moires - La Tribune du Faso\",\"isPartOf\":{\"@id\":\"https:\\\/\\\/www.latribunedufaso.net\\\/#website\"},\"primaryImageOfPage\":{\"@id\":\"https:\\\/\\\/www.latribunedufaso.net\\\/?p=19213#primaryimage\"},\"image\":{\"@id\":\"https:\\\/\\\/www.latribunedufaso.net\\\/?p=19213#primaryimage\"},\"thumbnailUrl\":\"https:\\\/\\\/www.latribunedufaso.net\\\/wp-content\\\/uploads\\\/2025\\\/03\\\/IMG-20250303-WA0027.jpg\",\"datePublished\":\"2025-03-03T15:59:26+00:00\",\"dateModified\":\"2025-03-27T00:16:14+00:00\",\"breadcrumb\":{\"@id\":\"https:\\\/\\\/www.latribunedufaso.net\\\/?p=19213#breadcrumb\"},\"inLanguage\":\"fr-FR\",\"potentialAction\":[{\"@type\":\"ReadAction\",\"target\":[\"https:\\\/\\\/www.latribunedufaso.net\\\/?p=19213\"]}]},{\"@type\":\"ImageObject\",\"inLanguage\":\"fr-FR\",\"@id\":\"https:\\\/\\\/www.latribunedufaso.net\\\/?p=19213#primaryimage\",\"url\":\"https:\\\/\\\/www.latribunedufaso.net\\\/wp-content\\\/uploads\\\/2025\\\/03\\\/IMG-20250303-WA0027.jpg\",\"contentUrl\":\"https:\\\/\\\/www.latribunedufaso.net\\\/wp-content\\\/uploads\\\/2025\\\/03\\\/IMG-20250303-WA0027.jpg\",\"width\":992,\"height\":744,\"caption\":\"Le Directeur ex\u00e9cutif du Fonds d\u2019archives africain pour la sauvegarde des m\u00e9moires, Marco Lena - Ph. N. Ouattara\"},{\"@type\":\"BreadcrumbList\",\"@id\":\"https:\\\/\\\/www.latribunedufaso.net\\\/?p=19213#breadcrumb\",\"itemListElement\":[{\"@type\":\"ListItem\",\"position\":1,\"name\":\"Accueil\",\"item\":\"https:\\\/\\\/www.latribunedufaso.net\\\/\"},{\"@type\":\"ListItem\",\"position\":2,\"name\":\"FESPACO 2025 : \u00ab Le FESPACO, c\u2019est un festival sans \u00e9gal \u00bb, Marco Lena, Directeur ex\u00e9cutif du Fonds d\u2019archives africain pour la sauvegarde des m\u00e9moires\"}]},{\"@type\":\"WebSite\",\"@id\":\"https:\\\/\\\/www.latribunedufaso.net\\\/#website\",\"url\":\"https:\\\/\\\/www.latribunedufaso.net\\\/\",\"name\":\"La Tribune du Faso\",\"description\":\"L&#039;information du monde rural en un clic\",\"publisher\":{\"@id\":\"https:\\\/\\\/www.latribunedufaso.net\\\/#organization\"},\"potentialAction\":[{\"@type\":\"SearchAction\",\"target\":{\"@type\":\"EntryPoint\",\"urlTemplate\":\"https:\\\/\\\/www.latribunedufaso.net\\\/?s={search_term_string}\"},\"query-input\":{\"@type\":\"PropertyValueSpecification\",\"valueRequired\":true,\"valueName\":\"search_term_string\"}}],\"inLanguage\":\"fr-FR\"},{\"@type\":\"Organization\",\"@id\":\"https:\\\/\\\/www.latribunedufaso.net\\\/#organization\",\"name\":\"La Tribune du Faso\",\"url\":\"https:\\\/\\\/www.latribunedufaso.net\\\/\",\"logo\":{\"@type\":\"ImageObject\",\"inLanguage\":\"fr-FR\",\"@id\":\"https:\\\/\\\/www.latribunedufaso.net\\\/#\\\/schema\\\/logo\\\/image\\\/\",\"url\":\"https:\\\/\\\/www.latribunedufaso.net\\\/wp-content\\\/uploads\\\/2020\\\/08\\\/Logo-Tribune-du-Faso-final-scaled.jpg\",\"contentUrl\":\"https:\\\/\\\/www.latribunedufaso.net\\\/wp-content\\\/uploads\\\/2020\\\/08\\\/Logo-Tribune-du-Faso-final-scaled.jpg\",\"width\":2560,\"height\":1856,\"caption\":\"La Tribune du Faso\"},\"image\":{\"@id\":\"https:\\\/\\\/www.latribunedufaso.net\\\/#\\\/schema\\\/logo\\\/image\\\/\"},\"sameAs\":[\"https:\\\/\\\/www.facebook.com\\\/LatribuneduFaso\\\/\"]},{\"@type\":\"Person\",\"@id\":\"https:\\\/\\\/www.latribunedufaso.net\\\/#\\\/schema\\\/person\\\/e54e64c5778a7e72cf80a318b7a622b0\",\"name\":\"Issouf Tapsoba\",\"image\":{\"@type\":\"ImageObject\",\"inLanguage\":\"fr-FR\",\"@id\":\"https:\\\/\\\/secure.gravatar.com\\\/avatar\\\/5e6c05150ce3230247d167f5b94d678eb05936197436d69b7921e3a95c9107ac?s=96&d=mm&r=g\",\"url\":\"https:\\\/\\\/secure.gravatar.com\\\/avatar\\\/5e6c05150ce3230247d167f5b94d678eb05936197436d69b7921e3a95c9107ac?s=96&d=mm&r=g\",\"contentUrl\":\"https:\\\/\\\/secure.gravatar.com\\\/avatar\\\/5e6c05150ce3230247d167f5b94d678eb05936197436d69b7921e3a95c9107ac?s=96&d=mm&r=g\",\"caption\":\"Issouf Tapsoba\"},\"url\":\"https:\\\/\\\/www.latribunedufaso.net\\\/?author=5\"}]}<\/script>\n<!-- \/ Yoast SEO plugin. -->","yoast_head_json":{"title":"FESPACO 2025 : \u00ab Le FESPACO, c\u2019est un festival sans \u00e9gal \u00bb, Marco Lena, Directeur ex\u00e9cutif du Fonds d\u2019archives africain pour la sauvegarde des m\u00e9moires - La Tribune du Faso","robots":{"index":"index","follow":"follow","max-snippet":"max-snippet:-1","max-image-preview":"max-image-preview:large","max-video-preview":"max-video-preview:-1"},"canonical":"https:\/\/www.latribunedufaso.net\/?p=19213","og_locale":"fr_FR","og_type":"article","og_title":"FESPACO 2025 : \u00ab Le FESPACO, c\u2019est un festival sans \u00e9gal \u00bb, Marco Lena, Directeur ex\u00e9cutif du Fonds d\u2019archives africain pour la sauvegarde des m\u00e9moires - La Tribune du Faso","og_description":"La 29\u1d49 \u00e9dition du FESPACO a attir\u00e9 cin\u00e9philes, r\u00e9alisateurs et professionnels du secteur, dont Marco Lena, Directeur ex\u00e9cutif du Fonds d\u2019archives africain pour la sauvegarde des m\u00e9moires, bas\u00e9 \u00e0 Dakar. Lors d&rsquo;une interview accord\u00e9e \u00e0 La Tribune du Faso, il partage sa vision du FESPACO et la mission de leur organisation.","og_url":"https:\/\/www.latribunedufaso.net\/?p=19213","og_site_name":"La Tribune du Faso","article_publisher":"https:\/\/www.facebook.com\/LatribuneduFaso\/","article_published_time":"2025-03-03T15:59:26+00:00","article_modified_time":"2025-03-27T00:16:14+00:00","og_image":[{"width":992,"height":744,"url":"https:\/\/www.latribunedufaso.net\/wp-content\/uploads\/2025\/03\/IMG-20250303-WA0027.jpg","type":"image\/jpeg"}],"author":"Issouf Tapsoba","twitter_misc":{"\u00c9crit par":"Issouf Tapsoba","Dur\u00e9e de lecture estim\u00e9e":"3 minutes"},"schema":{"@context":"https:\/\/schema.org","@graph":[{"@type":"Article","@id":"https:\/\/www.latribunedufaso.net\/?p=19213#article","isPartOf":{"@id":"https:\/\/www.latribunedufaso.net\/?p=19213"},"author":{"name":"Issouf Tapsoba","@id":"https:\/\/www.latribunedufaso.net\/#\/schema\/person\/e54e64c5778a7e72cf80a318b7a622b0"},"headline":"FESPACO 2025 : \u00ab Le FESPACO, c\u2019est un festival sans \u00e9gal \u00bb, Marco Lena, Directeur ex\u00e9cutif du Fonds d\u2019archives africain pour la sauvegarde des m\u00e9moires","datePublished":"2025-03-03T15:59:26+00:00","dateModified":"2025-03-27T00:16:14+00:00","mainEntityOfPage":{"@id":"https:\/\/www.latribunedufaso.net\/?p=19213"},"wordCount":708,"commentCount":0,"publisher":{"@id":"https:\/\/www.latribunedufaso.net\/#organization"},"image":{"@id":"https:\/\/www.latribunedufaso.net\/?p=19213#primaryimage"},"thumbnailUrl":"https:\/\/www.latribunedufaso.net\/wp-content\/uploads\/2025\/03\/IMG-20250303-WA0027.jpg","keywords":["29\u00e8me \u00e9dition du FESPACO","Fonds d\u2019archives africain pour la sauvegarde des m\u00e9moires","latribunedufaso.net","Marco Lena"],"articleSection":["A la une","Actualit\u00e9","Art et Culture"],"inLanguage":"fr-FR","potentialAction":[{"@type":"CommentAction","name":"Comment","target":["https:\/\/www.latribunedufaso.net\/?p=19213#respond"]}]},{"@type":"WebPage","@id":"https:\/\/www.latribunedufaso.net\/?p=19213","url":"https:\/\/www.latribunedufaso.net\/?p=19213","name":"FESPACO 2025 : \u00ab Le FESPACO, c\u2019est un festival sans \u00e9gal \u00bb, Marco Lena, Directeur ex\u00e9cutif du Fonds d\u2019archives africain pour la sauvegarde des m\u00e9moires - La Tribune du Faso","isPartOf":{"@id":"https:\/\/www.latribunedufaso.net\/#website"},"primaryImageOfPage":{"@id":"https:\/\/www.latribunedufaso.net\/?p=19213#primaryimage"},"image":{"@id":"https:\/\/www.latribunedufaso.net\/?p=19213#primaryimage"},"thumbnailUrl":"https:\/\/www.latribunedufaso.net\/wp-content\/uploads\/2025\/03\/IMG-20250303-WA0027.jpg","datePublished":"2025-03-03T15:59:26+00:00","dateModified":"2025-03-27T00:16:14+00:00","breadcrumb":{"@id":"https:\/\/www.latribunedufaso.net\/?p=19213#breadcrumb"},"inLanguage":"fr-FR","potentialAction":[{"@type":"ReadAction","target":["https:\/\/www.latribunedufaso.net\/?p=19213"]}]},{"@type":"ImageObject","inLanguage":"fr-FR","@id":"https:\/\/www.latribunedufaso.net\/?p=19213#primaryimage","url":"https:\/\/www.latribunedufaso.net\/wp-content\/uploads\/2025\/03\/IMG-20250303-WA0027.jpg","contentUrl":"https:\/\/www.latribunedufaso.net\/wp-content\/uploads\/2025\/03\/IMG-20250303-WA0027.jpg","width":992,"height":744,"caption":"Le Directeur ex\u00e9cutif du Fonds d\u2019archives africain pour la sauvegarde des m\u00e9moires, Marco Lena - Ph. N. Ouattara"},{"@type":"BreadcrumbList","@id":"https:\/\/www.latribunedufaso.net\/?p=19213#breadcrumb","itemListElement":[{"@type":"ListItem","position":1,"name":"Accueil","item":"https:\/\/www.latribunedufaso.net\/"},{"@type":"ListItem","position":2,"name":"FESPACO 2025 : \u00ab Le FESPACO, c\u2019est un festival sans \u00e9gal \u00bb, Marco Lena, Directeur ex\u00e9cutif du Fonds d\u2019archives africain pour la sauvegarde des m\u00e9moires"}]},{"@type":"WebSite","@id":"https:\/\/www.latribunedufaso.net\/#website","url":"https:\/\/www.latribunedufaso.net\/","name":"La Tribune du Faso","description":"L&#039;information du monde rural en un clic","publisher":{"@id":"https:\/\/www.latribunedufaso.net\/#organization"},"potentialAction":[{"@type":"SearchAction","target":{"@type":"EntryPoint","urlTemplate":"https:\/\/www.latribunedufaso.net\/?s={search_term_string}"},"query-input":{"@type":"PropertyValueSpecification","valueRequired":true,"valueName":"search_term_string"}}],"inLanguage":"fr-FR"},{"@type":"Organization","@id":"https:\/\/www.latribunedufaso.net\/#organization","name":"La Tribune du Faso","url":"https:\/\/www.latribunedufaso.net\/","logo":{"@type":"ImageObject","inLanguage":"fr-FR","@id":"https:\/\/www.latribunedufaso.net\/#\/schema\/logo\/image\/","url":"https:\/\/www.latribunedufaso.net\/wp-content\/uploads\/2020\/08\/Logo-Tribune-du-Faso-final-scaled.jpg","contentUrl":"https:\/\/www.latribunedufaso.net\/wp-content\/uploads\/2020\/08\/Logo-Tribune-du-Faso-final-scaled.jpg","width":2560,"height":1856,"caption":"La Tribune du Faso"},"image":{"@id":"https:\/\/www.latribunedufaso.net\/#\/schema\/logo\/image\/"},"sameAs":["https:\/\/www.facebook.com\/LatribuneduFaso\/"]},{"@type":"Person","@id":"https:\/\/www.latribunedufaso.net\/#\/schema\/person\/e54e64c5778a7e72cf80a318b7a622b0","name":"Issouf Tapsoba","image":{"@type":"ImageObject","inLanguage":"fr-FR","@id":"https:\/\/secure.gravatar.com\/avatar\/5e6c05150ce3230247d167f5b94d678eb05936197436d69b7921e3a95c9107ac?s=96&d=mm&r=g","url":"https:\/\/secure.gravatar.com\/avatar\/5e6c05150ce3230247d167f5b94d678eb05936197436d69b7921e3a95c9107ac?s=96&d=mm&r=g","contentUrl":"https:\/\/secure.gravatar.com\/avatar\/5e6c05150ce3230247d167f5b94d678eb05936197436d69b7921e3a95c9107ac?s=96&d=mm&r=g","caption":"Issouf Tapsoba"},"url":"https:\/\/www.latribunedufaso.net\/?author=5"}]}},"_links":{"self":[{"href":"https:\/\/www.latribunedufaso.net\/index.php?rest_route=\/wp\/v2\/posts\/19213","targetHints":{"allow":["GET"]}}],"collection":[{"href":"https:\/\/www.latribunedufaso.net\/index.php?rest_route=\/wp\/v2\/posts"}],"about":[{"href":"https:\/\/www.latribunedufaso.net\/index.php?rest_route=\/wp\/v2\/types\/post"}],"author":[{"embeddable":true,"href":"https:\/\/www.latribunedufaso.net\/index.php?rest_route=\/wp\/v2\/users\/5"}],"replies":[{"embeddable":true,"href":"https:\/\/www.latribunedufaso.net\/index.php?rest_route=%2Fwp%2Fv2%2Fcomments&post=19213"}],"version-history":[{"count":3,"href":"https:\/\/www.latribunedufaso.net\/index.php?rest_route=\/wp\/v2\/posts\/19213\/revisions"}],"predecessor-version":[{"id":19676,"href":"https:\/\/www.latribunedufaso.net\/index.php?rest_route=\/wp\/v2\/posts\/19213\/revisions\/19676"}],"wp:featuredmedia":[{"embeddable":true,"href":"https:\/\/www.latribunedufaso.net\/index.php?rest_route=\/wp\/v2\/media\/19214"}],"wp:attachment":[{"href":"https:\/\/www.latribunedufaso.net\/index.php?rest_route=%2Fwp%2Fv2%2Fmedia&parent=19213"}],"wp:term":[{"taxonomy":"category","embeddable":true,"href":"https:\/\/www.latribunedufaso.net\/index.php?rest_route=%2Fwp%2Fv2%2Fcategories&post=19213"},{"taxonomy":"post_tag","embeddable":true,"href":"https:\/\/www.latribunedufaso.net\/index.php?rest_route=%2Fwp%2Fv2%2Ftags&post=19213"}],"curies":[{"name":"wp","href":"https:\/\/api.w.org\/{rel}","templated":true}]}}