{"id":19205,"date":"2025-03-03T14:46:07","date_gmt":"2025-03-03T14:46:07","guid":{"rendered":"https:\/\/www.latribunedufaso.net\/?p=19205"},"modified":"2025-03-04T11:08:39","modified_gmt":"2025-03-04T11:08:39","slug":"galerie-marchande-du-fespaco-adiprod-industries-sa-se-rapproche-des-populations","status":"publish","type":"post","link":"https:\/\/www.latribunedufaso.net\/?p=19205","title":{"rendered":"Galerie marchande du FESPACO : ADIPROD INDUSTRIES SA se rapproche des populations\u00a0"},"content":{"rendered":"<p><strong style=\"font-size: 1.0625rem;\">Dans l&rsquo;optique de se rapprocher des populations, le Complexe industriel ADIPROD SA a particip\u00e9 \u00e0 l&rsquo;exposition de la Galerie marchande du FESPACO qui s&rsquo;est tenue du 22 f\u00e9vrier au 1er mars 2025 \u00e0 Ouagadougou.\u00a0<\/strong><\/p>\n<p><!--more--><\/p>\n<p>Inaugur\u00e9e en 2024, ADIPROD INDUSTRIES SA \u0153uvre dans la transformation des amendes de karit\u00e9 et des graines ol\u00e9agineuses en produits finis de qualit\u00e9. Elle commercialise son beurre de karit\u00e9 et son huile alimentaire sous la marque <em><strong>\u00ab Huile d&rsquo;or Avila \u00bb<\/strong><\/em>.<\/p>\n<p>A \u00e9couter la Responsable commerciale de ADIPROD INDUSTRIES SA, Farida Diallo, en participant au FESPACO, l&rsquo;objectif de la soci\u00e9t\u00e9 est de renforcer la promotion de ses produits.<em><strong> \u00ab L&rsquo;int\u00e9r\u00eat pour nous est que la population puisse savoir que dans notre pays, il y a une industrie qui transforme nos graines en huile de tr\u00e8s bonne qualit\u00e9 et bonne pour la sant\u00e9 \u00bb,<\/strong><\/em> a-t-elle indiqu\u00e9.<\/p>\n<figure id=\"attachment_19207\" aria-describedby=\"caption-attachment-19207\" style=\"width: 2560px\" class=\"wp-caption aligncenter\"><a href=\"https:\/\/www.latribunedufaso.net\/wp-content\/uploads\/2025\/03\/IMG_20250226_143518_761-scaled.jpg\"><img loading=\"lazy\" decoding=\"async\" class=\"size-full wp-image-19207\" src=\"https:\/\/www.latribunedufaso.net\/wp-content\/uploads\/2025\/03\/IMG_20250226_143518_761-scaled.jpg\" alt=\"Dans l'optique de se rapprocher des populations, le Complexe industriel ADIPROD SA a particip\u00e9 \u00e0 l'exposition de la Galerie marchande du FESPACO qui s'est tenue du 22 f\u00e9vrier au 1er mars 2025 \u00e0 Ouagadougou.\u00a0\" width=\"2560\" height=\"1920\" srcset=\"https:\/\/www.latribunedufaso.net\/wp-content\/uploads\/2025\/03\/IMG_20250226_143518_761-scaled.jpg 2560w, https:\/\/www.latribunedufaso.net\/wp-content\/uploads\/2025\/03\/IMG_20250226_143518_761-300x225.jpg 300w, https:\/\/www.latribunedufaso.net\/wp-content\/uploads\/2025\/03\/IMG_20250226_143518_761-1024x768.jpg 1024w, https:\/\/www.latribunedufaso.net\/wp-content\/uploads\/2025\/03\/IMG_20250226_143518_761-768x576.jpg 768w, https:\/\/www.latribunedufaso.net\/wp-content\/uploads\/2025\/03\/IMG_20250226_143518_761-1536x1152.jpg 1536w, https:\/\/www.latribunedufaso.net\/wp-content\/uploads\/2025\/03\/IMG_20250226_143518_761-2048x1536.jpg 2048w\" sizes=\"auto, (max-width: 2560px) 100vw, 2560px\" \/><\/a><figcaption id=\"caption-attachment-19207\" class=\"wp-caption-text\">La Responsable commerciale de ADIPROD INDUSTRIES SA, Farida Diallo &#8211; Ph. I. Tapsoba<\/figcaption><\/figure>\n<p>Install\u00e9e \u00e0 Bobo Dioulasso, les huiles de ADIPROD INDUSTRIES SA sont disponibles partout au Burkina Faso. <em><strong>\u00ab Actuellement, nous visons le march\u00e9 national pour nos huiles de s\u00e9same et d&rsquo;arachide. En ce qui concerne le beurre de karit\u00e9. Nous vendons plus a l&rsquo;international \u00bb,<\/strong> <\/em>a soulign\u00e9 Mlle Diallo.\u00a0<\/p>\n<blockquote>\n<p>Lire aussi &gt;&gt; <a href=\"https:\/\/www.latribunedufaso.net\/?p=13098\">D\u00e9veloppement industriel : Le Chef de l\u2019Etat inaugure une usine de production et de commercialisation d\u2019huile (ADIPROD INDUSTRIES SA)<\/a><\/p>\n<\/blockquote>\n<p>Notons que la soci\u00e9t\u00e9 produit actuellement des huiles alimentaires d&rsquo;arachide et de s\u00e9same. Son beurre de karit\u00e9 est produit \u00e0 des fins cosm\u00e9tiques. <em><strong>\u00ab Pour le moment, nous n&rsquo;avons pas d\u00e9but\u00e9 la production de l&rsquo;huile de coton et du soja. Mais \u00e7a sera tr\u00e8s bient\u00f4t disponible \u00bb,<\/strong><\/em> a confi\u00e9 la Responsable commerciale de ADIPROD INDUSTRIES SA.<\/p>\n<p>ADIPROD INDUSTRIES SA a une capacit\u00e9 de production de 300 tonnes par jour. Sa vision, c&rsquo;est valoriser les produits locaux et cr\u00e9er de l&#8217;emploi au profit des jeunes et des femmes pour le d\u00e9veloppement socio-\u00e9conomique du Burkina Faso.\u00a0<\/p>\n<figure id=\"attachment_19206\" aria-describedby=\"caption-attachment-19206\" style=\"width: 2560px\" class=\"wp-caption aligncenter\"><a href=\"https:\/\/www.latribunedufaso.net\/wp-content\/uploads\/2025\/03\/IMG_20250226_143652_314-scaled.jpg\"><img loading=\"lazy\" decoding=\"async\" class=\"size-full wp-image-19206\" src=\"https:\/\/www.latribunedufaso.net\/wp-content\/uploads\/2025\/03\/IMG_20250226_143652_314-scaled.jpg\" alt=\"Dans l'optique de se rapprocher des populations, le Complexe industriel ADIPROD SA a particip\u00e9 \u00e0 l'exposition de la Galerie marchande du FESPACO qui s'est tenue du 22 f\u00e9vrier au 1er mars 2025 \u00e0 Ouagadougou.\u00a0\" width=\"2560\" height=\"1920\" srcset=\"https:\/\/www.latribunedufaso.net\/wp-content\/uploads\/2025\/03\/IMG_20250226_143652_314-scaled.jpg 2560w, https:\/\/www.latribunedufaso.net\/wp-content\/uploads\/2025\/03\/IMG_20250226_143652_314-300x225.jpg 300w, https:\/\/www.latribunedufaso.net\/wp-content\/uploads\/2025\/03\/IMG_20250226_143652_314-1024x768.jpg 1024w, https:\/\/www.latribunedufaso.net\/wp-content\/uploads\/2025\/03\/IMG_20250226_143652_314-768x576.jpg 768w, https:\/\/www.latribunedufaso.net\/wp-content\/uploads\/2025\/03\/IMG_20250226_143652_314-1536x1152.jpg 1536w, https:\/\/www.latribunedufaso.net\/wp-content\/uploads\/2025\/03\/IMG_20250226_143652_314-2048x1536.jpg 2048w\" sizes=\"auto, (max-width: 2560px) 100vw, 2560px\" \/><\/a><figcaption id=\"caption-attachment-19206\" class=\"wp-caption-text\">L&rsquo;\u00e9quipe de ADIPROD INDUSTRIES sur le site de la Galerie marchande du FESPACO &#8211; Ph. I. Tapsoba<\/figcaption><\/figure>\n<p>Ainsi, elle soutient les communaut\u00e9s \u00e0 travers les coop\u00e9ratives f\u00e9minines. Ce sont ces derni\u00e8res qui assurent l&rsquo;approvisionnement de la soci\u00e9t\u00e9 en mati\u00e8res premi\u00e8res.\u00a0<\/p>\n<p><strong>Issouf TAPSOBA\u00a0<\/strong><\/p>\n<p><strong>latribunedufaso.net<\/strong><\/p>\n","protected":false},"excerpt":{"rendered":"<p>Dans l&rsquo;optique de se rapprocher des populations, le Complexe industriel ADIPROD SA a particip\u00e9 \u00e0 l&rsquo;exposition de la Galerie marchande du FESPACO qui s&rsquo;est tenue du 22 f\u00e9vrier au 1er mars 2025 \u00e0 Ouagadougou.\u00a0<\/p>\n","protected":false},"author":5,"featured_media":19208,"comment_status":"open","ping_status":"open","sticky":false,"template":"","format":"standard","meta":{"footnotes":""},"categories":[13,1,10],"tags":[44,754,753,39],"class_list":["post-19205","post","type-post","status-publish","format-standard","has-post-thumbnail","hentry","category-une","category-actu","category-eco","tag-29eme-edition-du-fespaco","tag-adiprod-industries-sa","tag-galerie-marchande-fespaco","tag-latribunedufaso-net"],"yoast_head":"<!-- This site is optimized with the Yoast SEO plugin v27.5 - https:\/\/yoast.com\/product\/yoast-seo-wordpress\/ -->\n<title>Galerie marchande du FESPACO : ADIPROD INDUSTRIES SA se rapproche des populations\u00a0 - La Tribune du Faso<\/title>\n<meta name=\"robots\" content=\"index, follow, max-snippet:-1, max-image-preview:large, max-video-preview:-1\" \/>\n<link rel=\"canonical\" href=\"https:\/\/www.latribunedufaso.net\/?p=19205\" \/>\n<meta property=\"og:locale\" content=\"fr_FR\" \/>\n<meta property=\"og:type\" content=\"article\" \/>\n<meta property=\"og:title\" content=\"Galerie marchande du FESPACO : ADIPROD INDUSTRIES SA se rapproche des populations\u00a0 - La Tribune du Faso\" \/>\n<meta property=\"og:description\" content=\"Dans l&rsquo;optique de se rapprocher des populations, le Complexe industriel ADIPROD SA a particip\u00e9 \u00e0 l&rsquo;exposition de la Galerie marchande du FESPACO qui s&rsquo;est tenue du 22 f\u00e9vrier au 1er mars 2025 \u00e0 Ouagadougou.\u00a0\" \/>\n<meta property=\"og:url\" content=\"https:\/\/www.latribunedufaso.net\/?p=19205\" \/>\n<meta property=\"og:site_name\" content=\"La Tribune du Faso\" \/>\n<meta property=\"article:publisher\" content=\"https:\/\/www.facebook.com\/LatribuneduFaso\/\" \/>\n<meta property=\"article:published_time\" content=\"2025-03-03T14:46:07+00:00\" \/>\n<meta property=\"article:modified_time\" content=\"2025-03-04T11:08:39+00:00\" \/>\n<meta property=\"og:image\" content=\"https:\/\/www.latribunedufaso.net\/wp-content\/uploads\/2025\/03\/FB_IMG_1741012705309.jpg\" \/>\n\t<meta property=\"og:image:width\" content=\"720\" \/>\n\t<meta property=\"og:image:height\" content=\"540\" \/>\n\t<meta property=\"og:image:type\" content=\"image\/jpeg\" \/>\n<meta name=\"author\" content=\"Issouf Tapsoba\" \/>\n<meta name=\"twitter:label1\" content=\"\u00c9crit par\" \/>\n\t<meta name=\"twitter:data1\" content=\"Issouf Tapsoba\" \/>\n\t<meta name=\"twitter:label2\" content=\"Dur\u00e9e de lecture estim\u00e9e\" \/>\n\t<meta name=\"twitter:data2\" content=\"2 minutes\" \/>\n<script type=\"application\/ld+json\" class=\"yoast-schema-graph\">{\"@context\":\"https:\\\/\\\/schema.org\",\"@graph\":[{\"@type\":\"Article\",\"@id\":\"https:\\\/\\\/www.latribunedufaso.net\\\/?p=19205#article\",\"isPartOf\":{\"@id\":\"https:\\\/\\\/www.latribunedufaso.net\\\/?p=19205\"},\"author\":{\"name\":\"Issouf Tapsoba\",\"@id\":\"https:\\\/\\\/www.latribunedufaso.net\\\/#\\\/schema\\\/person\\\/e54e64c5778a7e72cf80a318b7a622b0\"},\"headline\":\"Galerie marchande du FESPACO : ADIPROD INDUSTRIES SA se rapproche des populations\u00a0\",\"datePublished\":\"2025-03-03T14:46:07+00:00\",\"dateModified\":\"2025-03-04T11:08:39+00:00\",\"mainEntityOfPage\":{\"@id\":\"https:\\\/\\\/www.latribunedufaso.net\\\/?p=19205\"},\"wordCount\":411,\"commentCount\":0,\"publisher\":{\"@id\":\"https:\\\/\\\/www.latribunedufaso.net\\\/#organization\"},\"image\":{\"@id\":\"https:\\\/\\\/www.latribunedufaso.net\\\/?p=19205#primaryimage\"},\"thumbnailUrl\":\"https:\\\/\\\/www.latribunedufaso.net\\\/wp-content\\\/uploads\\\/2025\\\/03\\\/FB_IMG_1741012705309.jpg\",\"keywords\":[\"29\u00e8me \u00e9dition du FESPACO\",\"ADIPROD INDUSTRIES SA\",\"Galerie marchande FESPACO\",\"latribunedufaso.net\"],\"articleSection\":[\"A la une\",\"Actualit\u00e9\",\"Economie\"],\"inLanguage\":\"fr-FR\",\"potentialAction\":[{\"@type\":\"CommentAction\",\"name\":\"Comment\",\"target\":[\"https:\\\/\\\/www.latribunedufaso.net\\\/?p=19205#respond\"]}]},{\"@type\":\"WebPage\",\"@id\":\"https:\\\/\\\/www.latribunedufaso.net\\\/?p=19205\",\"url\":\"https:\\\/\\\/www.latribunedufaso.net\\\/?p=19205\",\"name\":\"Galerie marchande du FESPACO : ADIPROD INDUSTRIES SA se rapproche des populations\u00a0 - La Tribune du Faso\",\"isPartOf\":{\"@id\":\"https:\\\/\\\/www.latribunedufaso.net\\\/#website\"},\"primaryImageOfPage\":{\"@id\":\"https:\\\/\\\/www.latribunedufaso.net\\\/?p=19205#primaryimage\"},\"image\":{\"@id\":\"https:\\\/\\\/www.latribunedufaso.net\\\/?p=19205#primaryimage\"},\"thumbnailUrl\":\"https:\\\/\\\/www.latribunedufaso.net\\\/wp-content\\\/uploads\\\/2025\\\/03\\\/FB_IMG_1741012705309.jpg\",\"datePublished\":\"2025-03-03T14:46:07+00:00\",\"dateModified\":\"2025-03-04T11:08:39+00:00\",\"breadcrumb\":{\"@id\":\"https:\\\/\\\/www.latribunedufaso.net\\\/?p=19205#breadcrumb\"},\"inLanguage\":\"fr-FR\",\"potentialAction\":[{\"@type\":\"ReadAction\",\"target\":[\"https:\\\/\\\/www.latribunedufaso.net\\\/?p=19205\"]}]},{\"@type\":\"ImageObject\",\"inLanguage\":\"fr-FR\",\"@id\":\"https:\\\/\\\/www.latribunedufaso.net\\\/?p=19205#primaryimage\",\"url\":\"https:\\\/\\\/www.latribunedufaso.net\\\/wp-content\\\/uploads\\\/2025\\\/03\\\/FB_IMG_1741012705309.jpg\",\"contentUrl\":\"https:\\\/\\\/www.latribunedufaso.net\\\/wp-content\\\/uploads\\\/2025\\\/03\\\/FB_IMG_1741012705309.jpg\",\"width\":720,\"height\":540,\"caption\":\"Dans l'optique de se rapprocher des populations, le Complexe industriel ADIPROD SA a particip\u00e9 \u00e0 l'exposition de la Galerie marchande du FESPACO qui s'est tenue du 22 f\u00e9vrier au 1er mars 2025 \u00e0 Ouagadougou.\u00a0\"},{\"@type\":\"BreadcrumbList\",\"@id\":\"https:\\\/\\\/www.latribunedufaso.net\\\/?p=19205#breadcrumb\",\"itemListElement\":[{\"@type\":\"ListItem\",\"position\":1,\"name\":\"Accueil\",\"item\":\"https:\\\/\\\/www.latribunedufaso.net\\\/\"},{\"@type\":\"ListItem\",\"position\":2,\"name\":\"Galerie marchande du FESPACO : ADIPROD INDUSTRIES SA se rapproche des populations\u00a0\"}]},{\"@type\":\"WebSite\",\"@id\":\"https:\\\/\\\/www.latribunedufaso.net\\\/#website\",\"url\":\"https:\\\/\\\/www.latribunedufaso.net\\\/\",\"name\":\"La Tribune du Faso\",\"description\":\"L&#039;information du monde rural en un clic\",\"publisher\":{\"@id\":\"https:\\\/\\\/www.latribunedufaso.net\\\/#organization\"},\"potentialAction\":[{\"@type\":\"SearchAction\",\"target\":{\"@type\":\"EntryPoint\",\"urlTemplate\":\"https:\\\/\\\/www.latribunedufaso.net\\\/?s={search_term_string}\"},\"query-input\":{\"@type\":\"PropertyValueSpecification\",\"valueRequired\":true,\"valueName\":\"search_term_string\"}}],\"inLanguage\":\"fr-FR\"},{\"@type\":\"Organization\",\"@id\":\"https:\\\/\\\/www.latribunedufaso.net\\\/#organization\",\"name\":\"La Tribune du Faso\",\"url\":\"https:\\\/\\\/www.latribunedufaso.net\\\/\",\"logo\":{\"@type\":\"ImageObject\",\"inLanguage\":\"fr-FR\",\"@id\":\"https:\\\/\\\/www.latribunedufaso.net\\\/#\\\/schema\\\/logo\\\/image\\\/\",\"url\":\"https:\\\/\\\/www.latribunedufaso.net\\\/wp-content\\\/uploads\\\/2020\\\/08\\\/Logo-Tribune-du-Faso-final-scaled.jpg\",\"contentUrl\":\"https:\\\/\\\/www.latribunedufaso.net\\\/wp-content\\\/uploads\\\/2020\\\/08\\\/Logo-Tribune-du-Faso-final-scaled.jpg\",\"width\":2560,\"height\":1856,\"caption\":\"La Tribune du Faso\"},\"image\":{\"@id\":\"https:\\\/\\\/www.latribunedufaso.net\\\/#\\\/schema\\\/logo\\\/image\\\/\"},\"sameAs\":[\"https:\\\/\\\/www.facebook.com\\\/LatribuneduFaso\\\/\"]},{\"@type\":\"Person\",\"@id\":\"https:\\\/\\\/www.latribunedufaso.net\\\/#\\\/schema\\\/person\\\/e54e64c5778a7e72cf80a318b7a622b0\",\"name\":\"Issouf Tapsoba\",\"image\":{\"@type\":\"ImageObject\",\"inLanguage\":\"fr-FR\",\"@id\":\"https:\\\/\\\/secure.gravatar.com\\\/avatar\\\/5e6c05150ce3230247d167f5b94d678eb05936197436d69b7921e3a95c9107ac?s=96&d=mm&r=g\",\"url\":\"https:\\\/\\\/secure.gravatar.com\\\/avatar\\\/5e6c05150ce3230247d167f5b94d678eb05936197436d69b7921e3a95c9107ac?s=96&d=mm&r=g\",\"contentUrl\":\"https:\\\/\\\/secure.gravatar.com\\\/avatar\\\/5e6c05150ce3230247d167f5b94d678eb05936197436d69b7921e3a95c9107ac?s=96&d=mm&r=g\",\"caption\":\"Issouf Tapsoba\"},\"url\":\"https:\\\/\\\/www.latribunedufaso.net\\\/?author=5\"}]}<\/script>\n<!-- \/ Yoast SEO plugin. -->","yoast_head_json":{"title":"Galerie marchande du FESPACO : ADIPROD INDUSTRIES SA se rapproche des populations\u00a0 - La Tribune du Faso","robots":{"index":"index","follow":"follow","max-snippet":"max-snippet:-1","max-image-preview":"max-image-preview:large","max-video-preview":"max-video-preview:-1"},"canonical":"https:\/\/www.latribunedufaso.net\/?p=19205","og_locale":"fr_FR","og_type":"article","og_title":"Galerie marchande du FESPACO : ADIPROD INDUSTRIES SA se rapproche des populations\u00a0 - La Tribune du Faso","og_description":"Dans l&rsquo;optique de se rapprocher des populations, le Complexe industriel ADIPROD SA a particip\u00e9 \u00e0 l&rsquo;exposition de la Galerie marchande du FESPACO qui s&rsquo;est tenue du 22 f\u00e9vrier au 1er mars 2025 \u00e0 Ouagadougou.\u00a0","og_url":"https:\/\/www.latribunedufaso.net\/?p=19205","og_site_name":"La Tribune du Faso","article_publisher":"https:\/\/www.facebook.com\/LatribuneduFaso\/","article_published_time":"2025-03-03T14:46:07+00:00","article_modified_time":"2025-03-04T11:08:39+00:00","og_image":[{"width":720,"height":540,"url":"https:\/\/www.latribunedufaso.net\/wp-content\/uploads\/2025\/03\/FB_IMG_1741012705309.jpg","type":"image\/jpeg"}],"author":"Issouf Tapsoba","twitter_misc":{"\u00c9crit par":"Issouf Tapsoba","Dur\u00e9e de lecture estim\u00e9e":"2 minutes"},"schema":{"@context":"https:\/\/schema.org","@graph":[{"@type":"Article","@id":"https:\/\/www.latribunedufaso.net\/?p=19205#article","isPartOf":{"@id":"https:\/\/www.latribunedufaso.net\/?p=19205"},"author":{"name":"Issouf Tapsoba","@id":"https:\/\/www.latribunedufaso.net\/#\/schema\/person\/e54e64c5778a7e72cf80a318b7a622b0"},"headline":"Galerie marchande du FESPACO : ADIPROD INDUSTRIES SA se rapproche des populations\u00a0","datePublished":"2025-03-03T14:46:07+00:00","dateModified":"2025-03-04T11:08:39+00:00","mainEntityOfPage":{"@id":"https:\/\/www.latribunedufaso.net\/?p=19205"},"wordCount":411,"commentCount":0,"publisher":{"@id":"https:\/\/www.latribunedufaso.net\/#organization"},"image":{"@id":"https:\/\/www.latribunedufaso.net\/?p=19205#primaryimage"},"thumbnailUrl":"https:\/\/www.latribunedufaso.net\/wp-content\/uploads\/2025\/03\/FB_IMG_1741012705309.jpg","keywords":["29\u00e8me \u00e9dition du FESPACO","ADIPROD INDUSTRIES SA","Galerie marchande FESPACO","latribunedufaso.net"],"articleSection":["A la une","Actualit\u00e9","Economie"],"inLanguage":"fr-FR","potentialAction":[{"@type":"CommentAction","name":"Comment","target":["https:\/\/www.latribunedufaso.net\/?p=19205#respond"]}]},{"@type":"WebPage","@id":"https:\/\/www.latribunedufaso.net\/?p=19205","url":"https:\/\/www.latribunedufaso.net\/?p=19205","name":"Galerie marchande du FESPACO : ADIPROD INDUSTRIES SA se rapproche des populations\u00a0 - La Tribune du Faso","isPartOf":{"@id":"https:\/\/www.latribunedufaso.net\/#website"},"primaryImageOfPage":{"@id":"https:\/\/www.latribunedufaso.net\/?p=19205#primaryimage"},"image":{"@id":"https:\/\/www.latribunedufaso.net\/?p=19205#primaryimage"},"thumbnailUrl":"https:\/\/www.latribunedufaso.net\/wp-content\/uploads\/2025\/03\/FB_IMG_1741012705309.jpg","datePublished":"2025-03-03T14:46:07+00:00","dateModified":"2025-03-04T11:08:39+00:00","breadcrumb":{"@id":"https:\/\/www.latribunedufaso.net\/?p=19205#breadcrumb"},"inLanguage":"fr-FR","potentialAction":[{"@type":"ReadAction","target":["https:\/\/www.latribunedufaso.net\/?p=19205"]}]},{"@type":"ImageObject","inLanguage":"fr-FR","@id":"https:\/\/www.latribunedufaso.net\/?p=19205#primaryimage","url":"https:\/\/www.latribunedufaso.net\/wp-content\/uploads\/2025\/03\/FB_IMG_1741012705309.jpg","contentUrl":"https:\/\/www.latribunedufaso.net\/wp-content\/uploads\/2025\/03\/FB_IMG_1741012705309.jpg","width":720,"height":540,"caption":"Dans l'optique de se rapprocher des populations, le Complexe industriel ADIPROD SA a particip\u00e9 \u00e0 l'exposition de la Galerie marchande du FESPACO qui s'est tenue du 22 f\u00e9vrier au 1er mars 2025 \u00e0 Ouagadougou.\u00a0"},{"@type":"BreadcrumbList","@id":"https:\/\/www.latribunedufaso.net\/?p=19205#breadcrumb","itemListElement":[{"@type":"ListItem","position":1,"name":"Accueil","item":"https:\/\/www.latribunedufaso.net\/"},{"@type":"ListItem","position":2,"name":"Galerie marchande du FESPACO : ADIPROD INDUSTRIES SA se rapproche des populations\u00a0"}]},{"@type":"WebSite","@id":"https:\/\/www.latribunedufaso.net\/#website","url":"https:\/\/www.latribunedufaso.net\/","name":"La Tribune du Faso","description":"L&#039;information du monde rural en un clic","publisher":{"@id":"https:\/\/www.latribunedufaso.net\/#organization"},"potentialAction":[{"@type":"SearchAction","target":{"@type":"EntryPoint","urlTemplate":"https:\/\/www.latribunedufaso.net\/?s={search_term_string}"},"query-input":{"@type":"PropertyValueSpecification","valueRequired":true,"valueName":"search_term_string"}}],"inLanguage":"fr-FR"},{"@type":"Organization","@id":"https:\/\/www.latribunedufaso.net\/#organization","name":"La Tribune du Faso","url":"https:\/\/www.latribunedufaso.net\/","logo":{"@type":"ImageObject","inLanguage":"fr-FR","@id":"https:\/\/www.latribunedufaso.net\/#\/schema\/logo\/image\/","url":"https:\/\/www.latribunedufaso.net\/wp-content\/uploads\/2020\/08\/Logo-Tribune-du-Faso-final-scaled.jpg","contentUrl":"https:\/\/www.latribunedufaso.net\/wp-content\/uploads\/2020\/08\/Logo-Tribune-du-Faso-final-scaled.jpg","width":2560,"height":1856,"caption":"La Tribune du Faso"},"image":{"@id":"https:\/\/www.latribunedufaso.net\/#\/schema\/logo\/image\/"},"sameAs":["https:\/\/www.facebook.com\/LatribuneduFaso\/"]},{"@type":"Person","@id":"https:\/\/www.latribunedufaso.net\/#\/schema\/person\/e54e64c5778a7e72cf80a318b7a622b0","name":"Issouf Tapsoba","image":{"@type":"ImageObject","inLanguage":"fr-FR","@id":"https:\/\/secure.gravatar.com\/avatar\/5e6c05150ce3230247d167f5b94d678eb05936197436d69b7921e3a95c9107ac?s=96&d=mm&r=g","url":"https:\/\/secure.gravatar.com\/avatar\/5e6c05150ce3230247d167f5b94d678eb05936197436d69b7921e3a95c9107ac?s=96&d=mm&r=g","contentUrl":"https:\/\/secure.gravatar.com\/avatar\/5e6c05150ce3230247d167f5b94d678eb05936197436d69b7921e3a95c9107ac?s=96&d=mm&r=g","caption":"Issouf Tapsoba"},"url":"https:\/\/www.latribunedufaso.net\/?author=5"}]}},"_links":{"self":[{"href":"https:\/\/www.latribunedufaso.net\/index.php?rest_route=\/wp\/v2\/posts\/19205","targetHints":{"allow":["GET"]}}],"collection":[{"href":"https:\/\/www.latribunedufaso.net\/index.php?rest_route=\/wp\/v2\/posts"}],"about":[{"href":"https:\/\/www.latribunedufaso.net\/index.php?rest_route=\/wp\/v2\/types\/post"}],"author":[{"embeddable":true,"href":"https:\/\/www.latribunedufaso.net\/index.php?rest_route=\/wp\/v2\/users\/5"}],"replies":[{"embeddable":true,"href":"https:\/\/www.latribunedufaso.net\/index.php?rest_route=%2Fwp%2Fv2%2Fcomments&post=19205"}],"version-history":[{"count":3,"href":"https:\/\/www.latribunedufaso.net\/index.php?rest_route=\/wp\/v2\/posts\/19205\/revisions"}],"predecessor-version":[{"id":19227,"href":"https:\/\/www.latribunedufaso.net\/index.php?rest_route=\/wp\/v2\/posts\/19205\/revisions\/19227"}],"wp:featuredmedia":[{"embeddable":true,"href":"https:\/\/www.latribunedufaso.net\/index.php?rest_route=\/wp\/v2\/media\/19208"}],"wp:attachment":[{"href":"https:\/\/www.latribunedufaso.net\/index.php?rest_route=%2Fwp%2Fv2%2Fmedia&parent=19205"}],"wp:term":[{"taxonomy":"category","embeddable":true,"href":"https:\/\/www.latribunedufaso.net\/index.php?rest_route=%2Fwp%2Fv2%2Fcategories&post=19205"},{"taxonomy":"post_tag","embeddable":true,"href":"https:\/\/www.latribunedufaso.net\/index.php?rest_route=%2Fwp%2Fv2%2Ftags&post=19205"}],"curies":[{"name":"wp","href":"https:\/\/api.w.org\/{rel}","templated":true}]}}