{"id":19117,"date":"2025-02-27T09:18:05","date_gmt":"2025-02-27T09:18:05","guid":{"rendered":"https:\/\/www.latribunedufaso.net\/?p=19117"},"modified":"2025-02-27T09:18:05","modified_gmt":"2025-02-27T09:18:05","slug":"fespaco-2025-la-promotion-de-la-sante-au-rendez-vous","status":"publish","type":"post","link":"https:\/\/www.latribunedufaso.net\/?p=19117","title":{"rendered":"FESPACO 2025 : La promotion de la sant\u00e9 au rendez-vous"},"content":{"rendered":"<p><strong><span style=\"font-size: 1.0625rem;\">A l\u2019occasion du Festival panafricain du cin\u00e9ma et de t\u00e9l\u00e9vision de Ouagadougou (FESPACO), le minist\u00e8re de la Sant\u00e9, en partenariat avec l\u2019Organisation mondiale de la sant\u00e9 (OMS), a organis\u00e9 le 26 f\u00e9vrier 2025 une projection sp\u00e9ciale suivie d\u2019un d\u00e9bat au Conseil burkinab\u00e8 des chargeurs (CBC). C&rsquo;\u00e9tait sous le th\u00e8me, <em>\u00ab Cin\u00e9ma et promotion de la sant\u00e9 \u00bb.<\/em><\/span><\/strong><!--more--><\/p>\n<p>La c\u00e9r\u00e9monie d\u2019ouverture a eu lieu sous la pr\u00e9sidence du directeur g\u00e9n\u00e9ral de la Sant\u00e9 publique, Dr Joseph Soubeiga, repr\u00e9sentant le ministre en charge de la Sant\u00e9, Robert Kargougou.<\/p>\n<figure id=\"attachment_19119\" aria-describedby=\"caption-attachment-19119\" style=\"width: 1280px\" class=\"wp-caption aligncenter\"><a href=\"https:\/\/www.latribunedufaso.net\/wp-content\/uploads\/2025\/02\/IMG-20250227-WA0006.jpg\"><img loading=\"lazy\" decoding=\"async\" class=\"size-full wp-image-19119\" src=\"https:\/\/www.latribunedufaso.net\/wp-content\/uploads\/2025\/02\/IMG-20250227-WA0006.jpg\" alt=\"En marge des activit\u00e9s du FESPACO 2025, l'OMS, en collaboration avec le minist\u00e8re de la sant\u00e9 a organis\u00e9 une projection sp\u00e9ciale suivie d\u2019un d\u00e9bat sur la sant\u00e9, 26 f\u00e9vrier 2025\" width=\"1280\" height=\"960\" srcset=\"https:\/\/www.latribunedufaso.net\/wp-content\/uploads\/2025\/02\/IMG-20250227-WA0006.jpg 1280w, https:\/\/www.latribunedufaso.net\/wp-content\/uploads\/2025\/02\/IMG-20250227-WA0006-300x225.jpg 300w, https:\/\/www.latribunedufaso.net\/wp-content\/uploads\/2025\/02\/IMG-20250227-WA0006-1024x768.jpg 1024w, https:\/\/www.latribunedufaso.net\/wp-content\/uploads\/2025\/02\/IMG-20250227-WA0006-768x576.jpg 768w\" sizes=\"auto, (max-width: 1280px) 100vw, 1280px\" \/><\/a><figcaption id=\"caption-attachment-19119\" class=\"wp-caption-text\">Le Directeur g\u00e9n\u00e9ral de la sant\u00e9 publique, Joseph Soubeiga &#8211; Ph. I. Tougma<\/figcaption><\/figure>\n<p>A \u00e9couter Dr Joseph Soubeiga, l\u2019audiovisuel constitue un<em><strong> \u00ab puissant \u00bb<\/strong> <\/em>levier de changement de comportement. Et, la promotion de la sant\u00e9 se fait pour le changement de comportement. <em><strong>\u00ab Tout ce qui est production cin\u00e9matographique qui puisse changer le comportement dans la soci\u00e9t\u00e9 nous encourageons cela \u00bb,<\/strong> <\/em>a-t-il expliqu\u00e9.<\/p>\n<blockquote>\n<p>Lire aussi &gt;&gt; <a href=\"https:\/\/www.latribunedufaso.net\/?p=19106\">29e \u00e9dition du FESPACO : Le cin\u00e9ma togolais \u00e0 l\u2019honneur avec \u00ab ANKARA, l\u2019H\u00e9ritage des Nanas Benz \u00bb<\/a><\/p>\n<\/blockquote>\n<p>Pour lui \u00e9galement, le FESPACO est une opportunit\u00e9 de diffuser des projections cin\u00e9matographique qui vont impacter le changement de comportement dans la population. <span style=\"font-size: 1.0625rem;\"><em><strong>\u00ab Nous soutenons que l\u2019on peut utiliser le cin\u00e9ma ou le film pour pr\u00e9venir et \u00e9viter de nombreux maladies pour promouvoir la bonne sant\u00e9 et le bien \u00eatre de la population \u00bb,<\/strong><\/em> \u00e0 signifi\u00e9 le repr\u00e9sentant pays de l\u2019OMS, Seydou Coulibaly.<\/span><\/p>\n<figure id=\"attachment_19120\" aria-describedby=\"caption-attachment-19120\" style=\"width: 1280px\" class=\"wp-caption aligncenter\"><a href=\"https:\/\/www.latribunedufaso.net\/wp-content\/uploads\/2025\/02\/IMG-20250227-WA0007.jpg\"><img loading=\"lazy\" decoding=\"async\" class=\"size-full wp-image-19120\" src=\"https:\/\/www.latribunedufaso.net\/wp-content\/uploads\/2025\/02\/IMG-20250227-WA0007.jpg\" alt=\"En marge des activit\u00e9s du FESPACO 2025, l'OMS, en collaboration avec le minist\u00e8re de la sant\u00e9 a organis\u00e9 une projection sp\u00e9ciale suivie d\u2019un d\u00e9bat sur la sant\u00e9, 26 f\u00e9vrier 2025\" width=\"1280\" height=\"960\" srcset=\"https:\/\/www.latribunedufaso.net\/wp-content\/uploads\/2025\/02\/IMG-20250227-WA0007.jpg 1280w, https:\/\/www.latribunedufaso.net\/wp-content\/uploads\/2025\/02\/IMG-20250227-WA0007-300x225.jpg 300w, https:\/\/www.latribunedufaso.net\/wp-content\/uploads\/2025\/02\/IMG-20250227-WA0007-1024x768.jpg 1024w, https:\/\/www.latribunedufaso.net\/wp-content\/uploads\/2025\/02\/IMG-20250227-WA0007-768x576.jpg 768w\" sizes=\"auto, (max-width: 1280px) 100vw, 1280px\" \/><\/a><figcaption id=\"caption-attachment-19120\" class=\"wp-caption-text\">Une vue des participants &#8211; Ph. I. Tougma<\/figcaption><\/figure>\n<p>Les participants assisterons \u00e0 la diffusion de 07 courts m\u00e9trages ax\u00e9s sur des enjeux cl\u00e9s de sant\u00e9 publique.<\/p>\n<p><strong>In\u00e8s TOUGMA\u00a0<\/strong><\/p>\n<p><strong>latribune<span style=\"font-size: 1.0625rem;\">dufaso.net<\/span><\/strong><\/p>\n","protected":false},"excerpt":{"rendered":"<p>A l\u2019occasion du Festival panafricain du cin\u00e9ma et de t\u00e9l\u00e9vision de Ouagadougou (FESPACO), le minist\u00e8re de la Sant\u00e9, en partenariat avec l\u2019Organisation mondiale de la sant\u00e9 (OMS), a organis\u00e9 le 26 f\u00e9vrier 2025 une projection sp\u00e9ciale suivie d\u2019un d\u00e9bat au Conseil burkinab\u00e8 des chargeurs (CBC). C&rsquo;\u00e9tait sous le th\u00e8me, \u00ab Cin\u00e9ma et promotion de la sant\u00e9 \u00bb.<\/p>\n","protected":false},"author":5,"featured_media":19118,"comment_status":"open","ping_status":"open","sticky":false,"template":"","format":"standard","meta":{"footnotes":""},"categories":[13,1,30],"tags":[44,739,39,740],"class_list":["post-19117","post","type-post","status-publish","format-standard","has-post-thumbnail","hentry","category-une","category-actu","category-art-et-culture","tag-29eme-edition-du-fespaco","tag-cinema-et-promotions-de-la-sante","tag-latribunedufaso-net","tag-oms"],"yoast_head":"<!-- This site is optimized with the Yoast SEO plugin v27.5 - https:\/\/yoast.com\/product\/yoast-seo-wordpress\/ -->\n<title>FESPACO 2025 : La promotion de la sant\u00e9 au rendez-vous - La Tribune du Faso<\/title>\n<meta name=\"robots\" content=\"index, follow, max-snippet:-1, max-image-preview:large, max-video-preview:-1\" \/>\n<link rel=\"canonical\" href=\"https:\/\/www.latribunedufaso.net\/?p=19117\" \/>\n<meta property=\"og:locale\" content=\"fr_FR\" \/>\n<meta property=\"og:type\" content=\"article\" \/>\n<meta property=\"og:title\" content=\"FESPACO 2025 : La promotion de la sant\u00e9 au rendez-vous - La Tribune du Faso\" \/>\n<meta property=\"og:description\" content=\"A l\u2019occasion du Festival panafricain du cin\u00e9ma et de t\u00e9l\u00e9vision de Ouagadougou (FESPACO), le minist\u00e8re de la Sant\u00e9, en partenariat avec l\u2019Organisation mondiale de la sant\u00e9 (OMS), a organis\u00e9 le 26 f\u00e9vrier 2025 une projection sp\u00e9ciale suivie d\u2019un d\u00e9bat au Conseil burkinab\u00e8 des chargeurs (CBC). C&rsquo;\u00e9tait sous le th\u00e8me, \u00ab Cin\u00e9ma et promotion de la sant\u00e9 \u00bb.\" \/>\n<meta property=\"og:url\" content=\"https:\/\/www.latribunedufaso.net\/?p=19117\" \/>\n<meta property=\"og:site_name\" content=\"La Tribune du Faso\" \/>\n<meta property=\"article:publisher\" content=\"https:\/\/www.facebook.com\/LatribuneduFaso\/\" \/>\n<meta property=\"article:published_time\" content=\"2025-02-27T09:18:05+00:00\" \/>\n<meta property=\"og:image\" content=\"https:\/\/www.latribunedufaso.net\/wp-content\/uploads\/2025\/02\/IMG-20250227-WA0008.jpg\" \/>\n\t<meta property=\"og:image:width\" content=\"1280\" \/>\n\t<meta property=\"og:image:height\" content=\"960\" \/>\n\t<meta property=\"og:image:type\" content=\"image\/jpeg\" \/>\n<meta name=\"author\" content=\"Issouf Tapsoba\" \/>\n<meta name=\"twitter:label1\" content=\"\u00c9crit par\" \/>\n\t<meta name=\"twitter:data1\" content=\"Issouf Tapsoba\" \/>\n\t<meta name=\"twitter:label2\" content=\"Dur\u00e9e de lecture estim\u00e9e\" \/>\n\t<meta name=\"twitter:data2\" content=\"2 minutes\" \/>\n<script type=\"application\/ld+json\" class=\"yoast-schema-graph\">{\"@context\":\"https:\\\/\\\/schema.org\",\"@graph\":[{\"@type\":\"Article\",\"@id\":\"https:\\\/\\\/www.latribunedufaso.net\\\/?p=19117#article\",\"isPartOf\":{\"@id\":\"https:\\\/\\\/www.latribunedufaso.net\\\/?p=19117\"},\"author\":{\"name\":\"Issouf Tapsoba\",\"@id\":\"https:\\\/\\\/www.latribunedufaso.net\\\/#\\\/schema\\\/person\\\/e54e64c5778a7e72cf80a318b7a622b0\"},\"headline\":\"FESPACO 2025 : La promotion de la sant\u00e9 au rendez-vous\",\"datePublished\":\"2025-02-27T09:18:05+00:00\",\"mainEntityOfPage\":{\"@id\":\"https:\\\/\\\/www.latribunedufaso.net\\\/?p=19117\"},\"wordCount\":309,\"commentCount\":0,\"publisher\":{\"@id\":\"https:\\\/\\\/www.latribunedufaso.net\\\/#organization\"},\"image\":{\"@id\":\"https:\\\/\\\/www.latribunedufaso.net\\\/?p=19117#primaryimage\"},\"thumbnailUrl\":\"https:\\\/\\\/www.latribunedufaso.net\\\/wp-content\\\/uploads\\\/2025\\\/02\\\/IMG-20250227-WA0008.jpg\",\"keywords\":[\"29\u00e8me \u00e9dition du FESPACO\",\"cin\u00e9ma et promotions de la sant\u00e9\",\"latribunedufaso.net\",\"OMS\"],\"articleSection\":[\"A la une\",\"Actualit\u00e9\",\"Art et Culture\"],\"inLanguage\":\"fr-FR\",\"potentialAction\":[{\"@type\":\"CommentAction\",\"name\":\"Comment\",\"target\":[\"https:\\\/\\\/www.latribunedufaso.net\\\/?p=19117#respond\"]}]},{\"@type\":\"WebPage\",\"@id\":\"https:\\\/\\\/www.latribunedufaso.net\\\/?p=19117\",\"url\":\"https:\\\/\\\/www.latribunedufaso.net\\\/?p=19117\",\"name\":\"FESPACO 2025 : La promotion de la sant\u00e9 au rendez-vous - La Tribune du Faso\",\"isPartOf\":{\"@id\":\"https:\\\/\\\/www.latribunedufaso.net\\\/#website\"},\"primaryImageOfPage\":{\"@id\":\"https:\\\/\\\/www.latribunedufaso.net\\\/?p=19117#primaryimage\"},\"image\":{\"@id\":\"https:\\\/\\\/www.latribunedufaso.net\\\/?p=19117#primaryimage\"},\"thumbnailUrl\":\"https:\\\/\\\/www.latribunedufaso.net\\\/wp-content\\\/uploads\\\/2025\\\/02\\\/IMG-20250227-WA0008.jpg\",\"datePublished\":\"2025-02-27T09:18:05+00:00\",\"breadcrumb\":{\"@id\":\"https:\\\/\\\/www.latribunedufaso.net\\\/?p=19117#breadcrumb\"},\"inLanguage\":\"fr-FR\",\"potentialAction\":[{\"@type\":\"ReadAction\",\"target\":[\"https:\\\/\\\/www.latribunedufaso.net\\\/?p=19117\"]}]},{\"@type\":\"ImageObject\",\"inLanguage\":\"fr-FR\",\"@id\":\"https:\\\/\\\/www.latribunedufaso.net\\\/?p=19117#primaryimage\",\"url\":\"https:\\\/\\\/www.latribunedufaso.net\\\/wp-content\\\/uploads\\\/2025\\\/02\\\/IMG-20250227-WA0008.jpg\",\"contentUrl\":\"https:\\\/\\\/www.latribunedufaso.net\\\/wp-content\\\/uploads\\\/2025\\\/02\\\/IMG-20250227-WA0008.jpg\",\"width\":1280,\"height\":960,\"caption\":\"En marge des activit\u00e9s du FESPACO 2025, l'OMS, en collaboration avec le minist\u00e8re de la sant\u00e9 a organis\u00e9 une projection sp\u00e9ciale suivie d\u2019un d\u00e9bat sur la sant\u00e9, 26 f\u00e9vrier 2025\"},{\"@type\":\"BreadcrumbList\",\"@id\":\"https:\\\/\\\/www.latribunedufaso.net\\\/?p=19117#breadcrumb\",\"itemListElement\":[{\"@type\":\"ListItem\",\"position\":1,\"name\":\"Accueil\",\"item\":\"https:\\\/\\\/www.latribunedufaso.net\\\/\"},{\"@type\":\"ListItem\",\"position\":2,\"name\":\"FESPACO 2025 : La promotion de la sant\u00e9 au rendez-vous\"}]},{\"@type\":\"WebSite\",\"@id\":\"https:\\\/\\\/www.latribunedufaso.net\\\/#website\",\"url\":\"https:\\\/\\\/www.latribunedufaso.net\\\/\",\"name\":\"La Tribune du Faso\",\"description\":\"L&#039;information du monde rural en un clic\",\"publisher\":{\"@id\":\"https:\\\/\\\/www.latribunedufaso.net\\\/#organization\"},\"potentialAction\":[{\"@type\":\"SearchAction\",\"target\":{\"@type\":\"EntryPoint\",\"urlTemplate\":\"https:\\\/\\\/www.latribunedufaso.net\\\/?s={search_term_string}\"},\"query-input\":{\"@type\":\"PropertyValueSpecification\",\"valueRequired\":true,\"valueName\":\"search_term_string\"}}],\"inLanguage\":\"fr-FR\"},{\"@type\":\"Organization\",\"@id\":\"https:\\\/\\\/www.latribunedufaso.net\\\/#organization\",\"name\":\"La Tribune du Faso\",\"url\":\"https:\\\/\\\/www.latribunedufaso.net\\\/\",\"logo\":{\"@type\":\"ImageObject\",\"inLanguage\":\"fr-FR\",\"@id\":\"https:\\\/\\\/www.latribunedufaso.net\\\/#\\\/schema\\\/logo\\\/image\\\/\",\"url\":\"https:\\\/\\\/www.latribunedufaso.net\\\/wp-content\\\/uploads\\\/2020\\\/08\\\/Logo-Tribune-du-Faso-final-scaled.jpg\",\"contentUrl\":\"https:\\\/\\\/www.latribunedufaso.net\\\/wp-content\\\/uploads\\\/2020\\\/08\\\/Logo-Tribune-du-Faso-final-scaled.jpg\",\"width\":2560,\"height\":1856,\"caption\":\"La Tribune du Faso\"},\"image\":{\"@id\":\"https:\\\/\\\/www.latribunedufaso.net\\\/#\\\/schema\\\/logo\\\/image\\\/\"},\"sameAs\":[\"https:\\\/\\\/www.facebook.com\\\/LatribuneduFaso\\\/\"]},{\"@type\":\"Person\",\"@id\":\"https:\\\/\\\/www.latribunedufaso.net\\\/#\\\/schema\\\/person\\\/e54e64c5778a7e72cf80a318b7a622b0\",\"name\":\"Issouf Tapsoba\",\"image\":{\"@type\":\"ImageObject\",\"inLanguage\":\"fr-FR\",\"@id\":\"https:\\\/\\\/secure.gravatar.com\\\/avatar\\\/5e6c05150ce3230247d167f5b94d678eb05936197436d69b7921e3a95c9107ac?s=96&d=mm&r=g\",\"url\":\"https:\\\/\\\/secure.gravatar.com\\\/avatar\\\/5e6c05150ce3230247d167f5b94d678eb05936197436d69b7921e3a95c9107ac?s=96&d=mm&r=g\",\"contentUrl\":\"https:\\\/\\\/secure.gravatar.com\\\/avatar\\\/5e6c05150ce3230247d167f5b94d678eb05936197436d69b7921e3a95c9107ac?s=96&d=mm&r=g\",\"caption\":\"Issouf Tapsoba\"},\"url\":\"https:\\\/\\\/www.latribunedufaso.net\\\/?author=5\"}]}<\/script>\n<!-- \/ Yoast SEO plugin. -->","yoast_head_json":{"title":"FESPACO 2025 : La promotion de la sant\u00e9 au rendez-vous - La Tribune du Faso","robots":{"index":"index","follow":"follow","max-snippet":"max-snippet:-1","max-image-preview":"max-image-preview:large","max-video-preview":"max-video-preview:-1"},"canonical":"https:\/\/www.latribunedufaso.net\/?p=19117","og_locale":"fr_FR","og_type":"article","og_title":"FESPACO 2025 : La promotion de la sant\u00e9 au rendez-vous - La Tribune du Faso","og_description":"A l\u2019occasion du Festival panafricain du cin\u00e9ma et de t\u00e9l\u00e9vision de Ouagadougou (FESPACO), le minist\u00e8re de la Sant\u00e9, en partenariat avec l\u2019Organisation mondiale de la sant\u00e9 (OMS), a organis\u00e9 le 26 f\u00e9vrier 2025 une projection sp\u00e9ciale suivie d\u2019un d\u00e9bat au Conseil burkinab\u00e8 des chargeurs (CBC). C&rsquo;\u00e9tait sous le th\u00e8me, \u00ab Cin\u00e9ma et promotion de la sant\u00e9 \u00bb.","og_url":"https:\/\/www.latribunedufaso.net\/?p=19117","og_site_name":"La Tribune du Faso","article_publisher":"https:\/\/www.facebook.com\/LatribuneduFaso\/","article_published_time":"2025-02-27T09:18:05+00:00","og_image":[{"width":1280,"height":960,"url":"https:\/\/www.latribunedufaso.net\/wp-content\/uploads\/2025\/02\/IMG-20250227-WA0008.jpg","type":"image\/jpeg"}],"author":"Issouf Tapsoba","twitter_misc":{"\u00c9crit par":"Issouf Tapsoba","Dur\u00e9e de lecture estim\u00e9e":"2 minutes"},"schema":{"@context":"https:\/\/schema.org","@graph":[{"@type":"Article","@id":"https:\/\/www.latribunedufaso.net\/?p=19117#article","isPartOf":{"@id":"https:\/\/www.latribunedufaso.net\/?p=19117"},"author":{"name":"Issouf Tapsoba","@id":"https:\/\/www.latribunedufaso.net\/#\/schema\/person\/e54e64c5778a7e72cf80a318b7a622b0"},"headline":"FESPACO 2025 : La promotion de la sant\u00e9 au rendez-vous","datePublished":"2025-02-27T09:18:05+00:00","mainEntityOfPage":{"@id":"https:\/\/www.latribunedufaso.net\/?p=19117"},"wordCount":309,"commentCount":0,"publisher":{"@id":"https:\/\/www.latribunedufaso.net\/#organization"},"image":{"@id":"https:\/\/www.latribunedufaso.net\/?p=19117#primaryimage"},"thumbnailUrl":"https:\/\/www.latribunedufaso.net\/wp-content\/uploads\/2025\/02\/IMG-20250227-WA0008.jpg","keywords":["29\u00e8me \u00e9dition du FESPACO","cin\u00e9ma et promotions de la sant\u00e9","latribunedufaso.net","OMS"],"articleSection":["A la une","Actualit\u00e9","Art et Culture"],"inLanguage":"fr-FR","potentialAction":[{"@type":"CommentAction","name":"Comment","target":["https:\/\/www.latribunedufaso.net\/?p=19117#respond"]}]},{"@type":"WebPage","@id":"https:\/\/www.latribunedufaso.net\/?p=19117","url":"https:\/\/www.latribunedufaso.net\/?p=19117","name":"FESPACO 2025 : La promotion de la sant\u00e9 au rendez-vous - La Tribune du Faso","isPartOf":{"@id":"https:\/\/www.latribunedufaso.net\/#website"},"primaryImageOfPage":{"@id":"https:\/\/www.latribunedufaso.net\/?p=19117#primaryimage"},"image":{"@id":"https:\/\/www.latribunedufaso.net\/?p=19117#primaryimage"},"thumbnailUrl":"https:\/\/www.latribunedufaso.net\/wp-content\/uploads\/2025\/02\/IMG-20250227-WA0008.jpg","datePublished":"2025-02-27T09:18:05+00:00","breadcrumb":{"@id":"https:\/\/www.latribunedufaso.net\/?p=19117#breadcrumb"},"inLanguage":"fr-FR","potentialAction":[{"@type":"ReadAction","target":["https:\/\/www.latribunedufaso.net\/?p=19117"]}]},{"@type":"ImageObject","inLanguage":"fr-FR","@id":"https:\/\/www.latribunedufaso.net\/?p=19117#primaryimage","url":"https:\/\/www.latribunedufaso.net\/wp-content\/uploads\/2025\/02\/IMG-20250227-WA0008.jpg","contentUrl":"https:\/\/www.latribunedufaso.net\/wp-content\/uploads\/2025\/02\/IMG-20250227-WA0008.jpg","width":1280,"height":960,"caption":"En marge des activit\u00e9s du FESPACO 2025, l'OMS, en collaboration avec le minist\u00e8re de la sant\u00e9 a organis\u00e9 une projection sp\u00e9ciale suivie d\u2019un d\u00e9bat sur la sant\u00e9, 26 f\u00e9vrier 2025"},{"@type":"BreadcrumbList","@id":"https:\/\/www.latribunedufaso.net\/?p=19117#breadcrumb","itemListElement":[{"@type":"ListItem","position":1,"name":"Accueil","item":"https:\/\/www.latribunedufaso.net\/"},{"@type":"ListItem","position":2,"name":"FESPACO 2025 : La promotion de la sant\u00e9 au rendez-vous"}]},{"@type":"WebSite","@id":"https:\/\/www.latribunedufaso.net\/#website","url":"https:\/\/www.latribunedufaso.net\/","name":"La Tribune du Faso","description":"L&#039;information du monde rural en un clic","publisher":{"@id":"https:\/\/www.latribunedufaso.net\/#organization"},"potentialAction":[{"@type":"SearchAction","target":{"@type":"EntryPoint","urlTemplate":"https:\/\/www.latribunedufaso.net\/?s={search_term_string}"},"query-input":{"@type":"PropertyValueSpecification","valueRequired":true,"valueName":"search_term_string"}}],"inLanguage":"fr-FR"},{"@type":"Organization","@id":"https:\/\/www.latribunedufaso.net\/#organization","name":"La Tribune du Faso","url":"https:\/\/www.latribunedufaso.net\/","logo":{"@type":"ImageObject","inLanguage":"fr-FR","@id":"https:\/\/www.latribunedufaso.net\/#\/schema\/logo\/image\/","url":"https:\/\/www.latribunedufaso.net\/wp-content\/uploads\/2020\/08\/Logo-Tribune-du-Faso-final-scaled.jpg","contentUrl":"https:\/\/www.latribunedufaso.net\/wp-content\/uploads\/2020\/08\/Logo-Tribune-du-Faso-final-scaled.jpg","width":2560,"height":1856,"caption":"La Tribune du Faso"},"image":{"@id":"https:\/\/www.latribunedufaso.net\/#\/schema\/logo\/image\/"},"sameAs":["https:\/\/www.facebook.com\/LatribuneduFaso\/"]},{"@type":"Person","@id":"https:\/\/www.latribunedufaso.net\/#\/schema\/person\/e54e64c5778a7e72cf80a318b7a622b0","name":"Issouf Tapsoba","image":{"@type":"ImageObject","inLanguage":"fr-FR","@id":"https:\/\/secure.gravatar.com\/avatar\/5e6c05150ce3230247d167f5b94d678eb05936197436d69b7921e3a95c9107ac?s=96&d=mm&r=g","url":"https:\/\/secure.gravatar.com\/avatar\/5e6c05150ce3230247d167f5b94d678eb05936197436d69b7921e3a95c9107ac?s=96&d=mm&r=g","contentUrl":"https:\/\/secure.gravatar.com\/avatar\/5e6c05150ce3230247d167f5b94d678eb05936197436d69b7921e3a95c9107ac?s=96&d=mm&r=g","caption":"Issouf Tapsoba"},"url":"https:\/\/www.latribunedufaso.net\/?author=5"}]}},"_links":{"self":[{"href":"https:\/\/www.latribunedufaso.net\/index.php?rest_route=\/wp\/v2\/posts\/19117","targetHints":{"allow":["GET"]}}],"collection":[{"href":"https:\/\/www.latribunedufaso.net\/index.php?rest_route=\/wp\/v2\/posts"}],"about":[{"href":"https:\/\/www.latribunedufaso.net\/index.php?rest_route=\/wp\/v2\/types\/post"}],"author":[{"embeddable":true,"href":"https:\/\/www.latribunedufaso.net\/index.php?rest_route=\/wp\/v2\/users\/5"}],"replies":[{"embeddable":true,"href":"https:\/\/www.latribunedufaso.net\/index.php?rest_route=%2Fwp%2Fv2%2Fcomments&post=19117"}],"version-history":[{"count":1,"href":"https:\/\/www.latribunedufaso.net\/index.php?rest_route=\/wp\/v2\/posts\/19117\/revisions"}],"predecessor-version":[{"id":19121,"href":"https:\/\/www.latribunedufaso.net\/index.php?rest_route=\/wp\/v2\/posts\/19117\/revisions\/19121"}],"wp:featuredmedia":[{"embeddable":true,"href":"https:\/\/www.latribunedufaso.net\/index.php?rest_route=\/wp\/v2\/media\/19118"}],"wp:attachment":[{"href":"https:\/\/www.latribunedufaso.net\/index.php?rest_route=%2Fwp%2Fv2%2Fmedia&parent=19117"}],"wp:term":[{"taxonomy":"category","embeddable":true,"href":"https:\/\/www.latribunedufaso.net\/index.php?rest_route=%2Fwp%2Fv2%2Fcategories&post=19117"},{"taxonomy":"post_tag","embeddable":true,"href":"https:\/\/www.latribunedufaso.net\/index.php?rest_route=%2Fwp%2Fv2%2Ftags&post=19117"}],"curies":[{"name":"wp","href":"https:\/\/api.w.org\/{rel}","templated":true}]}}