{"id":19081,"date":"2025-02-25T19:04:56","date_gmt":"2025-02-25T19:04:56","guid":{"rendered":"https:\/\/www.latribunedufaso.net\/?p=19081"},"modified":"2025-03-17T21:30:11","modified_gmt":"2025-03-17T21:30:11","slug":"fespaco-2025-grande-chancellerie-des-ordres-burninabe-sp-palu-zoom-sur-des-stands-dexposition","status":"publish","type":"post","link":"https:\/\/www.latribunedufaso.net\/?p=19081","title":{"rendered":"FESPACO 2025 : Grande chancellerie des ordres burninab\u00e8, SP\/Palu&#8230;zoom sur des stands d&rsquo;exposition\u00a0"},"content":{"rendered":"<p><strong style=\"font-size: 1.0625rem;\">La 29e \u00e9dition du Festival panafricain du cin\u00e9ma et de la t\u00e9l\u00e9vision de Ouagadougou (FESPACO) a ouvert ses portes le 22 f\u00e9vrier 2025, sous la Pr\u00e9sidence du Chef de l\u2019Etat, le Capitaine Ibrahim Traor\u00e9 et de son homologue du Tchad, le Mar\u00e9chal Mahamat Idriss D\u00e9by Itno. <em>\u00ab Cin\u00e9mas d\u2019Afrique et identit\u00e9s culturelles \u00bb<\/em>, tel est le th\u00e8me de l\u2019\u00e9dition. De nombreuses structures venues du Burkina Faso et d\u2019ailleurs sont pr\u00e9sentes \u00e0 l\u2019\u00e9v\u00e9nement \u00e0 travers des stands d\u2019exposition. Une \u00e9quipe de latribunedufaso.net est all\u00e9e \u00e0 leur rencontre, dans la matin\u00e9e de ce 25 f\u00e9vrier 2025. A entendre leurs repr\u00e9sentants, chacune de ces structures participe au FESPACO 2025 avec un objectif pr\u00e9cis. Lisez plut\u00f4t !<\/strong><\/p>\n<p><!--more--><\/p>\n<p>Le stand de la Grande chancellerie des ordres burkinab\u00e8 a \u00e9t\u00e9 le premier \u00e0 recevoir la visite de l\u2019\u00e9quipe.<em><strong> \u00ab La Grande chancellerie des ordres burkinab\u00e8 est une structure sp\u00e9cifique de la Pr\u00e9sidence du Faso. Elle a pour mission d\u2019administrer et de g\u00e9rer les ordres, c\u2019est-\u00e0-dire les d\u00e9corations. Ensuite, la deuxi\u00e8me mission c\u2019est de faire la promotion des symboles de la nation et des valeurs patriotiques et citoyennes \u00bb<\/strong><\/em>, a d\u2019embl\u00e9e expliqu\u00e9 le Directeur de la communication et des relations publiques de la Grande chancellerie, K\u00e9vin Gautier Kabor\u00e9, en ce qui concerne la pr\u00e9sentation de la structure.<\/p>\n<figure id=\"attachment_19084\" aria-describedby=\"caption-attachment-19084\" style=\"width: 2560px\" class=\"wp-caption aligncenter\"><a href=\"https:\/\/www.latribunedufaso.net\/wp-content\/uploads\/2025\/02\/IMG-20250226-WA0002.jpg\"><img loading=\"lazy\" decoding=\"async\" class=\"size-full wp-image-19084\" src=\"https:\/\/www.latribunedufaso.net\/wp-content\/uploads\/2025\/02\/IMG-20250226-WA0002.jpg\" alt=\"Micro trottoir stands d'exposition \u00e0 l'occasion de la 29e \u00e9dition du FESPACO, 25 f\u00e9vrier 2025\" width=\"2560\" height=\"1927\" srcset=\"https:\/\/www.latribunedufaso.net\/wp-content\/uploads\/2025\/02\/IMG-20250226-WA0002.jpg 2560w, https:\/\/www.latribunedufaso.net\/wp-content\/uploads\/2025\/02\/IMG-20250226-WA0002-300x226.jpg 300w, https:\/\/www.latribunedufaso.net\/wp-content\/uploads\/2025\/02\/IMG-20250226-WA0002-1024x771.jpg 1024w, https:\/\/www.latribunedufaso.net\/wp-content\/uploads\/2025\/02\/IMG-20250226-WA0002-768x578.jpg 768w, https:\/\/www.latribunedufaso.net\/wp-content\/uploads\/2025\/02\/IMG-20250226-WA0002-1536x1156.jpg 1536w, https:\/\/www.latribunedufaso.net\/wp-content\/uploads\/2025\/02\/IMG-20250226-WA0002-2048x1542.jpg 2048w\" sizes=\"auto, (max-width: 2560px) 100vw, 2560px\" \/><\/a><figcaption id=\"caption-attachment-19084\" class=\"wp-caption-text\">Le Directeur de la communication et des relations publiques de la Grande chancellerie des ordres burkinab\u00e8, K\u00e9vin Gautier Kabor\u00e9 &#8211; Ph. A. Kiendrebeogo<\/figcaption><\/figure>\n<p>Et pour ce qui est de l\u2019objectif de la participation, selon K\u00e9vin Gautier Kabor\u00e9, la Grande chancellerie est pr\u00e9sente au FESPACO pour faire conna\u00eetre les ordres burkinab\u00e8 et aussi pour faire la promotion des symboles de la nation, c\u2019est-\u00e0-dire inviter les visiteurs au bon usage de ces symboles.<\/p>\n<figure id=\"attachment_19086\" aria-describedby=\"caption-attachment-19086\" style=\"width: 2560px\" class=\"wp-caption aligncenter\"><a href=\"https:\/\/www.latribunedufaso.net\/wp-content\/uploads\/2025\/02\/IMG-20250226-WA0010.jpg\"><img loading=\"lazy\" decoding=\"async\" class=\"size-full wp-image-19086\" src=\"https:\/\/www.latribunedufaso.net\/wp-content\/uploads\/2025\/02\/IMG-20250226-WA0010.jpg\" alt=\"Micro trottoir stands d'exposition \u00e0 l'occasion de la 29e \u00e9dition du FESPACO, 25 f\u00e9vrier 2025\" width=\"2560\" height=\"1927\" srcset=\"https:\/\/www.latribunedufaso.net\/wp-content\/uploads\/2025\/02\/IMG-20250226-WA0010.jpg 2560w, https:\/\/www.latribunedufaso.net\/wp-content\/uploads\/2025\/02\/IMG-20250226-WA0010-300x226.jpg 300w, https:\/\/www.latribunedufaso.net\/wp-content\/uploads\/2025\/02\/IMG-20250226-WA0010-1024x771.jpg 1024w, https:\/\/www.latribunedufaso.net\/wp-content\/uploads\/2025\/02\/IMG-20250226-WA0010-768x578.jpg 768w, https:\/\/www.latribunedufaso.net\/wp-content\/uploads\/2025\/02\/IMG-20250226-WA0010-1536x1156.jpg 1536w, https:\/\/www.latribunedufaso.net\/wp-content\/uploads\/2025\/02\/IMG-20250226-WA0010-2048x1542.jpg 2048w\" sizes=\"auto, (max-width: 2560px) 100vw, 2560px\" \/><\/a><figcaption id=\"caption-attachment-19086\" class=\"wp-caption-text\">Une vue des distinctions expos\u00e9es au stand de la Grande Chancellerie des ordres burninab\u00e8 &#8211; Ph. A. Kiendrebeogo<\/figcaption><\/figure>\n<p><em style=\"font-size: 1.0625rem;\"><strong>\u00ab Ces symboles v\u00e9hiculent des valeurs de patriotisme, de combativit\u00e9, d\u2019int\u00e9grit\u00e9 d\u2019honneur, de responsabilit\u00e9 \u00bb<\/strong><\/em><span style=\"font-size: 1.0625rem;\">, a-t-il insist\u00e9. <\/span><span style=\"font-size: 1.0625rem;\">L\u2019usage de ces symboles, a-t-il ajout\u00e9, sous-entend que nous devons inculquer, cultiv\u00e9 des valeurs. Et qu\u2019il y a des actions \u00e0 rejeter, notamment l\u2019incivisme, le non respect de l\u2019autorit\u00e9 et des autres.\u00a0<\/span><\/p>\n<h3>Le SP\/Palu engag\u00e9 pour z\u00e9ro palu\u00a0<\/h3>\n<p>Comme la Grande chancellerie des ordres burkinab\u00e8, le Secr\u00e9tariat permanent pour l\u2019\u00e9limination du Paludisme (SP\/Palu) est \u00e9galement pr\u00e9sent au FESPACO. Lui, par contre, a pour ambition de sensibiliser les populations sur les comportements \u00e0 adopter afin d\u2019\u00e9viter le paludisme.<\/p>\n<figure id=\"attachment_19083\" aria-describedby=\"caption-attachment-19083\" style=\"width: 2560px\" class=\"wp-caption aligncenter\"><a href=\"https:\/\/www.latribunedufaso.net\/wp-content\/uploads\/2025\/02\/IMG-20250226-WA0004.jpg\"><img loading=\"lazy\" decoding=\"async\" class=\"size-full wp-image-19083\" src=\"https:\/\/www.latribunedufaso.net\/wp-content\/uploads\/2025\/02\/IMG-20250226-WA0004.jpg\" alt=\"Micro trottoir stands d'exposition \u00e0 l'occasion de la 29e \u00e9dition du FESPACO, 25 f\u00e9vrier 2025\" width=\"2560\" height=\"1927\" srcset=\"https:\/\/www.latribunedufaso.net\/wp-content\/uploads\/2025\/02\/IMG-20250226-WA0004.jpg 2560w, https:\/\/www.latribunedufaso.net\/wp-content\/uploads\/2025\/02\/IMG-20250226-WA0004-300x226.jpg 300w, https:\/\/www.latribunedufaso.net\/wp-content\/uploads\/2025\/02\/IMG-20250226-WA0004-1024x771.jpg 1024w, https:\/\/www.latribunedufaso.net\/wp-content\/uploads\/2025\/02\/IMG-20250226-WA0004-768x578.jpg 768w, https:\/\/www.latribunedufaso.net\/wp-content\/uploads\/2025\/02\/IMG-20250226-WA0004-1536x1156.jpg 1536w, https:\/\/www.latribunedufaso.net\/wp-content\/uploads\/2025\/02\/IMG-20250226-WA0004-2048x1542.jpg 2048w\" sizes=\"auto, (max-width: 2560px) 100vw, 2560px\" \/><\/a><figcaption id=\"caption-attachment-19083\" class=\"wp-caption-text\">Le conseiller en communication au SP\/Palu, Toussaint Nacoulma &#8211; Ph. A. Kiendrebeogo<\/figcaption><\/figure>\n<p><em><strong>\u00ab Le SP\/Palu est partenaire de la 29e \u00e9dition du FESPACO. Et pour cela, il a d\u00e9ploy\u00e9 l\u2019\u00e9quipe technique qui est venue pulv\u00e9riser tous les sites de l\u2019\u00e9v\u00e8nement. Les sites d\u2019exposition, les salles de conf\u00e9rence, les salles de projection de cin\u00e9ma, tout a \u00e9t\u00e9 pulv\u00e9ris\u00e9 pour que les gens puissent c\u00e9l\u00e9brer cette f\u00eate du 7e art sans paludisme \u00bb<\/strong><\/em>, a signifi\u00e9 Toussaint Nacoulma, conseiller en communication au SP\/Palu.<\/p>\n<p>Le SP\/Palu, poursuit-il, a \u00e9galement 2 stands au FESPACO. Au niveau du si\u00e8ge et \u00e0 la place de la nation. L\u2019objectif est de sensibiliser les populations dans la lutte contre le paludisme. <em><strong>\u00ab Comme vous le savez, le paludisme est une maladie grave qui tue au Burkina Faso. Au cours de l\u2019ann\u00e9e 2023, c\u2019est plus de 3000 personnes qui ont perdu la vie au Burkina Faso. C\u2019est la premi\u00e8re cause de mortalit\u00e9 dans notre pays \u00bb<\/strong><\/em>, a-t-il soulign\u00e9.\u00a0<\/p>\n<blockquote><p>\n<iframe loading=\"lazy\" width=\"560\" height=\"315\" src=\"https:\/\/www.youtube.com\/embed\/yf6zUUWTsvI?si=oUKjQUTHVoPwfaFj\" title=\"YouTube video player\" frameborder=\"0\" allow=\"accelerometer; autoplay; clipboard-write; encrypted-media; gyroscope; picture-in-picture; web-share\" referrerpolicy=\"strict-origin-when-cross-origin\" allowfullscreen><\/iframe><\/p>\n<p>Lire aussi &gt;&gt; <a href=\"https:\/\/www.latribunedufaso.net\/?p=19068\">FESPACO 2025 : La fen\u00eatre des \u00e9coles officiellement ouverte\u00a0<\/a><\/p>\n<\/blockquote>\n<p>Le Gouvernement s\u2019est donn\u00e9 pour objectif d\u2019\u00e9liminer le paludisme au Burkina Faso, et pour ce faire, il faut accentuer la sensibilisation. <em><strong>\u00ab Comme le FESPACO est une occasion de regroupement, nous sommes l\u00e0 pour sensibiliser la population pour que chacun change de comportement afin qu\u2019ensemble nous puissions \u00e9liminer le paludisme au Burkina Faso \u00bb<\/strong><\/em>, a martel\u00e9 Toussaint Nacoulma.<\/p>\n<h3>La marque eau Id\u00e9ale soutien la culture burkinab\u00e8\u00a0<\/h3>\n<p>La marque d\u2019eau Id\u00e9al quant \u00e0 elle, participe au FESPACO dans le but de soutenir la culture burkinab\u00e8.<\/p>\n<figure id=\"attachment_19082\" aria-describedby=\"caption-attachment-19082\" style=\"width: 2560px\" class=\"wp-caption aligncenter\"><a href=\"https:\/\/www.latribunedufaso.net\/wp-content\/uploads\/2025\/02\/IMG-20250226-WA0006.jpg\"><img loading=\"lazy\" decoding=\"async\" class=\"size-full wp-image-19082\" src=\"https:\/\/www.latribunedufaso.net\/wp-content\/uploads\/2025\/02\/IMG-20250226-WA0006.jpg\" alt=\"Micro trottoir stands d'exposition \u00e0 l'occasion de la 29e \u00e9dition du FESPACO, 25 f\u00e9vrier 2025\" width=\"2560\" height=\"1927\" srcset=\"https:\/\/www.latribunedufaso.net\/wp-content\/uploads\/2025\/02\/IMG-20250226-WA0006.jpg 2560w, https:\/\/www.latribunedufaso.net\/wp-content\/uploads\/2025\/02\/IMG-20250226-WA0006-300x226.jpg 300w, https:\/\/www.latribunedufaso.net\/wp-content\/uploads\/2025\/02\/IMG-20250226-WA0006-1024x771.jpg 1024w, https:\/\/www.latribunedufaso.net\/wp-content\/uploads\/2025\/02\/IMG-20250226-WA0006-768x578.jpg 768w, https:\/\/www.latribunedufaso.net\/wp-content\/uploads\/2025\/02\/IMG-20250226-WA0006-1536x1156.jpg 1536w, https:\/\/www.latribunedufaso.net\/wp-content\/uploads\/2025\/02\/IMG-20250226-WA0006-2048x1542.jpg 2048w\" sizes=\"auto, (max-width: 2560px) 100vw, 2560px\" \/><\/a><figcaption id=\"caption-attachment-19082\" class=\"wp-caption-text\">Saoudatou Oudr\u00e9aogo, de la maison Id\u00e9ale &#8211; Ph. A. Kiendrebeogo<\/figcaption><\/figure>\n<p><em><strong>\u00ab Comme nous avons l\u2019habitude d\u2019accompagner la culture burkinab\u00e8, cette ann\u00e9e encore, eau id\u00e9al est \u00e0 c\u00f4t\u00e9 pour soutenir et accompagner les acteurs internationaux et nationaux \u00bb<\/strong><\/em>, a d\u00e9clar\u00e9 Saoudatou Oudr\u00e9aogo, de la maison Id\u00e9al.<\/p>\n<p>Et en retour, la marque attend pouvoir faire la promotion de ses produits. <em><strong>\u00ab Notre souhait est que toute personne qui entre dans les diff\u00e9rents sites du FESPACO puisse faire la connaissance de nos produits \u00bb,<\/strong><\/em> a fait savoir Saoudatou Ou\u00e9draogo.<\/p>\n<p>En rappel, la 29e \u00e9dition du FESPACO se tient du 22 f\u00e9vrier au 1er mars 2025.<\/p>\n<p><strong>Rosana Astride KIENDREBEOGO\u00a0<\/strong><\/p>\n<p><strong>latribunedufaso.net<\/strong><\/p>\n","protected":false},"excerpt":{"rendered":"<p>La 29e \u00e9dition du Festival panafricain du cin\u00e9ma et de la t\u00e9l\u00e9vision de Ouagadougou (FESPACO) a ouvert ses portes le 22 f\u00e9vrier 2025, sous la Pr\u00e9sidence du Chef de l\u2019Etat, le Capitaine Ibrahim Traor\u00e9 et de son homologue du Tchad, le Mar\u00e9chal Mahamat Idriss D\u00e9by Itno. \u00ab Cin\u00e9mas d\u2019Afrique et identit\u00e9s culturelles \u00bb, tel est le th\u00e8me de l\u2019\u00e9dition. De nombreuses structures venues du Burkina Faso et d\u2019ailleurs sont pr\u00e9sentes \u00e0 l\u2019\u00e9v\u00e9nement \u00e0 travers des stands d\u2019exposition. Une \u00e9quipe de latribunedufaso.net est all\u00e9e \u00e0 leur rencontre, dans la matin\u00e9e de ce 25 f\u00e9vrier 2025. A entendre leurs repr\u00e9sentants, chacune de ces structures participe au FESPACO 2025 avec un objectif pr\u00e9cis. Lisez plut\u00f4t !<\/p>\n","protected":false},"author":5,"featured_media":19087,"comment_status":"open","ping_status":"open","sticky":false,"template":"","format":"standard","meta":{"footnotes":""},"categories":[13,1,30],"tags":[44,39],"class_list":["post-19081","post","type-post","status-publish","format-standard","has-post-thumbnail","hentry","category-une","category-actu","category-art-et-culture","tag-29eme-edition-du-fespaco","tag-latribunedufaso-net"],"yoast_head":"<!-- This site is optimized with the Yoast SEO plugin v27.5 - https:\/\/yoast.com\/product\/yoast-seo-wordpress\/ -->\n<title>FESPACO 2025 : Grande chancellerie des ordres burninab\u00e8, SP\/Palu...zoom sur des stands d&#039;exposition\u00a0 - La Tribune du Faso<\/title>\n<meta name=\"robots\" content=\"index, follow, max-snippet:-1, max-image-preview:large, max-video-preview:-1\" \/>\n<link rel=\"canonical\" href=\"https:\/\/www.latribunedufaso.net\/?p=19081\" \/>\n<meta property=\"og:locale\" content=\"fr_FR\" \/>\n<meta property=\"og:type\" content=\"article\" \/>\n<meta property=\"og:title\" content=\"FESPACO 2025 : Grande chancellerie des ordres burninab\u00e8, SP\/Palu...zoom sur des stands d&#039;exposition\u00a0 - La Tribune du Faso\" \/>\n<meta property=\"og:description\" content=\"La 29e \u00e9dition du Festival panafricain du cin\u00e9ma et de la t\u00e9l\u00e9vision de Ouagadougou (FESPACO) a ouvert ses portes le 22 f\u00e9vrier 2025, sous la Pr\u00e9sidence du Chef de l\u2019Etat, le Capitaine Ibrahim Traor\u00e9 et de son homologue du Tchad, le Mar\u00e9chal Mahamat Idriss D\u00e9by Itno. \u00ab Cin\u00e9mas d\u2019Afrique et identit\u00e9s culturelles \u00bb, tel est le th\u00e8me de l\u2019\u00e9dition. De nombreuses structures venues du Burkina Faso et d\u2019ailleurs sont pr\u00e9sentes \u00e0 l\u2019\u00e9v\u00e9nement \u00e0 travers des stands d\u2019exposition. Une \u00e9quipe de latribunedufaso.net est all\u00e9e \u00e0 leur rencontre, dans la matin\u00e9e de ce 25 f\u00e9vrier 2025. A entendre leurs repr\u00e9sentants, chacune de ces structures participe au FESPACO 2025 avec un objectif pr\u00e9cis. Lisez plut\u00f4t !\" \/>\n<meta property=\"og:url\" content=\"https:\/\/www.latribunedufaso.net\/?p=19081\" \/>\n<meta property=\"og:site_name\" content=\"La Tribune du Faso\" \/>\n<meta property=\"article:publisher\" content=\"https:\/\/www.facebook.com\/LatribuneduFaso\/\" \/>\n<meta property=\"article:published_time\" content=\"2025-02-25T19:04:56+00:00\" \/>\n<meta property=\"article:modified_time\" content=\"2025-03-17T21:30:11+00:00\" \/>\n<meta property=\"og:image\" content=\"https:\/\/www.latribunedufaso.net\/wp-content\/uploads\/2025\/02\/IMG-20250226-WA0008.jpg\" \/>\n\t<meta property=\"og:image:width\" content=\"2560\" \/>\n\t<meta property=\"og:image:height\" content=\"1927\" \/>\n\t<meta property=\"og:image:type\" content=\"image\/jpeg\" \/>\n<meta name=\"author\" content=\"Issouf Tapsoba\" \/>\n<meta name=\"twitter:label1\" content=\"\u00c9crit par\" \/>\n\t<meta name=\"twitter:data1\" content=\"Issouf Tapsoba\" \/>\n\t<meta name=\"twitter:label2\" content=\"Dur\u00e9e de lecture estim\u00e9e\" \/>\n\t<meta name=\"twitter:data2\" content=\"4 minutes\" \/>\n<script type=\"application\/ld+json\" class=\"yoast-schema-graph\">{\"@context\":\"https:\\\/\\\/schema.org\",\"@graph\":[{\"@type\":\"Article\",\"@id\":\"https:\\\/\\\/www.latribunedufaso.net\\\/?p=19081#article\",\"isPartOf\":{\"@id\":\"https:\\\/\\\/www.latribunedufaso.net\\\/?p=19081\"},\"author\":{\"name\":\"Issouf Tapsoba\",\"@id\":\"https:\\\/\\\/www.latribunedufaso.net\\\/#\\\/schema\\\/person\\\/e54e64c5778a7e72cf80a318b7a622b0\"},\"headline\":\"FESPACO 2025 : Grande chancellerie des ordres burninab\u00e8, SP\\\/Palu&#8230;zoom sur des stands d&rsquo;exposition\u00a0\",\"datePublished\":\"2025-02-25T19:04:56+00:00\",\"dateModified\":\"2025-03-17T21:30:11+00:00\",\"mainEntityOfPage\":{\"@id\":\"https:\\\/\\\/www.latribunedufaso.net\\\/?p=19081\"},\"wordCount\":864,\"commentCount\":0,\"publisher\":{\"@id\":\"https:\\\/\\\/www.latribunedufaso.net\\\/#organization\"},\"image\":{\"@id\":\"https:\\\/\\\/www.latribunedufaso.net\\\/?p=19081#primaryimage\"},\"thumbnailUrl\":\"https:\\\/\\\/www.latribunedufaso.net\\\/wp-content\\\/uploads\\\/2025\\\/02\\\/IMG-20250226-WA0008.jpg\",\"keywords\":[\"29\u00e8me \u00e9dition du FESPACO\",\"latribunedufaso.net\"],\"articleSection\":[\"A la une\",\"Actualit\u00e9\",\"Art et Culture\"],\"inLanguage\":\"fr-FR\",\"potentialAction\":[{\"@type\":\"CommentAction\",\"name\":\"Comment\",\"target\":[\"https:\\\/\\\/www.latribunedufaso.net\\\/?p=19081#respond\"]}]},{\"@type\":\"WebPage\",\"@id\":\"https:\\\/\\\/www.latribunedufaso.net\\\/?p=19081\",\"url\":\"https:\\\/\\\/www.latribunedufaso.net\\\/?p=19081\",\"name\":\"FESPACO 2025 : Grande chancellerie des ordres burninab\u00e8, SP\\\/Palu...zoom sur des stands d'exposition\u00a0 - La Tribune du Faso\",\"isPartOf\":{\"@id\":\"https:\\\/\\\/www.latribunedufaso.net\\\/#website\"},\"primaryImageOfPage\":{\"@id\":\"https:\\\/\\\/www.latribunedufaso.net\\\/?p=19081#primaryimage\"},\"image\":{\"@id\":\"https:\\\/\\\/www.latribunedufaso.net\\\/?p=19081#primaryimage\"},\"thumbnailUrl\":\"https:\\\/\\\/www.latribunedufaso.net\\\/wp-content\\\/uploads\\\/2025\\\/02\\\/IMG-20250226-WA0008.jpg\",\"datePublished\":\"2025-02-25T19:04:56+00:00\",\"dateModified\":\"2025-03-17T21:30:11+00:00\",\"breadcrumb\":{\"@id\":\"https:\\\/\\\/www.latribunedufaso.net\\\/?p=19081#breadcrumb\"},\"inLanguage\":\"fr-FR\",\"potentialAction\":[{\"@type\":\"ReadAction\",\"target\":[\"https:\\\/\\\/www.latribunedufaso.net\\\/?p=19081\"]}]},{\"@type\":\"ImageObject\",\"inLanguage\":\"fr-FR\",\"@id\":\"https:\\\/\\\/www.latribunedufaso.net\\\/?p=19081#primaryimage\",\"url\":\"https:\\\/\\\/www.latribunedufaso.net\\\/wp-content\\\/uploads\\\/2025\\\/02\\\/IMG-20250226-WA0008.jpg\",\"contentUrl\":\"https:\\\/\\\/www.latribunedufaso.net\\\/wp-content\\\/uploads\\\/2025\\\/02\\\/IMG-20250226-WA0008.jpg\",\"width\":2560,\"height\":1927,\"caption\":\"Micro trottoir stands d'exposition \u00e0 l'occasion de la 29e \u00e9dition du FESPACO, 25 f\u00e9vrier 2025\"},{\"@type\":\"BreadcrumbList\",\"@id\":\"https:\\\/\\\/www.latribunedufaso.net\\\/?p=19081#breadcrumb\",\"itemListElement\":[{\"@type\":\"ListItem\",\"position\":1,\"name\":\"Accueil\",\"item\":\"https:\\\/\\\/www.latribunedufaso.net\\\/\"},{\"@type\":\"ListItem\",\"position\":2,\"name\":\"FESPACO 2025 : Grande chancellerie des ordres burninab\u00e8, SP\\\/Palu&#8230;zoom sur des stands d&rsquo;exposition\u00a0\"}]},{\"@type\":\"WebSite\",\"@id\":\"https:\\\/\\\/www.latribunedufaso.net\\\/#website\",\"url\":\"https:\\\/\\\/www.latribunedufaso.net\\\/\",\"name\":\"La Tribune du Faso\",\"description\":\"L&#039;information du monde rural en un clic\",\"publisher\":{\"@id\":\"https:\\\/\\\/www.latribunedufaso.net\\\/#organization\"},\"potentialAction\":[{\"@type\":\"SearchAction\",\"target\":{\"@type\":\"EntryPoint\",\"urlTemplate\":\"https:\\\/\\\/www.latribunedufaso.net\\\/?s={search_term_string}\"},\"query-input\":{\"@type\":\"PropertyValueSpecification\",\"valueRequired\":true,\"valueName\":\"search_term_string\"}}],\"inLanguage\":\"fr-FR\"},{\"@type\":\"Organization\",\"@id\":\"https:\\\/\\\/www.latribunedufaso.net\\\/#organization\",\"name\":\"La Tribune du Faso\",\"url\":\"https:\\\/\\\/www.latribunedufaso.net\\\/\",\"logo\":{\"@type\":\"ImageObject\",\"inLanguage\":\"fr-FR\",\"@id\":\"https:\\\/\\\/www.latribunedufaso.net\\\/#\\\/schema\\\/logo\\\/image\\\/\",\"url\":\"https:\\\/\\\/www.latribunedufaso.net\\\/wp-content\\\/uploads\\\/2020\\\/08\\\/Logo-Tribune-du-Faso-final-scaled.jpg\",\"contentUrl\":\"https:\\\/\\\/www.latribunedufaso.net\\\/wp-content\\\/uploads\\\/2020\\\/08\\\/Logo-Tribune-du-Faso-final-scaled.jpg\",\"width\":2560,\"height\":1856,\"caption\":\"La Tribune du Faso\"},\"image\":{\"@id\":\"https:\\\/\\\/www.latribunedufaso.net\\\/#\\\/schema\\\/logo\\\/image\\\/\"},\"sameAs\":[\"https:\\\/\\\/www.facebook.com\\\/LatribuneduFaso\\\/\"]},{\"@type\":\"Person\",\"@id\":\"https:\\\/\\\/www.latribunedufaso.net\\\/#\\\/schema\\\/person\\\/e54e64c5778a7e72cf80a318b7a622b0\",\"name\":\"Issouf Tapsoba\",\"image\":{\"@type\":\"ImageObject\",\"inLanguage\":\"fr-FR\",\"@id\":\"https:\\\/\\\/secure.gravatar.com\\\/avatar\\\/5e6c05150ce3230247d167f5b94d678eb05936197436d69b7921e3a95c9107ac?s=96&d=mm&r=g\",\"url\":\"https:\\\/\\\/secure.gravatar.com\\\/avatar\\\/5e6c05150ce3230247d167f5b94d678eb05936197436d69b7921e3a95c9107ac?s=96&d=mm&r=g\",\"contentUrl\":\"https:\\\/\\\/secure.gravatar.com\\\/avatar\\\/5e6c05150ce3230247d167f5b94d678eb05936197436d69b7921e3a95c9107ac?s=96&d=mm&r=g\",\"caption\":\"Issouf Tapsoba\"},\"url\":\"https:\\\/\\\/www.latribunedufaso.net\\\/?author=5\"}]}<\/script>\n<!-- \/ Yoast SEO plugin. -->","yoast_head_json":{"title":"FESPACO 2025 : Grande chancellerie des ordres burninab\u00e8, SP\/Palu...zoom sur des stands d'exposition\u00a0 - La Tribune du Faso","robots":{"index":"index","follow":"follow","max-snippet":"max-snippet:-1","max-image-preview":"max-image-preview:large","max-video-preview":"max-video-preview:-1"},"canonical":"https:\/\/www.latribunedufaso.net\/?p=19081","og_locale":"fr_FR","og_type":"article","og_title":"FESPACO 2025 : Grande chancellerie des ordres burninab\u00e8, SP\/Palu...zoom sur des stands d'exposition\u00a0 - La Tribune du Faso","og_description":"La 29e \u00e9dition du Festival panafricain du cin\u00e9ma et de la t\u00e9l\u00e9vision de Ouagadougou (FESPACO) a ouvert ses portes le 22 f\u00e9vrier 2025, sous la Pr\u00e9sidence du Chef de l\u2019Etat, le Capitaine Ibrahim Traor\u00e9 et de son homologue du Tchad, le Mar\u00e9chal Mahamat Idriss D\u00e9by Itno. \u00ab Cin\u00e9mas d\u2019Afrique et identit\u00e9s culturelles \u00bb, tel est le th\u00e8me de l\u2019\u00e9dition. De nombreuses structures venues du Burkina Faso et d\u2019ailleurs sont pr\u00e9sentes \u00e0 l\u2019\u00e9v\u00e9nement \u00e0 travers des stands d\u2019exposition. Une \u00e9quipe de latribunedufaso.net est all\u00e9e \u00e0 leur rencontre, dans la matin\u00e9e de ce 25 f\u00e9vrier 2025. A entendre leurs repr\u00e9sentants, chacune de ces structures participe au FESPACO 2025 avec un objectif pr\u00e9cis. Lisez plut\u00f4t !","og_url":"https:\/\/www.latribunedufaso.net\/?p=19081","og_site_name":"La Tribune du Faso","article_publisher":"https:\/\/www.facebook.com\/LatribuneduFaso\/","article_published_time":"2025-02-25T19:04:56+00:00","article_modified_time":"2025-03-17T21:30:11+00:00","og_image":[{"width":2560,"height":1927,"url":"https:\/\/www.latribunedufaso.net\/wp-content\/uploads\/2025\/02\/IMG-20250226-WA0008.jpg","type":"image\/jpeg"}],"author":"Issouf Tapsoba","twitter_misc":{"\u00c9crit par":"Issouf Tapsoba","Dur\u00e9e de lecture estim\u00e9e":"4 minutes"},"schema":{"@context":"https:\/\/schema.org","@graph":[{"@type":"Article","@id":"https:\/\/www.latribunedufaso.net\/?p=19081#article","isPartOf":{"@id":"https:\/\/www.latribunedufaso.net\/?p=19081"},"author":{"name":"Issouf Tapsoba","@id":"https:\/\/www.latribunedufaso.net\/#\/schema\/person\/e54e64c5778a7e72cf80a318b7a622b0"},"headline":"FESPACO 2025 : Grande chancellerie des ordres burninab\u00e8, SP\/Palu&#8230;zoom sur des stands d&rsquo;exposition\u00a0","datePublished":"2025-02-25T19:04:56+00:00","dateModified":"2025-03-17T21:30:11+00:00","mainEntityOfPage":{"@id":"https:\/\/www.latribunedufaso.net\/?p=19081"},"wordCount":864,"commentCount":0,"publisher":{"@id":"https:\/\/www.latribunedufaso.net\/#organization"},"image":{"@id":"https:\/\/www.latribunedufaso.net\/?p=19081#primaryimage"},"thumbnailUrl":"https:\/\/www.latribunedufaso.net\/wp-content\/uploads\/2025\/02\/IMG-20250226-WA0008.jpg","keywords":["29\u00e8me \u00e9dition du FESPACO","latribunedufaso.net"],"articleSection":["A la une","Actualit\u00e9","Art et Culture"],"inLanguage":"fr-FR","potentialAction":[{"@type":"CommentAction","name":"Comment","target":["https:\/\/www.latribunedufaso.net\/?p=19081#respond"]}]},{"@type":"WebPage","@id":"https:\/\/www.latribunedufaso.net\/?p=19081","url":"https:\/\/www.latribunedufaso.net\/?p=19081","name":"FESPACO 2025 : Grande chancellerie des ordres burninab\u00e8, SP\/Palu...zoom sur des stands d'exposition\u00a0 - La Tribune du Faso","isPartOf":{"@id":"https:\/\/www.latribunedufaso.net\/#website"},"primaryImageOfPage":{"@id":"https:\/\/www.latribunedufaso.net\/?p=19081#primaryimage"},"image":{"@id":"https:\/\/www.latribunedufaso.net\/?p=19081#primaryimage"},"thumbnailUrl":"https:\/\/www.latribunedufaso.net\/wp-content\/uploads\/2025\/02\/IMG-20250226-WA0008.jpg","datePublished":"2025-02-25T19:04:56+00:00","dateModified":"2025-03-17T21:30:11+00:00","breadcrumb":{"@id":"https:\/\/www.latribunedufaso.net\/?p=19081#breadcrumb"},"inLanguage":"fr-FR","potentialAction":[{"@type":"ReadAction","target":["https:\/\/www.latribunedufaso.net\/?p=19081"]}]},{"@type":"ImageObject","inLanguage":"fr-FR","@id":"https:\/\/www.latribunedufaso.net\/?p=19081#primaryimage","url":"https:\/\/www.latribunedufaso.net\/wp-content\/uploads\/2025\/02\/IMG-20250226-WA0008.jpg","contentUrl":"https:\/\/www.latribunedufaso.net\/wp-content\/uploads\/2025\/02\/IMG-20250226-WA0008.jpg","width":2560,"height":1927,"caption":"Micro trottoir stands d'exposition \u00e0 l'occasion de la 29e \u00e9dition du FESPACO, 25 f\u00e9vrier 2025"},{"@type":"BreadcrumbList","@id":"https:\/\/www.latribunedufaso.net\/?p=19081#breadcrumb","itemListElement":[{"@type":"ListItem","position":1,"name":"Accueil","item":"https:\/\/www.latribunedufaso.net\/"},{"@type":"ListItem","position":2,"name":"FESPACO 2025 : Grande chancellerie des ordres burninab\u00e8, SP\/Palu&#8230;zoom sur des stands d&rsquo;exposition\u00a0"}]},{"@type":"WebSite","@id":"https:\/\/www.latribunedufaso.net\/#website","url":"https:\/\/www.latribunedufaso.net\/","name":"La Tribune du Faso","description":"L&#039;information du monde rural en un clic","publisher":{"@id":"https:\/\/www.latribunedufaso.net\/#organization"},"potentialAction":[{"@type":"SearchAction","target":{"@type":"EntryPoint","urlTemplate":"https:\/\/www.latribunedufaso.net\/?s={search_term_string}"},"query-input":{"@type":"PropertyValueSpecification","valueRequired":true,"valueName":"search_term_string"}}],"inLanguage":"fr-FR"},{"@type":"Organization","@id":"https:\/\/www.latribunedufaso.net\/#organization","name":"La Tribune du Faso","url":"https:\/\/www.latribunedufaso.net\/","logo":{"@type":"ImageObject","inLanguage":"fr-FR","@id":"https:\/\/www.latribunedufaso.net\/#\/schema\/logo\/image\/","url":"https:\/\/www.latribunedufaso.net\/wp-content\/uploads\/2020\/08\/Logo-Tribune-du-Faso-final-scaled.jpg","contentUrl":"https:\/\/www.latribunedufaso.net\/wp-content\/uploads\/2020\/08\/Logo-Tribune-du-Faso-final-scaled.jpg","width":2560,"height":1856,"caption":"La Tribune du Faso"},"image":{"@id":"https:\/\/www.latribunedufaso.net\/#\/schema\/logo\/image\/"},"sameAs":["https:\/\/www.facebook.com\/LatribuneduFaso\/"]},{"@type":"Person","@id":"https:\/\/www.latribunedufaso.net\/#\/schema\/person\/e54e64c5778a7e72cf80a318b7a622b0","name":"Issouf Tapsoba","image":{"@type":"ImageObject","inLanguage":"fr-FR","@id":"https:\/\/secure.gravatar.com\/avatar\/5e6c05150ce3230247d167f5b94d678eb05936197436d69b7921e3a95c9107ac?s=96&d=mm&r=g","url":"https:\/\/secure.gravatar.com\/avatar\/5e6c05150ce3230247d167f5b94d678eb05936197436d69b7921e3a95c9107ac?s=96&d=mm&r=g","contentUrl":"https:\/\/secure.gravatar.com\/avatar\/5e6c05150ce3230247d167f5b94d678eb05936197436d69b7921e3a95c9107ac?s=96&d=mm&r=g","caption":"Issouf Tapsoba"},"url":"https:\/\/www.latribunedufaso.net\/?author=5"}]}},"_links":{"self":[{"href":"https:\/\/www.latribunedufaso.net\/index.php?rest_route=\/wp\/v2\/posts\/19081","targetHints":{"allow":["GET"]}}],"collection":[{"href":"https:\/\/www.latribunedufaso.net\/index.php?rest_route=\/wp\/v2\/posts"}],"about":[{"href":"https:\/\/www.latribunedufaso.net\/index.php?rest_route=\/wp\/v2\/types\/post"}],"author":[{"embeddable":true,"href":"https:\/\/www.latribunedufaso.net\/index.php?rest_route=\/wp\/v2\/users\/5"}],"replies":[{"embeddable":true,"href":"https:\/\/www.latribunedufaso.net\/index.php?rest_route=%2Fwp%2Fv2%2Fcomments&post=19081"}],"version-history":[{"count":4,"href":"https:\/\/www.latribunedufaso.net\/index.php?rest_route=\/wp\/v2\/posts\/19081\/revisions"}],"predecessor-version":[{"id":19492,"href":"https:\/\/www.latribunedufaso.net\/index.php?rest_route=\/wp\/v2\/posts\/19081\/revisions\/19492"}],"wp:featuredmedia":[{"embeddable":true,"href":"https:\/\/www.latribunedufaso.net\/index.php?rest_route=\/wp\/v2\/media\/19087"}],"wp:attachment":[{"href":"https:\/\/www.latribunedufaso.net\/index.php?rest_route=%2Fwp%2Fv2%2Fmedia&parent=19081"}],"wp:term":[{"taxonomy":"category","embeddable":true,"href":"https:\/\/www.latribunedufaso.net\/index.php?rest_route=%2Fwp%2Fv2%2Fcategories&post=19081"},{"taxonomy":"post_tag","embeddable":true,"href":"https:\/\/www.latribunedufaso.net\/index.php?rest_route=%2Fwp%2Fv2%2Ftags&post=19081"}],"curies":[{"name":"wp","href":"https:\/\/api.w.org\/{rel}","templated":true}]}}