{"id":19017,"date":"2025-02-23T16:31:51","date_gmt":"2025-02-23T16:31:51","guid":{"rendered":"https:\/\/www.latribunedufaso.net\/?p=19017"},"modified":"2025-02-23T16:31:51","modified_gmt":"2025-02-23T16:31:51","slug":"fespaco-2025-un-hommage-rendu-aux-pionniers-du-cinema-africain","status":"publish","type":"post","link":"https:\/\/www.latribunedufaso.net\/?p=19017","title":{"rendered":"FESPACO 2025 : Un hommage rendu aux pionniers du cin\u00e9ma africain"},"content":{"rendered":"<p><strong style=\"font-size: 1.0625rem;\">Le 23 f\u00e9vrier 2025, \u00e0 la Place des Cin\u00e9astes de Ouagadougou, le ministre de la Communication, de la Culture, des Arts et du Tourisme a honor\u00e9 la m\u00e9moire des cin\u00e9astes disparus lors de la traditionnelle c\u00e9r\u00e9monie de libation, en pr\u00e9sence des professionnels du cin\u00e9ma.\u00a0<\/strong><\/p>\n<p><!--more--><\/p>\n<p>Ce moment de recueillement a \u00e9t\u00e9 suivi du d\u00e9voilement de la statue de Roger Gnoan Mbala, r\u00e9alisateur \u00e9m\u00e9rite, avant une marche de la paix qui a conduit les participants au si\u00e8ge du FESPACO. La c\u00e9r\u00e9monie a pris fin avec la r\u00e9v\u00e9lation du buste de Paulin Soumanou Vieyra, pionnier du cin\u00e9ma africain.\u00a0<\/p>\n<p>Cet hommage solennel, ancr\u00e9 dans les traditions africaines, a rassembl\u00e9 de nombreuses figures du cin\u00e9ma burkinab\u00e8, africain et d\u2019autres continents. Depuis 1987, la c\u00e9r\u00e9monie de libation constitue un rituel incontournable du FESPACO, rendant hommage aux pionniers du cin\u00e9ma africain qui nous ont quitt\u00e9s.<\/p>\n<figure id=\"attachment_19018\" aria-describedby=\"caption-attachment-19018\" style=\"width: 720px\" class=\"wp-caption aligncenter\"><a href=\"https:\/\/www.latribunedufaso.net\/wp-content\/uploads\/2025\/02\/FB_IMG_1740326890512.jpg\"><img loading=\"lazy\" decoding=\"async\" class=\"size-full wp-image-19018\" src=\"https:\/\/www.latribunedufaso.net\/wp-content\/uploads\/2025\/02\/FB_IMG_1740326890512.jpg\" alt=\"La traditionnelle c\u00e9r\u00e9monie de libation pour honorer la m\u00e9moire des cin\u00e9astes disparu, 23 f\u00e9vrier 2025 \" width=\"720\" height=\"480\" srcset=\"https:\/\/www.latribunedufaso.net\/wp-content\/uploads\/2025\/02\/FB_IMG_1740326890512.jpg 720w, https:\/\/www.latribunedufaso.net\/wp-content\/uploads\/2025\/02\/FB_IMG_1740326890512-300x200.jpg 300w, https:\/\/www.latribunedufaso.net\/wp-content\/uploads\/2025\/02\/FB_IMG_1740326890512-120x80.jpg 120w, https:\/\/www.latribunedufaso.net\/wp-content\/uploads\/2025\/02\/FB_IMG_1740326890512-360x240.jpg 360w, https:\/\/www.latribunedufaso.net\/wp-content\/uploads\/2025\/02\/FB_IMG_1740326890512-600x400.jpg 600w\" sizes=\"auto, (max-width: 720px) 100vw, 720px\" \/><\/a><figcaption id=\"caption-attachment-19018\" class=\"wp-caption-text\">Une vue de la marche fraternelle autour du monument des cin\u00e9astes en m\u00e9moire des d\u00e9funts &#8211; Ph. DR<\/figcaption><\/figure>\n<p>Pr\u00e9sent \u00e0 cette occasion, Aboubacar Sanogo, repr\u00e9sentant le Secr\u00e9taire g\u00e9n\u00e9ral de la F\u00e9d\u00e9ration africaine des cin\u00e9astes, Cheikh Oumar Cissoko, a rappel\u00e9 l\u2019importance de cet hommage : <em><strong>\u00ab C\u2019est un honneur pour nous de comm\u00e9morer la m\u00e9moire de nos disparus, ces visionnaires qui ont r\u00eav\u00e9 d\u2019une Afrique meilleure.\u00bb<\/strong><\/em><\/p>\n<p>Le ministre Gilbert Ou\u00e9draogo a, quant \u00e0 lui, soulign\u00e9 la n\u00e9cessit\u00e9 pour l\u2019Afrique de renouer avec ses racines culturelles : <em><strong>\u00ab Le th\u00e8me de cette 29\u1d49 \u00e9dition nous invite \u00e0 red\u00e9couvrir la richesse de notre patrimoine. Il est essentiel que chacun se r\u00e9approprie ses traditions et sa culture. \u00bb<\/strong><\/em><\/p>\n<figure id=\"attachment_19019\" aria-describedby=\"caption-attachment-19019\" style=\"width: 720px\" class=\"wp-caption aligncenter\"><a href=\"https:\/\/www.latribunedufaso.net\/wp-content\/uploads\/2025\/02\/FB_IMG_1740326811531.jpg\"><img loading=\"lazy\" decoding=\"async\" class=\"size-full wp-image-19019\" src=\"https:\/\/www.latribunedufaso.net\/wp-content\/uploads\/2025\/02\/FB_IMG_1740326811531.jpg\" alt=\"La traditionnelle c\u00e9r\u00e9monie de libation pour honorer la m\u00e9moire des cin\u00e9astes disparu, 23 f\u00e9vrier 2025 \" width=\"720\" height=\"480\" srcset=\"https:\/\/www.latribunedufaso.net\/wp-content\/uploads\/2025\/02\/FB_IMG_1740326811531.jpg 720w, https:\/\/www.latribunedufaso.net\/wp-content\/uploads\/2025\/02\/FB_IMG_1740326811531-300x200.jpg 300w, https:\/\/www.latribunedufaso.net\/wp-content\/uploads\/2025\/02\/FB_IMG_1740326811531-120x80.jpg 120w, https:\/\/www.latribunedufaso.net\/wp-content\/uploads\/2025\/02\/FB_IMG_1740326811531-360x240.jpg 360w, https:\/\/www.latribunedufaso.net\/wp-content\/uploads\/2025\/02\/FB_IMG_1740326811531-600x400.jpg 600w\" sizes=\"auto, (max-width: 720px) 100vw, 720px\" \/><\/a><figcaption id=\"caption-attachment-19019\" class=\"wp-caption-text\">Une vue de la statuette de Roger Gnoan M\u2019bala, \u00c9talon d&rsquo;or 1993, d\u00e9voil\u00e9e &#8211; Ph. DR<\/figcaption><\/figure>\n<p>La c\u00e9r\u00e9monie s\u2019est poursuivie par une marche fraternelle autour du monument des cin\u00e9astes en m\u00e9moire des d\u00e9funts, suivie d\u2019une visite de la Colonne des \u00c9toiles et du d\u00e9voilement de la statuette d\u2019un grand cin\u00e9aste africain, Etalon d\u2019or 1993, Roger Gnoan M\u2019bala.<\/p>\n<p><strong>latribuned<span style=\"font-size: 1.0625rem;\">ufaso.net\u00a0<\/span><\/strong><\/p>\n<p><strong>Source : DCRP\/ MCCAT<\/strong><\/p>\n","protected":false},"excerpt":{"rendered":"<p>Le 23 f\u00e9vrier 2025, \u00e0 la Place des Cin\u00e9astes de Ouagadougou, le ministre de la Communication, de la Culture, des Arts et du Tourisme a honor\u00e9 la m\u00e9moire des cin\u00e9astes disparus lors de la traditionnelle c\u00e9r\u00e9monie de libation, en pr\u00e9sence des professionnels du cin\u00e9ma.\u00a0<\/p>\n","protected":false},"author":5,"featured_media":19021,"comment_status":"open","ping_status":"open","sticky":false,"template":"","format":"standard","meta":{"footnotes":""},"categories":[13,1,30],"tags":[44,726,39],"class_list":["post-19017","post","type-post","status-publish","format-standard","has-post-thumbnail","hentry","category-une","category-actu","category-art-et-culture","tag-29eme-edition-du-fespaco","tag-ceremonie-de-libation-fespaco","tag-latribunedufaso-net"],"yoast_head":"<!-- This site is optimized with the Yoast SEO plugin v27.4 - https:\/\/yoast.com\/product\/yoast-seo-wordpress\/ -->\n<title>FESPACO 2025 : Un hommage rendu aux pionniers du cin\u00e9ma africain - La Tribune du Faso<\/title>\n<meta name=\"robots\" content=\"index, follow, max-snippet:-1, max-image-preview:large, max-video-preview:-1\" \/>\n<link rel=\"canonical\" href=\"https:\/\/www.latribunedufaso.net\/?p=19017\" \/>\n<meta property=\"og:locale\" content=\"fr_FR\" \/>\n<meta property=\"og:type\" content=\"article\" \/>\n<meta property=\"og:title\" content=\"FESPACO 2025 : Un hommage rendu aux pionniers du cin\u00e9ma africain - La Tribune du Faso\" \/>\n<meta property=\"og:description\" content=\"Le 23 f\u00e9vrier 2025, \u00e0 la Place des Cin\u00e9astes de Ouagadougou, le ministre de la Communication, de la Culture, des Arts et du Tourisme a honor\u00e9 la m\u00e9moire des cin\u00e9astes disparus lors de la traditionnelle c\u00e9r\u00e9monie de libation, en pr\u00e9sence des professionnels du cin\u00e9ma.\u00a0\" \/>\n<meta property=\"og:url\" content=\"https:\/\/www.latribunedufaso.net\/?p=19017\" \/>\n<meta property=\"og:site_name\" content=\"La Tribune du Faso\" \/>\n<meta property=\"article:publisher\" content=\"https:\/\/www.facebook.com\/LatribuneduFaso\/\" \/>\n<meta property=\"article:published_time\" content=\"2025-02-23T16:31:51+00:00\" \/>\n<meta property=\"og:image\" content=\"https:\/\/www.latribunedufaso.net\/wp-content\/uploads\/2025\/02\/FB_IMG_1740327198365.jpg\" \/>\n\t<meta property=\"og:image:width\" content=\"720\" \/>\n\t<meta property=\"og:image:height\" content=\"480\" \/>\n\t<meta property=\"og:image:type\" content=\"image\/jpeg\" \/>\n<meta name=\"author\" content=\"Issouf Tapsoba\" \/>\n<meta name=\"twitter:label1\" content=\"\u00c9crit par\" \/>\n\t<meta name=\"twitter:data1\" content=\"Issouf Tapsoba\" \/>\n\t<meta name=\"twitter:label2\" content=\"Dur\u00e9e de lecture estim\u00e9e\" \/>\n\t<meta name=\"twitter:data2\" content=\"2 minutes\" \/>\n<script type=\"application\/ld+json\" class=\"yoast-schema-graph\">{\"@context\":\"https:\\\/\\\/schema.org\",\"@graph\":[{\"@type\":\"Article\",\"@id\":\"https:\\\/\\\/www.latribunedufaso.net\\\/?p=19017#article\",\"isPartOf\":{\"@id\":\"https:\\\/\\\/www.latribunedufaso.net\\\/?p=19017\"},\"author\":{\"name\":\"Issouf Tapsoba\",\"@id\":\"https:\\\/\\\/www.latribunedufaso.net\\\/#\\\/schema\\\/person\\\/e54e64c5778a7e72cf80a318b7a622b0\"},\"headline\":\"FESPACO 2025 : Un hommage rendu aux pionniers du cin\u00e9ma africain\",\"datePublished\":\"2025-02-23T16:31:51+00:00\",\"mainEntityOfPage\":{\"@id\":\"https:\\\/\\\/www.latribunedufaso.net\\\/?p=19017\"},\"wordCount\":385,\"commentCount\":0,\"publisher\":{\"@id\":\"https:\\\/\\\/www.latribunedufaso.net\\\/#organization\"},\"image\":{\"@id\":\"https:\\\/\\\/www.latribunedufaso.net\\\/?p=19017#primaryimage\"},\"thumbnailUrl\":\"https:\\\/\\\/www.latribunedufaso.net\\\/wp-content\\\/uploads\\\/2025\\\/02\\\/FB_IMG_1740327198365.jpg\",\"keywords\":[\"29\u00e8me \u00e9dition du FESPACO\",\"c\u00e9r\u00e9monie de libation FESPACO\",\"latribunedufaso.net\"],\"articleSection\":[\"A la une\",\"Actualit\u00e9\",\"Art et Culture\"],\"inLanguage\":\"fr-FR\",\"potentialAction\":[{\"@type\":\"CommentAction\",\"name\":\"Comment\",\"target\":[\"https:\\\/\\\/www.latribunedufaso.net\\\/?p=19017#respond\"]}]},{\"@type\":\"WebPage\",\"@id\":\"https:\\\/\\\/www.latribunedufaso.net\\\/?p=19017\",\"url\":\"https:\\\/\\\/www.latribunedufaso.net\\\/?p=19017\",\"name\":\"FESPACO 2025 : Un hommage rendu aux pionniers du cin\u00e9ma africain - La Tribune du Faso\",\"isPartOf\":{\"@id\":\"https:\\\/\\\/www.latribunedufaso.net\\\/#website\"},\"primaryImageOfPage\":{\"@id\":\"https:\\\/\\\/www.latribunedufaso.net\\\/?p=19017#primaryimage\"},\"image\":{\"@id\":\"https:\\\/\\\/www.latribunedufaso.net\\\/?p=19017#primaryimage\"},\"thumbnailUrl\":\"https:\\\/\\\/www.latribunedufaso.net\\\/wp-content\\\/uploads\\\/2025\\\/02\\\/FB_IMG_1740327198365.jpg\",\"datePublished\":\"2025-02-23T16:31:51+00:00\",\"breadcrumb\":{\"@id\":\"https:\\\/\\\/www.latribunedufaso.net\\\/?p=19017#breadcrumb\"},\"inLanguage\":\"fr-FR\",\"potentialAction\":[{\"@type\":\"ReadAction\",\"target\":[\"https:\\\/\\\/www.latribunedufaso.net\\\/?p=19017\"]}]},{\"@type\":\"ImageObject\",\"inLanguage\":\"fr-FR\",\"@id\":\"https:\\\/\\\/www.latribunedufaso.net\\\/?p=19017#primaryimage\",\"url\":\"https:\\\/\\\/www.latribunedufaso.net\\\/wp-content\\\/uploads\\\/2025\\\/02\\\/FB_IMG_1740327198365.jpg\",\"contentUrl\":\"https:\\\/\\\/www.latribunedufaso.net\\\/wp-content\\\/uploads\\\/2025\\\/02\\\/FB_IMG_1740327198365.jpg\",\"width\":720,\"height\":480,\"caption\":\"La traditionnelle c\u00e9r\u00e9monie de libation pour honorer la m\u00e9moire des cin\u00e9astes disparu, 23 f\u00e9vrier 2025\"},{\"@type\":\"BreadcrumbList\",\"@id\":\"https:\\\/\\\/www.latribunedufaso.net\\\/?p=19017#breadcrumb\",\"itemListElement\":[{\"@type\":\"ListItem\",\"position\":1,\"name\":\"Accueil\",\"item\":\"https:\\\/\\\/www.latribunedufaso.net\\\/\"},{\"@type\":\"ListItem\",\"position\":2,\"name\":\"FESPACO 2025 : Un hommage rendu aux pionniers du cin\u00e9ma africain\"}]},{\"@type\":\"WebSite\",\"@id\":\"https:\\\/\\\/www.latribunedufaso.net\\\/#website\",\"url\":\"https:\\\/\\\/www.latribunedufaso.net\\\/\",\"name\":\"La Tribune du Faso\",\"description\":\"L&#039;information du monde rural en un clic\",\"publisher\":{\"@id\":\"https:\\\/\\\/www.latribunedufaso.net\\\/#organization\"},\"potentialAction\":[{\"@type\":\"SearchAction\",\"target\":{\"@type\":\"EntryPoint\",\"urlTemplate\":\"https:\\\/\\\/www.latribunedufaso.net\\\/?s={search_term_string}\"},\"query-input\":{\"@type\":\"PropertyValueSpecification\",\"valueRequired\":true,\"valueName\":\"search_term_string\"}}],\"inLanguage\":\"fr-FR\"},{\"@type\":\"Organization\",\"@id\":\"https:\\\/\\\/www.latribunedufaso.net\\\/#organization\",\"name\":\"La Tribune du Faso\",\"url\":\"https:\\\/\\\/www.latribunedufaso.net\\\/\",\"logo\":{\"@type\":\"ImageObject\",\"inLanguage\":\"fr-FR\",\"@id\":\"https:\\\/\\\/www.latribunedufaso.net\\\/#\\\/schema\\\/logo\\\/image\\\/\",\"url\":\"https:\\\/\\\/www.latribunedufaso.net\\\/wp-content\\\/uploads\\\/2020\\\/08\\\/Logo-Tribune-du-Faso-final-scaled.jpg\",\"contentUrl\":\"https:\\\/\\\/www.latribunedufaso.net\\\/wp-content\\\/uploads\\\/2020\\\/08\\\/Logo-Tribune-du-Faso-final-scaled.jpg\",\"width\":2560,\"height\":1856,\"caption\":\"La Tribune du Faso\"},\"image\":{\"@id\":\"https:\\\/\\\/www.latribunedufaso.net\\\/#\\\/schema\\\/logo\\\/image\\\/\"},\"sameAs\":[\"https:\\\/\\\/www.facebook.com\\\/LatribuneduFaso\\\/\"]},{\"@type\":\"Person\",\"@id\":\"https:\\\/\\\/www.latribunedufaso.net\\\/#\\\/schema\\\/person\\\/e54e64c5778a7e72cf80a318b7a622b0\",\"name\":\"Issouf Tapsoba\",\"image\":{\"@type\":\"ImageObject\",\"inLanguage\":\"fr-FR\",\"@id\":\"https:\\\/\\\/secure.gravatar.com\\\/avatar\\\/5e6c05150ce3230247d167f5b94d678eb05936197436d69b7921e3a95c9107ac?s=96&d=mm&r=g\",\"url\":\"https:\\\/\\\/secure.gravatar.com\\\/avatar\\\/5e6c05150ce3230247d167f5b94d678eb05936197436d69b7921e3a95c9107ac?s=96&d=mm&r=g\",\"contentUrl\":\"https:\\\/\\\/secure.gravatar.com\\\/avatar\\\/5e6c05150ce3230247d167f5b94d678eb05936197436d69b7921e3a95c9107ac?s=96&d=mm&r=g\",\"caption\":\"Issouf Tapsoba\"},\"url\":\"https:\\\/\\\/www.latribunedufaso.net\\\/?author=5\"}]}<\/script>\n<!-- \/ Yoast SEO plugin. -->","yoast_head_json":{"title":"FESPACO 2025 : Un hommage rendu aux pionniers du cin\u00e9ma africain - La Tribune du Faso","robots":{"index":"index","follow":"follow","max-snippet":"max-snippet:-1","max-image-preview":"max-image-preview:large","max-video-preview":"max-video-preview:-1"},"canonical":"https:\/\/www.latribunedufaso.net\/?p=19017","og_locale":"fr_FR","og_type":"article","og_title":"FESPACO 2025 : Un hommage rendu aux pionniers du cin\u00e9ma africain - La Tribune du Faso","og_description":"Le 23 f\u00e9vrier 2025, \u00e0 la Place des Cin\u00e9astes de Ouagadougou, le ministre de la Communication, de la Culture, des Arts et du Tourisme a honor\u00e9 la m\u00e9moire des cin\u00e9astes disparus lors de la traditionnelle c\u00e9r\u00e9monie de libation, en pr\u00e9sence des professionnels du cin\u00e9ma.\u00a0","og_url":"https:\/\/www.latribunedufaso.net\/?p=19017","og_site_name":"La Tribune du Faso","article_publisher":"https:\/\/www.facebook.com\/LatribuneduFaso\/","article_published_time":"2025-02-23T16:31:51+00:00","og_image":[{"width":720,"height":480,"url":"https:\/\/www.latribunedufaso.net\/wp-content\/uploads\/2025\/02\/FB_IMG_1740327198365.jpg","type":"image\/jpeg"}],"author":"Issouf Tapsoba","twitter_misc":{"\u00c9crit par":"Issouf Tapsoba","Dur\u00e9e de lecture estim\u00e9e":"2 minutes"},"schema":{"@context":"https:\/\/schema.org","@graph":[{"@type":"Article","@id":"https:\/\/www.latribunedufaso.net\/?p=19017#article","isPartOf":{"@id":"https:\/\/www.latribunedufaso.net\/?p=19017"},"author":{"name":"Issouf Tapsoba","@id":"https:\/\/www.latribunedufaso.net\/#\/schema\/person\/e54e64c5778a7e72cf80a318b7a622b0"},"headline":"FESPACO 2025 : Un hommage rendu aux pionniers du cin\u00e9ma africain","datePublished":"2025-02-23T16:31:51+00:00","mainEntityOfPage":{"@id":"https:\/\/www.latribunedufaso.net\/?p=19017"},"wordCount":385,"commentCount":0,"publisher":{"@id":"https:\/\/www.latribunedufaso.net\/#organization"},"image":{"@id":"https:\/\/www.latribunedufaso.net\/?p=19017#primaryimage"},"thumbnailUrl":"https:\/\/www.latribunedufaso.net\/wp-content\/uploads\/2025\/02\/FB_IMG_1740327198365.jpg","keywords":["29\u00e8me \u00e9dition du FESPACO","c\u00e9r\u00e9monie de libation FESPACO","latribunedufaso.net"],"articleSection":["A la une","Actualit\u00e9","Art et Culture"],"inLanguage":"fr-FR","potentialAction":[{"@type":"CommentAction","name":"Comment","target":["https:\/\/www.latribunedufaso.net\/?p=19017#respond"]}]},{"@type":"WebPage","@id":"https:\/\/www.latribunedufaso.net\/?p=19017","url":"https:\/\/www.latribunedufaso.net\/?p=19017","name":"FESPACO 2025 : Un hommage rendu aux pionniers du cin\u00e9ma africain - La Tribune du Faso","isPartOf":{"@id":"https:\/\/www.latribunedufaso.net\/#website"},"primaryImageOfPage":{"@id":"https:\/\/www.latribunedufaso.net\/?p=19017#primaryimage"},"image":{"@id":"https:\/\/www.latribunedufaso.net\/?p=19017#primaryimage"},"thumbnailUrl":"https:\/\/www.latribunedufaso.net\/wp-content\/uploads\/2025\/02\/FB_IMG_1740327198365.jpg","datePublished":"2025-02-23T16:31:51+00:00","breadcrumb":{"@id":"https:\/\/www.latribunedufaso.net\/?p=19017#breadcrumb"},"inLanguage":"fr-FR","potentialAction":[{"@type":"ReadAction","target":["https:\/\/www.latribunedufaso.net\/?p=19017"]}]},{"@type":"ImageObject","inLanguage":"fr-FR","@id":"https:\/\/www.latribunedufaso.net\/?p=19017#primaryimage","url":"https:\/\/www.latribunedufaso.net\/wp-content\/uploads\/2025\/02\/FB_IMG_1740327198365.jpg","contentUrl":"https:\/\/www.latribunedufaso.net\/wp-content\/uploads\/2025\/02\/FB_IMG_1740327198365.jpg","width":720,"height":480,"caption":"La traditionnelle c\u00e9r\u00e9monie de libation pour honorer la m\u00e9moire des cin\u00e9astes disparu, 23 f\u00e9vrier 2025"},{"@type":"BreadcrumbList","@id":"https:\/\/www.latribunedufaso.net\/?p=19017#breadcrumb","itemListElement":[{"@type":"ListItem","position":1,"name":"Accueil","item":"https:\/\/www.latribunedufaso.net\/"},{"@type":"ListItem","position":2,"name":"FESPACO 2025 : Un hommage rendu aux pionniers du cin\u00e9ma africain"}]},{"@type":"WebSite","@id":"https:\/\/www.latribunedufaso.net\/#website","url":"https:\/\/www.latribunedufaso.net\/","name":"La Tribune du Faso","description":"L&#039;information du monde rural en un clic","publisher":{"@id":"https:\/\/www.latribunedufaso.net\/#organization"},"potentialAction":[{"@type":"SearchAction","target":{"@type":"EntryPoint","urlTemplate":"https:\/\/www.latribunedufaso.net\/?s={search_term_string}"},"query-input":{"@type":"PropertyValueSpecification","valueRequired":true,"valueName":"search_term_string"}}],"inLanguage":"fr-FR"},{"@type":"Organization","@id":"https:\/\/www.latribunedufaso.net\/#organization","name":"La Tribune du Faso","url":"https:\/\/www.latribunedufaso.net\/","logo":{"@type":"ImageObject","inLanguage":"fr-FR","@id":"https:\/\/www.latribunedufaso.net\/#\/schema\/logo\/image\/","url":"https:\/\/www.latribunedufaso.net\/wp-content\/uploads\/2020\/08\/Logo-Tribune-du-Faso-final-scaled.jpg","contentUrl":"https:\/\/www.latribunedufaso.net\/wp-content\/uploads\/2020\/08\/Logo-Tribune-du-Faso-final-scaled.jpg","width":2560,"height":1856,"caption":"La Tribune du Faso"},"image":{"@id":"https:\/\/www.latribunedufaso.net\/#\/schema\/logo\/image\/"},"sameAs":["https:\/\/www.facebook.com\/LatribuneduFaso\/"]},{"@type":"Person","@id":"https:\/\/www.latribunedufaso.net\/#\/schema\/person\/e54e64c5778a7e72cf80a318b7a622b0","name":"Issouf Tapsoba","image":{"@type":"ImageObject","inLanguage":"fr-FR","@id":"https:\/\/secure.gravatar.com\/avatar\/5e6c05150ce3230247d167f5b94d678eb05936197436d69b7921e3a95c9107ac?s=96&d=mm&r=g","url":"https:\/\/secure.gravatar.com\/avatar\/5e6c05150ce3230247d167f5b94d678eb05936197436d69b7921e3a95c9107ac?s=96&d=mm&r=g","contentUrl":"https:\/\/secure.gravatar.com\/avatar\/5e6c05150ce3230247d167f5b94d678eb05936197436d69b7921e3a95c9107ac?s=96&d=mm&r=g","caption":"Issouf Tapsoba"},"url":"https:\/\/www.latribunedufaso.net\/?author=5"}]}},"_links":{"self":[{"href":"https:\/\/www.latribunedufaso.net\/index.php?rest_route=\/wp\/v2\/posts\/19017","targetHints":{"allow":["GET"]}}],"collection":[{"href":"https:\/\/www.latribunedufaso.net\/index.php?rest_route=\/wp\/v2\/posts"}],"about":[{"href":"https:\/\/www.latribunedufaso.net\/index.php?rest_route=\/wp\/v2\/types\/post"}],"author":[{"embeddable":true,"href":"https:\/\/www.latribunedufaso.net\/index.php?rest_route=\/wp\/v2\/users\/5"}],"replies":[{"embeddable":true,"href":"https:\/\/www.latribunedufaso.net\/index.php?rest_route=%2Fwp%2Fv2%2Fcomments&post=19017"}],"version-history":[{"count":1,"href":"https:\/\/www.latribunedufaso.net\/index.php?rest_route=\/wp\/v2\/posts\/19017\/revisions"}],"predecessor-version":[{"id":19022,"href":"https:\/\/www.latribunedufaso.net\/index.php?rest_route=\/wp\/v2\/posts\/19017\/revisions\/19022"}],"wp:featuredmedia":[{"embeddable":true,"href":"https:\/\/www.latribunedufaso.net\/index.php?rest_route=\/wp\/v2\/media\/19021"}],"wp:attachment":[{"href":"https:\/\/www.latribunedufaso.net\/index.php?rest_route=%2Fwp%2Fv2%2Fmedia&parent=19017"}],"wp:term":[{"taxonomy":"category","embeddable":true,"href":"https:\/\/www.latribunedufaso.net\/index.php?rest_route=%2Fwp%2Fv2%2Fcategories&post=19017"},{"taxonomy":"post_tag","embeddable":true,"href":"https:\/\/www.latribunedufaso.net\/index.php?rest_route=%2Fwp%2Fv2%2Ftags&post=19017"}],"curies":[{"name":"wp","href":"https:\/\/api.w.org\/{rel}","templated":true}]}}